{"id":5260,"date":"2020-03-02T12:16:52","date_gmt":"2020-03-02T11:16:52","guid":{"rendered":"https:\/\/news.save.ch\/?p=5260"},"modified":"2023-03-14T09:03:51","modified_gmt":"2023-03-14T08:03:51","slug":"neue-hygiene-und-verhaltensregeln-zum-schutz-gegen-das-neue-coronavirus","status":null,"type":"post","link":"https:\/\/news.save.ch\/de\/neue-hygiene-und-verhaltensregeln-zum-schutz-gegen-das-neue-coronavirus\/","title":{"rendered":"Hygiene- und Verhaltensregeln BAG &#038; RKI zum Schutz gegen das neue Coronavirus"},"content":{"rendered":"<figure id=\"attachment_5262\" aria-describedby=\"caption-attachment-5262\" style=\"width: 680px\" class=\"wp-caption alignleft\"><img loading=\"lazy\" decoding=\"async\" class=\"size-medium wp-image-5262\" src=\"http:\/\/develop.safety-plus.ch\/wp-content\/uploads\/2020\/03\/02-Corona-Titel.jpg\" alt=\"\" width=\"680\" height=\"540\" \/><figcaption id=\"caption-attachment-5262\" class=\"wp-caption-text\">Achten Sie in erster Linie auf die neuen Hygieneregeln und das richtige Verhalten bei Symptomen wie Atembeschwerden, Husten oder Fieber. \u00a9 BAG<\/figcaption><\/figure>\n<p>Mittlerweile ist es auch innerhalb der Schweiz zu \u00dcbertragungen des neuen <a href=\"https:\/\/news.save.ch\/aktuelle-infos-zur-coronavirus-notlage\/\" target=\"_blank\" rel=\"noopener\">Coronavirus<\/a> gekommen, etwa im Wallis und in Graub\u00fcnden. Die \u00dcbertragungskette kann in diesen F\u00e4llen noch nachverfolgt werden; die Kontaktpersonen werden informiert. Weitere \u00dcbertragungen innerhalb der Schweiz sind wahrscheinlich. Dies macht einen h\u00f6heren Schutz insbesondere vulnerabler Bev\u00f6lkerungsgruppen notwendig. Dazu geh\u00f6ren \u00e4ltere Menschen oder Menschen mit Vorerkrankungen. Das BAG empfiehlt der Bev\u00f6lkerung deshalb in seiner Kampagne \u201eSo sch\u00fctzen wir uns\u201c zus\u00e4tzliche Verhaltens- und Hygieneregeln.<\/p>\n<p><strong>Von Gelb auf Rot<\/strong><\/p>\n<p>Die Kampagne wechselt ab sofort von der bisherigen Farbe Gelb auf Rot. Dies bedeutet, dass die bisherigen drei Hygieneregeln \u201eGr\u00fcndlich H\u00e4ndewaschen\u201c, \u201eIn Taschentuch oder Armbeuge husten und niesen\u201c und \u201ebei Fieber und Husten zu Hause bleiben\u201c jetzt um drei weitere Regeln und seit <a href=\"https:\/\/www.bag.admin.ch\/dam\/bag\/de\/dokumente\/cc\/Kampagnen\/covid-19\/covid-19-plakat-rot.pdf.download.pdf\/plakat_neues_coronavirus_so_schuetzen_wir_uns.pdf\" target=\"_blank\" rel=\"noopener\">5.3.2020 mit einer weiteren Regel erweitert wurden<\/a>:<\/p>\n<ul>\n<li><b>Abstand halten<\/b> \u2013 zum Beispiel \u00e4tere Menschen durch gen\u00fcgend Abstand sch\u00fctzen, beim Anstehen Abstand halten, bei Sitzungen Abstand halten.<\/li>\n<li><b>Gr\u00fcndlich H\u00e4nde waschen<\/b><\/li>\n<li><b>H\u00e4nde sch\u00fctteln vermeiden<\/b><\/li>\n<li><b>In Papiertaschentuch oder Armbeuge husten und niesen<\/b><\/li>\n<li><b>Bei Fieber und Husten zu Hause bleiben<\/b><\/li>\n<li><b>Nur nach telefonischer Anmeldung in Arztpraxis oder Notfallstation<\/b><\/li>\n<\/ul>\n<p>Mit dem Wechsel zu Rot wird f\u00fcr die Bev\u00f6lkerung sichtbar, dass ab jetzt diese zus\u00e4tzlichen Hygiene- und Verhaltensregeln gelten, um sich selbst und andere m\u00f6glichst vor einer Ansteckung mit dem neuen Coronavirus zu sch\u00fctzen.<\/p>\n<p>Das Kampagnematerial wurde in den letzten Tagen auf der Website des BAG von zahlreichen Organisationen und Unternehmen als pdf heruntergeladen und ausgedruckt. Sie k\u00f6nnen die neueste Version vom 02.03.2020 <a href=\"https:\/\/www.bag.admin.ch\/dam\/bag\/de\/dokumente\/cc\/Kampagnen\/covid-19\/covid-19-plakat-rot.pdf.download.pdf\/plakat_neues_coronavirus_so_schuetzen_wir_uns.pdf\" target=\"_blank\" rel=\"noopener\">hier<\/a> herunterzuladen.<\/p>\n<p><strong>Verbot von Grossveranstaltungen<\/strong><\/p>\n<p>Aufgrund der aktuellen Situation und der <a href=\"https:\/\/news.save.ch\/coronavirus-zusaetzliche-massnahmen-in-der-schweiz\/\" target=\"_blank\" rel=\"noopener\">Ausbreitung des Coronavirus<\/a> stuft der Bundesrat die Situation in der Schweiz als<b> besondere Lage<\/b> gem\u00e4ss Epidemiengesetz ein. Er verbietet Grossveranstaltungen mit mehr als 1000 Personen. Dieses Verbot tritt sofort in Kraft und gilt mindestens bis am 15. M\u00e4rz 2020. \u00dcber Veranstaltungen mit weniger als 1000 Teilnehmenden entscheiden die kantonalen Beh\u00f6rden. Informationen dazu finden Sie unter \u00ab<a href=\"https:\/\/www.bag.admin.ch\/bag\/de\/home\/krankheiten\/ausbrueche-epidemien-pandemien\/aktuelle-ausbrueche-epidemien\/novel-cov.html#-76412017\" target=\"_blank\" rel=\"noopener\">Verbot von Grossveranstaltungen<\/a>\u00bb<\/p>\n<p>Quelle und weitere Infos: <a href=\"http:\/\/www.bag-coronavirus.ch\" target=\"_blank\" rel=\"noopener\">www.bag-coronavirus.ch<\/a><\/p>\n<p>&nbsp;<\/p>\n<p><a href=\"https:\/\/news.save.ch\/coronavirus-zusaetzliche-massnahmen-in-der-schweiz\/\" target=\"_blank\" rel=\"noopener\"><strong>Empfehlungen &amp; Tipps der Redaktion<\/strong><\/a><\/p>\n<p><a href=\"https:\/\/www.rki.de\/DE\/Content\/InfAZ\/N\/Neuartiges_Coronavirus\/Risiko_Grossveranstaltungen.pdf;jsessionid=22198512AE840C047E82D3841B11BA6E.internet062?__blob=publicationFile\" target=\"_blank\" rel=\"noopener\">Allgemeine Prinzipien der Risikoeinscha\u0308tzung und Handlungsempfehlung fu\u0308r Grossveranstaltungen des RKI<\/a><\/p>\n<p>Auszug der <a href=\"https:\/\/www.rki.de\/DE\/Content\/InfAZ\/N\/Neuartiges_Coronavirus\/Kontaktreduzierung.html\" target=\"_blank\" rel=\"noopener\">Massnahmen des RKI<\/a> (Robert Koch Institut):<\/p>\n<p><strong>Privater Bereich und \u00d6ffentlichkeit<\/strong><\/p>\n<ul>\n<li>zu Hause bleiben, wann immer m\u00f6glich; Zimmer regelm\u00e4ssig l\u00fcften<\/li>\n<li>nicht notwendige Reisen absagen oder verschieben<\/li>\n<li>m\u00f6glichst nur f\u00fcr Versorgungsg\u00e4nge rausgehen; Abstand von 1 bis 2 m zu anderen Personen halten<\/li>\n<li>private Kontakte auf das Notwendigste reduzieren bzw. M\u00f6glichkeiten ohne direkten\/pers\u00f6nlichen Kontakt nutzen (Telefon, Internet etc.)<\/li>\n<li>Risikogruppen durch Familien- und Nachbarschaftshilfe versorgen; aktiv Hilfsangebote machen<\/li>\n<li>Umgang mit Erkrankten im Haushalt festlegen (Schlafen und Aufenthalt in getrennten Zimmern; Mahlzeiten getrennt einnehmen; r\u00e4umliche Trennung von Geschwisterkindern)<\/li>\n<li>gemeinschaftliche Treffen\/Aktivit\u00e4ten absagen (Vereine, Sportgruppen, gr\u00f6ssere private Feiern)<\/li>\n<li>enge Begr\u00fcssungsrituale vermeiden (K\u00fcsschen, H\u00e4ndesch\u00fctteln)<\/li>\n<\/ul>\n<p><strong>Betriebe\/Unternehmen<\/strong><\/p>\n<ul>\n<li>Arbeitnehmer in Bereichen, wo dies m\u00f6glich ist, freistellen<\/li>\n<li>Heim-\/Telearbeit erm\u00f6glichen und f\u00f6rdern<\/li>\n<li>nicht notwendige (Dienst-)Reisen absagen, verschieben oder z.B. per Videokonferenz durchf\u00fchren<\/li>\n<li>freiwillige Gesch\u00e4ftsschliessungen &#8211; Betriebsferien nehmen<\/li>\n<li>nicht unbedingt erforderliche \u00f6ffentliche Einrichtungen schliessen: Schwimmb\u00e4der, Turnhallen, Theater usw.<\/li>\n<\/ul>\n<p><strong>Medizinischer Bereich und Pflegebereich<\/strong><\/p>\n<ul>\n<li>Einzelunterbringung im station\u00e4ren Bereich\/Kohortenisolierung<\/li>\n<li>Kohortenpflege (Trennung des Medizinischen Personals)<\/li>\n<li>Schulung Besch\u00e4ftigte medizinischer und pflegerischer Bereich (<span lang=\"en-GB\" xml:lang=\"en-GB\">Knowledge-Booster<\/span>)<\/li>\n<li>spezifische Behandlungszentren f\u00fcr best\u00e4tigte F\u00e4lle einrichten<\/li>\n<li>telemedizinische M\u00f6glichkeiten nutzen<\/li>\n<li>zeitliche oder r\u00e4umliche Trennung von Patienten mit Anzeichen einer akuten respiratorischen Erkrankung (ARE) und anderen Patienten im ambulanten Bereich<\/li>\n<li>Fiebersprechstunden einrichten<\/li>\n<li>in spezifischen (tempor\u00e4ren) Einrichtungen Informationen, M\u00f6glichkeiten und Material zur Selbsttestung von symptomatischen Personen bereitstellen<\/li>\n<li>Einschr\u00e4nkung von Gemeinschaftsaktivit\u00e4ten (pflegerischer Bereich)<\/li>\n<li>arbeitsorganisatorische Massnahmen treffen<\/li>\n<li>nicht notwendige (Dienst- oder <a href=\"https:\/\/news.save.ch\/dgaum-2020-groesster-arbeitsmedizinischer-kongress\/?preview_id=5272&amp;preview_nonce=fc0ff2671b&amp;post_format=standard&amp;_thumbnail_id=5284&amp;preview=true\" target=\"_blank\" rel=\"noopener\">Kongress-)Reisen<\/a> absagen, verschieben oder z.B. per Videokonferenz durchf\u00fchren<\/li>\n<li>Besuchsregelungen\/Publikumsverkehr<\/li>\n<\/ul>\n<p><strong><a href=\"https:\/\/gd.zh.ch\/dam\/gesundheitsdirektion\/direktion\/themen\/bevoelkerung\/gesund_bleiben\/pandemie\/pandemieplan_kanton_zuerich.pdf.spooler.download.1486474024524.pdf\/pandemieplan_kanton_zuerich.pdf\" target=\"_blank\" rel=\"noopener\">Pandemievorsorgeplanung des Kantons Z\u00fcrich des Kantons Z\u00fcrich<\/a><\/strong> vom Oktober 2016<\/p>\n<p>\u00abInfluenzaviren \u00fcberleben bis zu 12 Stunden auf Textilien und Papier und bis zu 48 Stunden auf glatten Oberfl\u00e4chen. Durch regelm\u00e4ssiges Reinigen von Haushaltgegenst\u00e4nden und m\u00f6glicherweise verunreinigten Oberfl\u00e4chen mit einem handels\u00fcblichen Haushaltsreinigungsmittel kann das Risiko, die Erreger weiterzuverbreiten, somit ebenfalls gesenkt werden. Regelm\u00e4ssiges L\u00fcften reduziert zudem die Virenzahl in der Luft.\u00bb<\/p>\n<p><strong><a href=\"https:\/\/www.bundespublikationen.admin.ch\/cshop_bbl\/b2c\/start\/(carea=0024817F68691EE1B4AF0C6E78170EF0&amp;citem=0024817F68691EE1B4AF0C6E78170EF0A0D3C100DD2F1EE598A42225B7095F7E)\/.do\" target=\"_blank\" rel=\"noopener\">Pandemieplan<\/a> \u00abHandbuch f\u00fcr die betriebliche Vorbereitung\u00bb<\/strong> BAG (Stand 2015)<\/p>\n<p><strong><a href=\"https:\/\/www.youtube.com\/watch?v=g7RolX9qe9Y\" target=\"_blank\" rel=\"noopener\">Pressekonferenz BMG vom 02.03.2020<\/a><\/strong> mit deutschem Bundesgesundheitsminister Jens Spahn, Prof. Dr. Lothar H. Wieler, Pr\u00e4sident Robert Koch-Institut und <a href=\"https:\/\/news.save.ch\/erster-todesfall-in-der-schweiz-wegen-coronavirus\/\" target=\"_blank\" rel=\"noopener\">Prof. Dr. Christian Drosten<\/a>, Direktor Institut f\u00fcr Virologie, Charit\u00e9 Berlin.<\/p>\n<p><a href=\"http:\/\/www.infektionsschutz.de\" target=\"_blank\" rel=\"noopener\">www.infektionsschutz.de<\/a><\/p>\n","protected":false},"excerpt":{"rendered":"<p>Mittlerweile ist es auch innerhalb der Schweiz zu \u00dcbertragungen des neuen Coronavirus gekommen, etwa im Wallis und in Graub\u00fcnden. Die \u00dcbertragungskette kann in diesen F\u00e4llen noch nachverfolgt werden; die Kontaktpersonen werden informiert. Weitere \u00dcbertragungen innerhalb der Schweiz sind wahrscheinlich. Dies macht einen h\u00f6heren Schutz insbesondere vulnerabler Bev\u00f6lkerungsgruppen notwendig. Dazu geh\u00f6ren \u00e4ltere Menschen oder Menschen mit [&hellip;]<\/p>\n","protected":false},"author":1,"featured_media":5262,"comment_status":"closed","ping_status":"closed","sticky":false,"template":"","format":"standard","meta":{"_acf_changed":false,"pgc_sgb_lightbox_settings":"","footnotes":""},"categories":[1,3314],"tags":[172,700,1775,120,1854,631,127,149,2276,2334,2349,2474,2669,68],"class_list":["post-5260","post","type-post","status-publish","format-standard","has-post-thumbnail","hentry","category-allgemein","category-health-safety","tag-arbeitssicherheit","tag-bag","tag-betriebliches-gesundheitsmanagement","tag-bundesamt","tag-christian-drosten","tag-coronavirus","tag-gefaehrliche-stoffe","tag-gesundheitsschutz","tag-hygieneregeln","tag-jens-spahn","tag-kampagnen","tag-lothar-h-wieler","tag-persoenliche-schutzausruestung-psa","tag-tipps-und-tricks"],"acf":[],"hkrextid":null,"publication":null,"issue":null,"workflow":null,"startPage":null,"spitzmarke":null,"_posts_by_tag_page_fields":{"widget_title":"","widget_tags":""},"_at_widget":"1","_yoast_wpseo_primary_category":"1","_yoast_wpseo_focuskw_text_input":"Coronavirus","_yoast_wpseo_opengraph-image":null,"_yoast_wpseo_opengraph-description":null,"_yoast_wpseo_opengraph-title":null,"enclosure":null,"_yoast_wpseo_twitter-title":null,"_yoast_wpseo_twitter-description":null,"_yoast_wpseo_twitter-image":null,"_wp_old_slug":null,"_yoast_wpseo_title":null,"_yoast_wpseo_canonical":null,"yoast_head":"<!-- This site is optimized with the Yoast SEO plugin v27.5 - https:\/\/yoast.com\/product\/yoast-seo-wordpress\/ -->\n<title>Hygiene- und Verhaltensregeln BAG &amp; RKI zum Schutz gegen das neue Coronavirus - Save<\/title>\n<meta name=\"description\" content=\"Achten Sie in erster Linie auf die neuen Hygieneregeln und das richtige Verhalten bei Symptomen wie Atembeschwerden, Husten oder Fieber.\" \/>\n<meta name=\"robots\" content=\"index, follow, max-snippet:-1, max-image-preview:large, max-video-preview:-1\" \/>\n<link rel=\"canonical\" href=\"https:\/\/news.save.ch\/de\/neue-hygiene-und-verhaltensregeln-zum-schutz-gegen-das-neue-coronavirus\/\" \/>\n<meta property=\"og:locale\" content=\"de_DE\" \/>\n<meta property=\"og:type\" content=\"article\" \/>\n<meta property=\"og:title\" content=\"Hygiene- und Verhaltensregeln BAG &amp; RKI zum Schutz gegen das neue Coronavirus - Save\" \/>\n<meta property=\"og:description\" content=\"Achten Sie in erster Linie auf die neuen Hygieneregeln und das richtige Verhalten bei Symptomen wie Atembeschwerden, Husten oder Fieber.\" \/>\n<meta property=\"og:url\" content=\"https:\/\/news.save.ch\/de\/neue-hygiene-und-verhaltensregeln-zum-schutz-gegen-das-neue-coronavirus\/\" \/>\n<meta property=\"og:site_name\" content=\"Save\" \/>\n<meta property=\"article:published_time\" content=\"2020-03-02T11:16:52+00:00\" \/>\n<meta property=\"article:modified_time\" content=\"2023-03-14T08:03:51+00:00\" \/>\n<meta property=\"og:image\" content=\"https:\/\/news.save.ch\/wp-content\/uploads\/2020\/03\/02-Corona-Titel-scaled-1.jpg\" \/>\n\t<meta property=\"og:image:width\" content=\"1200\" \/>\n\t<meta property=\"og:image:height\" content=\"952\" \/>\n\t<meta property=\"og:image:type\" content=\"image\/jpeg\" \/>\n<meta name=\"author\" content=\"admin\" \/>\n<meta name=\"twitter:card\" content=\"summary_large_image\" \/>\n<meta name=\"twitter:label1\" content=\"Geschrieben von\" \/>\n\t<meta name=\"twitter:data1\" content=\"admin\" \/>\n\t<meta name=\"twitter:label2\" content=\"Gesch\u00e4tzte Lesezeit\" \/>\n\t<meta name=\"twitter:data2\" content=\"4\u00a0Minuten\" \/>\n<script type=\"application\/ld+json\" class=\"yoast-schema-graph\">{\"@context\":\"https:\\\/\\\/schema.org\",\"@graph\":[{\"@type\":\"Article\",\"@id\":\"https:\\\/\\\/news.save.ch\\\/neue-hygiene-und-verhaltensregeln-zum-schutz-gegen-das-neue-coronavirus\\\/#article\",\"isPartOf\":{\"@id\":\"https:\\\/\\\/news.save.ch\\\/neue-hygiene-und-verhaltensregeln-zum-schutz-gegen-das-neue-coronavirus\\\/\"},\"author\":{\"name\":\"admin\",\"@id\":\"https:\\\/\\\/news.save.ch\\\/de\\\/#\\\/schema\\\/person\\\/d49e199490bad7c70d64b9ab51142f2b\"},\"headline\":\"Hygiene- und Verhaltensregeln BAG &#038; RKI zum Schutz gegen das neue Coronavirus\",\"datePublished\":\"2020-03-02T11:16:52+00:00\",\"dateModified\":\"2023-03-14T08:03:51+00:00\",\"mainEntityOfPage\":{\"@id\":\"https:\\\/\\\/news.save.ch\\\/neue-hygiene-und-verhaltensregeln-zum-schutz-gegen-das-neue-coronavirus\\\/\"},\"wordCount\":758,\"publisher\":{\"@id\":\"https:\\\/\\\/news.save.ch\\\/de\\\/#organization\"},\"image\":{\"@id\":\"https:\\\/\\\/news.save.ch\\\/neue-hygiene-und-verhaltensregeln-zum-schutz-gegen-das-neue-coronavirus\\\/#primaryimage\"},\"thumbnailUrl\":\"https:\\\/\\\/news.save.ch\\\/wp-content\\\/uploads\\\/2020\\\/03\\\/02-Corona-Titel-scaled-1.jpg\",\"keywords\":[\"Arbeitssicherheit\",\"BAG\",\"Betriebliches Gesundheitsmanagement\",\"Bundesamt\",\"Christian Drosten\",\"Coronavirus\",\"Gef\u00e4hrliche Stoffe\",\"Gesundheitsschutz\",\"Hygieneregeln\",\"Jens Spahn\",\"Kampagnen\",\"Lothar H. Wieler\",\"Pers\u00f6nliche Schutzausr\u00fcstung (PSA)\",\"Tipps und Tricks\"],\"articleSection\":[\"ALLGEMEIN\",\"HEALTH &amp; SAFETY\"],\"inLanguage\":\"de\"},{\"@type\":\"WebPage\",\"@id\":\"https:\\\/\\\/news.save.ch\\\/neue-hygiene-und-verhaltensregeln-zum-schutz-gegen-das-neue-coronavirus\\\/\",\"url\":\"https:\\\/\\\/news.save.ch\\\/neue-hygiene-und-verhaltensregeln-zum-schutz-gegen-das-neue-coronavirus\\\/\",\"name\":\"Hygiene- und Verhaltensregeln BAG & RKI zum Schutz gegen das neue Coronavirus - Save\",\"isPartOf\":{\"@id\":\"https:\\\/\\\/news.save.ch\\\/de\\\/#website\"},\"primaryImageOfPage\":{\"@id\":\"https:\\\/\\\/news.save.ch\\\/neue-hygiene-und-verhaltensregeln-zum-schutz-gegen-das-neue-coronavirus\\\/#primaryimage\"},\"image\":{\"@id\":\"https:\\\/\\\/news.save.ch\\\/neue-hygiene-und-verhaltensregeln-zum-schutz-gegen-das-neue-coronavirus\\\/#primaryimage\"},\"thumbnailUrl\":\"https:\\\/\\\/news.save.ch\\\/wp-content\\\/uploads\\\/2020\\\/03\\\/02-Corona-Titel-scaled-1.jpg\",\"datePublished\":\"2020-03-02T11:16:52+00:00\",\"dateModified\":\"2023-03-14T08:03:51+00:00\",\"description\":\"Achten Sie in erster Linie auf die neuen Hygieneregeln und das richtige Verhalten bei Symptomen wie Atembeschwerden, Husten oder Fieber.\",\"breadcrumb\":{\"@id\":\"https:\\\/\\\/news.save.ch\\\/neue-hygiene-und-verhaltensregeln-zum-schutz-gegen-das-neue-coronavirus\\\/#breadcrumb\"},\"inLanguage\":\"de\",\"potentialAction\":[{\"@type\":\"ReadAction\",\"target\":[\"https:\\\/\\\/news.save.ch\\\/neue-hygiene-und-verhaltensregeln-zum-schutz-gegen-das-neue-coronavirus\\\/\"]}]},{\"@type\":\"ImageObject\",\"inLanguage\":\"de\",\"@id\":\"https:\\\/\\\/news.save.ch\\\/neue-hygiene-und-verhaltensregeln-zum-schutz-gegen-das-neue-coronavirus\\\/#primaryimage\",\"url\":\"https:\\\/\\\/news.save.ch\\\/wp-content\\\/uploads\\\/2020\\\/03\\\/02-Corona-Titel-scaled-1.jpg\",\"contentUrl\":\"https:\\\/\\\/news.save.ch\\\/wp-content\\\/uploads\\\/2020\\\/03\\\/02-Corona-Titel-scaled-1.jpg\",\"width\":1200,\"height\":952,\"caption\":\"Achten Sie in erster Linie auf die neuen Hygieneregeln und das richtige Verhalten bei Symptomen wie Atembeschwerden, Husten oder Fieber. \u00a9 BAG\"},{\"@type\":\"BreadcrumbList\",\"@id\":\"https:\\\/\\\/news.save.ch\\\/neue-hygiene-und-verhaltensregeln-zum-schutz-gegen-das-neue-coronavirus\\\/#breadcrumb\",\"itemListElement\":[{\"@type\":\"ListItem\",\"position\":1,\"name\":\"Home\",\"item\":\"https:\\\/\\\/news.save.ch\\\/de\\\/\"},{\"@type\":\"ListItem\",\"position\":2,\"name\":\"Hygiene- und Verhaltensregeln BAG &#038; RKI zum Schutz gegen das neue Coronavirus\"}]},{\"@type\":\"WebSite\",\"@id\":\"https:\\\/\\\/news.save.ch\\\/de\\\/#website\",\"url\":\"https:\\\/\\\/news.save.ch\\\/de\\\/\",\"name\":\"Save\",\"description\":\"Schweizer Fachzeitschrift f\u00fcr Sicherheit\",\"publisher\":{\"@id\":\"https:\\\/\\\/news.save.ch\\\/de\\\/#organization\"},\"potentialAction\":[{\"@type\":\"SearchAction\",\"target\":{\"@type\":\"EntryPoint\",\"urlTemplate\":\"https:\\\/\\\/news.save.ch\\\/de\\\/?s={search_term_string}\"},\"query-input\":{\"@type\":\"PropertyValueSpecification\",\"valueRequired\":true,\"valueName\":\"search_term_string\"}}],\"inLanguage\":\"de\"},{\"@type\":\"Organization\",\"@id\":\"https:\\\/\\\/news.save.ch\\\/de\\\/#organization\",\"name\":\"Sicherheitsforum\",\"url\":\"https:\\\/\\\/news.save.ch\\\/de\\\/\",\"logo\":{\"@type\":\"ImageObject\",\"inLanguage\":\"de\",\"@id\":\"https:\\\/\\\/news.save.ch\\\/de\\\/#\\\/schema\\\/logo\\\/image\\\/\",\"url\":\"https:\\\/\\\/news.save.ch\\\/wp-content\\\/uploads\\\/2022\\\/06\\\/Logo_SF_2012.png\",\"contentUrl\":\"https:\\\/\\\/news.save.ch\\\/wp-content\\\/uploads\\\/2022\\\/06\\\/Logo_SF_2012.png\",\"width\":1100,\"height\":91,\"caption\":\"Sicherheitsforum\"},\"image\":{\"@id\":\"https:\\\/\\\/news.save.ch\\\/de\\\/#\\\/schema\\\/logo\\\/image\\\/\"}},{\"@type\":\"Person\",\"@id\":\"https:\\\/\\\/news.save.ch\\\/de\\\/#\\\/schema\\\/person\\\/d49e199490bad7c70d64b9ab51142f2b\",\"name\":\"admin\",\"image\":{\"@type\":\"ImageObject\",\"inLanguage\":\"de\",\"@id\":\"https:\\\/\\\/secure.gravatar.com\\\/avatar\\\/ae2f4d718e6c49043e314ce431e7e645d646302a24a5ef5a8bc8e3f5a032e319?s=96&d=mm&r=g\",\"url\":\"https:\\\/\\\/secure.gravatar.com\\\/avatar\\\/ae2f4d718e6c49043e314ce431e7e645d646302a24a5ef5a8bc8e3f5a032e319?s=96&d=mm&r=g\",\"contentUrl\":\"https:\\\/\\\/secure.gravatar.com\\\/avatar\\\/ae2f4d718e6c49043e314ce431e7e645d646302a24a5ef5a8bc8e3f5a032e319?s=96&d=mm&r=g\",\"caption\":\"admin\"},\"sameAs\":[\"https:\\\/\\\/develop.organisator.galledia.ch\"],\"url\":\"https:\\\/\\\/news.save.ch\\\/de\\\/author\\\/admin\\\/\"}]}<\/script>\n<!-- \/ Yoast SEO plugin. -->","yoast_head_json":{"title":"Hygiene- und Verhaltensregeln BAG & RKI zum Schutz gegen das neue Coronavirus - Save","description":"Achten Sie in erster Linie auf die neuen Hygieneregeln und das richtige Verhalten bei Symptomen wie Atembeschwerden, Husten oder Fieber.","robots":{"index":"index","follow":"follow","max-snippet":"max-snippet:-1","max-image-preview":"max-image-preview:large","max-video-preview":"max-video-preview:-1"},"canonical":"https:\/\/news.save.ch\/de\/neue-hygiene-und-verhaltensregeln-zum-schutz-gegen-das-neue-coronavirus\/","og_locale":"de_DE","og_type":"article","og_title":"Hygiene- und Verhaltensregeln BAG & RKI zum Schutz gegen das neue Coronavirus - Save","og_description":"Achten Sie in erster Linie auf die neuen Hygieneregeln und das richtige Verhalten bei Symptomen wie Atembeschwerden, Husten oder Fieber.","og_url":"https:\/\/news.save.ch\/de\/neue-hygiene-und-verhaltensregeln-zum-schutz-gegen-das-neue-coronavirus\/","og_site_name":"Save","article_published_time":"2020-03-02T11:16:52+00:00","article_modified_time":"2023-03-14T08:03:51+00:00","og_image":[{"width":1200,"height":952,"url":"https:\/\/news.save.ch\/wp-content\/uploads\/2020\/03\/02-Corona-Titel-scaled-1.jpg","type":"image\/jpeg"}],"author":"admin","twitter_card":"summary_large_image","twitter_misc":{"Geschrieben von":"admin","Gesch\u00e4tzte Lesezeit":"4\u00a0Minuten"},"schema":{"@context":"https:\/\/schema.org","@graph":[{"@type":"Article","@id":"https:\/\/news.save.ch\/neue-hygiene-und-verhaltensregeln-zum-schutz-gegen-das-neue-coronavirus\/#article","isPartOf":{"@id":"https:\/\/news.save.ch\/neue-hygiene-und-verhaltensregeln-zum-schutz-gegen-das-neue-coronavirus\/"},"author":{"name":"admin","@id":"https:\/\/news.save.ch\/de\/#\/schema\/person\/d49e199490bad7c70d64b9ab51142f2b"},"headline":"Hygiene- und Verhaltensregeln BAG &#038; RKI zum Schutz gegen das neue Coronavirus","datePublished":"2020-03-02T11:16:52+00:00","dateModified":"2023-03-14T08:03:51+00:00","mainEntityOfPage":{"@id":"https:\/\/news.save.ch\/neue-hygiene-und-verhaltensregeln-zum-schutz-gegen-das-neue-coronavirus\/"},"wordCount":758,"publisher":{"@id":"https:\/\/news.save.ch\/de\/#organization"},"image":{"@id":"https:\/\/news.save.ch\/neue-hygiene-und-verhaltensregeln-zum-schutz-gegen-das-neue-coronavirus\/#primaryimage"},"thumbnailUrl":"https:\/\/news.save.ch\/wp-content\/uploads\/2020\/03\/02-Corona-Titel-scaled-1.jpg","keywords":["Arbeitssicherheit","BAG","Betriebliches Gesundheitsmanagement","Bundesamt","Christian Drosten","Coronavirus","Gef\u00e4hrliche Stoffe","Gesundheitsschutz","Hygieneregeln","Jens Spahn","Kampagnen","Lothar H. Wieler","Pers\u00f6nliche Schutzausr\u00fcstung (PSA)","Tipps und Tricks"],"articleSection":["ALLGEMEIN","HEALTH &amp; SAFETY"],"inLanguage":"de"},{"@type":"WebPage","@id":"https:\/\/news.save.ch\/neue-hygiene-und-verhaltensregeln-zum-schutz-gegen-das-neue-coronavirus\/","url":"https:\/\/news.save.ch\/neue-hygiene-und-verhaltensregeln-zum-schutz-gegen-das-neue-coronavirus\/","name":"Hygiene- und Verhaltensregeln BAG & RKI zum Schutz gegen das neue Coronavirus - Save","isPartOf":{"@id":"https:\/\/news.save.ch\/de\/#website"},"primaryImageOfPage":{"@id":"https:\/\/news.save.ch\/neue-hygiene-und-verhaltensregeln-zum-schutz-gegen-das-neue-coronavirus\/#primaryimage"},"image":{"@id":"https:\/\/news.save.ch\/neue-hygiene-und-verhaltensregeln-zum-schutz-gegen-das-neue-coronavirus\/#primaryimage"},"thumbnailUrl":"https:\/\/news.save.ch\/wp-content\/uploads\/2020\/03\/02-Corona-Titel-scaled-1.jpg","datePublished":"2020-03-02T11:16:52+00:00","dateModified":"2023-03-14T08:03:51+00:00","description":"Achten Sie in erster Linie auf die neuen Hygieneregeln und das richtige Verhalten bei Symptomen wie Atembeschwerden, Husten oder Fieber.","breadcrumb":{"@id":"https:\/\/news.save.ch\/neue-hygiene-und-verhaltensregeln-zum-schutz-gegen-das-neue-coronavirus\/#breadcrumb"},"inLanguage":"de","potentialAction":[{"@type":"ReadAction","target":["https:\/\/news.save.ch\/neue-hygiene-und-verhaltensregeln-zum-schutz-gegen-das-neue-coronavirus\/"]}]},{"@type":"ImageObject","inLanguage":"de","@id":"https:\/\/news.save.ch\/neue-hygiene-und-verhaltensregeln-zum-schutz-gegen-das-neue-coronavirus\/#primaryimage","url":"https:\/\/news.save.ch\/wp-content\/uploads\/2020\/03\/02-Corona-Titel-scaled-1.jpg","contentUrl":"https:\/\/news.save.ch\/wp-content\/uploads\/2020\/03\/02-Corona-Titel-scaled-1.jpg","width":1200,"height":952,"caption":"Achten Sie in erster Linie auf die neuen Hygieneregeln und das richtige Verhalten bei Symptomen wie Atembeschwerden, Husten oder Fieber. \u00a9 BAG"},{"@type":"BreadcrumbList","@id":"https:\/\/news.save.ch\/neue-hygiene-und-verhaltensregeln-zum-schutz-gegen-das-neue-coronavirus\/#breadcrumb","itemListElement":[{"@type":"ListItem","position":1,"name":"Home","item":"https:\/\/news.save.ch\/de\/"},{"@type":"ListItem","position":2,"name":"Hygiene- und Verhaltensregeln BAG &#038; RKI zum Schutz gegen das neue Coronavirus"}]},{"@type":"WebSite","@id":"https:\/\/news.save.ch\/de\/#website","url":"https:\/\/news.save.ch\/de\/","name":"Save","description":"Schweizer Fachzeitschrift f\u00fcr Sicherheit","publisher":{"@id":"https:\/\/news.save.ch\/de\/#organization"},"potentialAction":[{"@type":"SearchAction","target":{"@type":"EntryPoint","urlTemplate":"https:\/\/news.save.ch\/de\/?s={search_term_string}"},"query-input":{"@type":"PropertyValueSpecification","valueRequired":true,"valueName":"search_term_string"}}],"inLanguage":"de"},{"@type":"Organization","@id":"https:\/\/news.save.ch\/de\/#organization","name":"Sicherheitsforum","url":"https:\/\/news.save.ch\/de\/","logo":{"@type":"ImageObject","inLanguage":"de","@id":"https:\/\/news.save.ch\/de\/#\/schema\/logo\/image\/","url":"https:\/\/news.save.ch\/wp-content\/uploads\/2022\/06\/Logo_SF_2012.png","contentUrl":"https:\/\/news.save.ch\/wp-content\/uploads\/2022\/06\/Logo_SF_2012.png","width":1100,"height":91,"caption":"Sicherheitsforum"},"image":{"@id":"https:\/\/news.save.ch\/de\/#\/schema\/logo\/image\/"}},{"@type":"Person","@id":"https:\/\/news.save.ch\/de\/#\/schema\/person\/d49e199490bad7c70d64b9ab51142f2b","name":"admin","image":{"@type":"ImageObject","inLanguage":"de","@id":"https:\/\/secure.gravatar.com\/avatar\/ae2f4d718e6c49043e314ce431e7e645d646302a24a5ef5a8bc8e3f5a032e319?s=96&d=mm&r=g","url":"https:\/\/secure.gravatar.com\/avatar\/ae2f4d718e6c49043e314ce431e7e645d646302a24a5ef5a8bc8e3f5a032e319?s=96&d=mm&r=g","contentUrl":"https:\/\/secure.gravatar.com\/avatar\/ae2f4d718e6c49043e314ce431e7e645d646302a24a5ef5a8bc8e3f5a032e319?s=96&d=mm&r=g","caption":"admin"},"sameAs":["https:\/\/develop.organisator.galledia.ch"],"url":"https:\/\/news.save.ch\/de\/author\/admin\/"}]}},"_links":{"self":[{"href":"https:\/\/news.save.ch\/de\/wp-json\/wp\/v2\/posts\/5260","targetHints":{"allow":["GET"]}}],"collection":[{"href":"https:\/\/news.save.ch\/de\/wp-json\/wp\/v2\/posts"}],"about":[{"href":"https:\/\/news.save.ch\/de\/wp-json\/wp\/v2\/types\/post"}],"author":[{"embeddable":true,"href":"https:\/\/news.save.ch\/de\/wp-json\/wp\/v2\/users\/1"}],"replies":[{"embeddable":true,"href":"https:\/\/news.save.ch\/de\/wp-json\/wp\/v2\/comments?post=5260"}],"version-history":[{"count":1,"href":"https:\/\/news.save.ch\/de\/wp-json\/wp\/v2\/posts\/5260\/revisions"}],"predecessor-version":[{"id":18610,"href":"https:\/\/news.save.ch\/de\/wp-json\/wp\/v2\/posts\/5260\/revisions\/18610"}],"wp:featuredmedia":[{"embeddable":true,"href":"https:\/\/news.save.ch\/de\/wp-json\/wp\/v2\/media\/5262"}],"wp:attachment":[{"href":"https:\/\/news.save.ch\/de\/wp-json\/wp\/v2\/media?parent=5260"}],"wp:term":[{"taxonomy":"category","embeddable":true,"href":"https:\/\/news.save.ch\/de\/wp-json\/wp\/v2\/categories?post=5260"},{"taxonomy":"post_tag","embeddable":true,"href":"https:\/\/news.save.ch\/de\/wp-json\/wp\/v2\/tags?post=5260"}],"curies":[{"name":"wp","href":"https:\/\/api.w.org\/{rel}","templated":true}]}}