{"id":5304,"date":"2017-08-30T17:09:19","date_gmt":"2017-08-30T15:09:19","guid":{"rendered":"https:\/\/news.save.ch\/?p=5304"},"modified":"2017-08-30T17:09:19","modified_gmt":"2017-08-30T15:09:19","slug":"revidierte-niv-tritt-bald-in-kraft","status":null,"type":"post","link":"https:\/\/news.save.ch\/de\/revidierte-niv-tritt-bald-in-kraft\/","title":{"rendered":"Revidierte NIV tritt bald in Kraft"},"content":{"rendered":"<figure id=\"attachment_5305\" aria-describedby=\"caption-attachment-5305\" style=\"width: 680px\" class=\"wp-caption aligncenter\"><img loading=\"lazy\" decoding=\"async\" class=\"wp-image-5305 size-medium\" src=\"https:\/\/news.save.ch\/wp-content\/uploads\/2017\/08\/Depositphotos_9775558_m-2015.jpg\" alt=\"Niederspannungs-Installation\" width=\"680\" height=\"453\" srcset=\"https:\/\/news.save.ch\/wp-content\/uploads\/2017\/08\/Depositphotos_9775558_m-2015.jpg 999w, https:\/\/news.save.ch\/wp-content\/uploads\/2017\/08\/Depositphotos_9775558_m-2015-375x250.jpg 375w\" sizes=\"auto, (max-width: 680px) 100vw, 680px\" \/><figcaption id=\"caption-attachment-5305\" class=\"wp-caption-text\">\u00a9 depositphotos<\/figcaption><\/figure>\n<p>&nbsp;<\/p>\n<p>Die Verordnung \u00fcber die elektrischen Niederspannungsinstallationen (Niederspannungs-Installationsverordnung, NIV) bildet den rechtlichen Rahmen f\u00fcr das gesamte Elektroinstallations- und Elektrokontrollgewerbe. Neue Installationsmaterialien und Werkzeuge, der wirtschaftliche Druck, die steigende Zahl ausl\u00e4ndischer Marktteilnehmer, usw. sind nur einige der Herausforderungen, mit denen das Elektroinstallationsgewerbe heute konfrontiert ist. Mit der jetzt beschlossenen <a href=\"https:\/\/www.newsd.admin.ch\/newsd\/message\/attachments\/49352.pdf\">Teilrevision der NIV<\/a> wird die Rechtsgrundlage an die aktuellen Rahmenbedingungen angepasst, wie der Bundesrat schreibt.<\/p>\n<h3>Mehr Sicherheit<\/h3>\n<p>Die \u00c4nderungen und Erg\u00e4nzungen dienten der Beibehaltung und m\u00f6glichst der Verbesserung der Sicherheit von elektrischen Niederspannungsinstallationen, so die Beh\u00f6rde. Angepasst w\u00fcrden insbesondere die Voraussetzungen f\u00fcr die Erteilung einer Installationsbewilligung, die Vorschriften \u00fcber die Organisation der Installationsarbeiten sowie die Vorschriften \u00fcber den Vollzug und die Aufsicht durch das Eidgen\u00f6ssische Starkstrominspektorat.<\/p>\n<p>Die revidierte NIV stellt dem Elektroinstallationsgewerbe eine praxisnahe und zeitgem\u00e4sse Rechtsgrundlage zur Verf\u00fcgung, mit welcher gleichzeitig das bestehende hohe Sicherheitsniveau der elektrischen Installationen in der Schweiz gewahrt werden kann, wie es in der bundesr\u00e4tlichen Mitteilung heisst.<\/p>\n<p>&nbsp;<\/p>\n","protected":false},"excerpt":{"rendered":"<p>&nbsp; Die Verordnung \u00fcber die elektrischen Niederspannungsinstallationen (Niederspannungs-Installationsverordnung, NIV) bildet den rechtlichen Rahmen f\u00fcr das gesamte Elektroinstallations- und Elektrokontrollgewerbe. Neue Installationsmaterialien und Werkzeuge, der wirtschaftliche Druck, die steigende Zahl ausl\u00e4ndischer Marktteilnehmer, usw. sind nur einige der Herausforderungen, mit denen das Elektroinstallationsgewerbe heute konfrontiert ist. Mit der jetzt beschlossenen Teilrevision der NIV wird die Rechtsgrundlage an [&hellip;]<\/p>\n","protected":false},"author":8,"featured_media":5305,"comment_status":"open","ping_status":"open","sticky":false,"template":"","format":"standard","meta":{"_acf_changed":false,"pgc_sgb_lightbox_settings":"","footnotes":""},"categories":[1],"tags":[359],"class_list":["post-5304","post","type-post","status-publish","format-standard","has-post-thumbnail","hentry","category-allgemein","tag-elektroinstallation"],"acf":[],"hkrextid":null,"publication":null,"issue":null,"workflow":null,"startPage":null,"spitzmarke":null,"_posts_by_tag_page_fields":{"widget_title":"","widget_tags":""},"_at_widget":"1","_yoast_wpseo_primary_category":"1","_yoast_wpseo_focuskw_text_input":"Niederspannungsinstallation","_yoast_wpseo_opengraph-image":null,"_yoast_wpseo_opengraph-description":null,"_yoast_wpseo_opengraph-title":null,"enclosure":null,"_yoast_wpseo_twitter-title":null,"_yoast_wpseo_twitter-description":null,"_yoast_wpseo_twitter-image":null,"_wp_old_slug":null,"_yoast_wpseo_title":null,"_yoast_wpseo_canonical":null,"yoast_head":"<!-- This site is optimized with the Yoast SEO plugin v27.5 - https:\/\/yoast.com\/product\/yoast-seo-wordpress\/ -->\n<title>Revidierte NIV tritt bald in Kraft - Save<\/title>\n<meta name=\"description\" content=\"K\u00fcrzlich hat der Bundesrat beschlossen, dass die revidierte Niederspannungs-Installationsverordnung am 1. Januar 2018 in Kraft tritt.\" \/>\n<meta name=\"robots\" content=\"index, follow, max-snippet:-1, max-image-preview:large, max-video-preview:-1\" \/>\n<link rel=\"canonical\" href=\"https:\/\/news.save.ch\/de\/revidierte-niv-tritt-bald-in-kraft\/\" \/>\n<meta property=\"og:locale\" content=\"de_DE\" \/>\n<meta property=\"og:type\" content=\"article\" \/>\n<meta property=\"og:title\" content=\"Revidierte NIV tritt bald in Kraft - Save\" \/>\n<meta property=\"og:description\" content=\"K\u00fcrzlich hat der Bundesrat beschlossen, dass die revidierte Niederspannungs-Installationsverordnung am 1. Januar 2018 in Kraft tritt.\" \/>\n<meta property=\"og:url\" content=\"https:\/\/news.save.ch\/de\/revidierte-niv-tritt-bald-in-kraft\/\" \/>\n<meta property=\"og:site_name\" content=\"Save\" \/>\n<meta property=\"article:published_time\" content=\"2017-08-30T15:09:19+00:00\" \/>\n<meta property=\"og:image\" content=\"https:\/\/news.save.ch\/wp-content\/uploads\/2017\/08\/Depositphotos_9775558_m-2015.jpg\" \/>\n\t<meta property=\"og:image:width\" content=\"999\" \/>\n\t<meta property=\"og:image:height\" content=\"665\" \/>\n\t<meta property=\"og:image:type\" content=\"image\/jpeg\" \/>\n<meta name=\"author\" content=\"Roger Str\u00e4ssle\" \/>\n<meta name=\"twitter:card\" content=\"summary_large_image\" \/>\n<meta name=\"twitter:label1\" content=\"Geschrieben von\" \/>\n\t<meta name=\"twitter:data1\" content=\"Roger Str\u00e4ssle\" \/>\n\t<meta name=\"twitter:label2\" content=\"Gesch\u00e4tzte Lesezeit\" \/>\n\t<meta name=\"twitter:data2\" content=\"1\u00a0Minute\" \/>\n<script type=\"application\/ld+json\" class=\"yoast-schema-graph\">{\"@context\":\"https:\\\/\\\/schema.org\",\"@graph\":[{\"@type\":\"Article\",\"@id\":\"https:\\\/\\\/news.save.ch\\\/revidierte-niv-tritt-bald-in-kraft\\\/#article\",\"isPartOf\":{\"@id\":\"https:\\\/\\\/news.save.ch\\\/revidierte-niv-tritt-bald-in-kraft\\\/\"},\"author\":{\"name\":\"Roger Str\u00e4ssle\",\"@id\":\"https:\\\/\\\/news.save.ch\\\/de\\\/#\\\/schema\\\/person\\\/d5022db048e0e2b9785c50e5b24da5aa\"},\"headline\":\"Revidierte NIV tritt bald in Kraft\",\"datePublished\":\"2017-08-30T15:09:19+00:00\",\"mainEntityOfPage\":{\"@id\":\"https:\\\/\\\/news.save.ch\\\/revidierte-niv-tritt-bald-in-kraft\\\/\"},\"wordCount\":176,\"commentCount\":0,\"publisher\":{\"@id\":\"https:\\\/\\\/news.save.ch\\\/de\\\/#organization\"},\"image\":{\"@id\":\"https:\\\/\\\/news.save.ch\\\/revidierte-niv-tritt-bald-in-kraft\\\/#primaryimage\"},\"thumbnailUrl\":\"https:\\\/\\\/news.save.ch\\\/wp-content\\\/uploads\\\/2017\\\/08\\\/Depositphotos_9775558_m-2015.jpg\",\"keywords\":[\"Elektroinstallation\"],\"articleSection\":[\"ALLGEMEIN\"],\"inLanguage\":\"de\"},{\"@type\":\"WebPage\",\"@id\":\"https:\\\/\\\/news.save.ch\\\/revidierte-niv-tritt-bald-in-kraft\\\/\",\"url\":\"https:\\\/\\\/news.save.ch\\\/revidierte-niv-tritt-bald-in-kraft\\\/\",\"name\":\"Revidierte NIV tritt bald in Kraft - Save\",\"isPartOf\":{\"@id\":\"https:\\\/\\\/news.save.ch\\\/de\\\/#website\"},\"primaryImageOfPage\":{\"@id\":\"https:\\\/\\\/news.save.ch\\\/revidierte-niv-tritt-bald-in-kraft\\\/#primaryimage\"},\"image\":{\"@id\":\"https:\\\/\\\/news.save.ch\\\/revidierte-niv-tritt-bald-in-kraft\\\/#primaryimage\"},\"thumbnailUrl\":\"https:\\\/\\\/news.save.ch\\\/wp-content\\\/uploads\\\/2017\\\/08\\\/Depositphotos_9775558_m-2015.jpg\",\"datePublished\":\"2017-08-30T15:09:19+00:00\",\"description\":\"K\u00fcrzlich hat der Bundesrat beschlossen, dass die revidierte Niederspannungs-Installationsverordnung am 1. Januar 2018 in Kraft tritt.\",\"breadcrumb\":{\"@id\":\"https:\\\/\\\/news.save.ch\\\/revidierte-niv-tritt-bald-in-kraft\\\/#breadcrumb\"},\"inLanguage\":\"de\",\"potentialAction\":[{\"@type\":\"ReadAction\",\"target\":[\"https:\\\/\\\/news.save.ch\\\/revidierte-niv-tritt-bald-in-kraft\\\/\"]}]},{\"@type\":\"ImageObject\",\"inLanguage\":\"de\",\"@id\":\"https:\\\/\\\/news.save.ch\\\/revidierte-niv-tritt-bald-in-kraft\\\/#primaryimage\",\"url\":\"https:\\\/\\\/news.save.ch\\\/wp-content\\\/uploads\\\/2017\\\/08\\\/Depositphotos_9775558_m-2015.jpg\",\"contentUrl\":\"https:\\\/\\\/news.save.ch\\\/wp-content\\\/uploads\\\/2017\\\/08\\\/Depositphotos_9775558_m-2015.jpg\",\"width\":999,\"height\":665,\"caption\":\"\u00a9 depositphotos\"},{\"@type\":\"BreadcrumbList\",\"@id\":\"https:\\\/\\\/news.save.ch\\\/revidierte-niv-tritt-bald-in-kraft\\\/#breadcrumb\",\"itemListElement\":[{\"@type\":\"ListItem\",\"position\":1,\"name\":\"Home\",\"item\":\"https:\\\/\\\/news.save.ch\\\/de\\\/\"},{\"@type\":\"ListItem\",\"position\":2,\"name\":\"Revidierte NIV tritt bald in Kraft\"}]},{\"@type\":\"WebSite\",\"@id\":\"https:\\\/\\\/news.save.ch\\\/de\\\/#website\",\"url\":\"https:\\\/\\\/news.save.ch\\\/de\\\/\",\"name\":\"Save\",\"description\":\"Schweizer Fachzeitschrift f\u00fcr Sicherheit\",\"publisher\":{\"@id\":\"https:\\\/\\\/news.save.ch\\\/de\\\/#organization\"},\"potentialAction\":[{\"@type\":\"SearchAction\",\"target\":{\"@type\":\"EntryPoint\",\"urlTemplate\":\"https:\\\/\\\/news.save.ch\\\/de\\\/?s={search_term_string}\"},\"query-input\":{\"@type\":\"PropertyValueSpecification\",\"valueRequired\":true,\"valueName\":\"search_term_string\"}}],\"inLanguage\":\"de\"},{\"@type\":\"Organization\",\"@id\":\"https:\\\/\\\/news.save.ch\\\/de\\\/#organization\",\"name\":\"Sicherheitsforum\",\"url\":\"https:\\\/\\\/news.save.ch\\\/de\\\/\",\"logo\":{\"@type\":\"ImageObject\",\"inLanguage\":\"de\",\"@id\":\"https:\\\/\\\/news.save.ch\\\/de\\\/#\\\/schema\\\/logo\\\/image\\\/\",\"url\":\"https:\\\/\\\/news.save.ch\\\/wp-content\\\/uploads\\\/2022\\\/06\\\/Logo_SF_2012.png\",\"contentUrl\":\"https:\\\/\\\/news.save.ch\\\/wp-content\\\/uploads\\\/2022\\\/06\\\/Logo_SF_2012.png\",\"width\":1100,\"height\":91,\"caption\":\"Sicherheitsforum\"},\"image\":{\"@id\":\"https:\\\/\\\/news.save.ch\\\/de\\\/#\\\/schema\\\/logo\\\/image\\\/\"}},{\"@type\":\"Person\",\"@id\":\"https:\\\/\\\/news.save.ch\\\/de\\\/#\\\/schema\\\/person\\\/d5022db048e0e2b9785c50e5b24da5aa\",\"name\":\"Roger Str\u00e4ssle\",\"image\":{\"@type\":\"ImageObject\",\"inLanguage\":\"de\",\"@id\":\"https:\\\/\\\/secure.gravatar.com\\\/avatar\\\/862a5569d087de48e5856e32f45d719a03804c891d6deb8d4f71a660e79e4a47?s=96&d=mm&r=g\",\"url\":\"https:\\\/\\\/secure.gravatar.com\\\/avatar\\\/862a5569d087de48e5856e32f45d719a03804c891d6deb8d4f71a660e79e4a47?s=96&d=mm&r=g\",\"contentUrl\":\"https:\\\/\\\/secure.gravatar.com\\\/avatar\\\/862a5569d087de48e5856e32f45d719a03804c891d6deb8d4f71a660e79e4a47?s=96&d=mm&r=g\",\"caption\":\"Roger Str\u00e4ssle\"},\"url\":\"https:\\\/\\\/news.save.ch\\\/de\\\/author\\\/roger-straessle\\\/\"}]}<\/script>\n<!-- \/ Yoast SEO plugin. -->","yoast_head_json":{"title":"Revidierte NIV tritt bald in Kraft - Save","description":"K\u00fcrzlich hat der Bundesrat beschlossen, dass die revidierte Niederspannungs-Installationsverordnung am 1. Januar 2018 in Kraft tritt.","robots":{"index":"index","follow":"follow","max-snippet":"max-snippet:-1","max-image-preview":"max-image-preview:large","max-video-preview":"max-video-preview:-1"},"canonical":"https:\/\/news.save.ch\/de\/revidierte-niv-tritt-bald-in-kraft\/","og_locale":"de_DE","og_type":"article","og_title":"Revidierte NIV tritt bald in Kraft - Save","og_description":"K\u00fcrzlich hat der Bundesrat beschlossen, dass die revidierte Niederspannungs-Installationsverordnung am 1. Januar 2018 in Kraft tritt.","og_url":"https:\/\/news.save.ch\/de\/revidierte-niv-tritt-bald-in-kraft\/","og_site_name":"Save","article_published_time":"2017-08-30T15:09:19+00:00","og_image":[{"width":999,"height":665,"url":"https:\/\/news.save.ch\/wp-content\/uploads\/2017\/08\/Depositphotos_9775558_m-2015.jpg","type":"image\/jpeg"}],"author":"Roger Str\u00e4ssle","twitter_card":"summary_large_image","twitter_misc":{"Geschrieben von":"Roger Str\u00e4ssle","Gesch\u00e4tzte Lesezeit":"1\u00a0Minute"},"schema":{"@context":"https:\/\/schema.org","@graph":[{"@type":"Article","@id":"https:\/\/news.save.ch\/revidierte-niv-tritt-bald-in-kraft\/#article","isPartOf":{"@id":"https:\/\/news.save.ch\/revidierte-niv-tritt-bald-in-kraft\/"},"author":{"name":"Roger Str\u00e4ssle","@id":"https:\/\/news.save.ch\/de\/#\/schema\/person\/d5022db048e0e2b9785c50e5b24da5aa"},"headline":"Revidierte NIV tritt bald in Kraft","datePublished":"2017-08-30T15:09:19+00:00","mainEntityOfPage":{"@id":"https:\/\/news.save.ch\/revidierte-niv-tritt-bald-in-kraft\/"},"wordCount":176,"commentCount":0,"publisher":{"@id":"https:\/\/news.save.ch\/de\/#organization"},"image":{"@id":"https:\/\/news.save.ch\/revidierte-niv-tritt-bald-in-kraft\/#primaryimage"},"thumbnailUrl":"https:\/\/news.save.ch\/wp-content\/uploads\/2017\/08\/Depositphotos_9775558_m-2015.jpg","keywords":["Elektroinstallation"],"articleSection":["ALLGEMEIN"],"inLanguage":"de"},{"@type":"WebPage","@id":"https:\/\/news.save.ch\/revidierte-niv-tritt-bald-in-kraft\/","url":"https:\/\/news.save.ch\/revidierte-niv-tritt-bald-in-kraft\/","name":"Revidierte NIV tritt bald in Kraft - Save","isPartOf":{"@id":"https:\/\/news.save.ch\/de\/#website"},"primaryImageOfPage":{"@id":"https:\/\/news.save.ch\/revidierte-niv-tritt-bald-in-kraft\/#primaryimage"},"image":{"@id":"https:\/\/news.save.ch\/revidierte-niv-tritt-bald-in-kraft\/#primaryimage"},"thumbnailUrl":"https:\/\/news.save.ch\/wp-content\/uploads\/2017\/08\/Depositphotos_9775558_m-2015.jpg","datePublished":"2017-08-30T15:09:19+00:00","description":"K\u00fcrzlich hat der Bundesrat beschlossen, dass die revidierte Niederspannungs-Installationsverordnung am 1. Januar 2018 in Kraft tritt.","breadcrumb":{"@id":"https:\/\/news.save.ch\/revidierte-niv-tritt-bald-in-kraft\/#breadcrumb"},"inLanguage":"de","potentialAction":[{"@type":"ReadAction","target":["https:\/\/news.save.ch\/revidierte-niv-tritt-bald-in-kraft\/"]}]},{"@type":"ImageObject","inLanguage":"de","@id":"https:\/\/news.save.ch\/revidierte-niv-tritt-bald-in-kraft\/#primaryimage","url":"https:\/\/news.save.ch\/wp-content\/uploads\/2017\/08\/Depositphotos_9775558_m-2015.jpg","contentUrl":"https:\/\/news.save.ch\/wp-content\/uploads\/2017\/08\/Depositphotos_9775558_m-2015.jpg","width":999,"height":665,"caption":"\u00a9 depositphotos"},{"@type":"BreadcrumbList","@id":"https:\/\/news.save.ch\/revidierte-niv-tritt-bald-in-kraft\/#breadcrumb","itemListElement":[{"@type":"ListItem","position":1,"name":"Home","item":"https:\/\/news.save.ch\/de\/"},{"@type":"ListItem","position":2,"name":"Revidierte NIV tritt bald in Kraft"}]},{"@type":"WebSite","@id":"https:\/\/news.save.ch\/de\/#website","url":"https:\/\/news.save.ch\/de\/","name":"Save","description":"Schweizer Fachzeitschrift f\u00fcr Sicherheit","publisher":{"@id":"https:\/\/news.save.ch\/de\/#organization"},"potentialAction":[{"@type":"SearchAction","target":{"@type":"EntryPoint","urlTemplate":"https:\/\/news.save.ch\/de\/?s={search_term_string}"},"query-input":{"@type":"PropertyValueSpecification","valueRequired":true,"valueName":"search_term_string"}}],"inLanguage":"de"},{"@type":"Organization","@id":"https:\/\/news.save.ch\/de\/#organization","name":"Sicherheitsforum","url":"https:\/\/news.save.ch\/de\/","logo":{"@type":"ImageObject","inLanguage":"de","@id":"https:\/\/news.save.ch\/de\/#\/schema\/logo\/image\/","url":"https:\/\/news.save.ch\/wp-content\/uploads\/2022\/06\/Logo_SF_2012.png","contentUrl":"https:\/\/news.save.ch\/wp-content\/uploads\/2022\/06\/Logo_SF_2012.png","width":1100,"height":91,"caption":"Sicherheitsforum"},"image":{"@id":"https:\/\/news.save.ch\/de\/#\/schema\/logo\/image\/"}},{"@type":"Person","@id":"https:\/\/news.save.ch\/de\/#\/schema\/person\/d5022db048e0e2b9785c50e5b24da5aa","name":"Roger Str\u00e4ssle","image":{"@type":"ImageObject","inLanguage":"de","@id":"https:\/\/secure.gravatar.com\/avatar\/862a5569d087de48e5856e32f45d719a03804c891d6deb8d4f71a660e79e4a47?s=96&d=mm&r=g","url":"https:\/\/secure.gravatar.com\/avatar\/862a5569d087de48e5856e32f45d719a03804c891d6deb8d4f71a660e79e4a47?s=96&d=mm&r=g","contentUrl":"https:\/\/secure.gravatar.com\/avatar\/862a5569d087de48e5856e32f45d719a03804c891d6deb8d4f71a660e79e4a47?s=96&d=mm&r=g","caption":"Roger Str\u00e4ssle"},"url":"https:\/\/news.save.ch\/de\/author\/roger-straessle\/"}]}},"_links":{"self":[{"href":"https:\/\/news.save.ch\/de\/wp-json\/wp\/v2\/posts\/5304","targetHints":{"allow":["GET"]}}],"collection":[{"href":"https:\/\/news.save.ch\/de\/wp-json\/wp\/v2\/posts"}],"about":[{"href":"https:\/\/news.save.ch\/de\/wp-json\/wp\/v2\/types\/post"}],"author":[{"embeddable":true,"href":"https:\/\/news.save.ch\/de\/wp-json\/wp\/v2\/users\/8"}],"replies":[{"embeddable":true,"href":"https:\/\/news.save.ch\/de\/wp-json\/wp\/v2\/comments?post=5304"}],"version-history":[{"count":0,"href":"https:\/\/news.save.ch\/de\/wp-json\/wp\/v2\/posts\/5304\/revisions"}],"wp:featuredmedia":[{"embeddable":true,"href":"https:\/\/news.save.ch\/de\/wp-json\/wp\/v2\/media\/5305"}],"wp:attachment":[{"href":"https:\/\/news.save.ch\/de\/wp-json\/wp\/v2\/media?parent=5304"}],"wp:term":[{"taxonomy":"category","embeddable":true,"href":"https:\/\/news.save.ch\/de\/wp-json\/wp\/v2\/categories?post=5304"},{"taxonomy":"post_tag","embeddable":true,"href":"https:\/\/news.save.ch\/de\/wp-json\/wp\/v2\/tags?post=5304"}],"curies":[{"name":"wp","href":"https:\/\/api.w.org\/{rel}","templated":true}]}}