{"id":5347,"date":"2017-09-08T17:25:08","date_gmt":"2017-09-08T15:25:08","guid":{"rendered":"https:\/\/news.save.ch\/?p=5347"},"modified":"2017-09-08T17:25:08","modified_gmt":"2017-09-08T15:25:08","slug":"flugsicherheit-skyguide-und-wind-branche-kooperieren","status":null,"type":"post","link":"https:\/\/news.save.ch\/de\/flugsicherheit-skyguide-und-wind-branche-kooperieren\/","title":{"rendered":"Flugsicherung und Wind-Branche kooperieren"},"content":{"rendered":"<p><img loading=\"lazy\" decoding=\"async\" class=\"aligncenter size-medium wp-image-5348\" src=\"https:\/\/news.save.ch\/wp-content\/uploads\/2017\/09\/Depositphotos_8610489_m-2015.jpg\" alt=\"\" width=\"680\" height=\"454\" srcset=\"https:\/\/news.save.ch\/wp-content\/uploads\/2017\/09\/Depositphotos_8610489_m-2015.jpg 1000w, https:\/\/news.save.ch\/wp-content\/uploads\/2017\/09\/Depositphotos_8610489_m-2015-375x250.jpg 375w\" sizes=\"auto, (max-width: 680px) 100vw, 680px\" \/><\/p>\n<p>\u00a9 depositphotos<\/p>\n<p>&nbsp;<\/p>\n<p>\u201eDie Zusammenarbeit zwischen Projektentwicklern von Windenergieanlagen und <a href=\"https:\/\/www.skyguide.ch\/de\/\">Skyguide<\/a> entwickelt sich sehr positiv\u201c, erkl\u00e4rte Catherine Huguenin, zust\u00e4ndig f\u00fcr das Thema Windenergie bei Skyguide. Matthias Fries, technischer Experte bei Skyguide, erkl\u00e4rt:&#8220; Wegen ihrer beachtlichen Gr\u00f6sse sind Windenergieanlagen bei uns ein sehr wichtiges Thema. Als physische Hindernisse k\u00f6nnen sie unsere Flugverfahren beeintr\u00e4chtigen. Da sie auch die Funkwellen der Flugsicherungssysteme reflektieren, k\u00f6nnen sie wichtige Systeme wie zum Beispiel Radare oder Flugleitsysteme empfindlich st\u00f6ren. Viele Probleme sind jedoch l\u00f6sbar.\u201c Wichtig sei, dass die Projektentwickler und die Beh\u00f6rden Skyguide so fr\u00fch wie m\u00f6glich informiere. Das f\u00fcr die Flugsicherheit zust\u00e4ndige Unternehmen investiere 15 Millionen Franken in neue Radare, die besser mit Windenergieanlagen abgestimmt werden k\u00f6nnten. Zudem stehe man im intensiven Austausch zum Thema Windenergie mit Experten aus Europa und den USA, um sicherzustellen, dass in der Schweiz die neuesten Industrie-Standards Anwendung f\u00e4nden.<\/p>\n<p><strong>100 neu Anlagen bis 2025<br \/>\n<\/strong>\u201eWir freuen uns, dass wir bereits das zweite Branchenseminar am 8. September mit Skyguide durchf\u00fchren k\u00f6nnen\u201c, erkl\u00e4rte Reto Rigassi, Gesch\u00e4ftsf\u00fchrer von <a href=\"https:\/\/www.suisse-eole.ch\">Suisse Eole<\/a>, der Vereinigung zur F\u00f6rderung der Windenergie in der Schweiz. Windenergie leiste vor allem in den Wintermonaten einen wichtigen Beitrag zur Energieversorgung. Suisse Eole hat sich zum Ziel gesetzt, dass bis 2025 in der Schweiz 100 Windenergieanlagen Strom produzieren.<\/p>\n<p><strong>Die Sicht des Bundes<br \/>\n<\/strong>Vertreter des Bundesamts f\u00fcr Zivilluftfahrt, der Aufsichtsbeh\u00f6rde von Skyguide, waren am Seminar ebenfalls beteiligt. Sie zeigten auf, wie die Interessen der Windenergie beim Bewilligungsprozess f\u00fcr die Errichtung von Luftfahrthindernissen, wozu auch Windenergieanlagen z\u00e4hlen, ber\u00fccksichtigt werden. Ein Experte aus Frankreich stellte L\u00f6sungen vor, die ein Nebeneinander von Windeneregieanlagen und technischen Flugsicherungsanlagen erm\u00f6glichen k\u00f6nnten. Ferner gew\u00e4hrte ein Experte der Luftwaffe Einblick in milit\u00e4rische \u00dcberwachungssysteme und den sich daraus ergebende Fragestellungen bei der Entwicklung von Windenergieprojekten.<\/p>\n<p><em>Quelle: Suisse Eole<\/em><\/p>\n","protected":false},"excerpt":{"rendered":"<p>\u00a9 depositphotos &nbsp; \u201eDie Zusammenarbeit zwischen Projektentwicklern von Windenergieanlagen und Skyguide entwickelt sich sehr positiv\u201c, erkl\u00e4rte Catherine Huguenin, zust\u00e4ndig f\u00fcr das Thema Windenergie bei Skyguide. Matthias Fries, technischer Experte bei Skyguide, erkl\u00e4rt:&#8220; Wegen ihrer beachtlichen Gr\u00f6sse sind Windenergieanlagen bei uns ein sehr wichtiges Thema. Als physische Hindernisse k\u00f6nnen sie unsere Flugverfahren beeintr\u00e4chtigen. Da sie auch [&hellip;]<\/p>\n","protected":false},"author":8,"featured_media":5348,"comment_status":"open","ping_status":"open","sticky":false,"template":"","format":"standard","meta":{"_acf_changed":false,"pgc_sgb_lightbox_settings":"","footnotes":""},"categories":[1],"tags":[262,56,70],"class_list":["post-5347","post","type-post","status-publish","format-standard","has-post-thumbnail","hentry","category-allgemein","tag-energie","tag-flughafen","tag-sicherheit-diverses"],"acf":[],"hkrextid":null,"publication":null,"issue":null,"workflow":null,"startPage":null,"spitzmarke":null,"_posts_by_tag_page_fields":{"widget_title":"","widget_tags":""},"_at_widget":"1","_yoast_wpseo_primary_category":"1","_yoast_wpseo_focuskw_text_input":"Flugsicherheit","_yoast_wpseo_opengraph-image":null,"_yoast_wpseo_opengraph-description":null,"_yoast_wpseo_opengraph-title":null,"enclosure":null,"_yoast_wpseo_twitter-title":null,"_yoast_wpseo_twitter-description":null,"_yoast_wpseo_twitter-image":null,"_wp_old_slug":null,"_yoast_wpseo_title":null,"_yoast_wpseo_canonical":null,"yoast_head":"<!-- This site is optimized with the Yoast SEO plugin v27.4 - https:\/\/yoast.com\/product\/yoast-seo-wordpress\/ -->\n<title>Flugsicherung und Wind-Branche kooperieren - Save<\/title>\n<meta name=\"description\" content=\"Die Schweizer Flugsicherung Skyguide und Suisse Eole spannen zusammen: Sie wollen die Flugsicherheit und neue Windparks aufeinander abstimmen.\" \/>\n<meta name=\"robots\" content=\"index, follow, max-snippet:-1, max-image-preview:large, max-video-preview:-1\" \/>\n<link rel=\"canonical\" href=\"https:\/\/news.save.ch\/de\/flugsicherheit-skyguide-und-wind-branche-kooperieren\/\" \/>\n<meta property=\"og:locale\" content=\"de_DE\" \/>\n<meta property=\"og:type\" content=\"article\" \/>\n<meta property=\"og:title\" content=\"Flugsicherung und Wind-Branche kooperieren - Save\" \/>\n<meta property=\"og:description\" content=\"Die Schweizer Flugsicherung Skyguide und Suisse Eole spannen zusammen: Sie wollen die Flugsicherheit und neue Windparks aufeinander abstimmen.\" \/>\n<meta property=\"og:url\" content=\"https:\/\/news.save.ch\/de\/flugsicherheit-skyguide-und-wind-branche-kooperieren\/\" \/>\n<meta property=\"og:site_name\" content=\"Save\" \/>\n<meta property=\"article:published_time\" content=\"2017-09-08T15:25:08+00:00\" \/>\n<meta property=\"og:image\" content=\"https:\/\/news.save.ch\/wp-content\/uploads\/2017\/09\/Depositphotos_8610489_m-2015.jpg\" \/>\n\t<meta property=\"og:image:width\" content=\"1000\" \/>\n\t<meta property=\"og:image:height\" content=\"667\" \/>\n\t<meta property=\"og:image:type\" content=\"image\/jpeg\" \/>\n<meta name=\"author\" content=\"Roger Str\u00e4ssle\" \/>\n<meta name=\"twitter:card\" content=\"summary_large_image\" \/>\n<meta name=\"twitter:label1\" content=\"Geschrieben von\" \/>\n\t<meta name=\"twitter:data1\" content=\"Roger Str\u00e4ssle\" \/>\n\t<meta name=\"twitter:label2\" content=\"Gesch\u00e4tzte Lesezeit\" \/>\n\t<meta name=\"twitter:data2\" content=\"2\u00a0Minuten\" \/>\n<script type=\"application\/ld+json\" class=\"yoast-schema-graph\">{\"@context\":\"https:\\\/\\\/schema.org\",\"@graph\":[{\"@type\":\"Article\",\"@id\":\"https:\\\/\\\/news.save.ch\\\/flugsicherheit-skyguide-und-wind-branche-kooperieren\\\/#article\",\"isPartOf\":{\"@id\":\"https:\\\/\\\/news.save.ch\\\/flugsicherheit-skyguide-und-wind-branche-kooperieren\\\/\"},\"author\":{\"name\":\"Roger Str\u00e4ssle\",\"@id\":\"https:\\\/\\\/news.save.ch\\\/de\\\/#\\\/schema\\\/person\\\/d5022db048e0e2b9785c50e5b24da5aa\"},\"headline\":\"Flugsicherung und Wind-Branche kooperieren\",\"datePublished\":\"2017-09-08T15:25:08+00:00\",\"mainEntityOfPage\":{\"@id\":\"https:\\\/\\\/news.save.ch\\\/flugsicherheit-skyguide-und-wind-branche-kooperieren\\\/\"},\"wordCount\":314,\"commentCount\":0,\"publisher\":{\"@id\":\"https:\\\/\\\/news.save.ch\\\/de\\\/#organization\"},\"image\":{\"@id\":\"https:\\\/\\\/news.save.ch\\\/flugsicherheit-skyguide-und-wind-branche-kooperieren\\\/#primaryimage\"},\"thumbnailUrl\":\"https:\\\/\\\/news.save.ch\\\/wp-content\\\/uploads\\\/2017\\\/09\\\/Depositphotos_8610489_m-2015.jpg\",\"keywords\":[\"Energie\",\"Flughafen\",\"Sicherheit diverses\"],\"articleSection\":[\"ALLGEMEIN\"],\"inLanguage\":\"de\"},{\"@type\":\"WebPage\",\"@id\":\"https:\\\/\\\/news.save.ch\\\/flugsicherheit-skyguide-und-wind-branche-kooperieren\\\/\",\"url\":\"https:\\\/\\\/news.save.ch\\\/flugsicherheit-skyguide-und-wind-branche-kooperieren\\\/\",\"name\":\"Flugsicherung und Wind-Branche kooperieren - Save\",\"isPartOf\":{\"@id\":\"https:\\\/\\\/news.save.ch\\\/de\\\/#website\"},\"primaryImageOfPage\":{\"@id\":\"https:\\\/\\\/news.save.ch\\\/flugsicherheit-skyguide-und-wind-branche-kooperieren\\\/#primaryimage\"},\"image\":{\"@id\":\"https:\\\/\\\/news.save.ch\\\/flugsicherheit-skyguide-und-wind-branche-kooperieren\\\/#primaryimage\"},\"thumbnailUrl\":\"https:\\\/\\\/news.save.ch\\\/wp-content\\\/uploads\\\/2017\\\/09\\\/Depositphotos_8610489_m-2015.jpg\",\"datePublished\":\"2017-09-08T15:25:08+00:00\",\"description\":\"Die Schweizer Flugsicherung Skyguide und Suisse Eole spannen zusammen: Sie wollen die Flugsicherheit und neue Windparks aufeinander abstimmen.\",\"breadcrumb\":{\"@id\":\"https:\\\/\\\/news.save.ch\\\/flugsicherheit-skyguide-und-wind-branche-kooperieren\\\/#breadcrumb\"},\"inLanguage\":\"de\",\"potentialAction\":[{\"@type\":\"ReadAction\",\"target\":[\"https:\\\/\\\/news.save.ch\\\/flugsicherheit-skyguide-und-wind-branche-kooperieren\\\/\"]}]},{\"@type\":\"ImageObject\",\"inLanguage\":\"de\",\"@id\":\"https:\\\/\\\/news.save.ch\\\/flugsicherheit-skyguide-und-wind-branche-kooperieren\\\/#primaryimage\",\"url\":\"https:\\\/\\\/news.save.ch\\\/wp-content\\\/uploads\\\/2017\\\/09\\\/Depositphotos_8610489_m-2015.jpg\",\"contentUrl\":\"https:\\\/\\\/news.save.ch\\\/wp-content\\\/uploads\\\/2017\\\/09\\\/Depositphotos_8610489_m-2015.jpg\",\"width\":1000,\"height\":667,\"caption\":\"\u00a9 depositphotos\"},{\"@type\":\"BreadcrumbList\",\"@id\":\"https:\\\/\\\/news.save.ch\\\/flugsicherheit-skyguide-und-wind-branche-kooperieren\\\/#breadcrumb\",\"itemListElement\":[{\"@type\":\"ListItem\",\"position\":1,\"name\":\"Home\",\"item\":\"https:\\\/\\\/news.save.ch\\\/de\\\/\"},{\"@type\":\"ListItem\",\"position\":2,\"name\":\"Flugsicherung und Wind-Branche kooperieren\"}]},{\"@type\":\"WebSite\",\"@id\":\"https:\\\/\\\/news.save.ch\\\/de\\\/#website\",\"url\":\"https:\\\/\\\/news.save.ch\\\/de\\\/\",\"name\":\"Save\",\"description\":\"Schweizer Fachzeitschrift f\u00fcr Sicherheit\",\"publisher\":{\"@id\":\"https:\\\/\\\/news.save.ch\\\/de\\\/#organization\"},\"potentialAction\":[{\"@type\":\"SearchAction\",\"target\":{\"@type\":\"EntryPoint\",\"urlTemplate\":\"https:\\\/\\\/news.save.ch\\\/de\\\/?s={search_term_string}\"},\"query-input\":{\"@type\":\"PropertyValueSpecification\",\"valueRequired\":true,\"valueName\":\"search_term_string\"}}],\"inLanguage\":\"de\"},{\"@type\":\"Organization\",\"@id\":\"https:\\\/\\\/news.save.ch\\\/de\\\/#organization\",\"name\":\"Sicherheitsforum\",\"url\":\"https:\\\/\\\/news.save.ch\\\/de\\\/\",\"logo\":{\"@type\":\"ImageObject\",\"inLanguage\":\"de\",\"@id\":\"https:\\\/\\\/news.save.ch\\\/de\\\/#\\\/schema\\\/logo\\\/image\\\/\",\"url\":\"https:\\\/\\\/news.save.ch\\\/wp-content\\\/uploads\\\/2022\\\/06\\\/Logo_SF_2012.png\",\"contentUrl\":\"https:\\\/\\\/news.save.ch\\\/wp-content\\\/uploads\\\/2022\\\/06\\\/Logo_SF_2012.png\",\"width\":1100,\"height\":91,\"caption\":\"Sicherheitsforum\"},\"image\":{\"@id\":\"https:\\\/\\\/news.save.ch\\\/de\\\/#\\\/schema\\\/logo\\\/image\\\/\"}},{\"@type\":\"Person\",\"@id\":\"https:\\\/\\\/news.save.ch\\\/de\\\/#\\\/schema\\\/person\\\/d5022db048e0e2b9785c50e5b24da5aa\",\"name\":\"Roger Str\u00e4ssle\",\"image\":{\"@type\":\"ImageObject\",\"inLanguage\":\"de\",\"@id\":\"https:\\\/\\\/secure.gravatar.com\\\/avatar\\\/862a5569d087de48e5856e32f45d719a03804c891d6deb8d4f71a660e79e4a47?s=96&d=mm&r=g\",\"url\":\"https:\\\/\\\/secure.gravatar.com\\\/avatar\\\/862a5569d087de48e5856e32f45d719a03804c891d6deb8d4f71a660e79e4a47?s=96&d=mm&r=g\",\"contentUrl\":\"https:\\\/\\\/secure.gravatar.com\\\/avatar\\\/862a5569d087de48e5856e32f45d719a03804c891d6deb8d4f71a660e79e4a47?s=96&d=mm&r=g\",\"caption\":\"Roger Str\u00e4ssle\"},\"url\":\"https:\\\/\\\/news.save.ch\\\/de\\\/author\\\/roger-straessle\\\/\"}]}<\/script>\n<!-- \/ Yoast SEO plugin. -->","yoast_head_json":{"title":"Flugsicherung und Wind-Branche kooperieren - Save","description":"Die Schweizer Flugsicherung Skyguide und Suisse Eole spannen zusammen: Sie wollen die Flugsicherheit und neue Windparks aufeinander abstimmen.","robots":{"index":"index","follow":"follow","max-snippet":"max-snippet:-1","max-image-preview":"max-image-preview:large","max-video-preview":"max-video-preview:-1"},"canonical":"https:\/\/news.save.ch\/de\/flugsicherheit-skyguide-und-wind-branche-kooperieren\/","og_locale":"de_DE","og_type":"article","og_title":"Flugsicherung und Wind-Branche kooperieren - Save","og_description":"Die Schweizer Flugsicherung Skyguide und Suisse Eole spannen zusammen: Sie wollen die Flugsicherheit und neue Windparks aufeinander abstimmen.","og_url":"https:\/\/news.save.ch\/de\/flugsicherheit-skyguide-und-wind-branche-kooperieren\/","og_site_name":"Save","article_published_time":"2017-09-08T15:25:08+00:00","og_image":[{"width":1000,"height":667,"url":"https:\/\/news.save.ch\/wp-content\/uploads\/2017\/09\/Depositphotos_8610489_m-2015.jpg","type":"image\/jpeg"}],"author":"Roger Str\u00e4ssle","twitter_card":"summary_large_image","twitter_misc":{"Geschrieben von":"Roger Str\u00e4ssle","Gesch\u00e4tzte Lesezeit":"2\u00a0Minuten"},"schema":{"@context":"https:\/\/schema.org","@graph":[{"@type":"Article","@id":"https:\/\/news.save.ch\/flugsicherheit-skyguide-und-wind-branche-kooperieren\/#article","isPartOf":{"@id":"https:\/\/news.save.ch\/flugsicherheit-skyguide-und-wind-branche-kooperieren\/"},"author":{"name":"Roger Str\u00e4ssle","@id":"https:\/\/news.save.ch\/de\/#\/schema\/person\/d5022db048e0e2b9785c50e5b24da5aa"},"headline":"Flugsicherung und Wind-Branche kooperieren","datePublished":"2017-09-08T15:25:08+00:00","mainEntityOfPage":{"@id":"https:\/\/news.save.ch\/flugsicherheit-skyguide-und-wind-branche-kooperieren\/"},"wordCount":314,"commentCount":0,"publisher":{"@id":"https:\/\/news.save.ch\/de\/#organization"},"image":{"@id":"https:\/\/news.save.ch\/flugsicherheit-skyguide-und-wind-branche-kooperieren\/#primaryimage"},"thumbnailUrl":"https:\/\/news.save.ch\/wp-content\/uploads\/2017\/09\/Depositphotos_8610489_m-2015.jpg","keywords":["Energie","Flughafen","Sicherheit diverses"],"articleSection":["ALLGEMEIN"],"inLanguage":"de"},{"@type":"WebPage","@id":"https:\/\/news.save.ch\/flugsicherheit-skyguide-und-wind-branche-kooperieren\/","url":"https:\/\/news.save.ch\/flugsicherheit-skyguide-und-wind-branche-kooperieren\/","name":"Flugsicherung und Wind-Branche kooperieren - Save","isPartOf":{"@id":"https:\/\/news.save.ch\/de\/#website"},"primaryImageOfPage":{"@id":"https:\/\/news.save.ch\/flugsicherheit-skyguide-und-wind-branche-kooperieren\/#primaryimage"},"image":{"@id":"https:\/\/news.save.ch\/flugsicherheit-skyguide-und-wind-branche-kooperieren\/#primaryimage"},"thumbnailUrl":"https:\/\/news.save.ch\/wp-content\/uploads\/2017\/09\/Depositphotos_8610489_m-2015.jpg","datePublished":"2017-09-08T15:25:08+00:00","description":"Die Schweizer Flugsicherung Skyguide und Suisse Eole spannen zusammen: Sie wollen die Flugsicherheit und neue Windparks aufeinander abstimmen.","breadcrumb":{"@id":"https:\/\/news.save.ch\/flugsicherheit-skyguide-und-wind-branche-kooperieren\/#breadcrumb"},"inLanguage":"de","potentialAction":[{"@type":"ReadAction","target":["https:\/\/news.save.ch\/flugsicherheit-skyguide-und-wind-branche-kooperieren\/"]}]},{"@type":"ImageObject","inLanguage":"de","@id":"https:\/\/news.save.ch\/flugsicherheit-skyguide-und-wind-branche-kooperieren\/#primaryimage","url":"https:\/\/news.save.ch\/wp-content\/uploads\/2017\/09\/Depositphotos_8610489_m-2015.jpg","contentUrl":"https:\/\/news.save.ch\/wp-content\/uploads\/2017\/09\/Depositphotos_8610489_m-2015.jpg","width":1000,"height":667,"caption":"\u00a9 depositphotos"},{"@type":"BreadcrumbList","@id":"https:\/\/news.save.ch\/flugsicherheit-skyguide-und-wind-branche-kooperieren\/#breadcrumb","itemListElement":[{"@type":"ListItem","position":1,"name":"Home","item":"https:\/\/news.save.ch\/de\/"},{"@type":"ListItem","position":2,"name":"Flugsicherung und Wind-Branche kooperieren"}]},{"@type":"WebSite","@id":"https:\/\/news.save.ch\/de\/#website","url":"https:\/\/news.save.ch\/de\/","name":"Save","description":"Schweizer Fachzeitschrift f\u00fcr Sicherheit","publisher":{"@id":"https:\/\/news.save.ch\/de\/#organization"},"potentialAction":[{"@type":"SearchAction","target":{"@type":"EntryPoint","urlTemplate":"https:\/\/news.save.ch\/de\/?s={search_term_string}"},"query-input":{"@type":"PropertyValueSpecification","valueRequired":true,"valueName":"search_term_string"}}],"inLanguage":"de"},{"@type":"Organization","@id":"https:\/\/news.save.ch\/de\/#organization","name":"Sicherheitsforum","url":"https:\/\/news.save.ch\/de\/","logo":{"@type":"ImageObject","inLanguage":"de","@id":"https:\/\/news.save.ch\/de\/#\/schema\/logo\/image\/","url":"https:\/\/news.save.ch\/wp-content\/uploads\/2022\/06\/Logo_SF_2012.png","contentUrl":"https:\/\/news.save.ch\/wp-content\/uploads\/2022\/06\/Logo_SF_2012.png","width":1100,"height":91,"caption":"Sicherheitsforum"},"image":{"@id":"https:\/\/news.save.ch\/de\/#\/schema\/logo\/image\/"}},{"@type":"Person","@id":"https:\/\/news.save.ch\/de\/#\/schema\/person\/d5022db048e0e2b9785c50e5b24da5aa","name":"Roger Str\u00e4ssle","image":{"@type":"ImageObject","inLanguage":"de","@id":"https:\/\/secure.gravatar.com\/avatar\/862a5569d087de48e5856e32f45d719a03804c891d6deb8d4f71a660e79e4a47?s=96&d=mm&r=g","url":"https:\/\/secure.gravatar.com\/avatar\/862a5569d087de48e5856e32f45d719a03804c891d6deb8d4f71a660e79e4a47?s=96&d=mm&r=g","contentUrl":"https:\/\/secure.gravatar.com\/avatar\/862a5569d087de48e5856e32f45d719a03804c891d6deb8d4f71a660e79e4a47?s=96&d=mm&r=g","caption":"Roger Str\u00e4ssle"},"url":"https:\/\/news.save.ch\/de\/author\/roger-straessle\/"}]}},"_links":{"self":[{"href":"https:\/\/news.save.ch\/de\/wp-json\/wp\/v2\/posts\/5347","targetHints":{"allow":["GET"]}}],"collection":[{"href":"https:\/\/news.save.ch\/de\/wp-json\/wp\/v2\/posts"}],"about":[{"href":"https:\/\/news.save.ch\/de\/wp-json\/wp\/v2\/types\/post"}],"author":[{"embeddable":true,"href":"https:\/\/news.save.ch\/de\/wp-json\/wp\/v2\/users\/8"}],"replies":[{"embeddable":true,"href":"https:\/\/news.save.ch\/de\/wp-json\/wp\/v2\/comments?post=5347"}],"version-history":[{"count":0,"href":"https:\/\/news.save.ch\/de\/wp-json\/wp\/v2\/posts\/5347\/revisions"}],"wp:featuredmedia":[{"embeddable":true,"href":"https:\/\/news.save.ch\/de\/wp-json\/wp\/v2\/media\/5348"}],"wp:attachment":[{"href":"https:\/\/news.save.ch\/de\/wp-json\/wp\/v2\/media?parent=5347"}],"wp:term":[{"taxonomy":"category","embeddable":true,"href":"https:\/\/news.save.ch\/de\/wp-json\/wp\/v2\/categories?post=5347"},{"taxonomy":"post_tag","embeddable":true,"href":"https:\/\/news.save.ch\/de\/wp-json\/wp\/v2\/tags?post=5347"}],"curies":[{"name":"wp","href":"https:\/\/api.w.org\/{rel}","templated":true}]}}