{"id":5355,"date":"2017-09-12T11:47:59","date_gmt":"2017-09-12T09:47:59","guid":{"rendered":"https:\/\/news.save.ch\/?p=5355"},"modified":"2017-09-12T11:47:59","modified_gmt":"2017-09-12T09:47:59","slug":"gute-zahlen-integration-auf-kurs","status":null,"type":"post","link":"https:\/\/news.save.ch\/de\/gute-zahlen-integration-auf-kurs\/","title":{"rendered":"Gute Zahlen \u2013 Integration auf Kurs"},"content":{"rendered":"<p><img loading=\"lazy\" decoding=\"async\" class=\"aligncenter wp-image-5356 size-medium\" src=\"https:\/\/news.save.ch\/wp-content\/uploads\/2017\/09\/dormakaba.jpg\" alt=\"Gesch\u00e4ftsjahr 2016\/17 Dormakaba\" width=\"680\" height=\"510\" srcset=\"https:\/\/news.save.ch\/wp-content\/uploads\/2017\/09\/dormakaba.jpg 1162w, https:\/\/news.save.ch\/wp-content\/uploads\/2017\/09\/dormakaba-375x281.jpg 375w\" sizes=\"auto, (max-width: 680px) 100vw, 680px\" \/><\/p>\n<p>&nbsp;<\/p>\n<p>Gem\u00e4ss Riet Cadonau ist die Gruppe im Integrationsprozess von Dorma und Kaba auf Kurs, was sich \u00fcber Synergieeffekte und Kostensenkungen positiv auf die Profitabilit\u00e4t auswirkt. Nebst den im Berichtsjahr 2016\/17 get\u00e4tigten Akquisitionen habe auch die sehr gute Gesch\u00e4ftsentwicklung in AS Amerika und AS Pazifik zur Steigerung des Ebitda um insgesamt 54,6 Mio. auf 387,3 Mio. Fr. beigetragen. Die Ebitda-Marge erreichte 15,4% (Vorjahr: 14,4%).\u00a0Die Gruppe hat im <a href=\"https:\/\/www.dormakaba.com\/de\/investor-relations\/jahresresultate-2016-2017\/finanzkommentar\">Gesch\u00e4ftsjahr 2016\/17<\/a> ein Ergebnis von 295,2 Mio. Fr. (Vorjahr: 262,0 Mio. Fr.) erzielt.<\/p>\n<p><strong>Integrationsprozess bald abgeschlossen\u00a0<\/strong><\/p>\n<p>Den Integrationsprozess habe die Gruppe auch im Gesch\u00e4ftsjahr 2016\/17 konsequent vorangetrieben, so Cadonau. Dabei standen die Implementierung klar definierter Integrationsprojekte wie die Zusammenf\u00fchrung der rechtlichen Einheiten in den einzelnen L\u00e4ndern sowie weitere Investitionen in eine gemeinsame, global ausgerichtete IT-Infrastruktur und die Etablierung der neuen Dachmarke im Vordergrund, wie der CEO ferner betont hat. Gem\u00e4ss Cadonau tritt der Integrationsprozess jetzt in die letzte relevante Phase: Dormakaba gehe davon aus, dass die Integration wie vorgesehen bis zum Ende des Gesch\u00e4ftsjahres 2017\/18 weitgehend abgeschlossen sein werde<\/p>\n<p><strong>Strategisch wichtige Akquisitionen <\/strong><\/p>\n<p>Im Berichtsjahr hat die Gruppe ihre Marktposition in Nordamerika gest\u00e4rkt: Mit den \u00dcbernahmen von Mesker und Best Access Solutions sei man im attraktiven nordamerikanischen Markt zu einem Top-3-Anbieter f\u00fcr T\u00fcrbeschl\u00e4ge und Zutrittskontrolll\u00f6sungen geworden, sagte Cadonau.<\/p>\n<p><strong>Fokussierung auf die Digitalisierung <\/strong><\/p>\n<p>F\u00fcr das Gesch\u00e4ftsjahr 2017\/18 sieht der CEO drei zentrale Herausforderungen:<\/p>\n<ul>\n<li>Die Gruppe muss die Endphase des Integrationsprozesses erfolgreich bew\u00e4ltigen.<\/li>\n<li>Die Unternehmung will stark auf die Digitalisierung setzen und entsprechend in Mitarbeitende, Prozesse und Technologien investieren.<\/li>\n<li>Zudem, und das m\u00fcsste eigentlich jedes Unternehmen anstreben, fokussiere man weiterhin auf eine Gesch\u00e4ftsentwicklung, die Produkte, L\u00f6sungen und Services liefere, die dem Kunden einen Mehrwert bescheren.<\/li>\n<\/ul>\n<p><strong>H\u00f6here Dividende beantragt <\/strong><\/p>\n<p>Die Generalversammlung von Dormakaba findet am 17. Oktober 2017 statt. Als Folge der sehr guten Ergebnisse beantrage der Verwaltungsrat deshalb die Auszahlung einer Dividende von 14 Franken pro Namenaktie f\u00fcr das Gesch\u00e4ftsjahr 2016\/17. Dies entspreche gegen\u00fcber dem Vorjahr einer Steigerung von 2 Franken. \u00a0<em>pd\/rs<\/em><\/p>\n<p>&nbsp;<\/p>\n","protected":false},"excerpt":{"rendered":"<p>&nbsp; Gem\u00e4ss Riet Cadonau ist die Gruppe im Integrationsprozess von Dorma und Kaba auf Kurs, was sich \u00fcber Synergieeffekte und Kostensenkungen positiv auf die Profitabilit\u00e4t auswirkt. Nebst den im Berichtsjahr 2016\/17 get\u00e4tigten Akquisitionen habe auch die sehr gute Gesch\u00e4ftsentwicklung in AS Amerika und AS Pazifik zur Steigerung des Ebitda um insgesamt 54,6 Mio. auf 387,3 [&hellip;]<\/p>\n","protected":false},"author":8,"featured_media":5356,"comment_status":"open","ping_status":"open","sticky":false,"template":"","format":"standard","meta":{"_acf_changed":false,"pgc_sgb_lightbox_settings":"","footnotes":""},"categories":[1],"tags":[358,65],"class_list":["post-5355","post","type-post","status-publish","format-standard","has-post-thumbnail","hentry","category-allgemein","tag-finanzzahlen","tag-unternehmen"],"acf":[],"hkrextid":null,"publication":null,"issue":null,"workflow":null,"startPage":null,"spitzmarke":null,"_posts_by_tag_page_fields":{"widget_title":"","widget_tags":""},"_at_widget":"1","_yoast_wpseo_primary_category":"1","_yoast_wpseo_focuskw_text_input":"dormakaba","_yoast_wpseo_opengraph-image":null,"_yoast_wpseo_opengraph-description":null,"_yoast_wpseo_opengraph-title":null,"enclosure":null,"_yoast_wpseo_twitter-title":null,"_yoast_wpseo_twitter-description":null,"_yoast_wpseo_twitter-image":null,"_wp_old_slug":null,"_yoast_wpseo_title":null,"_yoast_wpseo_canonical":null,"yoast_head":"<!-- This site is optimized with the Yoast SEO plugin v27.5 - https:\/\/yoast.com\/product\/yoast-seo-wordpress\/ -->\n<title>Gute Zahlen \u2013 Integration auf Kurs - Save<\/title>\n<meta name=\"description\" content=\"Dormakaba steigerte f\u00fcr das Gesch\u00e4ftsjahr 2016\/17 den konsolidierten Umsatz um 9,4% auf 2,52 Mrd. Fr. (Vorjahr: 2,30 Mrd. Fr.).\" \/>\n<meta name=\"robots\" content=\"index, follow, max-snippet:-1, max-image-preview:large, max-video-preview:-1\" \/>\n<link rel=\"canonical\" href=\"https:\/\/news.save.ch\/de\/gute-zahlen-integration-auf-kurs\/\" \/>\n<meta property=\"og:locale\" content=\"de_DE\" \/>\n<meta property=\"og:type\" content=\"article\" \/>\n<meta property=\"og:title\" content=\"Gute Zahlen \u2013 Integration auf Kurs - Save\" \/>\n<meta property=\"og:description\" content=\"Dormakaba steigerte f\u00fcr das Gesch\u00e4ftsjahr 2016\/17 den konsolidierten Umsatz um 9,4% auf 2,52 Mrd. Fr. (Vorjahr: 2,30 Mrd. Fr.).\" \/>\n<meta property=\"og:url\" content=\"https:\/\/news.save.ch\/de\/gute-zahlen-integration-auf-kurs\/\" \/>\n<meta property=\"og:site_name\" content=\"Save\" \/>\n<meta property=\"article:published_time\" content=\"2017-09-12T09:47:59+00:00\" \/>\n<meta property=\"og:image\" content=\"https:\/\/news.save.ch\/wp-content\/uploads\/2017\/09\/dormakaba.jpg\" \/>\n\t<meta property=\"og:image:width\" content=\"1162\" \/>\n\t<meta property=\"og:image:height\" content=\"871\" \/>\n\t<meta property=\"og:image:type\" content=\"image\/jpeg\" \/>\n<meta name=\"author\" content=\"Roger Str\u00e4ssle\" \/>\n<meta name=\"twitter:card\" content=\"summary_large_image\" \/>\n<meta name=\"twitter:label1\" content=\"Geschrieben von\" \/>\n\t<meta name=\"twitter:data1\" content=\"Roger Str\u00e4ssle\" \/>\n\t<meta name=\"twitter:label2\" content=\"Gesch\u00e4tzte Lesezeit\" \/>\n\t<meta name=\"twitter:data2\" content=\"2\u00a0Minuten\" \/>\n<script type=\"application\/ld+json\" class=\"yoast-schema-graph\">{\"@context\":\"https:\\\/\\\/schema.org\",\"@graph\":[{\"@type\":\"Article\",\"@id\":\"https:\\\/\\\/news.save.ch\\\/gute-zahlen-integration-auf-kurs\\\/#article\",\"isPartOf\":{\"@id\":\"https:\\\/\\\/news.save.ch\\\/gute-zahlen-integration-auf-kurs\\\/\"},\"author\":{\"name\":\"Roger Str\u00e4ssle\",\"@id\":\"https:\\\/\\\/news.save.ch\\\/de\\\/#\\\/schema\\\/person\\\/d5022db048e0e2b9785c50e5b24da5aa\"},\"headline\":\"Gute Zahlen \u2013 Integration auf Kurs\",\"datePublished\":\"2017-09-12T09:47:59+00:00\",\"mainEntityOfPage\":{\"@id\":\"https:\\\/\\\/news.save.ch\\\/gute-zahlen-integration-auf-kurs\\\/\"},\"wordCount\":334,\"commentCount\":0,\"publisher\":{\"@id\":\"https:\\\/\\\/news.save.ch\\\/de\\\/#organization\"},\"image\":{\"@id\":\"https:\\\/\\\/news.save.ch\\\/gute-zahlen-integration-auf-kurs\\\/#primaryimage\"},\"thumbnailUrl\":\"https:\\\/\\\/news.save.ch\\\/wp-content\\\/uploads\\\/2017\\\/09\\\/dormakaba.jpg\",\"keywords\":[\"Finanzzahlen\",\"Unternehmen\"],\"articleSection\":[\"ALLGEMEIN\"],\"inLanguage\":\"de\"},{\"@type\":\"WebPage\",\"@id\":\"https:\\\/\\\/news.save.ch\\\/gute-zahlen-integration-auf-kurs\\\/\",\"url\":\"https:\\\/\\\/news.save.ch\\\/gute-zahlen-integration-auf-kurs\\\/\",\"name\":\"Gute Zahlen \u2013 Integration auf Kurs - Save\",\"isPartOf\":{\"@id\":\"https:\\\/\\\/news.save.ch\\\/de\\\/#website\"},\"primaryImageOfPage\":{\"@id\":\"https:\\\/\\\/news.save.ch\\\/gute-zahlen-integration-auf-kurs\\\/#primaryimage\"},\"image\":{\"@id\":\"https:\\\/\\\/news.save.ch\\\/gute-zahlen-integration-auf-kurs\\\/#primaryimage\"},\"thumbnailUrl\":\"https:\\\/\\\/news.save.ch\\\/wp-content\\\/uploads\\\/2017\\\/09\\\/dormakaba.jpg\",\"datePublished\":\"2017-09-12T09:47:59+00:00\",\"description\":\"Dormakaba steigerte f\u00fcr das Gesch\u00e4ftsjahr 2016\\\/17 den konsolidierten Umsatz um 9,4% auf 2,52 Mrd. Fr. (Vorjahr: 2,30 Mrd. Fr.).\",\"breadcrumb\":{\"@id\":\"https:\\\/\\\/news.save.ch\\\/gute-zahlen-integration-auf-kurs\\\/#breadcrumb\"},\"inLanguage\":\"de\",\"potentialAction\":[{\"@type\":\"ReadAction\",\"target\":[\"https:\\\/\\\/news.save.ch\\\/gute-zahlen-integration-auf-kurs\\\/\"]}]},{\"@type\":\"ImageObject\",\"inLanguage\":\"de\",\"@id\":\"https:\\\/\\\/news.save.ch\\\/gute-zahlen-integration-auf-kurs\\\/#primaryimage\",\"url\":\"https:\\\/\\\/news.save.ch\\\/wp-content\\\/uploads\\\/2017\\\/09\\\/dormakaba.jpg\",\"contentUrl\":\"https:\\\/\\\/news.save.ch\\\/wp-content\\\/uploads\\\/2017\\\/09\\\/dormakaba.jpg\",\"width\":1162,\"height\":871},{\"@type\":\"BreadcrumbList\",\"@id\":\"https:\\\/\\\/news.save.ch\\\/gute-zahlen-integration-auf-kurs\\\/#breadcrumb\",\"itemListElement\":[{\"@type\":\"ListItem\",\"position\":1,\"name\":\"Home\",\"item\":\"https:\\\/\\\/news.save.ch\\\/de\\\/\"},{\"@type\":\"ListItem\",\"position\":2,\"name\":\"Gute Zahlen \u2013 Integration auf Kurs\"}]},{\"@type\":\"WebSite\",\"@id\":\"https:\\\/\\\/news.save.ch\\\/de\\\/#website\",\"url\":\"https:\\\/\\\/news.save.ch\\\/de\\\/\",\"name\":\"Save\",\"description\":\"Schweizer Fachzeitschrift f\u00fcr Sicherheit\",\"publisher\":{\"@id\":\"https:\\\/\\\/news.save.ch\\\/de\\\/#organization\"},\"potentialAction\":[{\"@type\":\"SearchAction\",\"target\":{\"@type\":\"EntryPoint\",\"urlTemplate\":\"https:\\\/\\\/news.save.ch\\\/de\\\/?s={search_term_string}\"},\"query-input\":{\"@type\":\"PropertyValueSpecification\",\"valueRequired\":true,\"valueName\":\"search_term_string\"}}],\"inLanguage\":\"de\"},{\"@type\":\"Organization\",\"@id\":\"https:\\\/\\\/news.save.ch\\\/de\\\/#organization\",\"name\":\"Sicherheitsforum\",\"url\":\"https:\\\/\\\/news.save.ch\\\/de\\\/\",\"logo\":{\"@type\":\"ImageObject\",\"inLanguage\":\"de\",\"@id\":\"https:\\\/\\\/news.save.ch\\\/de\\\/#\\\/schema\\\/logo\\\/image\\\/\",\"url\":\"https:\\\/\\\/news.save.ch\\\/wp-content\\\/uploads\\\/2022\\\/06\\\/Logo_SF_2012.png\",\"contentUrl\":\"https:\\\/\\\/news.save.ch\\\/wp-content\\\/uploads\\\/2022\\\/06\\\/Logo_SF_2012.png\",\"width\":1100,\"height\":91,\"caption\":\"Sicherheitsforum\"},\"image\":{\"@id\":\"https:\\\/\\\/news.save.ch\\\/de\\\/#\\\/schema\\\/logo\\\/image\\\/\"}},{\"@type\":\"Person\",\"@id\":\"https:\\\/\\\/news.save.ch\\\/de\\\/#\\\/schema\\\/person\\\/d5022db048e0e2b9785c50e5b24da5aa\",\"name\":\"Roger Str\u00e4ssle\",\"image\":{\"@type\":\"ImageObject\",\"inLanguage\":\"de\",\"@id\":\"https:\\\/\\\/secure.gravatar.com\\\/avatar\\\/862a5569d087de48e5856e32f45d719a03804c891d6deb8d4f71a660e79e4a47?s=96&d=mm&r=g\",\"url\":\"https:\\\/\\\/secure.gravatar.com\\\/avatar\\\/862a5569d087de48e5856e32f45d719a03804c891d6deb8d4f71a660e79e4a47?s=96&d=mm&r=g\",\"contentUrl\":\"https:\\\/\\\/secure.gravatar.com\\\/avatar\\\/862a5569d087de48e5856e32f45d719a03804c891d6deb8d4f71a660e79e4a47?s=96&d=mm&r=g\",\"caption\":\"Roger Str\u00e4ssle\"},\"url\":\"https:\\\/\\\/news.save.ch\\\/de\\\/author\\\/roger-straessle\\\/\"}]}<\/script>\n<!-- \/ Yoast SEO plugin. -->","yoast_head_json":{"title":"Gute Zahlen \u2013 Integration auf Kurs - Save","description":"Dormakaba steigerte f\u00fcr das Gesch\u00e4ftsjahr 2016\/17 den konsolidierten Umsatz um 9,4% auf 2,52 Mrd. Fr. (Vorjahr: 2,30 Mrd. Fr.).","robots":{"index":"index","follow":"follow","max-snippet":"max-snippet:-1","max-image-preview":"max-image-preview:large","max-video-preview":"max-video-preview:-1"},"canonical":"https:\/\/news.save.ch\/de\/gute-zahlen-integration-auf-kurs\/","og_locale":"de_DE","og_type":"article","og_title":"Gute Zahlen \u2013 Integration auf Kurs - Save","og_description":"Dormakaba steigerte f\u00fcr das Gesch\u00e4ftsjahr 2016\/17 den konsolidierten Umsatz um 9,4% auf 2,52 Mrd. Fr. (Vorjahr: 2,30 Mrd. Fr.).","og_url":"https:\/\/news.save.ch\/de\/gute-zahlen-integration-auf-kurs\/","og_site_name":"Save","article_published_time":"2017-09-12T09:47:59+00:00","og_image":[{"width":1162,"height":871,"url":"https:\/\/news.save.ch\/wp-content\/uploads\/2017\/09\/dormakaba.jpg","type":"image\/jpeg"}],"author":"Roger Str\u00e4ssle","twitter_card":"summary_large_image","twitter_misc":{"Geschrieben von":"Roger Str\u00e4ssle","Gesch\u00e4tzte Lesezeit":"2\u00a0Minuten"},"schema":{"@context":"https:\/\/schema.org","@graph":[{"@type":"Article","@id":"https:\/\/news.save.ch\/gute-zahlen-integration-auf-kurs\/#article","isPartOf":{"@id":"https:\/\/news.save.ch\/gute-zahlen-integration-auf-kurs\/"},"author":{"name":"Roger Str\u00e4ssle","@id":"https:\/\/news.save.ch\/de\/#\/schema\/person\/d5022db048e0e2b9785c50e5b24da5aa"},"headline":"Gute Zahlen \u2013 Integration auf Kurs","datePublished":"2017-09-12T09:47:59+00:00","mainEntityOfPage":{"@id":"https:\/\/news.save.ch\/gute-zahlen-integration-auf-kurs\/"},"wordCount":334,"commentCount":0,"publisher":{"@id":"https:\/\/news.save.ch\/de\/#organization"},"image":{"@id":"https:\/\/news.save.ch\/gute-zahlen-integration-auf-kurs\/#primaryimage"},"thumbnailUrl":"https:\/\/news.save.ch\/wp-content\/uploads\/2017\/09\/dormakaba.jpg","keywords":["Finanzzahlen","Unternehmen"],"articleSection":["ALLGEMEIN"],"inLanguage":"de"},{"@type":"WebPage","@id":"https:\/\/news.save.ch\/gute-zahlen-integration-auf-kurs\/","url":"https:\/\/news.save.ch\/gute-zahlen-integration-auf-kurs\/","name":"Gute Zahlen \u2013 Integration auf Kurs - Save","isPartOf":{"@id":"https:\/\/news.save.ch\/de\/#website"},"primaryImageOfPage":{"@id":"https:\/\/news.save.ch\/gute-zahlen-integration-auf-kurs\/#primaryimage"},"image":{"@id":"https:\/\/news.save.ch\/gute-zahlen-integration-auf-kurs\/#primaryimage"},"thumbnailUrl":"https:\/\/news.save.ch\/wp-content\/uploads\/2017\/09\/dormakaba.jpg","datePublished":"2017-09-12T09:47:59+00:00","description":"Dormakaba steigerte f\u00fcr das Gesch\u00e4ftsjahr 2016\/17 den konsolidierten Umsatz um 9,4% auf 2,52 Mrd. Fr. (Vorjahr: 2,30 Mrd. Fr.).","breadcrumb":{"@id":"https:\/\/news.save.ch\/gute-zahlen-integration-auf-kurs\/#breadcrumb"},"inLanguage":"de","potentialAction":[{"@type":"ReadAction","target":["https:\/\/news.save.ch\/gute-zahlen-integration-auf-kurs\/"]}]},{"@type":"ImageObject","inLanguage":"de","@id":"https:\/\/news.save.ch\/gute-zahlen-integration-auf-kurs\/#primaryimage","url":"https:\/\/news.save.ch\/wp-content\/uploads\/2017\/09\/dormakaba.jpg","contentUrl":"https:\/\/news.save.ch\/wp-content\/uploads\/2017\/09\/dormakaba.jpg","width":1162,"height":871},{"@type":"BreadcrumbList","@id":"https:\/\/news.save.ch\/gute-zahlen-integration-auf-kurs\/#breadcrumb","itemListElement":[{"@type":"ListItem","position":1,"name":"Home","item":"https:\/\/news.save.ch\/de\/"},{"@type":"ListItem","position":2,"name":"Gute Zahlen \u2013 Integration auf Kurs"}]},{"@type":"WebSite","@id":"https:\/\/news.save.ch\/de\/#website","url":"https:\/\/news.save.ch\/de\/","name":"Save","description":"Schweizer Fachzeitschrift f\u00fcr Sicherheit","publisher":{"@id":"https:\/\/news.save.ch\/de\/#organization"},"potentialAction":[{"@type":"SearchAction","target":{"@type":"EntryPoint","urlTemplate":"https:\/\/news.save.ch\/de\/?s={search_term_string}"},"query-input":{"@type":"PropertyValueSpecification","valueRequired":true,"valueName":"search_term_string"}}],"inLanguage":"de"},{"@type":"Organization","@id":"https:\/\/news.save.ch\/de\/#organization","name":"Sicherheitsforum","url":"https:\/\/news.save.ch\/de\/","logo":{"@type":"ImageObject","inLanguage":"de","@id":"https:\/\/news.save.ch\/de\/#\/schema\/logo\/image\/","url":"https:\/\/news.save.ch\/wp-content\/uploads\/2022\/06\/Logo_SF_2012.png","contentUrl":"https:\/\/news.save.ch\/wp-content\/uploads\/2022\/06\/Logo_SF_2012.png","width":1100,"height":91,"caption":"Sicherheitsforum"},"image":{"@id":"https:\/\/news.save.ch\/de\/#\/schema\/logo\/image\/"}},{"@type":"Person","@id":"https:\/\/news.save.ch\/de\/#\/schema\/person\/d5022db048e0e2b9785c50e5b24da5aa","name":"Roger Str\u00e4ssle","image":{"@type":"ImageObject","inLanguage":"de","@id":"https:\/\/secure.gravatar.com\/avatar\/862a5569d087de48e5856e32f45d719a03804c891d6deb8d4f71a660e79e4a47?s=96&d=mm&r=g","url":"https:\/\/secure.gravatar.com\/avatar\/862a5569d087de48e5856e32f45d719a03804c891d6deb8d4f71a660e79e4a47?s=96&d=mm&r=g","contentUrl":"https:\/\/secure.gravatar.com\/avatar\/862a5569d087de48e5856e32f45d719a03804c891d6deb8d4f71a660e79e4a47?s=96&d=mm&r=g","caption":"Roger Str\u00e4ssle"},"url":"https:\/\/news.save.ch\/de\/author\/roger-straessle\/"}]}},"_links":{"self":[{"href":"https:\/\/news.save.ch\/de\/wp-json\/wp\/v2\/posts\/5355","targetHints":{"allow":["GET"]}}],"collection":[{"href":"https:\/\/news.save.ch\/de\/wp-json\/wp\/v2\/posts"}],"about":[{"href":"https:\/\/news.save.ch\/de\/wp-json\/wp\/v2\/types\/post"}],"author":[{"embeddable":true,"href":"https:\/\/news.save.ch\/de\/wp-json\/wp\/v2\/users\/8"}],"replies":[{"embeddable":true,"href":"https:\/\/news.save.ch\/de\/wp-json\/wp\/v2\/comments?post=5355"}],"version-history":[{"count":0,"href":"https:\/\/news.save.ch\/de\/wp-json\/wp\/v2\/posts\/5355\/revisions"}],"wp:featuredmedia":[{"embeddable":true,"href":"https:\/\/news.save.ch\/de\/wp-json\/wp\/v2\/media\/5356"}],"wp:attachment":[{"href":"https:\/\/news.save.ch\/de\/wp-json\/wp\/v2\/media?parent=5355"}],"wp:term":[{"taxonomy":"category","embeddable":true,"href":"https:\/\/news.save.ch\/de\/wp-json\/wp\/v2\/categories?post=5355"},{"taxonomy":"post_tag","embeddable":true,"href":"https:\/\/news.save.ch\/de\/wp-json\/wp\/v2\/tags?post=5355"}],"curies":[{"name":"wp","href":"https:\/\/api.w.org\/{rel}","templated":true}]}}