{"id":5377,"date":"2017-09-18T17:17:05","date_gmt":"2017-09-18T15:17:05","guid":{"rendered":"https:\/\/news.save.ch\/?p=5377"},"modified":"2023-03-14T08:57:01","modified_gmt":"2023-03-14T07:57:01","slug":"websites-ch-und-swiss-staerker-schuetzen","status":null,"type":"post","link":"https:\/\/news.save.ch\/de\/websites-ch-und-swiss-staerker-schuetzen\/","title":{"rendered":"Websites .ch und .swiss st\u00e4rker sch\u00fctzen"},"content":{"rendered":"<figure id=\"attachment_5378\" aria-describedby=\"caption-attachment-5378\" style=\"width: 680px\" class=\"wp-caption aligncenter\"><img loading=\"lazy\" decoding=\"async\" class=\"wp-image-5378 size-medium\" src=\"https:\/\/news.save.ch\/wp-content\/uploads\/2017\/09\/Depositphotos_22547851_m-2015.jpg\" alt=\"VID-Revision, Cyberkriminelle, Internet-Domains, .ch, .swiss\" width=\"680\" height=\"756\" srcset=\"https:\/\/news.save.ch\/wp-content\/uploads\/2017\/09\/Depositphotos_22547851_m-2015.jpg 900w, https:\/\/news.save.ch\/wp-content\/uploads\/2017\/09\/Depositphotos_22547851_m-2015-270x300.jpg 270w\" sizes=\"auto, (max-width: 680px) 100vw, 680px\" \/><figcaption id=\"caption-attachment-5378\" class=\"wp-caption-text\">\u00a9 depositphotos<\/figcaption><\/figure>\n<p>&nbsp;<\/p>\n<p>Die Domains .ch und .swiss geh\u00f6ren laut bundesr\u00e4tlicher Mitteilung zu den <a href=\"https:\/\/news.save.ch\/domain-ch-switch-mit-bester-cybercrime-abwehr\/\">sichersten Internet-Adressen<\/a> auf der Welt. Doch die Methoden der Cyberkriminellen entwickeln sich kontinuierlich weiter. Deshalb sei eine Anpassung der revidierten Verordnung \u00fcber Internet-Domains (VID) n\u00f6tig geworden, bei der zus\u00e4tzlich die Empfehlungen der Internet Corporation for Assigned Names and Numbers (ICANN), der globalen Verwaltungsstelle von Internetadressen, integriert werden konnten.<\/p>\n<p><strong>Kampf gegen Phishing und Malware<\/strong><\/p>\n<p>Der Bundesrat hat gr\u00fcnes Licht gegeben f\u00fcr die neuen Verordnungsbestimmungen, die am 1. November 2017 in Kraft treten werden. Im Kampf gegen Cyberkriminalit\u00e4t w\u00fcrden k\u00fcnftig alle F\u00e4lle ber\u00fccksichtigt, in denen ein Domain-Name zu Phishing-Zwecken oder der Verbreitung von Malware verwendet werde. Demnach wird es gem\u00e4ss Angaben k\u00fcnftig m\u00f6glich sein, auch .ch- oder .swiss-Websites zu sperren, die nicht direkt f\u00fcr rechtswidrige Handlungen genutzt, mit denen jedoch solche Aktivit\u00e4ten unterst\u00fctzt werden. Mit den neuen Vorschriften w\u00fcrden ausserdem die provisorischen Massnahmen genauer definiert, die die Beh\u00f6rden anordnen k\u00f6nnten. So k\u00f6nne die Beh\u00f6rde verlangen, dass der zu einer potenziell gef\u00e4hrlichen Internetadresse f\u00fchrende Datenverkehr zu ihr umgeleitet werde. Auf diese Weise k\u00f6nne man die infizierten Server ausfindig machen, die Opfer informieren und eine technische Analyse der Funktionsweise vornehmen, um Techniken zur Bek\u00e4mpfung solcher krimineller Handlungen zu entwickeln. Weiter werde es von nun an m\u00f6glich sein, die Zuteilung von Domain-Namen mit der Endung .ch und .swiss zu verweigern, wenn diese f\u00fcr illegale Zwecke eingesetzt werden k\u00f6nnten. Die neuen Rechtsgrundlagen w\u00fcrden zudem die Amtshilfe und die Zusammenarbeit mit privaten Akteuren im Kampf gegen die Cyberkriminalit\u00e4t erleichtern.<\/p>\n<p><strong>Zuteilung von .swiss-Domain-Namen<\/strong><\/p>\n<p>Die Regeln zu .swiss wiederum m\u00fcssen entsprechend den in den ersten zwei Betriebsjahren mit der Domain gemachten Erfahrungen angepasst werden, wie es weiter heisst. Dabei werde am Prinzip festgehalten, dass .swiss-Adressen nur Personen zugeteilt werden k\u00f6nne, die als Einzelfirma im Handelsregister eingetragen seien. Denn die Domain sei als Erg\u00e4nzung zur \u00fcberaus beliebten .ch-Domain zu einem Schaufenster der Schweizer Unternehmen und Institutionen im Internet geworden. Eine allgemeine \u00d6ffnung w\u00fcrde das aktuelle Image und die derzeitige Position von .swiss sowohl national als auch international gef\u00e4hrden.<\/p>\n<p><a href=\"https:\/\/www.bakom.admin.ch\/bakom\/de\/home\/das-bakom\/organisation\/rechtliche-grundlagen\/verordnungen\/internet.html\">Hier<\/a> geht es zum erl\u00e4uternden Bericht zur VID-\u00c4nderung.<\/p>\n<p><em>Quelle: Bundesrat<\/em><\/p>\n","protected":false},"excerpt":{"rendered":"<p>&nbsp; Die Domains .ch und .swiss geh\u00f6ren laut bundesr\u00e4tlicher Mitteilung zu den sichersten Internet-Adressen auf der Welt. Doch die Methoden der Cyberkriminellen entwickeln sich kontinuierlich weiter. Deshalb sei eine Anpassung der revidierten Verordnung \u00fcber Internet-Domains (VID) n\u00f6tig geworden, bei der zus\u00e4tzlich die Empfehlungen der Internet Corporation for Assigned Names and Numbers (ICANN), der globalen Verwaltungsstelle [&hellip;]<\/p>\n","protected":false},"author":8,"featured_media":5378,"comment_status":"open","ping_status":"open","sticky":false,"template":"","format":"standard","meta":{"_acf_changed":false,"pgc_sgb_lightbox_settings":"","footnotes":""},"categories":[3313],"tags":[168,96],"class_list":["post-5377","post","type-post","status-publish","format-standard","has-post-thumbnail","hentry","category-digitalisierung","tag-bundesrat","tag-cyber-crime"],"acf":[],"hkrextid":null,"publication":null,"issue":null,"workflow":null,"startPage":null,"spitzmarke":null,"_posts_by_tag_page_fields":{"widget_title":"","widget_tags":""},"_at_widget":"1","_yoast_wpseo_primary_category":"2","_yoast_wpseo_focuskw_text_input":"VID-Revision","_yoast_wpseo_opengraph-image":null,"_yoast_wpseo_opengraph-description":null,"_yoast_wpseo_opengraph-title":null,"enclosure":null,"_yoast_wpseo_twitter-title":null,"_yoast_wpseo_twitter-description":null,"_yoast_wpseo_twitter-image":null,"_wp_old_slug":null,"_yoast_wpseo_title":null,"_yoast_wpseo_canonical":null,"yoast_head":"<!-- This site is optimized with the Yoast SEO plugin v27.5 - https:\/\/yoast.com\/product\/yoast-seo-wordpress\/ -->\n<title>Websites .ch und .swiss st\u00e4rker sch\u00fctzen - Save<\/title>\n<meta name=\"description\" content=\"Die revidierten Verordnung \u00fcber Internet-Domains (VID) tritt demn\u00e4chst in Kraft. Sie soll die Domains .ch- und .swiss besser sch\u00fctzen.\" \/>\n<meta name=\"robots\" content=\"index, follow, max-snippet:-1, max-image-preview:large, max-video-preview:-1\" \/>\n<link rel=\"canonical\" href=\"https:\/\/news.save.ch\/de\/websites-ch-und-swiss-staerker-schuetzen\/\" \/>\n<meta property=\"og:locale\" content=\"de_DE\" \/>\n<meta property=\"og:type\" content=\"article\" \/>\n<meta property=\"og:title\" content=\"Websites .ch und .swiss st\u00e4rker sch\u00fctzen - Save\" \/>\n<meta property=\"og:description\" content=\"Die revidierten Verordnung \u00fcber Internet-Domains (VID) tritt demn\u00e4chst in Kraft. Sie soll die Domains .ch- und .swiss besser sch\u00fctzen.\" \/>\n<meta property=\"og:url\" content=\"https:\/\/news.save.ch\/de\/websites-ch-und-swiss-staerker-schuetzen\/\" \/>\n<meta property=\"og:site_name\" content=\"Save\" \/>\n<meta property=\"article:published_time\" content=\"2017-09-18T15:17:05+00:00\" \/>\n<meta property=\"article:modified_time\" content=\"2023-03-14T07:57:01+00:00\" \/>\n<meta property=\"og:image\" content=\"https:\/\/news.save.ch\/wp-content\/uploads\/2017\/09\/Depositphotos_22547851_m-2015.jpg\" \/>\n\t<meta property=\"og:image:width\" content=\"900\" \/>\n\t<meta property=\"og:image:height\" content=\"1000\" \/>\n\t<meta property=\"og:image:type\" content=\"image\/jpeg\" \/>\n<meta name=\"author\" content=\"Roger Str\u00e4ssle\" \/>\n<meta name=\"twitter:card\" content=\"summary_large_image\" \/>\n<meta name=\"twitter:label1\" content=\"Geschrieben von\" \/>\n\t<meta name=\"twitter:data1\" content=\"Roger Str\u00e4ssle\" \/>\n\t<meta name=\"twitter:label2\" content=\"Gesch\u00e4tzte Lesezeit\" \/>\n\t<meta name=\"twitter:data2\" content=\"2\u00a0Minuten\" \/>\n<script type=\"application\/ld+json\" class=\"yoast-schema-graph\">{\"@context\":\"https:\\\/\\\/schema.org\",\"@graph\":[{\"@type\":\"Article\",\"@id\":\"https:\\\/\\\/news.save.ch\\\/websites-ch-und-swiss-staerker-schuetzen\\\/#article\",\"isPartOf\":{\"@id\":\"https:\\\/\\\/news.save.ch\\\/websites-ch-und-swiss-staerker-schuetzen\\\/\"},\"author\":{\"name\":\"Roger Str\u00e4ssle\",\"@id\":\"https:\\\/\\\/news.save.ch\\\/de\\\/#\\\/schema\\\/person\\\/d5022db048e0e2b9785c50e5b24da5aa\"},\"headline\":\"Websites .ch und .swiss st\u00e4rker sch\u00fctzen\",\"datePublished\":\"2017-09-18T15:17:05+00:00\",\"dateModified\":\"2023-03-14T07:57:01+00:00\",\"mainEntityOfPage\":{\"@id\":\"https:\\\/\\\/news.save.ch\\\/websites-ch-und-swiss-staerker-schuetzen\\\/\"},\"wordCount\":392,\"commentCount\":0,\"publisher\":{\"@id\":\"https:\\\/\\\/news.save.ch\\\/de\\\/#organization\"},\"image\":{\"@id\":\"https:\\\/\\\/news.save.ch\\\/websites-ch-und-swiss-staerker-schuetzen\\\/#primaryimage\"},\"thumbnailUrl\":\"https:\\\/\\\/news.save.ch\\\/wp-content\\\/uploads\\\/2017\\\/09\\\/Depositphotos_22547851_m-2015.jpg\",\"keywords\":[\"Bundesrat\",\"Cyber-Crime\"],\"articleSection\":[\"DIGITALISIERUNG\"],\"inLanguage\":\"de\"},{\"@type\":\"WebPage\",\"@id\":\"https:\\\/\\\/news.save.ch\\\/websites-ch-und-swiss-staerker-schuetzen\\\/\",\"url\":\"https:\\\/\\\/news.save.ch\\\/websites-ch-und-swiss-staerker-schuetzen\\\/\",\"name\":\"Websites .ch und .swiss st\u00e4rker sch\u00fctzen - Save\",\"isPartOf\":{\"@id\":\"https:\\\/\\\/news.save.ch\\\/de\\\/#website\"},\"primaryImageOfPage\":{\"@id\":\"https:\\\/\\\/news.save.ch\\\/websites-ch-und-swiss-staerker-schuetzen\\\/#primaryimage\"},\"image\":{\"@id\":\"https:\\\/\\\/news.save.ch\\\/websites-ch-und-swiss-staerker-schuetzen\\\/#primaryimage\"},\"thumbnailUrl\":\"https:\\\/\\\/news.save.ch\\\/wp-content\\\/uploads\\\/2017\\\/09\\\/Depositphotos_22547851_m-2015.jpg\",\"datePublished\":\"2017-09-18T15:17:05+00:00\",\"dateModified\":\"2023-03-14T07:57:01+00:00\",\"description\":\"Die revidierten Verordnung \u00fcber Internet-Domains (VID) tritt demn\u00e4chst in Kraft. Sie soll die Domains .ch- und .swiss besser sch\u00fctzen.\",\"breadcrumb\":{\"@id\":\"https:\\\/\\\/news.save.ch\\\/websites-ch-und-swiss-staerker-schuetzen\\\/#breadcrumb\"},\"inLanguage\":\"de\",\"potentialAction\":[{\"@type\":\"ReadAction\",\"target\":[\"https:\\\/\\\/news.save.ch\\\/websites-ch-und-swiss-staerker-schuetzen\\\/\"]}]},{\"@type\":\"ImageObject\",\"inLanguage\":\"de\",\"@id\":\"https:\\\/\\\/news.save.ch\\\/websites-ch-und-swiss-staerker-schuetzen\\\/#primaryimage\",\"url\":\"https:\\\/\\\/news.save.ch\\\/wp-content\\\/uploads\\\/2017\\\/09\\\/Depositphotos_22547851_m-2015.jpg\",\"contentUrl\":\"https:\\\/\\\/news.save.ch\\\/wp-content\\\/uploads\\\/2017\\\/09\\\/Depositphotos_22547851_m-2015.jpg\",\"width\":900,\"height\":1000,\"caption\":\"\u00a9 depositphotos\"},{\"@type\":\"BreadcrumbList\",\"@id\":\"https:\\\/\\\/news.save.ch\\\/websites-ch-und-swiss-staerker-schuetzen\\\/#breadcrumb\",\"itemListElement\":[{\"@type\":\"ListItem\",\"position\":1,\"name\":\"Home\",\"item\":\"https:\\\/\\\/news.save.ch\\\/de\\\/\"},{\"@type\":\"ListItem\",\"position\":2,\"name\":\"Websites .ch und .swiss st\u00e4rker sch\u00fctzen\"}]},{\"@type\":\"WebSite\",\"@id\":\"https:\\\/\\\/news.save.ch\\\/de\\\/#website\",\"url\":\"https:\\\/\\\/news.save.ch\\\/de\\\/\",\"name\":\"Save\",\"description\":\"Schweizer Fachzeitschrift f\u00fcr Sicherheit\",\"publisher\":{\"@id\":\"https:\\\/\\\/news.save.ch\\\/de\\\/#organization\"},\"potentialAction\":[{\"@type\":\"SearchAction\",\"target\":{\"@type\":\"EntryPoint\",\"urlTemplate\":\"https:\\\/\\\/news.save.ch\\\/de\\\/?s={search_term_string}\"},\"query-input\":{\"@type\":\"PropertyValueSpecification\",\"valueRequired\":true,\"valueName\":\"search_term_string\"}}],\"inLanguage\":\"de\"},{\"@type\":\"Organization\",\"@id\":\"https:\\\/\\\/news.save.ch\\\/de\\\/#organization\",\"name\":\"Sicherheitsforum\",\"url\":\"https:\\\/\\\/news.save.ch\\\/de\\\/\",\"logo\":{\"@type\":\"ImageObject\",\"inLanguage\":\"de\",\"@id\":\"https:\\\/\\\/news.save.ch\\\/de\\\/#\\\/schema\\\/logo\\\/image\\\/\",\"url\":\"https:\\\/\\\/news.save.ch\\\/wp-content\\\/uploads\\\/2022\\\/06\\\/Logo_SF_2012.png\",\"contentUrl\":\"https:\\\/\\\/news.save.ch\\\/wp-content\\\/uploads\\\/2022\\\/06\\\/Logo_SF_2012.png\",\"width\":1100,\"height\":91,\"caption\":\"Sicherheitsforum\"},\"image\":{\"@id\":\"https:\\\/\\\/news.save.ch\\\/de\\\/#\\\/schema\\\/logo\\\/image\\\/\"}},{\"@type\":\"Person\",\"@id\":\"https:\\\/\\\/news.save.ch\\\/de\\\/#\\\/schema\\\/person\\\/d5022db048e0e2b9785c50e5b24da5aa\",\"name\":\"Roger Str\u00e4ssle\",\"image\":{\"@type\":\"ImageObject\",\"inLanguage\":\"de\",\"@id\":\"https:\\\/\\\/secure.gravatar.com\\\/avatar\\\/862a5569d087de48e5856e32f45d719a03804c891d6deb8d4f71a660e79e4a47?s=96&d=mm&r=g\",\"url\":\"https:\\\/\\\/secure.gravatar.com\\\/avatar\\\/862a5569d087de48e5856e32f45d719a03804c891d6deb8d4f71a660e79e4a47?s=96&d=mm&r=g\",\"contentUrl\":\"https:\\\/\\\/secure.gravatar.com\\\/avatar\\\/862a5569d087de48e5856e32f45d719a03804c891d6deb8d4f71a660e79e4a47?s=96&d=mm&r=g\",\"caption\":\"Roger Str\u00e4ssle\"},\"url\":\"https:\\\/\\\/news.save.ch\\\/de\\\/author\\\/roger-straessle\\\/\"}]}<\/script>\n<!-- \/ Yoast SEO plugin. -->","yoast_head_json":{"title":"Websites .ch und .swiss st\u00e4rker sch\u00fctzen - Save","description":"Die revidierten Verordnung \u00fcber Internet-Domains (VID) tritt demn\u00e4chst in Kraft. Sie soll die Domains .ch- und .swiss besser sch\u00fctzen.","robots":{"index":"index","follow":"follow","max-snippet":"max-snippet:-1","max-image-preview":"max-image-preview:large","max-video-preview":"max-video-preview:-1"},"canonical":"https:\/\/news.save.ch\/de\/websites-ch-und-swiss-staerker-schuetzen\/","og_locale":"de_DE","og_type":"article","og_title":"Websites .ch und .swiss st\u00e4rker sch\u00fctzen - Save","og_description":"Die revidierten Verordnung \u00fcber Internet-Domains (VID) tritt demn\u00e4chst in Kraft. Sie soll die Domains .ch- und .swiss besser sch\u00fctzen.","og_url":"https:\/\/news.save.ch\/de\/websites-ch-und-swiss-staerker-schuetzen\/","og_site_name":"Save","article_published_time":"2017-09-18T15:17:05+00:00","article_modified_time":"2023-03-14T07:57:01+00:00","og_image":[{"width":900,"height":1000,"url":"https:\/\/news.save.ch\/wp-content\/uploads\/2017\/09\/Depositphotos_22547851_m-2015.jpg","type":"image\/jpeg"}],"author":"Roger Str\u00e4ssle","twitter_card":"summary_large_image","twitter_misc":{"Geschrieben von":"Roger Str\u00e4ssle","Gesch\u00e4tzte Lesezeit":"2\u00a0Minuten"},"schema":{"@context":"https:\/\/schema.org","@graph":[{"@type":"Article","@id":"https:\/\/news.save.ch\/websites-ch-und-swiss-staerker-schuetzen\/#article","isPartOf":{"@id":"https:\/\/news.save.ch\/websites-ch-und-swiss-staerker-schuetzen\/"},"author":{"name":"Roger Str\u00e4ssle","@id":"https:\/\/news.save.ch\/de\/#\/schema\/person\/d5022db048e0e2b9785c50e5b24da5aa"},"headline":"Websites .ch und .swiss st\u00e4rker sch\u00fctzen","datePublished":"2017-09-18T15:17:05+00:00","dateModified":"2023-03-14T07:57:01+00:00","mainEntityOfPage":{"@id":"https:\/\/news.save.ch\/websites-ch-und-swiss-staerker-schuetzen\/"},"wordCount":392,"commentCount":0,"publisher":{"@id":"https:\/\/news.save.ch\/de\/#organization"},"image":{"@id":"https:\/\/news.save.ch\/websites-ch-und-swiss-staerker-schuetzen\/#primaryimage"},"thumbnailUrl":"https:\/\/news.save.ch\/wp-content\/uploads\/2017\/09\/Depositphotos_22547851_m-2015.jpg","keywords":["Bundesrat","Cyber-Crime"],"articleSection":["DIGITALISIERUNG"],"inLanguage":"de"},{"@type":"WebPage","@id":"https:\/\/news.save.ch\/websites-ch-und-swiss-staerker-schuetzen\/","url":"https:\/\/news.save.ch\/websites-ch-und-swiss-staerker-schuetzen\/","name":"Websites .ch und .swiss st\u00e4rker sch\u00fctzen - Save","isPartOf":{"@id":"https:\/\/news.save.ch\/de\/#website"},"primaryImageOfPage":{"@id":"https:\/\/news.save.ch\/websites-ch-und-swiss-staerker-schuetzen\/#primaryimage"},"image":{"@id":"https:\/\/news.save.ch\/websites-ch-und-swiss-staerker-schuetzen\/#primaryimage"},"thumbnailUrl":"https:\/\/news.save.ch\/wp-content\/uploads\/2017\/09\/Depositphotos_22547851_m-2015.jpg","datePublished":"2017-09-18T15:17:05+00:00","dateModified":"2023-03-14T07:57:01+00:00","description":"Die revidierten Verordnung \u00fcber Internet-Domains (VID) tritt demn\u00e4chst in Kraft. Sie soll die Domains .ch- und .swiss besser sch\u00fctzen.","breadcrumb":{"@id":"https:\/\/news.save.ch\/websites-ch-und-swiss-staerker-schuetzen\/#breadcrumb"},"inLanguage":"de","potentialAction":[{"@type":"ReadAction","target":["https:\/\/news.save.ch\/websites-ch-und-swiss-staerker-schuetzen\/"]}]},{"@type":"ImageObject","inLanguage":"de","@id":"https:\/\/news.save.ch\/websites-ch-und-swiss-staerker-schuetzen\/#primaryimage","url":"https:\/\/news.save.ch\/wp-content\/uploads\/2017\/09\/Depositphotos_22547851_m-2015.jpg","contentUrl":"https:\/\/news.save.ch\/wp-content\/uploads\/2017\/09\/Depositphotos_22547851_m-2015.jpg","width":900,"height":1000,"caption":"\u00a9 depositphotos"},{"@type":"BreadcrumbList","@id":"https:\/\/news.save.ch\/websites-ch-und-swiss-staerker-schuetzen\/#breadcrumb","itemListElement":[{"@type":"ListItem","position":1,"name":"Home","item":"https:\/\/news.save.ch\/de\/"},{"@type":"ListItem","position":2,"name":"Websites .ch und .swiss st\u00e4rker sch\u00fctzen"}]},{"@type":"WebSite","@id":"https:\/\/news.save.ch\/de\/#website","url":"https:\/\/news.save.ch\/de\/","name":"Save","description":"Schweizer Fachzeitschrift f\u00fcr Sicherheit","publisher":{"@id":"https:\/\/news.save.ch\/de\/#organization"},"potentialAction":[{"@type":"SearchAction","target":{"@type":"EntryPoint","urlTemplate":"https:\/\/news.save.ch\/de\/?s={search_term_string}"},"query-input":{"@type":"PropertyValueSpecification","valueRequired":true,"valueName":"search_term_string"}}],"inLanguage":"de"},{"@type":"Organization","@id":"https:\/\/news.save.ch\/de\/#organization","name":"Sicherheitsforum","url":"https:\/\/news.save.ch\/de\/","logo":{"@type":"ImageObject","inLanguage":"de","@id":"https:\/\/news.save.ch\/de\/#\/schema\/logo\/image\/","url":"https:\/\/news.save.ch\/wp-content\/uploads\/2022\/06\/Logo_SF_2012.png","contentUrl":"https:\/\/news.save.ch\/wp-content\/uploads\/2022\/06\/Logo_SF_2012.png","width":1100,"height":91,"caption":"Sicherheitsforum"},"image":{"@id":"https:\/\/news.save.ch\/de\/#\/schema\/logo\/image\/"}},{"@type":"Person","@id":"https:\/\/news.save.ch\/de\/#\/schema\/person\/d5022db048e0e2b9785c50e5b24da5aa","name":"Roger Str\u00e4ssle","image":{"@type":"ImageObject","inLanguage":"de","@id":"https:\/\/secure.gravatar.com\/avatar\/862a5569d087de48e5856e32f45d719a03804c891d6deb8d4f71a660e79e4a47?s=96&d=mm&r=g","url":"https:\/\/secure.gravatar.com\/avatar\/862a5569d087de48e5856e32f45d719a03804c891d6deb8d4f71a660e79e4a47?s=96&d=mm&r=g","contentUrl":"https:\/\/secure.gravatar.com\/avatar\/862a5569d087de48e5856e32f45d719a03804c891d6deb8d4f71a660e79e4a47?s=96&d=mm&r=g","caption":"Roger Str\u00e4ssle"},"url":"https:\/\/news.save.ch\/de\/author\/roger-straessle\/"}]}},"_links":{"self":[{"href":"https:\/\/news.save.ch\/de\/wp-json\/wp\/v2\/posts\/5377","targetHints":{"allow":["GET"]}}],"collection":[{"href":"https:\/\/news.save.ch\/de\/wp-json\/wp\/v2\/posts"}],"about":[{"href":"https:\/\/news.save.ch\/de\/wp-json\/wp\/v2\/types\/post"}],"author":[{"embeddable":true,"href":"https:\/\/news.save.ch\/de\/wp-json\/wp\/v2\/users\/8"}],"replies":[{"embeddable":true,"href":"https:\/\/news.save.ch\/de\/wp-json\/wp\/v2\/comments?post=5377"}],"version-history":[{"count":1,"href":"https:\/\/news.save.ch\/de\/wp-json\/wp\/v2\/posts\/5377\/revisions"}],"predecessor-version":[{"id":17488,"href":"https:\/\/news.save.ch\/de\/wp-json\/wp\/v2\/posts\/5377\/revisions\/17488"}],"wp:featuredmedia":[{"embeddable":true,"href":"https:\/\/news.save.ch\/de\/wp-json\/wp\/v2\/media\/5378"}],"wp:attachment":[{"href":"https:\/\/news.save.ch\/de\/wp-json\/wp\/v2\/media?parent=5377"}],"wp:term":[{"taxonomy":"category","embeddable":true,"href":"https:\/\/news.save.ch\/de\/wp-json\/wp\/v2\/categories?post=5377"},{"taxonomy":"post_tag","embeddable":true,"href":"https:\/\/news.save.ch\/de\/wp-json\/wp\/v2\/tags?post=5377"}],"curies":[{"name":"wp","href":"https:\/\/api.w.org\/{rel}","templated":true}]}}