{"id":5418,"date":"2020-03-16T08:25:52","date_gmt":"2020-03-16T07:25:52","guid":{"rendered":"https:\/\/news.save.ch\/?p=5418"},"modified":"2023-03-14T09:03:50","modified_gmt":"2023-03-14T08:03:50","slug":"umgang-mit-corona-zwischen-panik-und-vernunft","status":null,"type":"post","link":"https:\/\/news.save.ch\/de\/umgang-mit-corona-zwischen-panik-und-vernunft\/","title":{"rendered":"Umgang mit Corona: Zwischen Panik und Vernunft"},"content":{"rendered":"<figure id=\"attachment_5419\" aria-describedby=\"caption-attachment-5419\" style=\"width: 680px\" class=\"wp-caption alignnone\"><img loading=\"lazy\" decoding=\"async\" class=\"size-medium wp-image-5419\" src=\"http:\/\/develop.safety-plus.ch\/wp-content\/uploads\/2020\/03\/Depositphotos_ginasanders.jpg\" alt=\"\" width=\"680\" height=\"453\" \/><figcaption id=\"caption-attachment-5419\" class=\"wp-caption-text\">Bei jedem Einkauf sch\u00e4tzen wir das Risiko ein, ob wir durch den Verzehr von Chips dick werden und gesundheitliche Sch\u00e4den davontragen. \u00a9 Depositphotos\/ginasanders<\/figcaption><\/figure>\n<p>Eine Panikst\u00f6rung im klinischen Sinne ist dies deshalb noch lange nicht, erkl\u00e4rt Prof. Dr. Nadia Sosnowsky-Waschek von der SRH Hochschule Heidelberg. Im Interview beschreibt die Psychologin, wie man das aufkeimende Bedrohungsgef\u00fchl erkl\u00e4ren und was man dagegen tun kann.<\/p>\n<p><strong>Woher kommt dieses Bedrohungsgef\u00fchl in Bezug auf unsere Gesundheit?<\/strong><\/p>\n<p>Bei jedem Einkauf sch\u00e4tzen wir das Risiko ein, ob wir durch den Verzehr von Chips dick werden und gesundheitliche Sch\u00e4den davontragen. Beim Autofahren entscheiden wir in Sekundenschnelle, ob wir es noch \u00fcber die gelbe Ampel schaffen. Wie die Entscheidung ausf\u00e4llt, h\u00e4ngt von verschiedenen Faktoren ab. \u00a0Zum einen davon, wie schwerwiegend wir die Folgen dieser Entscheidung f\u00fcr die Gesundheit einsch\u00e4tzen und wie wahrscheinlich es ist, dass wir diese Folgen \u00fcberhaupt selbst tragen m\u00fcssen. Verursacht die Packung Chips <a href=\"https:\/\/news.save.ch\/jeder-zweite-senior-ist-uebergewichtig\/\" target=\"_blank\" rel=\"noopener\">Diabetes<\/a> und verk\u00fcrzt sich dadurch die pers\u00f6nliche Lebenszeit? Bei vielen Alltagsentscheidungen wird das pers\u00f6nliche Gesundheitsrisiko eher als gering eingestuft. Also fahren wir \u00fcber Gelb und legen die Chips in den Einkaufswagen. Solche Risikoabw\u00e4gungen sind allt\u00e4glich, zugleich hocheffizient und f\u00fcr das Gehirn sehr energiesparend, weil sie uns vielfach das Leben erleichtern. Die Bewertung l\u00e4uft n\u00e4mlich oft unbewusst, quasi automatisch.<\/p>\n<p><strong>Was ist bei der Bewertung des Coronavirus anders?<\/strong><\/p>\n<p>Im Falle des <a href=\"https:\/\/news.save.ch\/coronavirus-verstaerkter-schutz-besonders-gefaehrdeter-personen-und-evaluation-der-wirtschaftlichen-auswirkungen\/\" target=\"_blank\" rel=\"noopener\">Coronavirus<\/a> k\u00f6nnen wir nicht auf bew\u00e4hrte Alltagsroutinen zur\u00fcckgreifen. Wir haben es mit der Bewertung eines Ereignisses zu tun, welches neu ist, im Vergleich zu vielen anderen Lebensrisiken selten auftritt und dessen potentielle gesundheitlichen Folgen wir f\u00fcr die eigene Person, unsere Familien und die Wirtschaft nicht einzusch\u00e4tzen k\u00f6nnen. Das von solchen seltenen und neuen Ereignissen ausgehende Risiko wird typischerweise \u00fcbersch\u00e4tzt, f\u00fcr deutlich h\u00e4ufiger auftretende, aber bekannte Risiken wird es hingegen eher untersch\u00e4tzt.<\/p>\n<p><strong>Was beeinflusst noch die Risikowahrnehmung?<\/strong><\/p>\n<p>Es ist auch relevant, wie man die Kontrollm\u00f6glichkeiten einer <a href=\"https:\/\/news.save.ch\/bundesrat-verschaerft-massnahmen-gegen-coronavirus-unterstuetzt-betroffene-branchen\/\" target=\"_blank\" rel=\"noopener\">Ansteckung<\/a> einsch\u00e4tzt. Kann man sich durch die Desinfektion der H\u00e4nde oder die Verwendung einer Maske wirksam sch\u00fctzen? H\u00e4ngt eine Infektion \u00fcberhaupt von meinem eigenen Verhalten oder dem anderen Menschen oder einfach nur vom Zufall ab? Durch immer neue Informationen seitens der Medien, berichtete Zwischenf\u00e4lle oder Verbote entsteht bei vielen der Eindruck einer geringeren Kontrollierbarkeit des Ansteckungsrisikos und dessen Folgen. Bedenkt man die Unfreiwilligkeit der Exposition mit dem Virus, wird die Gefahr ebenfalls gr\u00f6sser eingesch\u00e4tzt. Einer Angst vor einem Flugzeugabsturz kann man dadurch entgehen, indem man Flugzeugreisen meidet. Aber reicht der eine Meter Abstand zu anderen Personen f\u00fcr die Eind\u00e4mmung des eigenen Risikos?<\/p>\n<p><strong>Weitere Infos<\/strong><\/p>\n<p><a href=\"https:\/\/cache.pressmailing.net\/content\/69e64e55-41cc-4d59-9765-da22c15c956e\/200313_Corona_zwisch~ernunft_SRHHSHD.pdf\" target=\"_blank\" rel=\"noopener\">www.hochschule-heidelberg.de<\/a><\/p>\n","protected":false},"excerpt":{"rendered":"<p>Eine Panikst\u00f6rung im klinischen Sinne ist dies deshalb noch lange nicht, erkl\u00e4rt Prof. Dr. Nadia Sosnowsky-Waschek von der SRH Hochschule Heidelberg. Im Interview beschreibt die Psychologin, wie man das aufkeimende Bedrohungsgef\u00fchl erkl\u00e4ren und was man dagegen tun kann. Woher kommt dieses Bedrohungsgef\u00fchl in Bezug auf unsere Gesundheit? Bei jedem Einkauf sch\u00e4tzen wir das Risiko ein, [&hellip;]<\/p>\n","protected":false},"author":1,"featured_media":16359,"comment_status":"closed","ping_status":"closed","sticky":false,"template":"","format":"standard","meta":{"_acf_changed":false,"pgc_sgb_lightbox_settings":"","footnotes":""},"categories":[1,3314],"tags":[172,1775,120,168,2165,149,141,310],"class_list":["post-5418","post","type-post","status-publish","format-standard","has-post-thumbnail","hentry","category-allgemein","category-health-safety","tag-arbeitssicherheit","tag-betriebliches-gesundheitsmanagement","tag-bundesamt","tag-bundesrat","tag-gesundheitsfoerderung","tag-gesundheitsschutz","tag-praevention","tag-sicherheit"],"acf":[],"hkrextid":null,"publication":null,"issue":null,"workflow":null,"startPage":null,"spitzmarke":null,"_posts_by_tag_page_fields":{"widget_title":"","widget_tags":""},"_at_widget":"1","_yoast_wpseo_primary_category":"2","_yoast_wpseo_focuskw_text_input":"Corona","_yoast_wpseo_opengraph-image":null,"_yoast_wpseo_opengraph-description":null,"_yoast_wpseo_opengraph-title":null,"enclosure":null,"_yoast_wpseo_twitter-title":null,"_yoast_wpseo_twitter-description":null,"_yoast_wpseo_twitter-image":null,"_wp_old_slug":null,"_yoast_wpseo_title":null,"_yoast_wpseo_canonical":null,"yoast_head":"<!-- This site is optimized with the Yoast SEO plugin v27.4 - https:\/\/yoast.com\/product\/yoast-seo-wordpress\/ -->\n<title>Umgang mit Corona: Zwischen Panik und Vernunft - Save<\/title>\n<meta name=\"description\" content=\"Hamsterk\u00e4ufe, Schulschliessungen, Angst, \u00fcberhaupt noch einen Schritt in die \u00d6ffentlichkeit zu gehen: Bei vielen Menschen ist die Panik ausgebrochen.\" \/>\n<meta name=\"robots\" content=\"index, follow, max-snippet:-1, max-image-preview:large, max-video-preview:-1\" \/>\n<link rel=\"canonical\" href=\"https:\/\/news.save.ch\/de\/umgang-mit-corona-zwischen-panik-und-vernunft\/\" \/>\n<meta property=\"og:locale\" content=\"de_DE\" \/>\n<meta property=\"og:type\" content=\"article\" \/>\n<meta property=\"og:title\" content=\"Umgang mit Corona: Zwischen Panik und Vernunft - Save\" \/>\n<meta property=\"og:description\" content=\"Hamsterk\u00e4ufe, Schulschliessungen, Angst, \u00fcberhaupt noch einen Schritt in die \u00d6ffentlichkeit zu gehen: Bei vielen Menschen ist die Panik ausgebrochen.\" \/>\n<meta property=\"og:url\" content=\"https:\/\/news.save.ch\/de\/umgang-mit-corona-zwischen-panik-und-vernunft\/\" \/>\n<meta property=\"og:site_name\" content=\"Save\" \/>\n<meta property=\"article:published_time\" content=\"2020-03-16T07:25:52+00:00\" \/>\n<meta property=\"article:modified_time\" content=\"2023-03-14T08:03:50+00:00\" \/>\n<meta property=\"og:image\" content=\"https:\/\/news.save.ch\/wp-content\/uploads\/2020\/03\/Depositphotos_ginasanders-scaled-1.jpg\" \/>\n\t<meta property=\"og:image:width\" content=\"1200\" \/>\n\t<meta property=\"og:image:height\" content=\"799\" \/>\n\t<meta property=\"og:image:type\" content=\"image\/jpeg\" \/>\n<meta name=\"author\" content=\"admin\" \/>\n<meta name=\"twitter:card\" content=\"summary_large_image\" \/>\n<meta name=\"twitter:label1\" content=\"Geschrieben von\" \/>\n\t<meta name=\"twitter:data1\" content=\"admin\" \/>\n\t<meta name=\"twitter:label2\" content=\"Gesch\u00e4tzte Lesezeit\" \/>\n\t<meta name=\"twitter:data2\" content=\"2\u00a0Minuten\" \/>\n<script type=\"application\/ld+json\" class=\"yoast-schema-graph\">{\"@context\":\"https:\\\/\\\/schema.org\",\"@graph\":[{\"@type\":\"Article\",\"@id\":\"https:\\\/\\\/news.save.ch\\\/umgang-mit-corona-zwischen-panik-und-vernunft\\\/#article\",\"isPartOf\":{\"@id\":\"https:\\\/\\\/news.save.ch\\\/umgang-mit-corona-zwischen-panik-und-vernunft\\\/\"},\"author\":{\"name\":\"admin\",\"@id\":\"https:\\\/\\\/news.save.ch\\\/de\\\/#\\\/schema\\\/person\\\/d49e199490bad7c70d64b9ab51142f2b\"},\"headline\":\"Umgang mit Corona: Zwischen Panik und Vernunft\",\"datePublished\":\"2020-03-16T07:25:52+00:00\",\"dateModified\":\"2023-03-14T08:03:50+00:00\",\"mainEntityOfPage\":{\"@id\":\"https:\\\/\\\/news.save.ch\\\/umgang-mit-corona-zwischen-panik-und-vernunft\\\/\"},\"wordCount\":463,\"publisher\":{\"@id\":\"https:\\\/\\\/news.save.ch\\\/de\\\/#organization\"},\"image\":{\"@id\":\"https:\\\/\\\/news.save.ch\\\/umgang-mit-corona-zwischen-panik-und-vernunft\\\/#primaryimage\"},\"thumbnailUrl\":\"https:\\\/\\\/news.save.ch\\\/wp-content\\\/uploads\\\/2020\\\/03\\\/Depositphotos_ginasanders-scaled-1.jpg\",\"keywords\":[\"Arbeitssicherheit\",\"Betriebliches Gesundheitsmanagement\",\"Bundesamt\",\"Bundesrat\",\"Gesundheitsf\u00f6rderung\",\"Gesundheitsschutz\",\"Pr\u00e4vention\",\"Sicherheit\"],\"articleSection\":[\"ALLGEMEIN\",\"HEALTH &amp; SAFETY\"],\"inLanguage\":\"de\"},{\"@type\":\"WebPage\",\"@id\":\"https:\\\/\\\/news.save.ch\\\/umgang-mit-corona-zwischen-panik-und-vernunft\\\/\",\"url\":\"https:\\\/\\\/news.save.ch\\\/umgang-mit-corona-zwischen-panik-und-vernunft\\\/\",\"name\":\"Umgang mit Corona: Zwischen Panik und Vernunft - Save\",\"isPartOf\":{\"@id\":\"https:\\\/\\\/news.save.ch\\\/de\\\/#website\"},\"primaryImageOfPage\":{\"@id\":\"https:\\\/\\\/news.save.ch\\\/umgang-mit-corona-zwischen-panik-und-vernunft\\\/#primaryimage\"},\"image\":{\"@id\":\"https:\\\/\\\/news.save.ch\\\/umgang-mit-corona-zwischen-panik-und-vernunft\\\/#primaryimage\"},\"thumbnailUrl\":\"https:\\\/\\\/news.save.ch\\\/wp-content\\\/uploads\\\/2020\\\/03\\\/Depositphotos_ginasanders-scaled-1.jpg\",\"datePublished\":\"2020-03-16T07:25:52+00:00\",\"dateModified\":\"2023-03-14T08:03:50+00:00\",\"description\":\"Hamsterk\u00e4ufe, Schulschliessungen, Angst, \u00fcberhaupt noch einen Schritt in die \u00d6ffentlichkeit zu gehen: Bei vielen Menschen ist die Panik ausgebrochen.\",\"breadcrumb\":{\"@id\":\"https:\\\/\\\/news.save.ch\\\/umgang-mit-corona-zwischen-panik-und-vernunft\\\/#breadcrumb\"},\"inLanguage\":\"de\",\"potentialAction\":[{\"@type\":\"ReadAction\",\"target\":[\"https:\\\/\\\/news.save.ch\\\/umgang-mit-corona-zwischen-panik-und-vernunft\\\/\"]}]},{\"@type\":\"ImageObject\",\"inLanguage\":\"de\",\"@id\":\"https:\\\/\\\/news.save.ch\\\/umgang-mit-corona-zwischen-panik-und-vernunft\\\/#primaryimage\",\"url\":\"https:\\\/\\\/news.save.ch\\\/wp-content\\\/uploads\\\/2020\\\/03\\\/Depositphotos_ginasanders-scaled-1.jpg\",\"contentUrl\":\"https:\\\/\\\/news.save.ch\\\/wp-content\\\/uploads\\\/2020\\\/03\\\/Depositphotos_ginasanders-scaled-1.jpg\",\"width\":1200,\"height\":799,\"caption\":\"Bei jedem Einkauf sch\u00e4tzen wir das Risiko ein, ob wir durch den Verzehr von Chips dick werden und gesundheitliche Sch\u00e4den davontragen. \u00a9 Depositphotos\\\/ginasanders\"},{\"@type\":\"BreadcrumbList\",\"@id\":\"https:\\\/\\\/news.save.ch\\\/umgang-mit-corona-zwischen-panik-und-vernunft\\\/#breadcrumb\",\"itemListElement\":[{\"@type\":\"ListItem\",\"position\":1,\"name\":\"Home\",\"item\":\"https:\\\/\\\/news.save.ch\\\/de\\\/\"},{\"@type\":\"ListItem\",\"position\":2,\"name\":\"Umgang mit Corona: Zwischen Panik und Vernunft\"}]},{\"@type\":\"WebSite\",\"@id\":\"https:\\\/\\\/news.save.ch\\\/de\\\/#website\",\"url\":\"https:\\\/\\\/news.save.ch\\\/de\\\/\",\"name\":\"Save\",\"description\":\"Schweizer Fachzeitschrift f\u00fcr Sicherheit\",\"publisher\":{\"@id\":\"https:\\\/\\\/news.save.ch\\\/de\\\/#organization\"},\"potentialAction\":[{\"@type\":\"SearchAction\",\"target\":{\"@type\":\"EntryPoint\",\"urlTemplate\":\"https:\\\/\\\/news.save.ch\\\/de\\\/?s={search_term_string}\"},\"query-input\":{\"@type\":\"PropertyValueSpecification\",\"valueRequired\":true,\"valueName\":\"search_term_string\"}}],\"inLanguage\":\"de\"},{\"@type\":\"Organization\",\"@id\":\"https:\\\/\\\/news.save.ch\\\/de\\\/#organization\",\"name\":\"Sicherheitsforum\",\"url\":\"https:\\\/\\\/news.save.ch\\\/de\\\/\",\"logo\":{\"@type\":\"ImageObject\",\"inLanguage\":\"de\",\"@id\":\"https:\\\/\\\/news.save.ch\\\/de\\\/#\\\/schema\\\/logo\\\/image\\\/\",\"url\":\"https:\\\/\\\/news.save.ch\\\/wp-content\\\/uploads\\\/2022\\\/06\\\/Logo_SF_2012.png\",\"contentUrl\":\"https:\\\/\\\/news.save.ch\\\/wp-content\\\/uploads\\\/2022\\\/06\\\/Logo_SF_2012.png\",\"width\":1100,\"height\":91,\"caption\":\"Sicherheitsforum\"},\"image\":{\"@id\":\"https:\\\/\\\/news.save.ch\\\/de\\\/#\\\/schema\\\/logo\\\/image\\\/\"}},{\"@type\":\"Person\",\"@id\":\"https:\\\/\\\/news.save.ch\\\/de\\\/#\\\/schema\\\/person\\\/d49e199490bad7c70d64b9ab51142f2b\",\"name\":\"admin\",\"image\":{\"@type\":\"ImageObject\",\"inLanguage\":\"de\",\"@id\":\"https:\\\/\\\/secure.gravatar.com\\\/avatar\\\/ae2f4d718e6c49043e314ce431e7e645d646302a24a5ef5a8bc8e3f5a032e319?s=96&d=mm&r=g\",\"url\":\"https:\\\/\\\/secure.gravatar.com\\\/avatar\\\/ae2f4d718e6c49043e314ce431e7e645d646302a24a5ef5a8bc8e3f5a032e319?s=96&d=mm&r=g\",\"contentUrl\":\"https:\\\/\\\/secure.gravatar.com\\\/avatar\\\/ae2f4d718e6c49043e314ce431e7e645d646302a24a5ef5a8bc8e3f5a032e319?s=96&d=mm&r=g\",\"caption\":\"admin\"},\"sameAs\":[\"https:\\\/\\\/develop.organisator.galledia.ch\"],\"url\":\"https:\\\/\\\/news.save.ch\\\/de\\\/author\\\/admin\\\/\"}]}<\/script>\n<!-- \/ Yoast SEO plugin. -->","yoast_head_json":{"title":"Umgang mit Corona: Zwischen Panik und Vernunft - Save","description":"Hamsterk\u00e4ufe, Schulschliessungen, Angst, \u00fcberhaupt noch einen Schritt in die \u00d6ffentlichkeit zu gehen: Bei vielen Menschen ist die Panik ausgebrochen.","robots":{"index":"index","follow":"follow","max-snippet":"max-snippet:-1","max-image-preview":"max-image-preview:large","max-video-preview":"max-video-preview:-1"},"canonical":"https:\/\/news.save.ch\/de\/umgang-mit-corona-zwischen-panik-und-vernunft\/","og_locale":"de_DE","og_type":"article","og_title":"Umgang mit Corona: Zwischen Panik und Vernunft - Save","og_description":"Hamsterk\u00e4ufe, Schulschliessungen, Angst, \u00fcberhaupt noch einen Schritt in die \u00d6ffentlichkeit zu gehen: Bei vielen Menschen ist die Panik ausgebrochen.","og_url":"https:\/\/news.save.ch\/de\/umgang-mit-corona-zwischen-panik-und-vernunft\/","og_site_name":"Save","article_published_time":"2020-03-16T07:25:52+00:00","article_modified_time":"2023-03-14T08:03:50+00:00","og_image":[{"width":1200,"height":799,"url":"https:\/\/news.save.ch\/wp-content\/uploads\/2020\/03\/Depositphotos_ginasanders-scaled-1.jpg","type":"image\/jpeg"}],"author":"admin","twitter_card":"summary_large_image","twitter_misc":{"Geschrieben von":"admin","Gesch\u00e4tzte Lesezeit":"2\u00a0Minuten"},"schema":{"@context":"https:\/\/schema.org","@graph":[{"@type":"Article","@id":"https:\/\/news.save.ch\/umgang-mit-corona-zwischen-panik-und-vernunft\/#article","isPartOf":{"@id":"https:\/\/news.save.ch\/umgang-mit-corona-zwischen-panik-und-vernunft\/"},"author":{"name":"admin","@id":"https:\/\/news.save.ch\/de\/#\/schema\/person\/d49e199490bad7c70d64b9ab51142f2b"},"headline":"Umgang mit Corona: Zwischen Panik und Vernunft","datePublished":"2020-03-16T07:25:52+00:00","dateModified":"2023-03-14T08:03:50+00:00","mainEntityOfPage":{"@id":"https:\/\/news.save.ch\/umgang-mit-corona-zwischen-panik-und-vernunft\/"},"wordCount":463,"publisher":{"@id":"https:\/\/news.save.ch\/de\/#organization"},"image":{"@id":"https:\/\/news.save.ch\/umgang-mit-corona-zwischen-panik-und-vernunft\/#primaryimage"},"thumbnailUrl":"https:\/\/news.save.ch\/wp-content\/uploads\/2020\/03\/Depositphotos_ginasanders-scaled-1.jpg","keywords":["Arbeitssicherheit","Betriebliches Gesundheitsmanagement","Bundesamt","Bundesrat","Gesundheitsf\u00f6rderung","Gesundheitsschutz","Pr\u00e4vention","Sicherheit"],"articleSection":["ALLGEMEIN","HEALTH &amp; SAFETY"],"inLanguage":"de"},{"@type":"WebPage","@id":"https:\/\/news.save.ch\/umgang-mit-corona-zwischen-panik-und-vernunft\/","url":"https:\/\/news.save.ch\/umgang-mit-corona-zwischen-panik-und-vernunft\/","name":"Umgang mit Corona: Zwischen Panik und Vernunft - Save","isPartOf":{"@id":"https:\/\/news.save.ch\/de\/#website"},"primaryImageOfPage":{"@id":"https:\/\/news.save.ch\/umgang-mit-corona-zwischen-panik-und-vernunft\/#primaryimage"},"image":{"@id":"https:\/\/news.save.ch\/umgang-mit-corona-zwischen-panik-und-vernunft\/#primaryimage"},"thumbnailUrl":"https:\/\/news.save.ch\/wp-content\/uploads\/2020\/03\/Depositphotos_ginasanders-scaled-1.jpg","datePublished":"2020-03-16T07:25:52+00:00","dateModified":"2023-03-14T08:03:50+00:00","description":"Hamsterk\u00e4ufe, Schulschliessungen, Angst, \u00fcberhaupt noch einen Schritt in die \u00d6ffentlichkeit zu gehen: Bei vielen Menschen ist die Panik ausgebrochen.","breadcrumb":{"@id":"https:\/\/news.save.ch\/umgang-mit-corona-zwischen-panik-und-vernunft\/#breadcrumb"},"inLanguage":"de","potentialAction":[{"@type":"ReadAction","target":["https:\/\/news.save.ch\/umgang-mit-corona-zwischen-panik-und-vernunft\/"]}]},{"@type":"ImageObject","inLanguage":"de","@id":"https:\/\/news.save.ch\/umgang-mit-corona-zwischen-panik-und-vernunft\/#primaryimage","url":"https:\/\/news.save.ch\/wp-content\/uploads\/2020\/03\/Depositphotos_ginasanders-scaled-1.jpg","contentUrl":"https:\/\/news.save.ch\/wp-content\/uploads\/2020\/03\/Depositphotos_ginasanders-scaled-1.jpg","width":1200,"height":799,"caption":"Bei jedem Einkauf sch\u00e4tzen wir das Risiko ein, ob wir durch den Verzehr von Chips dick werden und gesundheitliche Sch\u00e4den davontragen. \u00a9 Depositphotos\/ginasanders"},{"@type":"BreadcrumbList","@id":"https:\/\/news.save.ch\/umgang-mit-corona-zwischen-panik-und-vernunft\/#breadcrumb","itemListElement":[{"@type":"ListItem","position":1,"name":"Home","item":"https:\/\/news.save.ch\/de\/"},{"@type":"ListItem","position":2,"name":"Umgang mit Corona: Zwischen Panik und Vernunft"}]},{"@type":"WebSite","@id":"https:\/\/news.save.ch\/de\/#website","url":"https:\/\/news.save.ch\/de\/","name":"Save","description":"Schweizer Fachzeitschrift f\u00fcr Sicherheit","publisher":{"@id":"https:\/\/news.save.ch\/de\/#organization"},"potentialAction":[{"@type":"SearchAction","target":{"@type":"EntryPoint","urlTemplate":"https:\/\/news.save.ch\/de\/?s={search_term_string}"},"query-input":{"@type":"PropertyValueSpecification","valueRequired":true,"valueName":"search_term_string"}}],"inLanguage":"de"},{"@type":"Organization","@id":"https:\/\/news.save.ch\/de\/#organization","name":"Sicherheitsforum","url":"https:\/\/news.save.ch\/de\/","logo":{"@type":"ImageObject","inLanguage":"de","@id":"https:\/\/news.save.ch\/de\/#\/schema\/logo\/image\/","url":"https:\/\/news.save.ch\/wp-content\/uploads\/2022\/06\/Logo_SF_2012.png","contentUrl":"https:\/\/news.save.ch\/wp-content\/uploads\/2022\/06\/Logo_SF_2012.png","width":1100,"height":91,"caption":"Sicherheitsforum"},"image":{"@id":"https:\/\/news.save.ch\/de\/#\/schema\/logo\/image\/"}},{"@type":"Person","@id":"https:\/\/news.save.ch\/de\/#\/schema\/person\/d49e199490bad7c70d64b9ab51142f2b","name":"admin","image":{"@type":"ImageObject","inLanguage":"de","@id":"https:\/\/secure.gravatar.com\/avatar\/ae2f4d718e6c49043e314ce431e7e645d646302a24a5ef5a8bc8e3f5a032e319?s=96&d=mm&r=g","url":"https:\/\/secure.gravatar.com\/avatar\/ae2f4d718e6c49043e314ce431e7e645d646302a24a5ef5a8bc8e3f5a032e319?s=96&d=mm&r=g","contentUrl":"https:\/\/secure.gravatar.com\/avatar\/ae2f4d718e6c49043e314ce431e7e645d646302a24a5ef5a8bc8e3f5a032e319?s=96&d=mm&r=g","caption":"admin"},"sameAs":["https:\/\/develop.organisator.galledia.ch"],"url":"https:\/\/news.save.ch\/de\/author\/admin\/"}]}},"_links":{"self":[{"href":"https:\/\/news.save.ch\/de\/wp-json\/wp\/v2\/posts\/5418","targetHints":{"allow":["GET"]}}],"collection":[{"href":"https:\/\/news.save.ch\/de\/wp-json\/wp\/v2\/posts"}],"about":[{"href":"https:\/\/news.save.ch\/de\/wp-json\/wp\/v2\/types\/post"}],"author":[{"embeddable":true,"href":"https:\/\/news.save.ch\/de\/wp-json\/wp\/v2\/users\/1"}],"replies":[{"embeddable":true,"href":"https:\/\/news.save.ch\/de\/wp-json\/wp\/v2\/comments?post=5418"}],"version-history":[{"count":1,"href":"https:\/\/news.save.ch\/de\/wp-json\/wp\/v2\/posts\/5418\/revisions"}],"predecessor-version":[{"id":18606,"href":"https:\/\/news.save.ch\/de\/wp-json\/wp\/v2\/posts\/5418\/revisions\/18606"}],"wp:featuredmedia":[{"embeddable":true,"href":"https:\/\/news.save.ch\/de\/wp-json\/wp\/v2\/media\/16359"}],"wp:attachment":[{"href":"https:\/\/news.save.ch\/de\/wp-json\/wp\/v2\/media?parent=5418"}],"wp:term":[{"taxonomy":"category","embeddable":true,"href":"https:\/\/news.save.ch\/de\/wp-json\/wp\/v2\/categories?post=5418"},{"taxonomy":"post_tag","embeddable":true,"href":"https:\/\/news.save.ch\/de\/wp-json\/wp\/v2\/tags?post=5418"}],"curies":[{"name":"wp","href":"https:\/\/api.w.org\/{rel}","templated":true}]}}