{"id":5504,"date":"2020-03-31T08:00:12","date_gmt":"2020-03-31T06:00:12","guid":{"rendered":"https:\/\/news.save.ch\/?p=5504"},"modified":"2023-03-14T09:05:04","modified_gmt":"2023-03-14T08:05:04","slug":"corona-krise-rechte-pflichten-im-buero-als-arbeitnehmer-im-home-office","status":null,"type":"post","link":"https:\/\/news.save.ch\/de\/corona-krise-rechte-pflichten-im-buero-als-arbeitnehmer-im-home-office\/","title":{"rendered":"Corona-Krise: Rechte &#038; Pflichten als Arbeitnehmer im B\u00fcro und im Home-Office"},"content":{"rendered":"<figure id=\"attachment_5505\" aria-describedby=\"caption-attachment-5505\" style=\"width: 680px\" class=\"wp-caption alignnone\"><img loading=\"lazy\" decoding=\"async\" class=\"size-medium wp-image-5505\" src=\"http:\/\/develop.safety-plus.ch\/wp-content\/uploads\/2020\/03\/2019-03-20_23a_SGAS-GV.jpg\" alt=\"\" width=\"680\" height=\"552\" \/><figcaption id=\"caption-attachment-5505\" class=\"wp-caption-text\">Die Redaktion des SAFETY-PLUS sprach mit Luca Cirigliano vom SGB \u00fcber Arbeitssicherheit, Rechte &amp; Pflichten als Arbeitnehmer im B\u00fcro und im Home-Office in Zeiten Corona. \u00a9 Markus Frutig, SAFETY-PLUS<\/figcaption><\/figure>\n<p><strong>Herr Cirigliano, viele Arbeitnehmende, aber auch Arbeitgeber sind verunsichert, wie man mit der aktuellen Lage umgeht. Wie sieht es rechtlich aus und welche Weisungen darf der Arbeitgeber aussprechen?<\/strong><\/p>\n<p>Der Bundesrat hat mit seiner spezifischen Verordnung gewisse Betriebe geschlossen, f\u00fcr besonders gef\u00e4hrdete Arbeitnehmenden obligatorisch Home-Office oder Besch\u00e4ftigungsverbot bei 100 % Lohnfortzahlung angeordnet. Leider wurde nun pl\u00f6tzlich dieser Schutz f\u00fcr Risiko-Patienten pl\u00f6tzlich wieder ge\u00e4ndert: hier muss der Bundesrat dringend wieder \u00fcber die B\u00fccher. F\u00fcr die restlichen Betriebe wurden allgemeine Empfehlungen betreffend Hygiene, Abst\u00e4nde in Sitzungsr\u00e4ume sowie wiederum zu m\u00f6glichst umfassender <a href=\"https:\/\/news.save.ch\/home-office-so-bleibt-die-arbeit-sicher-und-gesund\/\" target=\"_blank\" rel=\"noopener\">Home-Office T\u00e4tigkeit<\/a> erlassen. Diese Weisungen bzw. Anordnungen sind vom Arbeitgeber vollumf\u00e4nglich aufzunehmen, die Arbeitnehmenden sind zu informieren und der Arbeitgeber ist verpflichtet, entsprechende Weisungen und organisatorische Schritte und Massnahmen unverz\u00fcglich umzusetzen. Daf\u00fcr gibt es das Instrument des Handbuchs f\u00fcr die betriebliche Vorbereitung im <a href=\"https:\/\/news.save.ch\/bundesrat-verschaerft-massnahmen-gegen-coronavirus-unterstuetzt-betroffene-branchen\/\" target=\"_blank\" rel=\"noopener\">Pandemie-Fall<\/a>, welches vom SECO zur Verf\u00fcgung gestellt wird.<\/p>\n<p>Ich m\u00f6chte darauf hinweisen, dass dem Arbeitgeber unter der jetzigen Lage nach Epidemie-Gesetz eine erh\u00f6hte Sorgfaltspflicht trifft in allem, was Gesundheitsschutz und Pers\u00f6nlichkeitsschutz des Arbeitnehmenden anbelangt. Die Massnahmen des Bundes sind zwingend und sofort einzelfallgerecht am Arbeitsplatz umzusetzen.<\/p>\n<blockquote>\n<p>Es ist zu hoffen, dass Arbeitgeber sich hier richtig bei den zust\u00e4ndigen Stellen informieren und Kurzarbeitsentsch\u00e4digung beantragen, bevor sie Arbeitnehmende unn\u00f6tig entlassen!<\/p>\n<\/blockquote>\n<p><strong>Die Art.<\/strong> <strong>328<\/strong> <strong>OR und Art. 6 ArG. verpflichten die Arbeitgeber, die Gesundheit der Arbeitnehmenden bestm\u00f6glich zu sch\u00fctzen. Was bedeutet dies jetzt in der Praxis beispielsweise im Einzelhandel?<\/strong><\/p>\n<p>Jede Branche und Betrieb, die vom Bundesrat nicht geschlossen wurden, k\u00f6nnen nach heutigem Stand des Wissens operieren, wenn die entsprechenden spezifischen Massnahmen wirklich im Betrieb ergriffen werden. Jede Branche und Betrieb kann und muss eine Risiko-Analyse machen und entsprechend anhand der Hygiene- und Social-Distancings-Vorgaben des Bundes dann Massnahmen definieren. Hier k\u00f6nnen die Branchen- und Betriebsgruppenl\u00f6sungen und die Sicherheitsbeauftrage im Betrieb eine grosse Hilfe sein. Auch der Bund hat zu <a href=\"https:\/\/news.save.ch\/apotheken-helfen-an-vorderster-front\/\" target=\"_blank\" rel=\"noopener\">Ladenfl\u00e4chen<\/a> spezifische Vorgaben gemacht. Wichtig ist, dass sich nicht zu viele Kunden im Laden befinden. Hier machen Zugangs-Beschr\u00e4nkungen und Z\u00e4hlsysteme Sinn. Auch der direkte allzu nahe Kundenkontakt ist zu vermeiden, z.B. durch Montage von Plexiglas an den Kassen.<\/p>\n<p>Bei der Bezahlung sollte auf Bargeld verzichtet werden und m\u00f6glichst kontaktlos bezahlt werden. Nicht zu untersch\u00e4tzen ist f\u00fcr das Verkaufspersonal im Moment auch der psychosoziale Stress: ver\u00e4rgerte Kunden entladen leider ihren Frust auf die Mitarbeiter. Hier ist entsprechend geschultes Personal in der Sicherheit n\u00f6tig sowie darauf zu achten, dass nicht zu viele Kunden gleichzeitig im Laden sind, was wiederum stresst. Vom Bund w\u00e4ren nun branchenspezifische Merkbl\u00e4tter und Checklisten f\u00fcr die Branchen zu verlangen, auch f\u00fcr den Detailhandel.<\/p>\n<p><strong>Welche Rechte haben Mitarbeitende von Betrieben mit Publikumsverkehr (Lebensmittelhandel) oder auch PSA-Herstellern, wenn der Gesundheitsschutz der Mitarbeitenden nicht gew\u00e4hrt wird bzw. gew\u00e4hrleistet werden kann?<\/strong><\/p>\n<p>Es gilt, alle Vorgaben des BAG sowie des SECO zu respektieren. Im Zweifelsfalle sind die kantonalen Arbeitsinspektorate oder die SUVA zu kontaktieren. Aber die Unsicherheiten am Arbeitsplatz sind gross: Das SECO sollte nun endlich branchenspezifische Merkbl\u00e4tter und Checklisten machen.<\/p>\n<p><strong><em>Erg\u00e4nzung am 08.04.2020: Das <a href=\"http:\/\/bit.ly\/2VaojOw\" target=\"_blank\" rel=\"noopener\">Seco hat inzwischen branchenspezifische Merkbl\u00e4tter und Checklisten<\/a> erstellt.<\/em> <\/strong><\/p>\n<p><strong>Im schlimmsten Fall kann eine Beh\u00f6rde den Betrieb auch ganz schliessen. Wie sieht die Praxis aktuell aus?<\/strong><\/p>\n<p>Das ist als Ultima Ratio m\u00f6glich, ja. Bzw. der Bundesrat hat gewisse Betriebe per Verordnung geschlossen, gest\u00fctzt auf das Epidemie Gesetz. Grunds\u00e4tzlich sollte es aber den nicht per Verordnung geschlossenen Branchen m\u00f6glich sein, die Sicherheitsmassnahmen des Bundes umzusetzen und sicher zu arbeiten. Das erfordert aber vom Arbeitgeber nat\u00fcrlich Vorkehrungen und je nachdem auch einschneidende Massnahmen, wenn der Arbeitgeber diese Massnahmen nicht umsetzt. Die Umsetzung der <a href=\"https:\/\/news.save.ch\/wer-darf-sich-schuetzen-wer-nicht\/\" target=\"_blank\" rel=\"noopener\">Gesundheitsschutz-Massnahmen<\/a> sowie allf\u00e4llige Schliessungen bei Verst\u00f6ssen sind angesichts der Gef\u00e4hrdung der Rechtsg\u00fcter wie Leib und Leben sowie die \u00f6ffentliche Gesundheit v\u00f6llig gerechtfertigt.<\/p>\n<p><strong>Auch das Arbeitsvertragsrecht macht Probleme: Beispiel: man hat schon l\u00e4nger (Oster-)Ferien gebucht, die nicht angetreten werden k\u00f6nnen bzw. man ja nicht (aus)reisen kann. Haben Arbeitnehmende Anspruch auf Verschiebung oder m\u00fcssen sie die Ferien zuhause \u00ababsitzen\u00bb?<\/strong><\/p>\n<p>Das OR gibt die M\u00f6glichkeit, die Ferien nicht zu beziehen, wenn kein \u00aberholungswert\u00bb mehr gegeben ist. Ob dies aber wirklich nicht der Fall ist, m\u00fcsste fallweise gepr\u00fcft werden. In Zeiten der Pandemie ist aber eine gewisse Kulanz zu empfehlen, sowohl von Arbeitgeber wie auch von Arbeitnehmer.<\/p>\n<p><strong>Muss man im Home-Office arbeiten, wenn es (sichere) Alternativen im Betrieb g\u00e4be und auf was m\u00fcssen die Arbeitnehmenden betreffend rechtlicher Aspekte besonders achten? <\/strong><\/p>\n<p>Grunds\u00e4tzlich schreibt der Bundesrat Home-Office vor, wenn es m\u00f6glich ist. Dies auch, um insbesondere das Pendeln zu vermeiden und den \u00f6ffentlichen Verkehr (Z\u00fcge, Busse, Trams) zu leeren, wo <a href=\"https:\/\/news.save.ch\/neue-hygiene-und-verhaltensregeln-zum-schutz-gegen-das-neue-coronavirus\/\" target=\"_blank\" rel=\"noopener\">Ansteckungsgefahr<\/a> besteht. Wenn ein sicheres Arbeiten im B\u00fcro gew\u00e4hrleistet ist \u2013 also Einzelb\u00fcros, Einhalten der Hygiene-Massnahmen inkl. z.B. regelm\u00e4ssige Desinfektion von T\u00fcrgriffen gemeinsam gebrauchte Analgen oder M\u00f6bel sowie Social Distancing mit Kolleginnen und Kollegen \u2013 und zu Fuss oder mit dem Velo zur Arbeit gegangen werden kann, muss aber nicht zwingend Home-Office gemacht werden, wenn es der Arbeitnehmer nicht w\u00fcnscht.<\/p>\n<p>Ich pers\u00f6nlich empfehle jedoch Home-Office in jedem Fall, ausser es sprechen zwingende betriebliche bzw. organisatorische Gr\u00fcnde dagegen. F\u00fcr besonders gef\u00e4hrdete Menschen ist Home-Office grunds\u00e4tzlich obligatorisch, wenn dies nicht m\u00f6glich ist, hat der Bundesrat ein Besch\u00e4ftigungsverbot bei vollem Lohn verordnet.<\/p>\n<p><strong>Beispiel Gastrobereich, wo auch alle Betriebe vorerst <\/strong>(Stand 30.3.20)<strong> bis 19. April geschlossen bleiben m\u00fcssen: Kann der Arbeitgeber einfach jetzt Mitarbeitende k\u00fcndigen und welche Rechte hat man dagegen?<\/strong><\/p>\n<p>K\u00fcndigungen sind angesichts der grossz\u00fcgigen Kurzarbeitsentsch\u00e4digungs-Praxis in der Schweiz sowie der neuen Regeln zur \u00dcbernahme der Lohnfortzahlung durch den Bund h\u00e4ufig nicht n\u00f6tig und unbedingt zu vermeiden. Es ist zu hoffen, dass Arbeitgeber sich hier richtig bei den zust\u00e4ndigen Stellen informieren und <a href=\"https:\/\/www.efd.admin.ch\/efd\/de\/home\/covid19-ueberbrueckungshilfe\/infos.html\" target=\"_blank\" rel=\"noopener\">Kurzarbeitsentsch\u00e4digung<\/a> beantragen, bevor sie Arbeitnehmende unn\u00f6tig entlassen! Auch f\u00fchrt der Bundesrat verschiedene andere Formen der Unterst\u00fctzung gerade f\u00fcr hart getroffene KMUs durch, z.B. B\u00fcrgschaften. Ansonsten gelten die \u00fcblichen Fristen und Sperrgr\u00fcnde f\u00fcr eine Entlassung sowie die Regeln f\u00fcr die Massenentlassung sowie allf\u00e4llig f\u00fcr Sozialpl\u00e4ne, wenn die Voraussetzungen gegeben sind.<\/p>\n<p><strong>Was raten Sie Besch\u00e4ftigten in der \u00abGig-Economy\u00bb \u2013 also Fahrern f\u00fcr UBER oder Amazon, deren Eink\u00fcnfte ebenso wegfallen oder die bei Fahrten mit Kunden in eine Risikosituation kommen k\u00f6nnen?<br \/>\n<\/strong><\/p>\n<p>Die Plattform-Arbeitnehmer der Taxidienste UBER sind ja laut SUVA sowie erstinstanzlich dem Arbeitsgericht Lausanne ganz normale Arbeitnehmende. Sie sollen sich nun beim SVA melden und n\u00f6tigenfalls gegen UBER rechtliche Schritte einleiten. UBER schuldet den ganzen sozialversicherungsrechtlichen Schutz, wie alle anderen Arbeitgeber auch. UBER ist als Arbeitgeber auch verantwortlich, dass es sich an die Vorgaben des Bundes h\u00e4lt und seine Arbeitnehmenden sch\u00fctzt. Hier ist Handeln durch den Bund, die Arbeitsinspektorate sowie der Polizei, welche gewerbliche Kontrollen in der Taxibranche macht, angezeigt. Zum Schutze der Chauffeusen und Chauffeuren, aber auch des Publikums.<\/p>\n<p>Es r\u00e4cht sich, dass der Bund und die Sozialversicherungen so lange gegen UBER unt\u00e4tig geblieben sind und deshalb keine rechtskr\u00e4ftigen Urteile bestehen. Dies erh\u00f6ht nun die Rechtsunsicherheit, die Kosten f\u00fcr die Allgemeinheit und k\u00f6nnte fatale gesundheitliche Folgen f\u00fcr alle Beteiligten haben.<\/p>\n<p>Besten Dank f\u00fcr das Gespr\u00e4ch!<\/p>\n<p><a href=\"http:\/\/www.sgb.ch\" target=\"_blank\" rel=\"noopener\">Schweizer Gewerkschaftsbund SGB<\/a><\/p>\n<p><a href=\"https:\/\/www.sgb.ch\/corona-virus\/details\/schutz-der-besonders-gefaehrdeten-arbeitnehmenden-muss-gewaehrleistet-werden\" target=\"_blank\" rel=\"noopener\">Schutz der besonders gef\u00e4hrdeten Arbeitnehmenden muss gew\u00e4hrleistet werden!<\/a><\/p>\n<p><strong>Weitere Linktipps der Redaktion:<\/strong><\/p>\n<p class=\"text-inline\"><a href=\"https:\/\/www.seco.admin.ch\/seco\/de\/home\/Publikationen_Dienstleistungen\/Publikationen_und_Formulare\/Arbeit\/Arbeitsbedingungen\/Merkblatter_und_Checklisten.html\" target=\"_blank\" rel=\"noopener\">Seco Merkbl\u00e4tter und Checklisten<\/a> (Stand 08.04.2020):<\/p>\n<p>AHV\/IV (Stand 24.03.2020): <a href=\"https:\/\/www.ahv-iv.ch\/p\/2.13.d\" target=\"_blank\" rel=\"noopener\">Information f\u00fcr Arbeitgebende und Selbst\u00e4ndigerwerbende im Zusammenhang mit dem Coronavirus<\/a><\/p>\n<p><a href=\"https:\/\/www.seco.admin.ch\/dam\/seco\/de\/dokumente\/Arbeit\/coronavirus\/faq_kurzarbeit.pdf.download.pdf\/D%20-%20FAQ%20Kurzarbeit.pdf\" target=\"_blank\" rel=\"noopener\">SECO-Infos zur Kurzarbeit<\/a><\/p>\n<p>SVA Z\u00fcrich Infos zur Kurzarbeits-Anmeldung: <a href=\"https:\/\/awa.zh.ch\/internet\/volkswirtschaftsdirektion\/awa\/de\/arbeitslosenversicherung\/kurzarbeit\/KurzarbeitCoronavirus\/kurzarbeit-wichtiges-arbeitgeber.html\" target=\"_blank\" rel=\"noopener\">Das Wichtigste f\u00fcr Arbeitgeber<\/a><\/p>\n<p class=\"animated go\">Infos vom Bund: <a href=\"https:\/\/covid19.easygov.swiss\/\" target=\"_blank\" rel=\"noopener\">\u00dcberbr\u00fcckungskredite f\u00fcr Unternehmen<\/a><\/p>\n","protected":false},"excerpt":{"rendered":"<p>Herr Cirigliano, viele Arbeitnehmende, aber auch Arbeitgeber sind verunsichert, wie man mit der aktuellen Lage umgeht. Wie sieht es rechtlich aus und welche Weisungen darf der Arbeitgeber aussprechen? Der Bundesrat hat mit seiner spezifischen Verordnung gewisse Betriebe geschlossen, f\u00fcr besonders gef\u00e4hrdete Arbeitnehmenden obligatorisch Home-Office oder Besch\u00e4ftigungsverbot bei 100 % Lohnfortzahlung angeordnet. Leider wurde nun pl\u00f6tzlich [&hellip;]<\/p>\n","protected":false},"author":1,"featured_media":5505,"comment_status":"closed","ping_status":"closed","sticky":false,"template":"","format":"standard","meta":{"_acf_changed":false,"pgc_sgb_lightbox_settings":"","footnotes":""},"categories":[1,3314],"tags":[1617,1629,183,172,1678,700,1775,120,168,1872,2130,149,735,2275,2349,2423,2472,2669,141,167,68,3118],"class_list":["post-5504","post","type-post","status-publish","format-standard","has-post-thumbnail","hentry","category-allgemein","category-health-safety","tag-alleinarbeit","tag-amazon","tag-arbeitsplatzgestaltung","tag-arbeitssicherheit","tag-arbeitszeit","tag-bag","tag-betriebliches-gesundheitsmanagement","tag-bundesamt","tag-bundesrat","tag-corona-krise","tag-gefaehrdete-arbeitnehmende","tag-gesundheitsschutz","tag-home-office","tag-hygiene","tag-kampagnen","tag-kurzarbeitsentschaedigung","tag-lohnfortzahlung","tag-persoenliche-schutzausruestung-psa","tag-praevention","tag-suva","tag-tipps-und-tricks","tag-uber"],"acf":[],"hkrextid":null,"publication":null,"issue":null,"workflow":null,"startPage":null,"spitzmarke":null,"_posts_by_tag_page_fields":{"widget_title":"","widget_tags":""},"_at_widget":"1","_yoast_wpseo_primary_category":"4","_yoast_wpseo_focuskw_text_input":"Corona-Krise","_yoast_wpseo_opengraph-image":null,"_yoast_wpseo_opengraph-description":null,"_yoast_wpseo_opengraph-title":null,"enclosure":null,"_yoast_wpseo_twitter-title":null,"_yoast_wpseo_twitter-description":null,"_yoast_wpseo_twitter-image":null,"_wp_old_slug":null,"_yoast_wpseo_title":null,"_yoast_wpseo_canonical":null,"yoast_head":"<!-- This site is optimized with the Yoast SEO plugin v27.4 - https:\/\/yoast.com\/product\/yoast-seo-wordpress\/ -->\n<title>Corona-Krise: Rechte &amp; Pflichten als Arbeitnehmer im B\u00fcro und im Home-Office - Save<\/title>\n<meta name=\"description\" content=\"SAFETY-PLUS sprach mit Luca Cirigliano vom SGB \u00fcber Arbeitssicherheit, Rechte &amp; Pflichten als Arbeitnehmer im B\u00fcro und im Home-Office in Zeiten Corona.\" \/>\n<meta name=\"robots\" content=\"index, follow, max-snippet:-1, max-image-preview:large, max-video-preview:-1\" \/>\n<link rel=\"canonical\" href=\"https:\/\/news.save.ch\/de\/corona-krise-rechte-pflichten-im-buero-als-arbeitnehmer-im-home-office\/\" \/>\n<meta property=\"og:locale\" content=\"de_DE\" \/>\n<meta property=\"og:type\" content=\"article\" \/>\n<meta property=\"og:title\" content=\"Corona-Krise: Rechte &amp; Pflichten als Arbeitnehmer im B\u00fcro und im Home-Office - Save\" \/>\n<meta property=\"og:description\" content=\"SAFETY-PLUS sprach mit Luca Cirigliano vom SGB \u00fcber Arbeitssicherheit, Rechte &amp; Pflichten als Arbeitnehmer im B\u00fcro und im Home-Office in Zeiten Corona.\" \/>\n<meta property=\"og:url\" content=\"https:\/\/news.save.ch\/de\/corona-krise-rechte-pflichten-im-buero-als-arbeitnehmer-im-home-office\/\" \/>\n<meta property=\"og:site_name\" content=\"Save\" \/>\n<meta property=\"article:published_time\" content=\"2020-03-31T06:00:12+00:00\" \/>\n<meta property=\"article:modified_time\" content=\"2023-03-14T08:05:04+00:00\" \/>\n<meta property=\"og:image\" content=\"https:\/\/news.save.ch\/wp-content\/uploads\/2020\/03\/2019-03-20_23a_SGAS-GV-scaled-1.jpg\" \/>\n\t<meta property=\"og:image:width\" content=\"1200\" \/>\n\t<meta property=\"og:image:height\" content=\"975\" \/>\n\t<meta property=\"og:image:type\" content=\"image\/jpeg\" \/>\n<meta name=\"author\" content=\"admin\" \/>\n<meta name=\"twitter:card\" content=\"summary_large_image\" \/>\n<meta name=\"twitter:label1\" content=\"Geschrieben von\" \/>\n\t<meta name=\"twitter:data1\" content=\"admin\" \/>\n\t<meta name=\"twitter:label2\" content=\"Gesch\u00e4tzte Lesezeit\" \/>\n\t<meta name=\"twitter:data2\" content=\"7\u00a0Minuten\" \/>\n<script type=\"application\/ld+json\" class=\"yoast-schema-graph\">{\"@context\":\"https:\\\/\\\/schema.org\",\"@graph\":[{\"@type\":\"Article\",\"@id\":\"https:\\\/\\\/news.save.ch\\\/corona-krise-rechte-pflichten-im-buero-als-arbeitnehmer-im-home-office\\\/#article\",\"isPartOf\":{\"@id\":\"https:\\\/\\\/news.save.ch\\\/corona-krise-rechte-pflichten-im-buero-als-arbeitnehmer-im-home-office\\\/\"},\"author\":{\"name\":\"admin\",\"@id\":\"https:\\\/\\\/news.save.ch\\\/de\\\/#\\\/schema\\\/person\\\/d49e199490bad7c70d64b9ab51142f2b\"},\"headline\":\"Corona-Krise: Rechte &#038; Pflichten als Arbeitnehmer im B\u00fcro und im Home-Office\",\"datePublished\":\"2020-03-31T06:00:12+00:00\",\"dateModified\":\"2023-03-14T08:05:04+00:00\",\"mainEntityOfPage\":{\"@id\":\"https:\\\/\\\/news.save.ch\\\/corona-krise-rechte-pflichten-im-buero-als-arbeitnehmer-im-home-office\\\/\"},\"wordCount\":1325,\"publisher\":{\"@id\":\"https:\\\/\\\/news.save.ch\\\/de\\\/#organization\"},\"image\":{\"@id\":\"https:\\\/\\\/news.save.ch\\\/corona-krise-rechte-pflichten-im-buero-als-arbeitnehmer-im-home-office\\\/#primaryimage\"},\"thumbnailUrl\":\"https:\\\/\\\/news.save.ch\\\/wp-content\\\/uploads\\\/2020\\\/03\\\/2019-03-20_23a_SGAS-GV-scaled-1.jpg\",\"keywords\":[\"Alleinarbeit\",\"Amazon\",\"Arbeitsplatzgestaltung\",\"Arbeitssicherheit\",\"Arbeitszeit\",\"BAG\",\"Betriebliches Gesundheitsmanagement\",\"Bundesamt\",\"Bundesrat\",\"Corona-Krise\",\"gef\u00e4hrdete Arbeitnehmende\",\"Gesundheitsschutz\",\"Home-Office\",\"Hygiene\",\"Kampagnen\",\"Kurzarbeitsentsch\u00e4digung\",\"Lohnfortzahlung\",\"Pers\u00f6nliche Schutzausr\u00fcstung (PSA)\",\"Pr\u00e4vention\",\"SUVA\",\"Tipps und Tricks\",\"UBER\"],\"articleSection\":[\"ALLGEMEIN\",\"HEALTH &amp; SAFETY\"],\"inLanguage\":\"de\"},{\"@type\":\"WebPage\",\"@id\":\"https:\\\/\\\/news.save.ch\\\/corona-krise-rechte-pflichten-im-buero-als-arbeitnehmer-im-home-office\\\/\",\"url\":\"https:\\\/\\\/news.save.ch\\\/corona-krise-rechte-pflichten-im-buero-als-arbeitnehmer-im-home-office\\\/\",\"name\":\"Corona-Krise: Rechte & Pflichten als Arbeitnehmer im B\u00fcro und im Home-Office - Save\",\"isPartOf\":{\"@id\":\"https:\\\/\\\/news.save.ch\\\/de\\\/#website\"},\"primaryImageOfPage\":{\"@id\":\"https:\\\/\\\/news.save.ch\\\/corona-krise-rechte-pflichten-im-buero-als-arbeitnehmer-im-home-office\\\/#primaryimage\"},\"image\":{\"@id\":\"https:\\\/\\\/news.save.ch\\\/corona-krise-rechte-pflichten-im-buero-als-arbeitnehmer-im-home-office\\\/#primaryimage\"},\"thumbnailUrl\":\"https:\\\/\\\/news.save.ch\\\/wp-content\\\/uploads\\\/2020\\\/03\\\/2019-03-20_23a_SGAS-GV-scaled-1.jpg\",\"datePublished\":\"2020-03-31T06:00:12+00:00\",\"dateModified\":\"2023-03-14T08:05:04+00:00\",\"description\":\"SAFETY-PLUS sprach mit Luca Cirigliano vom SGB \u00fcber Arbeitssicherheit, Rechte & Pflichten als Arbeitnehmer im B\u00fcro und im Home-Office in Zeiten Corona.\",\"breadcrumb\":{\"@id\":\"https:\\\/\\\/news.save.ch\\\/corona-krise-rechte-pflichten-im-buero-als-arbeitnehmer-im-home-office\\\/#breadcrumb\"},\"inLanguage\":\"de\",\"potentialAction\":[{\"@type\":\"ReadAction\",\"target\":[\"https:\\\/\\\/news.save.ch\\\/corona-krise-rechte-pflichten-im-buero-als-arbeitnehmer-im-home-office\\\/\"]}]},{\"@type\":\"ImageObject\",\"inLanguage\":\"de\",\"@id\":\"https:\\\/\\\/news.save.ch\\\/corona-krise-rechte-pflichten-im-buero-als-arbeitnehmer-im-home-office\\\/#primaryimage\",\"url\":\"https:\\\/\\\/news.save.ch\\\/wp-content\\\/uploads\\\/2020\\\/03\\\/2019-03-20_23a_SGAS-GV-scaled-1.jpg\",\"contentUrl\":\"https:\\\/\\\/news.save.ch\\\/wp-content\\\/uploads\\\/2020\\\/03\\\/2019-03-20_23a_SGAS-GV-scaled-1.jpg\",\"width\":1200,\"height\":975,\"caption\":\"Die Redaktion des SAFETY-PLUS sprach mit Luca Cirigliano vom SGB \u00fcber Arbeitssicherheit, Rechte & Pflichten im B\u00fcro als Arbeitnehmer und im Home-Office in Zeiten Corona. \u00a9 Markus Frutig, SAFETY-PLUS\"},{\"@type\":\"BreadcrumbList\",\"@id\":\"https:\\\/\\\/news.save.ch\\\/corona-krise-rechte-pflichten-im-buero-als-arbeitnehmer-im-home-office\\\/#breadcrumb\",\"itemListElement\":[{\"@type\":\"ListItem\",\"position\":1,\"name\":\"Home\",\"item\":\"https:\\\/\\\/news.save.ch\\\/de\\\/\"},{\"@type\":\"ListItem\",\"position\":2,\"name\":\"Corona-Krise: Rechte &#038; Pflichten als Arbeitnehmer im B\u00fcro und im Home-Office\"}]},{\"@type\":\"WebSite\",\"@id\":\"https:\\\/\\\/news.save.ch\\\/de\\\/#website\",\"url\":\"https:\\\/\\\/news.save.ch\\\/de\\\/\",\"name\":\"Save\",\"description\":\"Schweizer Fachzeitschrift f\u00fcr Sicherheit\",\"publisher\":{\"@id\":\"https:\\\/\\\/news.save.ch\\\/de\\\/#organization\"},\"potentialAction\":[{\"@type\":\"SearchAction\",\"target\":{\"@type\":\"EntryPoint\",\"urlTemplate\":\"https:\\\/\\\/news.save.ch\\\/de\\\/?s={search_term_string}\"},\"query-input\":{\"@type\":\"PropertyValueSpecification\",\"valueRequired\":true,\"valueName\":\"search_term_string\"}}],\"inLanguage\":\"de\"},{\"@type\":\"Organization\",\"@id\":\"https:\\\/\\\/news.save.ch\\\/de\\\/#organization\",\"name\":\"Sicherheitsforum\",\"url\":\"https:\\\/\\\/news.save.ch\\\/de\\\/\",\"logo\":{\"@type\":\"ImageObject\",\"inLanguage\":\"de\",\"@id\":\"https:\\\/\\\/news.save.ch\\\/de\\\/#\\\/schema\\\/logo\\\/image\\\/\",\"url\":\"https:\\\/\\\/news.save.ch\\\/wp-content\\\/uploads\\\/2022\\\/06\\\/Logo_SF_2012.png\",\"contentUrl\":\"https:\\\/\\\/news.save.ch\\\/wp-content\\\/uploads\\\/2022\\\/06\\\/Logo_SF_2012.png\",\"width\":1100,\"height\":91,\"caption\":\"Sicherheitsforum\"},\"image\":{\"@id\":\"https:\\\/\\\/news.save.ch\\\/de\\\/#\\\/schema\\\/logo\\\/image\\\/\"}},{\"@type\":\"Person\",\"@id\":\"https:\\\/\\\/news.save.ch\\\/de\\\/#\\\/schema\\\/person\\\/d49e199490bad7c70d64b9ab51142f2b\",\"name\":\"admin\",\"image\":{\"@type\":\"ImageObject\",\"inLanguage\":\"de\",\"@id\":\"https:\\\/\\\/secure.gravatar.com\\\/avatar\\\/ae2f4d718e6c49043e314ce431e7e645d646302a24a5ef5a8bc8e3f5a032e319?s=96&d=mm&r=g\",\"url\":\"https:\\\/\\\/secure.gravatar.com\\\/avatar\\\/ae2f4d718e6c49043e314ce431e7e645d646302a24a5ef5a8bc8e3f5a032e319?s=96&d=mm&r=g\",\"contentUrl\":\"https:\\\/\\\/secure.gravatar.com\\\/avatar\\\/ae2f4d718e6c49043e314ce431e7e645d646302a24a5ef5a8bc8e3f5a032e319?s=96&d=mm&r=g\",\"caption\":\"admin\"},\"sameAs\":[\"https:\\\/\\\/develop.organisator.galledia.ch\"],\"url\":\"https:\\\/\\\/news.save.ch\\\/de\\\/author\\\/admin\\\/\"}]}<\/script>\n<!-- \/ Yoast SEO plugin. -->","yoast_head_json":{"title":"Corona-Krise: Rechte & Pflichten als Arbeitnehmer im B\u00fcro und im Home-Office - Save","description":"SAFETY-PLUS sprach mit Luca Cirigliano vom SGB \u00fcber Arbeitssicherheit, Rechte & Pflichten als Arbeitnehmer im B\u00fcro und im Home-Office in Zeiten Corona.","robots":{"index":"index","follow":"follow","max-snippet":"max-snippet:-1","max-image-preview":"max-image-preview:large","max-video-preview":"max-video-preview:-1"},"canonical":"https:\/\/news.save.ch\/de\/corona-krise-rechte-pflichten-im-buero-als-arbeitnehmer-im-home-office\/","og_locale":"de_DE","og_type":"article","og_title":"Corona-Krise: Rechte & Pflichten als Arbeitnehmer im B\u00fcro und im Home-Office - Save","og_description":"SAFETY-PLUS sprach mit Luca Cirigliano vom SGB \u00fcber Arbeitssicherheit, Rechte & Pflichten als Arbeitnehmer im B\u00fcro und im Home-Office in Zeiten Corona.","og_url":"https:\/\/news.save.ch\/de\/corona-krise-rechte-pflichten-im-buero-als-arbeitnehmer-im-home-office\/","og_site_name":"Save","article_published_time":"2020-03-31T06:00:12+00:00","article_modified_time":"2023-03-14T08:05:04+00:00","og_image":[{"width":1200,"height":975,"url":"https:\/\/news.save.ch\/wp-content\/uploads\/2020\/03\/2019-03-20_23a_SGAS-GV-scaled-1.jpg","type":"image\/jpeg"}],"author":"admin","twitter_card":"summary_large_image","twitter_misc":{"Geschrieben von":"admin","Gesch\u00e4tzte Lesezeit":"7\u00a0Minuten"},"schema":{"@context":"https:\/\/schema.org","@graph":[{"@type":"Article","@id":"https:\/\/news.save.ch\/corona-krise-rechte-pflichten-im-buero-als-arbeitnehmer-im-home-office\/#article","isPartOf":{"@id":"https:\/\/news.save.ch\/corona-krise-rechte-pflichten-im-buero-als-arbeitnehmer-im-home-office\/"},"author":{"name":"admin","@id":"https:\/\/news.save.ch\/de\/#\/schema\/person\/d49e199490bad7c70d64b9ab51142f2b"},"headline":"Corona-Krise: Rechte &#038; Pflichten als Arbeitnehmer im B\u00fcro und im Home-Office","datePublished":"2020-03-31T06:00:12+00:00","dateModified":"2023-03-14T08:05:04+00:00","mainEntityOfPage":{"@id":"https:\/\/news.save.ch\/corona-krise-rechte-pflichten-im-buero-als-arbeitnehmer-im-home-office\/"},"wordCount":1325,"publisher":{"@id":"https:\/\/news.save.ch\/de\/#organization"},"image":{"@id":"https:\/\/news.save.ch\/corona-krise-rechte-pflichten-im-buero-als-arbeitnehmer-im-home-office\/#primaryimage"},"thumbnailUrl":"https:\/\/news.save.ch\/wp-content\/uploads\/2020\/03\/2019-03-20_23a_SGAS-GV-scaled-1.jpg","keywords":["Alleinarbeit","Amazon","Arbeitsplatzgestaltung","Arbeitssicherheit","Arbeitszeit","BAG","Betriebliches Gesundheitsmanagement","Bundesamt","Bundesrat","Corona-Krise","gef\u00e4hrdete Arbeitnehmende","Gesundheitsschutz","Home-Office","Hygiene","Kampagnen","Kurzarbeitsentsch\u00e4digung","Lohnfortzahlung","Pers\u00f6nliche Schutzausr\u00fcstung (PSA)","Pr\u00e4vention","SUVA","Tipps und Tricks","UBER"],"articleSection":["ALLGEMEIN","HEALTH &amp; SAFETY"],"inLanguage":"de"},{"@type":"WebPage","@id":"https:\/\/news.save.ch\/corona-krise-rechte-pflichten-im-buero-als-arbeitnehmer-im-home-office\/","url":"https:\/\/news.save.ch\/corona-krise-rechte-pflichten-im-buero-als-arbeitnehmer-im-home-office\/","name":"Corona-Krise: Rechte & Pflichten als Arbeitnehmer im B\u00fcro und im Home-Office - Save","isPartOf":{"@id":"https:\/\/news.save.ch\/de\/#website"},"primaryImageOfPage":{"@id":"https:\/\/news.save.ch\/corona-krise-rechte-pflichten-im-buero-als-arbeitnehmer-im-home-office\/#primaryimage"},"image":{"@id":"https:\/\/news.save.ch\/corona-krise-rechte-pflichten-im-buero-als-arbeitnehmer-im-home-office\/#primaryimage"},"thumbnailUrl":"https:\/\/news.save.ch\/wp-content\/uploads\/2020\/03\/2019-03-20_23a_SGAS-GV-scaled-1.jpg","datePublished":"2020-03-31T06:00:12+00:00","dateModified":"2023-03-14T08:05:04+00:00","description":"SAFETY-PLUS sprach mit Luca Cirigliano vom SGB \u00fcber Arbeitssicherheit, Rechte & Pflichten als Arbeitnehmer im B\u00fcro und im Home-Office in Zeiten Corona.","breadcrumb":{"@id":"https:\/\/news.save.ch\/corona-krise-rechte-pflichten-im-buero-als-arbeitnehmer-im-home-office\/#breadcrumb"},"inLanguage":"de","potentialAction":[{"@type":"ReadAction","target":["https:\/\/news.save.ch\/corona-krise-rechte-pflichten-im-buero-als-arbeitnehmer-im-home-office\/"]}]},{"@type":"ImageObject","inLanguage":"de","@id":"https:\/\/news.save.ch\/corona-krise-rechte-pflichten-im-buero-als-arbeitnehmer-im-home-office\/#primaryimage","url":"https:\/\/news.save.ch\/wp-content\/uploads\/2020\/03\/2019-03-20_23a_SGAS-GV-scaled-1.jpg","contentUrl":"https:\/\/news.save.ch\/wp-content\/uploads\/2020\/03\/2019-03-20_23a_SGAS-GV-scaled-1.jpg","width":1200,"height":975,"caption":"Die Redaktion des SAFETY-PLUS sprach mit Luca Cirigliano vom SGB \u00fcber Arbeitssicherheit, Rechte & Pflichten im B\u00fcro als Arbeitnehmer und im Home-Office in Zeiten Corona. \u00a9 Markus Frutig, SAFETY-PLUS"},{"@type":"BreadcrumbList","@id":"https:\/\/news.save.ch\/corona-krise-rechte-pflichten-im-buero-als-arbeitnehmer-im-home-office\/#breadcrumb","itemListElement":[{"@type":"ListItem","position":1,"name":"Home","item":"https:\/\/news.save.ch\/de\/"},{"@type":"ListItem","position":2,"name":"Corona-Krise: Rechte &#038; Pflichten als Arbeitnehmer im B\u00fcro und im Home-Office"}]},{"@type":"WebSite","@id":"https:\/\/news.save.ch\/de\/#website","url":"https:\/\/news.save.ch\/de\/","name":"Save","description":"Schweizer Fachzeitschrift f\u00fcr Sicherheit","publisher":{"@id":"https:\/\/news.save.ch\/de\/#organization"},"potentialAction":[{"@type":"SearchAction","target":{"@type":"EntryPoint","urlTemplate":"https:\/\/news.save.ch\/de\/?s={search_term_string}"},"query-input":{"@type":"PropertyValueSpecification","valueRequired":true,"valueName":"search_term_string"}}],"inLanguage":"de"},{"@type":"Organization","@id":"https:\/\/news.save.ch\/de\/#organization","name":"Sicherheitsforum","url":"https:\/\/news.save.ch\/de\/","logo":{"@type":"ImageObject","inLanguage":"de","@id":"https:\/\/news.save.ch\/de\/#\/schema\/logo\/image\/","url":"https:\/\/news.save.ch\/wp-content\/uploads\/2022\/06\/Logo_SF_2012.png","contentUrl":"https:\/\/news.save.ch\/wp-content\/uploads\/2022\/06\/Logo_SF_2012.png","width":1100,"height":91,"caption":"Sicherheitsforum"},"image":{"@id":"https:\/\/news.save.ch\/de\/#\/schema\/logo\/image\/"}},{"@type":"Person","@id":"https:\/\/news.save.ch\/de\/#\/schema\/person\/d49e199490bad7c70d64b9ab51142f2b","name":"admin","image":{"@type":"ImageObject","inLanguage":"de","@id":"https:\/\/secure.gravatar.com\/avatar\/ae2f4d718e6c49043e314ce431e7e645d646302a24a5ef5a8bc8e3f5a032e319?s=96&d=mm&r=g","url":"https:\/\/secure.gravatar.com\/avatar\/ae2f4d718e6c49043e314ce431e7e645d646302a24a5ef5a8bc8e3f5a032e319?s=96&d=mm&r=g","contentUrl":"https:\/\/secure.gravatar.com\/avatar\/ae2f4d718e6c49043e314ce431e7e645d646302a24a5ef5a8bc8e3f5a032e319?s=96&d=mm&r=g","caption":"admin"},"sameAs":["https:\/\/develop.organisator.galledia.ch"],"url":"https:\/\/news.save.ch\/de\/author\/admin\/"}]}},"_links":{"self":[{"href":"https:\/\/news.save.ch\/de\/wp-json\/wp\/v2\/posts\/5504","targetHints":{"allow":["GET"]}}],"collection":[{"href":"https:\/\/news.save.ch\/de\/wp-json\/wp\/v2\/posts"}],"about":[{"href":"https:\/\/news.save.ch\/de\/wp-json\/wp\/v2\/types\/post"}],"author":[{"embeddable":true,"href":"https:\/\/news.save.ch\/de\/wp-json\/wp\/v2\/users\/1"}],"replies":[{"embeddable":true,"href":"https:\/\/news.save.ch\/de\/wp-json\/wp\/v2\/comments?post=5504"}],"version-history":[{"count":1,"href":"https:\/\/news.save.ch\/de\/wp-json\/wp\/v2\/posts\/5504\/revisions"}],"predecessor-version":[{"id":18207,"href":"https:\/\/news.save.ch\/de\/wp-json\/wp\/v2\/posts\/5504\/revisions\/18207"}],"wp:featuredmedia":[{"embeddable":true,"href":"https:\/\/news.save.ch\/de\/wp-json\/wp\/v2\/media\/5505"}],"wp:attachment":[{"href":"https:\/\/news.save.ch\/de\/wp-json\/wp\/v2\/media?parent=5504"}],"wp:term":[{"taxonomy":"category","embeddable":true,"href":"https:\/\/news.save.ch\/de\/wp-json\/wp\/v2\/categories?post=5504"},{"taxonomy":"post_tag","embeddable":true,"href":"https:\/\/news.save.ch\/de\/wp-json\/wp\/v2\/tags?post=5504"}],"curies":[{"name":"wp","href":"https:\/\/api.w.org\/{rel}","templated":true}]}}