{"id":5512,"date":"2017-10-23T10:00:18","date_gmt":"2017-10-23T08:00:18","guid":{"rendered":"https:\/\/news.save.ch\/?p=5512"},"modified":"2017-10-23T10:00:18","modified_gmt":"2017-10-23T08:00:18","slug":"alpha-protect-schliesst-sich-der-securitas-gruppe-an","status":null,"type":"post","link":"https:\/\/news.save.ch\/de\/alpha-protect-schliesst-sich-der-securitas-gruppe-an\/","title":{"rendered":"Securitas Gruppe \u00fcbernimmt Alpha Protect"},"content":{"rendered":"<figure id=\"attachment_5513\" aria-describedby=\"caption-attachment-5513\" style=\"width: 680px\" class=\"wp-caption aligncenter\"><img loading=\"lazy\" decoding=\"async\" class=\"wp-image-5513 size-medium\" src=\"https:\/\/news.save.ch\/wp-content\/uploads\/2017\/10\/Securitas-scaled-1.jpg\" alt=\"Securitas Gruppe, Alpha Protect, \u00dcbernahme\" width=\"680\" height=\"453\" \/><figcaption id=\"caption-attachment-5513\" class=\"wp-caption-text\">Foto: R. Str\u00e4ssle<\/figcaption><\/figure>\n<p>Die <a href=\"https:\/\/alphaprotect.ch\/\">Alpha Protect AG<\/a> ist seit dem Jahr 2000 erfolgreich im Schweizer Sicherheitsmarkt t\u00e4tig und hat sich im Grossraum Z\u00fcrich, der Ost- und Nordwestschweiz einen guten Namen als Sicherheitsunternehmen gemacht, wie die Securitas Gruppe schreibt. F\u00fcr die Kunden und Mitarbeitenden bleibe das Dienstleistungsunternehmen in gewohnter St\u00e4rke erhalten. Zus\u00e4tzlich\u00a0werde die Firma von der Marktpr\u00e4senz und den infrastrukturellen Vorteilen der Securitas Gruppe profitieren.<\/p>\n<p><strong>Dietrich bleibt Gesch\u00e4ftsf\u00fchrer<\/strong><\/p>\n<p>F\u00fcr die Securitas Gruppe bedeute die vollumf\u00e4ngliche \u00dcbernahme der Alpha\u00a0Protect einen weiteren Ausbau des Unternehmensbereichs Sicherheitsdienstleistungen. Seitens des \u00fcbernommenen Unternehmens haben die neuen Besitzesverh\u00e4ltnisse keinerlei Konsequenzen auf Arbeitspl\u00e4tze oder Marktauftritt, wie die Securitas schreibt. Der vormalige Alpha-Protect-Teilhaber Manfred Dietrich werde Verwaltungsrat und Gesch\u00e4ftsf\u00fchrer der weiterhin eigenst\u00e4ndig operierenden Firma bleiben und mit seinen 200 Mitarbeitenden die \u00dcbergangsphase erfolgreich gestalten, heisst es in der Mitteilung.<\/p>\n<p>Sowohl die Alpha Protect wie die <a href=\"https:\/\/news.save.ch\/securitas-praesentiert-einsatzstatistik\/\">Securitas <\/a>sind Mitglieder des Verbandes Schweizerischer Sicherheitsdienstleistungs-Unternehmen (<a href=\"https:\/\/www.vssu.org\/\">VSSU<\/a>).<\/p>\n<p>&nbsp;<\/p>\n<p>&nbsp;<\/p>\n","protected":false},"excerpt":{"rendered":"<p>Die Alpha Protect AG ist seit dem Jahr 2000 erfolgreich im Schweizer Sicherheitsmarkt t\u00e4tig und hat sich im Grossraum Z\u00fcrich, der Ost- und Nordwestschweiz einen guten Namen als Sicherheitsunternehmen gemacht, wie die Securitas Gruppe schreibt. F\u00fcr die Kunden und Mitarbeitenden bleibe das Dienstleistungsunternehmen in gewohnter St\u00e4rke erhalten. Zus\u00e4tzlich\u00a0werde die Firma von der Marktpr\u00e4senz und den [&hellip;]<\/p>\n","protected":false},"author":8,"featured_media":5513,"comment_status":"open","ping_status":"open","sticky":false,"template":"","format":"standard","meta":{"_acf_changed":false,"pgc_sgb_lightbox_settings":"","footnotes":""},"categories":[1],"tags":[65],"class_list":["post-5512","post","type-post","status-publish","format-standard","has-post-thumbnail","hentry","category-allgemein","tag-unternehmen"],"acf":[],"hkrextid":null,"publication":null,"issue":null,"workflow":null,"startPage":null,"spitzmarke":null,"_posts_by_tag_page_fields":{"widget_title":"","widget_tags":""},"_at_widget":"1","_yoast_wpseo_primary_category":"1","_yoast_wpseo_focuskw_text_input":"Securitas Gruppe","_yoast_wpseo_opengraph-image":null,"_yoast_wpseo_opengraph-description":null,"_yoast_wpseo_opengraph-title":null,"enclosure":null,"_yoast_wpseo_twitter-title":null,"_yoast_wpseo_twitter-description":null,"_yoast_wpseo_twitter-image":null,"_wp_old_slug":null,"_yoast_wpseo_title":null,"_yoast_wpseo_canonical":null,"yoast_head":"<!-- This site is optimized with the Yoast SEO plugin v27.5 - https:\/\/yoast.com\/product\/yoast-seo-wordpress\/ -->\n<title>Securitas Gruppe \u00fcbernimmt Alpha Protect - Save<\/title>\n<meta name=\"description\" content=\"Die Securitas Gruppe \u00fcbernimmt r\u00fcckwirkend per 1. Juli 2017 die im z\u00fcrcherischen Illnau-Effretikon ans\u00e4ssige Alpha Protect AG.\" \/>\n<meta name=\"robots\" content=\"index, follow, max-snippet:-1, max-image-preview:large, max-video-preview:-1\" \/>\n<link rel=\"canonical\" href=\"https:\/\/news.save.ch\/de\/alpha-protect-schliesst-sich-der-securitas-gruppe-an\/\" \/>\n<meta property=\"og:locale\" content=\"de_DE\" \/>\n<meta property=\"og:type\" content=\"article\" \/>\n<meta property=\"og:title\" content=\"Securitas Gruppe \u00fcbernimmt Alpha Protect - Save\" \/>\n<meta property=\"og:description\" content=\"Die Securitas Gruppe \u00fcbernimmt r\u00fcckwirkend per 1. Juli 2017 die im z\u00fcrcherischen Illnau-Effretikon ans\u00e4ssige Alpha Protect AG.\" \/>\n<meta property=\"og:url\" content=\"https:\/\/news.save.ch\/de\/alpha-protect-schliesst-sich-der-securitas-gruppe-an\/\" \/>\n<meta property=\"og:site_name\" content=\"Save\" \/>\n<meta property=\"article:published_time\" content=\"2017-10-23T08:00:18+00:00\" \/>\n<meta property=\"og:image\" content=\"https:\/\/news.save.ch\/wp-content\/uploads\/2017\/10\/Securitas-scaled-1-scaled.jpg\" \/>\n\t<meta property=\"og:image:width\" content=\"1400\" \/>\n\t<meta property=\"og:image:height\" content=\"934\" \/>\n\t<meta property=\"og:image:type\" content=\"image\/jpeg\" \/>\n<meta name=\"author\" content=\"Roger Str\u00e4ssle\" \/>\n<meta name=\"twitter:card\" content=\"summary_large_image\" \/>\n<meta name=\"twitter:label1\" content=\"Geschrieben von\" \/>\n\t<meta name=\"twitter:data1\" content=\"Roger Str\u00e4ssle\" \/>\n\t<meta name=\"twitter:label2\" content=\"Gesch\u00e4tzte Lesezeit\" \/>\n\t<meta name=\"twitter:data2\" content=\"1\u00a0Minute\" \/>\n<script type=\"application\/ld+json\" class=\"yoast-schema-graph\">{\"@context\":\"https:\\\/\\\/schema.org\",\"@graph\":[{\"@type\":\"Article\",\"@id\":\"https:\\\/\\\/news.save.ch\\\/alpha-protect-schliesst-sich-der-securitas-gruppe-an\\\/#article\",\"isPartOf\":{\"@id\":\"https:\\\/\\\/news.save.ch\\\/alpha-protect-schliesst-sich-der-securitas-gruppe-an\\\/\"},\"author\":{\"name\":\"Roger Str\u00e4ssle\",\"@id\":\"https:\\\/\\\/news.save.ch\\\/de\\\/#\\\/schema\\\/person\\\/d5022db048e0e2b9785c50e5b24da5aa\"},\"headline\":\"Securitas Gruppe \u00fcbernimmt Alpha Protect\",\"datePublished\":\"2017-10-23T08:00:18+00:00\",\"mainEntityOfPage\":{\"@id\":\"https:\\\/\\\/news.save.ch\\\/alpha-protect-schliesst-sich-der-securitas-gruppe-an\\\/\"},\"wordCount\":174,\"commentCount\":0,\"publisher\":{\"@id\":\"https:\\\/\\\/news.save.ch\\\/de\\\/#organization\"},\"image\":{\"@id\":\"https:\\\/\\\/news.save.ch\\\/alpha-protect-schliesst-sich-der-securitas-gruppe-an\\\/#primaryimage\"},\"thumbnailUrl\":\"https:\\\/\\\/news.save.ch\\\/wp-content\\\/uploads\\\/2017\\\/10\\\/Securitas-scaled-1-scaled.jpg\",\"keywords\":[\"Unternehmen\"],\"articleSection\":[\"ALLGEMEIN\"],\"inLanguage\":\"de\"},{\"@type\":\"WebPage\",\"@id\":\"https:\\\/\\\/news.save.ch\\\/alpha-protect-schliesst-sich-der-securitas-gruppe-an\\\/\",\"url\":\"https:\\\/\\\/news.save.ch\\\/alpha-protect-schliesst-sich-der-securitas-gruppe-an\\\/\",\"name\":\"Securitas Gruppe \u00fcbernimmt Alpha Protect - Save\",\"isPartOf\":{\"@id\":\"https:\\\/\\\/news.save.ch\\\/de\\\/#website\"},\"primaryImageOfPage\":{\"@id\":\"https:\\\/\\\/news.save.ch\\\/alpha-protect-schliesst-sich-der-securitas-gruppe-an\\\/#primaryimage\"},\"image\":{\"@id\":\"https:\\\/\\\/news.save.ch\\\/alpha-protect-schliesst-sich-der-securitas-gruppe-an\\\/#primaryimage\"},\"thumbnailUrl\":\"https:\\\/\\\/news.save.ch\\\/wp-content\\\/uploads\\\/2017\\\/10\\\/Securitas-scaled-1-scaled.jpg\",\"datePublished\":\"2017-10-23T08:00:18+00:00\",\"description\":\"Die Securitas Gruppe \u00fcbernimmt r\u00fcckwirkend per 1. Juli 2017 die im z\u00fcrcherischen Illnau-Effretikon ans\u00e4ssige Alpha Protect AG.\",\"breadcrumb\":{\"@id\":\"https:\\\/\\\/news.save.ch\\\/alpha-protect-schliesst-sich-der-securitas-gruppe-an\\\/#breadcrumb\"},\"inLanguage\":\"de\",\"potentialAction\":[{\"@type\":\"ReadAction\",\"target\":[\"https:\\\/\\\/news.save.ch\\\/alpha-protect-schliesst-sich-der-securitas-gruppe-an\\\/\"]}]},{\"@type\":\"ImageObject\",\"inLanguage\":\"de\",\"@id\":\"https:\\\/\\\/news.save.ch\\\/alpha-protect-schliesst-sich-der-securitas-gruppe-an\\\/#primaryimage\",\"url\":\"https:\\\/\\\/news.save.ch\\\/wp-content\\\/uploads\\\/2017\\\/10\\\/Securitas-scaled-1-scaled.jpg\",\"contentUrl\":\"https:\\\/\\\/news.save.ch\\\/wp-content\\\/uploads\\\/2017\\\/10\\\/Securitas-scaled-1-scaled.jpg\",\"width\":1400,\"height\":934,\"caption\":\"Foto: R. Str\u00e4ssle\"},{\"@type\":\"BreadcrumbList\",\"@id\":\"https:\\\/\\\/news.save.ch\\\/alpha-protect-schliesst-sich-der-securitas-gruppe-an\\\/#breadcrumb\",\"itemListElement\":[{\"@type\":\"ListItem\",\"position\":1,\"name\":\"Home\",\"item\":\"https:\\\/\\\/news.save.ch\\\/de\\\/\"},{\"@type\":\"ListItem\",\"position\":2,\"name\":\"Securitas Gruppe \u00fcbernimmt Alpha Protect\"}]},{\"@type\":\"WebSite\",\"@id\":\"https:\\\/\\\/news.save.ch\\\/de\\\/#website\",\"url\":\"https:\\\/\\\/news.save.ch\\\/de\\\/\",\"name\":\"Save\",\"description\":\"Schweizer Fachzeitschrift f\u00fcr Sicherheit\",\"publisher\":{\"@id\":\"https:\\\/\\\/news.save.ch\\\/de\\\/#organization\"},\"potentialAction\":[{\"@type\":\"SearchAction\",\"target\":{\"@type\":\"EntryPoint\",\"urlTemplate\":\"https:\\\/\\\/news.save.ch\\\/de\\\/?s={search_term_string}\"},\"query-input\":{\"@type\":\"PropertyValueSpecification\",\"valueRequired\":true,\"valueName\":\"search_term_string\"}}],\"inLanguage\":\"de\"},{\"@type\":\"Organization\",\"@id\":\"https:\\\/\\\/news.save.ch\\\/de\\\/#organization\",\"name\":\"Sicherheitsforum\",\"url\":\"https:\\\/\\\/news.save.ch\\\/de\\\/\",\"logo\":{\"@type\":\"ImageObject\",\"inLanguage\":\"de\",\"@id\":\"https:\\\/\\\/news.save.ch\\\/de\\\/#\\\/schema\\\/logo\\\/image\\\/\",\"url\":\"https:\\\/\\\/news.save.ch\\\/wp-content\\\/uploads\\\/2022\\\/06\\\/Logo_SF_2012.png\",\"contentUrl\":\"https:\\\/\\\/news.save.ch\\\/wp-content\\\/uploads\\\/2022\\\/06\\\/Logo_SF_2012.png\",\"width\":1100,\"height\":91,\"caption\":\"Sicherheitsforum\"},\"image\":{\"@id\":\"https:\\\/\\\/news.save.ch\\\/de\\\/#\\\/schema\\\/logo\\\/image\\\/\"}},{\"@type\":\"Person\",\"@id\":\"https:\\\/\\\/news.save.ch\\\/de\\\/#\\\/schema\\\/person\\\/d5022db048e0e2b9785c50e5b24da5aa\",\"name\":\"Roger Str\u00e4ssle\",\"image\":{\"@type\":\"ImageObject\",\"inLanguage\":\"de\",\"@id\":\"https:\\\/\\\/secure.gravatar.com\\\/avatar\\\/862a5569d087de48e5856e32f45d719a03804c891d6deb8d4f71a660e79e4a47?s=96&d=mm&r=g\",\"url\":\"https:\\\/\\\/secure.gravatar.com\\\/avatar\\\/862a5569d087de48e5856e32f45d719a03804c891d6deb8d4f71a660e79e4a47?s=96&d=mm&r=g\",\"contentUrl\":\"https:\\\/\\\/secure.gravatar.com\\\/avatar\\\/862a5569d087de48e5856e32f45d719a03804c891d6deb8d4f71a660e79e4a47?s=96&d=mm&r=g\",\"caption\":\"Roger Str\u00e4ssle\"},\"url\":\"https:\\\/\\\/news.save.ch\\\/de\\\/author\\\/roger-straessle\\\/\"}]}<\/script>\n<!-- \/ Yoast SEO plugin. -->","yoast_head_json":{"title":"Securitas Gruppe \u00fcbernimmt Alpha Protect - Save","description":"Die Securitas Gruppe \u00fcbernimmt r\u00fcckwirkend per 1. Juli 2017 die im z\u00fcrcherischen Illnau-Effretikon ans\u00e4ssige Alpha Protect AG.","robots":{"index":"index","follow":"follow","max-snippet":"max-snippet:-1","max-image-preview":"max-image-preview:large","max-video-preview":"max-video-preview:-1"},"canonical":"https:\/\/news.save.ch\/de\/alpha-protect-schliesst-sich-der-securitas-gruppe-an\/","og_locale":"de_DE","og_type":"article","og_title":"Securitas Gruppe \u00fcbernimmt Alpha Protect - Save","og_description":"Die Securitas Gruppe \u00fcbernimmt r\u00fcckwirkend per 1. Juli 2017 die im z\u00fcrcherischen Illnau-Effretikon ans\u00e4ssige Alpha Protect AG.","og_url":"https:\/\/news.save.ch\/de\/alpha-protect-schliesst-sich-der-securitas-gruppe-an\/","og_site_name":"Save","article_published_time":"2017-10-23T08:00:18+00:00","og_image":[{"width":1400,"height":934,"url":"https:\/\/news.save.ch\/wp-content\/uploads\/2017\/10\/Securitas-scaled-1-scaled.jpg","type":"image\/jpeg"}],"author":"Roger Str\u00e4ssle","twitter_card":"summary_large_image","twitter_misc":{"Geschrieben von":"Roger Str\u00e4ssle","Gesch\u00e4tzte Lesezeit":"1\u00a0Minute"},"schema":{"@context":"https:\/\/schema.org","@graph":[{"@type":"Article","@id":"https:\/\/news.save.ch\/alpha-protect-schliesst-sich-der-securitas-gruppe-an\/#article","isPartOf":{"@id":"https:\/\/news.save.ch\/alpha-protect-schliesst-sich-der-securitas-gruppe-an\/"},"author":{"name":"Roger Str\u00e4ssle","@id":"https:\/\/news.save.ch\/de\/#\/schema\/person\/d5022db048e0e2b9785c50e5b24da5aa"},"headline":"Securitas Gruppe \u00fcbernimmt Alpha Protect","datePublished":"2017-10-23T08:00:18+00:00","mainEntityOfPage":{"@id":"https:\/\/news.save.ch\/alpha-protect-schliesst-sich-der-securitas-gruppe-an\/"},"wordCount":174,"commentCount":0,"publisher":{"@id":"https:\/\/news.save.ch\/de\/#organization"},"image":{"@id":"https:\/\/news.save.ch\/alpha-protect-schliesst-sich-der-securitas-gruppe-an\/#primaryimage"},"thumbnailUrl":"https:\/\/news.save.ch\/wp-content\/uploads\/2017\/10\/Securitas-scaled-1-scaled.jpg","keywords":["Unternehmen"],"articleSection":["ALLGEMEIN"],"inLanguage":"de"},{"@type":"WebPage","@id":"https:\/\/news.save.ch\/alpha-protect-schliesst-sich-der-securitas-gruppe-an\/","url":"https:\/\/news.save.ch\/alpha-protect-schliesst-sich-der-securitas-gruppe-an\/","name":"Securitas Gruppe \u00fcbernimmt Alpha Protect - Save","isPartOf":{"@id":"https:\/\/news.save.ch\/de\/#website"},"primaryImageOfPage":{"@id":"https:\/\/news.save.ch\/alpha-protect-schliesst-sich-der-securitas-gruppe-an\/#primaryimage"},"image":{"@id":"https:\/\/news.save.ch\/alpha-protect-schliesst-sich-der-securitas-gruppe-an\/#primaryimage"},"thumbnailUrl":"https:\/\/news.save.ch\/wp-content\/uploads\/2017\/10\/Securitas-scaled-1-scaled.jpg","datePublished":"2017-10-23T08:00:18+00:00","description":"Die Securitas Gruppe \u00fcbernimmt r\u00fcckwirkend per 1. Juli 2017 die im z\u00fcrcherischen Illnau-Effretikon ans\u00e4ssige Alpha Protect AG.","breadcrumb":{"@id":"https:\/\/news.save.ch\/alpha-protect-schliesst-sich-der-securitas-gruppe-an\/#breadcrumb"},"inLanguage":"de","potentialAction":[{"@type":"ReadAction","target":["https:\/\/news.save.ch\/alpha-protect-schliesst-sich-der-securitas-gruppe-an\/"]}]},{"@type":"ImageObject","inLanguage":"de","@id":"https:\/\/news.save.ch\/alpha-protect-schliesst-sich-der-securitas-gruppe-an\/#primaryimage","url":"https:\/\/news.save.ch\/wp-content\/uploads\/2017\/10\/Securitas-scaled-1-scaled.jpg","contentUrl":"https:\/\/news.save.ch\/wp-content\/uploads\/2017\/10\/Securitas-scaled-1-scaled.jpg","width":1400,"height":934,"caption":"Foto: R. Str\u00e4ssle"},{"@type":"BreadcrumbList","@id":"https:\/\/news.save.ch\/alpha-protect-schliesst-sich-der-securitas-gruppe-an\/#breadcrumb","itemListElement":[{"@type":"ListItem","position":1,"name":"Home","item":"https:\/\/news.save.ch\/de\/"},{"@type":"ListItem","position":2,"name":"Securitas Gruppe \u00fcbernimmt Alpha Protect"}]},{"@type":"WebSite","@id":"https:\/\/news.save.ch\/de\/#website","url":"https:\/\/news.save.ch\/de\/","name":"Save","description":"Schweizer Fachzeitschrift f\u00fcr Sicherheit","publisher":{"@id":"https:\/\/news.save.ch\/de\/#organization"},"potentialAction":[{"@type":"SearchAction","target":{"@type":"EntryPoint","urlTemplate":"https:\/\/news.save.ch\/de\/?s={search_term_string}"},"query-input":{"@type":"PropertyValueSpecification","valueRequired":true,"valueName":"search_term_string"}}],"inLanguage":"de"},{"@type":"Organization","@id":"https:\/\/news.save.ch\/de\/#organization","name":"Sicherheitsforum","url":"https:\/\/news.save.ch\/de\/","logo":{"@type":"ImageObject","inLanguage":"de","@id":"https:\/\/news.save.ch\/de\/#\/schema\/logo\/image\/","url":"https:\/\/news.save.ch\/wp-content\/uploads\/2022\/06\/Logo_SF_2012.png","contentUrl":"https:\/\/news.save.ch\/wp-content\/uploads\/2022\/06\/Logo_SF_2012.png","width":1100,"height":91,"caption":"Sicherheitsforum"},"image":{"@id":"https:\/\/news.save.ch\/de\/#\/schema\/logo\/image\/"}},{"@type":"Person","@id":"https:\/\/news.save.ch\/de\/#\/schema\/person\/d5022db048e0e2b9785c50e5b24da5aa","name":"Roger Str\u00e4ssle","image":{"@type":"ImageObject","inLanguage":"de","@id":"https:\/\/secure.gravatar.com\/avatar\/862a5569d087de48e5856e32f45d719a03804c891d6deb8d4f71a660e79e4a47?s=96&d=mm&r=g","url":"https:\/\/secure.gravatar.com\/avatar\/862a5569d087de48e5856e32f45d719a03804c891d6deb8d4f71a660e79e4a47?s=96&d=mm&r=g","contentUrl":"https:\/\/secure.gravatar.com\/avatar\/862a5569d087de48e5856e32f45d719a03804c891d6deb8d4f71a660e79e4a47?s=96&d=mm&r=g","caption":"Roger Str\u00e4ssle"},"url":"https:\/\/news.save.ch\/de\/author\/roger-straessle\/"}]}},"_links":{"self":[{"href":"https:\/\/news.save.ch\/de\/wp-json\/wp\/v2\/posts\/5512","targetHints":{"allow":["GET"]}}],"collection":[{"href":"https:\/\/news.save.ch\/de\/wp-json\/wp\/v2\/posts"}],"about":[{"href":"https:\/\/news.save.ch\/de\/wp-json\/wp\/v2\/types\/post"}],"author":[{"embeddable":true,"href":"https:\/\/news.save.ch\/de\/wp-json\/wp\/v2\/users\/8"}],"replies":[{"embeddable":true,"href":"https:\/\/news.save.ch\/de\/wp-json\/wp\/v2\/comments?post=5512"}],"version-history":[{"count":0,"href":"https:\/\/news.save.ch\/de\/wp-json\/wp\/v2\/posts\/5512\/revisions"}],"wp:featuredmedia":[{"embeddable":true,"href":"https:\/\/news.save.ch\/de\/wp-json\/wp\/v2\/media\/5513"}],"wp:attachment":[{"href":"https:\/\/news.save.ch\/de\/wp-json\/wp\/v2\/media?parent=5512"}],"wp:term":[{"taxonomy":"category","embeddable":true,"href":"https:\/\/news.save.ch\/de\/wp-json\/wp\/v2\/categories?post=5512"},{"taxonomy":"post_tag","embeddable":true,"href":"https:\/\/news.save.ch\/de\/wp-json\/wp\/v2\/tags?post=5512"}],"curies":[{"name":"wp","href":"https:\/\/api.w.org\/{rel}","templated":true}]}}