{"id":5549,"date":"2020-04-28T07:41:41","date_gmt":"2020-04-28T05:41:41","guid":{"rendered":"https:\/\/news.save.ch\/?p=5549"},"modified":"2023-03-14T09:05:04","modified_gmt":"2023-03-14T08:05:04","slug":"gesundheitsschutz-arbeitssicherheit-mit-erfolg","status":null,"type":"post","link":"https:\/\/news.save.ch\/de\/gesundheitsschutz-arbeitssicherheit-mit-erfolg\/","title":{"rendered":"Gesundheitsschutz &#038; Arbeitssicherheit mit Erfolg"},"content":{"rendered":"<figure id=\"attachment_5550\" aria-describedby=\"caption-attachment-5550\" style=\"width: 680px\" class=\"wp-caption alignnone\"><a href=\"https:\/\/www.bag.admin.ch\/bag\/de\/home\/strategie-und-politik\/nationale-gesundheitsstrategien\/strategie-nicht-uebertragbare-krankheiten\/verhaltensoekonomie.html\"><img loading=\"lazy\" decoding=\"async\" class=\"size-medium wp-image-5550\" src=\"http:\/\/develop.safety-plus.ch\/wp-content\/uploads\/2020\/04\/06_SAVE.jpg\" alt=\"\" width=\"680\" height=\"453\" \/><\/a><figcaption id=\"caption-attachment-5550\" class=\"wp-caption-text\"><a href=\"https:\/\/www.bag.admin.ch\/bag\/de\/home\/strategie-und-politik\/nationale-gesundheitsstrategien\/strategie-nicht-uebertragbare-krankheiten\/verhaltensoekonomie.html\">Mit F\u00fchrung und Einbettung von \u00abHealth, Safety, Environment\u00bb in Gesamtorganisationen am praktischen Beispiel geht die Vortragsreihe los. \u00a9 Depositphotos\/Goodluz<\/a><\/figcaption><\/figure>\n<p>Mit F\u00fchrung und Einbettung von \u00abHealth, Safety, Environment\u00bb in Gesamtorganisationen am praktischen Beispiel geht die Vortragsreihe los. Pr\u00e4sentiert von einem HSE-Manager. Warum sich der Sika-Konzern zu \u00abVision Zero\u00bb bekennt und wie der aktuelle Stand der Umsetzung ist, erf\u00e4hrt der Teilnehmende direkt aus erster Hand. Aus <a href=\"https:\/\/news.save.ch\/lernende-verunfallen-doppelt-so-haeufig-in-der-freizeit\/\" target=\"_blank\" rel=\"noopener\">Unf\u00e4llen<\/a> und Fehlern anderer lernen: Wie gelingt dieser Know-how-Transfer? Der Abteilungsleiter <a href=\"https:\/\/news.save.ch\/suva-neue-abteilungsleiterin-arbeitsmedizin\/\" target=\"_blank\" rel=\"noopener\">Arbeitssicherheit\/Gesundheitsschutz bei der Suva<\/a> geht diesem Aspekt auf den Grund. Mit den Themen Sicherheit bei nicht ortsfesten Arbeitspl\u00e4tzen und den teuren, schmerzhaften Absenzen im Betrieb wird der Vormittagsteil abgeschlossen.<\/p>\n<p><strong>Menschliches Verhalten<\/strong><\/p>\n<p><a href=\"https:\/\/www.bag.admin.ch\/dam\/bag\/de\/dokumente\/npp\/ncd\/verhaltenskonomie\/nachhaltigen_gesundheitsfoerderung.pdf.download.pdf\/Verhaltens%C3%B6konomie_zur_nachhaltigen_Gesundheitsf%C3%B6rderung.pdf\" target=\"_blank\" rel=\"noopener\">Psychologische Aspekte<\/a> beeinflussen die Arbeitssicherheit und den Gesundheitsschutz stark. Wie wird menschliches Verhalten erfolgreich ver\u00e4ndert? Wie f\u00fchren bei ASGS Anreize statt Verbote zum besseren Ziel? Der RANAS-Ansatz und die <a href=\"https:\/\/www.bag.admin.ch\/bag\/de\/home\/strategie-und-politik\/nationale-gesundheitsstrategien\/strategie-nicht-uebertragbare-krankheiten\/verhaltensoekonomie.html\" target=\"_blank\" rel=\"noopener\">\u00abNudging\u00bb-Methode<\/a> sind hier passend. Was steckt dahinter? Mehr davon gibt\u2019s am 10. November 2020 zu h\u00f6ren. Der Faktor Kommunikation ist zudem Erfolgspfeiler f\u00fcr funktionierende Sicherheitsaktivit\u00e4ten. Ein Experte f\u00fcr F\u00fchrungskommunikation rundet mit seinen Ausf\u00fchrungen hierzu die Veranstaltung ab.<\/p>\n<h3>Info: Alle bisher angemeldeten TeilnehmerInnen behalten den Platz bis auf weiteres garantiert. Sie werden von der SAVE AG angeschrieben, ob f\u00fcr Sie die Teilnahme am Verschiebungstermin m\u00f6glich ist.<\/h3>\n<p><a href=\"https:\/\/save.ch\/events\/asgs-mit-erfolg-2020\/\" target=\"_blank\" rel=\"noopener\">Zur Anmeldung<\/a><\/p>\n","protected":false},"excerpt":{"rendered":"<p>Mit F\u00fchrung und Einbettung von \u00abHealth, Safety, Environment\u00bb in Gesamtorganisationen am praktischen Beispiel geht die Vortragsreihe los. Pr\u00e4sentiert von einem HSE-Manager. Warum sich der Sika-Konzern zu \u00abVision Zero\u00bb bekennt und wie der aktuelle Stand der Umsetzung ist, erf\u00e4hrt der Teilnehmende direkt aus erster Hand. Aus Unf\u00e4llen und Fehlern anderer lernen: Wie gelingt dieser Know-how-Transfer? Der [&hellip;]<\/p>\n","protected":false},"author":1,"featured_media":5550,"comment_status":"closed","ping_status":"closed","sticky":false,"template":"","format":"standard","meta":{"_acf_changed":false,"pgc_sgb_lightbox_settings":"","footnotes":""},"categories":[1,3314],"tags":[172,540,1775,2500,2669,141,2729,2759,64,167,68,3135,596,160],"class_list":["post-5549","post","type-post","status-publish","format-standard","has-post-thumbnail","hentry","category-allgemein","category-health-safety","tag-arbeitssicherheit","tag-ausbildung","tag-betriebliches-gesundheitsmanagement","tag-management-und-unternehmensfuehrung","tag-persoenliche-schutzausruestung-psa","tag-praevention","tag-psychische-gesundheit","tag-ranas-ansatz","tag-studie","tag-suva","tag-tipps-und-tricks","tag-unfaelle","tag-veranstaltung","tag-veranstaltungen"],"acf":[],"hkrextid":null,"publication":null,"issue":null,"workflow":null,"startPage":null,"spitzmarke":null,"_posts_by_tag_page_fields":{"widget_title":"","widget_tags":""},"_at_widget":"1","_yoast_wpseo_primary_category":"5","_yoast_wpseo_focuskw_text_input":"Gesundheitsschutz & Arbeitssicherheit","_yoast_wpseo_opengraph-image":null,"_yoast_wpseo_opengraph-description":null,"_yoast_wpseo_opengraph-title":null,"enclosure":null,"_yoast_wpseo_twitter-title":null,"_yoast_wpseo_twitter-description":null,"_yoast_wpseo_twitter-image":null,"_wp_old_slug":null,"_yoast_wpseo_title":null,"_yoast_wpseo_canonical":null,"yoast_head":"<!-- This site is optimized with the Yoast SEO plugin v27.4 - https:\/\/yoast.com\/product\/yoast-seo-wordpress\/ -->\n<title>Gesundheitsschutz &amp; Arbeitssicherheit mit Erfolg - Save<\/title>\n<meta name=\"description\" content=\"Die SAVE Tagung \u00abGesundheitsschutz &amp; Arbeitssicherheit mit Erfolg\u00bb findet am 10.11.20 statt. Angemeldete Teilnehmer behalten den Platz.\" \/>\n<meta name=\"robots\" content=\"index, follow, max-snippet:-1, max-image-preview:large, max-video-preview:-1\" \/>\n<link rel=\"canonical\" href=\"https:\/\/news.save.ch\/de\/gesundheitsschutz-arbeitssicherheit-mit-erfolg\/\" \/>\n<meta property=\"og:locale\" content=\"de_DE\" \/>\n<meta property=\"og:type\" content=\"article\" \/>\n<meta property=\"og:title\" content=\"Gesundheitsschutz &amp; Arbeitssicherheit mit Erfolg - Save\" \/>\n<meta property=\"og:description\" content=\"Die SAVE Tagung \u00abGesundheitsschutz &amp; Arbeitssicherheit mit Erfolg\u00bb findet am 10.11.20 statt. Angemeldete Teilnehmer behalten den Platz.\" \/>\n<meta property=\"og:url\" content=\"https:\/\/news.save.ch\/de\/gesundheitsschutz-arbeitssicherheit-mit-erfolg\/\" \/>\n<meta property=\"og:site_name\" content=\"Save\" \/>\n<meta property=\"article:published_time\" content=\"2020-04-28T05:41:41+00:00\" \/>\n<meta property=\"article:modified_time\" content=\"2023-03-14T08:05:04+00:00\" \/>\n<meta property=\"og:image\" content=\"https:\/\/news.save.ch\/wp-content\/uploads\/2020\/04\/06_SAVE-scaled-1.jpg\" \/>\n\t<meta property=\"og:image:width\" content=\"1200\" \/>\n\t<meta property=\"og:image:height\" content=\"800\" \/>\n\t<meta property=\"og:image:type\" content=\"image\/jpeg\" \/>\n<meta name=\"author\" content=\"admin\" \/>\n<meta name=\"twitter:card\" content=\"summary_large_image\" \/>\n<meta name=\"twitter:label1\" content=\"Geschrieben von\" \/>\n\t<meta name=\"twitter:data1\" content=\"admin\" \/>\n\t<meta name=\"twitter:label2\" content=\"Gesch\u00e4tzte Lesezeit\" \/>\n\t<meta name=\"twitter:data2\" content=\"1\u00a0Minute\" \/>\n<script type=\"application\/ld+json\" class=\"yoast-schema-graph\">{\"@context\":\"https:\\\/\\\/schema.org\",\"@graph\":[{\"@type\":\"Article\",\"@id\":\"https:\\\/\\\/news.save.ch\\\/gesundheitsschutz-arbeitssicherheit-mit-erfolg\\\/#article\",\"isPartOf\":{\"@id\":\"https:\\\/\\\/news.save.ch\\\/gesundheitsschutz-arbeitssicherheit-mit-erfolg\\\/\"},\"author\":{\"name\":\"admin\",\"@id\":\"https:\\\/\\\/news.save.ch\\\/de\\\/#\\\/schema\\\/person\\\/d49e199490bad7c70d64b9ab51142f2b\"},\"headline\":\"Gesundheitsschutz &#038; Arbeitssicherheit mit Erfolg\",\"datePublished\":\"2020-04-28T05:41:41+00:00\",\"dateModified\":\"2023-03-14T08:05:04+00:00\",\"mainEntityOfPage\":{\"@id\":\"https:\\\/\\\/news.save.ch\\\/gesundheitsschutz-arbeitssicherheit-mit-erfolg\\\/\"},\"wordCount\":230,\"publisher\":{\"@id\":\"https:\\\/\\\/news.save.ch\\\/de\\\/#organization\"},\"image\":{\"@id\":\"https:\\\/\\\/news.save.ch\\\/gesundheitsschutz-arbeitssicherheit-mit-erfolg\\\/#primaryimage\"},\"thumbnailUrl\":\"https:\\\/\\\/news.save.ch\\\/wp-content\\\/uploads\\\/2020\\\/04\\\/06_SAVE-scaled-1.jpg\",\"keywords\":[\"Arbeitssicherheit\",\"Ausbildung\",\"Betriebliches Gesundheitsmanagement\",\"Management und Unternehmensf\u00fchrung\",\"Pers\u00f6nliche Schutzausr\u00fcstung (PSA)\",\"Pr\u00e4vention\",\"Psychische Gesundheit\",\"RANAS-Ansatz\",\"Studie\",\"SUVA\",\"Tipps und Tricks\",\"Unf\u00e4lle\",\"Veranstaltung\",\"Veranstaltungen\"],\"articleSection\":[\"ALLGEMEIN\",\"HEALTH &amp; SAFETY\"],\"inLanguage\":\"de\"},{\"@type\":\"WebPage\",\"@id\":\"https:\\\/\\\/news.save.ch\\\/gesundheitsschutz-arbeitssicherheit-mit-erfolg\\\/\",\"url\":\"https:\\\/\\\/news.save.ch\\\/gesundheitsschutz-arbeitssicherheit-mit-erfolg\\\/\",\"name\":\"Gesundheitsschutz & Arbeitssicherheit mit Erfolg - Save\",\"isPartOf\":{\"@id\":\"https:\\\/\\\/news.save.ch\\\/de\\\/#website\"},\"primaryImageOfPage\":{\"@id\":\"https:\\\/\\\/news.save.ch\\\/gesundheitsschutz-arbeitssicherheit-mit-erfolg\\\/#primaryimage\"},\"image\":{\"@id\":\"https:\\\/\\\/news.save.ch\\\/gesundheitsschutz-arbeitssicherheit-mit-erfolg\\\/#primaryimage\"},\"thumbnailUrl\":\"https:\\\/\\\/news.save.ch\\\/wp-content\\\/uploads\\\/2020\\\/04\\\/06_SAVE-scaled-1.jpg\",\"datePublished\":\"2020-04-28T05:41:41+00:00\",\"dateModified\":\"2023-03-14T08:05:04+00:00\",\"description\":\"Die SAVE Tagung \u00abGesundheitsschutz & Arbeitssicherheit mit Erfolg\u00bb findet am 10.11.20 statt. Angemeldete Teilnehmer behalten den Platz.\",\"breadcrumb\":{\"@id\":\"https:\\\/\\\/news.save.ch\\\/gesundheitsschutz-arbeitssicherheit-mit-erfolg\\\/#breadcrumb\"},\"inLanguage\":\"de\",\"potentialAction\":[{\"@type\":\"ReadAction\",\"target\":[\"https:\\\/\\\/news.save.ch\\\/gesundheitsschutz-arbeitssicherheit-mit-erfolg\\\/\"]}]},{\"@type\":\"ImageObject\",\"inLanguage\":\"de\",\"@id\":\"https:\\\/\\\/news.save.ch\\\/gesundheitsschutz-arbeitssicherheit-mit-erfolg\\\/#primaryimage\",\"url\":\"https:\\\/\\\/news.save.ch\\\/wp-content\\\/uploads\\\/2020\\\/04\\\/06_SAVE-scaled-1.jpg\",\"contentUrl\":\"https:\\\/\\\/news.save.ch\\\/wp-content\\\/uploads\\\/2020\\\/04\\\/06_SAVE-scaled-1.jpg\",\"width\":1200,\"height\":800,\"caption\":\"Mit F\u00fchrung und Einbettung von \u00abHealth, Safety, Environment\u00bb in Gesamtorganisationen am praktischen Beispiel geht die Vortragsreihe los.\"},{\"@type\":\"BreadcrumbList\",\"@id\":\"https:\\\/\\\/news.save.ch\\\/gesundheitsschutz-arbeitssicherheit-mit-erfolg\\\/#breadcrumb\",\"itemListElement\":[{\"@type\":\"ListItem\",\"position\":1,\"name\":\"Home\",\"item\":\"https:\\\/\\\/news.save.ch\\\/de\\\/\"},{\"@type\":\"ListItem\",\"position\":2,\"name\":\"Gesundheitsschutz &#038; Arbeitssicherheit mit Erfolg\"}]},{\"@type\":\"WebSite\",\"@id\":\"https:\\\/\\\/news.save.ch\\\/de\\\/#website\",\"url\":\"https:\\\/\\\/news.save.ch\\\/de\\\/\",\"name\":\"Save\",\"description\":\"Schweizer Fachzeitschrift f\u00fcr Sicherheit\",\"publisher\":{\"@id\":\"https:\\\/\\\/news.save.ch\\\/de\\\/#organization\"},\"potentialAction\":[{\"@type\":\"SearchAction\",\"target\":{\"@type\":\"EntryPoint\",\"urlTemplate\":\"https:\\\/\\\/news.save.ch\\\/de\\\/?s={search_term_string}\"},\"query-input\":{\"@type\":\"PropertyValueSpecification\",\"valueRequired\":true,\"valueName\":\"search_term_string\"}}],\"inLanguage\":\"de\"},{\"@type\":\"Organization\",\"@id\":\"https:\\\/\\\/news.save.ch\\\/de\\\/#organization\",\"name\":\"Sicherheitsforum\",\"url\":\"https:\\\/\\\/news.save.ch\\\/de\\\/\",\"logo\":{\"@type\":\"ImageObject\",\"inLanguage\":\"de\",\"@id\":\"https:\\\/\\\/news.save.ch\\\/de\\\/#\\\/schema\\\/logo\\\/image\\\/\",\"url\":\"https:\\\/\\\/news.save.ch\\\/wp-content\\\/uploads\\\/2022\\\/06\\\/Logo_SF_2012.png\",\"contentUrl\":\"https:\\\/\\\/news.save.ch\\\/wp-content\\\/uploads\\\/2022\\\/06\\\/Logo_SF_2012.png\",\"width\":1100,\"height\":91,\"caption\":\"Sicherheitsforum\"},\"image\":{\"@id\":\"https:\\\/\\\/news.save.ch\\\/de\\\/#\\\/schema\\\/logo\\\/image\\\/\"}},{\"@type\":\"Person\",\"@id\":\"https:\\\/\\\/news.save.ch\\\/de\\\/#\\\/schema\\\/person\\\/d49e199490bad7c70d64b9ab51142f2b\",\"name\":\"admin\",\"image\":{\"@type\":\"ImageObject\",\"inLanguage\":\"de\",\"@id\":\"https:\\\/\\\/secure.gravatar.com\\\/avatar\\\/ae2f4d718e6c49043e314ce431e7e645d646302a24a5ef5a8bc8e3f5a032e319?s=96&d=mm&r=g\",\"url\":\"https:\\\/\\\/secure.gravatar.com\\\/avatar\\\/ae2f4d718e6c49043e314ce431e7e645d646302a24a5ef5a8bc8e3f5a032e319?s=96&d=mm&r=g\",\"contentUrl\":\"https:\\\/\\\/secure.gravatar.com\\\/avatar\\\/ae2f4d718e6c49043e314ce431e7e645d646302a24a5ef5a8bc8e3f5a032e319?s=96&d=mm&r=g\",\"caption\":\"admin\"},\"sameAs\":[\"https:\\\/\\\/develop.organisator.galledia.ch\"],\"url\":\"https:\\\/\\\/news.save.ch\\\/de\\\/author\\\/admin\\\/\"}]}<\/script>\n<!-- \/ Yoast SEO plugin. -->","yoast_head_json":{"title":"Gesundheitsschutz & Arbeitssicherheit mit Erfolg - Save","description":"Die SAVE Tagung \u00abGesundheitsschutz & Arbeitssicherheit mit Erfolg\u00bb findet am 10.11.20 statt. Angemeldete Teilnehmer behalten den Platz.","robots":{"index":"index","follow":"follow","max-snippet":"max-snippet:-1","max-image-preview":"max-image-preview:large","max-video-preview":"max-video-preview:-1"},"canonical":"https:\/\/news.save.ch\/de\/gesundheitsschutz-arbeitssicherheit-mit-erfolg\/","og_locale":"de_DE","og_type":"article","og_title":"Gesundheitsschutz & Arbeitssicherheit mit Erfolg - Save","og_description":"Die SAVE Tagung \u00abGesundheitsschutz & Arbeitssicherheit mit Erfolg\u00bb findet am 10.11.20 statt. Angemeldete Teilnehmer behalten den Platz.","og_url":"https:\/\/news.save.ch\/de\/gesundheitsschutz-arbeitssicherheit-mit-erfolg\/","og_site_name":"Save","article_published_time":"2020-04-28T05:41:41+00:00","article_modified_time":"2023-03-14T08:05:04+00:00","og_image":[{"width":1200,"height":800,"url":"https:\/\/news.save.ch\/wp-content\/uploads\/2020\/04\/06_SAVE-scaled-1.jpg","type":"image\/jpeg"}],"author":"admin","twitter_card":"summary_large_image","twitter_misc":{"Geschrieben von":"admin","Gesch\u00e4tzte Lesezeit":"1\u00a0Minute"},"schema":{"@context":"https:\/\/schema.org","@graph":[{"@type":"Article","@id":"https:\/\/news.save.ch\/gesundheitsschutz-arbeitssicherheit-mit-erfolg\/#article","isPartOf":{"@id":"https:\/\/news.save.ch\/gesundheitsschutz-arbeitssicherheit-mit-erfolg\/"},"author":{"name":"admin","@id":"https:\/\/news.save.ch\/de\/#\/schema\/person\/d49e199490bad7c70d64b9ab51142f2b"},"headline":"Gesundheitsschutz &#038; Arbeitssicherheit mit Erfolg","datePublished":"2020-04-28T05:41:41+00:00","dateModified":"2023-03-14T08:05:04+00:00","mainEntityOfPage":{"@id":"https:\/\/news.save.ch\/gesundheitsschutz-arbeitssicherheit-mit-erfolg\/"},"wordCount":230,"publisher":{"@id":"https:\/\/news.save.ch\/de\/#organization"},"image":{"@id":"https:\/\/news.save.ch\/gesundheitsschutz-arbeitssicherheit-mit-erfolg\/#primaryimage"},"thumbnailUrl":"https:\/\/news.save.ch\/wp-content\/uploads\/2020\/04\/06_SAVE-scaled-1.jpg","keywords":["Arbeitssicherheit","Ausbildung","Betriebliches Gesundheitsmanagement","Management und Unternehmensf\u00fchrung","Pers\u00f6nliche Schutzausr\u00fcstung (PSA)","Pr\u00e4vention","Psychische Gesundheit","RANAS-Ansatz","Studie","SUVA","Tipps und Tricks","Unf\u00e4lle","Veranstaltung","Veranstaltungen"],"articleSection":["ALLGEMEIN","HEALTH &amp; SAFETY"],"inLanguage":"de"},{"@type":"WebPage","@id":"https:\/\/news.save.ch\/gesundheitsschutz-arbeitssicherheit-mit-erfolg\/","url":"https:\/\/news.save.ch\/gesundheitsschutz-arbeitssicherheit-mit-erfolg\/","name":"Gesundheitsschutz & Arbeitssicherheit mit Erfolg - Save","isPartOf":{"@id":"https:\/\/news.save.ch\/de\/#website"},"primaryImageOfPage":{"@id":"https:\/\/news.save.ch\/gesundheitsschutz-arbeitssicherheit-mit-erfolg\/#primaryimage"},"image":{"@id":"https:\/\/news.save.ch\/gesundheitsschutz-arbeitssicherheit-mit-erfolg\/#primaryimage"},"thumbnailUrl":"https:\/\/news.save.ch\/wp-content\/uploads\/2020\/04\/06_SAVE-scaled-1.jpg","datePublished":"2020-04-28T05:41:41+00:00","dateModified":"2023-03-14T08:05:04+00:00","description":"Die SAVE Tagung \u00abGesundheitsschutz & Arbeitssicherheit mit Erfolg\u00bb findet am 10.11.20 statt. Angemeldete Teilnehmer behalten den Platz.","breadcrumb":{"@id":"https:\/\/news.save.ch\/gesundheitsschutz-arbeitssicherheit-mit-erfolg\/#breadcrumb"},"inLanguage":"de","potentialAction":[{"@type":"ReadAction","target":["https:\/\/news.save.ch\/gesundheitsschutz-arbeitssicherheit-mit-erfolg\/"]}]},{"@type":"ImageObject","inLanguage":"de","@id":"https:\/\/news.save.ch\/gesundheitsschutz-arbeitssicherheit-mit-erfolg\/#primaryimage","url":"https:\/\/news.save.ch\/wp-content\/uploads\/2020\/04\/06_SAVE-scaled-1.jpg","contentUrl":"https:\/\/news.save.ch\/wp-content\/uploads\/2020\/04\/06_SAVE-scaled-1.jpg","width":1200,"height":800,"caption":"Mit F\u00fchrung und Einbettung von \u00abHealth, Safety, Environment\u00bb in Gesamtorganisationen am praktischen Beispiel geht die Vortragsreihe los."},{"@type":"BreadcrumbList","@id":"https:\/\/news.save.ch\/gesundheitsschutz-arbeitssicherheit-mit-erfolg\/#breadcrumb","itemListElement":[{"@type":"ListItem","position":1,"name":"Home","item":"https:\/\/news.save.ch\/de\/"},{"@type":"ListItem","position":2,"name":"Gesundheitsschutz &#038; Arbeitssicherheit mit Erfolg"}]},{"@type":"WebSite","@id":"https:\/\/news.save.ch\/de\/#website","url":"https:\/\/news.save.ch\/de\/","name":"Save","description":"Schweizer Fachzeitschrift f\u00fcr Sicherheit","publisher":{"@id":"https:\/\/news.save.ch\/de\/#organization"},"potentialAction":[{"@type":"SearchAction","target":{"@type":"EntryPoint","urlTemplate":"https:\/\/news.save.ch\/de\/?s={search_term_string}"},"query-input":{"@type":"PropertyValueSpecification","valueRequired":true,"valueName":"search_term_string"}}],"inLanguage":"de"},{"@type":"Organization","@id":"https:\/\/news.save.ch\/de\/#organization","name":"Sicherheitsforum","url":"https:\/\/news.save.ch\/de\/","logo":{"@type":"ImageObject","inLanguage":"de","@id":"https:\/\/news.save.ch\/de\/#\/schema\/logo\/image\/","url":"https:\/\/news.save.ch\/wp-content\/uploads\/2022\/06\/Logo_SF_2012.png","contentUrl":"https:\/\/news.save.ch\/wp-content\/uploads\/2022\/06\/Logo_SF_2012.png","width":1100,"height":91,"caption":"Sicherheitsforum"},"image":{"@id":"https:\/\/news.save.ch\/de\/#\/schema\/logo\/image\/"}},{"@type":"Person","@id":"https:\/\/news.save.ch\/de\/#\/schema\/person\/d49e199490bad7c70d64b9ab51142f2b","name":"admin","image":{"@type":"ImageObject","inLanguage":"de","@id":"https:\/\/secure.gravatar.com\/avatar\/ae2f4d718e6c49043e314ce431e7e645d646302a24a5ef5a8bc8e3f5a032e319?s=96&d=mm&r=g","url":"https:\/\/secure.gravatar.com\/avatar\/ae2f4d718e6c49043e314ce431e7e645d646302a24a5ef5a8bc8e3f5a032e319?s=96&d=mm&r=g","contentUrl":"https:\/\/secure.gravatar.com\/avatar\/ae2f4d718e6c49043e314ce431e7e645d646302a24a5ef5a8bc8e3f5a032e319?s=96&d=mm&r=g","caption":"admin"},"sameAs":["https:\/\/develop.organisator.galledia.ch"],"url":"https:\/\/news.save.ch\/de\/author\/admin\/"}]}},"_links":{"self":[{"href":"https:\/\/news.save.ch\/de\/wp-json\/wp\/v2\/posts\/5549","targetHints":{"allow":["GET"]}}],"collection":[{"href":"https:\/\/news.save.ch\/de\/wp-json\/wp\/v2\/posts"}],"about":[{"href":"https:\/\/news.save.ch\/de\/wp-json\/wp\/v2\/types\/post"}],"author":[{"embeddable":true,"href":"https:\/\/news.save.ch\/de\/wp-json\/wp\/v2\/users\/1"}],"replies":[{"embeddable":true,"href":"https:\/\/news.save.ch\/de\/wp-json\/wp\/v2\/comments?post=5549"}],"version-history":[{"count":1,"href":"https:\/\/news.save.ch\/de\/wp-json\/wp\/v2\/posts\/5549\/revisions"}],"predecessor-version":[{"id":18200,"href":"https:\/\/news.save.ch\/de\/wp-json\/wp\/v2\/posts\/5549\/revisions\/18200"}],"wp:featuredmedia":[{"embeddable":true,"href":"https:\/\/news.save.ch\/de\/wp-json\/wp\/v2\/media\/5550"}],"wp:attachment":[{"href":"https:\/\/news.save.ch\/de\/wp-json\/wp\/v2\/media?parent=5549"}],"wp:term":[{"taxonomy":"category","embeddable":true,"href":"https:\/\/news.save.ch\/de\/wp-json\/wp\/v2\/categories?post=5549"},{"taxonomy":"post_tag","embeddable":true,"href":"https:\/\/news.save.ch\/de\/wp-json\/wp\/v2\/tags?post=5549"}],"curies":[{"name":"wp","href":"https:\/\/api.w.org\/{rel}","templated":true}]}}