{"id":5591,"date":"2020-04-17T08:00:44","date_gmt":"2020-04-17T06:00:44","guid":{"rendered":"https:\/\/news.save.ch\/?p=5591"},"modified":"2023-03-14T09:03:48","modified_gmt":"2023-03-14T08:03:48","slug":"coronavirus-einkaufstourismus-bleibt-verboten","status":null,"type":"post","link":"https:\/\/news.save.ch\/de\/coronavirus-einkaufstourismus-bleibt-verboten\/","title":{"rendered":"Coronavirus: Einkaufstourismus bleibt verboten"},"content":{"rendered":"<figure id=\"attachment_5592\" aria-describedby=\"caption-attachment-5592\" style=\"width: 680px\" class=\"wp-caption alignnone\"><img loading=\"lazy\" decoding=\"async\" class=\"size-medium wp-image-5592\" src=\"http:\/\/develop.safety-plus.ch\/wp-content\/uploads\/2020\/04\/Depositphotos_maxxyustas.jpg\" alt=\"\" width=\"680\" height=\"510\" \/><figcaption id=\"caption-attachment-5592\" class=\"wp-caption-text\">Die Eidgen\u00f6ssische Zollverwaltung (EZV) hat jedoch in den vergangenen Wochen weiterhin ein reges grenz\u00fcberschreitendes Einkaufsverhalten festgestellt. \u00a9 Depositphotos\/maxxyustas<\/figcaption><\/figure>\n<p>Seit Mitte M\u00e4rz hat die Schweiz aus gesundheitspolitischen Gr\u00fcnden tempor\u00e4re Binnengrenzkontrollen wieder eingef\u00fchrt und Einreiseverbote erlassen. Die Einschr\u00e4nkung des Reiseverkehrs dient dem gesundheitlichen Schutz der Wohnbev\u00f6lkerung in der Schweiz und soll eine weitere Ausbreitung des Coronavirus verhindern. Diese Massnahmen haben sich in den letzten Tagen und Wochen etabliert. Aktuelle Informationen zeigen, dass die Umsetzung an den Aussengrenzen und auf den Flugh\u00e4fen gr\u00f6sstenteils gut funktioniert. Der <a href=\"https:\/\/news.save.ch\/bundesrat-verschaerft-massnahmen-gegen-coronavirus-unterstuetzt-betroffene-branchen\/\" target=\"_blank\" rel=\"noopener\">Bundesrat<\/a> r\u00e4t von nicht notwendigen Reisen ab.<\/p>\n<p>Die Eidgen\u00f6ssische Zollverwaltung (EZV) hat jedoch in den vergangenen Wochen weiterhin ein reges grenz\u00fcberschreitendes Einkaufsverhalten festgestellt. Diese Kontrollen binden Ressourcen der EZV, die f\u00fcr die wirksame Kontrolle der Binnengrenzen ben\u00f6tigt w\u00fcrden. Zur Pr\u00e4zisierung der geltenden Praxis wird deshalb die <a href=\"https:\/\/news.save.ch\/carvelos-kostenlos-zur-verfuegung\/\" target=\"_blank\" rel=\"noopener\">COVID-19<\/a> Verordnung 2 mit einem Artikel erg\u00e4nzt. Bei der Wiedereinreise in die Schweiz wird eine Busse von 100 Franken ausgesprochen, wenn offensichtlich ein Fall von Einkaufstourismus vorliegt und die Grenz\u00fcberschreitung ausschliesslich zu diesem Zweck erfolgt ist. Mit dieser Busse wird nicht der Einkauf an sich sanktioniert, sondern die erfolgte Behinderung der Arbeit der Grenzschutzbeh\u00f6rde.<\/p>\n<p>Das Wegr\u00e4umen oder Besch\u00e4digen von Grenzabsperrungen oder Signalisierungen etc. wird nach wie vor mit einer Busse belegt ebenso \u00dcbernahme von Waren an nicht ge\u00f6ffneten Grenz\u00fcberg\u00e4ngen. Der Artikel 4 der Verordnung wurde entsprechend pr\u00e4zisiert. Personen, deren Einreise gem\u00e4ss COVID-19 Verordnung 2 nicht erlaubt ist, wird die Einreise verweigert, sie werden aber nicht geb\u00fcsst. Gegen eine Einreiseverweigerung kann beim Staatssekretariat f\u00fcr Migration (SEM) Einsprache erhoben werden. Schweizer B\u00fcrgerinnen und B\u00fcrger und Personen mit einem Aufenthaltstitel in der Schweiz sind jederzeit zur Einreise berechtigt, unabh\u00e4ngig des Zweckes des Grenz\u00fcbertritts in die Schweiz.<\/p>\n<p><strong>Weitere Infos<\/strong><\/p>\n<p><a href=\"https:\/\/www.admin.ch\/gov\/de\/start\/dokumentation\/medienmitteilungen.msg-id-78807.html\" target=\"_blank\" rel=\"noopener\">www.admin.ch<\/a><\/p>\n","protected":false},"excerpt":{"rendered":"<p>Seit Mitte M\u00e4rz hat die Schweiz aus gesundheitspolitischen Gr\u00fcnden tempor\u00e4re Binnengrenzkontrollen wieder eingef\u00fchrt und Einreiseverbote erlassen. Die Einschr\u00e4nkung des Reiseverkehrs dient dem gesundheitlichen Schutz der Wohnbev\u00f6lkerung in der Schweiz und soll eine weitere Ausbreitung des Coronavirus verhindern. Diese Massnahmen haben sich in den letzten Tagen und Wochen etabliert. Aktuelle Informationen zeigen, dass die Umsetzung an [&hellip;]<\/p>\n","protected":false},"author":1,"featured_media":5592,"comment_status":"closed","ping_status":"closed","sticky":false,"template":"","format":"standard","meta":{"_acf_changed":false,"pgc_sgb_lightbox_settings":"","footnotes":""},"categories":[1,3314],"tags":[172,700,1775,294,168,1873,2165,149,141,310],"class_list":["post-5591","post","type-post","status-publish","format-standard","has-post-thumbnail","hentry","category-allgemein","category-health-safety","tag-arbeitssicherheit","tag-bag","tag-betriebliches-gesundheitsmanagement","tag-betriebssanitaet","tag-bundesrat","tag-corona-pandemie","tag-gesundheitsfoerderung","tag-gesundheitsschutz","tag-praevention","tag-sicherheit"],"acf":[],"hkrextid":null,"publication":null,"issue":null,"workflow":null,"startPage":null,"spitzmarke":null,"_posts_by_tag_page_fields":{"widget_title":"","widget_tags":""},"_at_widget":"1","_yoast_wpseo_primary_category":"4","_yoast_wpseo_focuskw_text_input":"Coronavirus","_yoast_wpseo_opengraph-image":null,"_yoast_wpseo_opengraph-description":null,"_yoast_wpseo_opengraph-title":null,"enclosure":null,"_yoast_wpseo_twitter-title":null,"_yoast_wpseo_twitter-description":null,"_yoast_wpseo_twitter-image":null,"_wp_old_slug":null,"_yoast_wpseo_title":null,"_yoast_wpseo_canonical":null,"yoast_head":"<!-- This site is optimized with the Yoast SEO plugin v27.5 - https:\/\/yoast.com\/product\/yoast-seo-wordpress\/ -->\n<title>Coronavirus: Einkaufstourismus bleibt verboten - Save<\/title>\n<meta name=\"description\" content=\"Der Bundesrat hat Anpassungen und Pr\u00e4zisierungen an der Verordnung 2 \u00fcber Massnahmen zur Bek\u00e4mpfung des Coronavirus (COVID-19) verabschiedet.\" \/>\n<meta name=\"robots\" content=\"index, follow, max-snippet:-1, max-image-preview:large, max-video-preview:-1\" \/>\n<link rel=\"canonical\" href=\"https:\/\/news.save.ch\/de\/coronavirus-einkaufstourismus-bleibt-verboten\/\" \/>\n<meta property=\"og:locale\" content=\"de_DE\" \/>\n<meta property=\"og:type\" content=\"article\" \/>\n<meta property=\"og:title\" content=\"Coronavirus: Einkaufstourismus bleibt verboten - Save\" \/>\n<meta property=\"og:description\" content=\"Der Bundesrat hat Anpassungen und Pr\u00e4zisierungen an der Verordnung 2 \u00fcber Massnahmen zur Bek\u00e4mpfung des Coronavirus (COVID-19) verabschiedet.\" \/>\n<meta property=\"og:url\" content=\"https:\/\/news.save.ch\/de\/coronavirus-einkaufstourismus-bleibt-verboten\/\" \/>\n<meta property=\"og:site_name\" content=\"Save\" \/>\n<meta property=\"article:published_time\" content=\"2020-04-17T06:00:44+00:00\" \/>\n<meta property=\"article:modified_time\" content=\"2023-03-14T08:03:48+00:00\" \/>\n<meta property=\"og:image\" content=\"https:\/\/news.save.ch\/wp-content\/uploads\/2020\/04\/Depositphotos_maxxyustas-scaled-1.jpg\" \/>\n\t<meta property=\"og:image:width\" content=\"1200\" \/>\n\t<meta property=\"og:image:height\" content=\"900\" \/>\n\t<meta property=\"og:image:type\" content=\"image\/jpeg\" \/>\n<meta name=\"author\" content=\"admin\" \/>\n<meta name=\"twitter:card\" content=\"summary_large_image\" \/>\n<meta name=\"twitter:label1\" content=\"Geschrieben von\" \/>\n\t<meta name=\"twitter:data1\" content=\"admin\" \/>\n\t<meta name=\"twitter:label2\" content=\"Gesch\u00e4tzte Lesezeit\" \/>\n\t<meta name=\"twitter:data2\" content=\"2\u00a0Minuten\" \/>\n<script type=\"application\/ld+json\" class=\"yoast-schema-graph\">{\"@context\":\"https:\\\/\\\/schema.org\",\"@graph\":[{\"@type\":\"Article\",\"@id\":\"https:\\\/\\\/news.save.ch\\\/coronavirus-einkaufstourismus-bleibt-verboten\\\/#article\",\"isPartOf\":{\"@id\":\"https:\\\/\\\/news.save.ch\\\/coronavirus-einkaufstourismus-bleibt-verboten\\\/\"},\"author\":{\"name\":\"admin\",\"@id\":\"https:\\\/\\\/news.save.ch\\\/de\\\/#\\\/schema\\\/person\\\/d49e199490bad7c70d64b9ab51142f2b\"},\"headline\":\"Coronavirus: Einkaufstourismus bleibt verboten\",\"datePublished\":\"2020-04-17T06:00:44+00:00\",\"dateModified\":\"2023-03-14T08:03:48+00:00\",\"mainEntityOfPage\":{\"@id\":\"https:\\\/\\\/news.save.ch\\\/coronavirus-einkaufstourismus-bleibt-verboten\\\/\"},\"wordCount\":317,\"publisher\":{\"@id\":\"https:\\\/\\\/news.save.ch\\\/de\\\/#organization\"},\"image\":{\"@id\":\"https:\\\/\\\/news.save.ch\\\/coronavirus-einkaufstourismus-bleibt-verboten\\\/#primaryimage\"},\"thumbnailUrl\":\"https:\\\/\\\/news.save.ch\\\/wp-content\\\/uploads\\\/2020\\\/04\\\/Depositphotos_maxxyustas-scaled-1.jpg\",\"keywords\":[\"Arbeitssicherheit\",\"BAG\",\"Betriebliches Gesundheitsmanagement\",\"Betriebssanit\u00e4t\",\"Bundesrat\",\"Corona-Pandemie\",\"Gesundheitsf\u00f6rderung\",\"Gesundheitsschutz\",\"Pr\u00e4vention\",\"Sicherheit\"],\"articleSection\":[\"ALLGEMEIN\",\"HEALTH &amp; SAFETY\"],\"inLanguage\":\"de\"},{\"@type\":\"WebPage\",\"@id\":\"https:\\\/\\\/news.save.ch\\\/coronavirus-einkaufstourismus-bleibt-verboten\\\/\",\"url\":\"https:\\\/\\\/news.save.ch\\\/coronavirus-einkaufstourismus-bleibt-verboten\\\/\",\"name\":\"Coronavirus: Einkaufstourismus bleibt verboten - Save\",\"isPartOf\":{\"@id\":\"https:\\\/\\\/news.save.ch\\\/de\\\/#website\"},\"primaryImageOfPage\":{\"@id\":\"https:\\\/\\\/news.save.ch\\\/coronavirus-einkaufstourismus-bleibt-verboten\\\/#primaryimage\"},\"image\":{\"@id\":\"https:\\\/\\\/news.save.ch\\\/coronavirus-einkaufstourismus-bleibt-verboten\\\/#primaryimage\"},\"thumbnailUrl\":\"https:\\\/\\\/news.save.ch\\\/wp-content\\\/uploads\\\/2020\\\/04\\\/Depositphotos_maxxyustas-scaled-1.jpg\",\"datePublished\":\"2020-04-17T06:00:44+00:00\",\"dateModified\":\"2023-03-14T08:03:48+00:00\",\"description\":\"Der Bundesrat hat Anpassungen und Pr\u00e4zisierungen an der Verordnung 2 \u00fcber Massnahmen zur Bek\u00e4mpfung des Coronavirus (COVID-19) verabschiedet.\",\"breadcrumb\":{\"@id\":\"https:\\\/\\\/news.save.ch\\\/coronavirus-einkaufstourismus-bleibt-verboten\\\/#breadcrumb\"},\"inLanguage\":\"de\",\"potentialAction\":[{\"@type\":\"ReadAction\",\"target\":[\"https:\\\/\\\/news.save.ch\\\/coronavirus-einkaufstourismus-bleibt-verboten\\\/\"]}]},{\"@type\":\"ImageObject\",\"inLanguage\":\"de\",\"@id\":\"https:\\\/\\\/news.save.ch\\\/coronavirus-einkaufstourismus-bleibt-verboten\\\/#primaryimage\",\"url\":\"https:\\\/\\\/news.save.ch\\\/wp-content\\\/uploads\\\/2020\\\/04\\\/Depositphotos_maxxyustas-scaled-1.jpg\",\"contentUrl\":\"https:\\\/\\\/news.save.ch\\\/wp-content\\\/uploads\\\/2020\\\/04\\\/Depositphotos_maxxyustas-scaled-1.jpg\",\"width\":1200,\"height\":900,\"caption\":\"Die Eidgen\u00f6ssische Zollverwaltung (EZV) hat jedoch in den vergangenen Wochen weiterhin ein reges grenz\u00fcberschreitendes Einkaufsverhalten festgestellt. \u00a9 Depositphotos\\\/maxxyustas\"},{\"@type\":\"BreadcrumbList\",\"@id\":\"https:\\\/\\\/news.save.ch\\\/coronavirus-einkaufstourismus-bleibt-verboten\\\/#breadcrumb\",\"itemListElement\":[{\"@type\":\"ListItem\",\"position\":1,\"name\":\"Home\",\"item\":\"https:\\\/\\\/news.save.ch\\\/de\\\/\"},{\"@type\":\"ListItem\",\"position\":2,\"name\":\"Coronavirus: Einkaufstourismus bleibt verboten\"}]},{\"@type\":\"WebSite\",\"@id\":\"https:\\\/\\\/news.save.ch\\\/de\\\/#website\",\"url\":\"https:\\\/\\\/news.save.ch\\\/de\\\/\",\"name\":\"Save\",\"description\":\"Schweizer Fachzeitschrift f\u00fcr Sicherheit\",\"publisher\":{\"@id\":\"https:\\\/\\\/news.save.ch\\\/de\\\/#organization\"},\"potentialAction\":[{\"@type\":\"SearchAction\",\"target\":{\"@type\":\"EntryPoint\",\"urlTemplate\":\"https:\\\/\\\/news.save.ch\\\/de\\\/?s={search_term_string}\"},\"query-input\":{\"@type\":\"PropertyValueSpecification\",\"valueRequired\":true,\"valueName\":\"search_term_string\"}}],\"inLanguage\":\"de\"},{\"@type\":\"Organization\",\"@id\":\"https:\\\/\\\/news.save.ch\\\/de\\\/#organization\",\"name\":\"Sicherheitsforum\",\"url\":\"https:\\\/\\\/news.save.ch\\\/de\\\/\",\"logo\":{\"@type\":\"ImageObject\",\"inLanguage\":\"de\",\"@id\":\"https:\\\/\\\/news.save.ch\\\/de\\\/#\\\/schema\\\/logo\\\/image\\\/\",\"url\":\"https:\\\/\\\/news.save.ch\\\/wp-content\\\/uploads\\\/2022\\\/06\\\/Logo_SF_2012.png\",\"contentUrl\":\"https:\\\/\\\/news.save.ch\\\/wp-content\\\/uploads\\\/2022\\\/06\\\/Logo_SF_2012.png\",\"width\":1100,\"height\":91,\"caption\":\"Sicherheitsforum\"},\"image\":{\"@id\":\"https:\\\/\\\/news.save.ch\\\/de\\\/#\\\/schema\\\/logo\\\/image\\\/\"}},{\"@type\":\"Person\",\"@id\":\"https:\\\/\\\/news.save.ch\\\/de\\\/#\\\/schema\\\/person\\\/d49e199490bad7c70d64b9ab51142f2b\",\"name\":\"admin\",\"image\":{\"@type\":\"ImageObject\",\"inLanguage\":\"de\",\"@id\":\"https:\\\/\\\/secure.gravatar.com\\\/avatar\\\/ae2f4d718e6c49043e314ce431e7e645d646302a24a5ef5a8bc8e3f5a032e319?s=96&d=mm&r=g\",\"url\":\"https:\\\/\\\/secure.gravatar.com\\\/avatar\\\/ae2f4d718e6c49043e314ce431e7e645d646302a24a5ef5a8bc8e3f5a032e319?s=96&d=mm&r=g\",\"contentUrl\":\"https:\\\/\\\/secure.gravatar.com\\\/avatar\\\/ae2f4d718e6c49043e314ce431e7e645d646302a24a5ef5a8bc8e3f5a032e319?s=96&d=mm&r=g\",\"caption\":\"admin\"},\"sameAs\":[\"https:\\\/\\\/develop.organisator.galledia.ch\"],\"url\":\"https:\\\/\\\/news.save.ch\\\/de\\\/author\\\/admin\\\/\"}]}<\/script>\n<!-- \/ Yoast SEO plugin. -->","yoast_head_json":{"title":"Coronavirus: Einkaufstourismus bleibt verboten - Save","description":"Der Bundesrat hat Anpassungen und Pr\u00e4zisierungen an der Verordnung 2 \u00fcber Massnahmen zur Bek\u00e4mpfung des Coronavirus (COVID-19) verabschiedet.","robots":{"index":"index","follow":"follow","max-snippet":"max-snippet:-1","max-image-preview":"max-image-preview:large","max-video-preview":"max-video-preview:-1"},"canonical":"https:\/\/news.save.ch\/de\/coronavirus-einkaufstourismus-bleibt-verboten\/","og_locale":"de_DE","og_type":"article","og_title":"Coronavirus: Einkaufstourismus bleibt verboten - Save","og_description":"Der Bundesrat hat Anpassungen und Pr\u00e4zisierungen an der Verordnung 2 \u00fcber Massnahmen zur Bek\u00e4mpfung des Coronavirus (COVID-19) verabschiedet.","og_url":"https:\/\/news.save.ch\/de\/coronavirus-einkaufstourismus-bleibt-verboten\/","og_site_name":"Save","article_published_time":"2020-04-17T06:00:44+00:00","article_modified_time":"2023-03-14T08:03:48+00:00","og_image":[{"width":1200,"height":900,"url":"https:\/\/news.save.ch\/wp-content\/uploads\/2020\/04\/Depositphotos_maxxyustas-scaled-1.jpg","type":"image\/jpeg"}],"author":"admin","twitter_card":"summary_large_image","twitter_misc":{"Geschrieben von":"admin","Gesch\u00e4tzte Lesezeit":"2\u00a0Minuten"},"schema":{"@context":"https:\/\/schema.org","@graph":[{"@type":"Article","@id":"https:\/\/news.save.ch\/coronavirus-einkaufstourismus-bleibt-verboten\/#article","isPartOf":{"@id":"https:\/\/news.save.ch\/coronavirus-einkaufstourismus-bleibt-verboten\/"},"author":{"name":"admin","@id":"https:\/\/news.save.ch\/de\/#\/schema\/person\/d49e199490bad7c70d64b9ab51142f2b"},"headline":"Coronavirus: Einkaufstourismus bleibt verboten","datePublished":"2020-04-17T06:00:44+00:00","dateModified":"2023-03-14T08:03:48+00:00","mainEntityOfPage":{"@id":"https:\/\/news.save.ch\/coronavirus-einkaufstourismus-bleibt-verboten\/"},"wordCount":317,"publisher":{"@id":"https:\/\/news.save.ch\/de\/#organization"},"image":{"@id":"https:\/\/news.save.ch\/coronavirus-einkaufstourismus-bleibt-verboten\/#primaryimage"},"thumbnailUrl":"https:\/\/news.save.ch\/wp-content\/uploads\/2020\/04\/Depositphotos_maxxyustas-scaled-1.jpg","keywords":["Arbeitssicherheit","BAG","Betriebliches Gesundheitsmanagement","Betriebssanit\u00e4t","Bundesrat","Corona-Pandemie","Gesundheitsf\u00f6rderung","Gesundheitsschutz","Pr\u00e4vention","Sicherheit"],"articleSection":["ALLGEMEIN","HEALTH &amp; SAFETY"],"inLanguage":"de"},{"@type":"WebPage","@id":"https:\/\/news.save.ch\/coronavirus-einkaufstourismus-bleibt-verboten\/","url":"https:\/\/news.save.ch\/coronavirus-einkaufstourismus-bleibt-verboten\/","name":"Coronavirus: Einkaufstourismus bleibt verboten - Save","isPartOf":{"@id":"https:\/\/news.save.ch\/de\/#website"},"primaryImageOfPage":{"@id":"https:\/\/news.save.ch\/coronavirus-einkaufstourismus-bleibt-verboten\/#primaryimage"},"image":{"@id":"https:\/\/news.save.ch\/coronavirus-einkaufstourismus-bleibt-verboten\/#primaryimage"},"thumbnailUrl":"https:\/\/news.save.ch\/wp-content\/uploads\/2020\/04\/Depositphotos_maxxyustas-scaled-1.jpg","datePublished":"2020-04-17T06:00:44+00:00","dateModified":"2023-03-14T08:03:48+00:00","description":"Der Bundesrat hat Anpassungen und Pr\u00e4zisierungen an der Verordnung 2 \u00fcber Massnahmen zur Bek\u00e4mpfung des Coronavirus (COVID-19) verabschiedet.","breadcrumb":{"@id":"https:\/\/news.save.ch\/coronavirus-einkaufstourismus-bleibt-verboten\/#breadcrumb"},"inLanguage":"de","potentialAction":[{"@type":"ReadAction","target":["https:\/\/news.save.ch\/coronavirus-einkaufstourismus-bleibt-verboten\/"]}]},{"@type":"ImageObject","inLanguage":"de","@id":"https:\/\/news.save.ch\/coronavirus-einkaufstourismus-bleibt-verboten\/#primaryimage","url":"https:\/\/news.save.ch\/wp-content\/uploads\/2020\/04\/Depositphotos_maxxyustas-scaled-1.jpg","contentUrl":"https:\/\/news.save.ch\/wp-content\/uploads\/2020\/04\/Depositphotos_maxxyustas-scaled-1.jpg","width":1200,"height":900,"caption":"Die Eidgen\u00f6ssische Zollverwaltung (EZV) hat jedoch in den vergangenen Wochen weiterhin ein reges grenz\u00fcberschreitendes Einkaufsverhalten festgestellt. \u00a9 Depositphotos\/maxxyustas"},{"@type":"BreadcrumbList","@id":"https:\/\/news.save.ch\/coronavirus-einkaufstourismus-bleibt-verboten\/#breadcrumb","itemListElement":[{"@type":"ListItem","position":1,"name":"Home","item":"https:\/\/news.save.ch\/de\/"},{"@type":"ListItem","position":2,"name":"Coronavirus: Einkaufstourismus bleibt verboten"}]},{"@type":"WebSite","@id":"https:\/\/news.save.ch\/de\/#website","url":"https:\/\/news.save.ch\/de\/","name":"Save","description":"Schweizer Fachzeitschrift f\u00fcr Sicherheit","publisher":{"@id":"https:\/\/news.save.ch\/de\/#organization"},"potentialAction":[{"@type":"SearchAction","target":{"@type":"EntryPoint","urlTemplate":"https:\/\/news.save.ch\/de\/?s={search_term_string}"},"query-input":{"@type":"PropertyValueSpecification","valueRequired":true,"valueName":"search_term_string"}}],"inLanguage":"de"},{"@type":"Organization","@id":"https:\/\/news.save.ch\/de\/#organization","name":"Sicherheitsforum","url":"https:\/\/news.save.ch\/de\/","logo":{"@type":"ImageObject","inLanguage":"de","@id":"https:\/\/news.save.ch\/de\/#\/schema\/logo\/image\/","url":"https:\/\/news.save.ch\/wp-content\/uploads\/2022\/06\/Logo_SF_2012.png","contentUrl":"https:\/\/news.save.ch\/wp-content\/uploads\/2022\/06\/Logo_SF_2012.png","width":1100,"height":91,"caption":"Sicherheitsforum"},"image":{"@id":"https:\/\/news.save.ch\/de\/#\/schema\/logo\/image\/"}},{"@type":"Person","@id":"https:\/\/news.save.ch\/de\/#\/schema\/person\/d49e199490bad7c70d64b9ab51142f2b","name":"admin","image":{"@type":"ImageObject","inLanguage":"de","@id":"https:\/\/secure.gravatar.com\/avatar\/ae2f4d718e6c49043e314ce431e7e645d646302a24a5ef5a8bc8e3f5a032e319?s=96&d=mm&r=g","url":"https:\/\/secure.gravatar.com\/avatar\/ae2f4d718e6c49043e314ce431e7e645d646302a24a5ef5a8bc8e3f5a032e319?s=96&d=mm&r=g","contentUrl":"https:\/\/secure.gravatar.com\/avatar\/ae2f4d718e6c49043e314ce431e7e645d646302a24a5ef5a8bc8e3f5a032e319?s=96&d=mm&r=g","caption":"admin"},"sameAs":["https:\/\/develop.organisator.galledia.ch"],"url":"https:\/\/news.save.ch\/de\/author\/admin\/"}]}},"_links":{"self":[{"href":"https:\/\/news.save.ch\/de\/wp-json\/wp\/v2\/posts\/5591","targetHints":{"allow":["GET"]}}],"collection":[{"href":"https:\/\/news.save.ch\/de\/wp-json\/wp\/v2\/posts"}],"about":[{"href":"https:\/\/news.save.ch\/de\/wp-json\/wp\/v2\/types\/post"}],"author":[{"embeddable":true,"href":"https:\/\/news.save.ch\/de\/wp-json\/wp\/v2\/users\/1"}],"replies":[{"embeddable":true,"href":"https:\/\/news.save.ch\/de\/wp-json\/wp\/v2\/comments?post=5591"}],"version-history":[{"count":1,"href":"https:\/\/news.save.ch\/de\/wp-json\/wp\/v2\/posts\/5591\/revisions"}],"predecessor-version":[{"id":18202,"href":"https:\/\/news.save.ch\/de\/wp-json\/wp\/v2\/posts\/5591\/revisions\/18202"}],"wp:featuredmedia":[{"embeddable":true,"href":"https:\/\/news.save.ch\/de\/wp-json\/wp\/v2\/media\/5592"}],"wp:attachment":[{"href":"https:\/\/news.save.ch\/de\/wp-json\/wp\/v2\/media?parent=5591"}],"wp:term":[{"taxonomy":"category","embeddable":true,"href":"https:\/\/news.save.ch\/de\/wp-json\/wp\/v2\/categories?post=5591"},{"taxonomy":"post_tag","embeddable":true,"href":"https:\/\/news.save.ch\/de\/wp-json\/wp\/v2\/tags?post=5591"}],"curies":[{"name":"wp","href":"https:\/\/api.w.org\/{rel}","templated":true}]}}