{"id":5596,"date":"2020-04-22T08:00:16","date_gmt":"2020-04-22T06:00:16","guid":{"rendered":"https:\/\/news.save.ch\/?p=5596"},"modified":"2023-03-14T09:03:48","modified_gmt":"2023-03-14T08:03:48","slug":"die-zecken-sind-wieder-los","status":null,"type":"post","link":"https:\/\/news.save.ch\/de\/die-zecken-sind-wieder-los\/","title":{"rendered":"Die Zecken sind wieder los"},"content":{"rendered":"<figure id=\"attachment_5597\" aria-describedby=\"caption-attachment-5597\" style=\"width: 680px\" class=\"wp-caption alignnone\"><img loading=\"lazy\" decoding=\"async\" class=\"size-medium wp-image-5597\" src=\"http:\/\/develop.safety-plus.ch\/wp-content\/uploads\/2020\/04\/Zecke_gemeiner_Holzbock.jpg\" alt=\"\" width=\"680\" height=\"447\" \/><figcaption id=\"caption-attachment-5597\" class=\"wp-caption-text\">Gut 11 000 Zeckenstiche verzeichnen die Suva und die weiteren UVG-Versicherer j\u00e4hrlich. \u00a9 Suva<\/figcaption><\/figure>\n<p>Obwohl ein hundertprozentiger Schutz gegen zecken\u00fcbertragene Krankheiten nicht m\u00f6glich ist, kann das Risiko eines Zeckenstiches schon mit einfachen Verhaltensweisen vermindert werden:<\/p>\n<ul>\n<li>Im Wald, in G\u00e4rten und an Wegr\u00e4ndern Gestr\u00fcpp und Unterholz meiden, um keine Zecken abzustreifen.<\/li>\n<li>Geschlossene Kleidung von heller Farbe tragen (so k\u00f6nnen Zecken entdeckt und entfernt werden, bevor sie auf die Haut gelangen).<\/li>\n<li>Zeckenschutzmittel f\u00fcr Haut und Kleider benutzen.<\/li>\n<li>Nach Aufenthalt im Wald oder im Garten K\u00f6rper nach <a href=\"https:\/\/news.save.ch\/vorsicht-zecken\/\" target=\"_blank\" rel=\"noopener\">Zecken<\/a> absuchen.<\/li>\n<\/ul>\n<p>Falls eine Zecke gefunden wird: So schnell wie m\u00f6glich entfernen (am besten mit einer spitzen Pinzette oder einer speziellen Zeckenzange).<\/p>\n<p>Der Arbeitsmediziner der Suva, Felix Ineichen, empfiehlt allen Personen, die sich regelm\u00e4ssig im Freien aufhalten und besonders jenen, die im Wald und auf Wiesen arbeiten, eine<a href=\"https:\/\/news.save.ch\/zeckenpraevention-mit-dem-smartphone\/\" target=\"_blank\" rel=\"noopener\"> Zeckenimpfung<\/a>. \u00abDie Zeckenimpfung sch\u00fctzt vor Zeckenenzephalitis. Diese kann ausgel\u00f6st werden durch ein Virus, das infizierte Zecken beim Stich auf den Menschen \u00fcbertragen k\u00f6nnen\u00bb, so der Zeckenspezialist der Suva. Bei Berufsgruppen mit erh\u00f6htem Zeckenstichrisiko \u00fcbernimmt \u00fcbrigens der Arbeitgeber die Kosten f\u00fcr die Impfung.<\/p>\n<p>Gut 11 000 Zeckenstiche verzeichnen die Suva und die weiteren UVG-Versicherer j\u00e4hrlich. Zeckenstiche gelten versicherungsrechtlich als Unf\u00e4lle. Insgesamt verursachen sie j\u00e4hrliche Kosten von rund 12,4 Millionen Franken. 90 Prozent der Zeckenunf\u00e4lle passieren in der Freizeit. Zeckenunf\u00e4lle w\u00e4hrend der Arbeit sind eher selten. Gewisse Berufsgruppen, wie etwa Forstwarte, haben allerdings ein stark erh\u00f6htes Risiko f\u00fcr Zeckenstiche.<\/p>\n<p><strong>Weitere Informationen<\/strong><\/p>\n<p><a href=\"https:\/\/www.suva.ch\/de-ch\/news\/2019\/so-schuetzen-sie-sich-gegen-zecken\" target=\"_blank\" rel=\"noopener\">www.suva.ch<\/a><\/p>\n","protected":false},"excerpt":{"rendered":"<p>Obwohl ein hundertprozentiger Schutz gegen zecken\u00fcbertragene Krankheiten nicht m\u00f6glich ist, kann das Risiko eines Zeckenstiches schon mit einfachen Verhaltensweisen vermindert werden: Im Wald, in G\u00e4rten und an Wegr\u00e4ndern Gestr\u00fcpp und Unterholz meiden, um keine Zecken abzustreifen. Geschlossene Kleidung von heller Farbe tragen (so k\u00f6nnen Zecken entdeckt und entfernt werden, bevor sie auf die Haut gelangen). [&hellip;]<\/p>\n","protected":false},"author":1,"featured_media":16367,"comment_status":"closed","ping_status":"closed","sticky":false,"template":"","format":"standard","meta":{"_acf_changed":false,"pgc_sgb_lightbox_settings":"","footnotes":""},"categories":[1,3314],"tags":[172,700,1775,149,2297,2669,141,310,3279],"class_list":["post-5596","post","type-post","status-publish","format-standard","has-post-thumbnail","hentry","category-allgemein","category-health-safety","tag-arbeitssicherheit","tag-bag","tag-betriebliches-gesundheitsmanagement","tag-gesundheitsschutz","tag-impfung","tag-persoenliche-schutzausruestung-psa","tag-praevention","tag-sicherheit","tag-zecken-app"],"acf":[],"hkrextid":null,"publication":null,"issue":null,"workflow":null,"startPage":null,"spitzmarke":null,"_posts_by_tag_page_fields":{"widget_title":"","widget_tags":""},"_at_widget":"1","_yoast_wpseo_primary_category":"2","_yoast_wpseo_focuskw_text_input":"Zecken","_yoast_wpseo_opengraph-image":null,"_yoast_wpseo_opengraph-description":null,"_yoast_wpseo_opengraph-title":null,"enclosure":null,"_yoast_wpseo_twitter-title":null,"_yoast_wpseo_twitter-description":null,"_yoast_wpseo_twitter-image":null,"_wp_old_slug":null,"_yoast_wpseo_title":null,"_yoast_wpseo_canonical":null,"yoast_head":"<!-- This site is optimized with the Yoast SEO plugin v27.4 - https:\/\/yoast.com\/product\/yoast-seo-wordpress\/ -->\n<title>Die Zecken sind wieder los - Save<\/title>\n<meta name=\"description\" content=\"W\u00e4lder, Wiesen und G\u00e4rten sind in der Schweiz meistens Zeckengebiete.\" \/>\n<meta name=\"robots\" content=\"index, follow, max-snippet:-1, max-image-preview:large, max-video-preview:-1\" \/>\n<link rel=\"canonical\" href=\"https:\/\/news.save.ch\/de\/die-zecken-sind-wieder-los\/\" \/>\n<meta property=\"og:locale\" content=\"de_DE\" \/>\n<meta property=\"og:type\" content=\"article\" \/>\n<meta property=\"og:title\" content=\"Die Zecken sind wieder los - Save\" \/>\n<meta property=\"og:description\" content=\"W\u00e4lder, Wiesen und G\u00e4rten sind in der Schweiz meistens Zeckengebiete.\" \/>\n<meta property=\"og:url\" content=\"https:\/\/news.save.ch\/de\/die-zecken-sind-wieder-los\/\" \/>\n<meta property=\"og:site_name\" content=\"Save\" \/>\n<meta property=\"article:published_time\" content=\"2020-04-22T06:00:16+00:00\" \/>\n<meta property=\"article:modified_time\" content=\"2023-03-14T08:03:48+00:00\" \/>\n<meta property=\"og:image\" content=\"https:\/\/news.save.ch\/wp-content\/uploads\/2020\/04\/Zecke_gemeiner_Holzbock-scaled-1.jpg\" \/>\n\t<meta property=\"og:image:width\" content=\"1200\" \/>\n\t<meta property=\"og:image:height\" content=\"789\" \/>\n\t<meta property=\"og:image:type\" content=\"image\/jpeg\" \/>\n<meta name=\"author\" content=\"admin\" \/>\n<meta name=\"twitter:card\" content=\"summary_large_image\" \/>\n<meta name=\"twitter:label1\" content=\"Geschrieben von\" \/>\n\t<meta name=\"twitter:data1\" content=\"admin\" \/>\n\t<meta name=\"twitter:label2\" content=\"Gesch\u00e4tzte Lesezeit\" \/>\n\t<meta name=\"twitter:data2\" content=\"1\u00a0Minute\" \/>\n<script type=\"application\/ld+json\" class=\"yoast-schema-graph\">{\"@context\":\"https:\\\/\\\/schema.org\",\"@graph\":[{\"@type\":\"Article\",\"@id\":\"https:\\\/\\\/news.save.ch\\\/die-zecken-sind-wieder-los\\\/#article\",\"isPartOf\":{\"@id\":\"https:\\\/\\\/news.save.ch\\\/die-zecken-sind-wieder-los\\\/\"},\"author\":{\"name\":\"admin\",\"@id\":\"https:\\\/\\\/news.save.ch\\\/de\\\/#\\\/schema\\\/person\\\/d49e199490bad7c70d64b9ab51142f2b\"},\"headline\":\"Die Zecken sind wieder los\",\"datePublished\":\"2020-04-22T06:00:16+00:00\",\"dateModified\":\"2023-03-14T08:03:48+00:00\",\"mainEntityOfPage\":{\"@id\":\"https:\\\/\\\/news.save.ch\\\/die-zecken-sind-wieder-los\\\/\"},\"wordCount\":263,\"publisher\":{\"@id\":\"https:\\\/\\\/news.save.ch\\\/de\\\/#organization\"},\"image\":{\"@id\":\"https:\\\/\\\/news.save.ch\\\/die-zecken-sind-wieder-los\\\/#primaryimage\"},\"thumbnailUrl\":\"https:\\\/\\\/news.save.ch\\\/wp-content\\\/uploads\\\/2020\\\/04\\\/Zecke_gemeiner_Holzbock-scaled-1.jpg\",\"keywords\":[\"Arbeitssicherheit\",\"BAG\",\"Betriebliches Gesundheitsmanagement\",\"Gesundheitsschutz\",\"Impfung\",\"Pers\u00f6nliche Schutzausr\u00fcstung (PSA)\",\"Pr\u00e4vention\",\"Sicherheit\",\"Zecken-App\"],\"articleSection\":[\"ALLGEMEIN\",\"HEALTH &amp; SAFETY\"],\"inLanguage\":\"de\"},{\"@type\":\"WebPage\",\"@id\":\"https:\\\/\\\/news.save.ch\\\/die-zecken-sind-wieder-los\\\/\",\"url\":\"https:\\\/\\\/news.save.ch\\\/die-zecken-sind-wieder-los\\\/\",\"name\":\"Die Zecken sind wieder los - Save\",\"isPartOf\":{\"@id\":\"https:\\\/\\\/news.save.ch\\\/de\\\/#website\"},\"primaryImageOfPage\":{\"@id\":\"https:\\\/\\\/news.save.ch\\\/die-zecken-sind-wieder-los\\\/#primaryimage\"},\"image\":{\"@id\":\"https:\\\/\\\/news.save.ch\\\/die-zecken-sind-wieder-los\\\/#primaryimage\"},\"thumbnailUrl\":\"https:\\\/\\\/news.save.ch\\\/wp-content\\\/uploads\\\/2020\\\/04\\\/Zecke_gemeiner_Holzbock-scaled-1.jpg\",\"datePublished\":\"2020-04-22T06:00:16+00:00\",\"dateModified\":\"2023-03-14T08:03:48+00:00\",\"description\":\"W\u00e4lder, Wiesen und G\u00e4rten sind in der Schweiz meistens Zeckengebiete.\",\"breadcrumb\":{\"@id\":\"https:\\\/\\\/news.save.ch\\\/die-zecken-sind-wieder-los\\\/#breadcrumb\"},\"inLanguage\":\"de\",\"potentialAction\":[{\"@type\":\"ReadAction\",\"target\":[\"https:\\\/\\\/news.save.ch\\\/die-zecken-sind-wieder-los\\\/\"]}]},{\"@type\":\"ImageObject\",\"inLanguage\":\"de\",\"@id\":\"https:\\\/\\\/news.save.ch\\\/die-zecken-sind-wieder-los\\\/#primaryimage\",\"url\":\"https:\\\/\\\/news.save.ch\\\/wp-content\\\/uploads\\\/2020\\\/04\\\/Zecke_gemeiner_Holzbock-scaled-1.jpg\",\"contentUrl\":\"https:\\\/\\\/news.save.ch\\\/wp-content\\\/uploads\\\/2020\\\/04\\\/Zecke_gemeiner_Holzbock-scaled-1.jpg\",\"width\":1200,\"height\":789,\"caption\":\"Gut 11 000 Zeckenstiche verzeichnen die Suva und die weiteren UVG-Versicherer j\u00e4hrlich. \u00a9 Suva\"},{\"@type\":\"BreadcrumbList\",\"@id\":\"https:\\\/\\\/news.save.ch\\\/die-zecken-sind-wieder-los\\\/#breadcrumb\",\"itemListElement\":[{\"@type\":\"ListItem\",\"position\":1,\"name\":\"Home\",\"item\":\"https:\\\/\\\/news.save.ch\\\/de\\\/\"},{\"@type\":\"ListItem\",\"position\":2,\"name\":\"Die Zecken sind wieder los\"}]},{\"@type\":\"WebSite\",\"@id\":\"https:\\\/\\\/news.save.ch\\\/de\\\/#website\",\"url\":\"https:\\\/\\\/news.save.ch\\\/de\\\/\",\"name\":\"Save\",\"description\":\"Schweizer Fachzeitschrift f\u00fcr Sicherheit\",\"publisher\":{\"@id\":\"https:\\\/\\\/news.save.ch\\\/de\\\/#organization\"},\"potentialAction\":[{\"@type\":\"SearchAction\",\"target\":{\"@type\":\"EntryPoint\",\"urlTemplate\":\"https:\\\/\\\/news.save.ch\\\/de\\\/?s={search_term_string}\"},\"query-input\":{\"@type\":\"PropertyValueSpecification\",\"valueRequired\":true,\"valueName\":\"search_term_string\"}}],\"inLanguage\":\"de\"},{\"@type\":\"Organization\",\"@id\":\"https:\\\/\\\/news.save.ch\\\/de\\\/#organization\",\"name\":\"Sicherheitsforum\",\"url\":\"https:\\\/\\\/news.save.ch\\\/de\\\/\",\"logo\":{\"@type\":\"ImageObject\",\"inLanguage\":\"de\",\"@id\":\"https:\\\/\\\/news.save.ch\\\/de\\\/#\\\/schema\\\/logo\\\/image\\\/\",\"url\":\"https:\\\/\\\/news.save.ch\\\/wp-content\\\/uploads\\\/2022\\\/06\\\/Logo_SF_2012.png\",\"contentUrl\":\"https:\\\/\\\/news.save.ch\\\/wp-content\\\/uploads\\\/2022\\\/06\\\/Logo_SF_2012.png\",\"width\":1100,\"height\":91,\"caption\":\"Sicherheitsforum\"},\"image\":{\"@id\":\"https:\\\/\\\/news.save.ch\\\/de\\\/#\\\/schema\\\/logo\\\/image\\\/\"}},{\"@type\":\"Person\",\"@id\":\"https:\\\/\\\/news.save.ch\\\/de\\\/#\\\/schema\\\/person\\\/d49e199490bad7c70d64b9ab51142f2b\",\"name\":\"admin\",\"image\":{\"@type\":\"ImageObject\",\"inLanguage\":\"de\",\"@id\":\"https:\\\/\\\/secure.gravatar.com\\\/avatar\\\/ae2f4d718e6c49043e314ce431e7e645d646302a24a5ef5a8bc8e3f5a032e319?s=96&d=mm&r=g\",\"url\":\"https:\\\/\\\/secure.gravatar.com\\\/avatar\\\/ae2f4d718e6c49043e314ce431e7e645d646302a24a5ef5a8bc8e3f5a032e319?s=96&d=mm&r=g\",\"contentUrl\":\"https:\\\/\\\/secure.gravatar.com\\\/avatar\\\/ae2f4d718e6c49043e314ce431e7e645d646302a24a5ef5a8bc8e3f5a032e319?s=96&d=mm&r=g\",\"caption\":\"admin\"},\"sameAs\":[\"https:\\\/\\\/develop.organisator.galledia.ch\"],\"url\":\"https:\\\/\\\/news.save.ch\\\/de\\\/author\\\/admin\\\/\"}]}<\/script>\n<!-- \/ Yoast SEO plugin. -->","yoast_head_json":{"title":"Die Zecken sind wieder los - Save","description":"W\u00e4lder, Wiesen und G\u00e4rten sind in der Schweiz meistens Zeckengebiete.","robots":{"index":"index","follow":"follow","max-snippet":"max-snippet:-1","max-image-preview":"max-image-preview:large","max-video-preview":"max-video-preview:-1"},"canonical":"https:\/\/news.save.ch\/de\/die-zecken-sind-wieder-los\/","og_locale":"de_DE","og_type":"article","og_title":"Die Zecken sind wieder los - Save","og_description":"W\u00e4lder, Wiesen und G\u00e4rten sind in der Schweiz meistens Zeckengebiete.","og_url":"https:\/\/news.save.ch\/de\/die-zecken-sind-wieder-los\/","og_site_name":"Save","article_published_time":"2020-04-22T06:00:16+00:00","article_modified_time":"2023-03-14T08:03:48+00:00","og_image":[{"width":1200,"height":789,"url":"https:\/\/news.save.ch\/wp-content\/uploads\/2020\/04\/Zecke_gemeiner_Holzbock-scaled-1.jpg","type":"image\/jpeg"}],"author":"admin","twitter_card":"summary_large_image","twitter_misc":{"Geschrieben von":"admin","Gesch\u00e4tzte Lesezeit":"1\u00a0Minute"},"schema":{"@context":"https:\/\/schema.org","@graph":[{"@type":"Article","@id":"https:\/\/news.save.ch\/die-zecken-sind-wieder-los\/#article","isPartOf":{"@id":"https:\/\/news.save.ch\/die-zecken-sind-wieder-los\/"},"author":{"name":"admin","@id":"https:\/\/news.save.ch\/de\/#\/schema\/person\/d49e199490bad7c70d64b9ab51142f2b"},"headline":"Die Zecken sind wieder los","datePublished":"2020-04-22T06:00:16+00:00","dateModified":"2023-03-14T08:03:48+00:00","mainEntityOfPage":{"@id":"https:\/\/news.save.ch\/die-zecken-sind-wieder-los\/"},"wordCount":263,"publisher":{"@id":"https:\/\/news.save.ch\/de\/#organization"},"image":{"@id":"https:\/\/news.save.ch\/die-zecken-sind-wieder-los\/#primaryimage"},"thumbnailUrl":"https:\/\/news.save.ch\/wp-content\/uploads\/2020\/04\/Zecke_gemeiner_Holzbock-scaled-1.jpg","keywords":["Arbeitssicherheit","BAG","Betriebliches Gesundheitsmanagement","Gesundheitsschutz","Impfung","Pers\u00f6nliche Schutzausr\u00fcstung (PSA)","Pr\u00e4vention","Sicherheit","Zecken-App"],"articleSection":["ALLGEMEIN","HEALTH &amp; SAFETY"],"inLanguage":"de"},{"@type":"WebPage","@id":"https:\/\/news.save.ch\/die-zecken-sind-wieder-los\/","url":"https:\/\/news.save.ch\/die-zecken-sind-wieder-los\/","name":"Die Zecken sind wieder los - Save","isPartOf":{"@id":"https:\/\/news.save.ch\/de\/#website"},"primaryImageOfPage":{"@id":"https:\/\/news.save.ch\/die-zecken-sind-wieder-los\/#primaryimage"},"image":{"@id":"https:\/\/news.save.ch\/die-zecken-sind-wieder-los\/#primaryimage"},"thumbnailUrl":"https:\/\/news.save.ch\/wp-content\/uploads\/2020\/04\/Zecke_gemeiner_Holzbock-scaled-1.jpg","datePublished":"2020-04-22T06:00:16+00:00","dateModified":"2023-03-14T08:03:48+00:00","description":"W\u00e4lder, Wiesen und G\u00e4rten sind in der Schweiz meistens Zeckengebiete.","breadcrumb":{"@id":"https:\/\/news.save.ch\/die-zecken-sind-wieder-los\/#breadcrumb"},"inLanguage":"de","potentialAction":[{"@type":"ReadAction","target":["https:\/\/news.save.ch\/die-zecken-sind-wieder-los\/"]}]},{"@type":"ImageObject","inLanguage":"de","@id":"https:\/\/news.save.ch\/die-zecken-sind-wieder-los\/#primaryimage","url":"https:\/\/news.save.ch\/wp-content\/uploads\/2020\/04\/Zecke_gemeiner_Holzbock-scaled-1.jpg","contentUrl":"https:\/\/news.save.ch\/wp-content\/uploads\/2020\/04\/Zecke_gemeiner_Holzbock-scaled-1.jpg","width":1200,"height":789,"caption":"Gut 11 000 Zeckenstiche verzeichnen die Suva und die weiteren UVG-Versicherer j\u00e4hrlich. \u00a9 Suva"},{"@type":"BreadcrumbList","@id":"https:\/\/news.save.ch\/die-zecken-sind-wieder-los\/#breadcrumb","itemListElement":[{"@type":"ListItem","position":1,"name":"Home","item":"https:\/\/news.save.ch\/de\/"},{"@type":"ListItem","position":2,"name":"Die Zecken sind wieder los"}]},{"@type":"WebSite","@id":"https:\/\/news.save.ch\/de\/#website","url":"https:\/\/news.save.ch\/de\/","name":"Save","description":"Schweizer Fachzeitschrift f\u00fcr Sicherheit","publisher":{"@id":"https:\/\/news.save.ch\/de\/#organization"},"potentialAction":[{"@type":"SearchAction","target":{"@type":"EntryPoint","urlTemplate":"https:\/\/news.save.ch\/de\/?s={search_term_string}"},"query-input":{"@type":"PropertyValueSpecification","valueRequired":true,"valueName":"search_term_string"}}],"inLanguage":"de"},{"@type":"Organization","@id":"https:\/\/news.save.ch\/de\/#organization","name":"Sicherheitsforum","url":"https:\/\/news.save.ch\/de\/","logo":{"@type":"ImageObject","inLanguage":"de","@id":"https:\/\/news.save.ch\/de\/#\/schema\/logo\/image\/","url":"https:\/\/news.save.ch\/wp-content\/uploads\/2022\/06\/Logo_SF_2012.png","contentUrl":"https:\/\/news.save.ch\/wp-content\/uploads\/2022\/06\/Logo_SF_2012.png","width":1100,"height":91,"caption":"Sicherheitsforum"},"image":{"@id":"https:\/\/news.save.ch\/de\/#\/schema\/logo\/image\/"}},{"@type":"Person","@id":"https:\/\/news.save.ch\/de\/#\/schema\/person\/d49e199490bad7c70d64b9ab51142f2b","name":"admin","image":{"@type":"ImageObject","inLanguage":"de","@id":"https:\/\/secure.gravatar.com\/avatar\/ae2f4d718e6c49043e314ce431e7e645d646302a24a5ef5a8bc8e3f5a032e319?s=96&d=mm&r=g","url":"https:\/\/secure.gravatar.com\/avatar\/ae2f4d718e6c49043e314ce431e7e645d646302a24a5ef5a8bc8e3f5a032e319?s=96&d=mm&r=g","contentUrl":"https:\/\/secure.gravatar.com\/avatar\/ae2f4d718e6c49043e314ce431e7e645d646302a24a5ef5a8bc8e3f5a032e319?s=96&d=mm&r=g","caption":"admin"},"sameAs":["https:\/\/develop.organisator.galledia.ch"],"url":"https:\/\/news.save.ch\/de\/author\/admin\/"}]}},"_links":{"self":[{"href":"https:\/\/news.save.ch\/de\/wp-json\/wp\/v2\/posts\/5596","targetHints":{"allow":["GET"]}}],"collection":[{"href":"https:\/\/news.save.ch\/de\/wp-json\/wp\/v2\/posts"}],"about":[{"href":"https:\/\/news.save.ch\/de\/wp-json\/wp\/v2\/types\/post"}],"author":[{"embeddable":true,"href":"https:\/\/news.save.ch\/de\/wp-json\/wp\/v2\/users\/1"}],"replies":[{"embeddable":true,"href":"https:\/\/news.save.ch\/de\/wp-json\/wp\/v2\/comments?post=5596"}],"version-history":[{"count":1,"href":"https:\/\/news.save.ch\/de\/wp-json\/wp\/v2\/posts\/5596\/revisions"}],"predecessor-version":[{"id":18201,"href":"https:\/\/news.save.ch\/de\/wp-json\/wp\/v2\/posts\/5596\/revisions\/18201"}],"wp:featuredmedia":[{"embeddable":true,"href":"https:\/\/news.save.ch\/de\/wp-json\/wp\/v2\/media\/16367"}],"wp:attachment":[{"href":"https:\/\/news.save.ch\/de\/wp-json\/wp\/v2\/media?parent=5596"}],"wp:term":[{"taxonomy":"category","embeddable":true,"href":"https:\/\/news.save.ch\/de\/wp-json\/wp\/v2\/categories?post=5596"},{"taxonomy":"post_tag","embeddable":true,"href":"https:\/\/news.save.ch\/de\/wp-json\/wp\/v2\/tags?post=5596"}],"curies":[{"name":"wp","href":"https:\/\/api.w.org\/{rel}","templated":true}]}}