{"id":5597,"date":"2017-11-07T11:27:46","date_gmt":"2017-11-07T10:27:46","guid":{"rendered":"https:\/\/news.save.ch\/?p=5597"},"modified":"2017-11-07T11:27:46","modified_gmt":"2017-11-07T10:27:46","slug":"verzicht-auf-automatische-nationalitaetennennung","status":null,"type":"post","link":"https:\/\/news.save.ch\/de\/verzicht-auf-automatische-nationalitaetennennung\/","title":{"rendered":"Stapo nennt Nationalit\u00e4t nicht mehr"},"content":{"rendered":"<figure id=\"attachment_5598\" aria-describedby=\"caption-attachment-5598\" style=\"width: 680px\" class=\"wp-caption aligncenter\"><img loading=\"lazy\" decoding=\"async\" class=\"size-medium wp-image-5598\" src=\"https:\/\/news.save.ch\/wp-content\/uploads\/2017\/11\/Taeter-Depositphotos_21800425_m-2015.jpg\" alt=\"\" width=\"680\" height=\"452\" srcset=\"https:\/\/news.save.ch\/wp-content\/uploads\/2017\/11\/Taeter-Depositphotos_21800425_m-2015.jpg 1000w, https:\/\/news.save.ch\/wp-content\/uploads\/2017\/11\/Taeter-Depositphotos_21800425_m-2015-375x249.jpg 375w\" sizes=\"auto, (max-width: 680px) 100vw, 680px\" \/><figcaption id=\"caption-attachment-5598\" class=\"wp-caption-text\">Illustrationsbild \u00a9 londondeposit<\/figcaption><\/figure>\n<p>&nbsp;<\/p>\n<p>Vor zwei Jahren hat der Z\u00fcrcher Gemeinderat ein Postulat von Min Li Marti (SP) und Samuel Dubno (GLP) \u00fcberwiesen, in dem der Stadtrat aufgefordert wird, zu pr\u00fcfen, ob die Polizei in ihren Medienmitteilungen auf die Nennung der Nationalit\u00e4t von Verd\u00e4chtigen verzichten kann. Die Postulanten stellten sich auf den Standpunkt, die Nationalit\u00e4t eines T\u00e4ters oder einer T\u00e4terin sei f\u00fcr die Beurteilung des Deliktes ebenso wenig aussagekr\u00e4ftig wie die Religion oder die sexuelle Orientierung.\u00a0Stadtrat Wolff hat bei der Pr\u00fcfung des Postulats zwei Dinge gekl\u00e4rt. Erstens, wie wichtig es f\u00fcr das Verst\u00e4ndnis einer Straftat ist, die Herkunft des T\u00e4ters zu kennen. Zweitens, ob die Nennung der Nationalit\u00e4t unerw\u00fcnschte Wirkungen hat.<\/p>\n<p><strong>Eigentliche Ursachen werden verdeckt<\/strong><\/p>\n<p>Einzelne Medien betonen heute, es sei wichtig, die Nationalit\u00e4t der T\u00e4ter zu kennen. Die Nationalit\u00e4t sei ein Fakt, der nicht verschwiegen werden d\u00fcrfe. Die Nicht-Nennung sei ein Akt der Intransparenz und der Vertuschung. Dabei wird allerdings ausgeblendet, dass die Nennung der Nationalit\u00e4t nur vermeintlich der Transparenz dient, wie es in der Medienmitteilung des Sicherheitsdepartements heisst. Indem man die Nationalit\u00e4t nenne, werde suggeriert, damit lasse sich die Tat ein St\u00fcck weit erkl\u00e4ren. Dies verdecke aber nur, was die eigentlichen Ursachen f\u00fcr kriminelle Handlungen seien: Armut, tiefes Bildungsniveau, Stigmatisierung in der Schweiz, Mutproben, mangelnde soziale Kontrolle, Kriegstraumata, Drogenkonsum und andere. Es handelt sich bei der Nationalit\u00e4tennennung also um eine Scheintransparenz, welche die Ursachen von Kriminalit\u00e4t verdeckt, wie in der Medienmitteilung betont wird.<\/p>\n<p><strong>Nennung der Herkunft auf Anfrage<\/strong><\/p>\n<p><strong>\u00a0<\/strong>Wissenschaftlich gut untersucht sei die Wirkung von Kriminalit\u00e4tsberichterstattung auf das Weltbild der Medienkonsumenten. Diejenigen, die \u00fcber kriminelle Ausl\u00e4nder in den Medien lesen, sch\u00e4tzen den Anteil der Ausl\u00e4nder an den Kriminellen durchschnittlich h\u00f6her ein, als er in Wirklichkeit ist, wie es ferner heisst. Insofern f\u00e4nde eine Vorverurteilung von Menschen gewisser Herkunft statt. F\u00fcr Stadtrat Richard Wolff sei dies ein unerw\u00fcnschter Effekt.<\/p>\n<p>Das Sicherheitsdepartement habe bei der Bearbeitung des Postulats den Pr\u00e4sidenten des Schweizerischen Presserates befragt sowie die Medienethik-Dozenten der ZHAW und des Medienausbildungszentrums in Luzern MAZ. Zudem habe das Sicherheitsdepartement sechs Chefredaktoren befragt: jene von NZZ und Tages-Anzeiger, SRF, 20Minuten, watson und der Blick-Gruppe. Die beiden Medienethiker und der Presseratspr\u00e4sident w\u00fcrden die heutige Praxis, also die regelm\u00e4ssige und unbesehene Nennung der Nationalit\u00e4t in der Kriminalit\u00e4tsberichterstattung, f\u00fcr unsachlich und in der Tendenz diskriminierend halten. Drei Chefredaktoren schliessen sich dieser Aussage grunds\u00e4tzlich an, w\u00e4hrend drei widersprechen, wie das Sicherheitsdepartement schreibt.<\/p>\n<p>In der Schweiz habe in den letzten zwanzig Jahren ein Wandel stattgefunden von einer Kriminalit\u00e4tsberichterstattung, die mehrheitlich die Herkunft der T\u00e4terinnen und T\u00e4ter nicht nannte, zu einer Berichterstattung mit Nationalit\u00e4tennennung. Stadtrat Richard Wolff ordne nun an, die Stadtpolizei habe in ihren Medienmitteilungen die Herkunft von T\u00e4terinnen und T\u00e4tern nicht mehr automatisch zu nennen. Ausgenommen seien Medienmitteilungen mit Fahndungsaufruf. Auf Anfrage, so heisst es weiter, gebe die Stadtpolizei die Nationalit\u00e4t jedoch bekannt. Dies sei eine R\u00fcckbesinnung auf eine fr\u00fchere, bew\u00e4hrte Praxis.<\/p>\n<p>Die Stadtpolizei Z\u00fcrich werde die Vorgabe des Sicherheitsvorstehers per sofort umsetzen.<\/p>\n<p>&nbsp;<\/p>\n<p>&nbsp;<\/p>\n","protected":false},"excerpt":{"rendered":"<p>&nbsp; Vor zwei Jahren hat der Z\u00fcrcher Gemeinderat ein Postulat von Min Li Marti (SP) und Samuel Dubno (GLP) \u00fcberwiesen, in dem der Stadtrat aufgefordert wird, zu pr\u00fcfen, ob die Polizei in ihren Medienmitteilungen auf die Nennung der Nationalit\u00e4t von Verd\u00e4chtigen verzichten kann. Die Postulanten stellten sich auf den Standpunkt, die Nationalit\u00e4t eines T\u00e4ters oder [&hellip;]<\/p>\n","protected":false},"author":8,"featured_media":5598,"comment_status":"open","ping_status":"open","sticky":false,"template":"","format":"standard","meta":{"_acf_changed":false,"pgc_sgb_lightbox_settings":"","footnotes":""},"categories":[1],"tags":[69,113],"class_list":["post-5597","post","type-post","status-publish","format-standard","has-post-thumbnail","hentry","category-allgemein","tag-justiz-polizei","tag-kriminalitaet"],"acf":[],"hkrextid":null,"publication":null,"issue":null,"workflow":null,"startPage":null,"spitzmarke":null,"_posts_by_tag_page_fields":{"widget_title":"","widget_tags":""},"_at_widget":"1","_yoast_wpseo_primary_category":"1","_yoast_wpseo_focuskw_text_input":"Stadtpolizei","_yoast_wpseo_opengraph-image":null,"_yoast_wpseo_opengraph-description":null,"_yoast_wpseo_opengraph-title":null,"enclosure":null,"_yoast_wpseo_twitter-title":null,"_yoast_wpseo_twitter-description":null,"_yoast_wpseo_twitter-image":null,"_wp_old_slug":null,"_yoast_wpseo_title":null,"_yoast_wpseo_canonical":null,"yoast_head":"<!-- This site is optimized with the Yoast SEO plugin v27.5 - https:\/\/yoast.com\/product\/yoast-seo-wordpress\/ -->\n<title>Stapo nennt Nationalit\u00e4t nicht mehr - Save<\/title>\n<meta name=\"description\" content=\"Die Stadtpolizei Z\u00fcrich verzichtet in ihren Medienmitteilungen per sofort auf die Nennung der Nationalit\u00e4t eines T\u00e4ters oder einer T\u00e4terin.\" \/>\n<meta name=\"robots\" content=\"index, follow, max-snippet:-1, max-image-preview:large, max-video-preview:-1\" \/>\n<link rel=\"canonical\" href=\"https:\/\/news.save.ch\/de\/verzicht-auf-automatische-nationalitaetennennung\/\" \/>\n<meta property=\"og:locale\" content=\"de_DE\" \/>\n<meta property=\"og:type\" content=\"article\" \/>\n<meta property=\"og:title\" content=\"Stapo nennt Nationalit\u00e4t nicht mehr - Save\" \/>\n<meta property=\"og:description\" content=\"Die Stadtpolizei Z\u00fcrich verzichtet in ihren Medienmitteilungen per sofort auf die Nennung der Nationalit\u00e4t eines T\u00e4ters oder einer T\u00e4terin.\" \/>\n<meta property=\"og:url\" content=\"https:\/\/news.save.ch\/de\/verzicht-auf-automatische-nationalitaetennennung\/\" \/>\n<meta property=\"og:site_name\" content=\"Save\" \/>\n<meta property=\"article:published_time\" content=\"2017-11-07T10:27:46+00:00\" \/>\n<meta property=\"og:image\" content=\"https:\/\/news.save.ch\/wp-content\/uploads\/2017\/11\/Taeter-Depositphotos_21800425_m-2015.jpg\" \/>\n\t<meta property=\"og:image:width\" content=\"1000\" \/>\n\t<meta property=\"og:image:height\" content=\"664\" \/>\n\t<meta property=\"og:image:type\" content=\"image\/jpeg\" \/>\n<meta name=\"author\" content=\"Roger Str\u00e4ssle\" \/>\n<meta name=\"twitter:card\" content=\"summary_large_image\" \/>\n<meta name=\"twitter:label1\" content=\"Geschrieben von\" \/>\n\t<meta name=\"twitter:data1\" content=\"Roger Str\u00e4ssle\" \/>\n\t<meta name=\"twitter:label2\" content=\"Gesch\u00e4tzte Lesezeit\" \/>\n\t<meta name=\"twitter:data2\" content=\"3\u00a0Minuten\" \/>\n<script type=\"application\/ld+json\" class=\"yoast-schema-graph\">{\"@context\":\"https:\\\/\\\/schema.org\",\"@graph\":[{\"@type\":\"Article\",\"@id\":\"https:\\\/\\\/news.save.ch\\\/verzicht-auf-automatische-nationalitaetennennung\\\/#article\",\"isPartOf\":{\"@id\":\"https:\\\/\\\/news.save.ch\\\/verzicht-auf-automatische-nationalitaetennennung\\\/\"},\"author\":{\"name\":\"Roger Str\u00e4ssle\",\"@id\":\"https:\\\/\\\/news.save.ch\\\/de\\\/#\\\/schema\\\/person\\\/d5022db048e0e2b9785c50e5b24da5aa\"},\"headline\":\"Stapo nennt Nationalit\u00e4t nicht mehr\",\"datePublished\":\"2017-11-07T10:27:46+00:00\",\"mainEntityOfPage\":{\"@id\":\"https:\\\/\\\/news.save.ch\\\/verzicht-auf-automatische-nationalitaetennennung\\\/\"},\"wordCount\":548,\"commentCount\":0,\"publisher\":{\"@id\":\"https:\\\/\\\/news.save.ch\\\/de\\\/#organization\"},\"image\":{\"@id\":\"https:\\\/\\\/news.save.ch\\\/verzicht-auf-automatische-nationalitaetennennung\\\/#primaryimage\"},\"thumbnailUrl\":\"https:\\\/\\\/news.save.ch\\\/wp-content\\\/uploads\\\/2017\\\/11\\\/Taeter-Depositphotos_21800425_m-2015.jpg\",\"keywords\":[\"Justiz &amp; Polizei\",\"Kriminalit\u00e4t\"],\"articleSection\":[\"ALLGEMEIN\"],\"inLanguage\":\"de\"},{\"@type\":\"WebPage\",\"@id\":\"https:\\\/\\\/news.save.ch\\\/verzicht-auf-automatische-nationalitaetennennung\\\/\",\"url\":\"https:\\\/\\\/news.save.ch\\\/verzicht-auf-automatische-nationalitaetennennung\\\/\",\"name\":\"Stapo nennt Nationalit\u00e4t nicht mehr - Save\",\"isPartOf\":{\"@id\":\"https:\\\/\\\/news.save.ch\\\/de\\\/#website\"},\"primaryImageOfPage\":{\"@id\":\"https:\\\/\\\/news.save.ch\\\/verzicht-auf-automatische-nationalitaetennennung\\\/#primaryimage\"},\"image\":{\"@id\":\"https:\\\/\\\/news.save.ch\\\/verzicht-auf-automatische-nationalitaetennennung\\\/#primaryimage\"},\"thumbnailUrl\":\"https:\\\/\\\/news.save.ch\\\/wp-content\\\/uploads\\\/2017\\\/11\\\/Taeter-Depositphotos_21800425_m-2015.jpg\",\"datePublished\":\"2017-11-07T10:27:46+00:00\",\"description\":\"Die Stadtpolizei Z\u00fcrich verzichtet in ihren Medienmitteilungen per sofort auf die Nennung der Nationalit\u00e4t eines T\u00e4ters oder einer T\u00e4terin.\",\"breadcrumb\":{\"@id\":\"https:\\\/\\\/news.save.ch\\\/verzicht-auf-automatische-nationalitaetennennung\\\/#breadcrumb\"},\"inLanguage\":\"de\",\"potentialAction\":[{\"@type\":\"ReadAction\",\"target\":[\"https:\\\/\\\/news.save.ch\\\/verzicht-auf-automatische-nationalitaetennennung\\\/\"]}]},{\"@type\":\"ImageObject\",\"inLanguage\":\"de\",\"@id\":\"https:\\\/\\\/news.save.ch\\\/verzicht-auf-automatische-nationalitaetennennung\\\/#primaryimage\",\"url\":\"https:\\\/\\\/news.save.ch\\\/wp-content\\\/uploads\\\/2017\\\/11\\\/Taeter-Depositphotos_21800425_m-2015.jpg\",\"contentUrl\":\"https:\\\/\\\/news.save.ch\\\/wp-content\\\/uploads\\\/2017\\\/11\\\/Taeter-Depositphotos_21800425_m-2015.jpg\",\"width\":1000,\"height\":664,\"caption\":\"\u00a9 londondeposit\"},{\"@type\":\"BreadcrumbList\",\"@id\":\"https:\\\/\\\/news.save.ch\\\/verzicht-auf-automatische-nationalitaetennennung\\\/#breadcrumb\",\"itemListElement\":[{\"@type\":\"ListItem\",\"position\":1,\"name\":\"Home\",\"item\":\"https:\\\/\\\/news.save.ch\\\/de\\\/\"},{\"@type\":\"ListItem\",\"position\":2,\"name\":\"Stapo nennt Nationalit\u00e4t nicht mehr\"}]},{\"@type\":\"WebSite\",\"@id\":\"https:\\\/\\\/news.save.ch\\\/de\\\/#website\",\"url\":\"https:\\\/\\\/news.save.ch\\\/de\\\/\",\"name\":\"Save\",\"description\":\"Schweizer Fachzeitschrift f\u00fcr Sicherheit\",\"publisher\":{\"@id\":\"https:\\\/\\\/news.save.ch\\\/de\\\/#organization\"},\"potentialAction\":[{\"@type\":\"SearchAction\",\"target\":{\"@type\":\"EntryPoint\",\"urlTemplate\":\"https:\\\/\\\/news.save.ch\\\/de\\\/?s={search_term_string}\"},\"query-input\":{\"@type\":\"PropertyValueSpecification\",\"valueRequired\":true,\"valueName\":\"search_term_string\"}}],\"inLanguage\":\"de\"},{\"@type\":\"Organization\",\"@id\":\"https:\\\/\\\/news.save.ch\\\/de\\\/#organization\",\"name\":\"Sicherheitsforum\",\"url\":\"https:\\\/\\\/news.save.ch\\\/de\\\/\",\"logo\":{\"@type\":\"ImageObject\",\"inLanguage\":\"de\",\"@id\":\"https:\\\/\\\/news.save.ch\\\/de\\\/#\\\/schema\\\/logo\\\/image\\\/\",\"url\":\"https:\\\/\\\/news.save.ch\\\/wp-content\\\/uploads\\\/2022\\\/06\\\/Logo_SF_2012.png\",\"contentUrl\":\"https:\\\/\\\/news.save.ch\\\/wp-content\\\/uploads\\\/2022\\\/06\\\/Logo_SF_2012.png\",\"width\":1100,\"height\":91,\"caption\":\"Sicherheitsforum\"},\"image\":{\"@id\":\"https:\\\/\\\/news.save.ch\\\/de\\\/#\\\/schema\\\/logo\\\/image\\\/\"}},{\"@type\":\"Person\",\"@id\":\"https:\\\/\\\/news.save.ch\\\/de\\\/#\\\/schema\\\/person\\\/d5022db048e0e2b9785c50e5b24da5aa\",\"name\":\"Roger Str\u00e4ssle\",\"image\":{\"@type\":\"ImageObject\",\"inLanguage\":\"de\",\"@id\":\"https:\\\/\\\/secure.gravatar.com\\\/avatar\\\/862a5569d087de48e5856e32f45d719a03804c891d6deb8d4f71a660e79e4a47?s=96&d=mm&r=g\",\"url\":\"https:\\\/\\\/secure.gravatar.com\\\/avatar\\\/862a5569d087de48e5856e32f45d719a03804c891d6deb8d4f71a660e79e4a47?s=96&d=mm&r=g\",\"contentUrl\":\"https:\\\/\\\/secure.gravatar.com\\\/avatar\\\/862a5569d087de48e5856e32f45d719a03804c891d6deb8d4f71a660e79e4a47?s=96&d=mm&r=g\",\"caption\":\"Roger Str\u00e4ssle\"},\"url\":\"https:\\\/\\\/news.save.ch\\\/de\\\/author\\\/roger-straessle\\\/\"}]}<\/script>\n<!-- \/ Yoast SEO plugin. -->","yoast_head_json":{"title":"Stapo nennt Nationalit\u00e4t nicht mehr - Save","description":"Die Stadtpolizei Z\u00fcrich verzichtet in ihren Medienmitteilungen per sofort auf die Nennung der Nationalit\u00e4t eines T\u00e4ters oder einer T\u00e4terin.","robots":{"index":"index","follow":"follow","max-snippet":"max-snippet:-1","max-image-preview":"max-image-preview:large","max-video-preview":"max-video-preview:-1"},"canonical":"https:\/\/news.save.ch\/de\/verzicht-auf-automatische-nationalitaetennennung\/","og_locale":"de_DE","og_type":"article","og_title":"Stapo nennt Nationalit\u00e4t nicht mehr - Save","og_description":"Die Stadtpolizei Z\u00fcrich verzichtet in ihren Medienmitteilungen per sofort auf die Nennung der Nationalit\u00e4t eines T\u00e4ters oder einer T\u00e4terin.","og_url":"https:\/\/news.save.ch\/de\/verzicht-auf-automatische-nationalitaetennennung\/","og_site_name":"Save","article_published_time":"2017-11-07T10:27:46+00:00","og_image":[{"width":1000,"height":664,"url":"https:\/\/news.save.ch\/wp-content\/uploads\/2017\/11\/Taeter-Depositphotos_21800425_m-2015.jpg","type":"image\/jpeg"}],"author":"Roger Str\u00e4ssle","twitter_card":"summary_large_image","twitter_misc":{"Geschrieben von":"Roger Str\u00e4ssle","Gesch\u00e4tzte Lesezeit":"3\u00a0Minuten"},"schema":{"@context":"https:\/\/schema.org","@graph":[{"@type":"Article","@id":"https:\/\/news.save.ch\/verzicht-auf-automatische-nationalitaetennennung\/#article","isPartOf":{"@id":"https:\/\/news.save.ch\/verzicht-auf-automatische-nationalitaetennennung\/"},"author":{"name":"Roger Str\u00e4ssle","@id":"https:\/\/news.save.ch\/de\/#\/schema\/person\/d5022db048e0e2b9785c50e5b24da5aa"},"headline":"Stapo nennt Nationalit\u00e4t nicht mehr","datePublished":"2017-11-07T10:27:46+00:00","mainEntityOfPage":{"@id":"https:\/\/news.save.ch\/verzicht-auf-automatische-nationalitaetennennung\/"},"wordCount":548,"commentCount":0,"publisher":{"@id":"https:\/\/news.save.ch\/de\/#organization"},"image":{"@id":"https:\/\/news.save.ch\/verzicht-auf-automatische-nationalitaetennennung\/#primaryimage"},"thumbnailUrl":"https:\/\/news.save.ch\/wp-content\/uploads\/2017\/11\/Taeter-Depositphotos_21800425_m-2015.jpg","keywords":["Justiz &amp; Polizei","Kriminalit\u00e4t"],"articleSection":["ALLGEMEIN"],"inLanguage":"de"},{"@type":"WebPage","@id":"https:\/\/news.save.ch\/verzicht-auf-automatische-nationalitaetennennung\/","url":"https:\/\/news.save.ch\/verzicht-auf-automatische-nationalitaetennennung\/","name":"Stapo nennt Nationalit\u00e4t nicht mehr - Save","isPartOf":{"@id":"https:\/\/news.save.ch\/de\/#website"},"primaryImageOfPage":{"@id":"https:\/\/news.save.ch\/verzicht-auf-automatische-nationalitaetennennung\/#primaryimage"},"image":{"@id":"https:\/\/news.save.ch\/verzicht-auf-automatische-nationalitaetennennung\/#primaryimage"},"thumbnailUrl":"https:\/\/news.save.ch\/wp-content\/uploads\/2017\/11\/Taeter-Depositphotos_21800425_m-2015.jpg","datePublished":"2017-11-07T10:27:46+00:00","description":"Die Stadtpolizei Z\u00fcrich verzichtet in ihren Medienmitteilungen per sofort auf die Nennung der Nationalit\u00e4t eines T\u00e4ters oder einer T\u00e4terin.","breadcrumb":{"@id":"https:\/\/news.save.ch\/verzicht-auf-automatische-nationalitaetennennung\/#breadcrumb"},"inLanguage":"de","potentialAction":[{"@type":"ReadAction","target":["https:\/\/news.save.ch\/verzicht-auf-automatische-nationalitaetennennung\/"]}]},{"@type":"ImageObject","inLanguage":"de","@id":"https:\/\/news.save.ch\/verzicht-auf-automatische-nationalitaetennennung\/#primaryimage","url":"https:\/\/news.save.ch\/wp-content\/uploads\/2017\/11\/Taeter-Depositphotos_21800425_m-2015.jpg","contentUrl":"https:\/\/news.save.ch\/wp-content\/uploads\/2017\/11\/Taeter-Depositphotos_21800425_m-2015.jpg","width":1000,"height":664,"caption":"\u00a9 londondeposit"},{"@type":"BreadcrumbList","@id":"https:\/\/news.save.ch\/verzicht-auf-automatische-nationalitaetennennung\/#breadcrumb","itemListElement":[{"@type":"ListItem","position":1,"name":"Home","item":"https:\/\/news.save.ch\/de\/"},{"@type":"ListItem","position":2,"name":"Stapo nennt Nationalit\u00e4t nicht mehr"}]},{"@type":"WebSite","@id":"https:\/\/news.save.ch\/de\/#website","url":"https:\/\/news.save.ch\/de\/","name":"Save","description":"Schweizer Fachzeitschrift f\u00fcr Sicherheit","publisher":{"@id":"https:\/\/news.save.ch\/de\/#organization"},"potentialAction":[{"@type":"SearchAction","target":{"@type":"EntryPoint","urlTemplate":"https:\/\/news.save.ch\/de\/?s={search_term_string}"},"query-input":{"@type":"PropertyValueSpecification","valueRequired":true,"valueName":"search_term_string"}}],"inLanguage":"de"},{"@type":"Organization","@id":"https:\/\/news.save.ch\/de\/#organization","name":"Sicherheitsforum","url":"https:\/\/news.save.ch\/de\/","logo":{"@type":"ImageObject","inLanguage":"de","@id":"https:\/\/news.save.ch\/de\/#\/schema\/logo\/image\/","url":"https:\/\/news.save.ch\/wp-content\/uploads\/2022\/06\/Logo_SF_2012.png","contentUrl":"https:\/\/news.save.ch\/wp-content\/uploads\/2022\/06\/Logo_SF_2012.png","width":1100,"height":91,"caption":"Sicherheitsforum"},"image":{"@id":"https:\/\/news.save.ch\/de\/#\/schema\/logo\/image\/"}},{"@type":"Person","@id":"https:\/\/news.save.ch\/de\/#\/schema\/person\/d5022db048e0e2b9785c50e5b24da5aa","name":"Roger Str\u00e4ssle","image":{"@type":"ImageObject","inLanguage":"de","@id":"https:\/\/secure.gravatar.com\/avatar\/862a5569d087de48e5856e32f45d719a03804c891d6deb8d4f71a660e79e4a47?s=96&d=mm&r=g","url":"https:\/\/secure.gravatar.com\/avatar\/862a5569d087de48e5856e32f45d719a03804c891d6deb8d4f71a660e79e4a47?s=96&d=mm&r=g","contentUrl":"https:\/\/secure.gravatar.com\/avatar\/862a5569d087de48e5856e32f45d719a03804c891d6deb8d4f71a660e79e4a47?s=96&d=mm&r=g","caption":"Roger Str\u00e4ssle"},"url":"https:\/\/news.save.ch\/de\/author\/roger-straessle\/"}]}},"_links":{"self":[{"href":"https:\/\/news.save.ch\/de\/wp-json\/wp\/v2\/posts\/5597","targetHints":{"allow":["GET"]}}],"collection":[{"href":"https:\/\/news.save.ch\/de\/wp-json\/wp\/v2\/posts"}],"about":[{"href":"https:\/\/news.save.ch\/de\/wp-json\/wp\/v2\/types\/post"}],"author":[{"embeddable":true,"href":"https:\/\/news.save.ch\/de\/wp-json\/wp\/v2\/users\/8"}],"replies":[{"embeddable":true,"href":"https:\/\/news.save.ch\/de\/wp-json\/wp\/v2\/comments?post=5597"}],"version-history":[{"count":0,"href":"https:\/\/news.save.ch\/de\/wp-json\/wp\/v2\/posts\/5597\/revisions"}],"wp:featuredmedia":[{"embeddable":true,"href":"https:\/\/news.save.ch\/de\/wp-json\/wp\/v2\/media\/5598"}],"wp:attachment":[{"href":"https:\/\/news.save.ch\/de\/wp-json\/wp\/v2\/media?parent=5597"}],"wp:term":[{"taxonomy":"category","embeddable":true,"href":"https:\/\/news.save.ch\/de\/wp-json\/wp\/v2\/categories?post=5597"},{"taxonomy":"post_tag","embeddable":true,"href":"https:\/\/news.save.ch\/de\/wp-json\/wp\/v2\/tags?post=5597"}],"curies":[{"name":"wp","href":"https:\/\/api.w.org\/{rel}","templated":true}]}}