{"id":5605,"date":"2017-11-10T06:43:29","date_gmt":"2017-11-10T05:43:29","guid":{"rendered":"https:\/\/news.save.ch\/?p=5605"},"modified":"2023-03-14T08:57:00","modified_gmt":"2023-03-14T07:57:00","slug":"bei-der-informationssicherheit-hapert-es-im-kmu","status":null,"type":"post","link":"https:\/\/news.save.ch\/de\/bei-der-informationssicherheit-hapert-es-im-kmu\/","title":{"rendered":"Bei der Informationssicherheit hapert es im KMU"},"content":{"rendered":"<figure id=\"attachment_5606\" aria-describedby=\"caption-attachment-5606\" style=\"width: 453px\" class=\"wp-caption aligncenter\"><img loading=\"lazy\" decoding=\"async\" class=\"size-full wp-image-5606\" src=\"https:\/\/news.save.ch\/wp-content\/uploads\/2017\/11\/HSLU.jpg\" alt=\"\" width=\"453\" height=\"311\" srcset=\"https:\/\/news.save.ch\/wp-content\/uploads\/2017\/11\/HSLU.jpg 453w, https:\/\/news.save.ch\/wp-content\/uploads\/2017\/11\/HSLU-375x257.jpg 375w\" sizes=\"auto, (max-width: 453px) 100vw, 453px\" \/><figcaption id=\"caption-attachment-5606\" class=\"wp-caption-text\">\u00a9 HSLU<\/figcaption><\/figure>\n<p>&nbsp;<\/p>\n<p>Cyber-Angriffe nehmen zu. Deshalb hat das Departement Informatik der Hochschule Luzern (HSLU) eine <a href=\"https:\/\/www.hslu.ch\/de-ch\/informatik\/forschung\/themen\/information-security\/?sourceurl=\/forschung-information-security\">Umfrage<\/a> bei KMU zum Thema Informationssicherheit gemacht.\u00a0Hauptautor Hirschi fasst die Ergebnisse wie folgt zusammen: \u00abIn vielen KMU fehlt es an Wissen zum Umgang mit dem Thema Informationssicherheit.\u00bb Dies, obwohl rund 40% der befragten Unternehmen angegeben h\u00e4tten, in den zw\u00f6lf Monaten vor der Umfrage (Jahr 2016) von Cyber-Angriffen (Malware, Phishing-Mails) betroffen gewesen zu sein.<\/p>\n<p>Laut Umfrage erlaubt fast zwei Drittel der Firmen ihren Mitarbeitenden, gesch\u00e4ftliche E-Mails auf privaten Ger\u00e4ten zu bearbeiten (vgl. <a href=\"https:\/\/news.save.ch\/sechs-tipps-fuer-ein-sicheres-byod-konzept\/\">BYOD<\/a>). Knapp ein Drittel erm\u00f6glicht den Zugriff auf s\u00e4mtliche IT-Anwendungen. \u00abDas vergr\u00f6ssert nat\u00fcrlich die Angriffsfl\u00e4che\u00bb, so Hirschi, \u00abgenauso wie die Verwendung von Cloud- Diensten, also beispielsweise Daten speichern, auf die man jederzeit von \u00fcberall her zugreifen kann.\u00bb Fast 60% der Firmen w\u00fcrden Cloud-Dienste in irgendeiner Form nutzen.<\/p>\n<p><strong>Grosse Sch\u00e4den bef\u00fcrchtet <\/strong><\/p>\n<p>Wer als Firma von Cyber-Angriffen betroffen sei, setze sich anschliessend st\u00e4rker mit dem Thema Informationssicherheit auseinander, so das Institut. Im Zentrum des Interesses stehe dabei die Sicherstellung des Gesch\u00e4ftsbetriebs. Dies geschehe vor dem Hintergrund eines grossen Vertraulichkeitsanspruchs: \u00dcber zwei Drittel der befragten Firmen beurteilen die Sch\u00e4den, die durch die missbr\u00e4uchliche Ver\u00f6ffentlichung ihrer vertraulichen Daten entstehen w\u00fcrde, als gross oder sehr gross.<\/p>\n<p>Schutzmassnahmen seien also wichtig. \u00abTrotzdem gab die grosse Mehrheit der Unternehmen an, keine oder nur minimale Ressourcen f\u00fcr das Thema Informationssicherheit bereitzustellen\u00bb, sagt Armand Portmann, Co-Autor der Studie. Viele Unternehmen h\u00e4tten zudem ihr Personal im Jahr vor der Umfrage nach eigenen Angaben nicht im Umgang mit Gefahren geschult. Dementsprechend schwach entwickelt seien vielerorts die Steuerung und Kontrolle der Informationssicherheit: Nicht einmal die H\u00e4lfte der KMU pr\u00fcfe ihre Sicherheitsmassnahmen regelm\u00e4ssig auf deren Wirksamkeit. Dies erkl\u00e4re auch, warum Standards oder Leitf\u00e4den f\u00fcr die Informationssicherheit eher selten zum Einsatz k\u00e4men. Besser sehe es bei technischen Massnahmen wie beispielsweise Backups, Virenscanner und Firewalls aus. Diese setzen gem\u00e4ss Umfrage fast alle befragten Unternehmen ein.<\/p>\n<p><strong>Wanted: mehr Personal, mehr Schulungen <\/strong><\/p>\n<p>Angesichts dieser Resultate sehen die beiden Studienautoren gerade im organisatorischen und personellen Bereich Nachholbedarf: Um die Situation in den Schweizer KMU zu verbessern, m\u00fcssten die Firmen mehr Ressourcen f\u00fcr die Informationssicherheit bereitstellen und ihre Mitarbeitenden in Schulungen besser auf die Gefahren von Cyber-Angriffen vorbereiten. <em>Quelle: HSLU<\/em><\/p>\n<p><em>Die Studie basiert auf einer Online-Umfrage, welche die Forschenden bei 230 KMU aus diversen Branchen durchgef\u00fchrt haben.<\/em><\/p>\n<ul>\n<li><em>Sicherheitstipps auf der Plattform \u00abeBanking \u2013 aber sicher\u00bb: <a href=\"https:\/\/www.ebas.ch\">www.ebas.ch <\/a><\/em><\/li>\n<li><em>Fachkurs Informations- und Cyber-Sicherheit in kleinen Unternehmen sowie weitere\u00a0<\/em><em>Weiterbildungen zu Informationssicherheit: <a href=\"https:\/\/www.hslu.ch\/information-security-privacy\">www.hslu.ch\/information-security-privacy<\/a><\/em><\/li>\n<\/ul>\n<p>&nbsp;<\/p>\n","protected":false},"excerpt":{"rendered":"<p>&nbsp; Cyber-Angriffe nehmen zu. Deshalb hat das Departement Informatik der Hochschule Luzern (HSLU) eine Umfrage bei KMU zum Thema Informationssicherheit gemacht.\u00a0Hauptautor Hirschi fasst die Ergebnisse wie folgt zusammen: \u00abIn vielen KMU fehlt es an Wissen zum Umgang mit dem Thema Informationssicherheit.\u00bb Dies, obwohl rund 40% der befragten Unternehmen angegeben h\u00e4tten, in den zw\u00f6lf Monaten vor [&hellip;]<\/p>\n","protected":false},"author":8,"featured_media":5606,"comment_status":"open","ping_status":"open","sticky":false,"template":"","format":"standard","meta":{"_acf_changed":false,"pgc_sgb_lightbox_settings":"","footnotes":""},"categories":[3313],"tags":[96,118,63,64],"class_list":["post-5605","post","type-post","status-publish","format-standard","has-post-thumbnail","hentry","category-digitalisierung","tag-cyber-crime","tag-datenschutz","tag-it-security","tag-studie"],"acf":[],"hkrextid":null,"publication":null,"issue":null,"workflow":null,"startPage":null,"spitzmarke":null,"_posts_by_tag_page_fields":{"widget_title":"","widget_tags":""},"_at_widget":"1","_yoast_wpseo_primary_category":"2","_yoast_wpseo_focuskw_text_input":"Informationssicherheit","_yoast_wpseo_opengraph-image":null,"_yoast_wpseo_opengraph-description":null,"_yoast_wpseo_opengraph-title":null,"enclosure":null,"_yoast_wpseo_twitter-title":null,"_yoast_wpseo_twitter-description":null,"_yoast_wpseo_twitter-image":null,"_wp_old_slug":null,"_yoast_wpseo_title":null,"_yoast_wpseo_canonical":null,"yoast_head":"<!-- This site is optimized with the Yoast SEO plugin v27.5 - https:\/\/yoast.com\/product\/yoast-seo-wordpress\/ -->\n<title>Bei der Informationssicherheit hapert es im KMU - Save<\/title>\n<meta name=\"description\" content=\"Cyber-Kriminalit\u00e4t: Das Thema Informationssicherheit r\u00fcckt bei KMU nur langsam in den Fokus der Aufmerksamkeit, wie eine Studie der Hochschule Luzern zeigt.\" \/>\n<meta name=\"robots\" content=\"index, follow, max-snippet:-1, max-image-preview:large, max-video-preview:-1\" \/>\n<link rel=\"canonical\" href=\"https:\/\/news.save.ch\/de\/bei-der-informationssicherheit-hapert-es-im-kmu\/\" \/>\n<meta property=\"og:locale\" content=\"de_DE\" \/>\n<meta property=\"og:type\" content=\"article\" \/>\n<meta property=\"og:title\" content=\"Bei der Informationssicherheit hapert es im KMU - Save\" \/>\n<meta property=\"og:description\" content=\"Cyber-Kriminalit\u00e4t: Das Thema Informationssicherheit r\u00fcckt bei KMU nur langsam in den Fokus der Aufmerksamkeit, wie eine Studie der Hochschule Luzern zeigt.\" \/>\n<meta property=\"og:url\" content=\"https:\/\/news.save.ch\/de\/bei-der-informationssicherheit-hapert-es-im-kmu\/\" \/>\n<meta property=\"og:site_name\" content=\"Save\" \/>\n<meta property=\"article:published_time\" content=\"2017-11-10T05:43:29+00:00\" \/>\n<meta property=\"article:modified_time\" content=\"2023-03-14T07:57:00+00:00\" \/>\n<meta property=\"og:image\" content=\"https:\/\/news.save.ch\/wp-content\/uploads\/2017\/11\/HSLU.jpg\" \/>\n\t<meta property=\"og:image:width\" content=\"453\" \/>\n\t<meta property=\"og:image:height\" content=\"311\" \/>\n\t<meta property=\"og:image:type\" content=\"image\/jpeg\" \/>\n<meta name=\"author\" content=\"Roger Str\u00e4ssle\" \/>\n<meta name=\"twitter:card\" content=\"summary_large_image\" \/>\n<meta name=\"twitter:label1\" content=\"Geschrieben von\" \/>\n\t<meta name=\"twitter:data1\" content=\"Roger Str\u00e4ssle\" \/>\n\t<meta name=\"twitter:label2\" content=\"Gesch\u00e4tzte Lesezeit\" \/>\n\t<meta name=\"twitter:data2\" content=\"2\u00a0Minuten\" \/>\n<script type=\"application\/ld+json\" class=\"yoast-schema-graph\">{\"@context\":\"https:\\\/\\\/schema.org\",\"@graph\":[{\"@type\":\"Article\",\"@id\":\"https:\\\/\\\/news.save.ch\\\/bei-der-informationssicherheit-hapert-es-im-kmu\\\/#article\",\"isPartOf\":{\"@id\":\"https:\\\/\\\/news.save.ch\\\/bei-der-informationssicherheit-hapert-es-im-kmu\\\/\"},\"author\":{\"name\":\"Roger Str\u00e4ssle\",\"@id\":\"https:\\\/\\\/news.save.ch\\\/de\\\/#\\\/schema\\\/person\\\/d5022db048e0e2b9785c50e5b24da5aa\"},\"headline\":\"Bei der Informationssicherheit hapert es im KMU\",\"datePublished\":\"2017-11-10T05:43:29+00:00\",\"dateModified\":\"2023-03-14T07:57:00+00:00\",\"mainEntityOfPage\":{\"@id\":\"https:\\\/\\\/news.save.ch\\\/bei-der-informationssicherheit-hapert-es-im-kmu\\\/\"},\"wordCount\":443,\"commentCount\":0,\"publisher\":{\"@id\":\"https:\\\/\\\/news.save.ch\\\/de\\\/#organization\"},\"image\":{\"@id\":\"https:\\\/\\\/news.save.ch\\\/bei-der-informationssicherheit-hapert-es-im-kmu\\\/#primaryimage\"},\"thumbnailUrl\":\"https:\\\/\\\/news.save.ch\\\/wp-content\\\/uploads\\\/2017\\\/11\\\/HSLU.jpg\",\"keywords\":[\"Cyber-Crime\",\"Datenschutz\",\"IT-SECURITY\",\"Studie\"],\"articleSection\":[\"DIGITALISIERUNG\"],\"inLanguage\":\"de\"},{\"@type\":\"WebPage\",\"@id\":\"https:\\\/\\\/news.save.ch\\\/bei-der-informationssicherheit-hapert-es-im-kmu\\\/\",\"url\":\"https:\\\/\\\/news.save.ch\\\/bei-der-informationssicherheit-hapert-es-im-kmu\\\/\",\"name\":\"Bei der Informationssicherheit hapert es im KMU - Save\",\"isPartOf\":{\"@id\":\"https:\\\/\\\/news.save.ch\\\/de\\\/#website\"},\"primaryImageOfPage\":{\"@id\":\"https:\\\/\\\/news.save.ch\\\/bei-der-informationssicherheit-hapert-es-im-kmu\\\/#primaryimage\"},\"image\":{\"@id\":\"https:\\\/\\\/news.save.ch\\\/bei-der-informationssicherheit-hapert-es-im-kmu\\\/#primaryimage\"},\"thumbnailUrl\":\"https:\\\/\\\/news.save.ch\\\/wp-content\\\/uploads\\\/2017\\\/11\\\/HSLU.jpg\",\"datePublished\":\"2017-11-10T05:43:29+00:00\",\"dateModified\":\"2023-03-14T07:57:00+00:00\",\"description\":\"Cyber-Kriminalit\u00e4t: Das Thema Informationssicherheit r\u00fcckt bei KMU nur langsam in den Fokus der Aufmerksamkeit, wie eine Studie der Hochschule Luzern zeigt.\",\"breadcrumb\":{\"@id\":\"https:\\\/\\\/news.save.ch\\\/bei-der-informationssicherheit-hapert-es-im-kmu\\\/#breadcrumb\"},\"inLanguage\":\"de\",\"potentialAction\":[{\"@type\":\"ReadAction\",\"target\":[\"https:\\\/\\\/news.save.ch\\\/bei-der-informationssicherheit-hapert-es-im-kmu\\\/\"]}]},{\"@type\":\"ImageObject\",\"inLanguage\":\"de\",\"@id\":\"https:\\\/\\\/news.save.ch\\\/bei-der-informationssicherheit-hapert-es-im-kmu\\\/#primaryimage\",\"url\":\"https:\\\/\\\/news.save.ch\\\/wp-content\\\/uploads\\\/2017\\\/11\\\/HSLU.jpg\",\"contentUrl\":\"https:\\\/\\\/news.save.ch\\\/wp-content\\\/uploads\\\/2017\\\/11\\\/HSLU.jpg\",\"width\":453,\"height\":311,\"caption\":\"\u00a9 HSLU\"},{\"@type\":\"BreadcrumbList\",\"@id\":\"https:\\\/\\\/news.save.ch\\\/bei-der-informationssicherheit-hapert-es-im-kmu\\\/#breadcrumb\",\"itemListElement\":[{\"@type\":\"ListItem\",\"position\":1,\"name\":\"Home\",\"item\":\"https:\\\/\\\/news.save.ch\\\/de\\\/\"},{\"@type\":\"ListItem\",\"position\":2,\"name\":\"Bei der Informationssicherheit hapert es im KMU\"}]},{\"@type\":\"WebSite\",\"@id\":\"https:\\\/\\\/news.save.ch\\\/de\\\/#website\",\"url\":\"https:\\\/\\\/news.save.ch\\\/de\\\/\",\"name\":\"Save\",\"description\":\"Schweizer Fachzeitschrift f\u00fcr Sicherheit\",\"publisher\":{\"@id\":\"https:\\\/\\\/news.save.ch\\\/de\\\/#organization\"},\"potentialAction\":[{\"@type\":\"SearchAction\",\"target\":{\"@type\":\"EntryPoint\",\"urlTemplate\":\"https:\\\/\\\/news.save.ch\\\/de\\\/?s={search_term_string}\"},\"query-input\":{\"@type\":\"PropertyValueSpecification\",\"valueRequired\":true,\"valueName\":\"search_term_string\"}}],\"inLanguage\":\"de\"},{\"@type\":\"Organization\",\"@id\":\"https:\\\/\\\/news.save.ch\\\/de\\\/#organization\",\"name\":\"Sicherheitsforum\",\"url\":\"https:\\\/\\\/news.save.ch\\\/de\\\/\",\"logo\":{\"@type\":\"ImageObject\",\"inLanguage\":\"de\",\"@id\":\"https:\\\/\\\/news.save.ch\\\/de\\\/#\\\/schema\\\/logo\\\/image\\\/\",\"url\":\"https:\\\/\\\/news.save.ch\\\/wp-content\\\/uploads\\\/2022\\\/06\\\/Logo_SF_2012.png\",\"contentUrl\":\"https:\\\/\\\/news.save.ch\\\/wp-content\\\/uploads\\\/2022\\\/06\\\/Logo_SF_2012.png\",\"width\":1100,\"height\":91,\"caption\":\"Sicherheitsforum\"},\"image\":{\"@id\":\"https:\\\/\\\/news.save.ch\\\/de\\\/#\\\/schema\\\/logo\\\/image\\\/\"}},{\"@type\":\"Person\",\"@id\":\"https:\\\/\\\/news.save.ch\\\/de\\\/#\\\/schema\\\/person\\\/d5022db048e0e2b9785c50e5b24da5aa\",\"name\":\"Roger Str\u00e4ssle\",\"image\":{\"@type\":\"ImageObject\",\"inLanguage\":\"de\",\"@id\":\"https:\\\/\\\/secure.gravatar.com\\\/avatar\\\/862a5569d087de48e5856e32f45d719a03804c891d6deb8d4f71a660e79e4a47?s=96&d=mm&r=g\",\"url\":\"https:\\\/\\\/secure.gravatar.com\\\/avatar\\\/862a5569d087de48e5856e32f45d719a03804c891d6deb8d4f71a660e79e4a47?s=96&d=mm&r=g\",\"contentUrl\":\"https:\\\/\\\/secure.gravatar.com\\\/avatar\\\/862a5569d087de48e5856e32f45d719a03804c891d6deb8d4f71a660e79e4a47?s=96&d=mm&r=g\",\"caption\":\"Roger Str\u00e4ssle\"},\"url\":\"https:\\\/\\\/news.save.ch\\\/de\\\/author\\\/roger-straessle\\\/\"}]}<\/script>\n<!-- \/ Yoast SEO plugin. -->","yoast_head_json":{"title":"Bei der Informationssicherheit hapert es im KMU - Save","description":"Cyber-Kriminalit\u00e4t: Das Thema Informationssicherheit r\u00fcckt bei KMU nur langsam in den Fokus der Aufmerksamkeit, wie eine Studie der Hochschule Luzern zeigt.","robots":{"index":"index","follow":"follow","max-snippet":"max-snippet:-1","max-image-preview":"max-image-preview:large","max-video-preview":"max-video-preview:-1"},"canonical":"https:\/\/news.save.ch\/de\/bei-der-informationssicherheit-hapert-es-im-kmu\/","og_locale":"de_DE","og_type":"article","og_title":"Bei der Informationssicherheit hapert es im KMU - Save","og_description":"Cyber-Kriminalit\u00e4t: Das Thema Informationssicherheit r\u00fcckt bei KMU nur langsam in den Fokus der Aufmerksamkeit, wie eine Studie der Hochschule Luzern zeigt.","og_url":"https:\/\/news.save.ch\/de\/bei-der-informationssicherheit-hapert-es-im-kmu\/","og_site_name":"Save","article_published_time":"2017-11-10T05:43:29+00:00","article_modified_time":"2023-03-14T07:57:00+00:00","og_image":[{"width":453,"height":311,"url":"https:\/\/news.save.ch\/wp-content\/uploads\/2017\/11\/HSLU.jpg","type":"image\/jpeg"}],"author":"Roger Str\u00e4ssle","twitter_card":"summary_large_image","twitter_misc":{"Geschrieben von":"Roger Str\u00e4ssle","Gesch\u00e4tzte Lesezeit":"2\u00a0Minuten"},"schema":{"@context":"https:\/\/schema.org","@graph":[{"@type":"Article","@id":"https:\/\/news.save.ch\/bei-der-informationssicherheit-hapert-es-im-kmu\/#article","isPartOf":{"@id":"https:\/\/news.save.ch\/bei-der-informationssicherheit-hapert-es-im-kmu\/"},"author":{"name":"Roger Str\u00e4ssle","@id":"https:\/\/news.save.ch\/de\/#\/schema\/person\/d5022db048e0e2b9785c50e5b24da5aa"},"headline":"Bei der Informationssicherheit hapert es im KMU","datePublished":"2017-11-10T05:43:29+00:00","dateModified":"2023-03-14T07:57:00+00:00","mainEntityOfPage":{"@id":"https:\/\/news.save.ch\/bei-der-informationssicherheit-hapert-es-im-kmu\/"},"wordCount":443,"commentCount":0,"publisher":{"@id":"https:\/\/news.save.ch\/de\/#organization"},"image":{"@id":"https:\/\/news.save.ch\/bei-der-informationssicherheit-hapert-es-im-kmu\/#primaryimage"},"thumbnailUrl":"https:\/\/news.save.ch\/wp-content\/uploads\/2017\/11\/HSLU.jpg","keywords":["Cyber-Crime","Datenschutz","IT-SECURITY","Studie"],"articleSection":["DIGITALISIERUNG"],"inLanguage":"de"},{"@type":"WebPage","@id":"https:\/\/news.save.ch\/bei-der-informationssicherheit-hapert-es-im-kmu\/","url":"https:\/\/news.save.ch\/bei-der-informationssicherheit-hapert-es-im-kmu\/","name":"Bei der Informationssicherheit hapert es im KMU - Save","isPartOf":{"@id":"https:\/\/news.save.ch\/de\/#website"},"primaryImageOfPage":{"@id":"https:\/\/news.save.ch\/bei-der-informationssicherheit-hapert-es-im-kmu\/#primaryimage"},"image":{"@id":"https:\/\/news.save.ch\/bei-der-informationssicherheit-hapert-es-im-kmu\/#primaryimage"},"thumbnailUrl":"https:\/\/news.save.ch\/wp-content\/uploads\/2017\/11\/HSLU.jpg","datePublished":"2017-11-10T05:43:29+00:00","dateModified":"2023-03-14T07:57:00+00:00","description":"Cyber-Kriminalit\u00e4t: Das Thema Informationssicherheit r\u00fcckt bei KMU nur langsam in den Fokus der Aufmerksamkeit, wie eine Studie der Hochschule Luzern zeigt.","breadcrumb":{"@id":"https:\/\/news.save.ch\/bei-der-informationssicherheit-hapert-es-im-kmu\/#breadcrumb"},"inLanguage":"de","potentialAction":[{"@type":"ReadAction","target":["https:\/\/news.save.ch\/bei-der-informationssicherheit-hapert-es-im-kmu\/"]}]},{"@type":"ImageObject","inLanguage":"de","@id":"https:\/\/news.save.ch\/bei-der-informationssicherheit-hapert-es-im-kmu\/#primaryimage","url":"https:\/\/news.save.ch\/wp-content\/uploads\/2017\/11\/HSLU.jpg","contentUrl":"https:\/\/news.save.ch\/wp-content\/uploads\/2017\/11\/HSLU.jpg","width":453,"height":311,"caption":"\u00a9 HSLU"},{"@type":"BreadcrumbList","@id":"https:\/\/news.save.ch\/bei-der-informationssicherheit-hapert-es-im-kmu\/#breadcrumb","itemListElement":[{"@type":"ListItem","position":1,"name":"Home","item":"https:\/\/news.save.ch\/de\/"},{"@type":"ListItem","position":2,"name":"Bei der Informationssicherheit hapert es im KMU"}]},{"@type":"WebSite","@id":"https:\/\/news.save.ch\/de\/#website","url":"https:\/\/news.save.ch\/de\/","name":"Save","description":"Schweizer Fachzeitschrift f\u00fcr Sicherheit","publisher":{"@id":"https:\/\/news.save.ch\/de\/#organization"},"potentialAction":[{"@type":"SearchAction","target":{"@type":"EntryPoint","urlTemplate":"https:\/\/news.save.ch\/de\/?s={search_term_string}"},"query-input":{"@type":"PropertyValueSpecification","valueRequired":true,"valueName":"search_term_string"}}],"inLanguage":"de"},{"@type":"Organization","@id":"https:\/\/news.save.ch\/de\/#organization","name":"Sicherheitsforum","url":"https:\/\/news.save.ch\/de\/","logo":{"@type":"ImageObject","inLanguage":"de","@id":"https:\/\/news.save.ch\/de\/#\/schema\/logo\/image\/","url":"https:\/\/news.save.ch\/wp-content\/uploads\/2022\/06\/Logo_SF_2012.png","contentUrl":"https:\/\/news.save.ch\/wp-content\/uploads\/2022\/06\/Logo_SF_2012.png","width":1100,"height":91,"caption":"Sicherheitsforum"},"image":{"@id":"https:\/\/news.save.ch\/de\/#\/schema\/logo\/image\/"}},{"@type":"Person","@id":"https:\/\/news.save.ch\/de\/#\/schema\/person\/d5022db048e0e2b9785c50e5b24da5aa","name":"Roger Str\u00e4ssle","image":{"@type":"ImageObject","inLanguage":"de","@id":"https:\/\/secure.gravatar.com\/avatar\/862a5569d087de48e5856e32f45d719a03804c891d6deb8d4f71a660e79e4a47?s=96&d=mm&r=g","url":"https:\/\/secure.gravatar.com\/avatar\/862a5569d087de48e5856e32f45d719a03804c891d6deb8d4f71a660e79e4a47?s=96&d=mm&r=g","contentUrl":"https:\/\/secure.gravatar.com\/avatar\/862a5569d087de48e5856e32f45d719a03804c891d6deb8d4f71a660e79e4a47?s=96&d=mm&r=g","caption":"Roger Str\u00e4ssle"},"url":"https:\/\/news.save.ch\/de\/author\/roger-straessle\/"}]}},"_links":{"self":[{"href":"https:\/\/news.save.ch\/de\/wp-json\/wp\/v2\/posts\/5605","targetHints":{"allow":["GET"]}}],"collection":[{"href":"https:\/\/news.save.ch\/de\/wp-json\/wp\/v2\/posts"}],"about":[{"href":"https:\/\/news.save.ch\/de\/wp-json\/wp\/v2\/types\/post"}],"author":[{"embeddable":true,"href":"https:\/\/news.save.ch\/de\/wp-json\/wp\/v2\/users\/8"}],"replies":[{"embeddable":true,"href":"https:\/\/news.save.ch\/de\/wp-json\/wp\/v2\/comments?post=5605"}],"version-history":[{"count":1,"href":"https:\/\/news.save.ch\/de\/wp-json\/wp\/v2\/posts\/5605\/revisions"}],"predecessor-version":[{"id":17481,"href":"https:\/\/news.save.ch\/de\/wp-json\/wp\/v2\/posts\/5605\/revisions\/17481"}],"wp:featuredmedia":[{"embeddable":true,"href":"https:\/\/news.save.ch\/de\/wp-json\/wp\/v2\/media\/5606"}],"wp:attachment":[{"href":"https:\/\/news.save.ch\/de\/wp-json\/wp\/v2\/media?parent=5605"}],"wp:term":[{"taxonomy":"category","embeddable":true,"href":"https:\/\/news.save.ch\/de\/wp-json\/wp\/v2\/categories?post=5605"},{"taxonomy":"post_tag","embeddable":true,"href":"https:\/\/news.save.ch\/de\/wp-json\/wp\/v2\/tags?post=5605"}],"curies":[{"name":"wp","href":"https:\/\/api.w.org\/{rel}","templated":true}]}}