{"id":5607,"date":"2020-04-16T18:59:31","date_gmt":"2020-04-16T16:59:31","guid":{"rendered":"https:\/\/news.save.ch\/?p=5607"},"modified":"2023-03-14T09:05:30","modified_gmt":"2023-03-14T08:05:30","slug":"bundesrat-schrittweise-massnahmenlockerung","status":null,"type":"post","link":"https:\/\/news.save.ch\/de\/bundesrat-schrittweise-massnahmenlockerung\/","title":{"rendered":"Bundesrat: schrittweise Massnahmenlockerung"},"content":{"rendered":"<figure id=\"attachment_5609\" aria-describedby=\"caption-attachment-5609\" style=\"width: 680px\" class=\"wp-caption alignnone\"><img loading=\"lazy\" decoding=\"async\" class=\"size-medium wp-image-5609\" src=\"https:\/\/news.save.ch\/wp-content\/uploads\/2020\/04\/Screenshot_2020-03-16-16-03-2020-Medienkonferenz-des-BR-Conf\u00e9rence-de-presse-du-CF-Conferenza-stampa-del-CF.png\" alt=\"\" width=\"680\" height=\"379\" \/><figcaption id=\"caption-attachment-5609\" class=\"wp-caption-text\">Der Bundesrat lockert ab dem 27. April die Massnahmen zum Schutz der Bev\u00f6lkerung vor dem neuen Coronavirus. \u00a9 Schweizer Bundesregierung<\/figcaption><\/figure>\n<p>Der Schutz des Publikums und der Arbeitnehmenden muss bei dieser <a href=\"https:\/\/news.save.ch\/offener-brief-prof-em-sucharit-bhakdi-zur-corona-krise\/\" target=\"_blank\" rel=\"noopener\">Massnahmenlockerung<\/a> sichergestellt sein. Dies hat der Bundesrat an seiner Sitzung vom 16. April entschieden. Wenn es die Entwicklung der Lage zul\u00e4sst, sollen am 11. Mai die obligatorischen Schulen und die L\u00e4den wieder \u00f6ffnen. Am 8. Juni sollen dann Mittel-, Berufs- und Hochschulen sowie Museen, Zoos und Bibliotheken wieder \u00f6ffnen. Der Bundesrat hat zudem den Schutz besonders gef\u00e4hrdeter Arbeitnehmenden pr\u00e4zisiert.<\/p>\n<p>Aufgrund der epidemischen Entwicklung und gest\u00fctzt auf Empfehlungen der Wissenschaft, lockert der Bundesrat ab dem 27. April die Massnahmen zum Schutz der Bev\u00f6lkerung vor dem neuen Coronavirus. Um Planungssicherheit zu schaffen, gibt er auch bekannt, wie er die weiteren Lockerungsschritte bis Anfang Juni plant.<\/p>\n<p>F\u00fcr die Reihenfolge der Lockerungen hat der Bundesrat mehrere Risikofaktoren ber\u00fccksichtigt. Dazu geh\u00f6ren die Zunahme enger Personenkontakte, die Zunahme von Personenstr\u00f6men, die Zahl der betroffenen vulnerablen Personen oder die M\u00f6glichkeit Schutzmassnahmen zu ergreifen. Zudem hat der Bundesrat den wirtschaftlichen Nutzen der einzelnen Lockerungen bewertet.<\/p>\n<p><strong>Schutz der Gesundheit und Vermindern der wirtschaftlichen Sch\u00e4den<\/strong><br \/>\nDer Bundesrat verfolgt mit der Lockerungsstrategie mehrere Ziele: Er will weiterhin in erster Priorit\u00e4t die Gesundheit der Schweizer Bev\u00f6lkerung sch\u00fctzen, insbesondere der <a href=\"https:\/\/news.save.ch\/welttuberkulosetag-2020-fortschritte-und-ziele\/\" target=\"_blank\" rel=\"noopener\">besonders gef\u00e4hrdeten Personen<\/a>. Die Lockerungen werden durch Schutzkonzepte begleitet. Diese k\u00f6nnen je nach Branche eine Empfehlung oder Pflicht zum Maskentragen beinhalten. Der Bundesrat will weiter die wirtschaftlichen Sch\u00e4den m\u00f6glichst gering halten und die Einschr\u00e4nkungen der Grundrechte wo m\u00f6glich verringern. Die Strategie soll schweizweit einheitlich und unter Ber\u00fccksichtigung der Massnahmen der Nachbarl\u00e4nder umgesetzt werden.<\/p>\n<p><strong>Erste Etappe am 27. April 2020<\/strong><br \/>\nIn der ersten Etappe lockert der Bundesrat ab dem 27. April die Massnahmen bei Einrichtungen, die nur eine geringe Anzahl direkter Kontakte aufweisen, Schutzkonzepte einfach umsetzen k\u00f6nnen und keine bedeutenden Personenstr\u00f6me verursachen. Die Massnahmen im station\u00e4ren medizinischen Bereich werden gelockert, Spit\u00e4ler d\u00fcrfen wieder alle Eingriffe vornehmen. Ebenso k\u00f6nnen ambulante medizinische Praxen ihren normalen Betrieb wiederaufnehmen und wieder s\u00e4mtliche, auch nicht-dringliche Eingriffe vornehmen. Dazu geh\u00f6ren unter anderem Praxen f\u00fcr Zahnmedizin, Physiotherapie und medizinische Massage. Damit sollen auch negative Folgen verhindert werden, die durch einen Verzicht auf Behandlungen und Untersuchungen entstehen k\u00f6nnten.<\/p>\n<p>Betriebe mit personenbezogenen Dienstleistungen mit K\u00f6rperkontakt k\u00f6nnen ebenfalls wieder \u00f6ffnen, zum Beispiel Coiffeurgesch\u00e4fte, Massagepraxen, Tattoo-Studios und Kosmetiksalons. Ge\u00f6ffnet werden auch Bau- und Gartenfachm\u00e4rkte sowie G\u00e4rtnereien und Blumenl\u00e4den. Zudem k\u00f6nnen auch unbediente \u00f6ffentliche Einrichtungen wie Waschanlagen wieder \u00f6ffnen. Schliesslich wird die Limitierung auf den engen Familienkreis bei Beerdigungen wieder aufgehoben.<\/p>\n<p>Ab dem 27. April werden zudem die Sortimentsbeschr\u00e4nkungen in Lebensmittell\u00e4den aufgehoben. Wenn sich G\u00fcter des t\u00e4glichen Bedarfs und weitere G\u00fcter auf der Verkaufsfl\u00e4che der Lebensmittell\u00e4den befinden, d\u00fcrfen sie verkauft werden.<\/p>\n<p><strong>Zweite und dritte Etappe: 11. Mai und 8. Juni 2020<\/strong><br \/>\nIn der zweiten Etappe sollen ab dem 11. Mai die obligatorischen Schulen sowie die Einkaufsl\u00e4den und M\u00e4rkte wieder \u00f6ffnen. Den Entscheid dar\u00fcber will der Bundesrat am 29. April f\u00e4llen. Am 8. Juni sollen in einem dritten Schritt die Mittel-, Berufs- und Hochschulen wieder Pr\u00e4senzveranstaltungen abhalten d\u00fcrfen. Gleichzeitig sollen Unterhaltungs- und Freizeitbetriebe wie Museen, Bibliotheken, botanische G\u00e4rten und Zoos wieder \u00f6ffnen und das Versammlungsverbot gelockert werden. Die Details zu dieser Etappe will der Bundesrat am 27. Mai beschliessen. \u00dcber weitere Etappen hat der Bundesrat noch keine Beschl\u00fcsse gefasst. Ab wann Grossveranstaltungen wieder m\u00f6glich sein werden, entscheidet er in einer seiner n\u00e4chsten Sitzungen.<\/p>\n<p><strong>Etappen je nach Entwicklung der Epidemie<\/strong><br \/>\nDer \u00dcbergang von einer Etappe zur n\u00e4chsten erfolgt dann, wenn es zu keinem deutlichen Anstieg von COVID-19-F\u00e4llen gekommen ist. Zwischen den einzelnen Schritten muss gen\u00fcgend Zeit verstreichen, um die Auswirkungen der Lockerungen beobachten zu k\u00f6nnen. Kriterien sind die Anzahl Neuinfektionen, Spitaleinweisungen und Todesf\u00e4lle sowie die Spitalbelegungszahlen.<\/p>\n<p>Sobald die Fallzahlen in der Schweiz ausreichend gesunken sind, werden die Kantone die konsequente R\u00fcckverfolgung von Infektionsketten wieder aufnehmen: infizierte Personen sollen fr\u00fchzeitig entdeckt, behandelt und isoliert, die \u00dcbertragungsketten eruiert und weitere \u00dcbertragungen verhindert werden. Dazu werden eine erweiterte Teststrategie, ein Contact Tracing-Konzept und eine App entwickelt, die \u00fcber Kontakte mit infizierten Personen informiert. Die Massnahmen zum Abstandhalten und zur Hygiene bleiben g\u00fcltig und wichtig. <a href=\"https:\/\/news.save.ch\/welttuberkulosetag-2020-fortschritte-und-ziele\/\" target=\"_blank\" rel=\"noopener\">Besonders gef\u00e4hrdete Personen<\/a> sollen weiterhin zu Hause bleiben.<\/p>\n<p><strong>Schutz von besonders gef\u00e4hrdeten Arbeitnehmenden<\/strong><br \/>\nBei der schrittweisen \u00d6ffnung gewisser Dienstleistungen und Betriebe sollen besonders gef\u00e4hrdete Arbeitnehmerinnen und Arbeitnehmern umfassend gesch\u00fctzt werden. Der Bundesrat hat deshalb die Definition der besonders gef\u00e4hrdeten Personen und die Schutzmassnahmen pr\u00e4zisiert.<\/p>\n<p>Der Arbeitgeber ist in der Pflicht, besonders gef\u00e4hrdete Personen von <a href=\"https:\/\/news.save.ch\/corona-krise-rechte-pflichten-im-buero-als-arbeitnehmer-im-home-office\/\" target=\"_blank\" rel=\"noopener\">zu Hause aus arbeiten<\/a> zu lassen, wenn n\u00f6tig durch eine angemessene Ersatzarbeit. Ist die Pr\u00e4senz vor Ort unabdingbar, muss der Arbeitgeber die betreffende Person sch\u00fctzen, indem er die Abl\u00e4ufe oder den Arbeitsplatz entsprechend anpasst. Eine besonders gef\u00e4hrdete Person kann eine Arbeit ablehnen, wenn sie die Gesundheitsrisiken als zu hoch erachtet. Ist eine Arbeitsleistung zuhause oder vor Ort nicht m\u00f6glich, hat der Arbeitgeber die Person unter Lohnfortzahlung freizustellen. Der Arbeitgeber kann ein \u00e4rztliches Attest verlangen, das aufzeigt, weshalb eine angestellte Person zu einer besonders gef\u00e4hrdeten Personengruppe geh\u00f6rt.<\/p>\n<p>Der Bundesrat hat aufgrund der epidemiologischen Situation den Kanton Tessin erm\u00e4chtigt, die Einschr\u00e4nkungen von Wirtschaftsbranchen bis am 26. April zu verl\u00e4ngern.<\/p>\n<p>Quelle: <a href=\"https:\/\/www.bag.admin.ch\/bag\/de\/home.html\" target=\"_blank\" rel=\"noopener\">Bundesamt f\u00fcr Gesundheit (BAG)<\/a><\/p>\n","protected":false},"excerpt":{"rendered":"<p>Der Schutz des Publikums und der Arbeitnehmenden muss bei dieser Massnahmenlockerung sichergestellt sein. Dies hat der Bundesrat an seiner Sitzung vom 16. April entschieden. Wenn es die Entwicklung der Lage zul\u00e4sst, sollen am 11. Mai die obligatorischen Schulen und die L\u00e4den wieder \u00f6ffnen. Am 8. Juni sollen dann Mittel-, Berufs- und Hochschulen sowie Museen, Zoos [&hellip;]<\/p>\n","protected":false},"author":1,"featured_media":5609,"comment_status":"closed","ping_status":"closed","sticky":false,"template":"","format":"standard","meta":{"_acf_changed":false,"pgc_sgb_lightbox_settings":"","footnotes":""},"categories":[1,3314],"tags":[172,700,1775,168,149,2349,2500,2509,2669,141],"class_list":["post-5607","post","type-post","status-publish","format-standard","has-post-thumbnail","hentry","category-allgemein","category-health-safety","tag-arbeitssicherheit","tag-bag","tag-betriebliches-gesundheitsmanagement","tag-bundesrat","tag-gesundheitsschutz","tag-kampagnen","tag-management-und-unternehmensfuehrung","tag-massnahmenlockerung","tag-persoenliche-schutzausruestung-psa","tag-praevention"],"acf":[],"hkrextid":null,"publication":null,"issue":null,"workflow":null,"startPage":null,"spitzmarke":null,"_posts_by_tag_page_fields":{"widget_title":"","widget_tags":""},"_at_widget":"1","_yoast_wpseo_primary_category":"2","_yoast_wpseo_focuskw_text_input":"Massnahmenlockerung","_yoast_wpseo_opengraph-image":null,"_yoast_wpseo_opengraph-description":null,"_yoast_wpseo_opengraph-title":null,"enclosure":null,"_yoast_wpseo_twitter-title":null,"_yoast_wpseo_twitter-description":null,"_yoast_wpseo_twitter-image":null,"_wp_old_slug":null,"_yoast_wpseo_title":null,"_yoast_wpseo_canonical":null,"yoast_head":"<!-- This site is optimized with the Yoast SEO plugin v27.5 - https:\/\/yoast.com\/product\/yoast-seo-wordpress\/ -->\n<title>Bundesrat: schrittweise Massnahmenlockerung - Save<\/title>\n<meta name=\"description\" content=\"Der Bundesrat lockert ab dem 27. April die Massnahmen zum Schutz der Bev\u00f6lkerung vor dem neuen Coronavirus.\" \/>\n<meta name=\"robots\" content=\"index, follow, max-snippet:-1, max-image-preview:large, max-video-preview:-1\" \/>\n<link rel=\"canonical\" href=\"https:\/\/news.save.ch\/de\/bundesrat-schrittweise-massnahmenlockerung\/\" \/>\n<meta property=\"og:locale\" content=\"de_DE\" \/>\n<meta property=\"og:type\" content=\"article\" \/>\n<meta property=\"og:title\" content=\"Bundesrat: schrittweise Massnahmenlockerung - Save\" \/>\n<meta property=\"og:description\" content=\"Der Bundesrat lockert ab dem 27. April die Massnahmen zum Schutz der Bev\u00f6lkerung vor dem neuen Coronavirus.\" \/>\n<meta property=\"og:url\" content=\"https:\/\/news.save.ch\/de\/bundesrat-schrittweise-massnahmenlockerung\/\" \/>\n<meta property=\"og:site_name\" content=\"Save\" \/>\n<meta property=\"article:published_time\" content=\"2020-04-16T16:59:31+00:00\" \/>\n<meta property=\"article:modified_time\" content=\"2023-03-14T08:05:30+00:00\" \/>\n<meta name=\"author\" content=\"admin\" \/>\n<meta name=\"twitter:card\" content=\"summary_large_image\" \/>\n<meta name=\"twitter:label1\" content=\"Geschrieben von\" \/>\n\t<meta name=\"twitter:data1\" content=\"admin\" \/>\n\t<meta name=\"twitter:label2\" content=\"Gesch\u00e4tzte Lesezeit\" \/>\n\t<meta name=\"twitter:data2\" content=\"5\u00a0Minuten\" \/>\n<script type=\"application\/ld+json\" class=\"yoast-schema-graph\">{\"@context\":\"https:\\\/\\\/schema.org\",\"@graph\":[{\"@type\":\"Article\",\"@id\":\"https:\\\/\\\/news.save.ch\\\/bundesrat-schrittweise-massnahmenlockerung\\\/#article\",\"isPartOf\":{\"@id\":\"https:\\\/\\\/news.save.ch\\\/bundesrat-schrittweise-massnahmenlockerung\\\/\"},\"author\":{\"name\":\"admin\",\"@id\":\"https:\\\/\\\/news.save.ch\\\/de\\\/#\\\/schema\\\/person\\\/d49e199490bad7c70d64b9ab51142f2b\"},\"headline\":\"Bundesrat: schrittweise Massnahmenlockerung\",\"datePublished\":\"2020-04-16T16:59:31+00:00\",\"dateModified\":\"2023-03-14T08:05:30+00:00\",\"mainEntityOfPage\":{\"@id\":\"https:\\\/\\\/news.save.ch\\\/bundesrat-schrittweise-massnahmenlockerung\\\/\"},\"wordCount\":909,\"publisher\":{\"@id\":\"https:\\\/\\\/news.save.ch\\\/de\\\/#organization\"},\"image\":{\"@id\":\"https:\\\/\\\/news.save.ch\\\/bundesrat-schrittweise-massnahmenlockerung\\\/#primaryimage\"},\"thumbnailUrl\":\"\",\"keywords\":[\"Arbeitssicherheit\",\"BAG\",\"Betriebliches Gesundheitsmanagement\",\"Bundesrat\",\"Gesundheitsschutz\",\"Kampagnen\",\"Management und Unternehmensf\u00fchrung\",\"Massnahmenlockerung\",\"Pers\u00f6nliche Schutzausr\u00fcstung (PSA)\",\"Pr\u00e4vention\"],\"articleSection\":[\"ALLGEMEIN\",\"HEALTH &amp; SAFETY\"],\"inLanguage\":\"de\"},{\"@type\":\"WebPage\",\"@id\":\"https:\\\/\\\/news.save.ch\\\/bundesrat-schrittweise-massnahmenlockerung\\\/\",\"url\":\"https:\\\/\\\/news.save.ch\\\/bundesrat-schrittweise-massnahmenlockerung\\\/\",\"name\":\"Bundesrat: schrittweise Massnahmenlockerung - Save\",\"isPartOf\":{\"@id\":\"https:\\\/\\\/news.save.ch\\\/de\\\/#website\"},\"primaryImageOfPage\":{\"@id\":\"https:\\\/\\\/news.save.ch\\\/bundesrat-schrittweise-massnahmenlockerung\\\/#primaryimage\"},\"image\":{\"@id\":\"https:\\\/\\\/news.save.ch\\\/bundesrat-schrittweise-massnahmenlockerung\\\/#primaryimage\"},\"thumbnailUrl\":\"\",\"datePublished\":\"2020-04-16T16:59:31+00:00\",\"dateModified\":\"2023-03-14T08:05:30+00:00\",\"description\":\"Der Bundesrat lockert ab dem 27. April die Massnahmen zum Schutz der Bev\u00f6lkerung vor dem neuen Coronavirus.\",\"breadcrumb\":{\"@id\":\"https:\\\/\\\/news.save.ch\\\/bundesrat-schrittweise-massnahmenlockerung\\\/#breadcrumb\"},\"inLanguage\":\"de\",\"potentialAction\":[{\"@type\":\"ReadAction\",\"target\":[\"https:\\\/\\\/news.save.ch\\\/bundesrat-schrittweise-massnahmenlockerung\\\/\"]}]},{\"@type\":\"ImageObject\",\"inLanguage\":\"de\",\"@id\":\"https:\\\/\\\/news.save.ch\\\/bundesrat-schrittweise-massnahmenlockerung\\\/#primaryimage\",\"url\":\"\",\"contentUrl\":\"\"},{\"@type\":\"BreadcrumbList\",\"@id\":\"https:\\\/\\\/news.save.ch\\\/bundesrat-schrittweise-massnahmenlockerung\\\/#breadcrumb\",\"itemListElement\":[{\"@type\":\"ListItem\",\"position\":1,\"name\":\"Home\",\"item\":\"https:\\\/\\\/news.save.ch\\\/de\\\/\"},{\"@type\":\"ListItem\",\"position\":2,\"name\":\"Bundesrat: schrittweise Massnahmenlockerung\"}]},{\"@type\":\"WebSite\",\"@id\":\"https:\\\/\\\/news.save.ch\\\/de\\\/#website\",\"url\":\"https:\\\/\\\/news.save.ch\\\/de\\\/\",\"name\":\"Save\",\"description\":\"Schweizer Fachzeitschrift f\u00fcr Sicherheit\",\"publisher\":{\"@id\":\"https:\\\/\\\/news.save.ch\\\/de\\\/#organization\"},\"potentialAction\":[{\"@type\":\"SearchAction\",\"target\":{\"@type\":\"EntryPoint\",\"urlTemplate\":\"https:\\\/\\\/news.save.ch\\\/de\\\/?s={search_term_string}\"},\"query-input\":{\"@type\":\"PropertyValueSpecification\",\"valueRequired\":true,\"valueName\":\"search_term_string\"}}],\"inLanguage\":\"de\"},{\"@type\":\"Organization\",\"@id\":\"https:\\\/\\\/news.save.ch\\\/de\\\/#organization\",\"name\":\"Sicherheitsforum\",\"url\":\"https:\\\/\\\/news.save.ch\\\/de\\\/\",\"logo\":{\"@type\":\"ImageObject\",\"inLanguage\":\"de\",\"@id\":\"https:\\\/\\\/news.save.ch\\\/de\\\/#\\\/schema\\\/logo\\\/image\\\/\",\"url\":\"https:\\\/\\\/news.save.ch\\\/wp-content\\\/uploads\\\/2022\\\/06\\\/Logo_SF_2012.png\",\"contentUrl\":\"https:\\\/\\\/news.save.ch\\\/wp-content\\\/uploads\\\/2022\\\/06\\\/Logo_SF_2012.png\",\"width\":1100,\"height\":91,\"caption\":\"Sicherheitsforum\"},\"image\":{\"@id\":\"https:\\\/\\\/news.save.ch\\\/de\\\/#\\\/schema\\\/logo\\\/image\\\/\"}},{\"@type\":\"Person\",\"@id\":\"https:\\\/\\\/news.save.ch\\\/de\\\/#\\\/schema\\\/person\\\/d49e199490bad7c70d64b9ab51142f2b\",\"name\":\"admin\",\"image\":{\"@type\":\"ImageObject\",\"inLanguage\":\"de\",\"@id\":\"https:\\\/\\\/secure.gravatar.com\\\/avatar\\\/ae2f4d718e6c49043e314ce431e7e645d646302a24a5ef5a8bc8e3f5a032e319?s=96&d=mm&r=g\",\"url\":\"https:\\\/\\\/secure.gravatar.com\\\/avatar\\\/ae2f4d718e6c49043e314ce431e7e645d646302a24a5ef5a8bc8e3f5a032e319?s=96&d=mm&r=g\",\"contentUrl\":\"https:\\\/\\\/secure.gravatar.com\\\/avatar\\\/ae2f4d718e6c49043e314ce431e7e645d646302a24a5ef5a8bc8e3f5a032e319?s=96&d=mm&r=g\",\"caption\":\"admin\"},\"sameAs\":[\"https:\\\/\\\/develop.organisator.galledia.ch\"],\"url\":\"https:\\\/\\\/news.save.ch\\\/de\\\/author\\\/admin\\\/\"}]}<\/script>\n<!-- \/ Yoast SEO plugin. -->","yoast_head_json":{"title":"Bundesrat: schrittweise Massnahmenlockerung - Save","description":"Der Bundesrat lockert ab dem 27. April die Massnahmen zum Schutz der Bev\u00f6lkerung vor dem neuen Coronavirus.","robots":{"index":"index","follow":"follow","max-snippet":"max-snippet:-1","max-image-preview":"max-image-preview:large","max-video-preview":"max-video-preview:-1"},"canonical":"https:\/\/news.save.ch\/de\/bundesrat-schrittweise-massnahmenlockerung\/","og_locale":"de_DE","og_type":"article","og_title":"Bundesrat: schrittweise Massnahmenlockerung - Save","og_description":"Der Bundesrat lockert ab dem 27. April die Massnahmen zum Schutz der Bev\u00f6lkerung vor dem neuen Coronavirus.","og_url":"https:\/\/news.save.ch\/de\/bundesrat-schrittweise-massnahmenlockerung\/","og_site_name":"Save","article_published_time":"2020-04-16T16:59:31+00:00","article_modified_time":"2023-03-14T08:05:30+00:00","author":"admin","twitter_card":"summary_large_image","twitter_misc":{"Geschrieben von":"admin","Gesch\u00e4tzte Lesezeit":"5\u00a0Minuten"},"schema":{"@context":"https:\/\/schema.org","@graph":[{"@type":"Article","@id":"https:\/\/news.save.ch\/bundesrat-schrittweise-massnahmenlockerung\/#article","isPartOf":{"@id":"https:\/\/news.save.ch\/bundesrat-schrittweise-massnahmenlockerung\/"},"author":{"name":"admin","@id":"https:\/\/news.save.ch\/de\/#\/schema\/person\/d49e199490bad7c70d64b9ab51142f2b"},"headline":"Bundesrat: schrittweise Massnahmenlockerung","datePublished":"2020-04-16T16:59:31+00:00","dateModified":"2023-03-14T08:05:30+00:00","mainEntityOfPage":{"@id":"https:\/\/news.save.ch\/bundesrat-schrittweise-massnahmenlockerung\/"},"wordCount":909,"publisher":{"@id":"https:\/\/news.save.ch\/de\/#organization"},"image":{"@id":"https:\/\/news.save.ch\/bundesrat-schrittweise-massnahmenlockerung\/#primaryimage"},"thumbnailUrl":"","keywords":["Arbeitssicherheit","BAG","Betriebliches Gesundheitsmanagement","Bundesrat","Gesundheitsschutz","Kampagnen","Management und Unternehmensf\u00fchrung","Massnahmenlockerung","Pers\u00f6nliche Schutzausr\u00fcstung (PSA)","Pr\u00e4vention"],"articleSection":["ALLGEMEIN","HEALTH &amp; SAFETY"],"inLanguage":"de"},{"@type":"WebPage","@id":"https:\/\/news.save.ch\/bundesrat-schrittweise-massnahmenlockerung\/","url":"https:\/\/news.save.ch\/bundesrat-schrittweise-massnahmenlockerung\/","name":"Bundesrat: schrittweise Massnahmenlockerung - Save","isPartOf":{"@id":"https:\/\/news.save.ch\/de\/#website"},"primaryImageOfPage":{"@id":"https:\/\/news.save.ch\/bundesrat-schrittweise-massnahmenlockerung\/#primaryimage"},"image":{"@id":"https:\/\/news.save.ch\/bundesrat-schrittweise-massnahmenlockerung\/#primaryimage"},"thumbnailUrl":"","datePublished":"2020-04-16T16:59:31+00:00","dateModified":"2023-03-14T08:05:30+00:00","description":"Der Bundesrat lockert ab dem 27. April die Massnahmen zum Schutz der Bev\u00f6lkerung vor dem neuen Coronavirus.","breadcrumb":{"@id":"https:\/\/news.save.ch\/bundesrat-schrittweise-massnahmenlockerung\/#breadcrumb"},"inLanguage":"de","potentialAction":[{"@type":"ReadAction","target":["https:\/\/news.save.ch\/bundesrat-schrittweise-massnahmenlockerung\/"]}]},{"@type":"ImageObject","inLanguage":"de","@id":"https:\/\/news.save.ch\/bundesrat-schrittweise-massnahmenlockerung\/#primaryimage","url":"","contentUrl":""},{"@type":"BreadcrumbList","@id":"https:\/\/news.save.ch\/bundesrat-schrittweise-massnahmenlockerung\/#breadcrumb","itemListElement":[{"@type":"ListItem","position":1,"name":"Home","item":"https:\/\/news.save.ch\/de\/"},{"@type":"ListItem","position":2,"name":"Bundesrat: schrittweise Massnahmenlockerung"}]},{"@type":"WebSite","@id":"https:\/\/news.save.ch\/de\/#website","url":"https:\/\/news.save.ch\/de\/","name":"Save","description":"Schweizer Fachzeitschrift f\u00fcr Sicherheit","publisher":{"@id":"https:\/\/news.save.ch\/de\/#organization"},"potentialAction":[{"@type":"SearchAction","target":{"@type":"EntryPoint","urlTemplate":"https:\/\/news.save.ch\/de\/?s={search_term_string}"},"query-input":{"@type":"PropertyValueSpecification","valueRequired":true,"valueName":"search_term_string"}}],"inLanguage":"de"},{"@type":"Organization","@id":"https:\/\/news.save.ch\/de\/#organization","name":"Sicherheitsforum","url":"https:\/\/news.save.ch\/de\/","logo":{"@type":"ImageObject","inLanguage":"de","@id":"https:\/\/news.save.ch\/de\/#\/schema\/logo\/image\/","url":"https:\/\/news.save.ch\/wp-content\/uploads\/2022\/06\/Logo_SF_2012.png","contentUrl":"https:\/\/news.save.ch\/wp-content\/uploads\/2022\/06\/Logo_SF_2012.png","width":1100,"height":91,"caption":"Sicherheitsforum"},"image":{"@id":"https:\/\/news.save.ch\/de\/#\/schema\/logo\/image\/"}},{"@type":"Person","@id":"https:\/\/news.save.ch\/de\/#\/schema\/person\/d49e199490bad7c70d64b9ab51142f2b","name":"admin","image":{"@type":"ImageObject","inLanguage":"de","@id":"https:\/\/secure.gravatar.com\/avatar\/ae2f4d718e6c49043e314ce431e7e645d646302a24a5ef5a8bc8e3f5a032e319?s=96&d=mm&r=g","url":"https:\/\/secure.gravatar.com\/avatar\/ae2f4d718e6c49043e314ce431e7e645d646302a24a5ef5a8bc8e3f5a032e319?s=96&d=mm&r=g","contentUrl":"https:\/\/secure.gravatar.com\/avatar\/ae2f4d718e6c49043e314ce431e7e645d646302a24a5ef5a8bc8e3f5a032e319?s=96&d=mm&r=g","caption":"admin"},"sameAs":["https:\/\/develop.organisator.galledia.ch"],"url":"https:\/\/news.save.ch\/de\/author\/admin\/"}]}},"_links":{"self":[{"href":"https:\/\/news.save.ch\/de\/wp-json\/wp\/v2\/posts\/5607","targetHints":{"allow":["GET"]}}],"collection":[{"href":"https:\/\/news.save.ch\/de\/wp-json\/wp\/v2\/posts"}],"about":[{"href":"https:\/\/news.save.ch\/de\/wp-json\/wp\/v2\/types\/post"}],"author":[{"embeddable":true,"href":"https:\/\/news.save.ch\/de\/wp-json\/wp\/v2\/users\/1"}],"replies":[{"embeddable":true,"href":"https:\/\/news.save.ch\/de\/wp-json\/wp\/v2\/comments?post=5607"}],"version-history":[{"count":1,"href":"https:\/\/news.save.ch\/de\/wp-json\/wp\/v2\/posts\/5607\/revisions"}],"predecessor-version":[{"id":18203,"href":"https:\/\/news.save.ch\/de\/wp-json\/wp\/v2\/posts\/5607\/revisions\/18203"}],"wp:featuredmedia":[{"embeddable":true,"href":"https:\/\/news.save.ch\/de\/wp-json\/wp\/v2\/posts\/5609"}],"wp:attachment":[{"href":"https:\/\/news.save.ch\/de\/wp-json\/wp\/v2\/media?parent=5607"}],"wp:term":[{"taxonomy":"category","embeddable":true,"href":"https:\/\/news.save.ch\/de\/wp-json\/wp\/v2\/categories?post=5607"},{"taxonomy":"post_tag","embeddable":true,"href":"https:\/\/news.save.ch\/de\/wp-json\/wp\/v2\/tags?post=5607"}],"curies":[{"name":"wp","href":"https:\/\/api.w.org\/{rel}","templated":true}]}}