{"id":5624,"date":"2020-05-11T08:00:56","date_gmt":"2020-05-11T06:00:56","guid":{"rendered":"https:\/\/news.save.ch\/?p=5624"},"modified":"2023-03-14T09:03:48","modified_gmt":"2023-03-14T08:03:48","slug":"schulen-gehen-wieder-auf-fahrzeuglenkende-muessen-doppelt-aufpassen","status":null,"type":"post","link":"https:\/\/news.save.ch\/de\/schulen-gehen-wieder-auf-fahrzeuglenkende-muessen-doppelt-aufpassen\/","title":{"rendered":"Schulen gehen wieder auf &#8211; Fahrzeuglenkende m\u00fcssen doppelt aufpassen"},"content":{"rendered":"<figure id=\"attachment_5625\" aria-describedby=\"caption-attachment-5625\" style=\"width: 680px\" class=\"wp-caption alignnone\"><img loading=\"lazy\" decoding=\"async\" class=\"size-medium wp-image-5625\" src=\"http:\/\/develop.safety-plus.ch\/wp-content\/uploads\/2020\/05\/Depositphotos_modfos.jpg\" alt=\"\" width=\"680\" height=\"447\" \/><figcaption id=\"caption-attachment-5625\" class=\"wp-caption-text\">Fahrzeuglenkende m\u00fcssen wissen, dass sich Kinder dabei oft \u00fcberraschend verhalten und sich so in Gefahr bringen. \u00a9 Depositphotos\/modfos<\/figcaption><\/figure>\n<p>Seit die Schulen Mitte M\u00e4rz geschlossen wurden, sind deutlich weniger <a href=\"https:\/\/news.save.ch\/achtung-kinder-ueberraschen-auf-der-strasse\/\" target=\"_blank\" rel=\"noopener\">Kinder<\/a> auf und entlang der Strassen unterwegs. Ab Montag werden die Autofahrerinnen und Autofahrer auf ihren Fahrten wieder Kindern auf dem Schulweg begegnen. Die BFU macht alle Verkehrsteilnehmenden darauf aufmerksam, dass sich Kinder auf dem Trottoir und auf der Strasse oft \u00fcberraschend verhalten.<\/p>\n<p>F\u00fcr Kinder ist der Schulweg ein besonderes Erlebnis. Sie spielen, toben herum und haben sich nach der langen Zeit, in der sie sich nicht sehen konnten, sicher viel zu erz\u00e4hlen. Dass entlang der Strasse Gefahren lauern, geht dabei schnell vergessen. Pro Jahr gibt es im Schweizer <a href=\"https:\/\/news.save.ch\/unfaelle-im-strassenverkehr-junge-erwachsene-besonders-gefaehrdet\/\" target=\"_blank\" rel=\"noopener\">Strassenverkehr<\/a> total 950\u00a0Unf\u00e4lle mit Kindern, die zu Fuss, mit dem Velo oder dem Trottinett unterwegs sind. Dabei werden 180\u00a0Kinder schwer verletzt, durchschnittlich 7\u00a0Kinder sterben. 40\u00a0% dieser Unf\u00e4lle ereignen sich auf dem Schulweg, und das nicht nur zu Beginn des Schuljahres \u2013 darum ist auch jetzt Vorsicht geboten.<\/p>\n<p><strong>Suche nach den \u00fcberraschendsten Kindern<\/strong><\/p>\n<p>Kinder bewegen sich oft in ihrer Fantasiewelt. Sie brauchen also unsere volle <a href=\"https:\/\/news.save.ch\/neues-bfu-sicherheitsbarometer-zur-verkehrssicherheit\/\" target=\"_blank\" rel=\"noopener\">Aufmerksamkeit<\/a> im Strassenverkehr, aber nicht nur dort. Sie verdienen sie auch sonst: Die BFU sucht unter allen Kindern \u00dcberraschungsk\u00fcnstlerinnen und -k\u00fcnstler und zeigt, dass Unerwartetes fernab der Strasse durchaus erw\u00fcnscht ist. Die Kinder d\u00fcrfen mit einem selbstgedrehten Video beweisen, was sie k\u00f6nnen.<\/p>\n<p>Auch wenn flinke Finger auf dem Klavier und pr\u00e4zise Fussballsch\u00fcsse Eindruck schinden \u2013 bei diesem Videowettbewerb punktet man mit dem Faktor \u00dcberraschung. Das geht mit ganz einfachen Ideen und braucht keine jahrelange \u00dcbung. Wer kann die Augenbrauen tanzen lassen? Mit den Ohren wackeln? Einen Zaubertrick vorf\u00fchren? Kinder zwischen vier und zw\u00f6lf Jahren haben bis zum 10.\u00a0Juli Zeit, ihr Video einzusenden. Alle Informationen gibt es auf <a href=\"https:\/\/www.doppelt-aufpassen.ch\/\">doppelt-aufpassen.ch.<\/a><\/p>\n<p>F\u00fcnf Tipps an Fahrzeuglenkerinnen und -lenker, damit der Schulweg sicherer wird:<\/p>\n<ul>\n<li>Bei Kindern mit allem rechnen<\/li>\n<li>Tempo verlangsamen<\/li>\n<li>Bremsbereit sein<\/li>\n<li>Am Fussg\u00e4ngerstreifen ganz anhalten<\/li>\n<li>Rund um Schulen doppelt aufpassen<\/li>\n<\/ul>\n<p><strong>\u00a0<\/strong><strong>Weitere Infos:<\/strong><\/p>\n<p><a href=\"https:\/\/www.bfu.ch\/de\/dossiers\/kinder-im-strassenverkehr\" target=\"_blank\" rel=\"noopener\">www.bfu.ch<\/a><\/p>\n","protected":false},"excerpt":{"rendered":"<p>Seit die Schulen Mitte M\u00e4rz geschlossen wurden, sind deutlich weniger Kinder auf und entlang der Strassen unterwegs. Ab Montag werden die Autofahrerinnen und Autofahrer auf ihren Fahrten wieder Kindern auf dem Schulweg begegnen. Die BFU macht alle Verkehrsteilnehmenden darauf aufmerksam, dass sich Kinder auf dem Trottoir und auf der Strasse oft \u00fcberraschend verhalten. F\u00fcr Kinder [&hellip;]<\/p>\n","protected":false},"author":1,"featured_media":5625,"comment_status":"closed","ping_status":"closed","sticky":false,"template":"","format":"standard","meta":{"_acf_changed":false,"pgc_sgb_lightbox_settings":"","footnotes":""},"categories":[1,3314],"tags":[952,2132,2362,141,2862,327,3135,3186,3294],"class_list":["post-5624","post","type-post","status-publish","format-standard","has-post-thumbnail","hentry","category-allgemein","category-health-safety","tag-bfu","tag-gefahren","tag-kinder","tag-praevention","tag-schulweg","tag-strassenverkehr","tag-unfaelle","tag-verkehrsunfall","tag-zu-fuss"],"acf":[],"hkrextid":null,"publication":null,"issue":null,"workflow":null,"startPage":null,"spitzmarke":null,"_posts_by_tag_page_fields":{"widget_title":"","widget_tags":""},"_at_widget":"1","_yoast_wpseo_primary_category":"1","_yoast_wpseo_focuskw_text_input":"Schule","_yoast_wpseo_opengraph-image":null,"_yoast_wpseo_opengraph-description":null,"_yoast_wpseo_opengraph-title":null,"enclosure":null,"_yoast_wpseo_twitter-title":null,"_yoast_wpseo_twitter-description":null,"_yoast_wpseo_twitter-image":null,"_wp_old_slug":null,"_yoast_wpseo_title":null,"_yoast_wpseo_canonical":null,"yoast_head":"<!-- This site is optimized with the Yoast SEO plugin v27.4 - https:\/\/yoast.com\/product\/yoast-seo-wordpress\/ -->\n<title>Schulen gehen wieder auf - Fahrzeuglenkende m\u00fcssen doppelt aufpassen - Save<\/title>\n<meta name=\"description\" content=\"Nach mehreren Wochen Homeschooling werden ab Montag wieder viele Kinder auf ihrem Schulweg unterwegs sein.\" \/>\n<meta name=\"robots\" content=\"index, follow, max-snippet:-1, max-image-preview:large, max-video-preview:-1\" \/>\n<link rel=\"canonical\" href=\"https:\/\/news.save.ch\/de\/schulen-gehen-wieder-auf-fahrzeuglenkende-muessen-doppelt-aufpassen\/\" \/>\n<meta property=\"og:locale\" content=\"de_DE\" \/>\n<meta property=\"og:type\" content=\"article\" \/>\n<meta property=\"og:title\" content=\"Schulen gehen wieder auf - Fahrzeuglenkende m\u00fcssen doppelt aufpassen - Save\" \/>\n<meta property=\"og:description\" content=\"Nach mehreren Wochen Homeschooling werden ab Montag wieder viele Kinder auf ihrem Schulweg unterwegs sein.\" \/>\n<meta property=\"og:url\" content=\"https:\/\/news.save.ch\/de\/schulen-gehen-wieder-auf-fahrzeuglenkende-muessen-doppelt-aufpassen\/\" \/>\n<meta property=\"og:site_name\" content=\"Save\" \/>\n<meta property=\"article:published_time\" content=\"2020-05-11T06:00:56+00:00\" \/>\n<meta property=\"article:modified_time\" content=\"2023-03-14T08:03:48+00:00\" \/>\n<meta property=\"og:image\" content=\"https:\/\/news.save.ch\/wp-content\/uploads\/2020\/05\/Depositphotos_modfos-scaled-1.jpg\" \/>\n\t<meta property=\"og:image:width\" content=\"1200\" \/>\n\t<meta property=\"og:image:height\" content=\"789\" \/>\n\t<meta property=\"og:image:type\" content=\"image\/jpeg\" \/>\n<meta name=\"author\" content=\"admin\" \/>\n<meta name=\"twitter:card\" content=\"summary_large_image\" \/>\n<meta name=\"twitter:label1\" content=\"Geschrieben von\" \/>\n\t<meta name=\"twitter:data1\" content=\"admin\" \/>\n\t<meta name=\"twitter:label2\" content=\"Gesch\u00e4tzte Lesezeit\" \/>\n\t<meta name=\"twitter:data2\" content=\"2\u00a0Minuten\" \/>\n<script type=\"application\/ld+json\" class=\"yoast-schema-graph\">{\"@context\":\"https:\\\/\\\/schema.org\",\"@graph\":[{\"@type\":\"Article\",\"@id\":\"https:\\\/\\\/news.save.ch\\\/schulen-gehen-wieder-auf-fahrzeuglenkende-muessen-doppelt-aufpassen\\\/#article\",\"isPartOf\":{\"@id\":\"https:\\\/\\\/news.save.ch\\\/schulen-gehen-wieder-auf-fahrzeuglenkende-muessen-doppelt-aufpassen\\\/\"},\"author\":{\"name\":\"admin\",\"@id\":\"https:\\\/\\\/news.save.ch\\\/de\\\/#\\\/schema\\\/person\\\/d49e199490bad7c70d64b9ab51142f2b\"},\"headline\":\"Schulen gehen wieder auf &#8211; Fahrzeuglenkende m\u00fcssen doppelt aufpassen\",\"datePublished\":\"2020-05-11T06:00:56+00:00\",\"dateModified\":\"2023-03-14T08:03:48+00:00\",\"mainEntityOfPage\":{\"@id\":\"https:\\\/\\\/news.save.ch\\\/schulen-gehen-wieder-auf-fahrzeuglenkende-muessen-doppelt-aufpassen\\\/\"},\"wordCount\":355,\"publisher\":{\"@id\":\"https:\\\/\\\/news.save.ch\\\/de\\\/#organization\"},\"image\":{\"@id\":\"https:\\\/\\\/news.save.ch\\\/schulen-gehen-wieder-auf-fahrzeuglenkende-muessen-doppelt-aufpassen\\\/#primaryimage\"},\"thumbnailUrl\":\"https:\\\/\\\/news.save.ch\\\/wp-content\\\/uploads\\\/2020\\\/05\\\/Depositphotos_modfos-scaled-1.jpg\",\"keywords\":[\"BFU\",\"Gefahren\",\"Kinder\",\"Pr\u00e4vention\",\"Schulweg\",\"Strassenverkehr\",\"Unf\u00e4lle\",\"Verkehrsunfall\",\"zu Fuss\"],\"articleSection\":[\"ALLGEMEIN\",\"HEALTH &amp; SAFETY\"],\"inLanguage\":\"de\"},{\"@type\":\"WebPage\",\"@id\":\"https:\\\/\\\/news.save.ch\\\/schulen-gehen-wieder-auf-fahrzeuglenkende-muessen-doppelt-aufpassen\\\/\",\"url\":\"https:\\\/\\\/news.save.ch\\\/schulen-gehen-wieder-auf-fahrzeuglenkende-muessen-doppelt-aufpassen\\\/\",\"name\":\"Schulen gehen wieder auf - Fahrzeuglenkende m\u00fcssen doppelt aufpassen - Save\",\"isPartOf\":{\"@id\":\"https:\\\/\\\/news.save.ch\\\/de\\\/#website\"},\"primaryImageOfPage\":{\"@id\":\"https:\\\/\\\/news.save.ch\\\/schulen-gehen-wieder-auf-fahrzeuglenkende-muessen-doppelt-aufpassen\\\/#primaryimage\"},\"image\":{\"@id\":\"https:\\\/\\\/news.save.ch\\\/schulen-gehen-wieder-auf-fahrzeuglenkende-muessen-doppelt-aufpassen\\\/#primaryimage\"},\"thumbnailUrl\":\"https:\\\/\\\/news.save.ch\\\/wp-content\\\/uploads\\\/2020\\\/05\\\/Depositphotos_modfos-scaled-1.jpg\",\"datePublished\":\"2020-05-11T06:00:56+00:00\",\"dateModified\":\"2023-03-14T08:03:48+00:00\",\"description\":\"Nach mehreren Wochen Homeschooling werden ab Montag wieder viele Kinder auf ihrem Schulweg unterwegs sein.\",\"breadcrumb\":{\"@id\":\"https:\\\/\\\/news.save.ch\\\/schulen-gehen-wieder-auf-fahrzeuglenkende-muessen-doppelt-aufpassen\\\/#breadcrumb\"},\"inLanguage\":\"de\",\"potentialAction\":[{\"@type\":\"ReadAction\",\"target\":[\"https:\\\/\\\/news.save.ch\\\/schulen-gehen-wieder-auf-fahrzeuglenkende-muessen-doppelt-aufpassen\\\/\"]}]},{\"@type\":\"ImageObject\",\"inLanguage\":\"de\",\"@id\":\"https:\\\/\\\/news.save.ch\\\/schulen-gehen-wieder-auf-fahrzeuglenkende-muessen-doppelt-aufpassen\\\/#primaryimage\",\"url\":\"https:\\\/\\\/news.save.ch\\\/wp-content\\\/uploads\\\/2020\\\/05\\\/Depositphotos_modfos-scaled-1.jpg\",\"contentUrl\":\"https:\\\/\\\/news.save.ch\\\/wp-content\\\/uploads\\\/2020\\\/05\\\/Depositphotos_modfos-scaled-1.jpg\",\"width\":1200,\"height\":789,\"caption\":\"Fahrzeuglenkende m\u00fcssen wissen, dass sich Kinder dabei oft \u00fcberraschend verhalten und sich so in Gefahr bringen. \u00a9 Depositphotos\\\/modfos\"},{\"@type\":\"BreadcrumbList\",\"@id\":\"https:\\\/\\\/news.save.ch\\\/schulen-gehen-wieder-auf-fahrzeuglenkende-muessen-doppelt-aufpassen\\\/#breadcrumb\",\"itemListElement\":[{\"@type\":\"ListItem\",\"position\":1,\"name\":\"Home\",\"item\":\"https:\\\/\\\/news.save.ch\\\/de\\\/\"},{\"@type\":\"ListItem\",\"position\":2,\"name\":\"Schulen gehen wieder auf &#8211; Fahrzeuglenkende m\u00fcssen doppelt aufpassen\"}]},{\"@type\":\"WebSite\",\"@id\":\"https:\\\/\\\/news.save.ch\\\/de\\\/#website\",\"url\":\"https:\\\/\\\/news.save.ch\\\/de\\\/\",\"name\":\"Save\",\"description\":\"Schweizer Fachzeitschrift f\u00fcr Sicherheit\",\"publisher\":{\"@id\":\"https:\\\/\\\/news.save.ch\\\/de\\\/#organization\"},\"potentialAction\":[{\"@type\":\"SearchAction\",\"target\":{\"@type\":\"EntryPoint\",\"urlTemplate\":\"https:\\\/\\\/news.save.ch\\\/de\\\/?s={search_term_string}\"},\"query-input\":{\"@type\":\"PropertyValueSpecification\",\"valueRequired\":true,\"valueName\":\"search_term_string\"}}],\"inLanguage\":\"de\"},{\"@type\":\"Organization\",\"@id\":\"https:\\\/\\\/news.save.ch\\\/de\\\/#organization\",\"name\":\"Sicherheitsforum\",\"url\":\"https:\\\/\\\/news.save.ch\\\/de\\\/\",\"logo\":{\"@type\":\"ImageObject\",\"inLanguage\":\"de\",\"@id\":\"https:\\\/\\\/news.save.ch\\\/de\\\/#\\\/schema\\\/logo\\\/image\\\/\",\"url\":\"https:\\\/\\\/news.save.ch\\\/wp-content\\\/uploads\\\/2022\\\/06\\\/Logo_SF_2012.png\",\"contentUrl\":\"https:\\\/\\\/news.save.ch\\\/wp-content\\\/uploads\\\/2022\\\/06\\\/Logo_SF_2012.png\",\"width\":1100,\"height\":91,\"caption\":\"Sicherheitsforum\"},\"image\":{\"@id\":\"https:\\\/\\\/news.save.ch\\\/de\\\/#\\\/schema\\\/logo\\\/image\\\/\"}},{\"@type\":\"Person\",\"@id\":\"https:\\\/\\\/news.save.ch\\\/de\\\/#\\\/schema\\\/person\\\/d49e199490bad7c70d64b9ab51142f2b\",\"name\":\"admin\",\"image\":{\"@type\":\"ImageObject\",\"inLanguage\":\"de\",\"@id\":\"https:\\\/\\\/secure.gravatar.com\\\/avatar\\\/ae2f4d718e6c49043e314ce431e7e645d646302a24a5ef5a8bc8e3f5a032e319?s=96&d=mm&r=g\",\"url\":\"https:\\\/\\\/secure.gravatar.com\\\/avatar\\\/ae2f4d718e6c49043e314ce431e7e645d646302a24a5ef5a8bc8e3f5a032e319?s=96&d=mm&r=g\",\"contentUrl\":\"https:\\\/\\\/secure.gravatar.com\\\/avatar\\\/ae2f4d718e6c49043e314ce431e7e645d646302a24a5ef5a8bc8e3f5a032e319?s=96&d=mm&r=g\",\"caption\":\"admin\"},\"sameAs\":[\"https:\\\/\\\/develop.organisator.galledia.ch\"],\"url\":\"https:\\\/\\\/news.save.ch\\\/de\\\/author\\\/admin\\\/\"}]}<\/script>\n<!-- \/ Yoast SEO plugin. -->","yoast_head_json":{"title":"Schulen gehen wieder auf - Fahrzeuglenkende m\u00fcssen doppelt aufpassen - Save","description":"Nach mehreren Wochen Homeschooling werden ab Montag wieder viele Kinder auf ihrem Schulweg unterwegs sein.","robots":{"index":"index","follow":"follow","max-snippet":"max-snippet:-1","max-image-preview":"max-image-preview:large","max-video-preview":"max-video-preview:-1"},"canonical":"https:\/\/news.save.ch\/de\/schulen-gehen-wieder-auf-fahrzeuglenkende-muessen-doppelt-aufpassen\/","og_locale":"de_DE","og_type":"article","og_title":"Schulen gehen wieder auf - Fahrzeuglenkende m\u00fcssen doppelt aufpassen - Save","og_description":"Nach mehreren Wochen Homeschooling werden ab Montag wieder viele Kinder auf ihrem Schulweg unterwegs sein.","og_url":"https:\/\/news.save.ch\/de\/schulen-gehen-wieder-auf-fahrzeuglenkende-muessen-doppelt-aufpassen\/","og_site_name":"Save","article_published_time":"2020-05-11T06:00:56+00:00","article_modified_time":"2023-03-14T08:03:48+00:00","og_image":[{"width":1200,"height":789,"url":"https:\/\/news.save.ch\/wp-content\/uploads\/2020\/05\/Depositphotos_modfos-scaled-1.jpg","type":"image\/jpeg"}],"author":"admin","twitter_card":"summary_large_image","twitter_misc":{"Geschrieben von":"admin","Gesch\u00e4tzte Lesezeit":"2\u00a0Minuten"},"schema":{"@context":"https:\/\/schema.org","@graph":[{"@type":"Article","@id":"https:\/\/news.save.ch\/schulen-gehen-wieder-auf-fahrzeuglenkende-muessen-doppelt-aufpassen\/#article","isPartOf":{"@id":"https:\/\/news.save.ch\/schulen-gehen-wieder-auf-fahrzeuglenkende-muessen-doppelt-aufpassen\/"},"author":{"name":"admin","@id":"https:\/\/news.save.ch\/de\/#\/schema\/person\/d49e199490bad7c70d64b9ab51142f2b"},"headline":"Schulen gehen wieder auf &#8211; Fahrzeuglenkende m\u00fcssen doppelt aufpassen","datePublished":"2020-05-11T06:00:56+00:00","dateModified":"2023-03-14T08:03:48+00:00","mainEntityOfPage":{"@id":"https:\/\/news.save.ch\/schulen-gehen-wieder-auf-fahrzeuglenkende-muessen-doppelt-aufpassen\/"},"wordCount":355,"publisher":{"@id":"https:\/\/news.save.ch\/de\/#organization"},"image":{"@id":"https:\/\/news.save.ch\/schulen-gehen-wieder-auf-fahrzeuglenkende-muessen-doppelt-aufpassen\/#primaryimage"},"thumbnailUrl":"https:\/\/news.save.ch\/wp-content\/uploads\/2020\/05\/Depositphotos_modfos-scaled-1.jpg","keywords":["BFU","Gefahren","Kinder","Pr\u00e4vention","Schulweg","Strassenverkehr","Unf\u00e4lle","Verkehrsunfall","zu Fuss"],"articleSection":["ALLGEMEIN","HEALTH &amp; SAFETY"],"inLanguage":"de"},{"@type":"WebPage","@id":"https:\/\/news.save.ch\/schulen-gehen-wieder-auf-fahrzeuglenkende-muessen-doppelt-aufpassen\/","url":"https:\/\/news.save.ch\/schulen-gehen-wieder-auf-fahrzeuglenkende-muessen-doppelt-aufpassen\/","name":"Schulen gehen wieder auf - Fahrzeuglenkende m\u00fcssen doppelt aufpassen - Save","isPartOf":{"@id":"https:\/\/news.save.ch\/de\/#website"},"primaryImageOfPage":{"@id":"https:\/\/news.save.ch\/schulen-gehen-wieder-auf-fahrzeuglenkende-muessen-doppelt-aufpassen\/#primaryimage"},"image":{"@id":"https:\/\/news.save.ch\/schulen-gehen-wieder-auf-fahrzeuglenkende-muessen-doppelt-aufpassen\/#primaryimage"},"thumbnailUrl":"https:\/\/news.save.ch\/wp-content\/uploads\/2020\/05\/Depositphotos_modfos-scaled-1.jpg","datePublished":"2020-05-11T06:00:56+00:00","dateModified":"2023-03-14T08:03:48+00:00","description":"Nach mehreren Wochen Homeschooling werden ab Montag wieder viele Kinder auf ihrem Schulweg unterwegs sein.","breadcrumb":{"@id":"https:\/\/news.save.ch\/schulen-gehen-wieder-auf-fahrzeuglenkende-muessen-doppelt-aufpassen\/#breadcrumb"},"inLanguage":"de","potentialAction":[{"@type":"ReadAction","target":["https:\/\/news.save.ch\/schulen-gehen-wieder-auf-fahrzeuglenkende-muessen-doppelt-aufpassen\/"]}]},{"@type":"ImageObject","inLanguage":"de","@id":"https:\/\/news.save.ch\/schulen-gehen-wieder-auf-fahrzeuglenkende-muessen-doppelt-aufpassen\/#primaryimage","url":"https:\/\/news.save.ch\/wp-content\/uploads\/2020\/05\/Depositphotos_modfos-scaled-1.jpg","contentUrl":"https:\/\/news.save.ch\/wp-content\/uploads\/2020\/05\/Depositphotos_modfos-scaled-1.jpg","width":1200,"height":789,"caption":"Fahrzeuglenkende m\u00fcssen wissen, dass sich Kinder dabei oft \u00fcberraschend verhalten und sich so in Gefahr bringen. \u00a9 Depositphotos\/modfos"},{"@type":"BreadcrumbList","@id":"https:\/\/news.save.ch\/schulen-gehen-wieder-auf-fahrzeuglenkende-muessen-doppelt-aufpassen\/#breadcrumb","itemListElement":[{"@type":"ListItem","position":1,"name":"Home","item":"https:\/\/news.save.ch\/de\/"},{"@type":"ListItem","position":2,"name":"Schulen gehen wieder auf &#8211; Fahrzeuglenkende m\u00fcssen doppelt aufpassen"}]},{"@type":"WebSite","@id":"https:\/\/news.save.ch\/de\/#website","url":"https:\/\/news.save.ch\/de\/","name":"Save","description":"Schweizer Fachzeitschrift f\u00fcr Sicherheit","publisher":{"@id":"https:\/\/news.save.ch\/de\/#organization"},"potentialAction":[{"@type":"SearchAction","target":{"@type":"EntryPoint","urlTemplate":"https:\/\/news.save.ch\/de\/?s={search_term_string}"},"query-input":{"@type":"PropertyValueSpecification","valueRequired":true,"valueName":"search_term_string"}}],"inLanguage":"de"},{"@type":"Organization","@id":"https:\/\/news.save.ch\/de\/#organization","name":"Sicherheitsforum","url":"https:\/\/news.save.ch\/de\/","logo":{"@type":"ImageObject","inLanguage":"de","@id":"https:\/\/news.save.ch\/de\/#\/schema\/logo\/image\/","url":"https:\/\/news.save.ch\/wp-content\/uploads\/2022\/06\/Logo_SF_2012.png","contentUrl":"https:\/\/news.save.ch\/wp-content\/uploads\/2022\/06\/Logo_SF_2012.png","width":1100,"height":91,"caption":"Sicherheitsforum"},"image":{"@id":"https:\/\/news.save.ch\/de\/#\/schema\/logo\/image\/"}},{"@type":"Person","@id":"https:\/\/news.save.ch\/de\/#\/schema\/person\/d49e199490bad7c70d64b9ab51142f2b","name":"admin","image":{"@type":"ImageObject","inLanguage":"de","@id":"https:\/\/secure.gravatar.com\/avatar\/ae2f4d718e6c49043e314ce431e7e645d646302a24a5ef5a8bc8e3f5a032e319?s=96&d=mm&r=g","url":"https:\/\/secure.gravatar.com\/avatar\/ae2f4d718e6c49043e314ce431e7e645d646302a24a5ef5a8bc8e3f5a032e319?s=96&d=mm&r=g","contentUrl":"https:\/\/secure.gravatar.com\/avatar\/ae2f4d718e6c49043e314ce431e7e645d646302a24a5ef5a8bc8e3f5a032e319?s=96&d=mm&r=g","caption":"admin"},"sameAs":["https:\/\/develop.organisator.galledia.ch"],"url":"https:\/\/news.save.ch\/de\/author\/admin\/"}]}},"_links":{"self":[{"href":"https:\/\/news.save.ch\/de\/wp-json\/wp\/v2\/posts\/5624","targetHints":{"allow":["GET"]}}],"collection":[{"href":"https:\/\/news.save.ch\/de\/wp-json\/wp\/v2\/posts"}],"about":[{"href":"https:\/\/news.save.ch\/de\/wp-json\/wp\/v2\/types\/post"}],"author":[{"embeddable":true,"href":"https:\/\/news.save.ch\/de\/wp-json\/wp\/v2\/users\/1"}],"replies":[{"embeddable":true,"href":"https:\/\/news.save.ch\/de\/wp-json\/wp\/v2\/comments?post=5624"}],"version-history":[{"count":1,"href":"https:\/\/news.save.ch\/de\/wp-json\/wp\/v2\/posts\/5624\/revisions"}],"predecessor-version":[{"id":18916,"href":"https:\/\/news.save.ch\/de\/wp-json\/wp\/v2\/posts\/5624\/revisions\/18916"}],"wp:featuredmedia":[{"embeddable":true,"href":"https:\/\/news.save.ch\/de\/wp-json\/wp\/v2\/media\/5625"}],"wp:attachment":[{"href":"https:\/\/news.save.ch\/de\/wp-json\/wp\/v2\/media?parent=5624"}],"wp:term":[{"taxonomy":"category","embeddable":true,"href":"https:\/\/news.save.ch\/de\/wp-json\/wp\/v2\/categories?post=5624"},{"taxonomy":"post_tag","embeddable":true,"href":"https:\/\/news.save.ch\/de\/wp-json\/wp\/v2\/tags?post=5624"}],"curies":[{"name":"wp","href":"https:\/\/api.w.org\/{rel}","templated":true}]}}