{"id":5636,"date":"2020-05-15T08:00:33","date_gmt":"2020-05-15T06:00:33","guid":{"rendered":"https:\/\/news.save.ch\/?p=5636"},"modified":"2023-03-14T09:03:47","modified_gmt":"2023-03-14T08:03:47","slug":"praktische-ratschlaege-zum-reisen-in-der-schweiz","status":null,"type":"post","link":"https:\/\/news.save.ch\/de\/praktische-ratschlaege-zum-reisen-in-der-schweiz\/","title":{"rendered":"Praktische Ratschl\u00e4ge zum Reisen in der Schweiz"},"content":{"rendered":"<figure id=\"attachment_5637\" aria-describedby=\"caption-attachment-5637\" style=\"width: 680px\" class=\"wp-caption alignnone\"><img loading=\"lazy\" decoding=\"async\" class=\"size-medium wp-image-5637\" src=\"http:\/\/develop.safety-plus.ch\/wp-content\/uploads\/2020\/05\/Depositphotos_monkeybusiness.jpg\" alt=\"\" width=\"680\" height=\"453\" \/><figcaption id=\"caption-attachment-5637\" class=\"wp-caption-text\">Die Gesichtsmaske ist beim Velofahren \u00fcberfl\u00fcssig. \u00a9 Depositphotos\/monkeybusiness<\/figcaption><\/figure>\n<p>Die wichtigsten \u00f6ffentlichen Verkehrsunternehmen der Schweiz haben angek\u00fcndigt, ab Montag ihren Fahrrhythmus wieder zu erh\u00f6hen, sodass das Reisen innerhalb der Schweiz wieder einfacher sein wird. Das Risiko einer neuen Covid-19-Ansteckungswelle besteht jedoch weiterhin. Die Erh\u00f6hung des Verkehrsangebots wird deshalb von pr\u00e4ventiven gesundheitlichen Massnahmen begleitet, welche die Mitte M\u00e4rz eingef\u00fchrten Regeln erg\u00e4nzen. Der TCS begleitet seine Mitglieder im Einklang mit den vom <a href=\"https:\/\/news.save.ch\/neue-hygiene-und-verhaltensregeln-zum-schutz-gegen-das-neue-coronavirus\/\" target=\"_blank\" rel=\"noopener\">BAG<\/a> auferlegten Massnahmen und empfiehlt, diese unabh\u00e4ngig vom gew\u00e4hlten Fortbewegungsmittel zu beachten. Es wird weiterhin dringend geraten, sich nicht mit den H\u00e4nden in das Gesicht zu fassen und sich die H\u00e4nde regelm\u00e4ssig zu waschen.<\/p>\n<p><strong>Zu Fuss Gehen ist gesund<br \/>\n<\/strong>Es ist empfohlen, Strecken so oft wie m\u00f6glich zu Fuss zu zur\u00fcckzulegen &#8211; auch weil die k\u00f6rperliche Bet\u00e4tigung gesundheitsf\u00f6rdernd ist. Dr. Markus Luethi, Arzt beim TCS, empfiehlt allgemein k\u00f6rperliche Anstrengung: &#8222;Das Kreislaufsystem in Bewegung halten, also zu st\u00e4rken, ist ein wichtiges Mittel, um bei guter <a href=\"https:\/\/news.save.ch\/coronavirus-einkaufstourismus-bleibt-verboten\/\" target=\"_blank\" rel=\"noopener\">Gesundheit<\/a> zu bleiben. Ein gesundes und widerstandsf\u00e4higes kardiovaskul\u00e4res System hilft schwere Krankheiten zu \u00fcberwinden und beschleunigt die Erholung. Das Tragen von Gesichtsmasken ist empfohlen, wenn der gebotene Abstand zwischen Personen, die nicht im gleichen Haushalt wohnen, nicht eingehalten werden kann.\u201c<\/p>\n<p><strong>Die Gesichtsmaske ist beim Velofahren \u00fcberfl\u00fcssig<br \/>\n<\/strong>Beim Velofahren muss ein Abstand von zwei Metern zu anderen <a href=\"https:\/\/news.save.ch\/verkehrssicherheit-todesfaelle-nehmen-deutlich-ab\/\" target=\"_blank\" rel=\"noopener\">Fahrradfahrern<\/a> eingehalten werden, aber das Tragen einer Gesichtsmaske wird nicht empfohlen. Dr. Markus Luethi ruft in Erinnerung, dass die Hygieneregeln eingehalten werden m\u00fcssen, auch wenn es keinen direkten physischen Kontakt zu anderen Personen gibt: &#8222;Man muss um seine pers\u00f6nliche <a href=\"https:\/\/news.save.ch\/einweghandtuecher-bieten-beste-hygiene\/\" target=\"_blank\" rel=\"noopener\">Hygiene<\/a> besorgt sein, nachdem man zum Beispiel die Lenkstange seines Fahrrads ber\u00fchrt hat. Es gilt vor allem, die H\u00e4nde sorgf\u00e4ltig zu waschen und sich nicht ins Gesicht zu fassen.&#8220; Der TCS empfiehlt ebenfalls, regelm\u00e4ssig die Lenkstange und alle ber\u00fchrten Teile des Velos mit Seife zu s\u00e4ubern, um so jeglicher Ansteckungsgefahr entgegenzuwirken.<\/p>\n<p><strong>Weitere Infos<\/strong><\/p>\n<p><a href=\"https:\/\/www.tcs.ch\/de\/der-tcs\/presse\/medienmitteilungen-2020\/praktische-ratschlaege-zum-reisen-ab-dem-11.-mai.php\" target=\"_blank\" rel=\"noopener\">www.tcs.ch<\/a><\/p>\n","protected":false},"excerpt":{"rendered":"<p>Die wichtigsten \u00f6ffentlichen Verkehrsunternehmen der Schweiz haben angek\u00fcndigt, ab Montag ihren Fahrrhythmus wieder zu erh\u00f6hen, sodass das Reisen innerhalb der Schweiz wieder einfacher sein wird. Das Risiko einer neuen Covid-19-Ansteckungswelle besteht jedoch weiterhin. Die Erh\u00f6hung des Verkehrsangebots wird deshalb von pr\u00e4ventiven gesundheitlichen Massnahmen begleitet, welche die Mitte M\u00e4rz eingef\u00fchrten Regeln erg\u00e4nzen. Der TCS begleitet seine [&hellip;]<\/p>\n","protected":false},"author":1,"featured_media":5637,"comment_status":"closed","ping_status":"closed","sticky":false,"template":"","format":"standard","meta":{"_acf_changed":false,"pgc_sgb_lightbox_settings":"","footnotes":""},"categories":[1,3314],"tags":[700,1775,168,632,2165,149,141],"class_list":["post-5636","post","type-post","status-publish","format-standard","has-post-thumbnail","hentry","category-allgemein","category-health-safety","tag-bag","tag-betriebliches-gesundheitsmanagement","tag-bundesrat","tag-covid-19","tag-gesundheitsfoerderung","tag-gesundheitsschutz","tag-praevention"],"acf":[],"hkrextid":null,"publication":null,"issue":null,"workflow":null,"startPage":null,"spitzmarke":null,"_posts_by_tag_page_fields":{"widget_title":"","widget_tags":""},"_at_widget":"1","_yoast_wpseo_primary_category":"1","_yoast_wpseo_focuskw_text_input":"Reisen","_yoast_wpseo_opengraph-image":null,"_yoast_wpseo_opengraph-description":null,"_yoast_wpseo_opengraph-title":null,"enclosure":null,"_yoast_wpseo_twitter-title":null,"_yoast_wpseo_twitter-description":null,"_yoast_wpseo_twitter-image":null,"_wp_old_slug":null,"_yoast_wpseo_title":null,"_yoast_wpseo_canonical":null,"yoast_head":"<!-- This site is optimized with the Yoast SEO plugin v27.5 - https:\/\/yoast.com\/product\/yoast-seo-wordpress\/ -->\n<title>Praktische Ratschl\u00e4ge zum Reisen in der Schweiz - Save<\/title>\n<meta name=\"description\" content=\"Die Schweizer Bev\u00f6lkerung kann sich wieder freier bewegen, da das Angebot des \u00f6ffentlichen Verkehrs wieder hochgefahren wird.\" \/>\n<meta name=\"robots\" content=\"index, follow, max-snippet:-1, max-image-preview:large, max-video-preview:-1\" \/>\n<link rel=\"canonical\" href=\"https:\/\/news.save.ch\/de\/praktische-ratschlaege-zum-reisen-in-der-schweiz\/\" \/>\n<meta property=\"og:locale\" content=\"de_DE\" \/>\n<meta property=\"og:type\" content=\"article\" \/>\n<meta property=\"og:title\" content=\"Praktische Ratschl\u00e4ge zum Reisen in der Schweiz - Save\" \/>\n<meta property=\"og:description\" content=\"Die Schweizer Bev\u00f6lkerung kann sich wieder freier bewegen, da das Angebot des \u00f6ffentlichen Verkehrs wieder hochgefahren wird.\" \/>\n<meta property=\"og:url\" content=\"https:\/\/news.save.ch\/de\/praktische-ratschlaege-zum-reisen-in-der-schweiz\/\" \/>\n<meta property=\"og:site_name\" content=\"Save\" \/>\n<meta property=\"article:published_time\" content=\"2020-05-15T06:00:33+00:00\" \/>\n<meta property=\"article:modified_time\" content=\"2023-03-14T08:03:47+00:00\" \/>\n<meta property=\"og:image\" content=\"https:\/\/news.save.ch\/wp-content\/uploads\/2020\/05\/Depositphotos_monkeybusiness-scaled-1.jpg\" \/>\n\t<meta property=\"og:image:width\" content=\"1200\" \/>\n\t<meta property=\"og:image:height\" content=\"800\" \/>\n\t<meta property=\"og:image:type\" content=\"image\/jpeg\" \/>\n<meta name=\"author\" content=\"admin\" \/>\n<meta name=\"twitter:card\" content=\"summary_large_image\" \/>\n<meta name=\"twitter:label1\" content=\"Geschrieben von\" \/>\n\t<meta name=\"twitter:data1\" content=\"admin\" \/>\n\t<meta name=\"twitter:label2\" content=\"Gesch\u00e4tzte Lesezeit\" \/>\n\t<meta name=\"twitter:data2\" content=\"2\u00a0Minuten\" \/>\n<script type=\"application\/ld+json\" class=\"yoast-schema-graph\">{\"@context\":\"https:\\\/\\\/schema.org\",\"@graph\":[{\"@type\":\"Article\",\"@id\":\"https:\\\/\\\/news.save.ch\\\/praktische-ratschlaege-zum-reisen-in-der-schweiz\\\/#article\",\"isPartOf\":{\"@id\":\"https:\\\/\\\/news.save.ch\\\/praktische-ratschlaege-zum-reisen-in-der-schweiz\\\/\"},\"author\":{\"name\":\"admin\",\"@id\":\"https:\\\/\\\/news.save.ch\\\/de\\\/#\\\/schema\\\/person\\\/d49e199490bad7c70d64b9ab51142f2b\"},\"headline\":\"Praktische Ratschl\u00e4ge zum Reisen in der Schweiz\",\"datePublished\":\"2020-05-15T06:00:33+00:00\",\"dateModified\":\"2023-03-14T08:03:47+00:00\",\"mainEntityOfPage\":{\"@id\":\"https:\\\/\\\/news.save.ch\\\/praktische-ratschlaege-zum-reisen-in-der-schweiz\\\/\"},\"wordCount\":351,\"publisher\":{\"@id\":\"https:\\\/\\\/news.save.ch\\\/de\\\/#organization\"},\"image\":{\"@id\":\"https:\\\/\\\/news.save.ch\\\/praktische-ratschlaege-zum-reisen-in-der-schweiz\\\/#primaryimage\"},\"thumbnailUrl\":\"https:\\\/\\\/news.save.ch\\\/wp-content\\\/uploads\\\/2020\\\/05\\\/Depositphotos_monkeybusiness-scaled-1.jpg\",\"keywords\":[\"BAG\",\"Betriebliches Gesundheitsmanagement\",\"Bundesrat\",\"Covid-19\",\"Gesundheitsf\u00f6rderung\",\"Gesundheitsschutz\",\"Pr\u00e4vention\"],\"articleSection\":[\"ALLGEMEIN\",\"HEALTH &amp; SAFETY\"],\"inLanguage\":\"de\"},{\"@type\":\"WebPage\",\"@id\":\"https:\\\/\\\/news.save.ch\\\/praktische-ratschlaege-zum-reisen-in-der-schweiz\\\/\",\"url\":\"https:\\\/\\\/news.save.ch\\\/praktische-ratschlaege-zum-reisen-in-der-schweiz\\\/\",\"name\":\"Praktische Ratschl\u00e4ge zum Reisen in der Schweiz - Save\",\"isPartOf\":{\"@id\":\"https:\\\/\\\/news.save.ch\\\/de\\\/#website\"},\"primaryImageOfPage\":{\"@id\":\"https:\\\/\\\/news.save.ch\\\/praktische-ratschlaege-zum-reisen-in-der-schweiz\\\/#primaryimage\"},\"image\":{\"@id\":\"https:\\\/\\\/news.save.ch\\\/praktische-ratschlaege-zum-reisen-in-der-schweiz\\\/#primaryimage\"},\"thumbnailUrl\":\"https:\\\/\\\/news.save.ch\\\/wp-content\\\/uploads\\\/2020\\\/05\\\/Depositphotos_monkeybusiness-scaled-1.jpg\",\"datePublished\":\"2020-05-15T06:00:33+00:00\",\"dateModified\":\"2023-03-14T08:03:47+00:00\",\"description\":\"Die Schweizer Bev\u00f6lkerung kann sich wieder freier bewegen, da das Angebot des \u00f6ffentlichen Verkehrs wieder hochgefahren wird.\",\"breadcrumb\":{\"@id\":\"https:\\\/\\\/news.save.ch\\\/praktische-ratschlaege-zum-reisen-in-der-schweiz\\\/#breadcrumb\"},\"inLanguage\":\"de\",\"potentialAction\":[{\"@type\":\"ReadAction\",\"target\":[\"https:\\\/\\\/news.save.ch\\\/praktische-ratschlaege-zum-reisen-in-der-schweiz\\\/\"]}]},{\"@type\":\"ImageObject\",\"inLanguage\":\"de\",\"@id\":\"https:\\\/\\\/news.save.ch\\\/praktische-ratschlaege-zum-reisen-in-der-schweiz\\\/#primaryimage\",\"url\":\"https:\\\/\\\/news.save.ch\\\/wp-content\\\/uploads\\\/2020\\\/05\\\/Depositphotos_monkeybusiness-scaled-1.jpg\",\"contentUrl\":\"https:\\\/\\\/news.save.ch\\\/wp-content\\\/uploads\\\/2020\\\/05\\\/Depositphotos_monkeybusiness-scaled-1.jpg\",\"width\":1200,\"height\":800,\"caption\":\"Die Gesichtsmaske ist beim Velofahren \u00fcberfl\u00fcssig. \u00a9 Depositphotos\\\/monkeybusiness\"},{\"@type\":\"BreadcrumbList\",\"@id\":\"https:\\\/\\\/news.save.ch\\\/praktische-ratschlaege-zum-reisen-in-der-schweiz\\\/#breadcrumb\",\"itemListElement\":[{\"@type\":\"ListItem\",\"position\":1,\"name\":\"Home\",\"item\":\"https:\\\/\\\/news.save.ch\\\/de\\\/\"},{\"@type\":\"ListItem\",\"position\":2,\"name\":\"Praktische Ratschl\u00e4ge zum Reisen in der Schweiz\"}]},{\"@type\":\"WebSite\",\"@id\":\"https:\\\/\\\/news.save.ch\\\/de\\\/#website\",\"url\":\"https:\\\/\\\/news.save.ch\\\/de\\\/\",\"name\":\"Save\",\"description\":\"Schweizer Fachzeitschrift f\u00fcr Sicherheit\",\"publisher\":{\"@id\":\"https:\\\/\\\/news.save.ch\\\/de\\\/#organization\"},\"potentialAction\":[{\"@type\":\"SearchAction\",\"target\":{\"@type\":\"EntryPoint\",\"urlTemplate\":\"https:\\\/\\\/news.save.ch\\\/de\\\/?s={search_term_string}\"},\"query-input\":{\"@type\":\"PropertyValueSpecification\",\"valueRequired\":true,\"valueName\":\"search_term_string\"}}],\"inLanguage\":\"de\"},{\"@type\":\"Organization\",\"@id\":\"https:\\\/\\\/news.save.ch\\\/de\\\/#organization\",\"name\":\"Sicherheitsforum\",\"url\":\"https:\\\/\\\/news.save.ch\\\/de\\\/\",\"logo\":{\"@type\":\"ImageObject\",\"inLanguage\":\"de\",\"@id\":\"https:\\\/\\\/news.save.ch\\\/de\\\/#\\\/schema\\\/logo\\\/image\\\/\",\"url\":\"https:\\\/\\\/news.save.ch\\\/wp-content\\\/uploads\\\/2022\\\/06\\\/Logo_SF_2012.png\",\"contentUrl\":\"https:\\\/\\\/news.save.ch\\\/wp-content\\\/uploads\\\/2022\\\/06\\\/Logo_SF_2012.png\",\"width\":1100,\"height\":91,\"caption\":\"Sicherheitsforum\"},\"image\":{\"@id\":\"https:\\\/\\\/news.save.ch\\\/de\\\/#\\\/schema\\\/logo\\\/image\\\/\"}},{\"@type\":\"Person\",\"@id\":\"https:\\\/\\\/news.save.ch\\\/de\\\/#\\\/schema\\\/person\\\/d49e199490bad7c70d64b9ab51142f2b\",\"name\":\"admin\",\"image\":{\"@type\":\"ImageObject\",\"inLanguage\":\"de\",\"@id\":\"https:\\\/\\\/secure.gravatar.com\\\/avatar\\\/ae2f4d718e6c49043e314ce431e7e645d646302a24a5ef5a8bc8e3f5a032e319?s=96&d=mm&r=g\",\"url\":\"https:\\\/\\\/secure.gravatar.com\\\/avatar\\\/ae2f4d718e6c49043e314ce431e7e645d646302a24a5ef5a8bc8e3f5a032e319?s=96&d=mm&r=g\",\"contentUrl\":\"https:\\\/\\\/secure.gravatar.com\\\/avatar\\\/ae2f4d718e6c49043e314ce431e7e645d646302a24a5ef5a8bc8e3f5a032e319?s=96&d=mm&r=g\",\"caption\":\"admin\"},\"sameAs\":[\"https:\\\/\\\/develop.organisator.galledia.ch\"],\"url\":\"https:\\\/\\\/news.save.ch\\\/de\\\/author\\\/admin\\\/\"}]}<\/script>\n<!-- \/ Yoast SEO plugin. -->","yoast_head_json":{"title":"Praktische Ratschl\u00e4ge zum Reisen in der Schweiz - Save","description":"Die Schweizer Bev\u00f6lkerung kann sich wieder freier bewegen, da das Angebot des \u00f6ffentlichen Verkehrs wieder hochgefahren wird.","robots":{"index":"index","follow":"follow","max-snippet":"max-snippet:-1","max-image-preview":"max-image-preview:large","max-video-preview":"max-video-preview:-1"},"canonical":"https:\/\/news.save.ch\/de\/praktische-ratschlaege-zum-reisen-in-der-schweiz\/","og_locale":"de_DE","og_type":"article","og_title":"Praktische Ratschl\u00e4ge zum Reisen in der Schweiz - Save","og_description":"Die Schweizer Bev\u00f6lkerung kann sich wieder freier bewegen, da das Angebot des \u00f6ffentlichen Verkehrs wieder hochgefahren wird.","og_url":"https:\/\/news.save.ch\/de\/praktische-ratschlaege-zum-reisen-in-der-schweiz\/","og_site_name":"Save","article_published_time":"2020-05-15T06:00:33+00:00","article_modified_time":"2023-03-14T08:03:47+00:00","og_image":[{"width":1200,"height":800,"url":"https:\/\/news.save.ch\/wp-content\/uploads\/2020\/05\/Depositphotos_monkeybusiness-scaled-1.jpg","type":"image\/jpeg"}],"author":"admin","twitter_card":"summary_large_image","twitter_misc":{"Geschrieben von":"admin","Gesch\u00e4tzte Lesezeit":"2\u00a0Minuten"},"schema":{"@context":"https:\/\/schema.org","@graph":[{"@type":"Article","@id":"https:\/\/news.save.ch\/praktische-ratschlaege-zum-reisen-in-der-schweiz\/#article","isPartOf":{"@id":"https:\/\/news.save.ch\/praktische-ratschlaege-zum-reisen-in-der-schweiz\/"},"author":{"name":"admin","@id":"https:\/\/news.save.ch\/de\/#\/schema\/person\/d49e199490bad7c70d64b9ab51142f2b"},"headline":"Praktische Ratschl\u00e4ge zum Reisen in der Schweiz","datePublished":"2020-05-15T06:00:33+00:00","dateModified":"2023-03-14T08:03:47+00:00","mainEntityOfPage":{"@id":"https:\/\/news.save.ch\/praktische-ratschlaege-zum-reisen-in-der-schweiz\/"},"wordCount":351,"publisher":{"@id":"https:\/\/news.save.ch\/de\/#organization"},"image":{"@id":"https:\/\/news.save.ch\/praktische-ratschlaege-zum-reisen-in-der-schweiz\/#primaryimage"},"thumbnailUrl":"https:\/\/news.save.ch\/wp-content\/uploads\/2020\/05\/Depositphotos_monkeybusiness-scaled-1.jpg","keywords":["BAG","Betriebliches Gesundheitsmanagement","Bundesrat","Covid-19","Gesundheitsf\u00f6rderung","Gesundheitsschutz","Pr\u00e4vention"],"articleSection":["ALLGEMEIN","HEALTH &amp; SAFETY"],"inLanguage":"de"},{"@type":"WebPage","@id":"https:\/\/news.save.ch\/praktische-ratschlaege-zum-reisen-in-der-schweiz\/","url":"https:\/\/news.save.ch\/praktische-ratschlaege-zum-reisen-in-der-schweiz\/","name":"Praktische Ratschl\u00e4ge zum Reisen in der Schweiz - Save","isPartOf":{"@id":"https:\/\/news.save.ch\/de\/#website"},"primaryImageOfPage":{"@id":"https:\/\/news.save.ch\/praktische-ratschlaege-zum-reisen-in-der-schweiz\/#primaryimage"},"image":{"@id":"https:\/\/news.save.ch\/praktische-ratschlaege-zum-reisen-in-der-schweiz\/#primaryimage"},"thumbnailUrl":"https:\/\/news.save.ch\/wp-content\/uploads\/2020\/05\/Depositphotos_monkeybusiness-scaled-1.jpg","datePublished":"2020-05-15T06:00:33+00:00","dateModified":"2023-03-14T08:03:47+00:00","description":"Die Schweizer Bev\u00f6lkerung kann sich wieder freier bewegen, da das Angebot des \u00f6ffentlichen Verkehrs wieder hochgefahren wird.","breadcrumb":{"@id":"https:\/\/news.save.ch\/praktische-ratschlaege-zum-reisen-in-der-schweiz\/#breadcrumb"},"inLanguage":"de","potentialAction":[{"@type":"ReadAction","target":["https:\/\/news.save.ch\/praktische-ratschlaege-zum-reisen-in-der-schweiz\/"]}]},{"@type":"ImageObject","inLanguage":"de","@id":"https:\/\/news.save.ch\/praktische-ratschlaege-zum-reisen-in-der-schweiz\/#primaryimage","url":"https:\/\/news.save.ch\/wp-content\/uploads\/2020\/05\/Depositphotos_monkeybusiness-scaled-1.jpg","contentUrl":"https:\/\/news.save.ch\/wp-content\/uploads\/2020\/05\/Depositphotos_monkeybusiness-scaled-1.jpg","width":1200,"height":800,"caption":"Die Gesichtsmaske ist beim Velofahren \u00fcberfl\u00fcssig. \u00a9 Depositphotos\/monkeybusiness"},{"@type":"BreadcrumbList","@id":"https:\/\/news.save.ch\/praktische-ratschlaege-zum-reisen-in-der-schweiz\/#breadcrumb","itemListElement":[{"@type":"ListItem","position":1,"name":"Home","item":"https:\/\/news.save.ch\/de\/"},{"@type":"ListItem","position":2,"name":"Praktische Ratschl\u00e4ge zum Reisen in der Schweiz"}]},{"@type":"WebSite","@id":"https:\/\/news.save.ch\/de\/#website","url":"https:\/\/news.save.ch\/de\/","name":"Save","description":"Schweizer Fachzeitschrift f\u00fcr Sicherheit","publisher":{"@id":"https:\/\/news.save.ch\/de\/#organization"},"potentialAction":[{"@type":"SearchAction","target":{"@type":"EntryPoint","urlTemplate":"https:\/\/news.save.ch\/de\/?s={search_term_string}"},"query-input":{"@type":"PropertyValueSpecification","valueRequired":true,"valueName":"search_term_string"}}],"inLanguage":"de"},{"@type":"Organization","@id":"https:\/\/news.save.ch\/de\/#organization","name":"Sicherheitsforum","url":"https:\/\/news.save.ch\/de\/","logo":{"@type":"ImageObject","inLanguage":"de","@id":"https:\/\/news.save.ch\/de\/#\/schema\/logo\/image\/","url":"https:\/\/news.save.ch\/wp-content\/uploads\/2022\/06\/Logo_SF_2012.png","contentUrl":"https:\/\/news.save.ch\/wp-content\/uploads\/2022\/06\/Logo_SF_2012.png","width":1100,"height":91,"caption":"Sicherheitsforum"},"image":{"@id":"https:\/\/news.save.ch\/de\/#\/schema\/logo\/image\/"}},{"@type":"Person","@id":"https:\/\/news.save.ch\/de\/#\/schema\/person\/d49e199490bad7c70d64b9ab51142f2b","name":"admin","image":{"@type":"ImageObject","inLanguage":"de","@id":"https:\/\/secure.gravatar.com\/avatar\/ae2f4d718e6c49043e314ce431e7e645d646302a24a5ef5a8bc8e3f5a032e319?s=96&d=mm&r=g","url":"https:\/\/secure.gravatar.com\/avatar\/ae2f4d718e6c49043e314ce431e7e645d646302a24a5ef5a8bc8e3f5a032e319?s=96&d=mm&r=g","contentUrl":"https:\/\/secure.gravatar.com\/avatar\/ae2f4d718e6c49043e314ce431e7e645d646302a24a5ef5a8bc8e3f5a032e319?s=96&d=mm&r=g","caption":"admin"},"sameAs":["https:\/\/develop.organisator.galledia.ch"],"url":"https:\/\/news.save.ch\/de\/author\/admin\/"}]}},"_links":{"self":[{"href":"https:\/\/news.save.ch\/de\/wp-json\/wp\/v2\/posts\/5636","targetHints":{"allow":["GET"]}}],"collection":[{"href":"https:\/\/news.save.ch\/de\/wp-json\/wp\/v2\/posts"}],"about":[{"href":"https:\/\/news.save.ch\/de\/wp-json\/wp\/v2\/types\/post"}],"author":[{"embeddable":true,"href":"https:\/\/news.save.ch\/de\/wp-json\/wp\/v2\/users\/1"}],"replies":[{"embeddable":true,"href":"https:\/\/news.save.ch\/de\/wp-json\/wp\/v2\/comments?post=5636"}],"version-history":[{"count":1,"href":"https:\/\/news.save.ch\/de\/wp-json\/wp\/v2\/posts\/5636\/revisions"}],"predecessor-version":[{"id":18595,"href":"https:\/\/news.save.ch\/de\/wp-json\/wp\/v2\/posts\/5636\/revisions\/18595"}],"wp:featuredmedia":[{"embeddable":true,"href":"https:\/\/news.save.ch\/de\/wp-json\/wp\/v2\/media\/5637"}],"wp:attachment":[{"href":"https:\/\/news.save.ch\/de\/wp-json\/wp\/v2\/media?parent=5636"}],"wp:term":[{"taxonomy":"category","embeddable":true,"href":"https:\/\/news.save.ch\/de\/wp-json\/wp\/v2\/categories?post=5636"},{"taxonomy":"post_tag","embeddable":true,"href":"https:\/\/news.save.ch\/de\/wp-json\/wp\/v2\/tags?post=5636"}],"curies":[{"name":"wp","href":"https:\/\/api.w.org\/{rel}","templated":true}]}}