{"id":5731,"date":"2017-12-06T07:23:58","date_gmt":"2017-12-06T06:23:58","guid":{"rendered":"https:\/\/news.save.ch\/?p=5731"},"modified":"2017-12-06T07:23:58","modified_gmt":"2017-12-06T06:23:58","slug":"bevoelkerungsschutz-zukunftsorientierte-alarmierung-und-kommunikation","status":null,"type":"post","link":"https:\/\/news.save.ch\/de\/bevoelkerungsschutz-zukunftsorientierte-alarmierung-und-kommunikation\/","title":{"rendered":"Bev\u00f6lkerungsschutz: Alarmierung und Kommunikation erneuern"},"content":{"rendered":"<figure id=\"attachment_5737\" aria-describedby=\"caption-attachment-5737\" style=\"width: 680px\" class=\"wp-caption aligncenter\"><img loading=\"lazy\" decoding=\"async\" class=\"size-medium wp-image-5737\" src=\"https:\/\/news.save.ch\/wp-content\/uploads\/2017\/12\/Fotolia_135362175_S.jpg\" alt=\"\" width=\"680\" height=\"378\" srcset=\"https:\/\/news.save.ch\/wp-content\/uploads\/2017\/12\/Fotolia_135362175_S.jpg 929w, https:\/\/news.save.ch\/wp-content\/uploads\/2017\/12\/Fotolia_135362175_S-375x209.jpg 375w\" sizes=\"auto, (max-width: 680px) 100vw, 680px\" \/><figcaption id=\"caption-attachment-5737\" class=\"wp-caption-text\">fotolia, chrisroosfotografieSempach,<\/figcaption><\/figure>\n<p>Die Beh\u00f6rden und die F\u00fchrungs- und Einsatzorganisationen im Bev\u00f6lkerungsschutz sind im Wesentlichen auf die Nutzung \u00f6ffentlicher Netze angewiesen. Deren Sicherheit und Verf\u00fcgbarkeit ist nicht in jedem Fall gew\u00e4hrleistet. Der Bundesrat will diese Sicherheitsdefizite beheben. Er hat dazu eine Auslegeordnung, die das VBS in Zusammenarbeit mit Vertretern der Kantone in seinem Auftrag erstellt hat, zur Kenntnis genommen und Massnahmen beschlossen.<\/p>\n<p><strong>Stromausfallsicherheit und Schutz vor Cyberattacken<\/strong><\/p>\n<p>Um die Ausfallsicherheit der Telekommunikationssysteme und des breitbandigen Datenaustausches der Sicherheitsbeh\u00f6rden, F\u00fchrungsorgane und Betreiber kritischer Infrastrukturen sowie den Schutz vor Cyberangriffen zu erh\u00f6hen, will der Bundesrat ein nationales sicheres Datenverbundsystem aufbauen. Es besteht aus dem kabelgebundenen sicheren Datenverbundnetz (SDVN), dem Datenzugangssystem Polydata und einem Datenkommunikationssystem als Abl\u00f6sung f\u00fcr das veraltete System Vulpus.<\/p>\n<p>Das VBS wurde beauftragt, die Botschaft zu einem entsprechenden Verpflichtungskredit bis Ende 2018 vorzulegen und dabei die Kantone und weitere betroffene Bundesstellen einzubeziehen. Zu diesem Zeitpunkt wird voraussichtlich auch die Botschaft zur Revision des Bev\u00f6lkerungs- und Zivilschutzgesetzes vorliegen.<\/p>\n<p><strong>Lageverbund Schweiz und drahtlose Breitbandkommunikation<\/strong><\/p>\n<p>Im Fall von Katastrophen und Notlagen ben\u00f6tigen die zust\u00e4ndigen Beh\u00f6rden und F\u00fchrungsorgane als Grundlage f\u00fcr die Entscheidungsfindung und F\u00fchrungsf\u00e4higkeit ein m\u00f6glichst vollst\u00e4ndiges und sicheres Lagebild. Momentan erarbeiten Kantone, Bundesstellen, Betreiber von kritischen Infrastrukturen und weitere Stellen mit verschiedenen elektronischen F\u00fchrungssystemen spezielle, auf ihre jeweilige Aufgaben bezogene \u00dcbersichten. Es w\u00e4re sinnvoll, diese Informationen k\u00fcnftig in einem nationalen Lageverbundsystem zusammenzuf\u00fchren. Damit w\u00fcrde es m\u00f6glich, allen Nutzern ein konsolidiertes Lagebild zur Verf\u00fcgung zu stellen.<\/p>\n<p>Der Einsatz von Smartphones, Tablets und Laptops ist bei Blaulichtorganisationen heute Standard. Die Beh\u00f6rden sowie die F\u00fchrungs- und Einsatzorganisationen im Bev\u00f6lkerungsschutz ben\u00f6tigen f\u00fcr ihre Eins\u00e4tze stabile Verbindungen mit garantierter Verf\u00fcgbarkeit, die resistent gegen Netz\u00fcberlastung sind. Zudem ist nicht die gesamte Schweiz durch kommerzielle Breitbanddienste erschlossen. Ein Ausbau der drahtlosen Breitbandkommunikation \u2013 auf der Basis bestehender \u00f6ffentlicher Mobilfunkinfrastrukturen \u2013 k\u00f6nnte den sicheren Datenaustausch f\u00fcr die Einsatzorganisationen auch mobil gew\u00e4hrleisten. Anders als beim heute genutzten Funksystem w\u00e4re damit in allen Lagen auch der Austausch von Bilddaten sowie der Zugriff auf Datenbanken, zum Beispiel f\u00fcr die Fahndung oder auf weitere Fachapplikationen, m\u00f6glich.<\/p>\n<p>F\u00fcr ein solches Lageverbundsystem und die drahtlose Breitbandkommunikation hat der Bundesrat das VBS beauftragt, zusammen mit den betroffenen Bundesstellen und den Kantonen weitere konzeptionelle und technische Abkl\u00e4rungen vorzunehmen. <em>Quelle: Bund<\/em><\/p>\n<p><a href=\"https:\/\/www.newsd.admin.ch\/newsd\/message\/attachments\/50628.pdf\"><em>Hier geht es zum Bericht zur Zukunft der Alarmierungs- und Telekommunikationssysteme f\u00fcr den Bev\u00f6lkerungsschutz<\/em><\/a><\/p>\n","protected":false},"excerpt":{"rendered":"<p>Die Beh\u00f6rden und die F\u00fchrungs- und Einsatzorganisationen im Bev\u00f6lkerungsschutz sind im Wesentlichen auf die Nutzung \u00f6ffentlicher Netze angewiesen. Deren Sicherheit und Verf\u00fcgbarkeit ist nicht in jedem Fall gew\u00e4hrleistet. Der Bundesrat will diese Sicherheitsdefizite beheben. Er hat dazu eine Auslegeordnung, die das VBS in Zusammenarbeit mit Vertretern der Kantone in seinem Auftrag erstellt hat, zur Kenntnis [&hellip;]<\/p>\n","protected":false},"author":8,"featured_media":5737,"comment_status":"open","ping_status":"open","sticky":false,"template":"","format":"standard","meta":{"_acf_changed":false,"pgc_sgb_lightbox_settings":"","footnotes":""},"categories":[1],"tags":[151,371,62],"class_list":["post-5731","post","type-post","status-publish","format-standard","has-post-thumbnail","hentry","category-allgemein","tag-alarmierung","tag-bevoelkerungsschutz","tag-ict-sicherheit"],"acf":[],"hkrextid":null,"publication":null,"issue":null,"workflow":null,"startPage":null,"spitzmarke":null,"_posts_by_tag_page_fields":{"widget_title":"","widget_tags":""},"_at_widget":"1","_yoast_wpseo_primary_category":"1","_yoast_wpseo_focuskw_text_input":"Bev\u00f6lkerungsschutz","_yoast_wpseo_opengraph-image":null,"_yoast_wpseo_opengraph-description":null,"_yoast_wpseo_opengraph-title":null,"enclosure":null,"_yoast_wpseo_twitter-title":null,"_yoast_wpseo_twitter-description":null,"_yoast_wpseo_twitter-image":null,"_wp_old_slug":null,"_yoast_wpseo_title":null,"_yoast_wpseo_canonical":null,"yoast_head":"<!-- This site is optimized with the Yoast SEO plugin v27.4 - https:\/\/yoast.com\/product\/yoast-seo-wordpress\/ -->\n<title>Bev\u00f6lkerungsschutz: Alarmierung und Kommunikation erneuern - Save<\/title>\n<meta name=\"description\" content=\"Der Bundesrat hat zur Zukunft der Alarmierungs- und Telekommunikationssysteme im Bev\u00f6lkerungsschutz beraten. Welche Systeme werden\" \/>\n<meta name=\"robots\" content=\"index, follow, max-snippet:-1, max-image-preview:large, max-video-preview:-1\" \/>\n<link rel=\"canonical\" href=\"https:\/\/news.save.ch\/de\/bevoelkerungsschutz-zukunftsorientierte-alarmierung-und-kommunikation\/\" \/>\n<meta property=\"og:locale\" content=\"de_DE\" \/>\n<meta property=\"og:type\" content=\"article\" \/>\n<meta property=\"og:title\" content=\"Bev\u00f6lkerungsschutz: Alarmierung und Kommunikation erneuern - Save\" \/>\n<meta property=\"og:description\" content=\"Der Bundesrat hat zur Zukunft der Alarmierungs- und Telekommunikationssysteme im Bev\u00f6lkerungsschutz beraten. Welche Systeme werden\" \/>\n<meta property=\"og:url\" content=\"https:\/\/news.save.ch\/de\/bevoelkerungsschutz-zukunftsorientierte-alarmierung-und-kommunikation\/\" \/>\n<meta property=\"og:site_name\" content=\"Save\" \/>\n<meta property=\"article:published_time\" content=\"2017-12-06T06:23:58+00:00\" \/>\n<meta property=\"og:image\" content=\"https:\/\/news.save.ch\/wp-content\/uploads\/2017\/12\/Fotolia_135362175_S.jpg\" \/>\n\t<meta property=\"og:image:width\" content=\"929\" \/>\n\t<meta property=\"og:image:height\" content=\"517\" \/>\n\t<meta property=\"og:image:type\" content=\"image\/jpeg\" \/>\n<meta name=\"author\" content=\"Roger Str\u00e4ssle\" \/>\n<meta name=\"twitter:card\" content=\"summary_large_image\" \/>\n<meta name=\"twitter:label1\" content=\"Geschrieben von\" \/>\n\t<meta name=\"twitter:data1\" content=\"Roger Str\u00e4ssle\" \/>\n\t<meta name=\"twitter:label2\" content=\"Gesch\u00e4tzte Lesezeit\" \/>\n\t<meta name=\"twitter:data2\" content=\"2\u00a0Minuten\" \/>\n<script type=\"application\/ld+json\" class=\"yoast-schema-graph\">{\"@context\":\"https:\\\/\\\/schema.org\",\"@graph\":[{\"@type\":\"Article\",\"@id\":\"https:\\\/\\\/news.save.ch\\\/bevoelkerungsschutz-zukunftsorientierte-alarmierung-und-kommunikation\\\/#article\",\"isPartOf\":{\"@id\":\"https:\\\/\\\/news.save.ch\\\/bevoelkerungsschutz-zukunftsorientierte-alarmierung-und-kommunikation\\\/\"},\"author\":{\"name\":\"Roger Str\u00e4ssle\",\"@id\":\"https:\\\/\\\/news.save.ch\\\/de\\\/#\\\/schema\\\/person\\\/d5022db048e0e2b9785c50e5b24da5aa\"},\"headline\":\"Bev\u00f6lkerungsschutz: Alarmierung und Kommunikation erneuern\",\"datePublished\":\"2017-12-06T06:23:58+00:00\",\"mainEntityOfPage\":{\"@id\":\"https:\\\/\\\/news.save.ch\\\/bevoelkerungsschutz-zukunftsorientierte-alarmierung-und-kommunikation\\\/\"},\"wordCount\":430,\"commentCount\":0,\"publisher\":{\"@id\":\"https:\\\/\\\/news.save.ch\\\/de\\\/#organization\"},\"image\":{\"@id\":\"https:\\\/\\\/news.save.ch\\\/bevoelkerungsschutz-zukunftsorientierte-alarmierung-und-kommunikation\\\/#primaryimage\"},\"thumbnailUrl\":\"https:\\\/\\\/news.save.ch\\\/wp-content\\\/uploads\\\/2017\\\/12\\\/Fotolia_135362175_S.jpg\",\"keywords\":[\"Alarmierung\",\"Bev\u00f6lkerungsschutz\",\"ICT-Sicherheit\"],\"articleSection\":[\"ALLGEMEIN\"],\"inLanguage\":\"de\"},{\"@type\":\"WebPage\",\"@id\":\"https:\\\/\\\/news.save.ch\\\/bevoelkerungsschutz-zukunftsorientierte-alarmierung-und-kommunikation\\\/\",\"url\":\"https:\\\/\\\/news.save.ch\\\/bevoelkerungsschutz-zukunftsorientierte-alarmierung-und-kommunikation\\\/\",\"name\":\"Bev\u00f6lkerungsschutz: Alarmierung und Kommunikation erneuern - Save\",\"isPartOf\":{\"@id\":\"https:\\\/\\\/news.save.ch\\\/de\\\/#website\"},\"primaryImageOfPage\":{\"@id\":\"https:\\\/\\\/news.save.ch\\\/bevoelkerungsschutz-zukunftsorientierte-alarmierung-und-kommunikation\\\/#primaryimage\"},\"image\":{\"@id\":\"https:\\\/\\\/news.save.ch\\\/bevoelkerungsschutz-zukunftsorientierte-alarmierung-und-kommunikation\\\/#primaryimage\"},\"thumbnailUrl\":\"https:\\\/\\\/news.save.ch\\\/wp-content\\\/uploads\\\/2017\\\/12\\\/Fotolia_135362175_S.jpg\",\"datePublished\":\"2017-12-06T06:23:58+00:00\",\"description\":\"Der Bundesrat hat zur Zukunft der Alarmierungs- und Telekommunikationssysteme im Bev\u00f6lkerungsschutz beraten. Welche Systeme werden\",\"breadcrumb\":{\"@id\":\"https:\\\/\\\/news.save.ch\\\/bevoelkerungsschutz-zukunftsorientierte-alarmierung-und-kommunikation\\\/#breadcrumb\"},\"inLanguage\":\"de\",\"potentialAction\":[{\"@type\":\"ReadAction\",\"target\":[\"https:\\\/\\\/news.save.ch\\\/bevoelkerungsschutz-zukunftsorientierte-alarmierung-und-kommunikation\\\/\"]}]},{\"@type\":\"ImageObject\",\"inLanguage\":\"de\",\"@id\":\"https:\\\/\\\/news.save.ch\\\/bevoelkerungsschutz-zukunftsorientierte-alarmierung-und-kommunikation\\\/#primaryimage\",\"url\":\"https:\\\/\\\/news.save.ch\\\/wp-content\\\/uploads\\\/2017\\\/12\\\/Fotolia_135362175_S.jpg\",\"contentUrl\":\"https:\\\/\\\/news.save.ch\\\/wp-content\\\/uploads\\\/2017\\\/12\\\/Fotolia_135362175_S.jpg\",\"width\":929,\"height\":517,\"caption\":\"fotolia, chrisroosfotografieSempach,\"},{\"@type\":\"BreadcrumbList\",\"@id\":\"https:\\\/\\\/news.save.ch\\\/bevoelkerungsschutz-zukunftsorientierte-alarmierung-und-kommunikation\\\/#breadcrumb\",\"itemListElement\":[{\"@type\":\"ListItem\",\"position\":1,\"name\":\"Home\",\"item\":\"https:\\\/\\\/news.save.ch\\\/de\\\/\"},{\"@type\":\"ListItem\",\"position\":2,\"name\":\"Bev\u00f6lkerungsschutz: Alarmierung und Kommunikation erneuern\"}]},{\"@type\":\"WebSite\",\"@id\":\"https:\\\/\\\/news.save.ch\\\/de\\\/#website\",\"url\":\"https:\\\/\\\/news.save.ch\\\/de\\\/\",\"name\":\"Save\",\"description\":\"Schweizer Fachzeitschrift f\u00fcr Sicherheit\",\"publisher\":{\"@id\":\"https:\\\/\\\/news.save.ch\\\/de\\\/#organization\"},\"potentialAction\":[{\"@type\":\"SearchAction\",\"target\":{\"@type\":\"EntryPoint\",\"urlTemplate\":\"https:\\\/\\\/news.save.ch\\\/de\\\/?s={search_term_string}\"},\"query-input\":{\"@type\":\"PropertyValueSpecification\",\"valueRequired\":true,\"valueName\":\"search_term_string\"}}],\"inLanguage\":\"de\"},{\"@type\":\"Organization\",\"@id\":\"https:\\\/\\\/news.save.ch\\\/de\\\/#organization\",\"name\":\"Sicherheitsforum\",\"url\":\"https:\\\/\\\/news.save.ch\\\/de\\\/\",\"logo\":{\"@type\":\"ImageObject\",\"inLanguage\":\"de\",\"@id\":\"https:\\\/\\\/news.save.ch\\\/de\\\/#\\\/schema\\\/logo\\\/image\\\/\",\"url\":\"https:\\\/\\\/news.save.ch\\\/wp-content\\\/uploads\\\/2022\\\/06\\\/Logo_SF_2012.png\",\"contentUrl\":\"https:\\\/\\\/news.save.ch\\\/wp-content\\\/uploads\\\/2022\\\/06\\\/Logo_SF_2012.png\",\"width\":1100,\"height\":91,\"caption\":\"Sicherheitsforum\"},\"image\":{\"@id\":\"https:\\\/\\\/news.save.ch\\\/de\\\/#\\\/schema\\\/logo\\\/image\\\/\"}},{\"@type\":\"Person\",\"@id\":\"https:\\\/\\\/news.save.ch\\\/de\\\/#\\\/schema\\\/person\\\/d5022db048e0e2b9785c50e5b24da5aa\",\"name\":\"Roger Str\u00e4ssle\",\"image\":{\"@type\":\"ImageObject\",\"inLanguage\":\"de\",\"@id\":\"https:\\\/\\\/secure.gravatar.com\\\/avatar\\\/862a5569d087de48e5856e32f45d719a03804c891d6deb8d4f71a660e79e4a47?s=96&d=mm&r=g\",\"url\":\"https:\\\/\\\/secure.gravatar.com\\\/avatar\\\/862a5569d087de48e5856e32f45d719a03804c891d6deb8d4f71a660e79e4a47?s=96&d=mm&r=g\",\"contentUrl\":\"https:\\\/\\\/secure.gravatar.com\\\/avatar\\\/862a5569d087de48e5856e32f45d719a03804c891d6deb8d4f71a660e79e4a47?s=96&d=mm&r=g\",\"caption\":\"Roger Str\u00e4ssle\"},\"url\":\"https:\\\/\\\/news.save.ch\\\/de\\\/author\\\/roger-straessle\\\/\"}]}<\/script>\n<!-- \/ Yoast SEO plugin. -->","yoast_head_json":{"title":"Bev\u00f6lkerungsschutz: Alarmierung und Kommunikation erneuern - Save","description":"Der Bundesrat hat zur Zukunft der Alarmierungs- und Telekommunikationssysteme im Bev\u00f6lkerungsschutz beraten. Welche Systeme werden","robots":{"index":"index","follow":"follow","max-snippet":"max-snippet:-1","max-image-preview":"max-image-preview:large","max-video-preview":"max-video-preview:-1"},"canonical":"https:\/\/news.save.ch\/de\/bevoelkerungsschutz-zukunftsorientierte-alarmierung-und-kommunikation\/","og_locale":"de_DE","og_type":"article","og_title":"Bev\u00f6lkerungsschutz: Alarmierung und Kommunikation erneuern - Save","og_description":"Der Bundesrat hat zur Zukunft der Alarmierungs- und Telekommunikationssysteme im Bev\u00f6lkerungsschutz beraten. Welche Systeme werden","og_url":"https:\/\/news.save.ch\/de\/bevoelkerungsschutz-zukunftsorientierte-alarmierung-und-kommunikation\/","og_site_name":"Save","article_published_time":"2017-12-06T06:23:58+00:00","og_image":[{"width":929,"height":517,"url":"https:\/\/news.save.ch\/wp-content\/uploads\/2017\/12\/Fotolia_135362175_S.jpg","type":"image\/jpeg"}],"author":"Roger Str\u00e4ssle","twitter_card":"summary_large_image","twitter_misc":{"Geschrieben von":"Roger Str\u00e4ssle","Gesch\u00e4tzte Lesezeit":"2\u00a0Minuten"},"schema":{"@context":"https:\/\/schema.org","@graph":[{"@type":"Article","@id":"https:\/\/news.save.ch\/bevoelkerungsschutz-zukunftsorientierte-alarmierung-und-kommunikation\/#article","isPartOf":{"@id":"https:\/\/news.save.ch\/bevoelkerungsschutz-zukunftsorientierte-alarmierung-und-kommunikation\/"},"author":{"name":"Roger Str\u00e4ssle","@id":"https:\/\/news.save.ch\/de\/#\/schema\/person\/d5022db048e0e2b9785c50e5b24da5aa"},"headline":"Bev\u00f6lkerungsschutz: Alarmierung und Kommunikation erneuern","datePublished":"2017-12-06T06:23:58+00:00","mainEntityOfPage":{"@id":"https:\/\/news.save.ch\/bevoelkerungsschutz-zukunftsorientierte-alarmierung-und-kommunikation\/"},"wordCount":430,"commentCount":0,"publisher":{"@id":"https:\/\/news.save.ch\/de\/#organization"},"image":{"@id":"https:\/\/news.save.ch\/bevoelkerungsschutz-zukunftsorientierte-alarmierung-und-kommunikation\/#primaryimage"},"thumbnailUrl":"https:\/\/news.save.ch\/wp-content\/uploads\/2017\/12\/Fotolia_135362175_S.jpg","keywords":["Alarmierung","Bev\u00f6lkerungsschutz","ICT-Sicherheit"],"articleSection":["ALLGEMEIN"],"inLanguage":"de"},{"@type":"WebPage","@id":"https:\/\/news.save.ch\/bevoelkerungsschutz-zukunftsorientierte-alarmierung-und-kommunikation\/","url":"https:\/\/news.save.ch\/bevoelkerungsschutz-zukunftsorientierte-alarmierung-und-kommunikation\/","name":"Bev\u00f6lkerungsschutz: Alarmierung und Kommunikation erneuern - Save","isPartOf":{"@id":"https:\/\/news.save.ch\/de\/#website"},"primaryImageOfPage":{"@id":"https:\/\/news.save.ch\/bevoelkerungsschutz-zukunftsorientierte-alarmierung-und-kommunikation\/#primaryimage"},"image":{"@id":"https:\/\/news.save.ch\/bevoelkerungsschutz-zukunftsorientierte-alarmierung-und-kommunikation\/#primaryimage"},"thumbnailUrl":"https:\/\/news.save.ch\/wp-content\/uploads\/2017\/12\/Fotolia_135362175_S.jpg","datePublished":"2017-12-06T06:23:58+00:00","description":"Der Bundesrat hat zur Zukunft der Alarmierungs- und Telekommunikationssysteme im Bev\u00f6lkerungsschutz beraten. Welche Systeme werden","breadcrumb":{"@id":"https:\/\/news.save.ch\/bevoelkerungsschutz-zukunftsorientierte-alarmierung-und-kommunikation\/#breadcrumb"},"inLanguage":"de","potentialAction":[{"@type":"ReadAction","target":["https:\/\/news.save.ch\/bevoelkerungsschutz-zukunftsorientierte-alarmierung-und-kommunikation\/"]}]},{"@type":"ImageObject","inLanguage":"de","@id":"https:\/\/news.save.ch\/bevoelkerungsschutz-zukunftsorientierte-alarmierung-und-kommunikation\/#primaryimage","url":"https:\/\/news.save.ch\/wp-content\/uploads\/2017\/12\/Fotolia_135362175_S.jpg","contentUrl":"https:\/\/news.save.ch\/wp-content\/uploads\/2017\/12\/Fotolia_135362175_S.jpg","width":929,"height":517,"caption":"fotolia, chrisroosfotografieSempach,"},{"@type":"BreadcrumbList","@id":"https:\/\/news.save.ch\/bevoelkerungsschutz-zukunftsorientierte-alarmierung-und-kommunikation\/#breadcrumb","itemListElement":[{"@type":"ListItem","position":1,"name":"Home","item":"https:\/\/news.save.ch\/de\/"},{"@type":"ListItem","position":2,"name":"Bev\u00f6lkerungsschutz: Alarmierung und Kommunikation erneuern"}]},{"@type":"WebSite","@id":"https:\/\/news.save.ch\/de\/#website","url":"https:\/\/news.save.ch\/de\/","name":"Save","description":"Schweizer Fachzeitschrift f\u00fcr Sicherheit","publisher":{"@id":"https:\/\/news.save.ch\/de\/#organization"},"potentialAction":[{"@type":"SearchAction","target":{"@type":"EntryPoint","urlTemplate":"https:\/\/news.save.ch\/de\/?s={search_term_string}"},"query-input":{"@type":"PropertyValueSpecification","valueRequired":true,"valueName":"search_term_string"}}],"inLanguage":"de"},{"@type":"Organization","@id":"https:\/\/news.save.ch\/de\/#organization","name":"Sicherheitsforum","url":"https:\/\/news.save.ch\/de\/","logo":{"@type":"ImageObject","inLanguage":"de","@id":"https:\/\/news.save.ch\/de\/#\/schema\/logo\/image\/","url":"https:\/\/news.save.ch\/wp-content\/uploads\/2022\/06\/Logo_SF_2012.png","contentUrl":"https:\/\/news.save.ch\/wp-content\/uploads\/2022\/06\/Logo_SF_2012.png","width":1100,"height":91,"caption":"Sicherheitsforum"},"image":{"@id":"https:\/\/news.save.ch\/de\/#\/schema\/logo\/image\/"}},{"@type":"Person","@id":"https:\/\/news.save.ch\/de\/#\/schema\/person\/d5022db048e0e2b9785c50e5b24da5aa","name":"Roger Str\u00e4ssle","image":{"@type":"ImageObject","inLanguage":"de","@id":"https:\/\/secure.gravatar.com\/avatar\/862a5569d087de48e5856e32f45d719a03804c891d6deb8d4f71a660e79e4a47?s=96&d=mm&r=g","url":"https:\/\/secure.gravatar.com\/avatar\/862a5569d087de48e5856e32f45d719a03804c891d6deb8d4f71a660e79e4a47?s=96&d=mm&r=g","contentUrl":"https:\/\/secure.gravatar.com\/avatar\/862a5569d087de48e5856e32f45d719a03804c891d6deb8d4f71a660e79e4a47?s=96&d=mm&r=g","caption":"Roger Str\u00e4ssle"},"url":"https:\/\/news.save.ch\/de\/author\/roger-straessle\/"}]}},"_links":{"self":[{"href":"https:\/\/news.save.ch\/de\/wp-json\/wp\/v2\/posts\/5731","targetHints":{"allow":["GET"]}}],"collection":[{"href":"https:\/\/news.save.ch\/de\/wp-json\/wp\/v2\/posts"}],"about":[{"href":"https:\/\/news.save.ch\/de\/wp-json\/wp\/v2\/types\/post"}],"author":[{"embeddable":true,"href":"https:\/\/news.save.ch\/de\/wp-json\/wp\/v2\/users\/8"}],"replies":[{"embeddable":true,"href":"https:\/\/news.save.ch\/de\/wp-json\/wp\/v2\/comments?post=5731"}],"version-history":[{"count":0,"href":"https:\/\/news.save.ch\/de\/wp-json\/wp\/v2\/posts\/5731\/revisions"}],"wp:featuredmedia":[{"embeddable":true,"href":"https:\/\/news.save.ch\/de\/wp-json\/wp\/v2\/media\/5737"}],"wp:attachment":[{"href":"https:\/\/news.save.ch\/de\/wp-json\/wp\/v2\/media?parent=5731"}],"wp:term":[{"taxonomy":"category","embeddable":true,"href":"https:\/\/news.save.ch\/de\/wp-json\/wp\/v2\/categories?post=5731"},{"taxonomy":"post_tag","embeddable":true,"href":"https:\/\/news.save.ch\/de\/wp-json\/wp\/v2\/tags?post=5731"}],"curies":[{"name":"wp","href":"https:\/\/api.w.org\/{rel}","templated":true}]}}