{"id":5915,"date":"2020-08-10T08:20:26","date_gmt":"2020-08-10T06:20:26","guid":{"rendered":"https:\/\/news.save.ch\/?p=5915"},"modified":"2023-03-14T09:03:45","modified_gmt":"2023-03-14T08:03:45","slug":"sommerreise-andere-laender-andere-vorschriften","status":null,"type":"post","link":"https:\/\/news.save.ch\/de\/sommerreise-andere-laender-andere-vorschriften\/","title":{"rendered":"Sommerreise: Andere L\u00e4nder, andere Vorschriften"},"content":{"rendered":"<figure id=\"attachment_5916\" aria-describedby=\"caption-attachment-5916\" style=\"width: 680px\" class=\"wp-caption alignnone\"><img loading=\"lazy\" decoding=\"async\" class=\"size-medium wp-image-5916\" src=\"http:\/\/develop.safety-plus.ch\/wp-content\/uploads\/2020\/08\/Depositphotos_Cristina-Conti.jpg\" alt=\"\" width=\"680\" height=\"453\" \/><figcaption id=\"caption-attachment-5916\" class=\"wp-caption-text\">Es ist wichtig, sich vor der Abfahrt \u00fcber die Umweltmassnahmen der jeweiligen L\u00e4nder zu informieren. \u00a9Depositphotos\/Cristina Conti<\/figcaption><\/figure>\n<p>Eine gute Planung der <a href=\"https:\/\/news.save.ch\/gesund-durch-den-stau\/\" target=\"_blank\" rel=\"noopener\">Ferienreise<\/a> spart Zeit und \u00c4rger. Entspricht die Ausr\u00fcstung des Fahrzeugs den verschiedenen Strassengesetzgebungen der europ\u00e4ischen L\u00e4nder?<br \/>\nErste-Hilfe-Set in Italien und \u00d6sterreich \u2013 Feuerl\u00f6scher in Griechenland, Polen und Lettland<br \/>\nDer CH-Kleber und das Pannendreieck geh\u00f6ren zur Grundausr\u00fcstung, um sorgenfrei in ganz Europa mit dem Auto unterwegs zu sein. Die Mehrheit der L\u00e4nder verlangen auch das Mitf\u00fchren einer <a href=\"https:\/\/news.save.ch\/warnwesten-pflicht-in-europa\/\" target=\"_blank\" rel=\"noopener\">Sicherheitsweste<\/a> gem\u00e4ss der europ\u00e4ischen Norm EN 471. Der Gebrauch dieser Weste im Pannenfall ist auf franz\u00f6sischen Strassen und in Italien bei schlechter Sicht ausserhalb von St\u00e4dten obligatorisch. Ein <a href=\"https:\/\/news.save.ch\/defibrillator-oder-erste-hilfe-system\/\" target=\"_blank\" rel=\"noopener\">Erste-Hilfe-Set<\/a> muss bei Fahrten in \u00d6sterreich mit an Bord sein. In Griechenland, Polen oder Lettland ist das Mitf\u00fchren eines Feuerl\u00f6schers Pflicht. Einige St\u00e4dte in Deutschland, \u00d6sterreich, Belgien, D\u00e4nemark, Spanien, Frankreich, Grossbritannien oder auch Tschechien verlangen eine Umweltplakette. Es ist deshalb wichtig, sich vor der Abfahrt \u00fcber die Umweltmassnahmen der jeweiligen L\u00e4nder zu informieren.<\/p>\n<p><strong>Vorsicht beim Parken mit dem Campingbus oder Wohnwagen<br \/>\n<\/strong>F\u00fcr Camper und Wohnwagen gelten prinzipiell die gleichen Regeln wie f\u00fcr Personenwagen. Je nach Land gibt es aber spezifische Vorschriften f\u00fcr ihre Benutzung. Ein F\u00fchrerschein der Kategorie B erlaubt das Fahren eines Campers mit einem Gewicht bis zu 3,5 Tonnen oder das Lenken eines Minibusses mit maximal 9 Pl\u00e4tzen und einem 750 kg schweren Anh\u00e4nger. F\u00fcr gr\u00f6ssere Fahrzeuge braucht es einen F\u00fchrerschein der Kategorie C, D oder h\u00f6her. In Italien m\u00fcssen Campingbusse und Wohnwagengespanne mit einem Gewicht von mehr als 3,5 Tonnen mit reflektierenden Geschwindigkeitsvignetten ausger\u00fcstet sein. Diese zeigen an der rechten Seite angebracht die H\u00f6chstgeschwindigkeit auf den Autobahnen (80 km\/h) und auf der linken Seite die H\u00f6chstgeschwindigkeit ausserorts (70 km\/h) an. Die f\u00fcr Wohnmobile und Wohnwagen erlaubten Stellpl\u00e4tze sind in Europa streng reglementiert. Nur Schweden erlaubt wildes Campen im ganzen Land. Der TCS hat die geltenden Vorschriften in Europa f\u00fcr Camper und Wohnwagen auf seiner Internetseite zusammengefasst.<\/p>\n<p><strong>Weitere Infos<\/strong><\/p>\n<p><a href=\"https:\/\/www.tcs.ch\/de\/der-tcs\/presse\/medienmitteilungen-2020\/sommerreise-andere-laender-andere-vorschriften.php\" target=\"_blank\" rel=\"noopener\">www.tcs.ch<\/a><\/p>\n","protected":false},"excerpt":{"rendered":"<p>Eine gute Planung der Ferienreise spart Zeit und \u00c4rger. Entspricht die Ausr\u00fcstung des Fahrzeugs den verschiedenen Strassengesetzgebungen der europ\u00e4ischen L\u00e4nder? Erste-Hilfe-Set in Italien und \u00d6sterreich \u2013 Feuerl\u00f6scher in Griechenland, Polen und Lettland Der CH-Kleber und das Pannendreieck geh\u00f6ren zur Grundausr\u00fcstung, um sorgenfrei in ganz Europa mit dem Auto unterwegs zu sein. Die Mehrheit der L\u00e4nder [&hellip;]<\/p>\n","protected":false},"author":1,"featured_media":5916,"comment_status":"closed","ping_status":"closed","sticky":false,"template":"","format":"standard","meta":{"_acf_changed":false,"pgc_sgb_lightbox_settings":"","footnotes":""},"categories":[1,3314],"tags":[2695,310,3009,68,3132,3259],"class_list":["post-5915","post","type-post","status-publish","format-standard","has-post-thumbnail","hentry","category-allgemein","category-health-safety","tag-planung","tag-sicherheit","tag-strassengesetzgebungen","tag-tipps-und-tricks","tag-umweltmassnahmen","tag-wohnwagen"],"acf":[],"hkrextid":null,"publication":null,"issue":null,"workflow":null,"startPage":null,"spitzmarke":null,"_posts_by_tag_page_fields":{"widget_title":"","widget_tags":""},"_at_widget":"1","_yoast_wpseo_primary_category":"1","_yoast_wpseo_focuskw_text_input":"Sommerreise","_yoast_wpseo_opengraph-image":null,"_yoast_wpseo_opengraph-description":null,"_yoast_wpseo_opengraph-title":null,"enclosure":null,"_yoast_wpseo_twitter-title":null,"_yoast_wpseo_twitter-description":null,"_yoast_wpseo_twitter-image":null,"_wp_old_slug":null,"_yoast_wpseo_title":null,"_yoast_wpseo_canonical":null,"yoast_head":"<!-- This site is optimized with the Yoast SEO plugin v27.4 - https:\/\/yoast.com\/product\/yoast-seo-wordpress\/ -->\n<title>Sommerreise: Andere L\u00e4nder, andere Vorschriften - Save<\/title>\n<meta name=\"description\" content=\"Mit dem Auto oder dem Velo durch Europa reisen? Dank der Wiederaufnahme des freien Personenverkehrs ist die Fahrt \u00fcber die Grenze wieder m\u00f6glich.\" \/>\n<meta name=\"robots\" content=\"index, follow, max-snippet:-1, max-image-preview:large, max-video-preview:-1\" \/>\n<link rel=\"canonical\" href=\"https:\/\/news.save.ch\/de\/sommerreise-andere-laender-andere-vorschriften\/\" \/>\n<meta property=\"og:locale\" content=\"de_DE\" \/>\n<meta property=\"og:type\" content=\"article\" \/>\n<meta property=\"og:title\" content=\"Sommerreise: Andere L\u00e4nder, andere Vorschriften - Save\" \/>\n<meta property=\"og:description\" content=\"Mit dem Auto oder dem Velo durch Europa reisen? Dank der Wiederaufnahme des freien Personenverkehrs ist die Fahrt \u00fcber die Grenze wieder m\u00f6glich.\" \/>\n<meta property=\"og:url\" content=\"https:\/\/news.save.ch\/de\/sommerreise-andere-laender-andere-vorschriften\/\" \/>\n<meta property=\"og:site_name\" content=\"Save\" \/>\n<meta property=\"article:published_time\" content=\"2020-08-10T06:20:26+00:00\" \/>\n<meta property=\"article:modified_time\" content=\"2023-03-14T08:03:45+00:00\" \/>\n<meta property=\"og:image\" content=\"https:\/\/news.save.ch\/wp-content\/uploads\/2020\/08\/Depositphotos_Cristina-Conti-scaled-1.jpg\" \/>\n\t<meta property=\"og:image:width\" content=\"1200\" \/>\n\t<meta property=\"og:image:height\" content=\"800\" \/>\n\t<meta property=\"og:image:type\" content=\"image\/jpeg\" \/>\n<meta name=\"author\" content=\"admin\" \/>\n<meta name=\"twitter:card\" content=\"summary_large_image\" \/>\n<meta name=\"twitter:label1\" content=\"Geschrieben von\" \/>\n\t<meta name=\"twitter:data1\" content=\"admin\" \/>\n\t<meta name=\"twitter:label2\" content=\"Gesch\u00e4tzte Lesezeit\" \/>\n\t<meta name=\"twitter:data2\" content=\"2\u00a0Minuten\" \/>\n<script type=\"application\/ld+json\" class=\"yoast-schema-graph\">{\"@context\":\"https:\\\/\\\/schema.org\",\"@graph\":[{\"@type\":\"Article\",\"@id\":\"https:\\\/\\\/news.save.ch\\\/sommerreise-andere-laender-andere-vorschriften\\\/#article\",\"isPartOf\":{\"@id\":\"https:\\\/\\\/news.save.ch\\\/sommerreise-andere-laender-andere-vorschriften\\\/\"},\"author\":{\"name\":\"admin\",\"@id\":\"https:\\\/\\\/news.save.ch\\\/de\\\/#\\\/schema\\\/person\\\/d49e199490bad7c70d64b9ab51142f2b\"},\"headline\":\"Sommerreise: Andere L\u00e4nder, andere Vorschriften\",\"datePublished\":\"2020-08-10T06:20:26+00:00\",\"dateModified\":\"2023-03-14T08:03:45+00:00\",\"mainEntityOfPage\":{\"@id\":\"https:\\\/\\\/news.save.ch\\\/sommerreise-andere-laender-andere-vorschriften\\\/\"},\"wordCount\":362,\"publisher\":{\"@id\":\"https:\\\/\\\/news.save.ch\\\/de\\\/#organization\"},\"image\":{\"@id\":\"https:\\\/\\\/news.save.ch\\\/sommerreise-andere-laender-andere-vorschriften\\\/#primaryimage\"},\"thumbnailUrl\":\"https:\\\/\\\/news.save.ch\\\/wp-content\\\/uploads\\\/2020\\\/08\\\/Depositphotos_Cristina-Conti-scaled-1.jpg\",\"keywords\":[\"Planung\",\"Sicherheit\",\"Strassengesetzgebungen\",\"Tipps und Tricks\",\"Umweltmassnahmen\",\"Wohnwagen\"],\"articleSection\":[\"ALLGEMEIN\",\"HEALTH &amp; SAFETY\"],\"inLanguage\":\"de\"},{\"@type\":\"WebPage\",\"@id\":\"https:\\\/\\\/news.save.ch\\\/sommerreise-andere-laender-andere-vorschriften\\\/\",\"url\":\"https:\\\/\\\/news.save.ch\\\/sommerreise-andere-laender-andere-vorschriften\\\/\",\"name\":\"Sommerreise: Andere L\u00e4nder, andere Vorschriften - Save\",\"isPartOf\":{\"@id\":\"https:\\\/\\\/news.save.ch\\\/de\\\/#website\"},\"primaryImageOfPage\":{\"@id\":\"https:\\\/\\\/news.save.ch\\\/sommerreise-andere-laender-andere-vorschriften\\\/#primaryimage\"},\"image\":{\"@id\":\"https:\\\/\\\/news.save.ch\\\/sommerreise-andere-laender-andere-vorschriften\\\/#primaryimage\"},\"thumbnailUrl\":\"https:\\\/\\\/news.save.ch\\\/wp-content\\\/uploads\\\/2020\\\/08\\\/Depositphotos_Cristina-Conti-scaled-1.jpg\",\"datePublished\":\"2020-08-10T06:20:26+00:00\",\"dateModified\":\"2023-03-14T08:03:45+00:00\",\"description\":\"Mit dem Auto oder dem Velo durch Europa reisen? Dank der Wiederaufnahme des freien Personenverkehrs ist die Fahrt \u00fcber die Grenze wieder m\u00f6glich.\",\"breadcrumb\":{\"@id\":\"https:\\\/\\\/news.save.ch\\\/sommerreise-andere-laender-andere-vorschriften\\\/#breadcrumb\"},\"inLanguage\":\"de\",\"potentialAction\":[{\"@type\":\"ReadAction\",\"target\":[\"https:\\\/\\\/news.save.ch\\\/sommerreise-andere-laender-andere-vorschriften\\\/\"]}]},{\"@type\":\"ImageObject\",\"inLanguage\":\"de\",\"@id\":\"https:\\\/\\\/news.save.ch\\\/sommerreise-andere-laender-andere-vorschriften\\\/#primaryimage\",\"url\":\"https:\\\/\\\/news.save.ch\\\/wp-content\\\/uploads\\\/2020\\\/08\\\/Depositphotos_Cristina-Conti-scaled-1.jpg\",\"contentUrl\":\"https:\\\/\\\/news.save.ch\\\/wp-content\\\/uploads\\\/2020\\\/08\\\/Depositphotos_Cristina-Conti-scaled-1.jpg\",\"width\":1200,\"height\":800,\"caption\":\"Es ist wichtig, sich vor der Abfahrt \u00fcber die Umweltmassnahmen der jeweiligen L\u00e4nder zu informieren. \u00a9Depositphotos\\\/Cristina Conti\"},{\"@type\":\"BreadcrumbList\",\"@id\":\"https:\\\/\\\/news.save.ch\\\/sommerreise-andere-laender-andere-vorschriften\\\/#breadcrumb\",\"itemListElement\":[{\"@type\":\"ListItem\",\"position\":1,\"name\":\"Home\",\"item\":\"https:\\\/\\\/news.save.ch\\\/de\\\/\"},{\"@type\":\"ListItem\",\"position\":2,\"name\":\"Sommerreise: Andere L\u00e4nder, andere Vorschriften\"}]},{\"@type\":\"WebSite\",\"@id\":\"https:\\\/\\\/news.save.ch\\\/de\\\/#website\",\"url\":\"https:\\\/\\\/news.save.ch\\\/de\\\/\",\"name\":\"Save\",\"description\":\"Schweizer Fachzeitschrift f\u00fcr Sicherheit\",\"publisher\":{\"@id\":\"https:\\\/\\\/news.save.ch\\\/de\\\/#organization\"},\"potentialAction\":[{\"@type\":\"SearchAction\",\"target\":{\"@type\":\"EntryPoint\",\"urlTemplate\":\"https:\\\/\\\/news.save.ch\\\/de\\\/?s={search_term_string}\"},\"query-input\":{\"@type\":\"PropertyValueSpecification\",\"valueRequired\":true,\"valueName\":\"search_term_string\"}}],\"inLanguage\":\"de\"},{\"@type\":\"Organization\",\"@id\":\"https:\\\/\\\/news.save.ch\\\/de\\\/#organization\",\"name\":\"Sicherheitsforum\",\"url\":\"https:\\\/\\\/news.save.ch\\\/de\\\/\",\"logo\":{\"@type\":\"ImageObject\",\"inLanguage\":\"de\",\"@id\":\"https:\\\/\\\/news.save.ch\\\/de\\\/#\\\/schema\\\/logo\\\/image\\\/\",\"url\":\"https:\\\/\\\/news.save.ch\\\/wp-content\\\/uploads\\\/2022\\\/06\\\/Logo_SF_2012.png\",\"contentUrl\":\"https:\\\/\\\/news.save.ch\\\/wp-content\\\/uploads\\\/2022\\\/06\\\/Logo_SF_2012.png\",\"width\":1100,\"height\":91,\"caption\":\"Sicherheitsforum\"},\"image\":{\"@id\":\"https:\\\/\\\/news.save.ch\\\/de\\\/#\\\/schema\\\/logo\\\/image\\\/\"}},{\"@type\":\"Person\",\"@id\":\"https:\\\/\\\/news.save.ch\\\/de\\\/#\\\/schema\\\/person\\\/d49e199490bad7c70d64b9ab51142f2b\",\"name\":\"admin\",\"image\":{\"@type\":\"ImageObject\",\"inLanguage\":\"de\",\"@id\":\"https:\\\/\\\/secure.gravatar.com\\\/avatar\\\/ae2f4d718e6c49043e314ce431e7e645d646302a24a5ef5a8bc8e3f5a032e319?s=96&d=mm&r=g\",\"url\":\"https:\\\/\\\/secure.gravatar.com\\\/avatar\\\/ae2f4d718e6c49043e314ce431e7e645d646302a24a5ef5a8bc8e3f5a032e319?s=96&d=mm&r=g\",\"contentUrl\":\"https:\\\/\\\/secure.gravatar.com\\\/avatar\\\/ae2f4d718e6c49043e314ce431e7e645d646302a24a5ef5a8bc8e3f5a032e319?s=96&d=mm&r=g\",\"caption\":\"admin\"},\"sameAs\":[\"https:\\\/\\\/develop.organisator.galledia.ch\"],\"url\":\"https:\\\/\\\/news.save.ch\\\/de\\\/author\\\/admin\\\/\"}]}<\/script>\n<!-- \/ Yoast SEO plugin. -->","yoast_head_json":{"title":"Sommerreise: Andere L\u00e4nder, andere Vorschriften - Save","description":"Mit dem Auto oder dem Velo durch Europa reisen? Dank der Wiederaufnahme des freien Personenverkehrs ist die Fahrt \u00fcber die Grenze wieder m\u00f6glich.","robots":{"index":"index","follow":"follow","max-snippet":"max-snippet:-1","max-image-preview":"max-image-preview:large","max-video-preview":"max-video-preview:-1"},"canonical":"https:\/\/news.save.ch\/de\/sommerreise-andere-laender-andere-vorschriften\/","og_locale":"de_DE","og_type":"article","og_title":"Sommerreise: Andere L\u00e4nder, andere Vorschriften - Save","og_description":"Mit dem Auto oder dem Velo durch Europa reisen? Dank der Wiederaufnahme des freien Personenverkehrs ist die Fahrt \u00fcber die Grenze wieder m\u00f6glich.","og_url":"https:\/\/news.save.ch\/de\/sommerreise-andere-laender-andere-vorschriften\/","og_site_name":"Save","article_published_time":"2020-08-10T06:20:26+00:00","article_modified_time":"2023-03-14T08:03:45+00:00","og_image":[{"width":1200,"height":800,"url":"https:\/\/news.save.ch\/wp-content\/uploads\/2020\/08\/Depositphotos_Cristina-Conti-scaled-1.jpg","type":"image\/jpeg"}],"author":"admin","twitter_card":"summary_large_image","twitter_misc":{"Geschrieben von":"admin","Gesch\u00e4tzte Lesezeit":"2\u00a0Minuten"},"schema":{"@context":"https:\/\/schema.org","@graph":[{"@type":"Article","@id":"https:\/\/news.save.ch\/sommerreise-andere-laender-andere-vorschriften\/#article","isPartOf":{"@id":"https:\/\/news.save.ch\/sommerreise-andere-laender-andere-vorschriften\/"},"author":{"name":"admin","@id":"https:\/\/news.save.ch\/de\/#\/schema\/person\/d49e199490bad7c70d64b9ab51142f2b"},"headline":"Sommerreise: Andere L\u00e4nder, andere Vorschriften","datePublished":"2020-08-10T06:20:26+00:00","dateModified":"2023-03-14T08:03:45+00:00","mainEntityOfPage":{"@id":"https:\/\/news.save.ch\/sommerreise-andere-laender-andere-vorschriften\/"},"wordCount":362,"publisher":{"@id":"https:\/\/news.save.ch\/de\/#organization"},"image":{"@id":"https:\/\/news.save.ch\/sommerreise-andere-laender-andere-vorschriften\/#primaryimage"},"thumbnailUrl":"https:\/\/news.save.ch\/wp-content\/uploads\/2020\/08\/Depositphotos_Cristina-Conti-scaled-1.jpg","keywords":["Planung","Sicherheit","Strassengesetzgebungen","Tipps und Tricks","Umweltmassnahmen","Wohnwagen"],"articleSection":["ALLGEMEIN","HEALTH &amp; SAFETY"],"inLanguage":"de"},{"@type":"WebPage","@id":"https:\/\/news.save.ch\/sommerreise-andere-laender-andere-vorschriften\/","url":"https:\/\/news.save.ch\/sommerreise-andere-laender-andere-vorschriften\/","name":"Sommerreise: Andere L\u00e4nder, andere Vorschriften - Save","isPartOf":{"@id":"https:\/\/news.save.ch\/de\/#website"},"primaryImageOfPage":{"@id":"https:\/\/news.save.ch\/sommerreise-andere-laender-andere-vorschriften\/#primaryimage"},"image":{"@id":"https:\/\/news.save.ch\/sommerreise-andere-laender-andere-vorschriften\/#primaryimage"},"thumbnailUrl":"https:\/\/news.save.ch\/wp-content\/uploads\/2020\/08\/Depositphotos_Cristina-Conti-scaled-1.jpg","datePublished":"2020-08-10T06:20:26+00:00","dateModified":"2023-03-14T08:03:45+00:00","description":"Mit dem Auto oder dem Velo durch Europa reisen? Dank der Wiederaufnahme des freien Personenverkehrs ist die Fahrt \u00fcber die Grenze wieder m\u00f6glich.","breadcrumb":{"@id":"https:\/\/news.save.ch\/sommerreise-andere-laender-andere-vorschriften\/#breadcrumb"},"inLanguage":"de","potentialAction":[{"@type":"ReadAction","target":["https:\/\/news.save.ch\/sommerreise-andere-laender-andere-vorschriften\/"]}]},{"@type":"ImageObject","inLanguage":"de","@id":"https:\/\/news.save.ch\/sommerreise-andere-laender-andere-vorschriften\/#primaryimage","url":"https:\/\/news.save.ch\/wp-content\/uploads\/2020\/08\/Depositphotos_Cristina-Conti-scaled-1.jpg","contentUrl":"https:\/\/news.save.ch\/wp-content\/uploads\/2020\/08\/Depositphotos_Cristina-Conti-scaled-1.jpg","width":1200,"height":800,"caption":"Es ist wichtig, sich vor der Abfahrt \u00fcber die Umweltmassnahmen der jeweiligen L\u00e4nder zu informieren. \u00a9Depositphotos\/Cristina Conti"},{"@type":"BreadcrumbList","@id":"https:\/\/news.save.ch\/sommerreise-andere-laender-andere-vorschriften\/#breadcrumb","itemListElement":[{"@type":"ListItem","position":1,"name":"Home","item":"https:\/\/news.save.ch\/de\/"},{"@type":"ListItem","position":2,"name":"Sommerreise: Andere L\u00e4nder, andere Vorschriften"}]},{"@type":"WebSite","@id":"https:\/\/news.save.ch\/de\/#website","url":"https:\/\/news.save.ch\/de\/","name":"Save","description":"Schweizer Fachzeitschrift f\u00fcr Sicherheit","publisher":{"@id":"https:\/\/news.save.ch\/de\/#organization"},"potentialAction":[{"@type":"SearchAction","target":{"@type":"EntryPoint","urlTemplate":"https:\/\/news.save.ch\/de\/?s={search_term_string}"},"query-input":{"@type":"PropertyValueSpecification","valueRequired":true,"valueName":"search_term_string"}}],"inLanguage":"de"},{"@type":"Organization","@id":"https:\/\/news.save.ch\/de\/#organization","name":"Sicherheitsforum","url":"https:\/\/news.save.ch\/de\/","logo":{"@type":"ImageObject","inLanguage":"de","@id":"https:\/\/news.save.ch\/de\/#\/schema\/logo\/image\/","url":"https:\/\/news.save.ch\/wp-content\/uploads\/2022\/06\/Logo_SF_2012.png","contentUrl":"https:\/\/news.save.ch\/wp-content\/uploads\/2022\/06\/Logo_SF_2012.png","width":1100,"height":91,"caption":"Sicherheitsforum"},"image":{"@id":"https:\/\/news.save.ch\/de\/#\/schema\/logo\/image\/"}},{"@type":"Person","@id":"https:\/\/news.save.ch\/de\/#\/schema\/person\/d49e199490bad7c70d64b9ab51142f2b","name":"admin","image":{"@type":"ImageObject","inLanguage":"de","@id":"https:\/\/secure.gravatar.com\/avatar\/ae2f4d718e6c49043e314ce431e7e645d646302a24a5ef5a8bc8e3f5a032e319?s=96&d=mm&r=g","url":"https:\/\/secure.gravatar.com\/avatar\/ae2f4d718e6c49043e314ce431e7e645d646302a24a5ef5a8bc8e3f5a032e319?s=96&d=mm&r=g","contentUrl":"https:\/\/secure.gravatar.com\/avatar\/ae2f4d718e6c49043e314ce431e7e645d646302a24a5ef5a8bc8e3f5a032e319?s=96&d=mm&r=g","caption":"admin"},"sameAs":["https:\/\/develop.organisator.galledia.ch"],"url":"https:\/\/news.save.ch\/de\/author\/admin\/"}]}},"_links":{"self":[{"href":"https:\/\/news.save.ch\/de\/wp-json\/wp\/v2\/posts\/5915","targetHints":{"allow":["GET"]}}],"collection":[{"href":"https:\/\/news.save.ch\/de\/wp-json\/wp\/v2\/posts"}],"about":[{"href":"https:\/\/news.save.ch\/de\/wp-json\/wp\/v2\/types\/post"}],"author":[{"embeddable":true,"href":"https:\/\/news.save.ch\/de\/wp-json\/wp\/v2\/users\/1"}],"replies":[{"embeddable":true,"href":"https:\/\/news.save.ch\/de\/wp-json\/wp\/v2\/comments?post=5915"}],"version-history":[{"count":1,"href":"https:\/\/news.save.ch\/de\/wp-json\/wp\/v2\/posts\/5915\/revisions"}],"predecessor-version":[{"id":18914,"href":"https:\/\/news.save.ch\/de\/wp-json\/wp\/v2\/posts\/5915\/revisions\/18914"}],"wp:featuredmedia":[{"embeddable":true,"href":"https:\/\/news.save.ch\/de\/wp-json\/wp\/v2\/media\/5916"}],"wp:attachment":[{"href":"https:\/\/news.save.ch\/de\/wp-json\/wp\/v2\/media?parent=5915"}],"wp:term":[{"taxonomy":"category","embeddable":true,"href":"https:\/\/news.save.ch\/de\/wp-json\/wp\/v2\/categories?post=5915"},{"taxonomy":"post_tag","embeddable":true,"href":"https:\/\/news.save.ch\/de\/wp-json\/wp\/v2\/tags?post=5915"}],"curies":[{"name":"wp","href":"https:\/\/api.w.org\/{rel}","templated":true}]}}