{"id":5954,"date":"2020-08-15T08:00:49","date_gmt":"2020-08-15T06:00:49","guid":{"rendered":"https:\/\/news.save.ch\/?p=5954"},"modified":"2023-03-14T09:03:45","modified_gmt":"2023-03-14T08:03:45","slug":"wissen-vermitteln-reicht-nicht","status":null,"type":"post","link":"https:\/\/news.save.ch\/de\/wissen-vermitteln-reicht-nicht\/","title":{"rendered":"Wissen vermitteln reicht nicht"},"content":{"rendered":"<figure id=\"attachment_5955\" aria-describedby=\"caption-attachment-5955\" style=\"width: 680px\" class=\"wp-caption alignnone\"><img loading=\"lazy\" decoding=\"async\" class=\"size-medium wp-image-5955\" src=\"http:\/\/develop.safety-plus.ch\/wp-content\/uploads\/2020\/08\/image.imageformat.fullwidth.503737974.jpg\" alt=\"\" width=\"680\" height=\"340\" srcset=\"https:\/\/news.save.ch\/wp-content\/uploads\/2020\/08\/image.imageformat.fullwidth.503737974.jpg 930w, https:\/\/news.save.ch\/wp-content\/uploads\/2020\/08\/image.imageformat.fullwidth.503737974-680x340.jpg 680w, https:\/\/news.save.ch\/wp-content\/uploads\/2020\/08\/image.imageformat.fullwidth.503737974-768x384.jpg 768w, https:\/\/news.save.ch\/wp-content\/uploads\/2020\/08\/image.imageformat.fullwidth.503737974-18x9.jpg 18w, https:\/\/news.save.ch\/wp-content\/uploads\/2020\/08\/image.imageformat.fullwidth.503737974-375x188.jpg 375w, https:\/\/news.save.ch\/wp-content\/uploads\/2020\/08\/image.imageformat.fullwidth.503737974-700x350.jpg 700w\" sizes=\"auto, (max-width: 680px) 100vw, 680px\" \/><figcaption id=\"caption-attachment-5955\" class=\"wp-caption-text\">Angela Bearth findet es bemerkenswert, wie viele \u00e4ltere Menschen in der akuten Phase noch selber einkaufen gingen. Bild: ETH Z\u00fcrich<\/figcaption><\/figure>\n<p><strong>Frau Bearth, Sie haben zusammen mit anderen Mitgliedern der Gruppe f\u00fcr Consumer Behavior an der ETH Z\u00fcrich das Verhalten der Deutschschweizer Bev\u00f6lkerung w\u00e4hrend der Corona-\u200bKrise unter die Lupe genommen. Was genau haben Sie untersucht?<br \/>\n<\/strong>Angela Bearth: Wir haben in den letzten Monaten zwei L\u00e4ngsschnitt-\u200bErhebungen gemacht: In der ersten Erhebung haben wir rund 1500 Personen zwischen 18 und 69 Jahren insgesamt vier Mal zu ihrem Verhalten w\u00e4hrend der Corona-\u200bKrise befragt. Die erste Befragung haben wir gleich zu Beginn des Lockdowns Mitte M\u00e4rz durchgef\u00fchrt, die letzte nun nach der Einf\u00fchrung der <a href=\"https:\/\/news.save.ch\/coronavirus-verstaerkter-schutz-besonders-gefaehrdeter-personen-und-evaluation-der-wirtschaftlichen-auswirkungen\/\" target=\"_blank\" rel=\"noopener\">Maskenpflicht<\/a> im \u00f6ffentlichen Verkehr. In der zweiten Erhebung haben wir rund 500 Menschen \u00fcber 59 Jahre insgesamt drei Mal zu ihrem Verhalten befragt. Wir haben uns da also bewusst auf die Hauptrisikogruppe konzentriert.<\/p>\n<p><strong>Wie repr\u00e4sentativ sind die beiden Gruppen?<\/strong><br \/>\nIch z\u00f6gere etwas, die beiden Gruppen als repr\u00e4sentativ zu bezeichnen, aber sie vermitteln sicher ein gutes Bild der Situation, da wir auf eine repr\u00e4sentative Verteilung der Geschlechter und der Altersgruppen geachtet haben. Tendenziell sind beide Gruppen etwas besser gebildet als der Durchschnitt der Bev\u00f6lkerung.<\/p>\n<p><strong>Sprechen wir zun\u00e4chst von den \u00e4lteren Menschen. Wie gut hielten sich diese an die Empfehlungen?<br \/>\n<\/strong>Bemerkenswert ist, dass etwa 60 Prozent der \u00e4lteren Menschen auch in der akuten Phase noch selber einkaufen gingen. Klar, nicht jeder hat einen netten Nachbarn, der das \u00fcbernehmen kann. Aber es ist doch erstaunlich, wie wenige sich an die Empfehlung gehalten haben. Die Antworten auf die offenen Fragen best\u00e4tigen, dass sich viele \u00e4ltere Menschen bevormundet f\u00fchlen, wenn sie nicht mehr selber einkaufen d\u00fcrfen.<\/p>\n<p><strong>Wie sieht es bei den anderen Empfehlungen aus?<br \/>\n<\/strong>Die Hygienemassnahmen wurden insgesamt gut eingehalten, wobei das <a href=\"https:\/\/news.save.ch\/rauchen-oeffnet-dem-coronavirus-tuer-und-tor\/\" target=\"_blank\" rel=\"noopener\">Risikobewusstsein<\/a> bei Menschen mit einer Vorerkrankung deutlich h\u00f6her ist.<\/p>\n<p><strong>Weitere Infos<\/strong><\/p>\n<p><a href=\"https:\/\/ethz.ch\/content\/main\/de\/news-und-veranstaltungen\/eth-news\/news\/2020\/08\/wissen-vermitteln-reicht-nicht.html\" target=\"_blank\" rel=\"noopener\">www.ethz.ch<\/a><\/p>\n","protected":false},"excerpt":{"rendered":"<p>Frau Bearth, Sie haben zusammen mit anderen Mitgliedern der Gruppe f\u00fcr Consumer Behavior an der ETH Z\u00fcrich das Verhalten der Deutschschweizer Bev\u00f6lkerung w\u00e4hrend der Corona-\u200bKrise unter die Lupe genommen. Was genau haben Sie untersucht? Angela Bearth: Wir haben in den letzten Monaten zwei L\u00e4ngsschnitt-\u200bErhebungen gemacht: In der ersten Erhebung haben wir rund 1500 Personen zwischen [&hellip;]<\/p>\n","protected":false},"author":1,"featured_media":5955,"comment_status":"closed","ping_status":"closed","sticky":false,"template":"","format":"standard","meta":{"_acf_changed":false,"pgc_sgb_lightbox_settings":"","footnotes":""},"categories":[1,3314],"tags":[1775,168,631,697,2165,149,141,310],"class_list":["post-5954","post","type-post","status-publish","format-standard","has-post-thumbnail","hentry","category-allgemein","category-health-safety","tag-betriebliches-gesundheitsmanagement","tag-bundesrat","tag-coronavirus","tag-eth-zuerich","tag-gesundheitsfoerderung","tag-gesundheitsschutz","tag-praevention","tag-sicherheit"],"acf":[],"hkrextid":null,"publication":null,"issue":null,"workflow":null,"startPage":null,"spitzmarke":null,"_posts_by_tag_page_fields":{"widget_title":"","widget_tags":""},"_at_widget":"1","_yoast_wpseo_primary_category":"4","_yoast_wpseo_focuskw_text_input":"Coronavirus","_yoast_wpseo_opengraph-image":null,"_yoast_wpseo_opengraph-description":null,"_yoast_wpseo_opengraph-title":null,"enclosure":null,"_yoast_wpseo_twitter-title":null,"_yoast_wpseo_twitter-description":null,"_yoast_wpseo_twitter-image":null,"_wp_old_slug":null,"_yoast_wpseo_title":null,"_yoast_wpseo_canonical":null,"yoast_head":"<!-- This site is optimized with the Yoast SEO plugin v27.4 - https:\/\/yoast.com\/product\/yoast-seo-wordpress\/ -->\n<title>Wissen vermitteln reicht nicht - Save<\/title>\n<meta name=\"description\" content=\"ETH-Forschende haben untersucht, wie sich die Bev\u00f6lkerung bisher an die verordneten Corona-Massnahmen gehalten hat.\" \/>\n<meta name=\"robots\" content=\"index, follow, max-snippet:-1, max-image-preview:large, max-video-preview:-1\" \/>\n<link rel=\"canonical\" href=\"https:\/\/news.save.ch\/de\/wissen-vermitteln-reicht-nicht\/\" \/>\n<meta property=\"og:locale\" content=\"de_DE\" \/>\n<meta property=\"og:type\" content=\"article\" \/>\n<meta property=\"og:title\" content=\"Wissen vermitteln reicht nicht - Save\" \/>\n<meta property=\"og:description\" content=\"ETH-Forschende haben untersucht, wie sich die Bev\u00f6lkerung bisher an die verordneten Corona-Massnahmen gehalten hat.\" \/>\n<meta property=\"og:url\" content=\"https:\/\/news.save.ch\/de\/wissen-vermitteln-reicht-nicht\/\" \/>\n<meta property=\"og:site_name\" content=\"Save\" \/>\n<meta property=\"article:published_time\" content=\"2020-08-15T06:00:49+00:00\" \/>\n<meta property=\"article:modified_time\" content=\"2023-03-14T08:03:45+00:00\" \/>\n<meta property=\"og:image\" content=\"https:\/\/news.save.ch\/wp-content\/uploads\/2020\/08\/image.imageformat.fullwidth.503737974.jpg\" \/>\n\t<meta property=\"og:image:width\" content=\"930\" \/>\n\t<meta property=\"og:image:height\" content=\"465\" \/>\n\t<meta property=\"og:image:type\" content=\"image\/jpeg\" \/>\n<meta name=\"author\" content=\"admin\" \/>\n<meta name=\"twitter:card\" content=\"summary_large_image\" \/>\n<meta name=\"twitter:label1\" content=\"Geschrieben von\" \/>\n\t<meta name=\"twitter:data1\" content=\"admin\" \/>\n\t<meta name=\"twitter:label2\" content=\"Gesch\u00e4tzte Lesezeit\" \/>\n\t<meta name=\"twitter:data2\" content=\"2\u00a0Minuten\" \/>\n<script type=\"application\/ld+json\" class=\"yoast-schema-graph\">{\"@context\":\"https:\\\/\\\/schema.org\",\"@graph\":[{\"@type\":\"Article\",\"@id\":\"https:\\\/\\\/news.save.ch\\\/wissen-vermitteln-reicht-nicht\\\/#article\",\"isPartOf\":{\"@id\":\"https:\\\/\\\/news.save.ch\\\/wissen-vermitteln-reicht-nicht\\\/\"},\"author\":{\"name\":\"admin\",\"@id\":\"https:\\\/\\\/news.save.ch\\\/de\\\/#\\\/schema\\\/person\\\/d49e199490bad7c70d64b9ab51142f2b\"},\"headline\":\"Wissen vermitteln reicht nicht\",\"datePublished\":\"2020-08-15T06:00:49+00:00\",\"dateModified\":\"2023-03-14T08:03:45+00:00\",\"mainEntityOfPage\":{\"@id\":\"https:\\\/\\\/news.save.ch\\\/wissen-vermitteln-reicht-nicht\\\/\"},\"wordCount\":328,\"publisher\":{\"@id\":\"https:\\\/\\\/news.save.ch\\\/de\\\/#organization\"},\"image\":{\"@id\":\"https:\\\/\\\/news.save.ch\\\/wissen-vermitteln-reicht-nicht\\\/#primaryimage\"},\"thumbnailUrl\":\"https:\\\/\\\/news.save.ch\\\/wp-content\\\/uploads\\\/2020\\\/08\\\/image.imageformat.fullwidth.503737974.jpg\",\"keywords\":[\"Betriebliches Gesundheitsmanagement\",\"Bundesrat\",\"Coronavirus\",\"ETH Z\u00fcrich\",\"Gesundheitsf\u00f6rderung\",\"Gesundheitsschutz\",\"Pr\u00e4vention\",\"Sicherheit\"],\"articleSection\":[\"ALLGEMEIN\",\"HEALTH &amp; SAFETY\"],\"inLanguage\":\"de\"},{\"@type\":\"WebPage\",\"@id\":\"https:\\\/\\\/news.save.ch\\\/wissen-vermitteln-reicht-nicht\\\/\",\"url\":\"https:\\\/\\\/news.save.ch\\\/wissen-vermitteln-reicht-nicht\\\/\",\"name\":\"Wissen vermitteln reicht nicht - Save\",\"isPartOf\":{\"@id\":\"https:\\\/\\\/news.save.ch\\\/de\\\/#website\"},\"primaryImageOfPage\":{\"@id\":\"https:\\\/\\\/news.save.ch\\\/wissen-vermitteln-reicht-nicht\\\/#primaryimage\"},\"image\":{\"@id\":\"https:\\\/\\\/news.save.ch\\\/wissen-vermitteln-reicht-nicht\\\/#primaryimage\"},\"thumbnailUrl\":\"https:\\\/\\\/news.save.ch\\\/wp-content\\\/uploads\\\/2020\\\/08\\\/image.imageformat.fullwidth.503737974.jpg\",\"datePublished\":\"2020-08-15T06:00:49+00:00\",\"dateModified\":\"2023-03-14T08:03:45+00:00\",\"description\":\"ETH-Forschende haben untersucht, wie sich die Bev\u00f6lkerung bisher an die verordneten Corona-Massnahmen gehalten hat.\",\"breadcrumb\":{\"@id\":\"https:\\\/\\\/news.save.ch\\\/wissen-vermitteln-reicht-nicht\\\/#breadcrumb\"},\"inLanguage\":\"de\",\"potentialAction\":[{\"@type\":\"ReadAction\",\"target\":[\"https:\\\/\\\/news.save.ch\\\/wissen-vermitteln-reicht-nicht\\\/\"]}]},{\"@type\":\"ImageObject\",\"inLanguage\":\"de\",\"@id\":\"https:\\\/\\\/news.save.ch\\\/wissen-vermitteln-reicht-nicht\\\/#primaryimage\",\"url\":\"https:\\\/\\\/news.save.ch\\\/wp-content\\\/uploads\\\/2020\\\/08\\\/image.imageformat.fullwidth.503737974.jpg\",\"contentUrl\":\"https:\\\/\\\/news.save.ch\\\/wp-content\\\/uploads\\\/2020\\\/08\\\/image.imageformat.fullwidth.503737974.jpg\",\"width\":930,\"height\":465,\"caption\":\"Angela Bearth findet es bemerkenswert, wie viele \u00e4ltere Menschen in der akuten Phase noch selber einkaufen gingen. Bild: ETH Z\u00fcrich\"},{\"@type\":\"BreadcrumbList\",\"@id\":\"https:\\\/\\\/news.save.ch\\\/wissen-vermitteln-reicht-nicht\\\/#breadcrumb\",\"itemListElement\":[{\"@type\":\"ListItem\",\"position\":1,\"name\":\"Home\",\"item\":\"https:\\\/\\\/news.save.ch\\\/de\\\/\"},{\"@type\":\"ListItem\",\"position\":2,\"name\":\"Wissen vermitteln reicht nicht\"}]},{\"@type\":\"WebSite\",\"@id\":\"https:\\\/\\\/news.save.ch\\\/de\\\/#website\",\"url\":\"https:\\\/\\\/news.save.ch\\\/de\\\/\",\"name\":\"Save\",\"description\":\"Schweizer Fachzeitschrift f\u00fcr Sicherheit\",\"publisher\":{\"@id\":\"https:\\\/\\\/news.save.ch\\\/de\\\/#organization\"},\"potentialAction\":[{\"@type\":\"SearchAction\",\"target\":{\"@type\":\"EntryPoint\",\"urlTemplate\":\"https:\\\/\\\/news.save.ch\\\/de\\\/?s={search_term_string}\"},\"query-input\":{\"@type\":\"PropertyValueSpecification\",\"valueRequired\":true,\"valueName\":\"search_term_string\"}}],\"inLanguage\":\"de\"},{\"@type\":\"Organization\",\"@id\":\"https:\\\/\\\/news.save.ch\\\/de\\\/#organization\",\"name\":\"Sicherheitsforum\",\"url\":\"https:\\\/\\\/news.save.ch\\\/de\\\/\",\"logo\":{\"@type\":\"ImageObject\",\"inLanguage\":\"de\",\"@id\":\"https:\\\/\\\/news.save.ch\\\/de\\\/#\\\/schema\\\/logo\\\/image\\\/\",\"url\":\"https:\\\/\\\/news.save.ch\\\/wp-content\\\/uploads\\\/2022\\\/06\\\/Logo_SF_2012.png\",\"contentUrl\":\"https:\\\/\\\/news.save.ch\\\/wp-content\\\/uploads\\\/2022\\\/06\\\/Logo_SF_2012.png\",\"width\":1100,\"height\":91,\"caption\":\"Sicherheitsforum\"},\"image\":{\"@id\":\"https:\\\/\\\/news.save.ch\\\/de\\\/#\\\/schema\\\/logo\\\/image\\\/\"}},{\"@type\":\"Person\",\"@id\":\"https:\\\/\\\/news.save.ch\\\/de\\\/#\\\/schema\\\/person\\\/d49e199490bad7c70d64b9ab51142f2b\",\"name\":\"admin\",\"image\":{\"@type\":\"ImageObject\",\"inLanguage\":\"de\",\"@id\":\"https:\\\/\\\/secure.gravatar.com\\\/avatar\\\/ae2f4d718e6c49043e314ce431e7e645d646302a24a5ef5a8bc8e3f5a032e319?s=96&d=mm&r=g\",\"url\":\"https:\\\/\\\/secure.gravatar.com\\\/avatar\\\/ae2f4d718e6c49043e314ce431e7e645d646302a24a5ef5a8bc8e3f5a032e319?s=96&d=mm&r=g\",\"contentUrl\":\"https:\\\/\\\/secure.gravatar.com\\\/avatar\\\/ae2f4d718e6c49043e314ce431e7e645d646302a24a5ef5a8bc8e3f5a032e319?s=96&d=mm&r=g\",\"caption\":\"admin\"},\"sameAs\":[\"https:\\\/\\\/develop.organisator.galledia.ch\"],\"url\":\"https:\\\/\\\/news.save.ch\\\/de\\\/author\\\/admin\\\/\"}]}<\/script>\n<!-- \/ Yoast SEO plugin. -->","yoast_head_json":{"title":"Wissen vermitteln reicht nicht - Save","description":"ETH-Forschende haben untersucht, wie sich die Bev\u00f6lkerung bisher an die verordneten Corona-Massnahmen gehalten hat.","robots":{"index":"index","follow":"follow","max-snippet":"max-snippet:-1","max-image-preview":"max-image-preview:large","max-video-preview":"max-video-preview:-1"},"canonical":"https:\/\/news.save.ch\/de\/wissen-vermitteln-reicht-nicht\/","og_locale":"de_DE","og_type":"article","og_title":"Wissen vermitteln reicht nicht - Save","og_description":"ETH-Forschende haben untersucht, wie sich die Bev\u00f6lkerung bisher an die verordneten Corona-Massnahmen gehalten hat.","og_url":"https:\/\/news.save.ch\/de\/wissen-vermitteln-reicht-nicht\/","og_site_name":"Save","article_published_time":"2020-08-15T06:00:49+00:00","article_modified_time":"2023-03-14T08:03:45+00:00","og_image":[{"width":930,"height":465,"url":"https:\/\/news.save.ch\/wp-content\/uploads\/2020\/08\/image.imageformat.fullwidth.503737974.jpg","type":"image\/jpeg"}],"author":"admin","twitter_card":"summary_large_image","twitter_misc":{"Geschrieben von":"admin","Gesch\u00e4tzte Lesezeit":"2\u00a0Minuten"},"schema":{"@context":"https:\/\/schema.org","@graph":[{"@type":"Article","@id":"https:\/\/news.save.ch\/wissen-vermitteln-reicht-nicht\/#article","isPartOf":{"@id":"https:\/\/news.save.ch\/wissen-vermitteln-reicht-nicht\/"},"author":{"name":"admin","@id":"https:\/\/news.save.ch\/de\/#\/schema\/person\/d49e199490bad7c70d64b9ab51142f2b"},"headline":"Wissen vermitteln reicht nicht","datePublished":"2020-08-15T06:00:49+00:00","dateModified":"2023-03-14T08:03:45+00:00","mainEntityOfPage":{"@id":"https:\/\/news.save.ch\/wissen-vermitteln-reicht-nicht\/"},"wordCount":328,"publisher":{"@id":"https:\/\/news.save.ch\/de\/#organization"},"image":{"@id":"https:\/\/news.save.ch\/wissen-vermitteln-reicht-nicht\/#primaryimage"},"thumbnailUrl":"https:\/\/news.save.ch\/wp-content\/uploads\/2020\/08\/image.imageformat.fullwidth.503737974.jpg","keywords":["Betriebliches Gesundheitsmanagement","Bundesrat","Coronavirus","ETH Z\u00fcrich","Gesundheitsf\u00f6rderung","Gesundheitsschutz","Pr\u00e4vention","Sicherheit"],"articleSection":["ALLGEMEIN","HEALTH &amp; SAFETY"],"inLanguage":"de"},{"@type":"WebPage","@id":"https:\/\/news.save.ch\/wissen-vermitteln-reicht-nicht\/","url":"https:\/\/news.save.ch\/wissen-vermitteln-reicht-nicht\/","name":"Wissen vermitteln reicht nicht - Save","isPartOf":{"@id":"https:\/\/news.save.ch\/de\/#website"},"primaryImageOfPage":{"@id":"https:\/\/news.save.ch\/wissen-vermitteln-reicht-nicht\/#primaryimage"},"image":{"@id":"https:\/\/news.save.ch\/wissen-vermitteln-reicht-nicht\/#primaryimage"},"thumbnailUrl":"https:\/\/news.save.ch\/wp-content\/uploads\/2020\/08\/image.imageformat.fullwidth.503737974.jpg","datePublished":"2020-08-15T06:00:49+00:00","dateModified":"2023-03-14T08:03:45+00:00","description":"ETH-Forschende haben untersucht, wie sich die Bev\u00f6lkerung bisher an die verordneten Corona-Massnahmen gehalten hat.","breadcrumb":{"@id":"https:\/\/news.save.ch\/wissen-vermitteln-reicht-nicht\/#breadcrumb"},"inLanguage":"de","potentialAction":[{"@type":"ReadAction","target":["https:\/\/news.save.ch\/wissen-vermitteln-reicht-nicht\/"]}]},{"@type":"ImageObject","inLanguage":"de","@id":"https:\/\/news.save.ch\/wissen-vermitteln-reicht-nicht\/#primaryimage","url":"https:\/\/news.save.ch\/wp-content\/uploads\/2020\/08\/image.imageformat.fullwidth.503737974.jpg","contentUrl":"https:\/\/news.save.ch\/wp-content\/uploads\/2020\/08\/image.imageformat.fullwidth.503737974.jpg","width":930,"height":465,"caption":"Angela Bearth findet es bemerkenswert, wie viele \u00e4ltere Menschen in der akuten Phase noch selber einkaufen gingen. Bild: ETH Z\u00fcrich"},{"@type":"BreadcrumbList","@id":"https:\/\/news.save.ch\/wissen-vermitteln-reicht-nicht\/#breadcrumb","itemListElement":[{"@type":"ListItem","position":1,"name":"Home","item":"https:\/\/news.save.ch\/de\/"},{"@type":"ListItem","position":2,"name":"Wissen vermitteln reicht nicht"}]},{"@type":"WebSite","@id":"https:\/\/news.save.ch\/de\/#website","url":"https:\/\/news.save.ch\/de\/","name":"Save","description":"Schweizer Fachzeitschrift f\u00fcr Sicherheit","publisher":{"@id":"https:\/\/news.save.ch\/de\/#organization"},"potentialAction":[{"@type":"SearchAction","target":{"@type":"EntryPoint","urlTemplate":"https:\/\/news.save.ch\/de\/?s={search_term_string}"},"query-input":{"@type":"PropertyValueSpecification","valueRequired":true,"valueName":"search_term_string"}}],"inLanguage":"de"},{"@type":"Organization","@id":"https:\/\/news.save.ch\/de\/#organization","name":"Sicherheitsforum","url":"https:\/\/news.save.ch\/de\/","logo":{"@type":"ImageObject","inLanguage":"de","@id":"https:\/\/news.save.ch\/de\/#\/schema\/logo\/image\/","url":"https:\/\/news.save.ch\/wp-content\/uploads\/2022\/06\/Logo_SF_2012.png","contentUrl":"https:\/\/news.save.ch\/wp-content\/uploads\/2022\/06\/Logo_SF_2012.png","width":1100,"height":91,"caption":"Sicherheitsforum"},"image":{"@id":"https:\/\/news.save.ch\/de\/#\/schema\/logo\/image\/"}},{"@type":"Person","@id":"https:\/\/news.save.ch\/de\/#\/schema\/person\/d49e199490bad7c70d64b9ab51142f2b","name":"admin","image":{"@type":"ImageObject","inLanguage":"de","@id":"https:\/\/secure.gravatar.com\/avatar\/ae2f4d718e6c49043e314ce431e7e645d646302a24a5ef5a8bc8e3f5a032e319?s=96&d=mm&r=g","url":"https:\/\/secure.gravatar.com\/avatar\/ae2f4d718e6c49043e314ce431e7e645d646302a24a5ef5a8bc8e3f5a032e319?s=96&d=mm&r=g","contentUrl":"https:\/\/secure.gravatar.com\/avatar\/ae2f4d718e6c49043e314ce431e7e645d646302a24a5ef5a8bc8e3f5a032e319?s=96&d=mm&r=g","caption":"admin"},"sameAs":["https:\/\/develop.organisator.galledia.ch"],"url":"https:\/\/news.save.ch\/de\/author\/admin\/"}]}},"_links":{"self":[{"href":"https:\/\/news.save.ch\/de\/wp-json\/wp\/v2\/posts\/5954","targetHints":{"allow":["GET"]}}],"collection":[{"href":"https:\/\/news.save.ch\/de\/wp-json\/wp\/v2\/posts"}],"about":[{"href":"https:\/\/news.save.ch\/de\/wp-json\/wp\/v2\/types\/post"}],"author":[{"embeddable":true,"href":"https:\/\/news.save.ch\/de\/wp-json\/wp\/v2\/users\/1"}],"replies":[{"embeddable":true,"href":"https:\/\/news.save.ch\/de\/wp-json\/wp\/v2\/comments?post=5954"}],"version-history":[{"count":1,"href":"https:\/\/news.save.ch\/de\/wp-json\/wp\/v2\/posts\/5954\/revisions"}],"predecessor-version":[{"id":18180,"href":"https:\/\/news.save.ch\/de\/wp-json\/wp\/v2\/posts\/5954\/revisions\/18180"}],"wp:featuredmedia":[{"embeddable":true,"href":"https:\/\/news.save.ch\/de\/wp-json\/wp\/v2\/media\/5955"}],"wp:attachment":[{"href":"https:\/\/news.save.ch\/de\/wp-json\/wp\/v2\/media?parent=5954"}],"wp:term":[{"taxonomy":"category","embeddable":true,"href":"https:\/\/news.save.ch\/de\/wp-json\/wp\/v2\/categories?post=5954"},{"taxonomy":"post_tag","embeddable":true,"href":"https:\/\/news.save.ch\/de\/wp-json\/wp\/v2\/tags?post=5954"}],"curies":[{"name":"wp","href":"https:\/\/api.w.org\/{rel}","templated":true}]}}