{"id":5959,"date":"2018-02-02T17:05:16","date_gmt":"2018-02-02T16:05:16","guid":{"rendered":"https:\/\/news.save.ch\/?p=5959"},"modified":"2018-02-02T17:05:16","modified_gmt":"2018-02-02T16:05:16","slug":"ses-zeichnet-nachwuchskraefte-aus","status":null,"type":"post","link":"https:\/\/news.save.ch\/de\/ses-zeichnet-nachwuchskraefte-aus\/","title":{"rendered":"SES zeichnet Nachwuchskr\u00e4fte aus"},"content":{"rendered":"<figure id=\"attachment_5960\" aria-describedby=\"caption-attachment-5960\" style=\"width: 680px\" class=\"wp-caption aligncenter\"><img loading=\"lazy\" decoding=\"async\" class=\"wp-image-5960 size-medium\" src=\"https:\/\/news.save.ch\/wp-content\/uploads\/2018\/02\/IMG_6495_bearbeitet-1-scaled-1.jpg\" alt=\"SES, Diplomfeier, Projektleiter Sicherheitssysteme\" width=\"680\" height=\"454\" \/><figcaption id=\"caption-attachment-5960\" class=\"wp-caption-text\">Foto: R. Str\u00e4ssle<\/figcaption><\/figure>\n<p>Der Verband Schweizerischer Errichter von Sicherheitsanlagen (<a href=\"https:\/\/www.sicher-ses.ch\/de\">SES<\/a>) hat sich professionelle Sicherheit auf die Fahne geschrieben. Doch das geht nicht ohne Nachwuchskr\u00e4fte, die es auszubilden gilt. Deshalb bietet der SES in Kooperation mit der Technischen Fachschule Winterthur (<a href=\"https:\/\/www.stfw.ch\/de\/\">STFW<\/a>) den Lehrgang \u00ab<a href=\"https:\/\/www.sicher-ses.ch\/de\/ausbildung\">Projektleiter\/in Sicherheitssysteme<\/a>\u00bb an. Die Zusatzausbildung wurde erstmals im Jahr 2009 ausgeschrieben, seither haben j\u00e4hrlich rund\u00a0 20 junge Berufsleute die Herausforderung in Angriff genommen.<\/p>\n<p>Am 1. Februar 2018 war es wieder so weit, die achte Diplomfeier fand in der trendigen \u00abNietturm-Bar\u00bb im \u00abSchiffbau\u00bb in der Kultur- und Ausgehmeile Z\u00fcrich West statt. SES-Pr\u00e4sident Peter Nebiker (Bild: erste Reihe, zweiter von rechts) wies in seiner Ansprache darauf hin, dass gerade in der Sicherheitsbranche die Komplexit\u00e4t als Folge der Digitalisierung und Vernetzung\u00a0 der Systeme stark zunehme. Umso wichtiger sei eine fundierte Weiterbildung, wie sie der Verband anbiete. Die SES-Projektleiterausbildung verleiht wahlweise das n\u00f6tige R\u00fcstzeug in den Fachrichtungen \u00abSecurity\u00bb oder \u00abFire\u00bb. Der nebenberufliche Lehrgang aller sechs Module dauert mindestens 18 Monate. Wer durchh\u00e4lt, dem winkt nach bestandener Pr\u00fcfung ein eidgen\u00f6ssischer Fachausweis.<\/p>\n<p><strong>17 frischgebackene Projektleiter Sicherheit<\/strong><\/p>\n<p>Peter Nebiker und Erich Meier, Rektor der STFW, konnten den 17 frischgebackenen Projektleitern f\u00fcr Sicherheitssysteme den eidgen\u00f6ssischen Fachausweis \u00fcberreichen. Ein Papier, mit dem die jungen Berufsleute selbstbewusst in die n\u00e4chste Lohnverhandlung gehen d\u00fcrfen, wie sich Rektor Meier ausdr\u00fcckte.<\/p>\n<p>Die Weiterbildung erfolgreich bestanden haben (in alphabetischer Reihenfolge): Viktor Anderegg, Nikoll Bisaku, Simon D\u00f6ssegger, Florian Eugster, Michael F\u00e4ssler, Gian-Reto Gelmi, Marco Peter, Michael Rappo, Luis Rodriguez, Kilian Truninger, David W\u00fcthrich, Lars Engeler, Lukas Furgler, Michael Gut, David It, Holger Jaekel, Manuel Keller.<\/p>\n<p>Bestnoten erzielten im Bereich \u201eFeuer\u201c Lars Engeler (Securiton AG) und in der \u201eSicherheit\u201c waren es Simon D\u00f6ssegger (Sch\u00e4fer Partner AG) sowie Luis Rodriguez (OSC GmbH).<\/p>\n<p><em>(rs)<\/em><\/p>\n<p>&nbsp;<\/p>\n","protected":false},"excerpt":{"rendered":"<p>Der Verband Schweizerischer Errichter von Sicherheitsanlagen (SES) hat sich professionelle Sicherheit auf die Fahne geschrieben. Doch das geht nicht ohne Nachwuchskr\u00e4fte, die es auszubilden gilt. Deshalb bietet der SES in Kooperation mit der Technischen Fachschule Winterthur (STFW) den Lehrgang \u00abProjektleiter\/in Sicherheitssysteme\u00bb an. Die Zusatzausbildung wurde erstmals im Jahr 2009 ausgeschrieben, seither haben j\u00e4hrlich rund\u00a0 20 [&hellip;]<\/p>\n","protected":false},"author":8,"featured_media":5960,"comment_status":"open","ping_status":"open","sticky":false,"template":"","format":"standard","meta":{"_acf_changed":false,"pgc_sgb_lightbox_settings":"","footnotes":""},"categories":[1],"tags":[109,66],"class_list":["post-5959","post","type-post","status-publish","format-standard","has-post-thumbnail","hentry","category-allgemein","tag-aus-und-weiterbildung","tag-verbaende"],"acf":[],"hkrextid":null,"publication":null,"issue":null,"workflow":null,"startPage":null,"spitzmarke":null,"_posts_by_tag_page_fields":{"widget_title":"","widget_tags":""},"_at_widget":"1","_yoast_wpseo_primary_category":"1","_yoast_wpseo_focuskw_text_input":"SES","_yoast_wpseo_opengraph-image":null,"_yoast_wpseo_opengraph-description":null,"_yoast_wpseo_opengraph-title":null,"enclosure":null,"_yoast_wpseo_twitter-title":null,"_yoast_wpseo_twitter-description":null,"_yoast_wpseo_twitter-image":null,"_wp_old_slug":null,"_yoast_wpseo_title":null,"_yoast_wpseo_canonical":null,"yoast_head":"<!-- This site is optimized with the Yoast SEO plugin v27.5 - https:\/\/yoast.com\/product\/yoast-seo-wordpress\/ -->\n<title>SES zeichnet Nachwuchskr\u00e4fte aus - Save<\/title>\n<meta name=\"description\" content=\"Erneut konnte der Fachverband SES k\u00fcrzlich 17 junge Fachkr\u00e4fte mit dem eidgen\u00f6ssischen Fachausweis \u00abProjektleiter Sicherheitssysteme\u00bb auszeichnen.\" \/>\n<meta name=\"robots\" content=\"index, follow, max-snippet:-1, max-image-preview:large, max-video-preview:-1\" \/>\n<link rel=\"canonical\" href=\"https:\/\/news.save.ch\/de\/ses-zeichnet-nachwuchskraefte-aus\/\" \/>\n<meta property=\"og:locale\" content=\"de_DE\" \/>\n<meta property=\"og:type\" content=\"article\" \/>\n<meta property=\"og:title\" content=\"SES zeichnet Nachwuchskr\u00e4fte aus - Save\" \/>\n<meta property=\"og:description\" content=\"Erneut konnte der Fachverband SES k\u00fcrzlich 17 junge Fachkr\u00e4fte mit dem eidgen\u00f6ssischen Fachausweis \u00abProjektleiter Sicherheitssysteme\u00bb auszeichnen.\" \/>\n<meta property=\"og:url\" content=\"https:\/\/news.save.ch\/de\/ses-zeichnet-nachwuchskraefte-aus\/\" \/>\n<meta property=\"og:site_name\" content=\"Save\" \/>\n<meta property=\"article:published_time\" content=\"2018-02-02T16:05:16+00:00\" \/>\n<meta property=\"og:image\" content=\"https:\/\/news.save.ch\/wp-content\/uploads\/2018\/02\/IMG_6495_bearbeitet-1-scaled-1-scaled.jpg\" \/>\n\t<meta property=\"og:image:width\" content=\"1400\" \/>\n\t<meta property=\"og:image:height\" content=\"935\" \/>\n\t<meta property=\"og:image:type\" content=\"image\/jpeg\" \/>\n<meta name=\"author\" content=\"Roger Str\u00e4ssle\" \/>\n<meta name=\"twitter:card\" content=\"summary_large_image\" \/>\n<meta name=\"twitter:label1\" content=\"Geschrieben von\" \/>\n\t<meta name=\"twitter:data1\" content=\"Roger Str\u00e4ssle\" \/>\n\t<meta name=\"twitter:label2\" content=\"Gesch\u00e4tzte Lesezeit\" \/>\n\t<meta name=\"twitter:data2\" content=\"2\u00a0Minuten\" \/>\n<script type=\"application\/ld+json\" class=\"yoast-schema-graph\">{\"@context\":\"https:\\\/\\\/schema.org\",\"@graph\":[{\"@type\":\"Article\",\"@id\":\"https:\\\/\\\/news.save.ch\\\/ses-zeichnet-nachwuchskraefte-aus\\\/#article\",\"isPartOf\":{\"@id\":\"https:\\\/\\\/news.save.ch\\\/ses-zeichnet-nachwuchskraefte-aus\\\/\"},\"author\":{\"name\":\"Roger Str\u00e4ssle\",\"@id\":\"https:\\\/\\\/news.save.ch\\\/de\\\/#\\\/schema\\\/person\\\/d5022db048e0e2b9785c50e5b24da5aa\"},\"headline\":\"SES zeichnet Nachwuchskr\u00e4fte aus\",\"datePublished\":\"2018-02-02T16:05:16+00:00\",\"mainEntityOfPage\":{\"@id\":\"https:\\\/\\\/news.save.ch\\\/ses-zeichnet-nachwuchskraefte-aus\\\/\"},\"wordCount\":306,\"commentCount\":0,\"publisher\":{\"@id\":\"https:\\\/\\\/news.save.ch\\\/de\\\/#organization\"},\"image\":{\"@id\":\"https:\\\/\\\/news.save.ch\\\/ses-zeichnet-nachwuchskraefte-aus\\\/#primaryimage\"},\"thumbnailUrl\":\"https:\\\/\\\/news.save.ch\\\/wp-content\\\/uploads\\\/2018\\\/02\\\/IMG_6495_bearbeitet-1-scaled-1-scaled.jpg\",\"keywords\":[\"Aus- und Weiterbildung\",\"Verb\u00e4nde\"],\"articleSection\":[\"ALLGEMEIN\"],\"inLanguage\":\"de\"},{\"@type\":\"WebPage\",\"@id\":\"https:\\\/\\\/news.save.ch\\\/ses-zeichnet-nachwuchskraefte-aus\\\/\",\"url\":\"https:\\\/\\\/news.save.ch\\\/ses-zeichnet-nachwuchskraefte-aus\\\/\",\"name\":\"SES zeichnet Nachwuchskr\u00e4fte aus - Save\",\"isPartOf\":{\"@id\":\"https:\\\/\\\/news.save.ch\\\/de\\\/#website\"},\"primaryImageOfPage\":{\"@id\":\"https:\\\/\\\/news.save.ch\\\/ses-zeichnet-nachwuchskraefte-aus\\\/#primaryimage\"},\"image\":{\"@id\":\"https:\\\/\\\/news.save.ch\\\/ses-zeichnet-nachwuchskraefte-aus\\\/#primaryimage\"},\"thumbnailUrl\":\"https:\\\/\\\/news.save.ch\\\/wp-content\\\/uploads\\\/2018\\\/02\\\/IMG_6495_bearbeitet-1-scaled-1-scaled.jpg\",\"datePublished\":\"2018-02-02T16:05:16+00:00\",\"description\":\"Erneut konnte der Fachverband SES k\u00fcrzlich 17 junge Fachkr\u00e4fte mit dem eidgen\u00f6ssischen Fachausweis \u00abProjektleiter Sicherheitssysteme\u00bb auszeichnen.\",\"breadcrumb\":{\"@id\":\"https:\\\/\\\/news.save.ch\\\/ses-zeichnet-nachwuchskraefte-aus\\\/#breadcrumb\"},\"inLanguage\":\"de\",\"potentialAction\":[{\"@type\":\"ReadAction\",\"target\":[\"https:\\\/\\\/news.save.ch\\\/ses-zeichnet-nachwuchskraefte-aus\\\/\"]}]},{\"@type\":\"ImageObject\",\"inLanguage\":\"de\",\"@id\":\"https:\\\/\\\/news.save.ch\\\/ses-zeichnet-nachwuchskraefte-aus\\\/#primaryimage\",\"url\":\"https:\\\/\\\/news.save.ch\\\/wp-content\\\/uploads\\\/2018\\\/02\\\/IMG_6495_bearbeitet-1-scaled-1-scaled.jpg\",\"contentUrl\":\"https:\\\/\\\/news.save.ch\\\/wp-content\\\/uploads\\\/2018\\\/02\\\/IMG_6495_bearbeitet-1-scaled-1-scaled.jpg\",\"width\":1400,\"height\":935,\"caption\":\"Foto: R. Str\u00e4ssle\"},{\"@type\":\"BreadcrumbList\",\"@id\":\"https:\\\/\\\/news.save.ch\\\/ses-zeichnet-nachwuchskraefte-aus\\\/#breadcrumb\",\"itemListElement\":[{\"@type\":\"ListItem\",\"position\":1,\"name\":\"Home\",\"item\":\"https:\\\/\\\/news.save.ch\\\/de\\\/\"},{\"@type\":\"ListItem\",\"position\":2,\"name\":\"SES zeichnet Nachwuchskr\u00e4fte aus\"}]},{\"@type\":\"WebSite\",\"@id\":\"https:\\\/\\\/news.save.ch\\\/de\\\/#website\",\"url\":\"https:\\\/\\\/news.save.ch\\\/de\\\/\",\"name\":\"Save\",\"description\":\"Schweizer Fachzeitschrift f\u00fcr Sicherheit\",\"publisher\":{\"@id\":\"https:\\\/\\\/news.save.ch\\\/de\\\/#organization\"},\"potentialAction\":[{\"@type\":\"SearchAction\",\"target\":{\"@type\":\"EntryPoint\",\"urlTemplate\":\"https:\\\/\\\/news.save.ch\\\/de\\\/?s={search_term_string}\"},\"query-input\":{\"@type\":\"PropertyValueSpecification\",\"valueRequired\":true,\"valueName\":\"search_term_string\"}}],\"inLanguage\":\"de\"},{\"@type\":\"Organization\",\"@id\":\"https:\\\/\\\/news.save.ch\\\/de\\\/#organization\",\"name\":\"Sicherheitsforum\",\"url\":\"https:\\\/\\\/news.save.ch\\\/de\\\/\",\"logo\":{\"@type\":\"ImageObject\",\"inLanguage\":\"de\",\"@id\":\"https:\\\/\\\/news.save.ch\\\/de\\\/#\\\/schema\\\/logo\\\/image\\\/\",\"url\":\"https:\\\/\\\/news.save.ch\\\/wp-content\\\/uploads\\\/2022\\\/06\\\/Logo_SF_2012.png\",\"contentUrl\":\"https:\\\/\\\/news.save.ch\\\/wp-content\\\/uploads\\\/2022\\\/06\\\/Logo_SF_2012.png\",\"width\":1100,\"height\":91,\"caption\":\"Sicherheitsforum\"},\"image\":{\"@id\":\"https:\\\/\\\/news.save.ch\\\/de\\\/#\\\/schema\\\/logo\\\/image\\\/\"}},{\"@type\":\"Person\",\"@id\":\"https:\\\/\\\/news.save.ch\\\/de\\\/#\\\/schema\\\/person\\\/d5022db048e0e2b9785c50e5b24da5aa\",\"name\":\"Roger Str\u00e4ssle\",\"image\":{\"@type\":\"ImageObject\",\"inLanguage\":\"de\",\"@id\":\"https:\\\/\\\/secure.gravatar.com\\\/avatar\\\/862a5569d087de48e5856e32f45d719a03804c891d6deb8d4f71a660e79e4a47?s=96&d=mm&r=g\",\"url\":\"https:\\\/\\\/secure.gravatar.com\\\/avatar\\\/862a5569d087de48e5856e32f45d719a03804c891d6deb8d4f71a660e79e4a47?s=96&d=mm&r=g\",\"contentUrl\":\"https:\\\/\\\/secure.gravatar.com\\\/avatar\\\/862a5569d087de48e5856e32f45d719a03804c891d6deb8d4f71a660e79e4a47?s=96&d=mm&r=g\",\"caption\":\"Roger Str\u00e4ssle\"},\"url\":\"https:\\\/\\\/news.save.ch\\\/de\\\/author\\\/roger-straessle\\\/\"}]}<\/script>\n<!-- \/ Yoast SEO plugin. -->","yoast_head_json":{"title":"SES zeichnet Nachwuchskr\u00e4fte aus - Save","description":"Erneut konnte der Fachverband SES k\u00fcrzlich 17 junge Fachkr\u00e4fte mit dem eidgen\u00f6ssischen Fachausweis \u00abProjektleiter Sicherheitssysteme\u00bb auszeichnen.","robots":{"index":"index","follow":"follow","max-snippet":"max-snippet:-1","max-image-preview":"max-image-preview:large","max-video-preview":"max-video-preview:-1"},"canonical":"https:\/\/news.save.ch\/de\/ses-zeichnet-nachwuchskraefte-aus\/","og_locale":"de_DE","og_type":"article","og_title":"SES zeichnet Nachwuchskr\u00e4fte aus - Save","og_description":"Erneut konnte der Fachverband SES k\u00fcrzlich 17 junge Fachkr\u00e4fte mit dem eidgen\u00f6ssischen Fachausweis \u00abProjektleiter Sicherheitssysteme\u00bb auszeichnen.","og_url":"https:\/\/news.save.ch\/de\/ses-zeichnet-nachwuchskraefte-aus\/","og_site_name":"Save","article_published_time":"2018-02-02T16:05:16+00:00","og_image":[{"width":1400,"height":935,"url":"https:\/\/news.save.ch\/wp-content\/uploads\/2018\/02\/IMG_6495_bearbeitet-1-scaled-1-scaled.jpg","type":"image\/jpeg"}],"author":"Roger Str\u00e4ssle","twitter_card":"summary_large_image","twitter_misc":{"Geschrieben von":"Roger Str\u00e4ssle","Gesch\u00e4tzte Lesezeit":"2\u00a0Minuten"},"schema":{"@context":"https:\/\/schema.org","@graph":[{"@type":"Article","@id":"https:\/\/news.save.ch\/ses-zeichnet-nachwuchskraefte-aus\/#article","isPartOf":{"@id":"https:\/\/news.save.ch\/ses-zeichnet-nachwuchskraefte-aus\/"},"author":{"name":"Roger Str\u00e4ssle","@id":"https:\/\/news.save.ch\/de\/#\/schema\/person\/d5022db048e0e2b9785c50e5b24da5aa"},"headline":"SES zeichnet Nachwuchskr\u00e4fte aus","datePublished":"2018-02-02T16:05:16+00:00","mainEntityOfPage":{"@id":"https:\/\/news.save.ch\/ses-zeichnet-nachwuchskraefte-aus\/"},"wordCount":306,"commentCount":0,"publisher":{"@id":"https:\/\/news.save.ch\/de\/#organization"},"image":{"@id":"https:\/\/news.save.ch\/ses-zeichnet-nachwuchskraefte-aus\/#primaryimage"},"thumbnailUrl":"https:\/\/news.save.ch\/wp-content\/uploads\/2018\/02\/IMG_6495_bearbeitet-1-scaled-1-scaled.jpg","keywords":["Aus- und Weiterbildung","Verb\u00e4nde"],"articleSection":["ALLGEMEIN"],"inLanguage":"de"},{"@type":"WebPage","@id":"https:\/\/news.save.ch\/ses-zeichnet-nachwuchskraefte-aus\/","url":"https:\/\/news.save.ch\/ses-zeichnet-nachwuchskraefte-aus\/","name":"SES zeichnet Nachwuchskr\u00e4fte aus - Save","isPartOf":{"@id":"https:\/\/news.save.ch\/de\/#website"},"primaryImageOfPage":{"@id":"https:\/\/news.save.ch\/ses-zeichnet-nachwuchskraefte-aus\/#primaryimage"},"image":{"@id":"https:\/\/news.save.ch\/ses-zeichnet-nachwuchskraefte-aus\/#primaryimage"},"thumbnailUrl":"https:\/\/news.save.ch\/wp-content\/uploads\/2018\/02\/IMG_6495_bearbeitet-1-scaled-1-scaled.jpg","datePublished":"2018-02-02T16:05:16+00:00","description":"Erneut konnte der Fachverband SES k\u00fcrzlich 17 junge Fachkr\u00e4fte mit dem eidgen\u00f6ssischen Fachausweis \u00abProjektleiter Sicherheitssysteme\u00bb auszeichnen.","breadcrumb":{"@id":"https:\/\/news.save.ch\/ses-zeichnet-nachwuchskraefte-aus\/#breadcrumb"},"inLanguage":"de","potentialAction":[{"@type":"ReadAction","target":["https:\/\/news.save.ch\/ses-zeichnet-nachwuchskraefte-aus\/"]}]},{"@type":"ImageObject","inLanguage":"de","@id":"https:\/\/news.save.ch\/ses-zeichnet-nachwuchskraefte-aus\/#primaryimage","url":"https:\/\/news.save.ch\/wp-content\/uploads\/2018\/02\/IMG_6495_bearbeitet-1-scaled-1-scaled.jpg","contentUrl":"https:\/\/news.save.ch\/wp-content\/uploads\/2018\/02\/IMG_6495_bearbeitet-1-scaled-1-scaled.jpg","width":1400,"height":935,"caption":"Foto: R. Str\u00e4ssle"},{"@type":"BreadcrumbList","@id":"https:\/\/news.save.ch\/ses-zeichnet-nachwuchskraefte-aus\/#breadcrumb","itemListElement":[{"@type":"ListItem","position":1,"name":"Home","item":"https:\/\/news.save.ch\/de\/"},{"@type":"ListItem","position":2,"name":"SES zeichnet Nachwuchskr\u00e4fte aus"}]},{"@type":"WebSite","@id":"https:\/\/news.save.ch\/de\/#website","url":"https:\/\/news.save.ch\/de\/","name":"Save","description":"Schweizer Fachzeitschrift f\u00fcr Sicherheit","publisher":{"@id":"https:\/\/news.save.ch\/de\/#organization"},"potentialAction":[{"@type":"SearchAction","target":{"@type":"EntryPoint","urlTemplate":"https:\/\/news.save.ch\/de\/?s={search_term_string}"},"query-input":{"@type":"PropertyValueSpecification","valueRequired":true,"valueName":"search_term_string"}}],"inLanguage":"de"},{"@type":"Organization","@id":"https:\/\/news.save.ch\/de\/#organization","name":"Sicherheitsforum","url":"https:\/\/news.save.ch\/de\/","logo":{"@type":"ImageObject","inLanguage":"de","@id":"https:\/\/news.save.ch\/de\/#\/schema\/logo\/image\/","url":"https:\/\/news.save.ch\/wp-content\/uploads\/2022\/06\/Logo_SF_2012.png","contentUrl":"https:\/\/news.save.ch\/wp-content\/uploads\/2022\/06\/Logo_SF_2012.png","width":1100,"height":91,"caption":"Sicherheitsforum"},"image":{"@id":"https:\/\/news.save.ch\/de\/#\/schema\/logo\/image\/"}},{"@type":"Person","@id":"https:\/\/news.save.ch\/de\/#\/schema\/person\/d5022db048e0e2b9785c50e5b24da5aa","name":"Roger Str\u00e4ssle","image":{"@type":"ImageObject","inLanguage":"de","@id":"https:\/\/secure.gravatar.com\/avatar\/862a5569d087de48e5856e32f45d719a03804c891d6deb8d4f71a660e79e4a47?s=96&d=mm&r=g","url":"https:\/\/secure.gravatar.com\/avatar\/862a5569d087de48e5856e32f45d719a03804c891d6deb8d4f71a660e79e4a47?s=96&d=mm&r=g","contentUrl":"https:\/\/secure.gravatar.com\/avatar\/862a5569d087de48e5856e32f45d719a03804c891d6deb8d4f71a660e79e4a47?s=96&d=mm&r=g","caption":"Roger Str\u00e4ssle"},"url":"https:\/\/news.save.ch\/de\/author\/roger-straessle\/"}]}},"_links":{"self":[{"href":"https:\/\/news.save.ch\/de\/wp-json\/wp\/v2\/posts\/5959","targetHints":{"allow":["GET"]}}],"collection":[{"href":"https:\/\/news.save.ch\/de\/wp-json\/wp\/v2\/posts"}],"about":[{"href":"https:\/\/news.save.ch\/de\/wp-json\/wp\/v2\/types\/post"}],"author":[{"embeddable":true,"href":"https:\/\/news.save.ch\/de\/wp-json\/wp\/v2\/users\/8"}],"replies":[{"embeddable":true,"href":"https:\/\/news.save.ch\/de\/wp-json\/wp\/v2\/comments?post=5959"}],"version-history":[{"count":0,"href":"https:\/\/news.save.ch\/de\/wp-json\/wp\/v2\/posts\/5959\/revisions"}],"wp:featuredmedia":[{"embeddable":true,"href":"https:\/\/news.save.ch\/de\/wp-json\/wp\/v2\/media\/5960"}],"wp:attachment":[{"href":"https:\/\/news.save.ch\/de\/wp-json\/wp\/v2\/media?parent=5959"}],"wp:term":[{"taxonomy":"category","embeddable":true,"href":"https:\/\/news.save.ch\/de\/wp-json\/wp\/v2\/categories?post=5959"},{"taxonomy":"post_tag","embeddable":true,"href":"https:\/\/news.save.ch\/de\/wp-json\/wp\/v2\/tags?post=5959"}],"curies":[{"name":"wp","href":"https:\/\/api.w.org\/{rel}","templated":true}]}}