{"id":598,"date":"2015-09-17T13:59:36","date_gmt":"2015-09-17T11:59:36","guid":{"rendered":"http:\/\/dev.safety-plus.ch\/?p=598"},"modified":"2023-03-14T09:04:30","modified_gmt":"2023-03-14T08:04:30","slug":"who-will-bewegungsarmut-in-europa-bekaempfen","status":null,"type":"post","link":"https:\/\/news.save.ch\/de\/who-will-bewegungsarmut-in-europa-bekaempfen\/","title":{"rendered":"WHO will Bewegungsarmut in Europa bek\u00e4mpfen"},"content":{"rendered":"<figure id=\"attachment_600\" aria-describedby=\"caption-attachment-600\" style=\"width: 667px\" class=\"wp-caption alignnone\"><a href=\"http:\/\/develop.safety-plus.ch\/wp-content\/uploads\/2016\/12\/WHO-will-Bewegungsarmut-in-Europa-beka\u0308mpfen_safety-plus.jpeg\"><img loading=\"lazy\" decoding=\"async\" class=\"size-full wp-image-600\" src=\"http:\/\/develop.safety-plus.ch\/wp-content\/uploads\/2016\/12\/WHO-will-Bewegungsarmut-in-Europa-beka\u0308mpfen_safety-plus.jpeg\" alt=\"\" width=\"667\" height=\"1000\" \/><\/a><figcaption id=\"caption-attachment-600\" class=\"wp-caption-text\">Sichere und attraktive Trainingsumgebungen sollen die Europ\u00e4er zu mehr Bewegung animieren.<\/figcaption><\/figure>\n<p>Ein Drittel der Erwachsenen und gar zwei Drittel der Jugendlichen in Europa bewegt sich zu wenig, sch\u00e4tzt die WHO.\u00a0Dies hat Auswirkungen auf die Gesundheit: Das Risiko f\u00fcr koronare Herzerkrankungen, Diabetes, Brust- und Darmkrebs steigt.<\/p>\n<p>Die Gesundheitsminister der 53 Mitgliedsstaaten der Europ\u00e4ischen Region der WHO haben deshalb eine Strategie beschlossen, um die Bewegung zu f\u00f6rdern. In den n\u00e4chsten 10 Jahren sollen die Einwohner motiviert werden, sich jede Woche mindestens 150 Minuten k\u00f6rperlich zu bet\u00e4tigen. Dies soll laut Einsch\u00e4tzung von Experten das Risiko einer Herzerkrankung signifikant verbessern.<\/p>\n<p>Auch die Anzahl \u00fcbergewichtiger oder gar adip\u00f6sen Menschen, deren Anteil bei den meisten der L\u00e4nder bereits bei \u00fcber 50% liegt, soll so reduziert werden.<\/p>\n<p>Betroffen von Bewegungsmangel und \u00dcbergewicht sind besonders oft Personen aus benachteiligten Umfeldern und ethischen Minderheiten \u00a0sowie Menschen mit k\u00f6rperlichen Behinderungen. Gr\u00fcnde sind oft wirtschaftliche Not und fehlende oder unsichere Trainingsorte.<\/p>\n<p>Die Regierungen sollen f\u00fcr die Umsetzung der Strategie Bewegung f\u00f6rdern und sitzende T\u00e4tigkeiten reduzieren; sichere und attraktive Umgebungen f\u00fcr k\u00f6rperliche Bet\u00e4tigungen schaffen; allen Einwohnern gleiche Chancen f\u00fcr Bewegung er\u00f6ffnen sowie Bewegung erleichtern und vorhandene Barrieren abbauen.<\/p>\n<p>Mehr Informationen gibt es hier:\u00a0<a href=\"http:\/\/www.euro.who.int\/en\/physical-activity-strategy-europe\" target=\"_blank\" data-cke-saved-href=\"http:\/\/www.euro.who.int\/en\/physical-activity-strategy-europe\" rel=\"noopener\">Die Strategie der Europ\u00e4ischen Region der WHO zur Bewegungsf\u00f6rderung (2016\u20132025)<\/a><\/p>\n","protected":false},"excerpt":{"rendered":"<p>Ein Drittel der Erwachsenen und gar zwei Drittel der Jugendlichen in Europa bewegt sich zu wenig, sch\u00e4tzt die WHO.\u00a0Dies hat Auswirkungen auf die Gesundheit: Das Risiko f\u00fcr koronare Herzerkrankungen, Diabetes, Brust- und Darmkrebs steigt. Die Gesundheitsminister der 53 Mitgliedsstaaten der Europ\u00e4ischen Region der WHO haben deshalb eine Strategie beschlossen, um die Bewegung zu f\u00f6rdern. In [&hellip;]<\/p>\n","protected":false},"author":1,"featured_media":16033,"comment_status":"open","ping_status":"open","sticky":false,"template":"","format":"standard","meta":{"_acf_changed":false,"pgc_sgb_lightbox_settings":"","footnotes":""},"categories":[3314],"tags":[149,141],"class_list":["post-598","post","type-post","status-publish","format-standard","has-post-thumbnail","hentry","category-health-safety","tag-gesundheitsschutz","tag-praevention"],"acf":[],"hkrextid":null,"publication":null,"issue":null,"workflow":null,"startPage":null,"spitzmarke":null,"_posts_by_tag_page_fields":{"widget_title":"","widget_tags":""},"_at_widget":"1","_yoast_wpseo_primary_category":"2","_yoast_wpseo_focuskw_text_input":"Bewegungsarmut","_yoast_wpseo_opengraph-image":null,"_yoast_wpseo_opengraph-description":null,"_yoast_wpseo_opengraph-title":null,"enclosure":null,"_yoast_wpseo_twitter-title":null,"_yoast_wpseo_twitter-description":null,"_yoast_wpseo_twitter-image":null,"_wp_old_slug":null,"_yoast_wpseo_title":null,"_yoast_wpseo_canonical":null,"yoast_head":"<!-- This site is optimized with the Yoast SEO plugin v27.5 - https:\/\/yoast.com\/product\/yoast-seo-wordpress\/ -->\n<title>WHO will Bewegungsarmut in Europa bek\u00e4mpfen - Save<\/title>\n<meta name=\"description\" content=\"Bewegungsarmut: Viele Europ\u00e4er bewegen sich zu wenig. In den n\u00e4chsten 10 Jahren will die WHO deshalb ein Programm zur Bewegungsf\u00f6rderung umsetzen.\" \/>\n<meta name=\"robots\" content=\"index, follow, max-snippet:-1, max-image-preview:large, max-video-preview:-1\" \/>\n<link rel=\"canonical\" href=\"https:\/\/news.save.ch\/de\/who-will-bewegungsarmut-in-europa-bekaempfen\/\" \/>\n<meta property=\"og:locale\" content=\"de_DE\" \/>\n<meta property=\"og:type\" content=\"article\" \/>\n<meta property=\"og:title\" content=\"WHO will Bewegungsarmut in Europa bek\u00e4mpfen - Save\" \/>\n<meta property=\"og:description\" content=\"Bewegungsarmut: Viele Europ\u00e4er bewegen sich zu wenig. In den n\u00e4chsten 10 Jahren will die WHO deshalb ein Programm zur Bewegungsf\u00f6rderung umsetzen.\" \/>\n<meta property=\"og:url\" content=\"https:\/\/news.save.ch\/de\/who-will-bewegungsarmut-in-europa-bekaempfen\/\" \/>\n<meta property=\"og:site_name\" content=\"Save\" \/>\n<meta property=\"article:published_time\" content=\"2015-09-17T11:59:36+00:00\" \/>\n<meta property=\"article:modified_time\" content=\"2023-03-14T08:04:30+00:00\" \/>\n<meta property=\"og:image\" content=\"https:\/\/news.save.ch\/wp-content\/uploads\/2016\/12\/WHO-will-Bewegungsarmut-in-Europa-bekaempfen_safety-plus.jpeg\" \/>\n\t<meta property=\"og:image:width\" content=\"667\" \/>\n\t<meta property=\"og:image:height\" content=\"1000\" \/>\n\t<meta property=\"og:image:type\" content=\"image\/jpeg\" \/>\n<meta name=\"author\" content=\"admin\" \/>\n<meta name=\"twitter:card\" content=\"summary_large_image\" \/>\n<meta name=\"twitter:label1\" content=\"Geschrieben von\" \/>\n\t<meta name=\"twitter:data1\" content=\"admin\" \/>\n\t<meta name=\"twitter:label2\" content=\"Gesch\u00e4tzte Lesezeit\" \/>\n\t<meta name=\"twitter:data2\" content=\"1\u00a0Minute\" \/>\n<script type=\"application\/ld+json\" class=\"yoast-schema-graph\">{\"@context\":\"https:\\\/\\\/schema.org\",\"@graph\":[{\"@type\":\"Article\",\"@id\":\"https:\\\/\\\/news.save.ch\\\/who-will-bewegungsarmut-in-europa-bekaempfen\\\/#article\",\"isPartOf\":{\"@id\":\"https:\\\/\\\/news.save.ch\\\/who-will-bewegungsarmut-in-europa-bekaempfen\\\/\"},\"author\":{\"name\":\"admin\",\"@id\":\"https:\\\/\\\/news.save.ch\\\/de\\\/#\\\/schema\\\/person\\\/d49e199490bad7c70d64b9ab51142f2b\"},\"headline\":\"WHO will Bewegungsarmut in Europa bek\u00e4mpfen\",\"datePublished\":\"2015-09-17T11:59:36+00:00\",\"dateModified\":\"2023-03-14T08:04:30+00:00\",\"mainEntityOfPage\":{\"@id\":\"https:\\\/\\\/news.save.ch\\\/who-will-bewegungsarmut-in-europa-bekaempfen\\\/\"},\"wordCount\":234,\"commentCount\":0,\"publisher\":{\"@id\":\"https:\\\/\\\/news.save.ch\\\/de\\\/#organization\"},\"image\":{\"@id\":\"https:\\\/\\\/news.save.ch\\\/who-will-bewegungsarmut-in-europa-bekaempfen\\\/#primaryimage\"},\"thumbnailUrl\":\"https:\\\/\\\/news.save.ch\\\/wp-content\\\/uploads\\\/2016\\\/12\\\/WHO-will-Bewegungsarmut-in-Europa-bekaempfen_safety-plus.jpeg\",\"keywords\":[\"Gesundheitsschutz\",\"Pr\u00e4vention\"],\"articleSection\":[\"HEALTH &amp; SAFETY\"],\"inLanguage\":\"de\"},{\"@type\":\"WebPage\",\"@id\":\"https:\\\/\\\/news.save.ch\\\/who-will-bewegungsarmut-in-europa-bekaempfen\\\/\",\"url\":\"https:\\\/\\\/news.save.ch\\\/who-will-bewegungsarmut-in-europa-bekaempfen\\\/\",\"name\":\"WHO will Bewegungsarmut in Europa bek\u00e4mpfen - Save\",\"isPartOf\":{\"@id\":\"https:\\\/\\\/news.save.ch\\\/de\\\/#website\"},\"primaryImageOfPage\":{\"@id\":\"https:\\\/\\\/news.save.ch\\\/who-will-bewegungsarmut-in-europa-bekaempfen\\\/#primaryimage\"},\"image\":{\"@id\":\"https:\\\/\\\/news.save.ch\\\/who-will-bewegungsarmut-in-europa-bekaempfen\\\/#primaryimage\"},\"thumbnailUrl\":\"https:\\\/\\\/news.save.ch\\\/wp-content\\\/uploads\\\/2016\\\/12\\\/WHO-will-Bewegungsarmut-in-Europa-bekaempfen_safety-plus.jpeg\",\"datePublished\":\"2015-09-17T11:59:36+00:00\",\"dateModified\":\"2023-03-14T08:04:30+00:00\",\"description\":\"Bewegungsarmut: Viele Europ\u00e4er bewegen sich zu wenig. In den n\u00e4chsten 10 Jahren will die WHO deshalb ein Programm zur Bewegungsf\u00f6rderung umsetzen.\",\"breadcrumb\":{\"@id\":\"https:\\\/\\\/news.save.ch\\\/who-will-bewegungsarmut-in-europa-bekaempfen\\\/#breadcrumb\"},\"inLanguage\":\"de\",\"potentialAction\":[{\"@type\":\"ReadAction\",\"target\":[\"https:\\\/\\\/news.save.ch\\\/who-will-bewegungsarmut-in-europa-bekaempfen\\\/\"]}]},{\"@type\":\"ImageObject\",\"inLanguage\":\"de\",\"@id\":\"https:\\\/\\\/news.save.ch\\\/who-will-bewegungsarmut-in-europa-bekaempfen\\\/#primaryimage\",\"url\":\"https:\\\/\\\/news.save.ch\\\/wp-content\\\/uploads\\\/2016\\\/12\\\/WHO-will-Bewegungsarmut-in-Europa-bekaempfen_safety-plus.jpeg\",\"contentUrl\":\"https:\\\/\\\/news.save.ch\\\/wp-content\\\/uploads\\\/2016\\\/12\\\/WHO-will-Bewegungsarmut-in-Europa-bekaempfen_safety-plus.jpeg\",\"width\":667,\"height\":1000,\"caption\":\"Sichere und attraktive Trainingsumgebungen sollen die Europ\u00e4er zu mehr Bewegung animieren.\"},{\"@type\":\"BreadcrumbList\",\"@id\":\"https:\\\/\\\/news.save.ch\\\/who-will-bewegungsarmut-in-europa-bekaempfen\\\/#breadcrumb\",\"itemListElement\":[{\"@type\":\"ListItem\",\"position\":1,\"name\":\"Home\",\"item\":\"https:\\\/\\\/news.save.ch\\\/de\\\/\"},{\"@type\":\"ListItem\",\"position\":2,\"name\":\"WHO will Bewegungsarmut in Europa bek\u00e4mpfen\"}]},{\"@type\":\"WebSite\",\"@id\":\"https:\\\/\\\/news.save.ch\\\/de\\\/#website\",\"url\":\"https:\\\/\\\/news.save.ch\\\/de\\\/\",\"name\":\"Save\",\"description\":\"Schweizer Fachzeitschrift f\u00fcr Sicherheit\",\"publisher\":{\"@id\":\"https:\\\/\\\/news.save.ch\\\/de\\\/#organization\"},\"potentialAction\":[{\"@type\":\"SearchAction\",\"target\":{\"@type\":\"EntryPoint\",\"urlTemplate\":\"https:\\\/\\\/news.save.ch\\\/de\\\/?s={search_term_string}\"},\"query-input\":{\"@type\":\"PropertyValueSpecification\",\"valueRequired\":true,\"valueName\":\"search_term_string\"}}],\"inLanguage\":\"de\"},{\"@type\":\"Organization\",\"@id\":\"https:\\\/\\\/news.save.ch\\\/de\\\/#organization\",\"name\":\"Sicherheitsforum\",\"url\":\"https:\\\/\\\/news.save.ch\\\/de\\\/\",\"logo\":{\"@type\":\"ImageObject\",\"inLanguage\":\"de\",\"@id\":\"https:\\\/\\\/news.save.ch\\\/de\\\/#\\\/schema\\\/logo\\\/image\\\/\",\"url\":\"https:\\\/\\\/news.save.ch\\\/wp-content\\\/uploads\\\/2022\\\/06\\\/Logo_SF_2012.png\",\"contentUrl\":\"https:\\\/\\\/news.save.ch\\\/wp-content\\\/uploads\\\/2022\\\/06\\\/Logo_SF_2012.png\",\"width\":1100,\"height\":91,\"caption\":\"Sicherheitsforum\"},\"image\":{\"@id\":\"https:\\\/\\\/news.save.ch\\\/de\\\/#\\\/schema\\\/logo\\\/image\\\/\"}},{\"@type\":\"Person\",\"@id\":\"https:\\\/\\\/news.save.ch\\\/de\\\/#\\\/schema\\\/person\\\/d49e199490bad7c70d64b9ab51142f2b\",\"name\":\"admin\",\"image\":{\"@type\":\"ImageObject\",\"inLanguage\":\"de\",\"@id\":\"https:\\\/\\\/secure.gravatar.com\\\/avatar\\\/ae2f4d718e6c49043e314ce431e7e645d646302a24a5ef5a8bc8e3f5a032e319?s=96&d=mm&r=g\",\"url\":\"https:\\\/\\\/secure.gravatar.com\\\/avatar\\\/ae2f4d718e6c49043e314ce431e7e645d646302a24a5ef5a8bc8e3f5a032e319?s=96&d=mm&r=g\",\"contentUrl\":\"https:\\\/\\\/secure.gravatar.com\\\/avatar\\\/ae2f4d718e6c49043e314ce431e7e645d646302a24a5ef5a8bc8e3f5a032e319?s=96&d=mm&r=g\",\"caption\":\"admin\"},\"sameAs\":[\"https:\\\/\\\/develop.organisator.galledia.ch\"],\"url\":\"https:\\\/\\\/news.save.ch\\\/de\\\/author\\\/admin\\\/\"}]}<\/script>\n<!-- \/ Yoast SEO plugin. -->","yoast_head_json":{"title":"WHO will Bewegungsarmut in Europa bek\u00e4mpfen - Save","description":"Bewegungsarmut: Viele Europ\u00e4er bewegen sich zu wenig. In den n\u00e4chsten 10 Jahren will die WHO deshalb ein Programm zur Bewegungsf\u00f6rderung umsetzen.","robots":{"index":"index","follow":"follow","max-snippet":"max-snippet:-1","max-image-preview":"max-image-preview:large","max-video-preview":"max-video-preview:-1"},"canonical":"https:\/\/news.save.ch\/de\/who-will-bewegungsarmut-in-europa-bekaempfen\/","og_locale":"de_DE","og_type":"article","og_title":"WHO will Bewegungsarmut in Europa bek\u00e4mpfen - Save","og_description":"Bewegungsarmut: Viele Europ\u00e4er bewegen sich zu wenig. In den n\u00e4chsten 10 Jahren will die WHO deshalb ein Programm zur Bewegungsf\u00f6rderung umsetzen.","og_url":"https:\/\/news.save.ch\/de\/who-will-bewegungsarmut-in-europa-bekaempfen\/","og_site_name":"Save","article_published_time":"2015-09-17T11:59:36+00:00","article_modified_time":"2023-03-14T08:04:30+00:00","og_image":[{"width":667,"height":1000,"url":"https:\/\/news.save.ch\/wp-content\/uploads\/2016\/12\/WHO-will-Bewegungsarmut-in-Europa-bekaempfen_safety-plus.jpeg","type":"image\/jpeg"}],"author":"admin","twitter_card":"summary_large_image","twitter_misc":{"Geschrieben von":"admin","Gesch\u00e4tzte Lesezeit":"1\u00a0Minute"},"schema":{"@context":"https:\/\/schema.org","@graph":[{"@type":"Article","@id":"https:\/\/news.save.ch\/who-will-bewegungsarmut-in-europa-bekaempfen\/#article","isPartOf":{"@id":"https:\/\/news.save.ch\/who-will-bewegungsarmut-in-europa-bekaempfen\/"},"author":{"name":"admin","@id":"https:\/\/news.save.ch\/de\/#\/schema\/person\/d49e199490bad7c70d64b9ab51142f2b"},"headline":"WHO will Bewegungsarmut in Europa bek\u00e4mpfen","datePublished":"2015-09-17T11:59:36+00:00","dateModified":"2023-03-14T08:04:30+00:00","mainEntityOfPage":{"@id":"https:\/\/news.save.ch\/who-will-bewegungsarmut-in-europa-bekaempfen\/"},"wordCount":234,"commentCount":0,"publisher":{"@id":"https:\/\/news.save.ch\/de\/#organization"},"image":{"@id":"https:\/\/news.save.ch\/who-will-bewegungsarmut-in-europa-bekaempfen\/#primaryimage"},"thumbnailUrl":"https:\/\/news.save.ch\/wp-content\/uploads\/2016\/12\/WHO-will-Bewegungsarmut-in-Europa-bekaempfen_safety-plus.jpeg","keywords":["Gesundheitsschutz","Pr\u00e4vention"],"articleSection":["HEALTH &amp; SAFETY"],"inLanguage":"de"},{"@type":"WebPage","@id":"https:\/\/news.save.ch\/who-will-bewegungsarmut-in-europa-bekaempfen\/","url":"https:\/\/news.save.ch\/who-will-bewegungsarmut-in-europa-bekaempfen\/","name":"WHO will Bewegungsarmut in Europa bek\u00e4mpfen - Save","isPartOf":{"@id":"https:\/\/news.save.ch\/de\/#website"},"primaryImageOfPage":{"@id":"https:\/\/news.save.ch\/who-will-bewegungsarmut-in-europa-bekaempfen\/#primaryimage"},"image":{"@id":"https:\/\/news.save.ch\/who-will-bewegungsarmut-in-europa-bekaempfen\/#primaryimage"},"thumbnailUrl":"https:\/\/news.save.ch\/wp-content\/uploads\/2016\/12\/WHO-will-Bewegungsarmut-in-Europa-bekaempfen_safety-plus.jpeg","datePublished":"2015-09-17T11:59:36+00:00","dateModified":"2023-03-14T08:04:30+00:00","description":"Bewegungsarmut: Viele Europ\u00e4er bewegen sich zu wenig. In den n\u00e4chsten 10 Jahren will die WHO deshalb ein Programm zur Bewegungsf\u00f6rderung umsetzen.","breadcrumb":{"@id":"https:\/\/news.save.ch\/who-will-bewegungsarmut-in-europa-bekaempfen\/#breadcrumb"},"inLanguage":"de","potentialAction":[{"@type":"ReadAction","target":["https:\/\/news.save.ch\/who-will-bewegungsarmut-in-europa-bekaempfen\/"]}]},{"@type":"ImageObject","inLanguage":"de","@id":"https:\/\/news.save.ch\/who-will-bewegungsarmut-in-europa-bekaempfen\/#primaryimage","url":"https:\/\/news.save.ch\/wp-content\/uploads\/2016\/12\/WHO-will-Bewegungsarmut-in-Europa-bekaempfen_safety-plus.jpeg","contentUrl":"https:\/\/news.save.ch\/wp-content\/uploads\/2016\/12\/WHO-will-Bewegungsarmut-in-Europa-bekaempfen_safety-plus.jpeg","width":667,"height":1000,"caption":"Sichere und attraktive Trainingsumgebungen sollen die Europ\u00e4er zu mehr Bewegung animieren."},{"@type":"BreadcrumbList","@id":"https:\/\/news.save.ch\/who-will-bewegungsarmut-in-europa-bekaempfen\/#breadcrumb","itemListElement":[{"@type":"ListItem","position":1,"name":"Home","item":"https:\/\/news.save.ch\/de\/"},{"@type":"ListItem","position":2,"name":"WHO will Bewegungsarmut in Europa bek\u00e4mpfen"}]},{"@type":"WebSite","@id":"https:\/\/news.save.ch\/de\/#website","url":"https:\/\/news.save.ch\/de\/","name":"Save","description":"Schweizer Fachzeitschrift f\u00fcr Sicherheit","publisher":{"@id":"https:\/\/news.save.ch\/de\/#organization"},"potentialAction":[{"@type":"SearchAction","target":{"@type":"EntryPoint","urlTemplate":"https:\/\/news.save.ch\/de\/?s={search_term_string}"},"query-input":{"@type":"PropertyValueSpecification","valueRequired":true,"valueName":"search_term_string"}}],"inLanguage":"de"},{"@type":"Organization","@id":"https:\/\/news.save.ch\/de\/#organization","name":"Sicherheitsforum","url":"https:\/\/news.save.ch\/de\/","logo":{"@type":"ImageObject","inLanguage":"de","@id":"https:\/\/news.save.ch\/de\/#\/schema\/logo\/image\/","url":"https:\/\/news.save.ch\/wp-content\/uploads\/2022\/06\/Logo_SF_2012.png","contentUrl":"https:\/\/news.save.ch\/wp-content\/uploads\/2022\/06\/Logo_SF_2012.png","width":1100,"height":91,"caption":"Sicherheitsforum"},"image":{"@id":"https:\/\/news.save.ch\/de\/#\/schema\/logo\/image\/"}},{"@type":"Person","@id":"https:\/\/news.save.ch\/de\/#\/schema\/person\/d49e199490bad7c70d64b9ab51142f2b","name":"admin","image":{"@type":"ImageObject","inLanguage":"de","@id":"https:\/\/secure.gravatar.com\/avatar\/ae2f4d718e6c49043e314ce431e7e645d646302a24a5ef5a8bc8e3f5a032e319?s=96&d=mm&r=g","url":"https:\/\/secure.gravatar.com\/avatar\/ae2f4d718e6c49043e314ce431e7e645d646302a24a5ef5a8bc8e3f5a032e319?s=96&d=mm&r=g","contentUrl":"https:\/\/secure.gravatar.com\/avatar\/ae2f4d718e6c49043e314ce431e7e645d646302a24a5ef5a8bc8e3f5a032e319?s=96&d=mm&r=g","caption":"admin"},"sameAs":["https:\/\/develop.organisator.galledia.ch"],"url":"https:\/\/news.save.ch\/de\/author\/admin\/"}]}},"_links":{"self":[{"href":"https:\/\/news.save.ch\/de\/wp-json\/wp\/v2\/posts\/598","targetHints":{"allow":["GET"]}}],"collection":[{"href":"https:\/\/news.save.ch\/de\/wp-json\/wp\/v2\/posts"}],"about":[{"href":"https:\/\/news.save.ch\/de\/wp-json\/wp\/v2\/types\/post"}],"author":[{"embeddable":true,"href":"https:\/\/news.save.ch\/de\/wp-json\/wp\/v2\/users\/1"}],"replies":[{"embeddable":true,"href":"https:\/\/news.save.ch\/de\/wp-json\/wp\/v2\/comments?post=598"}],"version-history":[{"count":1,"href":"https:\/\/news.save.ch\/de\/wp-json\/wp\/v2\/posts\/598\/revisions"}],"predecessor-version":[{"id":18849,"href":"https:\/\/news.save.ch\/de\/wp-json\/wp\/v2\/posts\/598\/revisions\/18849"}],"wp:featuredmedia":[{"embeddable":true,"href":"https:\/\/news.save.ch\/de\/wp-json\/wp\/v2\/media\/16033"}],"wp:attachment":[{"href":"https:\/\/news.save.ch\/de\/wp-json\/wp\/v2\/media?parent=598"}],"wp:term":[{"taxonomy":"category","embeddable":true,"href":"https:\/\/news.save.ch\/de\/wp-json\/wp\/v2\/categories?post=598"},{"taxonomy":"post_tag","embeddable":true,"href":"https:\/\/news.save.ch\/de\/wp-json\/wp\/v2\/tags?post=598"}],"curies":[{"name":"wp","href":"https:\/\/api.w.org\/{rel}","templated":true}]}}