{"id":6162,"date":"2020-11-30T15:11:58","date_gmt":"2020-11-30T14:11:58","guid":{"rendered":"https:\/\/news.save.ch\/?p=6162"},"modified":"2023-03-14T09:02:14","modified_gmt":"2023-03-14T08:02:14","slug":"feinstaub-immissionsgrenzwerte-als-geeignetes-instrument","status":null,"type":"post","link":"https:\/\/news.save.ch\/de\/feinstaub-immissionsgrenzwerte-als-geeignetes-instrument\/","title":{"rendered":"Feinstaub: Immissionsgrenzwerte als geeignetes Instrument"},"content":{"rendered":"<figure id=\"attachment_6163\" aria-describedby=\"caption-attachment-6163\" style=\"width: 680px\" class=\"wp-caption alignnone\"><img loading=\"lazy\" decoding=\"async\" class=\"size-medium wp-image-6163\" src=\"http:\/\/develop.safety-plus.ch\/wp-content\/uploads\/2020\/11\/Depositphotos_21209593_s-2019.jpg\" alt=\"Feinstaub\" width=\"680\" height=\"454\" \/><figcaption id=\"caption-attachment-6163\" class=\"wp-caption-text\">\u00a9 depositphotos, ginasanders<\/figcaption><\/figure>\n<p>Die Luft enth\u00e4lt Feinstaub aus Ver\u00adkehr, Industrie, Gewerbebetrieben, Haushalt, Feuerungsanlagen usw. Feinstaub kann Asthma, chronischen Husten, Bronchitis oder andere Erkrankungen der Atemwege sowie der Lunge einschliesslich Lungenkrebs hervorrufen. Deshalb wird Feinstaub von der WHO-Agentur f\u00fcr Krebsforschung (IARC) seit 2013 als krebserregend eingestuft.<strong>\u00a0<\/strong><\/p>\n<p><strong>Zwei lufthygienische Ans\u00e4tze verglichen<\/strong><\/p>\n<p>Feinstaub wird in der Schweiz mit wissenschaftlich fundierten Immissionsgrenzwerten reguliert, bei anderen krebserregenden Stoffen hingegen wird das Minimierungsprinzip angewandt, wobei von einem \u00abakzeptierten Risiko\u00bb von einem Todesfall pro 1 Million Einwohner ausgegangen wird.<\/p>\n<p>Die Eidgen\u00f6ssische Kommission f\u00fcr Lufthygiene (<a href=\"http:\/\/www.ekl.admin.ch\">EKL<\/a>) hat in ihrem soeben ver\u00f6ffentlichten Bericht <a href=\"https:\/\/www.ekl.admin.ch\/inhalte\/ekl-dateien\/dokumentation\/EKL-Immissionsgrenzwerte-und-akzeptierte-Risiken_de.pdf\">\u00abImmissionsgrenzwerte und akzeptierte Risiken: Zwei lufthygienische Konzepte f\u00fcr Feinstaub und Lungenkrebs im Vergleich\u00bb<\/a> die beiden Ans\u00e4tze am Beispiel von Lungenkrebs verglichen und bewertet.<\/p>\n<p>Die EKL kommt zum Schluss, dass die Immissionsgrenzwerte f\u00fcr Feinstaub dem Konzept des \u00abakzeptierten Risikos\u00bb f\u00fcr die Luftreinhaltepolitik \u00fcberlegen sind. Die Immissionsgrenzwerte stellen laut EKL ein pragmatisches, transparentes und effizientes Instrument f\u00fcr die wirkungsorientierte, erfolgreiche Luftreinhaltung dar. Die EKL empfiehlt, Feinstaub weiterhin durch Immissionsgrenzwerte zu beurteilen und diese bei Bedarf anzupassen. Man verfolge den Stand des Wissens \u00fcber Auswirkungen aufmerksam und werde, falls erforderlich, zu gegebener Zeit Anpassungen der Immissionsgrenzwerte vorschlagen, heisst es abschliessend in der Pressemeldung.<\/p>\n<p><em>Quelle: Eidgen\u00f6ssische Kommission f\u00fcr Lufthygiene<\/em><\/p>\n","protected":false},"excerpt":{"rendered":"<p>Die Luft enth\u00e4lt Feinstaub aus Ver\u00adkehr, Industrie, Gewerbebetrieben, Haushalt, Feuerungsanlagen usw. Feinstaub kann Asthma, chronischen Husten, Bronchitis oder andere Erkrankungen der Atemwege sowie der Lunge einschliesslich Lungenkrebs hervorrufen. Deshalb wird Feinstaub von der WHO-Agentur f\u00fcr Krebsforschung (IARC) seit 2013 als krebserregend eingestuft.\u00a0 Zwei lufthygienische Ans\u00e4tze verglichen Feinstaub wird in der Schweiz mit wissenschaftlich fundierten Immissionsgrenzwerten [&hellip;]<\/p>\n","protected":false},"author":1,"featured_media":16395,"comment_status":"closed","ping_status":"closed","sticky":false,"template":"","format":"standard","meta":{"_acf_changed":false,"pgc_sgb_lightbox_settings":"","footnotes":""},"categories":[3314],"tags":[1957,2048,2290],"class_list":["post-6162","post","type-post","status-publish","format-standard","has-post-thumbnail","hentry","category-health-safety","tag-ekl","tag-feinstaub","tag-immissionsgrenzwert"],"acf":[],"hkrextid":null,"publication":null,"issue":null,"workflow":null,"startPage":null,"spitzmarke":null,"_posts_by_tag_page_fields":{"widget_title":"","widget_tags":""},"_at_widget":"1","_yoast_wpseo_primary_category":"4","_yoast_wpseo_focuskw_text_input":"Feinstaub","_yoast_wpseo_opengraph-image":null,"_yoast_wpseo_opengraph-description":null,"_yoast_wpseo_opengraph-title":null,"enclosure":null,"_yoast_wpseo_twitter-title":null,"_yoast_wpseo_twitter-description":null,"_yoast_wpseo_twitter-image":null,"_wp_old_slug":null,"_yoast_wpseo_title":null,"_yoast_wpseo_canonical":null,"yoast_head":"<!-- This site is optimized with the Yoast SEO plugin v27.5 - https:\/\/yoast.com\/product\/yoast-seo-wordpress\/ -->\n<title>Feinstaub: Immissionsgrenzwerte als geeignetes Instrument - Save<\/title>\n<meta name=\"description\" content=\"Immissionsgrenzwerte sind ein geeignetes Instrument, um den Schutz der Bev\u00f6lkerung vor den gesundheitlichen Wirkungen von Feinstaub sicherzustellen.\" \/>\n<meta name=\"robots\" content=\"index, follow, max-snippet:-1, max-image-preview:large, max-video-preview:-1\" \/>\n<link rel=\"canonical\" href=\"https:\/\/news.save.ch\/de\/feinstaub-immissionsgrenzwerte-als-geeignetes-instrument\/\" \/>\n<meta property=\"og:locale\" content=\"de_DE\" \/>\n<meta property=\"og:type\" content=\"article\" \/>\n<meta property=\"og:title\" content=\"Feinstaub: Immissionsgrenzwerte als geeignetes Instrument - Save\" \/>\n<meta property=\"og:description\" content=\"Immissionsgrenzwerte sind ein geeignetes Instrument, um den Schutz der Bev\u00f6lkerung vor den gesundheitlichen Wirkungen von Feinstaub sicherzustellen.\" \/>\n<meta property=\"og:url\" content=\"https:\/\/news.save.ch\/de\/feinstaub-immissionsgrenzwerte-als-geeignetes-instrument\/\" \/>\n<meta property=\"og:site_name\" content=\"Save\" \/>\n<meta property=\"article:published_time\" content=\"2020-11-30T14:11:58+00:00\" \/>\n<meta property=\"article:modified_time\" content=\"2023-03-14T08:02:14+00:00\" \/>\n<meta property=\"og:image\" content=\"https:\/\/news.save.ch\/wp-content\/uploads\/2020\/11\/Depositphotos_21209593_s-2019.jpg\" \/>\n\t<meta property=\"og:image:width\" content=\"1000\" \/>\n\t<meta property=\"og:image:height\" content=\"667\" \/>\n\t<meta property=\"og:image:type\" content=\"image\/jpeg\" \/>\n<meta name=\"author\" content=\"admin\" \/>\n<meta name=\"twitter:card\" content=\"summary_large_image\" \/>\n<meta name=\"twitter:label1\" content=\"Geschrieben von\" \/>\n\t<meta name=\"twitter:data1\" content=\"admin\" \/>\n\t<meta name=\"twitter:label2\" content=\"Gesch\u00e4tzte Lesezeit\" \/>\n\t<meta name=\"twitter:data2\" content=\"1\u00a0Minute\" \/>\n<script type=\"application\/ld+json\" class=\"yoast-schema-graph\">{\"@context\":\"https:\\\/\\\/schema.org\",\"@graph\":[{\"@type\":\"Article\",\"@id\":\"https:\\\/\\\/news.save.ch\\\/feinstaub-immissionsgrenzwerte-als-geeignetes-instrument\\\/#article\",\"isPartOf\":{\"@id\":\"https:\\\/\\\/news.save.ch\\\/feinstaub-immissionsgrenzwerte-als-geeignetes-instrument\\\/\"},\"author\":{\"name\":\"admin\",\"@id\":\"https:\\\/\\\/news.save.ch\\\/de\\\/#\\\/schema\\\/person\\\/d49e199490bad7c70d64b9ab51142f2b\"},\"headline\":\"Feinstaub: Immissionsgrenzwerte als geeignetes Instrument\",\"datePublished\":\"2020-11-30T14:11:58+00:00\",\"dateModified\":\"2023-03-14T08:02:14+00:00\",\"mainEntityOfPage\":{\"@id\":\"https:\\\/\\\/news.save.ch\\\/feinstaub-immissionsgrenzwerte-als-geeignetes-instrument\\\/\"},\"wordCount\":222,\"publisher\":{\"@id\":\"https:\\\/\\\/news.save.ch\\\/de\\\/#organization\"},\"image\":{\"@id\":\"https:\\\/\\\/news.save.ch\\\/feinstaub-immissionsgrenzwerte-als-geeignetes-instrument\\\/#primaryimage\"},\"thumbnailUrl\":\"https:\\\/\\\/news.save.ch\\\/wp-content\\\/uploads\\\/2020\\\/11\\\/Depositphotos_21209593_s-2019.jpg\",\"keywords\":[\"EKL\",\"Feinstaub\",\"Immissionsgrenzwert\"],\"articleSection\":[\"HEALTH &amp; SAFETY\"],\"inLanguage\":\"de\"},{\"@type\":\"WebPage\",\"@id\":\"https:\\\/\\\/news.save.ch\\\/feinstaub-immissionsgrenzwerte-als-geeignetes-instrument\\\/\",\"url\":\"https:\\\/\\\/news.save.ch\\\/feinstaub-immissionsgrenzwerte-als-geeignetes-instrument\\\/\",\"name\":\"Feinstaub: Immissionsgrenzwerte als geeignetes Instrument - Save\",\"isPartOf\":{\"@id\":\"https:\\\/\\\/news.save.ch\\\/de\\\/#website\"},\"primaryImageOfPage\":{\"@id\":\"https:\\\/\\\/news.save.ch\\\/feinstaub-immissionsgrenzwerte-als-geeignetes-instrument\\\/#primaryimage\"},\"image\":{\"@id\":\"https:\\\/\\\/news.save.ch\\\/feinstaub-immissionsgrenzwerte-als-geeignetes-instrument\\\/#primaryimage\"},\"thumbnailUrl\":\"https:\\\/\\\/news.save.ch\\\/wp-content\\\/uploads\\\/2020\\\/11\\\/Depositphotos_21209593_s-2019.jpg\",\"datePublished\":\"2020-11-30T14:11:58+00:00\",\"dateModified\":\"2023-03-14T08:02:14+00:00\",\"description\":\"Immissionsgrenzwerte sind ein geeignetes Instrument, um den Schutz der Bev\u00f6lkerung vor den gesundheitlichen Wirkungen von Feinstaub sicherzustellen.\",\"breadcrumb\":{\"@id\":\"https:\\\/\\\/news.save.ch\\\/feinstaub-immissionsgrenzwerte-als-geeignetes-instrument\\\/#breadcrumb\"},\"inLanguage\":\"de\",\"potentialAction\":[{\"@type\":\"ReadAction\",\"target\":[\"https:\\\/\\\/news.save.ch\\\/feinstaub-immissionsgrenzwerte-als-geeignetes-instrument\\\/\"]}]},{\"@type\":\"ImageObject\",\"inLanguage\":\"de\",\"@id\":\"https:\\\/\\\/news.save.ch\\\/feinstaub-immissionsgrenzwerte-als-geeignetes-instrument\\\/#primaryimage\",\"url\":\"https:\\\/\\\/news.save.ch\\\/wp-content\\\/uploads\\\/2020\\\/11\\\/Depositphotos_21209593_s-2019.jpg\",\"contentUrl\":\"https:\\\/\\\/news.save.ch\\\/wp-content\\\/uploads\\\/2020\\\/11\\\/Depositphotos_21209593_s-2019.jpg\",\"width\":1000,\"height\":667,\"caption\":\"\u00a9 depositphotos, ginasanders\"},{\"@type\":\"BreadcrumbList\",\"@id\":\"https:\\\/\\\/news.save.ch\\\/feinstaub-immissionsgrenzwerte-als-geeignetes-instrument\\\/#breadcrumb\",\"itemListElement\":[{\"@type\":\"ListItem\",\"position\":1,\"name\":\"Home\",\"item\":\"https:\\\/\\\/news.save.ch\\\/de\\\/\"},{\"@type\":\"ListItem\",\"position\":2,\"name\":\"Feinstaub: Immissionsgrenzwerte als geeignetes Instrument\"}]},{\"@type\":\"WebSite\",\"@id\":\"https:\\\/\\\/news.save.ch\\\/de\\\/#website\",\"url\":\"https:\\\/\\\/news.save.ch\\\/de\\\/\",\"name\":\"Save\",\"description\":\"Schweizer Fachzeitschrift f\u00fcr Sicherheit\",\"publisher\":{\"@id\":\"https:\\\/\\\/news.save.ch\\\/de\\\/#organization\"},\"potentialAction\":[{\"@type\":\"SearchAction\",\"target\":{\"@type\":\"EntryPoint\",\"urlTemplate\":\"https:\\\/\\\/news.save.ch\\\/de\\\/?s={search_term_string}\"},\"query-input\":{\"@type\":\"PropertyValueSpecification\",\"valueRequired\":true,\"valueName\":\"search_term_string\"}}],\"inLanguage\":\"de\"},{\"@type\":\"Organization\",\"@id\":\"https:\\\/\\\/news.save.ch\\\/de\\\/#organization\",\"name\":\"Sicherheitsforum\",\"url\":\"https:\\\/\\\/news.save.ch\\\/de\\\/\",\"logo\":{\"@type\":\"ImageObject\",\"inLanguage\":\"de\",\"@id\":\"https:\\\/\\\/news.save.ch\\\/de\\\/#\\\/schema\\\/logo\\\/image\\\/\",\"url\":\"https:\\\/\\\/news.save.ch\\\/wp-content\\\/uploads\\\/2022\\\/06\\\/Logo_SF_2012.png\",\"contentUrl\":\"https:\\\/\\\/news.save.ch\\\/wp-content\\\/uploads\\\/2022\\\/06\\\/Logo_SF_2012.png\",\"width\":1100,\"height\":91,\"caption\":\"Sicherheitsforum\"},\"image\":{\"@id\":\"https:\\\/\\\/news.save.ch\\\/de\\\/#\\\/schema\\\/logo\\\/image\\\/\"}},{\"@type\":\"Person\",\"@id\":\"https:\\\/\\\/news.save.ch\\\/de\\\/#\\\/schema\\\/person\\\/d49e199490bad7c70d64b9ab51142f2b\",\"name\":\"admin\",\"image\":{\"@type\":\"ImageObject\",\"inLanguage\":\"de\",\"@id\":\"https:\\\/\\\/secure.gravatar.com\\\/avatar\\\/ae2f4d718e6c49043e314ce431e7e645d646302a24a5ef5a8bc8e3f5a032e319?s=96&d=mm&r=g\",\"url\":\"https:\\\/\\\/secure.gravatar.com\\\/avatar\\\/ae2f4d718e6c49043e314ce431e7e645d646302a24a5ef5a8bc8e3f5a032e319?s=96&d=mm&r=g\",\"contentUrl\":\"https:\\\/\\\/secure.gravatar.com\\\/avatar\\\/ae2f4d718e6c49043e314ce431e7e645d646302a24a5ef5a8bc8e3f5a032e319?s=96&d=mm&r=g\",\"caption\":\"admin\"},\"sameAs\":[\"https:\\\/\\\/develop.organisator.galledia.ch\"],\"url\":\"https:\\\/\\\/news.save.ch\\\/de\\\/author\\\/admin\\\/\"}]}<\/script>\n<!-- \/ Yoast SEO plugin. -->","yoast_head_json":{"title":"Feinstaub: Immissionsgrenzwerte als geeignetes Instrument - Save","description":"Immissionsgrenzwerte sind ein geeignetes Instrument, um den Schutz der Bev\u00f6lkerung vor den gesundheitlichen Wirkungen von Feinstaub sicherzustellen.","robots":{"index":"index","follow":"follow","max-snippet":"max-snippet:-1","max-image-preview":"max-image-preview:large","max-video-preview":"max-video-preview:-1"},"canonical":"https:\/\/news.save.ch\/de\/feinstaub-immissionsgrenzwerte-als-geeignetes-instrument\/","og_locale":"de_DE","og_type":"article","og_title":"Feinstaub: Immissionsgrenzwerte als geeignetes Instrument - Save","og_description":"Immissionsgrenzwerte sind ein geeignetes Instrument, um den Schutz der Bev\u00f6lkerung vor den gesundheitlichen Wirkungen von Feinstaub sicherzustellen.","og_url":"https:\/\/news.save.ch\/de\/feinstaub-immissionsgrenzwerte-als-geeignetes-instrument\/","og_site_name":"Save","article_published_time":"2020-11-30T14:11:58+00:00","article_modified_time":"2023-03-14T08:02:14+00:00","og_image":[{"width":1000,"height":667,"url":"https:\/\/news.save.ch\/wp-content\/uploads\/2020\/11\/Depositphotos_21209593_s-2019.jpg","type":"image\/jpeg"}],"author":"admin","twitter_card":"summary_large_image","twitter_misc":{"Geschrieben von":"admin","Gesch\u00e4tzte Lesezeit":"1\u00a0Minute"},"schema":{"@context":"https:\/\/schema.org","@graph":[{"@type":"Article","@id":"https:\/\/news.save.ch\/feinstaub-immissionsgrenzwerte-als-geeignetes-instrument\/#article","isPartOf":{"@id":"https:\/\/news.save.ch\/feinstaub-immissionsgrenzwerte-als-geeignetes-instrument\/"},"author":{"name":"admin","@id":"https:\/\/news.save.ch\/de\/#\/schema\/person\/d49e199490bad7c70d64b9ab51142f2b"},"headline":"Feinstaub: Immissionsgrenzwerte als geeignetes Instrument","datePublished":"2020-11-30T14:11:58+00:00","dateModified":"2023-03-14T08:02:14+00:00","mainEntityOfPage":{"@id":"https:\/\/news.save.ch\/feinstaub-immissionsgrenzwerte-als-geeignetes-instrument\/"},"wordCount":222,"publisher":{"@id":"https:\/\/news.save.ch\/de\/#organization"},"image":{"@id":"https:\/\/news.save.ch\/feinstaub-immissionsgrenzwerte-als-geeignetes-instrument\/#primaryimage"},"thumbnailUrl":"https:\/\/news.save.ch\/wp-content\/uploads\/2020\/11\/Depositphotos_21209593_s-2019.jpg","keywords":["EKL","Feinstaub","Immissionsgrenzwert"],"articleSection":["HEALTH &amp; SAFETY"],"inLanguage":"de"},{"@type":"WebPage","@id":"https:\/\/news.save.ch\/feinstaub-immissionsgrenzwerte-als-geeignetes-instrument\/","url":"https:\/\/news.save.ch\/feinstaub-immissionsgrenzwerte-als-geeignetes-instrument\/","name":"Feinstaub: Immissionsgrenzwerte als geeignetes Instrument - Save","isPartOf":{"@id":"https:\/\/news.save.ch\/de\/#website"},"primaryImageOfPage":{"@id":"https:\/\/news.save.ch\/feinstaub-immissionsgrenzwerte-als-geeignetes-instrument\/#primaryimage"},"image":{"@id":"https:\/\/news.save.ch\/feinstaub-immissionsgrenzwerte-als-geeignetes-instrument\/#primaryimage"},"thumbnailUrl":"https:\/\/news.save.ch\/wp-content\/uploads\/2020\/11\/Depositphotos_21209593_s-2019.jpg","datePublished":"2020-11-30T14:11:58+00:00","dateModified":"2023-03-14T08:02:14+00:00","description":"Immissionsgrenzwerte sind ein geeignetes Instrument, um den Schutz der Bev\u00f6lkerung vor den gesundheitlichen Wirkungen von Feinstaub sicherzustellen.","breadcrumb":{"@id":"https:\/\/news.save.ch\/feinstaub-immissionsgrenzwerte-als-geeignetes-instrument\/#breadcrumb"},"inLanguage":"de","potentialAction":[{"@type":"ReadAction","target":["https:\/\/news.save.ch\/feinstaub-immissionsgrenzwerte-als-geeignetes-instrument\/"]}]},{"@type":"ImageObject","inLanguage":"de","@id":"https:\/\/news.save.ch\/feinstaub-immissionsgrenzwerte-als-geeignetes-instrument\/#primaryimage","url":"https:\/\/news.save.ch\/wp-content\/uploads\/2020\/11\/Depositphotos_21209593_s-2019.jpg","contentUrl":"https:\/\/news.save.ch\/wp-content\/uploads\/2020\/11\/Depositphotos_21209593_s-2019.jpg","width":1000,"height":667,"caption":"\u00a9 depositphotos, ginasanders"},{"@type":"BreadcrumbList","@id":"https:\/\/news.save.ch\/feinstaub-immissionsgrenzwerte-als-geeignetes-instrument\/#breadcrumb","itemListElement":[{"@type":"ListItem","position":1,"name":"Home","item":"https:\/\/news.save.ch\/de\/"},{"@type":"ListItem","position":2,"name":"Feinstaub: Immissionsgrenzwerte als geeignetes Instrument"}]},{"@type":"WebSite","@id":"https:\/\/news.save.ch\/de\/#website","url":"https:\/\/news.save.ch\/de\/","name":"Save","description":"Schweizer Fachzeitschrift f\u00fcr Sicherheit","publisher":{"@id":"https:\/\/news.save.ch\/de\/#organization"},"potentialAction":[{"@type":"SearchAction","target":{"@type":"EntryPoint","urlTemplate":"https:\/\/news.save.ch\/de\/?s={search_term_string}"},"query-input":{"@type":"PropertyValueSpecification","valueRequired":true,"valueName":"search_term_string"}}],"inLanguage":"de"},{"@type":"Organization","@id":"https:\/\/news.save.ch\/de\/#organization","name":"Sicherheitsforum","url":"https:\/\/news.save.ch\/de\/","logo":{"@type":"ImageObject","inLanguage":"de","@id":"https:\/\/news.save.ch\/de\/#\/schema\/logo\/image\/","url":"https:\/\/news.save.ch\/wp-content\/uploads\/2022\/06\/Logo_SF_2012.png","contentUrl":"https:\/\/news.save.ch\/wp-content\/uploads\/2022\/06\/Logo_SF_2012.png","width":1100,"height":91,"caption":"Sicherheitsforum"},"image":{"@id":"https:\/\/news.save.ch\/de\/#\/schema\/logo\/image\/"}},{"@type":"Person","@id":"https:\/\/news.save.ch\/de\/#\/schema\/person\/d49e199490bad7c70d64b9ab51142f2b","name":"admin","image":{"@type":"ImageObject","inLanguage":"de","@id":"https:\/\/secure.gravatar.com\/avatar\/ae2f4d718e6c49043e314ce431e7e645d646302a24a5ef5a8bc8e3f5a032e319?s=96&d=mm&r=g","url":"https:\/\/secure.gravatar.com\/avatar\/ae2f4d718e6c49043e314ce431e7e645d646302a24a5ef5a8bc8e3f5a032e319?s=96&d=mm&r=g","contentUrl":"https:\/\/secure.gravatar.com\/avatar\/ae2f4d718e6c49043e314ce431e7e645d646302a24a5ef5a8bc8e3f5a032e319?s=96&d=mm&r=g","caption":"admin"},"sameAs":["https:\/\/develop.organisator.galledia.ch"],"url":"https:\/\/news.save.ch\/de\/author\/admin\/"}]}},"_links":{"self":[{"href":"https:\/\/news.save.ch\/de\/wp-json\/wp\/v2\/posts\/6162","targetHints":{"allow":["GET"]}}],"collection":[{"href":"https:\/\/news.save.ch\/de\/wp-json\/wp\/v2\/posts"}],"about":[{"href":"https:\/\/news.save.ch\/de\/wp-json\/wp\/v2\/types\/post"}],"author":[{"embeddable":true,"href":"https:\/\/news.save.ch\/de\/wp-json\/wp\/v2\/users\/1"}],"replies":[{"embeddable":true,"href":"https:\/\/news.save.ch\/de\/wp-json\/wp\/v2\/comments?post=6162"}],"version-history":[{"count":1,"href":"https:\/\/news.save.ch\/de\/wp-json\/wp\/v2\/posts\/6162\/revisions"}],"predecessor-version":[{"id":18568,"href":"https:\/\/news.save.ch\/de\/wp-json\/wp\/v2\/posts\/6162\/revisions\/18568"}],"wp:featuredmedia":[{"embeddable":true,"href":"https:\/\/news.save.ch\/de\/wp-json\/wp\/v2\/media\/16395"}],"wp:attachment":[{"href":"https:\/\/news.save.ch\/de\/wp-json\/wp\/v2\/media?parent=6162"}],"wp:term":[{"taxonomy":"category","embeddable":true,"href":"https:\/\/news.save.ch\/de\/wp-json\/wp\/v2\/categories?post=6162"},{"taxonomy":"post_tag","embeddable":true,"href":"https:\/\/news.save.ch\/de\/wp-json\/wp\/v2\/tags?post=6162"}],"curies":[{"name":"wp","href":"https:\/\/api.w.org\/{rel}","templated":true}]}}