{"id":6236,"date":"2018-04-16T10:12:32","date_gmt":"2018-04-16T08:12:32","guid":{"rendered":"https:\/\/news.save.ch\/?p=6236"},"modified":"2023-03-14T08:56:57","modified_gmt":"2023-03-14T07:56:57","slug":"5-kompetenzfelder-einer-sicheren-vernetzten-industrie","status":null,"type":"post","link":"https:\/\/news.save.ch\/de\/5-kompetenzfelder-einer-sicheren-vernetzten-industrie\/","title":{"rendered":"5 Kompetenzfelder einer sicheren vernetzten Industrie"},"content":{"rendered":"<figure id=\"attachment_6237\" aria-describedby=\"caption-attachment-6237\" style=\"width: 680px\" class=\"wp-caption aligncenter\"><img loading=\"lazy\" decoding=\"async\" class=\"wp-image-6237 size-medium\" src=\"https:\/\/news.save.ch\/wp-content\/uploads\/2018\/04\/Roboter-Depositphotos.jpg\" alt=\"7Alliance\" width=\"680\" height=\"454\" srcset=\"https:\/\/news.save.ch\/wp-content\/uploads\/2018\/04\/Roboter-Depositphotos.jpg 1000w, https:\/\/news.save.ch\/wp-content\/uploads\/2018\/04\/Roboter-Depositphotos-375x250.jpg 375w\" sizes=\"auto, (max-width: 680px) 100vw, 680px\" \/><figcaption id=\"caption-attachment-6237\" class=\"wp-caption-text\">\u00a9 depositphotos, zhuzhu<\/figcaption><\/figure>\n<p><span style=\"font-size: 10.5pt; font-family: 'Arial','sans-serif';\">IT und Industrie geh\u00f6ren in Zeiten des Internet der Dinge und der Industrie 4.0 untrennbar zusammen. \u201eInmitten der absoluten Vernetzung, der aktuellen Entwicklungen und Ver\u00e4nderungen, ist es wichtig, die Sicherheit optimal aufzusetzen, sie genauso fest in der Unternehmensstruktur zu verankern, wie etwa das Personalmanagement\u201c, sagt Thomas Lechner, Gesch\u00e4ftsf\u00fchrer des 7Alliance-Unternehmens Inst-IT GmbH. <a href=\"https:\/\/www.7-Alliance.de\">7Alliance<\/a> decke als Expertenkommission auf spezialisierten IT-Unternehmen alle Aufgaben der IT-Sicherheit ab und schaffe damit die Voraussetzungen f\u00fcr eine sichere vernetzte Industrie. <\/span><\/p>\n<p><span style=\"font-size: 10.5pt; font-family: 'Arial','sans-serif';\">7Alliance ver\u00f6ffentlicht nachfolgend die wichtigsten Kompetenzfelder f\u00fcr die sichere Kombination von IT und Industrie:<\/span><\/p>\n<p><b><span style=\"font-size: 10.5pt; font-family: 'Arial','sans-serif';\">Kompetenzfeld 1 \u2013 optimales Business-Management <\/span><\/b><\/p>\n<p><span style=\"font-size: 10.5pt; font-family: 'Arial','sans-serif';\">Sicherheit kann nur dann erfolgreich etabliert werden, wenn die daf\u00fcr n\u00f6tigen Infrastrukturen tief im Unternehmen verankert werden. Ein durchdachtes und effizientes Business Management als Grundlage der IT-Sicherheit weist vor allem Verantwortlichkeiten zu und sorgt damit f\u00fcr optimierte Abl\u00e4ufe im Alltag.<\/span><\/p>\n<p><b><span style=\"font-size: 10.5pt; font-family: 'Arial','sans-serif';\">Kompetenzfeld 2 \u2013 individuelle Voraussetzungen beachten<\/span><\/b><\/p>\n<p><span style=\"font-size: 10.5pt; font-family: 'Arial','sans-serif';\">Industrieunternehmen spezialisieren sich immer mehr. Viele Aufgabenbereiche m\u00fcssen daher von externen Anbietern \u00fcbernommen werden. Vor allem an den Schnittstellen ist das Datenmaterial damit enorm gef\u00e4hrdet. Diese und \u00e4hnliche individuelle Voraussetzungen m\u00fcssen im Zuge der Implementierung eines wirkungsvollen Sicherheitsmanagements unbedingt beachtet werden. Ein erfahrener externer Berater kann dabei helfen, wichtige Weichen zu stellen.<\/span><\/p>\n<p><b><span style=\"font-size: 10.5pt; font-family: 'Arial','sans-serif';\">Kompetenzfeld 3 \u2013 den Ernstfall proben<\/span><\/b><\/p>\n<p><span style=\"font-size: 10.5pt; font-family: 'Arial','sans-serif';\">Ein sicherer Industriebetrieb muss hohe Anforderungen erf\u00fcllen. Den Ernstfall zu proben, kann die Augen gegen\u00fcber m\u00f6glicher Sicherheitsl\u00fccken \u00f6ffnen. Ein Black-Building-Test zeigt beispielsweise, an welcher Stelle die Sicherheitskette im Fall eines Stromausfalls unterbrochen ist und zeigt damit schonungslos m\u00f6gliche L\u00fccken auf \u2013 und sei es auch nur die fehlende Taschenlampe, die bei pl\u00f6tzlichem Stromausfall lebenswichtig werden kann. <\/span><\/p>\n<p><b><span style=\"font-size: 10.5pt; font-family: 'Arial','sans-serif';\">Kompetenzfeld 4 \u2013 auf Transparenz achten<\/span><\/b><\/p>\n<p><span style=\"font-size: 10.5pt; font-family: 'Arial','sans-serif';\">Vor allem f\u00fcr das Management bedeutet Transparenz Sicherheit. Fr\u00fchzeitige Information, etwa zum Ausfall einer Maschine oder der Fehlfunktion eines Terminals kann einem drohenden m\u00f6glichen Schaden entgegenwirken, der beispielsweise durch Produktionsausfall entsteht. Diese Transparenz muss sich daher von der gesamten Kostenstruktur eines sicheren Baus und Betriebs von Rechenzentren \u00fcber das Netzwerkdesign bis hin zum Business Management erstrecken.<\/span><\/p>\n<p><b><span style=\"font-size: 10.5pt; font-family: 'Arial','sans-serif';\">Kompetenzfeld 5 \u2013 auf die Zukunft achten<\/span><\/b><\/p>\n<p><span style=\"font-size: 10.5pt; font-family: 'Arial','sans-serif';\">Um in der Zukunft bestehen zu k\u00f6nnen m\u00fcssen Unternehmen hin und wieder ihre Angebote auf den Pr\u00fcfstand stellen. Dieser Gang in ein Testlabor bietet auch die entscheidende Hilfe in Cloud-Fragen. Verbindungen und Vernetzungen m\u00fcssen getestet und M\u00f6glichkeiten gefunden werden, die zeigen, ob ein Ziel auch wirklich realisierbar ist und ob die im Zweifel schon geplanten M\u00f6glichkeiten der Digitalisierung ausgesch\u00f6pft werden k\u00f6nnen.<\/span><\/p>\n","protected":false},"excerpt":{"rendered":"<p>IT und Industrie geh\u00f6ren in Zeiten des Internet der Dinge und der Industrie 4.0 untrennbar zusammen. \u201eInmitten der absoluten Vernetzung, der aktuellen Entwicklungen und Ver\u00e4nderungen, ist es wichtig, die Sicherheit optimal aufzusetzen, sie genauso fest in der Unternehmensstruktur zu verankern, wie etwa das Personalmanagement\u201c, sagt Thomas Lechner, Gesch\u00e4ftsf\u00fchrer des 7Alliance-Unternehmens Inst-IT GmbH. 7Alliance decke als [&hellip;]<\/p>\n","protected":false},"author":8,"featured_media":6237,"comment_status":"open","ping_status":"open","sticky":false,"template":"","format":"standard","meta":{"_acf_changed":false,"pgc_sgb_lightbox_settings":"","footnotes":""},"categories":[3313],"tags":[96,62,63,65],"class_list":["post-6236","post","type-post","status-publish","format-standard","has-post-thumbnail","hentry","category-digitalisierung","tag-cyber-crime","tag-ict-sicherheit","tag-it-security","tag-unternehmen"],"acf":[],"hkrextid":null,"publication":null,"issue":null,"workflow":null,"startPage":null,"spitzmarke":null,"_posts_by_tag_page_fields":{"widget_title":"","widget_tags":""},"_at_widget":"1","_yoast_wpseo_primary_category":"2","_yoast_wpseo_focuskw_text_input":"7Alliance","_yoast_wpseo_opengraph-image":null,"_yoast_wpseo_opengraph-description":null,"_yoast_wpseo_opengraph-title":null,"enclosure":null,"_yoast_wpseo_twitter-title":null,"_yoast_wpseo_twitter-description":null,"_yoast_wpseo_twitter-image":null,"_wp_old_slug":null,"_yoast_wpseo_title":null,"_yoast_wpseo_canonical":null,"yoast_head":"<!-- This site is optimized with the Yoast SEO plugin v27.5 - https:\/\/yoast.com\/product\/yoast-seo-wordpress\/ -->\n<title>5 Kompetenzfelder einer sicheren vernetzten Industrie - Save<\/title>\n<meta name=\"description\" content=\"Die IT-Expertenkommission 7Alliance nennt f\u00fcnf Kompetenzfelder einer sicheren und vernetzten Industrie.\" \/>\n<meta name=\"robots\" content=\"index, follow, max-snippet:-1, max-image-preview:large, max-video-preview:-1\" \/>\n<link rel=\"canonical\" href=\"https:\/\/news.save.ch\/de\/5-kompetenzfelder-einer-sicheren-vernetzten-industrie\/\" \/>\n<meta property=\"og:locale\" content=\"de_DE\" \/>\n<meta property=\"og:type\" content=\"article\" \/>\n<meta property=\"og:title\" content=\"5 Kompetenzfelder einer sicheren vernetzten Industrie - Save\" \/>\n<meta property=\"og:description\" content=\"Die IT-Expertenkommission 7Alliance nennt f\u00fcnf Kompetenzfelder einer sicheren und vernetzten Industrie.\" \/>\n<meta property=\"og:url\" content=\"https:\/\/news.save.ch\/de\/5-kompetenzfelder-einer-sicheren-vernetzten-industrie\/\" \/>\n<meta property=\"og:site_name\" content=\"Save\" \/>\n<meta property=\"article:published_time\" content=\"2018-04-16T08:12:32+00:00\" \/>\n<meta property=\"article:modified_time\" content=\"2023-03-14T07:56:57+00:00\" \/>\n<meta property=\"og:image\" content=\"https:\/\/news.save.ch\/wp-content\/uploads\/2018\/04\/Roboter-Depositphotos.jpg\" \/>\n\t<meta property=\"og:image:width\" content=\"1000\" \/>\n\t<meta property=\"og:image:height\" content=\"667\" \/>\n\t<meta property=\"og:image:type\" content=\"image\/jpeg\" \/>\n<meta name=\"author\" content=\"Roger Str\u00e4ssle\" \/>\n<meta name=\"twitter:card\" content=\"summary_large_image\" \/>\n<meta name=\"twitter:label1\" content=\"Geschrieben von\" \/>\n\t<meta name=\"twitter:data1\" content=\"Roger Str\u00e4ssle\" \/>\n\t<meta name=\"twitter:label2\" content=\"Gesch\u00e4tzte Lesezeit\" \/>\n\t<meta name=\"twitter:data2\" content=\"2\u00a0Minuten\" \/>\n<script type=\"application\/ld+json\" class=\"yoast-schema-graph\">{\"@context\":\"https:\\\/\\\/schema.org\",\"@graph\":[{\"@type\":\"Article\",\"@id\":\"https:\\\/\\\/news.save.ch\\\/5-kompetenzfelder-einer-sicheren-vernetzten-industrie\\\/#article\",\"isPartOf\":{\"@id\":\"https:\\\/\\\/news.save.ch\\\/5-kompetenzfelder-einer-sicheren-vernetzten-industrie\\\/\"},\"author\":{\"name\":\"Roger Str\u00e4ssle\",\"@id\":\"https:\\\/\\\/news.save.ch\\\/de\\\/#\\\/schema\\\/person\\\/d5022db048e0e2b9785c50e5b24da5aa\"},\"headline\":\"5 Kompetenzfelder einer sicheren vernetzten Industrie\",\"datePublished\":\"2018-04-16T08:12:32+00:00\",\"dateModified\":\"2023-03-14T07:56:57+00:00\",\"mainEntityOfPage\":{\"@id\":\"https:\\\/\\\/news.save.ch\\\/5-kompetenzfelder-einer-sicheren-vernetzten-industrie\\\/\"},\"wordCount\":417,\"commentCount\":0,\"publisher\":{\"@id\":\"https:\\\/\\\/news.save.ch\\\/de\\\/#organization\"},\"image\":{\"@id\":\"https:\\\/\\\/news.save.ch\\\/5-kompetenzfelder-einer-sicheren-vernetzten-industrie\\\/#primaryimage\"},\"thumbnailUrl\":\"https:\\\/\\\/news.save.ch\\\/wp-content\\\/uploads\\\/2018\\\/04\\\/Roboter-Depositphotos.jpg\",\"keywords\":[\"Cyber-Crime\",\"ICT-Sicherheit\",\"IT-SECURITY\",\"Unternehmen\"],\"articleSection\":[\"DIGITALISIERUNG\"],\"inLanguage\":\"de\"},{\"@type\":\"WebPage\",\"@id\":\"https:\\\/\\\/news.save.ch\\\/5-kompetenzfelder-einer-sicheren-vernetzten-industrie\\\/\",\"url\":\"https:\\\/\\\/news.save.ch\\\/5-kompetenzfelder-einer-sicheren-vernetzten-industrie\\\/\",\"name\":\"5 Kompetenzfelder einer sicheren vernetzten Industrie - Save\",\"isPartOf\":{\"@id\":\"https:\\\/\\\/news.save.ch\\\/de\\\/#website\"},\"primaryImageOfPage\":{\"@id\":\"https:\\\/\\\/news.save.ch\\\/5-kompetenzfelder-einer-sicheren-vernetzten-industrie\\\/#primaryimage\"},\"image\":{\"@id\":\"https:\\\/\\\/news.save.ch\\\/5-kompetenzfelder-einer-sicheren-vernetzten-industrie\\\/#primaryimage\"},\"thumbnailUrl\":\"https:\\\/\\\/news.save.ch\\\/wp-content\\\/uploads\\\/2018\\\/04\\\/Roboter-Depositphotos.jpg\",\"datePublished\":\"2018-04-16T08:12:32+00:00\",\"dateModified\":\"2023-03-14T07:56:57+00:00\",\"description\":\"Die IT-Expertenkommission 7Alliance nennt f\u00fcnf Kompetenzfelder einer sicheren und vernetzten Industrie.\",\"breadcrumb\":{\"@id\":\"https:\\\/\\\/news.save.ch\\\/5-kompetenzfelder-einer-sicheren-vernetzten-industrie\\\/#breadcrumb\"},\"inLanguage\":\"de\",\"potentialAction\":[{\"@type\":\"ReadAction\",\"target\":[\"https:\\\/\\\/news.save.ch\\\/5-kompetenzfelder-einer-sicheren-vernetzten-industrie\\\/\"]}]},{\"@type\":\"ImageObject\",\"inLanguage\":\"de\",\"@id\":\"https:\\\/\\\/news.save.ch\\\/5-kompetenzfelder-einer-sicheren-vernetzten-industrie\\\/#primaryimage\",\"url\":\"https:\\\/\\\/news.save.ch\\\/wp-content\\\/uploads\\\/2018\\\/04\\\/Roboter-Depositphotos.jpg\",\"contentUrl\":\"https:\\\/\\\/news.save.ch\\\/wp-content\\\/uploads\\\/2018\\\/04\\\/Roboter-Depositphotos.jpg\",\"width\":1000,\"height\":667,\"caption\":\"\u00a9 depositphotos, zhuzhu\"},{\"@type\":\"BreadcrumbList\",\"@id\":\"https:\\\/\\\/news.save.ch\\\/5-kompetenzfelder-einer-sicheren-vernetzten-industrie\\\/#breadcrumb\",\"itemListElement\":[{\"@type\":\"ListItem\",\"position\":1,\"name\":\"Home\",\"item\":\"https:\\\/\\\/news.save.ch\\\/de\\\/\"},{\"@type\":\"ListItem\",\"position\":2,\"name\":\"5 Kompetenzfelder einer sicheren vernetzten Industrie\"}]},{\"@type\":\"WebSite\",\"@id\":\"https:\\\/\\\/news.save.ch\\\/de\\\/#website\",\"url\":\"https:\\\/\\\/news.save.ch\\\/de\\\/\",\"name\":\"Save\",\"description\":\"Schweizer Fachzeitschrift f\u00fcr Sicherheit\",\"publisher\":{\"@id\":\"https:\\\/\\\/news.save.ch\\\/de\\\/#organization\"},\"potentialAction\":[{\"@type\":\"SearchAction\",\"target\":{\"@type\":\"EntryPoint\",\"urlTemplate\":\"https:\\\/\\\/news.save.ch\\\/de\\\/?s={search_term_string}\"},\"query-input\":{\"@type\":\"PropertyValueSpecification\",\"valueRequired\":true,\"valueName\":\"search_term_string\"}}],\"inLanguage\":\"de\"},{\"@type\":\"Organization\",\"@id\":\"https:\\\/\\\/news.save.ch\\\/de\\\/#organization\",\"name\":\"Sicherheitsforum\",\"url\":\"https:\\\/\\\/news.save.ch\\\/de\\\/\",\"logo\":{\"@type\":\"ImageObject\",\"inLanguage\":\"de\",\"@id\":\"https:\\\/\\\/news.save.ch\\\/de\\\/#\\\/schema\\\/logo\\\/image\\\/\",\"url\":\"https:\\\/\\\/news.save.ch\\\/wp-content\\\/uploads\\\/2022\\\/06\\\/Logo_SF_2012.png\",\"contentUrl\":\"https:\\\/\\\/news.save.ch\\\/wp-content\\\/uploads\\\/2022\\\/06\\\/Logo_SF_2012.png\",\"width\":1100,\"height\":91,\"caption\":\"Sicherheitsforum\"},\"image\":{\"@id\":\"https:\\\/\\\/news.save.ch\\\/de\\\/#\\\/schema\\\/logo\\\/image\\\/\"}},{\"@type\":\"Person\",\"@id\":\"https:\\\/\\\/news.save.ch\\\/de\\\/#\\\/schema\\\/person\\\/d5022db048e0e2b9785c50e5b24da5aa\",\"name\":\"Roger Str\u00e4ssle\",\"image\":{\"@type\":\"ImageObject\",\"inLanguage\":\"de\",\"@id\":\"https:\\\/\\\/secure.gravatar.com\\\/avatar\\\/862a5569d087de48e5856e32f45d719a03804c891d6deb8d4f71a660e79e4a47?s=96&d=mm&r=g\",\"url\":\"https:\\\/\\\/secure.gravatar.com\\\/avatar\\\/862a5569d087de48e5856e32f45d719a03804c891d6deb8d4f71a660e79e4a47?s=96&d=mm&r=g\",\"contentUrl\":\"https:\\\/\\\/secure.gravatar.com\\\/avatar\\\/862a5569d087de48e5856e32f45d719a03804c891d6deb8d4f71a660e79e4a47?s=96&d=mm&r=g\",\"caption\":\"Roger Str\u00e4ssle\"},\"url\":\"https:\\\/\\\/news.save.ch\\\/de\\\/author\\\/roger-straessle\\\/\"}]}<\/script>\n<!-- \/ Yoast SEO plugin. -->","yoast_head_json":{"title":"5 Kompetenzfelder einer sicheren vernetzten Industrie - Save","description":"Die IT-Expertenkommission 7Alliance nennt f\u00fcnf Kompetenzfelder einer sicheren und vernetzten Industrie.","robots":{"index":"index","follow":"follow","max-snippet":"max-snippet:-1","max-image-preview":"max-image-preview:large","max-video-preview":"max-video-preview:-1"},"canonical":"https:\/\/news.save.ch\/de\/5-kompetenzfelder-einer-sicheren-vernetzten-industrie\/","og_locale":"de_DE","og_type":"article","og_title":"5 Kompetenzfelder einer sicheren vernetzten Industrie - Save","og_description":"Die IT-Expertenkommission 7Alliance nennt f\u00fcnf Kompetenzfelder einer sicheren und vernetzten Industrie.","og_url":"https:\/\/news.save.ch\/de\/5-kompetenzfelder-einer-sicheren-vernetzten-industrie\/","og_site_name":"Save","article_published_time":"2018-04-16T08:12:32+00:00","article_modified_time":"2023-03-14T07:56:57+00:00","og_image":[{"width":1000,"height":667,"url":"https:\/\/news.save.ch\/wp-content\/uploads\/2018\/04\/Roboter-Depositphotos.jpg","type":"image\/jpeg"}],"author":"Roger Str\u00e4ssle","twitter_card":"summary_large_image","twitter_misc":{"Geschrieben von":"Roger Str\u00e4ssle","Gesch\u00e4tzte Lesezeit":"2\u00a0Minuten"},"schema":{"@context":"https:\/\/schema.org","@graph":[{"@type":"Article","@id":"https:\/\/news.save.ch\/5-kompetenzfelder-einer-sicheren-vernetzten-industrie\/#article","isPartOf":{"@id":"https:\/\/news.save.ch\/5-kompetenzfelder-einer-sicheren-vernetzten-industrie\/"},"author":{"name":"Roger Str\u00e4ssle","@id":"https:\/\/news.save.ch\/de\/#\/schema\/person\/d5022db048e0e2b9785c50e5b24da5aa"},"headline":"5 Kompetenzfelder einer sicheren vernetzten Industrie","datePublished":"2018-04-16T08:12:32+00:00","dateModified":"2023-03-14T07:56:57+00:00","mainEntityOfPage":{"@id":"https:\/\/news.save.ch\/5-kompetenzfelder-einer-sicheren-vernetzten-industrie\/"},"wordCount":417,"commentCount":0,"publisher":{"@id":"https:\/\/news.save.ch\/de\/#organization"},"image":{"@id":"https:\/\/news.save.ch\/5-kompetenzfelder-einer-sicheren-vernetzten-industrie\/#primaryimage"},"thumbnailUrl":"https:\/\/news.save.ch\/wp-content\/uploads\/2018\/04\/Roboter-Depositphotos.jpg","keywords":["Cyber-Crime","ICT-Sicherheit","IT-SECURITY","Unternehmen"],"articleSection":["DIGITALISIERUNG"],"inLanguage":"de"},{"@type":"WebPage","@id":"https:\/\/news.save.ch\/5-kompetenzfelder-einer-sicheren-vernetzten-industrie\/","url":"https:\/\/news.save.ch\/5-kompetenzfelder-einer-sicheren-vernetzten-industrie\/","name":"5 Kompetenzfelder einer sicheren vernetzten Industrie - Save","isPartOf":{"@id":"https:\/\/news.save.ch\/de\/#website"},"primaryImageOfPage":{"@id":"https:\/\/news.save.ch\/5-kompetenzfelder-einer-sicheren-vernetzten-industrie\/#primaryimage"},"image":{"@id":"https:\/\/news.save.ch\/5-kompetenzfelder-einer-sicheren-vernetzten-industrie\/#primaryimage"},"thumbnailUrl":"https:\/\/news.save.ch\/wp-content\/uploads\/2018\/04\/Roboter-Depositphotos.jpg","datePublished":"2018-04-16T08:12:32+00:00","dateModified":"2023-03-14T07:56:57+00:00","description":"Die IT-Expertenkommission 7Alliance nennt f\u00fcnf Kompetenzfelder einer sicheren und vernetzten Industrie.","breadcrumb":{"@id":"https:\/\/news.save.ch\/5-kompetenzfelder-einer-sicheren-vernetzten-industrie\/#breadcrumb"},"inLanguage":"de","potentialAction":[{"@type":"ReadAction","target":["https:\/\/news.save.ch\/5-kompetenzfelder-einer-sicheren-vernetzten-industrie\/"]}]},{"@type":"ImageObject","inLanguage":"de","@id":"https:\/\/news.save.ch\/5-kompetenzfelder-einer-sicheren-vernetzten-industrie\/#primaryimage","url":"https:\/\/news.save.ch\/wp-content\/uploads\/2018\/04\/Roboter-Depositphotos.jpg","contentUrl":"https:\/\/news.save.ch\/wp-content\/uploads\/2018\/04\/Roboter-Depositphotos.jpg","width":1000,"height":667,"caption":"\u00a9 depositphotos, zhuzhu"},{"@type":"BreadcrumbList","@id":"https:\/\/news.save.ch\/5-kompetenzfelder-einer-sicheren-vernetzten-industrie\/#breadcrumb","itemListElement":[{"@type":"ListItem","position":1,"name":"Home","item":"https:\/\/news.save.ch\/de\/"},{"@type":"ListItem","position":2,"name":"5 Kompetenzfelder einer sicheren vernetzten Industrie"}]},{"@type":"WebSite","@id":"https:\/\/news.save.ch\/de\/#website","url":"https:\/\/news.save.ch\/de\/","name":"Save","description":"Schweizer Fachzeitschrift f\u00fcr Sicherheit","publisher":{"@id":"https:\/\/news.save.ch\/de\/#organization"},"potentialAction":[{"@type":"SearchAction","target":{"@type":"EntryPoint","urlTemplate":"https:\/\/news.save.ch\/de\/?s={search_term_string}"},"query-input":{"@type":"PropertyValueSpecification","valueRequired":true,"valueName":"search_term_string"}}],"inLanguage":"de"},{"@type":"Organization","@id":"https:\/\/news.save.ch\/de\/#organization","name":"Sicherheitsforum","url":"https:\/\/news.save.ch\/de\/","logo":{"@type":"ImageObject","inLanguage":"de","@id":"https:\/\/news.save.ch\/de\/#\/schema\/logo\/image\/","url":"https:\/\/news.save.ch\/wp-content\/uploads\/2022\/06\/Logo_SF_2012.png","contentUrl":"https:\/\/news.save.ch\/wp-content\/uploads\/2022\/06\/Logo_SF_2012.png","width":1100,"height":91,"caption":"Sicherheitsforum"},"image":{"@id":"https:\/\/news.save.ch\/de\/#\/schema\/logo\/image\/"}},{"@type":"Person","@id":"https:\/\/news.save.ch\/de\/#\/schema\/person\/d5022db048e0e2b9785c50e5b24da5aa","name":"Roger Str\u00e4ssle","image":{"@type":"ImageObject","inLanguage":"de","@id":"https:\/\/secure.gravatar.com\/avatar\/862a5569d087de48e5856e32f45d719a03804c891d6deb8d4f71a660e79e4a47?s=96&d=mm&r=g","url":"https:\/\/secure.gravatar.com\/avatar\/862a5569d087de48e5856e32f45d719a03804c891d6deb8d4f71a660e79e4a47?s=96&d=mm&r=g","contentUrl":"https:\/\/secure.gravatar.com\/avatar\/862a5569d087de48e5856e32f45d719a03804c891d6deb8d4f71a660e79e4a47?s=96&d=mm&r=g","caption":"Roger Str\u00e4ssle"},"url":"https:\/\/news.save.ch\/de\/author\/roger-straessle\/"}]}},"_links":{"self":[{"href":"https:\/\/news.save.ch\/de\/wp-json\/wp\/v2\/posts\/6236","targetHints":{"allow":["GET"]}}],"collection":[{"href":"https:\/\/news.save.ch\/de\/wp-json\/wp\/v2\/posts"}],"about":[{"href":"https:\/\/news.save.ch\/de\/wp-json\/wp\/v2\/types\/post"}],"author":[{"embeddable":true,"href":"https:\/\/news.save.ch\/de\/wp-json\/wp\/v2\/users\/8"}],"replies":[{"embeddable":true,"href":"https:\/\/news.save.ch\/de\/wp-json\/wp\/v2\/comments?post=6236"}],"version-history":[{"count":1,"href":"https:\/\/news.save.ch\/de\/wp-json\/wp\/v2\/posts\/6236\/revisions"}],"predecessor-version":[{"id":17458,"href":"https:\/\/news.save.ch\/de\/wp-json\/wp\/v2\/posts\/6236\/revisions\/17458"}],"wp:featuredmedia":[{"embeddable":true,"href":"https:\/\/news.save.ch\/de\/wp-json\/wp\/v2\/media\/6237"}],"wp:attachment":[{"href":"https:\/\/news.save.ch\/de\/wp-json\/wp\/v2\/media?parent=6236"}],"wp:term":[{"taxonomy":"category","embeddable":true,"href":"https:\/\/news.save.ch\/de\/wp-json\/wp\/v2\/categories?post=6236"},{"taxonomy":"post_tag","embeddable":true,"href":"https:\/\/news.save.ch\/de\/wp-json\/wp\/v2\/tags?post=6236"}],"curies":[{"name":"wp","href":"https:\/\/api.w.org\/{rel}","templated":true}]}}