{"id":6240,"date":"2018-04-13T13:00:40","date_gmt":"2018-04-13T11:00:40","guid":{"rendered":"https:\/\/news.save.ch\/?p=6240"},"modified":"2018-04-13T13:00:40","modified_gmt":"2018-04-13T11:00:40","slug":"4384495-sicherheitsrelevante-massnahmen-rapportiert","status":null,"type":"post","link":"https:\/\/news.save.ch\/de\/4384495-sicherheitsrelevante-massnahmen-rapportiert\/","title":{"rendered":"4\u2018384\u2018495 sicherheitsrelevante Massnahmen rapportiert"},"content":{"rendered":"<figure id=\"attachment_6241\" aria-describedby=\"caption-attachment-6241\" style=\"width: 680px\" class=\"wp-caption aligncenter\"><img loading=\"lazy\" decoding=\"async\" class=\"wp-image-6241 size-medium\" src=\"https:\/\/news.save.ch\/wp-content\/uploads\/2018\/04\/Depositphotos_73238611_m-2015.jpg\" alt=\"Securitas Gruppe\" width=\"680\" height=\"454\" srcset=\"https:\/\/news.save.ch\/wp-content\/uploads\/2018\/04\/Depositphotos_73238611_m-2015.jpg 999w, https:\/\/news.save.ch\/wp-content\/uploads\/2018\/04\/Depositphotos_73238611_m-2015-375x250.jpg 375w\" sizes=\"auto, (max-width: 680px) 100vw, 680px\" \/><figcaption id=\"caption-attachment-6241\" class=\"wp-caption-text\">Auch \u00fcber 30&#8217;000 Videobilder wurden 2017 fern\u00fcberwacht. \u00a9 depositphotos, kalinovsky<\/figcaption><\/figure>\n<p>Mit einer umfassenden Palette an Sicherheitsdienstleistungen und Know-how rund um Alarm- und Sicherheitssysteme ist die <a href=\"https:\/\/www.securitas.ch\">Securitas AG<\/a>\u00a0mit ihren Spezialisten 365 Tage \u00e0 24 Stunden im Einsatz. Im vergangenen Jahr haben die Mitarbeitenden des Unternehmens landesweit 4\u2018384\u2018495 sicherheitsrelevante Massnahmen rapportiert, wie mitgeteilt wird.<\/p>\n<p>Man erarbeite integrale Sicherheitskonzepte und unterst\u00fctze Unternehmen, Beh\u00f6rden und Organisationen bei deren Umsetzung, schreibt Securitas. Ein Mehrjahresvergleich der traditionellen Statistik zeige, dass in vielen Bereichen die jahrelang durchgef\u00fchrten pr\u00e4ventiven Massnahmen f\u00fcr mehr Sicherheit im Schweizer Alltag sorgten.<\/p>\n<p>Nachfolgend ein paar Zahlen aus der Securitas-Statistik 2017 (vgl. <a href=\"https:\/\/news.save.ch\/securitas-praesentiert-einsatzstatistik\/\">2016<\/a>):<\/p>\n<ul>\n<li>Alarmierung (Polizei: 1\u2019378), (Feuerwehr: 381), (Sanit\u00e4t: 462), (Kunden: 3\u2019404)<\/li>\n<li>Beobachten und intervenieren: 325\u2018927 telefonische Meldungen vermittelt (auf Alarme interveniert, Videobilder fern\u00fcberwacht usw.)<\/li>\n<li>Schutz vor Feuer- und Wassersch\u00e4den: 84 Br\u00e4nde selbst gel\u00f6scht, 184\u2019473 feuerverh\u00fctende Massnahmen ergriffen, 10\u2019252 offene Wasserhahnen geschlossen<\/li>\n<li>Schutz vor Diebstahl: 250\u2019624 Geb\u00e4udeeing\u00e4nge geschlossen, 1\u2019348 stecken gebliebene Schl\u00fcssel sichergestellt<\/li>\n<li>26\u2019748 Unberechtigte weggewiesen<\/li>\n<li>102\u2019213 Personen kontrolliert<\/li>\n<li>6\u2019541 defekte Strassenbeleuchtungen gemeldet<\/li>\n<li>3\u2019096 Mal f\u00fcr freie Fluchtwege gesorgt<\/li>\n<li>usw.<\/li>\n<\/ul>\n<p><em>Quelle: Securitas Gruppe<\/em><\/p>\n<p>&nbsp;<\/p>\n","protected":false},"excerpt":{"rendered":"<p>Mit einer umfassenden Palette an Sicherheitsdienstleistungen und Know-how rund um Alarm- und Sicherheitssysteme ist die Securitas AG\u00a0mit ihren Spezialisten 365 Tage \u00e0 24 Stunden im Einsatz. Im vergangenen Jahr haben die Mitarbeitenden des Unternehmens landesweit 4\u2018384\u2018495 sicherheitsrelevante Massnahmen rapportiert, wie mitgeteilt wird. Man erarbeite integrale Sicherheitskonzepte und unterst\u00fctze Unternehmen, Beh\u00f6rden und Organisationen bei deren Umsetzung, [&hellip;]<\/p>\n","protected":false},"author":8,"featured_media":6241,"comment_status":"open","ping_status":"open","sticky":false,"template":"","format":"standard","meta":{"_acf_changed":false,"pgc_sgb_lightbox_settings":"","footnotes":""},"categories":[1],"tags":[70,65],"class_list":["post-6240","post","type-post","status-publish","format-standard","has-post-thumbnail","hentry","category-allgemein","tag-sicherheit-diverses","tag-unternehmen"],"acf":[],"hkrextid":null,"publication":null,"issue":null,"workflow":null,"startPage":null,"spitzmarke":null,"_posts_by_tag_page_fields":{"widget_title":"","widget_tags":""},"_at_widget":"1","_yoast_wpseo_primary_category":"1","_yoast_wpseo_focuskw_text_input":"Securitas Gruppe","_yoast_wpseo_opengraph-image":null,"_yoast_wpseo_opengraph-description":null,"_yoast_wpseo_opengraph-title":null,"enclosure":null,"_yoast_wpseo_twitter-title":null,"_yoast_wpseo_twitter-description":null,"_yoast_wpseo_twitter-image":null,"_wp_old_slug":null,"_yoast_wpseo_title":null,"_yoast_wpseo_canonical":null,"yoast_head":"<!-- This site is optimized with the Yoast SEO plugin v27.5 - https:\/\/yoast.com\/product\/yoast-seo-wordpress\/ -->\n<title>4\u2018384\u2018495 sicherheitsrelevante Massnahmen rapportiert - Save<\/title>\n<meta name=\"description\" content=\"Die Securitas Gruppe hat ihre Einsatzstatistik 2017 pr\u00e4sentiert. Ein paar Zahlen aus dem letzten Jahr.\" \/>\n<meta name=\"robots\" content=\"index, follow, max-snippet:-1, max-image-preview:large, max-video-preview:-1\" \/>\n<link rel=\"canonical\" href=\"https:\/\/news.save.ch\/de\/4384495-sicherheitsrelevante-massnahmen-rapportiert\/\" \/>\n<meta property=\"og:locale\" content=\"de_DE\" \/>\n<meta property=\"og:type\" content=\"article\" \/>\n<meta property=\"og:title\" content=\"4\u2018384\u2018495 sicherheitsrelevante Massnahmen rapportiert - Save\" \/>\n<meta property=\"og:description\" content=\"Die Securitas Gruppe hat ihre Einsatzstatistik 2017 pr\u00e4sentiert. Ein paar Zahlen aus dem letzten Jahr.\" \/>\n<meta property=\"og:url\" content=\"https:\/\/news.save.ch\/de\/4384495-sicherheitsrelevante-massnahmen-rapportiert\/\" \/>\n<meta property=\"og:site_name\" content=\"Save\" \/>\n<meta property=\"article:published_time\" content=\"2018-04-13T11:00:40+00:00\" \/>\n<meta property=\"og:image\" content=\"https:\/\/news.save.ch\/wp-content\/uploads\/2018\/04\/Depositphotos_73238611_m-2015.jpg\" \/>\n\t<meta property=\"og:image:width\" content=\"999\" \/>\n\t<meta property=\"og:image:height\" content=\"667\" \/>\n\t<meta property=\"og:image:type\" content=\"image\/jpeg\" \/>\n<meta name=\"author\" content=\"Roger Str\u00e4ssle\" \/>\n<meta name=\"twitter:card\" content=\"summary_large_image\" \/>\n<meta name=\"twitter:label1\" content=\"Geschrieben von\" \/>\n\t<meta name=\"twitter:data1\" content=\"Roger Str\u00e4ssle\" \/>\n\t<meta name=\"twitter:label2\" content=\"Gesch\u00e4tzte Lesezeit\" \/>\n\t<meta name=\"twitter:data2\" content=\"1\u00a0Minute\" \/>\n<script type=\"application\/ld+json\" class=\"yoast-schema-graph\">{\"@context\":\"https:\\\/\\\/schema.org\",\"@graph\":[{\"@type\":\"Article\",\"@id\":\"https:\\\/\\\/news.save.ch\\\/4384495-sicherheitsrelevante-massnahmen-rapportiert\\\/#article\",\"isPartOf\":{\"@id\":\"https:\\\/\\\/news.save.ch\\\/4384495-sicherheitsrelevante-massnahmen-rapportiert\\\/\"},\"author\":{\"name\":\"Roger Str\u00e4ssle\",\"@id\":\"https:\\\/\\\/news.save.ch\\\/de\\\/#\\\/schema\\\/person\\\/d5022db048e0e2b9785c50e5b24da5aa\"},\"headline\":\"4\u2018384\u2018495 sicherheitsrelevante Massnahmen rapportiert\",\"datePublished\":\"2018-04-13T11:00:40+00:00\",\"mainEntityOfPage\":{\"@id\":\"https:\\\/\\\/news.save.ch\\\/4384495-sicherheitsrelevante-massnahmen-rapportiert\\\/\"},\"wordCount\":174,\"commentCount\":0,\"publisher\":{\"@id\":\"https:\\\/\\\/news.save.ch\\\/de\\\/#organization\"},\"image\":{\"@id\":\"https:\\\/\\\/news.save.ch\\\/4384495-sicherheitsrelevante-massnahmen-rapportiert\\\/#primaryimage\"},\"thumbnailUrl\":\"https:\\\/\\\/news.save.ch\\\/wp-content\\\/uploads\\\/2018\\\/04\\\/Depositphotos_73238611_m-2015.jpg\",\"keywords\":[\"Sicherheit diverses\",\"Unternehmen\"],\"articleSection\":[\"ALLGEMEIN\"],\"inLanguage\":\"de\"},{\"@type\":\"WebPage\",\"@id\":\"https:\\\/\\\/news.save.ch\\\/4384495-sicherheitsrelevante-massnahmen-rapportiert\\\/\",\"url\":\"https:\\\/\\\/news.save.ch\\\/4384495-sicherheitsrelevante-massnahmen-rapportiert\\\/\",\"name\":\"4\u2018384\u2018495 sicherheitsrelevante Massnahmen rapportiert - Save\",\"isPartOf\":{\"@id\":\"https:\\\/\\\/news.save.ch\\\/de\\\/#website\"},\"primaryImageOfPage\":{\"@id\":\"https:\\\/\\\/news.save.ch\\\/4384495-sicherheitsrelevante-massnahmen-rapportiert\\\/#primaryimage\"},\"image\":{\"@id\":\"https:\\\/\\\/news.save.ch\\\/4384495-sicherheitsrelevante-massnahmen-rapportiert\\\/#primaryimage\"},\"thumbnailUrl\":\"https:\\\/\\\/news.save.ch\\\/wp-content\\\/uploads\\\/2018\\\/04\\\/Depositphotos_73238611_m-2015.jpg\",\"datePublished\":\"2018-04-13T11:00:40+00:00\",\"description\":\"Die Securitas Gruppe hat ihre Einsatzstatistik 2017 pr\u00e4sentiert. Ein paar Zahlen aus dem letzten Jahr.\",\"breadcrumb\":{\"@id\":\"https:\\\/\\\/news.save.ch\\\/4384495-sicherheitsrelevante-massnahmen-rapportiert\\\/#breadcrumb\"},\"inLanguage\":\"de\",\"potentialAction\":[{\"@type\":\"ReadAction\",\"target\":[\"https:\\\/\\\/news.save.ch\\\/4384495-sicherheitsrelevante-massnahmen-rapportiert\\\/\"]}]},{\"@type\":\"ImageObject\",\"inLanguage\":\"de\",\"@id\":\"https:\\\/\\\/news.save.ch\\\/4384495-sicherheitsrelevante-massnahmen-rapportiert\\\/#primaryimage\",\"url\":\"https:\\\/\\\/news.save.ch\\\/wp-content\\\/uploads\\\/2018\\\/04\\\/Depositphotos_73238611_m-2015.jpg\",\"contentUrl\":\"https:\\\/\\\/news.save.ch\\\/wp-content\\\/uploads\\\/2018\\\/04\\\/Depositphotos_73238611_m-2015.jpg\",\"width\":999,\"height\":667,\"caption\":\"Auch \u00fcber 30'000 Videobilder wurden 2017 fern\u00fcberwacht. \u00a9 depositphotos, kalinovsky\"},{\"@type\":\"BreadcrumbList\",\"@id\":\"https:\\\/\\\/news.save.ch\\\/4384495-sicherheitsrelevante-massnahmen-rapportiert\\\/#breadcrumb\",\"itemListElement\":[{\"@type\":\"ListItem\",\"position\":1,\"name\":\"Home\",\"item\":\"https:\\\/\\\/news.save.ch\\\/de\\\/\"},{\"@type\":\"ListItem\",\"position\":2,\"name\":\"4\u2018384\u2018495 sicherheitsrelevante Massnahmen rapportiert\"}]},{\"@type\":\"WebSite\",\"@id\":\"https:\\\/\\\/news.save.ch\\\/de\\\/#website\",\"url\":\"https:\\\/\\\/news.save.ch\\\/de\\\/\",\"name\":\"Save\",\"description\":\"Schweizer Fachzeitschrift f\u00fcr Sicherheit\",\"publisher\":{\"@id\":\"https:\\\/\\\/news.save.ch\\\/de\\\/#organization\"},\"potentialAction\":[{\"@type\":\"SearchAction\",\"target\":{\"@type\":\"EntryPoint\",\"urlTemplate\":\"https:\\\/\\\/news.save.ch\\\/de\\\/?s={search_term_string}\"},\"query-input\":{\"@type\":\"PropertyValueSpecification\",\"valueRequired\":true,\"valueName\":\"search_term_string\"}}],\"inLanguage\":\"de\"},{\"@type\":\"Organization\",\"@id\":\"https:\\\/\\\/news.save.ch\\\/de\\\/#organization\",\"name\":\"Sicherheitsforum\",\"url\":\"https:\\\/\\\/news.save.ch\\\/de\\\/\",\"logo\":{\"@type\":\"ImageObject\",\"inLanguage\":\"de\",\"@id\":\"https:\\\/\\\/news.save.ch\\\/de\\\/#\\\/schema\\\/logo\\\/image\\\/\",\"url\":\"https:\\\/\\\/news.save.ch\\\/wp-content\\\/uploads\\\/2022\\\/06\\\/Logo_SF_2012.png\",\"contentUrl\":\"https:\\\/\\\/news.save.ch\\\/wp-content\\\/uploads\\\/2022\\\/06\\\/Logo_SF_2012.png\",\"width\":1100,\"height\":91,\"caption\":\"Sicherheitsforum\"},\"image\":{\"@id\":\"https:\\\/\\\/news.save.ch\\\/de\\\/#\\\/schema\\\/logo\\\/image\\\/\"}},{\"@type\":\"Person\",\"@id\":\"https:\\\/\\\/news.save.ch\\\/de\\\/#\\\/schema\\\/person\\\/d5022db048e0e2b9785c50e5b24da5aa\",\"name\":\"Roger Str\u00e4ssle\",\"image\":{\"@type\":\"ImageObject\",\"inLanguage\":\"de\",\"@id\":\"https:\\\/\\\/secure.gravatar.com\\\/avatar\\\/862a5569d087de48e5856e32f45d719a03804c891d6deb8d4f71a660e79e4a47?s=96&d=mm&r=g\",\"url\":\"https:\\\/\\\/secure.gravatar.com\\\/avatar\\\/862a5569d087de48e5856e32f45d719a03804c891d6deb8d4f71a660e79e4a47?s=96&d=mm&r=g\",\"contentUrl\":\"https:\\\/\\\/secure.gravatar.com\\\/avatar\\\/862a5569d087de48e5856e32f45d719a03804c891d6deb8d4f71a660e79e4a47?s=96&d=mm&r=g\",\"caption\":\"Roger Str\u00e4ssle\"},\"url\":\"https:\\\/\\\/news.save.ch\\\/de\\\/author\\\/roger-straessle\\\/\"}]}<\/script>\n<!-- \/ Yoast SEO plugin. -->","yoast_head_json":{"title":"4\u2018384\u2018495 sicherheitsrelevante Massnahmen rapportiert - Save","description":"Die Securitas Gruppe hat ihre Einsatzstatistik 2017 pr\u00e4sentiert. Ein paar Zahlen aus dem letzten Jahr.","robots":{"index":"index","follow":"follow","max-snippet":"max-snippet:-1","max-image-preview":"max-image-preview:large","max-video-preview":"max-video-preview:-1"},"canonical":"https:\/\/news.save.ch\/de\/4384495-sicherheitsrelevante-massnahmen-rapportiert\/","og_locale":"de_DE","og_type":"article","og_title":"4\u2018384\u2018495 sicherheitsrelevante Massnahmen rapportiert - Save","og_description":"Die Securitas Gruppe hat ihre Einsatzstatistik 2017 pr\u00e4sentiert. Ein paar Zahlen aus dem letzten Jahr.","og_url":"https:\/\/news.save.ch\/de\/4384495-sicherheitsrelevante-massnahmen-rapportiert\/","og_site_name":"Save","article_published_time":"2018-04-13T11:00:40+00:00","og_image":[{"width":999,"height":667,"url":"https:\/\/news.save.ch\/wp-content\/uploads\/2018\/04\/Depositphotos_73238611_m-2015.jpg","type":"image\/jpeg"}],"author":"Roger Str\u00e4ssle","twitter_card":"summary_large_image","twitter_misc":{"Geschrieben von":"Roger Str\u00e4ssle","Gesch\u00e4tzte Lesezeit":"1\u00a0Minute"},"schema":{"@context":"https:\/\/schema.org","@graph":[{"@type":"Article","@id":"https:\/\/news.save.ch\/4384495-sicherheitsrelevante-massnahmen-rapportiert\/#article","isPartOf":{"@id":"https:\/\/news.save.ch\/4384495-sicherheitsrelevante-massnahmen-rapportiert\/"},"author":{"name":"Roger Str\u00e4ssle","@id":"https:\/\/news.save.ch\/de\/#\/schema\/person\/d5022db048e0e2b9785c50e5b24da5aa"},"headline":"4\u2018384\u2018495 sicherheitsrelevante Massnahmen rapportiert","datePublished":"2018-04-13T11:00:40+00:00","mainEntityOfPage":{"@id":"https:\/\/news.save.ch\/4384495-sicherheitsrelevante-massnahmen-rapportiert\/"},"wordCount":174,"commentCount":0,"publisher":{"@id":"https:\/\/news.save.ch\/de\/#organization"},"image":{"@id":"https:\/\/news.save.ch\/4384495-sicherheitsrelevante-massnahmen-rapportiert\/#primaryimage"},"thumbnailUrl":"https:\/\/news.save.ch\/wp-content\/uploads\/2018\/04\/Depositphotos_73238611_m-2015.jpg","keywords":["Sicherheit diverses","Unternehmen"],"articleSection":["ALLGEMEIN"],"inLanguage":"de"},{"@type":"WebPage","@id":"https:\/\/news.save.ch\/4384495-sicherheitsrelevante-massnahmen-rapportiert\/","url":"https:\/\/news.save.ch\/4384495-sicherheitsrelevante-massnahmen-rapportiert\/","name":"4\u2018384\u2018495 sicherheitsrelevante Massnahmen rapportiert - Save","isPartOf":{"@id":"https:\/\/news.save.ch\/de\/#website"},"primaryImageOfPage":{"@id":"https:\/\/news.save.ch\/4384495-sicherheitsrelevante-massnahmen-rapportiert\/#primaryimage"},"image":{"@id":"https:\/\/news.save.ch\/4384495-sicherheitsrelevante-massnahmen-rapportiert\/#primaryimage"},"thumbnailUrl":"https:\/\/news.save.ch\/wp-content\/uploads\/2018\/04\/Depositphotos_73238611_m-2015.jpg","datePublished":"2018-04-13T11:00:40+00:00","description":"Die Securitas Gruppe hat ihre Einsatzstatistik 2017 pr\u00e4sentiert. Ein paar Zahlen aus dem letzten Jahr.","breadcrumb":{"@id":"https:\/\/news.save.ch\/4384495-sicherheitsrelevante-massnahmen-rapportiert\/#breadcrumb"},"inLanguage":"de","potentialAction":[{"@type":"ReadAction","target":["https:\/\/news.save.ch\/4384495-sicherheitsrelevante-massnahmen-rapportiert\/"]}]},{"@type":"ImageObject","inLanguage":"de","@id":"https:\/\/news.save.ch\/4384495-sicherheitsrelevante-massnahmen-rapportiert\/#primaryimage","url":"https:\/\/news.save.ch\/wp-content\/uploads\/2018\/04\/Depositphotos_73238611_m-2015.jpg","contentUrl":"https:\/\/news.save.ch\/wp-content\/uploads\/2018\/04\/Depositphotos_73238611_m-2015.jpg","width":999,"height":667,"caption":"Auch \u00fcber 30'000 Videobilder wurden 2017 fern\u00fcberwacht. \u00a9 depositphotos, kalinovsky"},{"@type":"BreadcrumbList","@id":"https:\/\/news.save.ch\/4384495-sicherheitsrelevante-massnahmen-rapportiert\/#breadcrumb","itemListElement":[{"@type":"ListItem","position":1,"name":"Home","item":"https:\/\/news.save.ch\/de\/"},{"@type":"ListItem","position":2,"name":"4\u2018384\u2018495 sicherheitsrelevante Massnahmen rapportiert"}]},{"@type":"WebSite","@id":"https:\/\/news.save.ch\/de\/#website","url":"https:\/\/news.save.ch\/de\/","name":"Save","description":"Schweizer Fachzeitschrift f\u00fcr Sicherheit","publisher":{"@id":"https:\/\/news.save.ch\/de\/#organization"},"potentialAction":[{"@type":"SearchAction","target":{"@type":"EntryPoint","urlTemplate":"https:\/\/news.save.ch\/de\/?s={search_term_string}"},"query-input":{"@type":"PropertyValueSpecification","valueRequired":true,"valueName":"search_term_string"}}],"inLanguage":"de"},{"@type":"Organization","@id":"https:\/\/news.save.ch\/de\/#organization","name":"Sicherheitsforum","url":"https:\/\/news.save.ch\/de\/","logo":{"@type":"ImageObject","inLanguage":"de","@id":"https:\/\/news.save.ch\/de\/#\/schema\/logo\/image\/","url":"https:\/\/news.save.ch\/wp-content\/uploads\/2022\/06\/Logo_SF_2012.png","contentUrl":"https:\/\/news.save.ch\/wp-content\/uploads\/2022\/06\/Logo_SF_2012.png","width":1100,"height":91,"caption":"Sicherheitsforum"},"image":{"@id":"https:\/\/news.save.ch\/de\/#\/schema\/logo\/image\/"}},{"@type":"Person","@id":"https:\/\/news.save.ch\/de\/#\/schema\/person\/d5022db048e0e2b9785c50e5b24da5aa","name":"Roger Str\u00e4ssle","image":{"@type":"ImageObject","inLanguage":"de","@id":"https:\/\/secure.gravatar.com\/avatar\/862a5569d087de48e5856e32f45d719a03804c891d6deb8d4f71a660e79e4a47?s=96&d=mm&r=g","url":"https:\/\/secure.gravatar.com\/avatar\/862a5569d087de48e5856e32f45d719a03804c891d6deb8d4f71a660e79e4a47?s=96&d=mm&r=g","contentUrl":"https:\/\/secure.gravatar.com\/avatar\/862a5569d087de48e5856e32f45d719a03804c891d6deb8d4f71a660e79e4a47?s=96&d=mm&r=g","caption":"Roger Str\u00e4ssle"},"url":"https:\/\/news.save.ch\/de\/author\/roger-straessle\/"}]}},"_links":{"self":[{"href":"https:\/\/news.save.ch\/de\/wp-json\/wp\/v2\/posts\/6240","targetHints":{"allow":["GET"]}}],"collection":[{"href":"https:\/\/news.save.ch\/de\/wp-json\/wp\/v2\/posts"}],"about":[{"href":"https:\/\/news.save.ch\/de\/wp-json\/wp\/v2\/types\/post"}],"author":[{"embeddable":true,"href":"https:\/\/news.save.ch\/de\/wp-json\/wp\/v2\/users\/8"}],"replies":[{"embeddable":true,"href":"https:\/\/news.save.ch\/de\/wp-json\/wp\/v2\/comments?post=6240"}],"version-history":[{"count":0,"href":"https:\/\/news.save.ch\/de\/wp-json\/wp\/v2\/posts\/6240\/revisions"}],"wp:featuredmedia":[{"embeddable":true,"href":"https:\/\/news.save.ch\/de\/wp-json\/wp\/v2\/media\/6241"}],"wp:attachment":[{"href":"https:\/\/news.save.ch\/de\/wp-json\/wp\/v2\/media?parent=6240"}],"wp:term":[{"taxonomy":"category","embeddable":true,"href":"https:\/\/news.save.ch\/de\/wp-json\/wp\/v2\/categories?post=6240"},{"taxonomy":"post_tag","embeddable":true,"href":"https:\/\/news.save.ch\/de\/wp-json\/wp\/v2\/tags?post=6240"}],"curies":[{"name":"wp","href":"https:\/\/api.w.org\/{rel}","templated":true}]}}