{"id":6253,"date":"2018-04-13T18:20:40","date_gmt":"2018-04-13T16:20:40","guid":{"rendered":"https:\/\/news.save.ch\/?p=6253"},"modified":"2023-03-14T08:59:21","modified_gmt":"2023-03-14T07:59:21","slug":"bodycams-deeskalierende-wirkung","status":null,"type":"post","link":"https:\/\/news.save.ch\/de\/bodycams-deeskalierende-wirkung\/","title":{"rendered":"Bodycams: deeskalierende Wirkung"},"content":{"rendered":"<figure id=\"attachment_6254\" aria-describedby=\"caption-attachment-6254\" style=\"width: 680px\" class=\"wp-caption aligncenter\"><img loading=\"lazy\" decoding=\"async\" class=\"size-medium wp-image-6254\" src=\"https:\/\/news.save.ch\/wp-content\/uploads\/2018\/04\/15-Bodycam-scaled-1.jpg\" alt=\"\" width=\"680\" height=\"454\" \/><figcaption id=\"caption-attachment-6254\" class=\"wp-caption-text\">\u00a9 SBB<\/figcaption><\/figure>\n<p>Vermehrt sind die Ordnungsh\u00fcter verbalen und physischen \u00dcbergriffen ausgesetzt. Neben Gewalt, die von einzelnen Personen ausge\u00fcbt wird, gibt es in j\u00fcngerer Zeit immer wieder Situationen, in denen die Polizei aus Gruppen heraus angegriffen wird. Im Rahmen des Projekts \u00abPolizeiarbeit in urbanen Spannungsfeldern (PiuS)\u00bb wurde das Kriminologische Institut der Universit\u00e4t Z\u00fcrich beauftragt, mit einer Befragung von mutmasslichen T\u00e4tern und Opfern diese Angriffe auszuwerten und Massnahmen vorzuschlagen.<\/p>\n<p>Weil Angriffe von Einzelpersonen wissenschaftlich bereits gut untersucht sind, ist das Kriminologische Institut beauftragt worden, sich in seiner Untersuchung auf die \u00dcbergriffe gegen Polizistinnen und Polizisten aus Gruppen heraus zu beschr\u00e4nken. Die Untersuchung zeigt: Es gibt jedes Jahr nur wenige solche Gruppenangriffe, aber sie haben jedes Mal ein grosses psychisches und physisches Verletzungspotenzial. Die H\u00e4lfte der Beschuldigten wohnt in der Stadt Z\u00fcrich, die meisten gewaltt\u00e4tigen Personen sind Schweizer und M\u00e4nner, darunter viele junge. Mehr als ein Drittel der mutmasslichen T\u00e4ter sind unter 20 Jahre alt. Und die Gewalt unterscheidet sich: W\u00e4hrend die unter 20-J\u00e4hrigen vorwiegend Steine und Flaschen werfen, handelt es sich bei den \u00dcbergriffen der 20- bis 25-J\u00e4hrigen vor allem um Beschimpfungen.<\/p>\n<p><strong>Bessere Beweismittel vorhanden <\/strong><\/p>\n<p>Eine gute Ausr\u00fcstung ist Voraussetzung f\u00fcr den Schutz der Polizei. Zudem soll\u00a0gepr\u00fcft werden, ob bei der Staatsanwaltschaft die F\u00e4lle von Gewalt und Drohung gegen Beamte aus Gruppen heraus an einer Stelle koordiniert und behandelt werden k\u00f6nnen. Dieser Wunsch ist bei der Oberstaatsanwaltschaft des Kantons Z\u00fcrich deponiert worden. Und der Strafrahmen soll von der Justiz st\u00e4rker ausgen\u00fctzt werden. Fatal ist es n\u00e4mlich, wenn T\u00e4ter davon ausgehen, ihre Taten h\u00e4tten keine Folgen \u2013 dieser Glaube f\u00f6rdert erwiesenermassen die Gewalt. Ausserdem sollen bei Angriffen mit hohem Gewaltpotenzial k\u00fcnftig bessere Beweismittel zur Verf\u00fcgung stehen, weshalb tempor\u00e4re Installationen von Videokameras an bestimmten Brennpunkten m\u00f6glich sein sollen.<\/p>\n<p>Das Kriminologische Institut hat festgestellt, dass eine professionelle, freundliche Kommunikation beziehungsweise ein entsprechendes Auftreten der Polizei von grosser Bedeutung ist f\u00fcr die Deeskalation oder die Vermeidung von Gewalt. Konkret empfehlen die Autoren der Studie, bei Grossveranstaltungen wie Demos oder Fussballspielen spezielle Dialogteams einzusetzen. In Berlin und auch in Bern sind solche Dialogteams erfolgreich im Einsatz. Sie suchen aktiv das Gespr\u00e4ch mit der Bev\u00f6lkerung. Die Stadtpolizei f\u00fchrt im Jahr 2018 einen Pilotversuch mit Dialogteams durch. Ausserdem empfiehlt das Kriminologische Institut, den Einsatz von Bodycams zu pr\u00fcfen. Im vergangenen Jahr ist dies \u2013 unabh\u00e4ngig von der Gewaltstudie \u2013 bereits in einem Versuch geschehen.<\/p>\n<p><strong>17\u2005000 Polizeieins\u00e4tze ausgewertet <\/strong><\/p>\n<p>Im Rahmen des Projekts PiuS ist bei der Stadtpolizei Z\u00fcrich (und der Transportpolizei der SBB in Z\u00fcrich und Lausanne) ein wissenschaftlich begleiteter Versuch mit K\u00f6rperkameras (Bodycams) durchgef\u00fchrt worden. In der Schweiz wird der Einsatz von Bodycams seit einiger Zeit diskutiert, bislang gab es aber keine Pilot\u00adprojekte und damit auch keine Antwort auf die Frage, ob Bodycams eine Wirkung haben.<\/p>\n<p>Der Sicherheitsvorsteher und der Kommandant der Stadtpolizei haben das Institut f\u00fcr Delinquenz und Kriminalpr\u00e4vention der Z\u00fcrcher Hochschule f\u00fcr Angewandte Wissenschaften (ZHAW) beauftragt, die Frage zu kl\u00e4ren, inwiefern Bodycams ein wirksames und sinnvolles polizeiliches Einsatzmittel darstellen.<\/p>\n<p>36 Wochen dauerte der Z\u00fcrcher Versuch, wobei die Polizistinnen und Polizisten nur jede zweite Woche die Kameras trugen. Dies erm\u00f6glichte einen direkten Vergleich von Eins\u00e4tzen mit Kamera und solchen ohne. Nach jeder Schicht mussten sie einen Fragebogen ausf\u00fcllen. In der Versuchsphase wurden 17\u2005198 Eins\u00e4tze geleistet und 7822 Frageb\u00f6gen ausgef\u00fcllt. Die Autoren der Studie kommen zu folgenden Schl\u00fcssen: Der Grossteil aller Eins\u00e4tze verl\u00e4uft friedlich. In jedem 200. Einsatz (0,5\u2005%) kam es zu physischen \u00dcbergriffen gegen Polizeiangeh\u00f6rige wie Schubsen, Stossen oder Schlagen, Treten oder gar Schlagen mit einem Gegenstand. Die Polizei berichteten in rund 4 Prozent der Eins\u00e4tze von verbalen \u00dcbergriffen wie Beschimpfungen.<\/p>\n<p><strong>J\u00e4hrlich 50 \u00dcbergriffe weniger <\/strong><\/p>\n<p>Im Vergleich der Eins\u00e4tze mit Bodycams und jener ohne Bodycams legen die Autoren eine g\u00fcnstige Wirkung der K\u00f6rperkamera nahe, ohne allerdings den positiven Effekt statistisch als signifikant abgesichert zu bezeichnen. In der Hochrechnung der untersuchten F\u00e4lle ist die Relevanz aber gegeben: W\u00fcrden in den vier Einheiten, die sich am Versuch beteiligten, alle Polizistinnen und Polizisten Bodycams tragen, w\u00fcrde es j\u00e4hrlich zu rund 50 F\u00e4llen weniger mit physischen \u00dcbergriffen auf die Polizei kommen. Ausserdem f\u00f6rdert die Bodycam die Objektivierbarkeit bei umstrittenen Eins\u00e4tzen. Zudem liefert sie zus\u00e4tzliches Beweismaterial bei Beschwerden und Strafverfahren. Die Untersuchung zeigt deutlich, dass die Boycam sicher keine eskalierende Wirkung hat: In vielen F\u00e4llen hat sich eine Situation bereits in dem Moment beruhigt, als die Polizeipatrouille das Gegen\u00fcber darauf hinwies, sie werde die Kamera jetzt einschalten. Mehr als die H\u00e4lfte der Polizistinnen und Polizisten, die am Versuch teilgenommen haben, bef\u00fcrworten die Einf\u00fchrung von Bodycams.<\/p>\n<p><strong>\u00a0<\/strong><strong>Antrag auf definitive Einf\u00fchrung<\/strong><\/p>\n<p>Der Vorsteher des Sicherheitsdepartements, Richard Wolff, wird im Einvernehmen mit dem Polizeikommandanten beim Stadtrat einen Antrag zur definitiven Einf\u00fchrung von Bodycams stellen. Heisst die Exekutive den Antrag gut, wird er dem Z\u00fcrcher Gemeinderat vorlegt, der f\u00fcr die n\u00f6tige Rechtsgrundlage zust\u00e4ndig ist. Der Einsatz von Bodycams soll gem\u00e4ss Wolff wie beim Versuch geregelt sein: Die Bodycam zeichnet nur dann auf, wenn eine Situation bereits ein gewisses Eskalationsniveau aufweist oder wenn das Gegen\u00fcber dies von der Polizei verlangt. Die Kosten f\u00fcr das Projekt werden auf 100\u2005000 bis 200\u2005000 Franken gesch\u00e4tzt.<\/p>\n<p><em>Pressetext Kommunikations Sicherheitsdepartement Stadt Z\u00fcrich<\/em><\/p>\n<p>&nbsp;<\/p>\n<p><em>Die Schlussberichte zu den Teilprojekten \u00abGewalt gegen Polizistinnen und Polizisten\u00bb und \u00abBodycams\u00bb sowie die wissenschaftlichen Berichte der Universit\u00e4t Z\u00fcrich und der ZHAW stehen im Internet bereit. <a href=\"https:\/\/bit.ly\/2GV5w1e\">https:\/\/bit.ly\/2GV5w1e<\/a><\/em><\/p>\n<p>&nbsp;<\/p>\n<p>&nbsp;<\/p>\n<p>&nbsp;<\/p>\n","protected":false},"excerpt":{"rendered":"<p>Vermehrt sind die Ordnungsh\u00fcter verbalen und physischen \u00dcbergriffen ausgesetzt. Neben Gewalt, die von einzelnen Personen ausge\u00fcbt wird, gibt es in j\u00fcngerer Zeit immer wieder Situationen, in denen die Polizei aus Gruppen heraus angegriffen wird. Im Rahmen des Projekts \u00abPolizeiarbeit in urbanen Spannungsfeldern (PiuS)\u00bb wurde das Kriminologische Institut der Universit\u00e4t Z\u00fcrich beauftragt, mit einer Befragung von [&hellip;]<\/p>\n","protected":false},"author":8,"featured_media":6254,"comment_status":"open","ping_status":"open","sticky":false,"template":"","format":"standard","meta":{"_acf_changed":false,"pgc_sgb_lightbox_settings":"","footnotes":""},"categories":[3312],"tags":[],"class_list":["post-6253","post","type-post","status-publish","format-standard","has-post-thumbnail","hentry","category-sicherheit"],"acf":[],"hkrextid":null,"publication":null,"issue":null,"workflow":null,"startPage":null,"spitzmarke":null,"_posts_by_tag_page_fields":{"widget_title":"","widget_tags":""},"_at_widget":"1","_yoast_wpseo_primary_category":"529","_yoast_wpseo_focuskw_text_input":"Bodycams","_yoast_wpseo_opengraph-image":null,"_yoast_wpseo_opengraph-description":null,"_yoast_wpseo_opengraph-title":null,"enclosure":null,"_yoast_wpseo_twitter-title":null,"_yoast_wpseo_twitter-description":null,"_yoast_wpseo_twitter-image":null,"_wp_old_slug":null,"_yoast_wpseo_title":null,"_yoast_wpseo_canonical":null,"yoast_head":"<!-- This site is optimized with the Yoast SEO plugin v27.5 - https:\/\/yoast.com\/product\/yoast-seo-wordpress\/ -->\n<title>Bodycams: deeskalierende Wirkung - Save<\/title>\n<meta name=\"description\" content=\"J\u00e4hrlich lassen sich f\u00fcnfzig \u00dcbergriffe auf die Polizei vermeiden, wenn diese eine Kamera tragen. Dies zeigt ein Versuch der Stadtpolizei mit Bodycams.\" \/>\n<meta name=\"robots\" content=\"index, follow, max-snippet:-1, max-image-preview:large, max-video-preview:-1\" \/>\n<link rel=\"canonical\" href=\"https:\/\/news.save.ch\/de\/bodycams-deeskalierende-wirkung\/\" \/>\n<meta property=\"og:locale\" content=\"de_DE\" \/>\n<meta property=\"og:type\" content=\"article\" \/>\n<meta property=\"og:title\" content=\"Bodycams: deeskalierende Wirkung - Save\" \/>\n<meta property=\"og:description\" content=\"J\u00e4hrlich lassen sich f\u00fcnfzig \u00dcbergriffe auf die Polizei vermeiden, wenn diese eine Kamera tragen. Dies zeigt ein Versuch der Stadtpolizei mit Bodycams.\" \/>\n<meta property=\"og:url\" content=\"https:\/\/news.save.ch\/de\/bodycams-deeskalierende-wirkung\/\" \/>\n<meta property=\"og:site_name\" content=\"Save\" \/>\n<meta property=\"article:published_time\" content=\"2018-04-13T16:20:40+00:00\" \/>\n<meta property=\"article:modified_time\" content=\"2023-03-14T07:59:21+00:00\" \/>\n<meta property=\"og:image\" content=\"https:\/\/news.save.ch\/wp-content\/uploads\/2018\/04\/15-Bodycam-scaled-1-scaled.jpg\" \/>\n\t<meta property=\"og:image:width\" content=\"1400\" \/>\n\t<meta property=\"og:image:height\" content=\"935\" \/>\n\t<meta property=\"og:image:type\" content=\"image\/jpeg\" \/>\n<meta name=\"author\" content=\"Roger Str\u00e4ssle\" \/>\n<meta name=\"twitter:card\" content=\"summary_large_image\" \/>\n<meta name=\"twitter:label1\" content=\"Geschrieben von\" \/>\n\t<meta name=\"twitter:data1\" content=\"Roger Str\u00e4ssle\" \/>\n\t<meta name=\"twitter:label2\" content=\"Gesch\u00e4tzte Lesezeit\" \/>\n\t<meta name=\"twitter:data2\" content=\"5\u00a0Minuten\" \/>\n<script type=\"application\/ld+json\" class=\"yoast-schema-graph\">{\"@context\":\"https:\\\/\\\/schema.org\",\"@graph\":[{\"@type\":\"Article\",\"@id\":\"https:\\\/\\\/news.save.ch\\\/bodycams-deeskalierende-wirkung\\\/#article\",\"isPartOf\":{\"@id\":\"https:\\\/\\\/news.save.ch\\\/bodycams-deeskalierende-wirkung\\\/\"},\"author\":{\"name\":\"Roger Str\u00e4ssle\",\"@id\":\"https:\\\/\\\/news.save.ch\\\/de\\\/#\\\/schema\\\/person\\\/d5022db048e0e2b9785c50e5b24da5aa\"},\"headline\":\"Bodycams: deeskalierende Wirkung\",\"datePublished\":\"2018-04-13T16:20:40+00:00\",\"dateModified\":\"2023-03-14T07:59:21+00:00\",\"mainEntityOfPage\":{\"@id\":\"https:\\\/\\\/news.save.ch\\\/bodycams-deeskalierende-wirkung\\\/\"},\"wordCount\":949,\"commentCount\":0,\"publisher\":{\"@id\":\"https:\\\/\\\/news.save.ch\\\/de\\\/#organization\"},\"image\":{\"@id\":\"https:\\\/\\\/news.save.ch\\\/bodycams-deeskalierende-wirkung\\\/#primaryimage\"},\"thumbnailUrl\":\"https:\\\/\\\/news.save.ch\\\/wp-content\\\/uploads\\\/2018\\\/04\\\/15-Bodycam-scaled-1-scaled.jpg\",\"articleSection\":[\"SICHERHEIT\"],\"inLanguage\":\"de\"},{\"@type\":\"WebPage\",\"@id\":\"https:\\\/\\\/news.save.ch\\\/bodycams-deeskalierende-wirkung\\\/\",\"url\":\"https:\\\/\\\/news.save.ch\\\/bodycams-deeskalierende-wirkung\\\/\",\"name\":\"Bodycams: deeskalierende Wirkung - Save\",\"isPartOf\":{\"@id\":\"https:\\\/\\\/news.save.ch\\\/de\\\/#website\"},\"primaryImageOfPage\":{\"@id\":\"https:\\\/\\\/news.save.ch\\\/bodycams-deeskalierende-wirkung\\\/#primaryimage\"},\"image\":{\"@id\":\"https:\\\/\\\/news.save.ch\\\/bodycams-deeskalierende-wirkung\\\/#primaryimage\"},\"thumbnailUrl\":\"https:\\\/\\\/news.save.ch\\\/wp-content\\\/uploads\\\/2018\\\/04\\\/15-Bodycam-scaled-1-scaled.jpg\",\"datePublished\":\"2018-04-13T16:20:40+00:00\",\"dateModified\":\"2023-03-14T07:59:21+00:00\",\"description\":\"J\u00e4hrlich lassen sich f\u00fcnfzig \u00dcbergriffe auf die Polizei vermeiden, wenn diese eine Kamera tragen. Dies zeigt ein Versuch der Stadtpolizei mit Bodycams.\",\"breadcrumb\":{\"@id\":\"https:\\\/\\\/news.save.ch\\\/bodycams-deeskalierende-wirkung\\\/#breadcrumb\"},\"inLanguage\":\"de\",\"potentialAction\":[{\"@type\":\"ReadAction\",\"target\":[\"https:\\\/\\\/news.save.ch\\\/bodycams-deeskalierende-wirkung\\\/\"]}]},{\"@type\":\"ImageObject\",\"inLanguage\":\"de\",\"@id\":\"https:\\\/\\\/news.save.ch\\\/bodycams-deeskalierende-wirkung\\\/#primaryimage\",\"url\":\"https:\\\/\\\/news.save.ch\\\/wp-content\\\/uploads\\\/2018\\\/04\\\/15-Bodycam-scaled-1-scaled.jpg\",\"contentUrl\":\"https:\\\/\\\/news.save.ch\\\/wp-content\\\/uploads\\\/2018\\\/04\\\/15-Bodycam-scaled-1-scaled.jpg\",\"width\":1400,\"height\":935,\"caption\":\"\u00a9 SBB\"},{\"@type\":\"BreadcrumbList\",\"@id\":\"https:\\\/\\\/news.save.ch\\\/bodycams-deeskalierende-wirkung\\\/#breadcrumb\",\"itemListElement\":[{\"@type\":\"ListItem\",\"position\":1,\"name\":\"Home\",\"item\":\"https:\\\/\\\/news.save.ch\\\/de\\\/\"},{\"@type\":\"ListItem\",\"position\":2,\"name\":\"Bodycams: deeskalierende Wirkung\"}]},{\"@type\":\"WebSite\",\"@id\":\"https:\\\/\\\/news.save.ch\\\/de\\\/#website\",\"url\":\"https:\\\/\\\/news.save.ch\\\/de\\\/\",\"name\":\"Save\",\"description\":\"Schweizer Fachzeitschrift f\u00fcr Sicherheit\",\"publisher\":{\"@id\":\"https:\\\/\\\/news.save.ch\\\/de\\\/#organization\"},\"potentialAction\":[{\"@type\":\"SearchAction\",\"target\":{\"@type\":\"EntryPoint\",\"urlTemplate\":\"https:\\\/\\\/news.save.ch\\\/de\\\/?s={search_term_string}\"},\"query-input\":{\"@type\":\"PropertyValueSpecification\",\"valueRequired\":true,\"valueName\":\"search_term_string\"}}],\"inLanguage\":\"de\"},{\"@type\":\"Organization\",\"@id\":\"https:\\\/\\\/news.save.ch\\\/de\\\/#organization\",\"name\":\"Sicherheitsforum\",\"url\":\"https:\\\/\\\/news.save.ch\\\/de\\\/\",\"logo\":{\"@type\":\"ImageObject\",\"inLanguage\":\"de\",\"@id\":\"https:\\\/\\\/news.save.ch\\\/de\\\/#\\\/schema\\\/logo\\\/image\\\/\",\"url\":\"https:\\\/\\\/news.save.ch\\\/wp-content\\\/uploads\\\/2022\\\/06\\\/Logo_SF_2012.png\",\"contentUrl\":\"https:\\\/\\\/news.save.ch\\\/wp-content\\\/uploads\\\/2022\\\/06\\\/Logo_SF_2012.png\",\"width\":1100,\"height\":91,\"caption\":\"Sicherheitsforum\"},\"image\":{\"@id\":\"https:\\\/\\\/news.save.ch\\\/de\\\/#\\\/schema\\\/logo\\\/image\\\/\"}},{\"@type\":\"Person\",\"@id\":\"https:\\\/\\\/news.save.ch\\\/de\\\/#\\\/schema\\\/person\\\/d5022db048e0e2b9785c50e5b24da5aa\",\"name\":\"Roger Str\u00e4ssle\",\"image\":{\"@type\":\"ImageObject\",\"inLanguage\":\"de\",\"@id\":\"https:\\\/\\\/secure.gravatar.com\\\/avatar\\\/862a5569d087de48e5856e32f45d719a03804c891d6deb8d4f71a660e79e4a47?s=96&d=mm&r=g\",\"url\":\"https:\\\/\\\/secure.gravatar.com\\\/avatar\\\/862a5569d087de48e5856e32f45d719a03804c891d6deb8d4f71a660e79e4a47?s=96&d=mm&r=g\",\"contentUrl\":\"https:\\\/\\\/secure.gravatar.com\\\/avatar\\\/862a5569d087de48e5856e32f45d719a03804c891d6deb8d4f71a660e79e4a47?s=96&d=mm&r=g\",\"caption\":\"Roger Str\u00e4ssle\"},\"url\":\"https:\\\/\\\/news.save.ch\\\/de\\\/author\\\/roger-straessle\\\/\"}]}<\/script>\n<!-- \/ Yoast SEO plugin. -->","yoast_head_json":{"title":"Bodycams: deeskalierende Wirkung - Save","description":"J\u00e4hrlich lassen sich f\u00fcnfzig \u00dcbergriffe auf die Polizei vermeiden, wenn diese eine Kamera tragen. Dies zeigt ein Versuch der Stadtpolizei mit Bodycams.","robots":{"index":"index","follow":"follow","max-snippet":"max-snippet:-1","max-image-preview":"max-image-preview:large","max-video-preview":"max-video-preview:-1"},"canonical":"https:\/\/news.save.ch\/de\/bodycams-deeskalierende-wirkung\/","og_locale":"de_DE","og_type":"article","og_title":"Bodycams: deeskalierende Wirkung - Save","og_description":"J\u00e4hrlich lassen sich f\u00fcnfzig \u00dcbergriffe auf die Polizei vermeiden, wenn diese eine Kamera tragen. Dies zeigt ein Versuch der Stadtpolizei mit Bodycams.","og_url":"https:\/\/news.save.ch\/de\/bodycams-deeskalierende-wirkung\/","og_site_name":"Save","article_published_time":"2018-04-13T16:20:40+00:00","article_modified_time":"2023-03-14T07:59:21+00:00","og_image":[{"width":1400,"height":935,"url":"https:\/\/news.save.ch\/wp-content\/uploads\/2018\/04\/15-Bodycam-scaled-1-scaled.jpg","type":"image\/jpeg"}],"author":"Roger Str\u00e4ssle","twitter_card":"summary_large_image","twitter_misc":{"Geschrieben von":"Roger Str\u00e4ssle","Gesch\u00e4tzte Lesezeit":"5\u00a0Minuten"},"schema":{"@context":"https:\/\/schema.org","@graph":[{"@type":"Article","@id":"https:\/\/news.save.ch\/bodycams-deeskalierende-wirkung\/#article","isPartOf":{"@id":"https:\/\/news.save.ch\/bodycams-deeskalierende-wirkung\/"},"author":{"name":"Roger Str\u00e4ssle","@id":"https:\/\/news.save.ch\/de\/#\/schema\/person\/d5022db048e0e2b9785c50e5b24da5aa"},"headline":"Bodycams: deeskalierende Wirkung","datePublished":"2018-04-13T16:20:40+00:00","dateModified":"2023-03-14T07:59:21+00:00","mainEntityOfPage":{"@id":"https:\/\/news.save.ch\/bodycams-deeskalierende-wirkung\/"},"wordCount":949,"commentCount":0,"publisher":{"@id":"https:\/\/news.save.ch\/de\/#organization"},"image":{"@id":"https:\/\/news.save.ch\/bodycams-deeskalierende-wirkung\/#primaryimage"},"thumbnailUrl":"https:\/\/news.save.ch\/wp-content\/uploads\/2018\/04\/15-Bodycam-scaled-1-scaled.jpg","articleSection":["SICHERHEIT"],"inLanguage":"de"},{"@type":"WebPage","@id":"https:\/\/news.save.ch\/bodycams-deeskalierende-wirkung\/","url":"https:\/\/news.save.ch\/bodycams-deeskalierende-wirkung\/","name":"Bodycams: deeskalierende Wirkung - Save","isPartOf":{"@id":"https:\/\/news.save.ch\/de\/#website"},"primaryImageOfPage":{"@id":"https:\/\/news.save.ch\/bodycams-deeskalierende-wirkung\/#primaryimage"},"image":{"@id":"https:\/\/news.save.ch\/bodycams-deeskalierende-wirkung\/#primaryimage"},"thumbnailUrl":"https:\/\/news.save.ch\/wp-content\/uploads\/2018\/04\/15-Bodycam-scaled-1-scaled.jpg","datePublished":"2018-04-13T16:20:40+00:00","dateModified":"2023-03-14T07:59:21+00:00","description":"J\u00e4hrlich lassen sich f\u00fcnfzig \u00dcbergriffe auf die Polizei vermeiden, wenn diese eine Kamera tragen. Dies zeigt ein Versuch der Stadtpolizei mit Bodycams.","breadcrumb":{"@id":"https:\/\/news.save.ch\/bodycams-deeskalierende-wirkung\/#breadcrumb"},"inLanguage":"de","potentialAction":[{"@type":"ReadAction","target":["https:\/\/news.save.ch\/bodycams-deeskalierende-wirkung\/"]}]},{"@type":"ImageObject","inLanguage":"de","@id":"https:\/\/news.save.ch\/bodycams-deeskalierende-wirkung\/#primaryimage","url":"https:\/\/news.save.ch\/wp-content\/uploads\/2018\/04\/15-Bodycam-scaled-1-scaled.jpg","contentUrl":"https:\/\/news.save.ch\/wp-content\/uploads\/2018\/04\/15-Bodycam-scaled-1-scaled.jpg","width":1400,"height":935,"caption":"\u00a9 SBB"},{"@type":"BreadcrumbList","@id":"https:\/\/news.save.ch\/bodycams-deeskalierende-wirkung\/#breadcrumb","itemListElement":[{"@type":"ListItem","position":1,"name":"Home","item":"https:\/\/news.save.ch\/de\/"},{"@type":"ListItem","position":2,"name":"Bodycams: deeskalierende Wirkung"}]},{"@type":"WebSite","@id":"https:\/\/news.save.ch\/de\/#website","url":"https:\/\/news.save.ch\/de\/","name":"Save","description":"Schweizer Fachzeitschrift f\u00fcr Sicherheit","publisher":{"@id":"https:\/\/news.save.ch\/de\/#organization"},"potentialAction":[{"@type":"SearchAction","target":{"@type":"EntryPoint","urlTemplate":"https:\/\/news.save.ch\/de\/?s={search_term_string}"},"query-input":{"@type":"PropertyValueSpecification","valueRequired":true,"valueName":"search_term_string"}}],"inLanguage":"de"},{"@type":"Organization","@id":"https:\/\/news.save.ch\/de\/#organization","name":"Sicherheitsforum","url":"https:\/\/news.save.ch\/de\/","logo":{"@type":"ImageObject","inLanguage":"de","@id":"https:\/\/news.save.ch\/de\/#\/schema\/logo\/image\/","url":"https:\/\/news.save.ch\/wp-content\/uploads\/2022\/06\/Logo_SF_2012.png","contentUrl":"https:\/\/news.save.ch\/wp-content\/uploads\/2022\/06\/Logo_SF_2012.png","width":1100,"height":91,"caption":"Sicherheitsforum"},"image":{"@id":"https:\/\/news.save.ch\/de\/#\/schema\/logo\/image\/"}},{"@type":"Person","@id":"https:\/\/news.save.ch\/de\/#\/schema\/person\/d5022db048e0e2b9785c50e5b24da5aa","name":"Roger Str\u00e4ssle","image":{"@type":"ImageObject","inLanguage":"de","@id":"https:\/\/secure.gravatar.com\/avatar\/862a5569d087de48e5856e32f45d719a03804c891d6deb8d4f71a660e79e4a47?s=96&d=mm&r=g","url":"https:\/\/secure.gravatar.com\/avatar\/862a5569d087de48e5856e32f45d719a03804c891d6deb8d4f71a660e79e4a47?s=96&d=mm&r=g","contentUrl":"https:\/\/secure.gravatar.com\/avatar\/862a5569d087de48e5856e32f45d719a03804c891d6deb8d4f71a660e79e4a47?s=96&d=mm&r=g","caption":"Roger Str\u00e4ssle"},"url":"https:\/\/news.save.ch\/de\/author\/roger-straessle\/"}]}},"_links":{"self":[{"href":"https:\/\/news.save.ch\/de\/wp-json\/wp\/v2\/posts\/6253","targetHints":{"allow":["GET"]}}],"collection":[{"href":"https:\/\/news.save.ch\/de\/wp-json\/wp\/v2\/posts"}],"about":[{"href":"https:\/\/news.save.ch\/de\/wp-json\/wp\/v2\/types\/post"}],"author":[{"embeddable":true,"href":"https:\/\/news.save.ch\/de\/wp-json\/wp\/v2\/users\/8"}],"replies":[{"embeddable":true,"href":"https:\/\/news.save.ch\/de\/wp-json\/wp\/v2\/comments?post=6253"}],"version-history":[{"count":1,"href":"https:\/\/news.save.ch\/de\/wp-json\/wp\/v2\/posts\/6253\/revisions"}],"predecessor-version":[{"id":17929,"href":"https:\/\/news.save.ch\/de\/wp-json\/wp\/v2\/posts\/6253\/revisions\/17929"}],"wp:featuredmedia":[{"embeddable":true,"href":"https:\/\/news.save.ch\/de\/wp-json\/wp\/v2\/media\/6254"}],"wp:attachment":[{"href":"https:\/\/news.save.ch\/de\/wp-json\/wp\/v2\/media?parent=6253"}],"wp:term":[{"taxonomy":"category","embeddable":true,"href":"https:\/\/news.save.ch\/de\/wp-json\/wp\/v2\/categories?post=6253"},{"taxonomy":"post_tag","embeddable":true,"href":"https:\/\/news.save.ch\/de\/wp-json\/wp\/v2\/tags?post=6253"}],"curies":[{"name":"wp","href":"https:\/\/api.w.org\/{rel}","templated":true}]}}