{"id":6267,"date":"2018-04-20T09:38:03","date_gmt":"2018-04-20T07:38:03","guid":{"rendered":"https:\/\/news.save.ch\/?p=6267"},"modified":"2023-03-14T08:56:56","modified_gmt":"2023-03-14T07:56:56","slug":"cyber-risiken-bund-definiert-sieben-ziele","status":null,"type":"post","link":"https:\/\/news.save.ch\/de\/cyber-risiken-bund-definiert-sieben-ziele\/","title":{"rendered":"Cyber-Risiken: Bund definiert sieben Ziele"},"content":{"rendered":"<p><img loading=\"lazy\" decoding=\"async\" class=\"aligncenter size-medium wp-image-6268\" src=\"https:\/\/news.save.ch\/wp-content\/uploads\/2018\/04\/strategie.jpg\" alt=\"\" width=\"680\" height=\"469\" srcset=\"https:\/\/news.save.ch\/wp-content\/uploads\/2018\/04\/strategie.jpg 872w, https:\/\/news.save.ch\/wp-content\/uploads\/2018\/04\/strategie-375x259.jpg 375w\" sizes=\"auto, (max-width: 680px) 100vw, 680px\" \/><\/p>\n<p>&nbsp;<\/p>\n<p>Cyber-Risiken pr\u00e4gen den heutigen Alltag. F\u00fcr Aufsehen sorgten in j\u00fcngster Zeit breit angelegte Angriffswellen, die weltweit zu grossen Sch\u00e4den f\u00fchrten, aber auch gezielte und oft politisch motivierte Angriffe auf staatliche Infrastrukturen zum Zweck der Spionage oder Sabotage.<\/p>\n<h2>Strategiesche Ziele<\/h2>\n<p>Der Bundesrat hat mit der neu erarbeiteten Strategie zum Schutz der Schweiz vor Cyber-Risiken (NCS) <a href=\"https:\/\/www.newsd.admin.ch\/newsd\/message\/attachments\/52071.pdf\">f\u00fcr die Jahre 2018-2022<\/a> sieben Ziele definiert:<\/p>\n<ul>\n<li>Die Schweiz verf\u00fcgt \u00fcber die Kompetenzen, das Wissen und die F\u00e4higkeiten, Cyber-Risiken fr\u00fchzeitig zu erkennen und einzusch\u00e4tzen.<\/li>\n<li>Die Schweiz entwickelt wirksame Massnahmen zur Reduktion der Cyber-Risiken und setzt diese im Rahmen der Pr\u00e4vention um.<\/li>\n<li>Die Schweiz verf\u00fcgt in allen Lagen \u00fcber die n\u00f6tigen Kapazit\u00e4ten und Organisationsstrukturen, um Cyber-Vorf\u00e4lle rasch zu erkennen und auch dann zu bew\u00e4ltigen, wenn diese \u00fcber l\u00e4ngere Zeit andauern und verschiedene Bereiche gleichzeitig betreffen.<\/li>\n<li>Die Schweiz ist gegen\u00fcber Cyber-Risiken resilient. Die F\u00e4higkeit der kritischen Infrastrukturen, wichtige Dienstleistungen und G\u00fcter\u00a0zur Verf\u00fcgung zu stellen, bleibt auch bei grossen Cyber-Vorf\u00e4llen gew\u00e4hrleistet.<\/li>\n<li>Der Schutz der Schweiz vor Cyber-Risiken wird als gemeinschaftliche Aufgabe von Gesellschaft, Wirtschaft und Staat wahrgenommen, wobei die Verantwortungen und Zust\u00e4ndigkeiten klar definiert und von allen Beteiligten gelebt werden.<\/li>\n<li>Die Schweiz engagiert sich f\u00fcr die internationale Kooperation zur Erh\u00f6hung der Cyber-Sicherheit. Sie f\u00f6rdert den Dialog in der Cyber-Aussen- und Sicherheitspolitik, beteiligt sich aktiv in den internationalen Fachgremien und pflegt den Austausch mit an deren Staaten und internationalen Organisationen.<\/li>\n<li>Die Schweiz lernt aus Cyber-Vorf\u00e4llen im In- und Ausland. Cyber-Vorf\u00e4lle werden sorgf\u00e4ltig analysiert und aufgrund der Erkenntnisse entsprechende Massnahmen getroffen.<\/li>\n<\/ul>\n<p>Die Strategie enth\u00e4lt neu ein Handlungsfeld Standardisierung und Regulierung, \u00fcber welches der Bund beauftragt wird, in Zusammenarbeit mit der Wirtschaft Mindeststandards f\u00fcr die Cyber-Sicherheit zu entwickeln und die Einf\u00fchrung von Meldepflichten f\u00fcr Cyber-Vorf\u00e4lle zu pr\u00fcfen.<\/p>\n<h2>Umsetzungsplanung in Arbeit<\/h2>\n<p>Damit der Bund die durch die Strategie vorgegebenen Massnahmen m\u00f6glichst rasch und effektiv umsetzen kann, \u00fcberpr\u00fcft er aktuell seine Strukturen im Bereich Cyber-Risiken, wie es in der Mitteilung heisst. Gest\u00fctzt auf diese \u00dcberpr\u00fcfung werde der Bund gemeinsam mit den Kantonen, der Wirtschaft und den Hochschulen den Umsetzungsplan zur NCS erarbeiten. In diesem Plan sei festgehalten, wer f\u00fcr welche Massnahmen die Verantwortung \u00fcbernehme, welche Mittel eingesetzt w\u00fcrden und bis wann welche Schritte abgeschlossen sein sollten.<\/p>\n<p><em>Quelle Bund<\/em><\/p>\n<p><a href=\"https:\/\/news.save.ch\/cyber-risiken-bundesrat-gleist-nachfolgestrategie-auf\/\">Hier geht&#8217;s zur &#8222;alten&#8220; Strategie 2012-2017\u00a0<\/a><\/p>\n","protected":false},"excerpt":{"rendered":"<p>&nbsp; Cyber-Risiken pr\u00e4gen den heutigen Alltag. F\u00fcr Aufsehen sorgten in j\u00fcngster Zeit breit angelegte Angriffswellen, die weltweit zu grossen Sch\u00e4den f\u00fchrten, aber auch gezielte und oft politisch motivierte Angriffe auf staatliche Infrastrukturen zum Zweck der Spionage oder Sabotage. Strategiesche Ziele Der Bundesrat hat mit der neu erarbeiteten Strategie zum Schutz der Schweiz vor Cyber-Risiken (NCS) [&hellip;]<\/p>\n","protected":false},"author":8,"featured_media":6268,"comment_status":"open","ping_status":"open","sticky":false,"template":"","format":"standard","meta":{"_acf_changed":false,"pgc_sgb_lightbox_settings":"","footnotes":""},"categories":[3313],"tags":[168,96,62,63],"class_list":["post-6267","post","type-post","status-publish","format-standard","has-post-thumbnail","hentry","category-digitalisierung","tag-bundesrat","tag-cyber-crime","tag-ict-sicherheit","tag-it-security"],"acf":[],"hkrextid":null,"publication":null,"issue":null,"workflow":null,"startPage":null,"spitzmarke":null,"_posts_by_tag_page_fields":{"widget_title":"","widget_tags":""},"_at_widget":"1","_yoast_wpseo_primary_category":"2","_yoast_wpseo_focuskw_text_input":"Cyber-Risiken","_yoast_wpseo_opengraph-image":null,"_yoast_wpseo_opengraph-description":null,"_yoast_wpseo_opengraph-title":null,"enclosure":null,"_yoast_wpseo_twitter-title":null,"_yoast_wpseo_twitter-description":null,"_yoast_wpseo_twitter-image":null,"_wp_old_slug":null,"_yoast_wpseo_title":null,"_yoast_wpseo_canonical":null,"yoast_head":"<!-- This site is optimized with the Yoast SEO plugin v27.5 - https:\/\/yoast.com\/product\/yoast-seo-wordpress\/ -->\n<title>Cyber-Risiken: Bund definiert sieben Ziele - Save<\/title>\n<meta name=\"description\" content=\"Mit der Nationalen Strategie zum Schutz der Schweiz vor Cyber-Risiken 2018-2022 tr\u00e4gt der Bundesrat der gestiegenen Bedeutung von Cyber-Risiken Rechnung.\" \/>\n<meta name=\"robots\" content=\"index, follow, max-snippet:-1, max-image-preview:large, max-video-preview:-1\" \/>\n<link rel=\"canonical\" href=\"https:\/\/news.save.ch\/de\/cyber-risiken-bund-definiert-sieben-ziele\/\" \/>\n<meta property=\"og:locale\" content=\"de_DE\" \/>\n<meta property=\"og:type\" content=\"article\" \/>\n<meta property=\"og:title\" content=\"Cyber-Risiken: Bund definiert sieben Ziele - Save\" \/>\n<meta property=\"og:description\" content=\"Mit der Nationalen Strategie zum Schutz der Schweiz vor Cyber-Risiken 2018-2022 tr\u00e4gt der Bundesrat der gestiegenen Bedeutung von Cyber-Risiken Rechnung.\" \/>\n<meta property=\"og:url\" content=\"https:\/\/news.save.ch\/de\/cyber-risiken-bund-definiert-sieben-ziele\/\" \/>\n<meta property=\"og:site_name\" content=\"Save\" \/>\n<meta property=\"article:published_time\" content=\"2018-04-20T07:38:03+00:00\" \/>\n<meta property=\"article:modified_time\" content=\"2023-03-14T07:56:56+00:00\" \/>\n<meta property=\"og:image\" content=\"https:\/\/news.save.ch\/wp-content\/uploads\/2018\/04\/strategie.jpg\" \/>\n\t<meta property=\"og:image:width\" content=\"872\" \/>\n\t<meta property=\"og:image:height\" content=\"602\" \/>\n\t<meta property=\"og:image:type\" content=\"image\/jpeg\" \/>\n<meta name=\"author\" content=\"Roger Str\u00e4ssle\" \/>\n<meta name=\"twitter:card\" content=\"summary_large_image\" \/>\n<meta name=\"twitter:label1\" content=\"Geschrieben von\" \/>\n\t<meta name=\"twitter:data1\" content=\"Roger Str\u00e4ssle\" \/>\n\t<meta name=\"twitter:label2\" content=\"Gesch\u00e4tzte Lesezeit\" \/>\n\t<meta name=\"twitter:data2\" content=\"2\u00a0Minuten\" \/>\n<script type=\"application\/ld+json\" class=\"yoast-schema-graph\">{\"@context\":\"https:\\\/\\\/schema.org\",\"@graph\":[{\"@type\":\"Article\",\"@id\":\"https:\\\/\\\/news.save.ch\\\/cyber-risiken-bund-definiert-sieben-ziele\\\/#article\",\"isPartOf\":{\"@id\":\"https:\\\/\\\/news.save.ch\\\/cyber-risiken-bund-definiert-sieben-ziele\\\/\"},\"author\":{\"name\":\"Roger Str\u00e4ssle\",\"@id\":\"https:\\\/\\\/news.save.ch\\\/de\\\/#\\\/schema\\\/person\\\/d5022db048e0e2b9785c50e5b24da5aa\"},\"headline\":\"Cyber-Risiken: Bund definiert sieben Ziele\",\"datePublished\":\"2018-04-20T07:38:03+00:00\",\"dateModified\":\"2023-03-14T07:56:56+00:00\",\"mainEntityOfPage\":{\"@id\":\"https:\\\/\\\/news.save.ch\\\/cyber-risiken-bund-definiert-sieben-ziele\\\/\"},\"wordCount\":410,\"commentCount\":0,\"publisher\":{\"@id\":\"https:\\\/\\\/news.save.ch\\\/de\\\/#organization\"},\"image\":{\"@id\":\"https:\\\/\\\/news.save.ch\\\/cyber-risiken-bund-definiert-sieben-ziele\\\/#primaryimage\"},\"thumbnailUrl\":\"https:\\\/\\\/news.save.ch\\\/wp-content\\\/uploads\\\/2018\\\/04\\\/strategie.jpg\",\"keywords\":[\"Bundesrat\",\"Cyber-Crime\",\"ICT-Sicherheit\",\"IT-SECURITY\"],\"articleSection\":[\"DIGITALISIERUNG\"],\"inLanguage\":\"de\"},{\"@type\":\"WebPage\",\"@id\":\"https:\\\/\\\/news.save.ch\\\/cyber-risiken-bund-definiert-sieben-ziele\\\/\",\"url\":\"https:\\\/\\\/news.save.ch\\\/cyber-risiken-bund-definiert-sieben-ziele\\\/\",\"name\":\"Cyber-Risiken: Bund definiert sieben Ziele - Save\",\"isPartOf\":{\"@id\":\"https:\\\/\\\/news.save.ch\\\/de\\\/#website\"},\"primaryImageOfPage\":{\"@id\":\"https:\\\/\\\/news.save.ch\\\/cyber-risiken-bund-definiert-sieben-ziele\\\/#primaryimage\"},\"image\":{\"@id\":\"https:\\\/\\\/news.save.ch\\\/cyber-risiken-bund-definiert-sieben-ziele\\\/#primaryimage\"},\"thumbnailUrl\":\"https:\\\/\\\/news.save.ch\\\/wp-content\\\/uploads\\\/2018\\\/04\\\/strategie.jpg\",\"datePublished\":\"2018-04-20T07:38:03+00:00\",\"dateModified\":\"2023-03-14T07:56:56+00:00\",\"description\":\"Mit der Nationalen Strategie zum Schutz der Schweiz vor Cyber-Risiken 2018-2022 tr\u00e4gt der Bundesrat der gestiegenen Bedeutung von Cyber-Risiken Rechnung.\",\"breadcrumb\":{\"@id\":\"https:\\\/\\\/news.save.ch\\\/cyber-risiken-bund-definiert-sieben-ziele\\\/#breadcrumb\"},\"inLanguage\":\"de\",\"potentialAction\":[{\"@type\":\"ReadAction\",\"target\":[\"https:\\\/\\\/news.save.ch\\\/cyber-risiken-bund-definiert-sieben-ziele\\\/\"]}]},{\"@type\":\"ImageObject\",\"inLanguage\":\"de\",\"@id\":\"https:\\\/\\\/news.save.ch\\\/cyber-risiken-bund-definiert-sieben-ziele\\\/#primaryimage\",\"url\":\"https:\\\/\\\/news.save.ch\\\/wp-content\\\/uploads\\\/2018\\\/04\\\/strategie.jpg\",\"contentUrl\":\"https:\\\/\\\/news.save.ch\\\/wp-content\\\/uploads\\\/2018\\\/04\\\/strategie.jpg\",\"width\":872,\"height\":602,\"caption\":\"Quelle: Bund\"},{\"@type\":\"BreadcrumbList\",\"@id\":\"https:\\\/\\\/news.save.ch\\\/cyber-risiken-bund-definiert-sieben-ziele\\\/#breadcrumb\",\"itemListElement\":[{\"@type\":\"ListItem\",\"position\":1,\"name\":\"Home\",\"item\":\"https:\\\/\\\/news.save.ch\\\/de\\\/\"},{\"@type\":\"ListItem\",\"position\":2,\"name\":\"Cyber-Risiken: Bund definiert sieben Ziele\"}]},{\"@type\":\"WebSite\",\"@id\":\"https:\\\/\\\/news.save.ch\\\/de\\\/#website\",\"url\":\"https:\\\/\\\/news.save.ch\\\/de\\\/\",\"name\":\"Save\",\"description\":\"Schweizer Fachzeitschrift f\u00fcr Sicherheit\",\"publisher\":{\"@id\":\"https:\\\/\\\/news.save.ch\\\/de\\\/#organization\"},\"potentialAction\":[{\"@type\":\"SearchAction\",\"target\":{\"@type\":\"EntryPoint\",\"urlTemplate\":\"https:\\\/\\\/news.save.ch\\\/de\\\/?s={search_term_string}\"},\"query-input\":{\"@type\":\"PropertyValueSpecification\",\"valueRequired\":true,\"valueName\":\"search_term_string\"}}],\"inLanguage\":\"de\"},{\"@type\":\"Organization\",\"@id\":\"https:\\\/\\\/news.save.ch\\\/de\\\/#organization\",\"name\":\"Sicherheitsforum\",\"url\":\"https:\\\/\\\/news.save.ch\\\/de\\\/\",\"logo\":{\"@type\":\"ImageObject\",\"inLanguage\":\"de\",\"@id\":\"https:\\\/\\\/news.save.ch\\\/de\\\/#\\\/schema\\\/logo\\\/image\\\/\",\"url\":\"https:\\\/\\\/news.save.ch\\\/wp-content\\\/uploads\\\/2022\\\/06\\\/Logo_SF_2012.png\",\"contentUrl\":\"https:\\\/\\\/news.save.ch\\\/wp-content\\\/uploads\\\/2022\\\/06\\\/Logo_SF_2012.png\",\"width\":1100,\"height\":91,\"caption\":\"Sicherheitsforum\"},\"image\":{\"@id\":\"https:\\\/\\\/news.save.ch\\\/de\\\/#\\\/schema\\\/logo\\\/image\\\/\"}},{\"@type\":\"Person\",\"@id\":\"https:\\\/\\\/news.save.ch\\\/de\\\/#\\\/schema\\\/person\\\/d5022db048e0e2b9785c50e5b24da5aa\",\"name\":\"Roger Str\u00e4ssle\",\"image\":{\"@type\":\"ImageObject\",\"inLanguage\":\"de\",\"@id\":\"https:\\\/\\\/secure.gravatar.com\\\/avatar\\\/862a5569d087de48e5856e32f45d719a03804c891d6deb8d4f71a660e79e4a47?s=96&d=mm&r=g\",\"url\":\"https:\\\/\\\/secure.gravatar.com\\\/avatar\\\/862a5569d087de48e5856e32f45d719a03804c891d6deb8d4f71a660e79e4a47?s=96&d=mm&r=g\",\"contentUrl\":\"https:\\\/\\\/secure.gravatar.com\\\/avatar\\\/862a5569d087de48e5856e32f45d719a03804c891d6deb8d4f71a660e79e4a47?s=96&d=mm&r=g\",\"caption\":\"Roger Str\u00e4ssle\"},\"url\":\"https:\\\/\\\/news.save.ch\\\/de\\\/author\\\/roger-straessle\\\/\"}]}<\/script>\n<!-- \/ Yoast SEO plugin. -->","yoast_head_json":{"title":"Cyber-Risiken: Bund definiert sieben Ziele - Save","description":"Mit der Nationalen Strategie zum Schutz der Schweiz vor Cyber-Risiken 2018-2022 tr\u00e4gt der Bundesrat der gestiegenen Bedeutung von Cyber-Risiken Rechnung.","robots":{"index":"index","follow":"follow","max-snippet":"max-snippet:-1","max-image-preview":"max-image-preview:large","max-video-preview":"max-video-preview:-1"},"canonical":"https:\/\/news.save.ch\/de\/cyber-risiken-bund-definiert-sieben-ziele\/","og_locale":"de_DE","og_type":"article","og_title":"Cyber-Risiken: Bund definiert sieben Ziele - Save","og_description":"Mit der Nationalen Strategie zum Schutz der Schweiz vor Cyber-Risiken 2018-2022 tr\u00e4gt der Bundesrat der gestiegenen Bedeutung von Cyber-Risiken Rechnung.","og_url":"https:\/\/news.save.ch\/de\/cyber-risiken-bund-definiert-sieben-ziele\/","og_site_name":"Save","article_published_time":"2018-04-20T07:38:03+00:00","article_modified_time":"2023-03-14T07:56:56+00:00","og_image":[{"width":872,"height":602,"url":"https:\/\/news.save.ch\/wp-content\/uploads\/2018\/04\/strategie.jpg","type":"image\/jpeg"}],"author":"Roger Str\u00e4ssle","twitter_card":"summary_large_image","twitter_misc":{"Geschrieben von":"Roger Str\u00e4ssle","Gesch\u00e4tzte Lesezeit":"2\u00a0Minuten"},"schema":{"@context":"https:\/\/schema.org","@graph":[{"@type":"Article","@id":"https:\/\/news.save.ch\/cyber-risiken-bund-definiert-sieben-ziele\/#article","isPartOf":{"@id":"https:\/\/news.save.ch\/cyber-risiken-bund-definiert-sieben-ziele\/"},"author":{"name":"Roger Str\u00e4ssle","@id":"https:\/\/news.save.ch\/de\/#\/schema\/person\/d5022db048e0e2b9785c50e5b24da5aa"},"headline":"Cyber-Risiken: Bund definiert sieben Ziele","datePublished":"2018-04-20T07:38:03+00:00","dateModified":"2023-03-14T07:56:56+00:00","mainEntityOfPage":{"@id":"https:\/\/news.save.ch\/cyber-risiken-bund-definiert-sieben-ziele\/"},"wordCount":410,"commentCount":0,"publisher":{"@id":"https:\/\/news.save.ch\/de\/#organization"},"image":{"@id":"https:\/\/news.save.ch\/cyber-risiken-bund-definiert-sieben-ziele\/#primaryimage"},"thumbnailUrl":"https:\/\/news.save.ch\/wp-content\/uploads\/2018\/04\/strategie.jpg","keywords":["Bundesrat","Cyber-Crime","ICT-Sicherheit","IT-SECURITY"],"articleSection":["DIGITALISIERUNG"],"inLanguage":"de"},{"@type":"WebPage","@id":"https:\/\/news.save.ch\/cyber-risiken-bund-definiert-sieben-ziele\/","url":"https:\/\/news.save.ch\/cyber-risiken-bund-definiert-sieben-ziele\/","name":"Cyber-Risiken: Bund definiert sieben Ziele - Save","isPartOf":{"@id":"https:\/\/news.save.ch\/de\/#website"},"primaryImageOfPage":{"@id":"https:\/\/news.save.ch\/cyber-risiken-bund-definiert-sieben-ziele\/#primaryimage"},"image":{"@id":"https:\/\/news.save.ch\/cyber-risiken-bund-definiert-sieben-ziele\/#primaryimage"},"thumbnailUrl":"https:\/\/news.save.ch\/wp-content\/uploads\/2018\/04\/strategie.jpg","datePublished":"2018-04-20T07:38:03+00:00","dateModified":"2023-03-14T07:56:56+00:00","description":"Mit der Nationalen Strategie zum Schutz der Schweiz vor Cyber-Risiken 2018-2022 tr\u00e4gt der Bundesrat der gestiegenen Bedeutung von Cyber-Risiken Rechnung.","breadcrumb":{"@id":"https:\/\/news.save.ch\/cyber-risiken-bund-definiert-sieben-ziele\/#breadcrumb"},"inLanguage":"de","potentialAction":[{"@type":"ReadAction","target":["https:\/\/news.save.ch\/cyber-risiken-bund-definiert-sieben-ziele\/"]}]},{"@type":"ImageObject","inLanguage":"de","@id":"https:\/\/news.save.ch\/cyber-risiken-bund-definiert-sieben-ziele\/#primaryimage","url":"https:\/\/news.save.ch\/wp-content\/uploads\/2018\/04\/strategie.jpg","contentUrl":"https:\/\/news.save.ch\/wp-content\/uploads\/2018\/04\/strategie.jpg","width":872,"height":602,"caption":"Quelle: Bund"},{"@type":"BreadcrumbList","@id":"https:\/\/news.save.ch\/cyber-risiken-bund-definiert-sieben-ziele\/#breadcrumb","itemListElement":[{"@type":"ListItem","position":1,"name":"Home","item":"https:\/\/news.save.ch\/de\/"},{"@type":"ListItem","position":2,"name":"Cyber-Risiken: Bund definiert sieben Ziele"}]},{"@type":"WebSite","@id":"https:\/\/news.save.ch\/de\/#website","url":"https:\/\/news.save.ch\/de\/","name":"Save","description":"Schweizer Fachzeitschrift f\u00fcr Sicherheit","publisher":{"@id":"https:\/\/news.save.ch\/de\/#organization"},"potentialAction":[{"@type":"SearchAction","target":{"@type":"EntryPoint","urlTemplate":"https:\/\/news.save.ch\/de\/?s={search_term_string}"},"query-input":{"@type":"PropertyValueSpecification","valueRequired":true,"valueName":"search_term_string"}}],"inLanguage":"de"},{"@type":"Organization","@id":"https:\/\/news.save.ch\/de\/#organization","name":"Sicherheitsforum","url":"https:\/\/news.save.ch\/de\/","logo":{"@type":"ImageObject","inLanguage":"de","@id":"https:\/\/news.save.ch\/de\/#\/schema\/logo\/image\/","url":"https:\/\/news.save.ch\/wp-content\/uploads\/2022\/06\/Logo_SF_2012.png","contentUrl":"https:\/\/news.save.ch\/wp-content\/uploads\/2022\/06\/Logo_SF_2012.png","width":1100,"height":91,"caption":"Sicherheitsforum"},"image":{"@id":"https:\/\/news.save.ch\/de\/#\/schema\/logo\/image\/"}},{"@type":"Person","@id":"https:\/\/news.save.ch\/de\/#\/schema\/person\/d5022db048e0e2b9785c50e5b24da5aa","name":"Roger Str\u00e4ssle","image":{"@type":"ImageObject","inLanguage":"de","@id":"https:\/\/secure.gravatar.com\/avatar\/862a5569d087de48e5856e32f45d719a03804c891d6deb8d4f71a660e79e4a47?s=96&d=mm&r=g","url":"https:\/\/secure.gravatar.com\/avatar\/862a5569d087de48e5856e32f45d719a03804c891d6deb8d4f71a660e79e4a47?s=96&d=mm&r=g","contentUrl":"https:\/\/secure.gravatar.com\/avatar\/862a5569d087de48e5856e32f45d719a03804c891d6deb8d4f71a660e79e4a47?s=96&d=mm&r=g","caption":"Roger Str\u00e4ssle"},"url":"https:\/\/news.save.ch\/de\/author\/roger-straessle\/"}]}},"_links":{"self":[{"href":"https:\/\/news.save.ch\/de\/wp-json\/wp\/v2\/posts\/6267","targetHints":{"allow":["GET"]}}],"collection":[{"href":"https:\/\/news.save.ch\/de\/wp-json\/wp\/v2\/posts"}],"about":[{"href":"https:\/\/news.save.ch\/de\/wp-json\/wp\/v2\/types\/post"}],"author":[{"embeddable":true,"href":"https:\/\/news.save.ch\/de\/wp-json\/wp\/v2\/users\/8"}],"replies":[{"embeddable":true,"href":"https:\/\/news.save.ch\/de\/wp-json\/wp\/v2\/comments?post=6267"}],"version-history":[{"count":1,"href":"https:\/\/news.save.ch\/de\/wp-json\/wp\/v2\/posts\/6267\/revisions"}],"predecessor-version":[{"id":17456,"href":"https:\/\/news.save.ch\/de\/wp-json\/wp\/v2\/posts\/6267\/revisions\/17456"}],"wp:featuredmedia":[{"embeddable":true,"href":"https:\/\/news.save.ch\/de\/wp-json\/wp\/v2\/media\/6268"}],"wp:attachment":[{"href":"https:\/\/news.save.ch\/de\/wp-json\/wp\/v2\/media?parent=6267"}],"wp:term":[{"taxonomy":"category","embeddable":true,"href":"https:\/\/news.save.ch\/de\/wp-json\/wp\/v2\/categories?post=6267"},{"taxonomy":"post_tag","embeddable":true,"href":"https:\/\/news.save.ch\/de\/wp-json\/wp\/v2\/tags?post=6267"}],"curies":[{"name":"wp","href":"https:\/\/api.w.org\/{rel}","templated":true}]}}