{"id":6292,"date":"2018-04-25T09:34:54","date_gmt":"2018-04-25T07:34:54","guid":{"rendered":"https:\/\/news.save.ch\/?p=6292"},"modified":"2023-03-14T08:56:56","modified_gmt":"2023-03-14T07:56:56","slug":"sicherheitsluecken-im-gesundheitswesen","status":null,"type":"post","link":"https:\/\/news.save.ch\/de\/sicherheitsluecken-im-gesundheitswesen\/","title":{"rendered":"Sicherheitsl\u00fccken im Gesundheitswesen"},"content":{"rendered":"<figure id=\"attachment_6293\" aria-describedby=\"caption-attachment-6293\" style=\"width: 680px\" class=\"wp-caption aligncenter\"><img loading=\"lazy\" decoding=\"async\" class=\"size-medium wp-image-6293\" src=\"https:\/\/news.save.ch\/wp-content\/uploads\/2018\/04\/Depositphotos_28276819_m-2015.jpg\" alt=\"\" width=\"680\" height=\"454\" srcset=\"https:\/\/news.save.ch\/wp-content\/uploads\/2018\/04\/Depositphotos_28276819_m-2015.jpg 1000w, https:\/\/news.save.ch\/wp-content\/uploads\/2018\/04\/Depositphotos_28276819_m-2015-375x250.jpg 375w\" sizes=\"auto, (max-width: 680px) 100vw, 680px\" \/><figcaption id=\"caption-attachment-6293\" class=\"wp-caption-text\">depositphotos, pressmaster<\/figcaption><\/figure>\n<p>&nbsp;<\/p>\n<p>IT-Sicherheitsforscher des Unternehmens Trend Micro haben gemeinsam mit der Organisation Hitrust (Health Information Trust Alliance) die Cybersicherheit in modernen Krankenh\u00e4usern untersucht. Der Bericht \u00ab<a href=\"https:\/\/hitrustalliance.net\/documents\/content\/Securing-Connected-Hospitals.pdf\">Securing Connected Hospitals<\/a>\u00bb zeigt, welche Angriffsvektoren durch die zunehmende Digitalisierung und Vernetzung im Gesundheitswesen bestehen. Mittels der Suchmaschine Shodan haben die IT-Forscher zahlreiche \u00f6ffentlich auffindbare vernetzte Systeme entdeckt. Dazu z\u00e4hlen neben einzelnen Ger\u00e4ten auch Netzwerke, Datenbanken und Server mit medizinischem Bildmaterial (CT-, MRT- und R\u00f6ntgenaufnahmen). Zwar bedeute das Auffinden via Shodan grunds\u00e4tzlich noch nicht, dass die Systeme nicht gesch\u00fctzt oder verwundbar seien. Jedoch erleichtere dies Cyberkriminellen die Arbeit, um Sicherheitsl\u00fccken zu finden und somit Zugang zum System. Dies stelle ein vermeidbares und unn\u00f6tiges Risiko f\u00fcr Krankenh\u00e4user dar, erkl\u00e4rt Udo Schneider von Trend Micro. Gem\u00e4ss Angaben gelten Distributed-Denial-of-Service-Attacken (DDoS) als die wahrscheinlichste und gef\u00e4hrlichste Art von Cyberangriffen auf Krankenh\u00e4user, gefolgt von Ransomware.<\/p>\n<p><strong>Konferenz \u00abInformation Security in Healthcare\u00bb in Rotkreuz<\/strong><\/p>\n<p>Am 7. Juni 2018 treffen sich an der \u00abInformation Security in Healthcare Conference\u00bb in Rotkreuz rund 300 Fachspezialisten zur vierten Konferenz. Das diesj\u00e4hrige Motto lautet \u00abDer Schl\u00fcssel zur Digitalisierung des Gesundheitswesens\u00bb. Deshalb befasst sich die Konferenz unter anderem mit den vielf\u00e4ltigen Aspekten von Informationssicherheit und Datenschutz:<\/p>\n<ul>\n<li>aktuelle Bedrohungsszenarien<\/li>\n<li>m\u00f6gliche Sicherheitsl\u00fccken in Ihrer Organisation<\/li>\n<li>L\u00f6sungsans\u00e4tze f\u00fcr Spit\u00e4ler, um sich gegen Cyberbedrohungen zu sch\u00fctzen<\/li>\n<\/ul>\n<p><em>Das Programm ist einsehbar unter: <a href=\"https:\/\/www.infosec-health.ch\">www.infosec-health.ch<\/a><\/em><\/p>\n","protected":false},"excerpt":{"rendered":"<p>&nbsp; IT-Sicherheitsforscher des Unternehmens Trend Micro haben gemeinsam mit der Organisation Hitrust (Health Information Trust Alliance) die Cybersicherheit in modernen Krankenh\u00e4usern untersucht. Der Bericht \u00abSecuring Connected Hospitals\u00bb zeigt, welche Angriffsvektoren durch die zunehmende Digitalisierung und Vernetzung im Gesundheitswesen bestehen. Mittels der Suchmaschine Shodan haben die IT-Forscher zahlreiche \u00f6ffentlich auffindbare vernetzte Systeme entdeckt. Dazu z\u00e4hlen neben [&hellip;]<\/p>\n","protected":false},"author":8,"featured_media":6293,"comment_status":"open","ping_status":"open","sticky":false,"template":"","format":"standard","meta":{"_acf_changed":false,"pgc_sgb_lightbox_settings":"","footnotes":""},"categories":[3313],"tags":[62,63,160],"class_list":["post-6292","post","type-post","status-publish","format-standard","has-post-thumbnail","hentry","category-digitalisierung","tag-ict-sicherheit","tag-it-security","tag-veranstaltungen"],"acf":[],"hkrextid":null,"publication":null,"issue":null,"workflow":null,"startPage":null,"spitzmarke":null,"_posts_by_tag_page_fields":{"widget_title":"","widget_tags":""},"_at_widget":"1","_yoast_wpseo_primary_category":"2","_yoast_wpseo_focuskw_text_input":"Gesundheitswesen","_yoast_wpseo_opengraph-image":null,"_yoast_wpseo_opengraph-description":null,"_yoast_wpseo_opengraph-title":null,"enclosure":null,"_yoast_wpseo_twitter-title":null,"_yoast_wpseo_twitter-description":null,"_yoast_wpseo_twitter-image":null,"_wp_old_slug":null,"_yoast_wpseo_title":null,"_yoast_wpseo_canonical":null,"yoast_head":"<!-- This site is optimized with the Yoast SEO plugin v27.5 - https:\/\/yoast.com\/product\/yoast-seo-wordpress\/ -->\n<title>Sicherheitsl\u00fccken im Gesundheitswesen - Save<\/title>\n<meta name=\"description\" content=\"Am 7. Juni 2018 treffen sich an der \u00abInformation Security in Healthcare Conference\u00bb in Rotkreuz rund 300 Fachspezialisten zur vierten Konferenz.\" \/>\n<meta name=\"robots\" content=\"index, follow, max-snippet:-1, max-image-preview:large, max-video-preview:-1\" \/>\n<link rel=\"canonical\" href=\"https:\/\/news.save.ch\/de\/sicherheitsluecken-im-gesundheitswesen\/\" \/>\n<meta property=\"og:locale\" content=\"de_DE\" \/>\n<meta property=\"og:type\" content=\"article\" \/>\n<meta property=\"og:title\" content=\"Sicherheitsl\u00fccken im Gesundheitswesen - Save\" \/>\n<meta property=\"og:description\" content=\"Am 7. Juni 2018 treffen sich an der \u00abInformation Security in Healthcare Conference\u00bb in Rotkreuz rund 300 Fachspezialisten zur vierten Konferenz.\" \/>\n<meta property=\"og:url\" content=\"https:\/\/news.save.ch\/de\/sicherheitsluecken-im-gesundheitswesen\/\" \/>\n<meta property=\"og:site_name\" content=\"Save\" \/>\n<meta property=\"article:published_time\" content=\"2018-04-25T07:34:54+00:00\" \/>\n<meta property=\"article:modified_time\" content=\"2023-03-14T07:56:56+00:00\" \/>\n<meta property=\"og:image\" content=\"https:\/\/news.save.ch\/wp-content\/uploads\/2018\/04\/Depositphotos_28276819_m-2015.jpg\" \/>\n\t<meta property=\"og:image:width\" content=\"1000\" \/>\n\t<meta property=\"og:image:height\" content=\"667\" \/>\n\t<meta property=\"og:image:type\" content=\"image\/jpeg\" \/>\n<meta name=\"author\" content=\"Roger Str\u00e4ssle\" \/>\n<meta name=\"twitter:card\" content=\"summary_large_image\" \/>\n<meta name=\"twitter:label1\" content=\"Geschrieben von\" \/>\n\t<meta name=\"twitter:data1\" content=\"Roger Str\u00e4ssle\" \/>\n\t<meta name=\"twitter:label2\" content=\"Gesch\u00e4tzte Lesezeit\" \/>\n\t<meta name=\"twitter:data2\" content=\"1\u00a0Minute\" \/>\n<script type=\"application\/ld+json\" class=\"yoast-schema-graph\">{\"@context\":\"https:\\\/\\\/schema.org\",\"@graph\":[{\"@type\":\"Article\",\"@id\":\"https:\\\/\\\/news.save.ch\\\/sicherheitsluecken-im-gesundheitswesen\\\/#article\",\"isPartOf\":{\"@id\":\"https:\\\/\\\/news.save.ch\\\/sicherheitsluecken-im-gesundheitswesen\\\/\"},\"author\":{\"name\":\"Roger Str\u00e4ssle\",\"@id\":\"https:\\\/\\\/news.save.ch\\\/de\\\/#\\\/schema\\\/person\\\/d5022db048e0e2b9785c50e5b24da5aa\"},\"headline\":\"Sicherheitsl\u00fccken im Gesundheitswesen\",\"datePublished\":\"2018-04-25T07:34:54+00:00\",\"dateModified\":\"2023-03-14T07:56:56+00:00\",\"mainEntityOfPage\":{\"@id\":\"https:\\\/\\\/news.save.ch\\\/sicherheitsluecken-im-gesundheitswesen\\\/\"},\"wordCount\":246,\"commentCount\":0,\"publisher\":{\"@id\":\"https:\\\/\\\/news.save.ch\\\/de\\\/#organization\"},\"image\":{\"@id\":\"https:\\\/\\\/news.save.ch\\\/sicherheitsluecken-im-gesundheitswesen\\\/#primaryimage\"},\"thumbnailUrl\":\"https:\\\/\\\/news.save.ch\\\/wp-content\\\/uploads\\\/2018\\\/04\\\/Depositphotos_28276819_m-2015.jpg\",\"keywords\":[\"ICT-Sicherheit\",\"IT-SECURITY\",\"Veranstaltungen\"],\"articleSection\":[\"DIGITALISIERUNG\"],\"inLanguage\":\"de\"},{\"@type\":\"WebPage\",\"@id\":\"https:\\\/\\\/news.save.ch\\\/sicherheitsluecken-im-gesundheitswesen\\\/\",\"url\":\"https:\\\/\\\/news.save.ch\\\/sicherheitsluecken-im-gesundheitswesen\\\/\",\"name\":\"Sicherheitsl\u00fccken im Gesundheitswesen - Save\",\"isPartOf\":{\"@id\":\"https:\\\/\\\/news.save.ch\\\/de\\\/#website\"},\"primaryImageOfPage\":{\"@id\":\"https:\\\/\\\/news.save.ch\\\/sicherheitsluecken-im-gesundheitswesen\\\/#primaryimage\"},\"image\":{\"@id\":\"https:\\\/\\\/news.save.ch\\\/sicherheitsluecken-im-gesundheitswesen\\\/#primaryimage\"},\"thumbnailUrl\":\"https:\\\/\\\/news.save.ch\\\/wp-content\\\/uploads\\\/2018\\\/04\\\/Depositphotos_28276819_m-2015.jpg\",\"datePublished\":\"2018-04-25T07:34:54+00:00\",\"dateModified\":\"2023-03-14T07:56:56+00:00\",\"description\":\"Am 7. Juni 2018 treffen sich an der \u00abInformation Security in Healthcare Conference\u00bb in Rotkreuz rund 300 Fachspezialisten zur vierten Konferenz.\",\"breadcrumb\":{\"@id\":\"https:\\\/\\\/news.save.ch\\\/sicherheitsluecken-im-gesundheitswesen\\\/#breadcrumb\"},\"inLanguage\":\"de\",\"potentialAction\":[{\"@type\":\"ReadAction\",\"target\":[\"https:\\\/\\\/news.save.ch\\\/sicherheitsluecken-im-gesundheitswesen\\\/\"]}]},{\"@type\":\"ImageObject\",\"inLanguage\":\"de\",\"@id\":\"https:\\\/\\\/news.save.ch\\\/sicherheitsluecken-im-gesundheitswesen\\\/#primaryimage\",\"url\":\"https:\\\/\\\/news.save.ch\\\/wp-content\\\/uploads\\\/2018\\\/04\\\/Depositphotos_28276819_m-2015.jpg\",\"contentUrl\":\"https:\\\/\\\/news.save.ch\\\/wp-content\\\/uploads\\\/2018\\\/04\\\/Depositphotos_28276819_m-2015.jpg\",\"width\":1000,\"height\":667,\"caption\":\"depositphotos, pressmaster\"},{\"@type\":\"BreadcrumbList\",\"@id\":\"https:\\\/\\\/news.save.ch\\\/sicherheitsluecken-im-gesundheitswesen\\\/#breadcrumb\",\"itemListElement\":[{\"@type\":\"ListItem\",\"position\":1,\"name\":\"Home\",\"item\":\"https:\\\/\\\/news.save.ch\\\/de\\\/\"},{\"@type\":\"ListItem\",\"position\":2,\"name\":\"Sicherheitsl\u00fccken im Gesundheitswesen\"}]},{\"@type\":\"WebSite\",\"@id\":\"https:\\\/\\\/news.save.ch\\\/de\\\/#website\",\"url\":\"https:\\\/\\\/news.save.ch\\\/de\\\/\",\"name\":\"Save\",\"description\":\"Schweizer Fachzeitschrift f\u00fcr Sicherheit\",\"publisher\":{\"@id\":\"https:\\\/\\\/news.save.ch\\\/de\\\/#organization\"},\"potentialAction\":[{\"@type\":\"SearchAction\",\"target\":{\"@type\":\"EntryPoint\",\"urlTemplate\":\"https:\\\/\\\/news.save.ch\\\/de\\\/?s={search_term_string}\"},\"query-input\":{\"@type\":\"PropertyValueSpecification\",\"valueRequired\":true,\"valueName\":\"search_term_string\"}}],\"inLanguage\":\"de\"},{\"@type\":\"Organization\",\"@id\":\"https:\\\/\\\/news.save.ch\\\/de\\\/#organization\",\"name\":\"Sicherheitsforum\",\"url\":\"https:\\\/\\\/news.save.ch\\\/de\\\/\",\"logo\":{\"@type\":\"ImageObject\",\"inLanguage\":\"de\",\"@id\":\"https:\\\/\\\/news.save.ch\\\/de\\\/#\\\/schema\\\/logo\\\/image\\\/\",\"url\":\"https:\\\/\\\/news.save.ch\\\/wp-content\\\/uploads\\\/2022\\\/06\\\/Logo_SF_2012.png\",\"contentUrl\":\"https:\\\/\\\/news.save.ch\\\/wp-content\\\/uploads\\\/2022\\\/06\\\/Logo_SF_2012.png\",\"width\":1100,\"height\":91,\"caption\":\"Sicherheitsforum\"},\"image\":{\"@id\":\"https:\\\/\\\/news.save.ch\\\/de\\\/#\\\/schema\\\/logo\\\/image\\\/\"}},{\"@type\":\"Person\",\"@id\":\"https:\\\/\\\/news.save.ch\\\/de\\\/#\\\/schema\\\/person\\\/d5022db048e0e2b9785c50e5b24da5aa\",\"name\":\"Roger Str\u00e4ssle\",\"image\":{\"@type\":\"ImageObject\",\"inLanguage\":\"de\",\"@id\":\"https:\\\/\\\/secure.gravatar.com\\\/avatar\\\/862a5569d087de48e5856e32f45d719a03804c891d6deb8d4f71a660e79e4a47?s=96&d=mm&r=g\",\"url\":\"https:\\\/\\\/secure.gravatar.com\\\/avatar\\\/862a5569d087de48e5856e32f45d719a03804c891d6deb8d4f71a660e79e4a47?s=96&d=mm&r=g\",\"contentUrl\":\"https:\\\/\\\/secure.gravatar.com\\\/avatar\\\/862a5569d087de48e5856e32f45d719a03804c891d6deb8d4f71a660e79e4a47?s=96&d=mm&r=g\",\"caption\":\"Roger Str\u00e4ssle\"},\"url\":\"https:\\\/\\\/news.save.ch\\\/de\\\/author\\\/roger-straessle\\\/\"}]}<\/script>\n<!-- \/ Yoast SEO plugin. -->","yoast_head_json":{"title":"Sicherheitsl\u00fccken im Gesundheitswesen - Save","description":"Am 7. Juni 2018 treffen sich an der \u00abInformation Security in Healthcare Conference\u00bb in Rotkreuz rund 300 Fachspezialisten zur vierten Konferenz.","robots":{"index":"index","follow":"follow","max-snippet":"max-snippet:-1","max-image-preview":"max-image-preview:large","max-video-preview":"max-video-preview:-1"},"canonical":"https:\/\/news.save.ch\/de\/sicherheitsluecken-im-gesundheitswesen\/","og_locale":"de_DE","og_type":"article","og_title":"Sicherheitsl\u00fccken im Gesundheitswesen - Save","og_description":"Am 7. Juni 2018 treffen sich an der \u00abInformation Security in Healthcare Conference\u00bb in Rotkreuz rund 300 Fachspezialisten zur vierten Konferenz.","og_url":"https:\/\/news.save.ch\/de\/sicherheitsluecken-im-gesundheitswesen\/","og_site_name":"Save","article_published_time":"2018-04-25T07:34:54+00:00","article_modified_time":"2023-03-14T07:56:56+00:00","og_image":[{"width":1000,"height":667,"url":"https:\/\/news.save.ch\/wp-content\/uploads\/2018\/04\/Depositphotos_28276819_m-2015.jpg","type":"image\/jpeg"}],"author":"Roger Str\u00e4ssle","twitter_card":"summary_large_image","twitter_misc":{"Geschrieben von":"Roger Str\u00e4ssle","Gesch\u00e4tzte Lesezeit":"1\u00a0Minute"},"schema":{"@context":"https:\/\/schema.org","@graph":[{"@type":"Article","@id":"https:\/\/news.save.ch\/sicherheitsluecken-im-gesundheitswesen\/#article","isPartOf":{"@id":"https:\/\/news.save.ch\/sicherheitsluecken-im-gesundheitswesen\/"},"author":{"name":"Roger Str\u00e4ssle","@id":"https:\/\/news.save.ch\/de\/#\/schema\/person\/d5022db048e0e2b9785c50e5b24da5aa"},"headline":"Sicherheitsl\u00fccken im Gesundheitswesen","datePublished":"2018-04-25T07:34:54+00:00","dateModified":"2023-03-14T07:56:56+00:00","mainEntityOfPage":{"@id":"https:\/\/news.save.ch\/sicherheitsluecken-im-gesundheitswesen\/"},"wordCount":246,"commentCount":0,"publisher":{"@id":"https:\/\/news.save.ch\/de\/#organization"},"image":{"@id":"https:\/\/news.save.ch\/sicherheitsluecken-im-gesundheitswesen\/#primaryimage"},"thumbnailUrl":"https:\/\/news.save.ch\/wp-content\/uploads\/2018\/04\/Depositphotos_28276819_m-2015.jpg","keywords":["ICT-Sicherheit","IT-SECURITY","Veranstaltungen"],"articleSection":["DIGITALISIERUNG"],"inLanguage":"de"},{"@type":"WebPage","@id":"https:\/\/news.save.ch\/sicherheitsluecken-im-gesundheitswesen\/","url":"https:\/\/news.save.ch\/sicherheitsluecken-im-gesundheitswesen\/","name":"Sicherheitsl\u00fccken im Gesundheitswesen - Save","isPartOf":{"@id":"https:\/\/news.save.ch\/de\/#website"},"primaryImageOfPage":{"@id":"https:\/\/news.save.ch\/sicherheitsluecken-im-gesundheitswesen\/#primaryimage"},"image":{"@id":"https:\/\/news.save.ch\/sicherheitsluecken-im-gesundheitswesen\/#primaryimage"},"thumbnailUrl":"https:\/\/news.save.ch\/wp-content\/uploads\/2018\/04\/Depositphotos_28276819_m-2015.jpg","datePublished":"2018-04-25T07:34:54+00:00","dateModified":"2023-03-14T07:56:56+00:00","description":"Am 7. Juni 2018 treffen sich an der \u00abInformation Security in Healthcare Conference\u00bb in Rotkreuz rund 300 Fachspezialisten zur vierten Konferenz.","breadcrumb":{"@id":"https:\/\/news.save.ch\/sicherheitsluecken-im-gesundheitswesen\/#breadcrumb"},"inLanguage":"de","potentialAction":[{"@type":"ReadAction","target":["https:\/\/news.save.ch\/sicherheitsluecken-im-gesundheitswesen\/"]}]},{"@type":"ImageObject","inLanguage":"de","@id":"https:\/\/news.save.ch\/sicherheitsluecken-im-gesundheitswesen\/#primaryimage","url":"https:\/\/news.save.ch\/wp-content\/uploads\/2018\/04\/Depositphotos_28276819_m-2015.jpg","contentUrl":"https:\/\/news.save.ch\/wp-content\/uploads\/2018\/04\/Depositphotos_28276819_m-2015.jpg","width":1000,"height":667,"caption":"depositphotos, pressmaster"},{"@type":"BreadcrumbList","@id":"https:\/\/news.save.ch\/sicherheitsluecken-im-gesundheitswesen\/#breadcrumb","itemListElement":[{"@type":"ListItem","position":1,"name":"Home","item":"https:\/\/news.save.ch\/de\/"},{"@type":"ListItem","position":2,"name":"Sicherheitsl\u00fccken im Gesundheitswesen"}]},{"@type":"WebSite","@id":"https:\/\/news.save.ch\/de\/#website","url":"https:\/\/news.save.ch\/de\/","name":"Save","description":"Schweizer Fachzeitschrift f\u00fcr Sicherheit","publisher":{"@id":"https:\/\/news.save.ch\/de\/#organization"},"potentialAction":[{"@type":"SearchAction","target":{"@type":"EntryPoint","urlTemplate":"https:\/\/news.save.ch\/de\/?s={search_term_string}"},"query-input":{"@type":"PropertyValueSpecification","valueRequired":true,"valueName":"search_term_string"}}],"inLanguage":"de"},{"@type":"Organization","@id":"https:\/\/news.save.ch\/de\/#organization","name":"Sicherheitsforum","url":"https:\/\/news.save.ch\/de\/","logo":{"@type":"ImageObject","inLanguage":"de","@id":"https:\/\/news.save.ch\/de\/#\/schema\/logo\/image\/","url":"https:\/\/news.save.ch\/wp-content\/uploads\/2022\/06\/Logo_SF_2012.png","contentUrl":"https:\/\/news.save.ch\/wp-content\/uploads\/2022\/06\/Logo_SF_2012.png","width":1100,"height":91,"caption":"Sicherheitsforum"},"image":{"@id":"https:\/\/news.save.ch\/de\/#\/schema\/logo\/image\/"}},{"@type":"Person","@id":"https:\/\/news.save.ch\/de\/#\/schema\/person\/d5022db048e0e2b9785c50e5b24da5aa","name":"Roger Str\u00e4ssle","image":{"@type":"ImageObject","inLanguage":"de","@id":"https:\/\/secure.gravatar.com\/avatar\/862a5569d087de48e5856e32f45d719a03804c891d6deb8d4f71a660e79e4a47?s=96&d=mm&r=g","url":"https:\/\/secure.gravatar.com\/avatar\/862a5569d087de48e5856e32f45d719a03804c891d6deb8d4f71a660e79e4a47?s=96&d=mm&r=g","contentUrl":"https:\/\/secure.gravatar.com\/avatar\/862a5569d087de48e5856e32f45d719a03804c891d6deb8d4f71a660e79e4a47?s=96&d=mm&r=g","caption":"Roger Str\u00e4ssle"},"url":"https:\/\/news.save.ch\/de\/author\/roger-straessle\/"}]}},"_links":{"self":[{"href":"https:\/\/news.save.ch\/de\/wp-json\/wp\/v2\/posts\/6292","targetHints":{"allow":["GET"]}}],"collection":[{"href":"https:\/\/news.save.ch\/de\/wp-json\/wp\/v2\/posts"}],"about":[{"href":"https:\/\/news.save.ch\/de\/wp-json\/wp\/v2\/types\/post"}],"author":[{"embeddable":true,"href":"https:\/\/news.save.ch\/de\/wp-json\/wp\/v2\/users\/8"}],"replies":[{"embeddable":true,"href":"https:\/\/news.save.ch\/de\/wp-json\/wp\/v2\/comments?post=6292"}],"version-history":[{"count":1,"href":"https:\/\/news.save.ch\/de\/wp-json\/wp\/v2\/posts\/6292\/revisions"}],"predecessor-version":[{"id":17454,"href":"https:\/\/news.save.ch\/de\/wp-json\/wp\/v2\/posts\/6292\/revisions\/17454"}],"wp:featuredmedia":[{"embeddable":true,"href":"https:\/\/news.save.ch\/de\/wp-json\/wp\/v2\/media\/6293"}],"wp:attachment":[{"href":"https:\/\/news.save.ch\/de\/wp-json\/wp\/v2\/media?parent=6292"}],"wp:term":[{"taxonomy":"category","embeddable":true,"href":"https:\/\/news.save.ch\/de\/wp-json\/wp\/v2\/categories?post=6292"},{"taxonomy":"post_tag","embeddable":true,"href":"https:\/\/news.save.ch\/de\/wp-json\/wp\/v2\/tags?post=6292"}],"curies":[{"name":"wp","href":"https:\/\/api.w.org\/{rel}","templated":true}]}}