{"id":632,"date":"2015-09-23T09:13:27","date_gmt":"2015-09-23T07:13:27","guid":{"rendered":"https:\/\/dev.sicherheitsforum.ch\/?p=632"},"modified":"2023-03-14T08:57:33","modified_gmt":"2023-03-14T07:57:33","slug":"stellenangebot-waechst-auch-in-der-it","status":null,"type":"post","link":"https:\/\/news.save.ch\/de\/stellenangebot-waechst-auch-in-der-it\/","title":{"rendered":"Stellenangebot w\u00e4chst &#8211; auch in der IT"},"content":{"rendered":"<p><img loading=\"lazy\" decoding=\"async\" class=\"alignnone wp-image-633 size-medium\" src=\"https:\/\/news.save.ch\/wp-content\/uploads\/2016\/12\/Stellenangebot-w\u00e4chst-auch-in-der-IT-it-security.jpg\" alt=\"stellenangebot-waechst-auch-in-der-it-it-security\" width=\"680\" height=\"555\" \/><\/p>\n<p>Die Zahl der Stellenangebote in der Westschweiz hat im vergangenen Monat um markante +7,6% zugenommen. In der Deutschschweiz betrug die Zunahme +1,4%, und \u00fcber die ganze Schweiz gerechnet +2,2%. Besonders gefragt sind derzeit hoch qualifizierte Spezialisten in Logistik, Engineering, Accounting and Controlling, aber auch in der\u00a0IT.\u00a0Dies geht aus dem <a href=\"https:\/\/www.michaelpage.ch\" target=\"_blank\" data-cke-saved-href=\"https:\/\/www.michaelpage.ch\" rel=\"noopener\">MP<\/a>-Jobindex hervor.<\/p>\n<p>Die drei Wachstumstreiber sind:<\/p>\n<ul>\n<li>die Industrie &#8211; vor allem im Mittelland und in der Ostschweiz<\/li>\n<li>der industrielle Transformationsprozess<\/li>\n<li>die bevorstehenden Jahresabschl\u00fcsse 2015, an welche in einigen Branchen erh\u00f6hte Anforderungen gestellt werden.<\/li>\n<\/ul>\n<p>Gem\u00e4ss Nicolai Mikkelsen, Direktor bei Michael Page haben aufgrund des Frankenschocks Schweizer Industrieunternehmen ihre Produktion reorganisiert. Der sich daraus ergebende Bedarf an Spezialisten erkl\u00e4re\u00a0einen guten Teil der Zunahme der ausgeschriebenen Stellen. Und mit Blick auf die bevorstehenden Jahresabschl\u00fcsse und die teilweise erh\u00f6hten Anforderungen reflektiere\u00a0sich die erh\u00f6hte Nachfrage nach Schl\u00fcsselfunktionen im Rechnungswesen und in ausgew\u00e4hlten Sparten von Consulting und Rechtsberatung.<\/p>\n<p>Zum deutlichen Anstieg der Stellenangebote in der Romandie habe\u00a0teilweise der \u201eR\u00fcckstau\u201c nach der Sommerpause beigetragen.<\/p>\n<p>Zwischen August und September 2015 weisen folgende Branchen die h\u00f6chsten Zunahmen an ausgeschriebenen Stellen aus:\u00a0Consulting und\u00a0Rechtsberatung (+21%), Wirtschaftspr\u00fcfung (+10%), Transport und Logistik (+7%), IT-Bereich (+3%).<\/p>\n<p>Im schweizweiten Vergleich ist die Westschweiz Wachstumstreiberin, gefolgt vom Mittelland:<\/p>\n<p>1.\u00a0Westschweiz (FR, GE, JU, NE, VD, VS)\u00a0+7,6%<\/p>\n<p>2.\u00a0Mittelland (BE, FR, JU, NE, SO)\u00a0+4,7%<\/p>\n<p>3.\u00a0Ostschweiz (AI, AR, GL, GR, SG, SH, TG)\u00a0+2,3%<\/p>\n<p>4.\u00a0Nordwestschweiz (AG, BL, BS)\u00a0+1,2%<\/p>\n<p>5.\u00a0Kanton Z\u00fcrich (ZH)\u00a0+0,7%<\/p>\n<p>6.\u00a0Zentralschweiz (LU, NW, OW, SZ, UR, ZG)\u00a0-1,1%<\/p>\n<p>&nbsp;<\/p>\n","protected":false},"excerpt":{"rendered":"<p>Die Zahl der Stellenangebote in der Westschweiz hat im vergangenen Monat um markante +7,6% zugenommen. In der Deutschschweiz betrug die Zunahme +1,4%, und \u00fcber die ganze Schweiz gerechnet +2,2%. Besonders gefragt sind derzeit hoch qualifizierte Spezialisten in Logistik, Engineering, Accounting and Controlling, aber auch in der\u00a0IT.\u00a0Dies geht aus dem MP-Jobindex hervor. Die drei Wachstumstreiber sind: [&hellip;]<\/p>\n","protected":false},"author":1,"featured_media":633,"comment_status":"open","ping_status":"open","sticky":false,"template":"","format":"standard","meta":{"_acf_changed":false,"pgc_sgb_lightbox_settings":"","footnotes":""},"categories":[3313],"tags":[63,65],"class_list":["post-632","post","type-post","status-publish","format-standard","has-post-thumbnail","hentry","category-digitalisierung","tag-it-security","tag-unternehmen"],"acf":[],"hkrextid":null,"publication":null,"issue":null,"workflow":null,"startPage":null,"spitzmarke":null,"_posts_by_tag_page_fields":{"widget_title":"","widget_tags":""},"_at_widget":"1","_yoast_wpseo_primary_category":"2","_yoast_wpseo_focuskw_text_input":"Stellenangebot","_yoast_wpseo_opengraph-image":"https:\/\/news.save.ch\/wp-content\/uploads\/2016\/12\/Stellenangebot-w\u00e4chst-auch-in-der-IT-it-security.jpg","_yoast_wpseo_opengraph-description":"Die Zahl der Stellenangebote ist gestiegen, insbesondere in der Westschweiz. Hoch ist die Nachfrage unter anderem auch nach IT-Spezialisten.","_yoast_wpseo_opengraph-title":"Stellenangebot w\u00e4chst - auch in der IT","enclosure":null,"_yoast_wpseo_twitter-title":null,"_yoast_wpseo_twitter-description":null,"_yoast_wpseo_twitter-image":null,"_wp_old_slug":null,"_yoast_wpseo_title":null,"_yoast_wpseo_canonical":null,"yoast_head":"<!-- This site is optimized with the Yoast SEO plugin v27.5 - https:\/\/yoast.com\/product\/yoast-seo-wordpress\/ -->\n<title>Stellenangebot w\u00e4chst - auch in der IT - Save<\/title>\n<meta name=\"description\" content=\"Die Zahl der Stellenangebote ist gestiegen, insbesondere in der Westschweiz. Hoch ist die Nachfrage unter anderem auch nach IT-Spezialisten.\" \/>\n<meta name=\"robots\" content=\"index, follow, max-snippet:-1, max-image-preview:large, max-video-preview:-1\" \/>\n<link rel=\"canonical\" href=\"https:\/\/news.save.ch\/de\/stellenangebot-waechst-auch-in-der-it\/\" \/>\n<meta property=\"og:locale\" content=\"de_DE\" \/>\n<meta property=\"og:type\" content=\"article\" \/>\n<meta property=\"og:title\" content=\"Stellenangebot w\u00e4chst - auch in der IT\" \/>\n<meta property=\"og:description\" content=\"Die Zahl der Stellenangebote ist gestiegen, insbesondere in der Westschweiz. Hoch ist die Nachfrage unter anderem auch nach IT-Spezialisten.\" \/>\n<meta property=\"og:url\" content=\"https:\/\/news.save.ch\/de\/stellenangebot-waechst-auch-in-der-it\/\" \/>\n<meta property=\"og:site_name\" content=\"Save\" \/>\n<meta property=\"article:published_time\" content=\"2015-09-23T07:13:27+00:00\" \/>\n<meta property=\"article:modified_time\" content=\"2023-03-14T07:57:33+00:00\" \/>\n<meta property=\"og:image\" content=\"https:\/\/news.save.ch\/wp-content\/uploads\/2016\/12\/Stellenangebot-w\u00e4chst-auch-in-der-IT-it-security.jpg\" \/>\n<meta name=\"author\" content=\"admin\" \/>\n<meta name=\"twitter:card\" content=\"summary_large_image\" \/>\n<meta name=\"twitter:label1\" content=\"Geschrieben von\" \/>\n\t<meta name=\"twitter:data1\" content=\"admin\" \/>\n\t<meta name=\"twitter:label2\" content=\"Gesch\u00e4tzte Lesezeit\" \/>\n\t<meta name=\"twitter:data2\" content=\"1\u00a0Minute\" \/>\n<script type=\"application\/ld+json\" class=\"yoast-schema-graph\">{\"@context\":\"https:\\\/\\\/schema.org\",\"@graph\":[{\"@type\":\"Article\",\"@id\":\"https:\\\/\\\/news.save.ch\\\/stellenangebot-waechst-auch-in-der-it\\\/#article\",\"isPartOf\":{\"@id\":\"https:\\\/\\\/news.save.ch\\\/stellenangebot-waechst-auch-in-der-it\\\/\"},\"author\":{\"name\":\"admin\",\"@id\":\"https:\\\/\\\/news.save.ch\\\/de\\\/#\\\/schema\\\/person\\\/d49e199490bad7c70d64b9ab51142f2b\"},\"headline\":\"Stellenangebot w\u00e4chst &#8211; auch in der IT\",\"datePublished\":\"2015-09-23T07:13:27+00:00\",\"dateModified\":\"2023-03-14T07:57:33+00:00\",\"mainEntityOfPage\":{\"@id\":\"https:\\\/\\\/news.save.ch\\\/stellenangebot-waechst-auch-in-der-it\\\/\"},\"wordCount\":247,\"commentCount\":0,\"publisher\":{\"@id\":\"https:\\\/\\\/news.save.ch\\\/de\\\/#organization\"},\"image\":{\"@id\":\"https:\\\/\\\/news.save.ch\\\/stellenangebot-waechst-auch-in-der-it\\\/#primaryimage\"},\"thumbnailUrl\":\"https:\\\/\\\/news.save.ch\\\/wp-content\\\/uploads\\\/2016\\\/12\\\/Stellenangebot-waechst-auch-in-der-IT-it-security-scaled.jpg\",\"keywords\":[\"IT-SECURITY\",\"Unternehmen\"],\"articleSection\":[\"DIGITALISIERUNG\"],\"inLanguage\":\"de\"},{\"@type\":\"WebPage\",\"@id\":\"https:\\\/\\\/news.save.ch\\\/stellenangebot-waechst-auch-in-der-it\\\/\",\"url\":\"https:\\\/\\\/news.save.ch\\\/stellenangebot-waechst-auch-in-der-it\\\/\",\"name\":\"Stellenangebot w\u00e4chst - auch in der IT - Save\",\"isPartOf\":{\"@id\":\"https:\\\/\\\/news.save.ch\\\/de\\\/#website\"},\"primaryImageOfPage\":{\"@id\":\"https:\\\/\\\/news.save.ch\\\/stellenangebot-waechst-auch-in-der-it\\\/#primaryimage\"},\"image\":{\"@id\":\"https:\\\/\\\/news.save.ch\\\/stellenangebot-waechst-auch-in-der-it\\\/#primaryimage\"},\"thumbnailUrl\":\"https:\\\/\\\/news.save.ch\\\/wp-content\\\/uploads\\\/2016\\\/12\\\/Stellenangebot-waechst-auch-in-der-IT-it-security-scaled.jpg\",\"datePublished\":\"2015-09-23T07:13:27+00:00\",\"dateModified\":\"2023-03-14T07:57:33+00:00\",\"description\":\"Die Zahl der Stellenangebote ist gestiegen, insbesondere in der Westschweiz. Hoch ist die Nachfrage unter anderem auch nach IT-Spezialisten.\",\"breadcrumb\":{\"@id\":\"https:\\\/\\\/news.save.ch\\\/stellenangebot-waechst-auch-in-der-it\\\/#breadcrumb\"},\"inLanguage\":\"de\",\"potentialAction\":[{\"@type\":\"ReadAction\",\"target\":[\"https:\\\/\\\/news.save.ch\\\/stellenangebot-waechst-auch-in-der-it\\\/\"]}]},{\"@type\":\"ImageObject\",\"inLanguage\":\"de\",\"@id\":\"https:\\\/\\\/news.save.ch\\\/stellenangebot-waechst-auch-in-der-it\\\/#primaryimage\",\"url\":\"https:\\\/\\\/news.save.ch\\\/wp-content\\\/uploads\\\/2016\\\/12\\\/Stellenangebot-waechst-auch-in-der-IT-it-security-scaled.jpg\",\"contentUrl\":\"https:\\\/\\\/news.save.ch\\\/wp-content\\\/uploads\\\/2016\\\/12\\\/Stellenangebot-waechst-auch-in-der-IT-it-security-scaled.jpg\",\"width\":1400,\"height\":1142},{\"@type\":\"BreadcrumbList\",\"@id\":\"https:\\\/\\\/news.save.ch\\\/stellenangebot-waechst-auch-in-der-it\\\/#breadcrumb\",\"itemListElement\":[{\"@type\":\"ListItem\",\"position\":1,\"name\":\"Home\",\"item\":\"https:\\\/\\\/news.save.ch\\\/de\\\/\"},{\"@type\":\"ListItem\",\"position\":2,\"name\":\"Stellenangebot w\u00e4chst &#8211; auch in der IT\"}]},{\"@type\":\"WebSite\",\"@id\":\"https:\\\/\\\/news.save.ch\\\/de\\\/#website\",\"url\":\"https:\\\/\\\/news.save.ch\\\/de\\\/\",\"name\":\"Save\",\"description\":\"Schweizer Fachzeitschrift f\u00fcr Sicherheit\",\"publisher\":{\"@id\":\"https:\\\/\\\/news.save.ch\\\/de\\\/#organization\"},\"potentialAction\":[{\"@type\":\"SearchAction\",\"target\":{\"@type\":\"EntryPoint\",\"urlTemplate\":\"https:\\\/\\\/news.save.ch\\\/de\\\/?s={search_term_string}\"},\"query-input\":{\"@type\":\"PropertyValueSpecification\",\"valueRequired\":true,\"valueName\":\"search_term_string\"}}],\"inLanguage\":\"de\"},{\"@type\":\"Organization\",\"@id\":\"https:\\\/\\\/news.save.ch\\\/de\\\/#organization\",\"name\":\"Sicherheitsforum\",\"url\":\"https:\\\/\\\/news.save.ch\\\/de\\\/\",\"logo\":{\"@type\":\"ImageObject\",\"inLanguage\":\"de\",\"@id\":\"https:\\\/\\\/news.save.ch\\\/de\\\/#\\\/schema\\\/logo\\\/image\\\/\",\"url\":\"https:\\\/\\\/news.save.ch\\\/wp-content\\\/uploads\\\/2022\\\/06\\\/Logo_SF_2012.png\",\"contentUrl\":\"https:\\\/\\\/news.save.ch\\\/wp-content\\\/uploads\\\/2022\\\/06\\\/Logo_SF_2012.png\",\"width\":1100,\"height\":91,\"caption\":\"Sicherheitsforum\"},\"image\":{\"@id\":\"https:\\\/\\\/news.save.ch\\\/de\\\/#\\\/schema\\\/logo\\\/image\\\/\"}},{\"@type\":\"Person\",\"@id\":\"https:\\\/\\\/news.save.ch\\\/de\\\/#\\\/schema\\\/person\\\/d49e199490bad7c70d64b9ab51142f2b\",\"name\":\"admin\",\"image\":{\"@type\":\"ImageObject\",\"inLanguage\":\"de\",\"@id\":\"https:\\\/\\\/secure.gravatar.com\\\/avatar\\\/ae2f4d718e6c49043e314ce431e7e645d646302a24a5ef5a8bc8e3f5a032e319?s=96&d=mm&r=g\",\"url\":\"https:\\\/\\\/secure.gravatar.com\\\/avatar\\\/ae2f4d718e6c49043e314ce431e7e645d646302a24a5ef5a8bc8e3f5a032e319?s=96&d=mm&r=g\",\"contentUrl\":\"https:\\\/\\\/secure.gravatar.com\\\/avatar\\\/ae2f4d718e6c49043e314ce431e7e645d646302a24a5ef5a8bc8e3f5a032e319?s=96&d=mm&r=g\",\"caption\":\"admin\"},\"sameAs\":[\"https:\\\/\\\/develop.organisator.galledia.ch\"],\"url\":\"https:\\\/\\\/news.save.ch\\\/de\\\/author\\\/admin\\\/\"}]}<\/script>\n<!-- \/ Yoast SEO plugin. -->","yoast_head_json":{"title":"Stellenangebot w\u00e4chst - auch in der IT - Save","description":"Die Zahl der Stellenangebote ist gestiegen, insbesondere in der Westschweiz. Hoch ist die Nachfrage unter anderem auch nach IT-Spezialisten.","robots":{"index":"index","follow":"follow","max-snippet":"max-snippet:-1","max-image-preview":"max-image-preview:large","max-video-preview":"max-video-preview:-1"},"canonical":"https:\/\/news.save.ch\/de\/stellenangebot-waechst-auch-in-der-it\/","og_locale":"de_DE","og_type":"article","og_title":"Stellenangebot w\u00e4chst - auch in der IT","og_description":"Die Zahl der Stellenangebote ist gestiegen, insbesondere in der Westschweiz. Hoch ist die Nachfrage unter anderem auch nach IT-Spezialisten.","og_url":"https:\/\/news.save.ch\/de\/stellenangebot-waechst-auch-in-der-it\/","og_site_name":"Save","article_published_time":"2015-09-23T07:13:27+00:00","article_modified_time":"2023-03-14T07:57:33+00:00","og_image":[{"url":"https:\/\/news.save.ch\/wp-content\/uploads\/2016\/12\/Stellenangebot-w\u00e4chst-auch-in-der-IT-it-security.jpg","type":"","width":"","height":""}],"author":"admin","twitter_card":"summary_large_image","twitter_misc":{"Geschrieben von":"admin","Gesch\u00e4tzte Lesezeit":"1\u00a0Minute"},"schema":{"@context":"https:\/\/schema.org","@graph":[{"@type":"Article","@id":"https:\/\/news.save.ch\/stellenangebot-waechst-auch-in-der-it\/#article","isPartOf":{"@id":"https:\/\/news.save.ch\/stellenangebot-waechst-auch-in-der-it\/"},"author":{"name":"admin","@id":"https:\/\/news.save.ch\/de\/#\/schema\/person\/d49e199490bad7c70d64b9ab51142f2b"},"headline":"Stellenangebot w\u00e4chst &#8211; auch in der IT","datePublished":"2015-09-23T07:13:27+00:00","dateModified":"2023-03-14T07:57:33+00:00","mainEntityOfPage":{"@id":"https:\/\/news.save.ch\/stellenangebot-waechst-auch-in-der-it\/"},"wordCount":247,"commentCount":0,"publisher":{"@id":"https:\/\/news.save.ch\/de\/#organization"},"image":{"@id":"https:\/\/news.save.ch\/stellenangebot-waechst-auch-in-der-it\/#primaryimage"},"thumbnailUrl":"https:\/\/news.save.ch\/wp-content\/uploads\/2016\/12\/Stellenangebot-waechst-auch-in-der-IT-it-security-scaled.jpg","keywords":["IT-SECURITY","Unternehmen"],"articleSection":["DIGITALISIERUNG"],"inLanguage":"de"},{"@type":"WebPage","@id":"https:\/\/news.save.ch\/stellenangebot-waechst-auch-in-der-it\/","url":"https:\/\/news.save.ch\/stellenangebot-waechst-auch-in-der-it\/","name":"Stellenangebot w\u00e4chst - auch in der IT - Save","isPartOf":{"@id":"https:\/\/news.save.ch\/de\/#website"},"primaryImageOfPage":{"@id":"https:\/\/news.save.ch\/stellenangebot-waechst-auch-in-der-it\/#primaryimage"},"image":{"@id":"https:\/\/news.save.ch\/stellenangebot-waechst-auch-in-der-it\/#primaryimage"},"thumbnailUrl":"https:\/\/news.save.ch\/wp-content\/uploads\/2016\/12\/Stellenangebot-waechst-auch-in-der-IT-it-security-scaled.jpg","datePublished":"2015-09-23T07:13:27+00:00","dateModified":"2023-03-14T07:57:33+00:00","description":"Die Zahl der Stellenangebote ist gestiegen, insbesondere in der Westschweiz. Hoch ist die Nachfrage unter anderem auch nach IT-Spezialisten.","breadcrumb":{"@id":"https:\/\/news.save.ch\/stellenangebot-waechst-auch-in-der-it\/#breadcrumb"},"inLanguage":"de","potentialAction":[{"@type":"ReadAction","target":["https:\/\/news.save.ch\/stellenangebot-waechst-auch-in-der-it\/"]}]},{"@type":"ImageObject","inLanguage":"de","@id":"https:\/\/news.save.ch\/stellenangebot-waechst-auch-in-der-it\/#primaryimage","url":"https:\/\/news.save.ch\/wp-content\/uploads\/2016\/12\/Stellenangebot-waechst-auch-in-der-IT-it-security-scaled.jpg","contentUrl":"https:\/\/news.save.ch\/wp-content\/uploads\/2016\/12\/Stellenangebot-waechst-auch-in-der-IT-it-security-scaled.jpg","width":1400,"height":1142},{"@type":"BreadcrumbList","@id":"https:\/\/news.save.ch\/stellenangebot-waechst-auch-in-der-it\/#breadcrumb","itemListElement":[{"@type":"ListItem","position":1,"name":"Home","item":"https:\/\/news.save.ch\/de\/"},{"@type":"ListItem","position":2,"name":"Stellenangebot w\u00e4chst &#8211; auch in der IT"}]},{"@type":"WebSite","@id":"https:\/\/news.save.ch\/de\/#website","url":"https:\/\/news.save.ch\/de\/","name":"Save","description":"Schweizer Fachzeitschrift f\u00fcr Sicherheit","publisher":{"@id":"https:\/\/news.save.ch\/de\/#organization"},"potentialAction":[{"@type":"SearchAction","target":{"@type":"EntryPoint","urlTemplate":"https:\/\/news.save.ch\/de\/?s={search_term_string}"},"query-input":{"@type":"PropertyValueSpecification","valueRequired":true,"valueName":"search_term_string"}}],"inLanguage":"de"},{"@type":"Organization","@id":"https:\/\/news.save.ch\/de\/#organization","name":"Sicherheitsforum","url":"https:\/\/news.save.ch\/de\/","logo":{"@type":"ImageObject","inLanguage":"de","@id":"https:\/\/news.save.ch\/de\/#\/schema\/logo\/image\/","url":"https:\/\/news.save.ch\/wp-content\/uploads\/2022\/06\/Logo_SF_2012.png","contentUrl":"https:\/\/news.save.ch\/wp-content\/uploads\/2022\/06\/Logo_SF_2012.png","width":1100,"height":91,"caption":"Sicherheitsforum"},"image":{"@id":"https:\/\/news.save.ch\/de\/#\/schema\/logo\/image\/"}},{"@type":"Person","@id":"https:\/\/news.save.ch\/de\/#\/schema\/person\/d49e199490bad7c70d64b9ab51142f2b","name":"admin","image":{"@type":"ImageObject","inLanguage":"de","@id":"https:\/\/secure.gravatar.com\/avatar\/ae2f4d718e6c49043e314ce431e7e645d646302a24a5ef5a8bc8e3f5a032e319?s=96&d=mm&r=g","url":"https:\/\/secure.gravatar.com\/avatar\/ae2f4d718e6c49043e314ce431e7e645d646302a24a5ef5a8bc8e3f5a032e319?s=96&d=mm&r=g","contentUrl":"https:\/\/secure.gravatar.com\/avatar\/ae2f4d718e6c49043e314ce431e7e645d646302a24a5ef5a8bc8e3f5a032e319?s=96&d=mm&r=g","caption":"admin"},"sameAs":["https:\/\/develop.organisator.galledia.ch"],"url":"https:\/\/news.save.ch\/de\/author\/admin\/"}]}},"_links":{"self":[{"href":"https:\/\/news.save.ch\/de\/wp-json\/wp\/v2\/posts\/632","targetHints":{"allow":["GET"]}}],"collection":[{"href":"https:\/\/news.save.ch\/de\/wp-json\/wp\/v2\/posts"}],"about":[{"href":"https:\/\/news.save.ch\/de\/wp-json\/wp\/v2\/types\/post"}],"author":[{"embeddable":true,"href":"https:\/\/news.save.ch\/de\/wp-json\/wp\/v2\/users\/1"}],"replies":[{"embeddable":true,"href":"https:\/\/news.save.ch\/de\/wp-json\/wp\/v2\/comments?post=632"}],"version-history":[{"count":1,"href":"https:\/\/news.save.ch\/de\/wp-json\/wp\/v2\/posts\/632\/revisions"}],"predecessor-version":[{"id":17730,"href":"https:\/\/news.save.ch\/de\/wp-json\/wp\/v2\/posts\/632\/revisions\/17730"}],"wp:featuredmedia":[{"embeddable":true,"href":"https:\/\/news.save.ch\/de\/wp-json\/wp\/v2\/media\/633"}],"wp:attachment":[{"href":"https:\/\/news.save.ch\/de\/wp-json\/wp\/v2\/media?parent=632"}],"wp:term":[{"taxonomy":"category","embeddable":true,"href":"https:\/\/news.save.ch\/de\/wp-json\/wp\/v2\/categories?post=632"},{"taxonomy":"post_tag","embeddable":true,"href":"https:\/\/news.save.ch\/de\/wp-json\/wp\/v2\/tags?post=632"}],"curies":[{"name":"wp","href":"https:\/\/api.w.org\/{rel}","templated":true}]}}