{"id":6354,"date":"2018-05-17T15:18:17","date_gmt":"2018-05-17T13:18:17","guid":{"rendered":"https:\/\/news.save.ch\/?p=6354"},"modified":"2023-03-14T08:59:21","modified_gmt":"2023-03-14T07:59:21","slug":"videoueberwachung-privatsphaere-und-datenschutz-gewaehrleistet","status":null,"type":"post","link":"https:\/\/news.save.ch\/de\/videoueberwachung-privatsphaere-und-datenschutz-gewaehrleistet\/","title":{"rendered":"Video\u00fcberwachung: Privatsph\u00e4re und Datenschutz gew\u00e4hrleistet"},"content":{"rendered":"<p>&nbsp;<\/p>\n<p>&nbsp;<\/p>\n<figure id=\"attachment_6355\" aria-describedby=\"caption-attachment-6355\" style=\"width: 500px\" class=\"wp-caption aligncenter\"><img loading=\"lazy\" decoding=\"async\" class=\"size-full wp-image-6355\" src=\"https:\/\/news.save.ch\/wp-content\/uploads\/2018\/05\/CDU-ivisx.jpg\" alt=\"\" width=\"500\" height=\"300\" srcset=\"https:\/\/news.save.ch\/wp-content\/uploads\/2018\/05\/CDU-ivisx.jpg 500w, https:\/\/news.save.ch\/wp-content\/uploads\/2018\/05\/CDU-ivisx-375x225.jpg 375w\" sizes=\"auto, (max-width: 500px) 100vw, 500px\" \/><figcaption id=\"caption-attachment-6355\" class=\"wp-caption-text\">Fraunhofer IOSB, Karlsruhe: Innenminister Strobl (links) bekommt einen Einblick ins neuartige System.\u00a0\u00a9 Fraunhofer IOSB<\/figcaption><\/figure>\n<p>Das neue baden-w\u00fcrttembergische Polizeigesetz erlaubt Video\u00fcberwachung im pr\u00e4ventiv-polizeilichen Bereich in drei F\u00e4llen: an Kriminalit\u00e4tsschwerpunkten, bei \u00abgef\u00e4hrdeten Objekten\u00bb und bei \u00f6ffentlichen Veranstaltungen, falls dort terroristische Anschl\u00e4ge drohen. Dabei wird erstmalig auch der Einsatz intelligenter Systeme erm\u00f6glicht, die dem Menschen hinter dem Bildschirm die Arbeit stark erleichtern k\u00f6nnen. \u00abIch bin \u00fcberzeugt, dass die intelligente Video\u00fcberwachung sowohl pr\u00e4ventiv wie repressiv ein wichtiges Sicherheitsinstrument ist und unter den Gesichtspunkten Daten- und Privatsph\u00e4renschutz sehr gut ist\u00bb, sagte Strobl als er unl\u00e4ngst das Fraunhofer-Instituts f\u00fcr Optronik, Systemtechnik und Bildauswertung (<a href=\"https:\/\/www.iosb.fraunhofer.de\">IOSB<\/a>) in Karlsruhe besuchte.<\/p>\n<p>In einer realen Anwendung soll parallel zur konventionellen Video\u00fcberwachung die intelligente Technik getestet und weiterentwickelt werden \u2013 das Modellprojekt wird in Mannheim umgesetzt. \u00abDie Privatsph\u00e4re ist uns ein wichtiges Anliegen. Unser Ansatz besteht darin, den gebotenen Datenschutz und Schutz der Pers\u00f6nlichkeitsrechte technisch zu erzwingen. Dadurch werden diese Systeme unserer \u00dcberzeugung nach Akzeptanz finden\u00bb, erkl\u00e4rte J\u00fcrgen Geisler, stellvertretender Institutsleiter des Fraunhofer IOSB.<\/p>\n<p><strong>Personen und Szenen werden verpixelt<\/strong><\/p>\n<p>Wie die intelligente Video\u00fcberwachung funktioniert, erkl\u00e4rte Markus M\u00fcller, Sprecher des Gesch\u00e4ftsfeldes Zivile Sicherheit am Fraunhofer IOSB. \u00abBei konventioneller \u00dcberwachungstechnik wird jede Person im Alltagsgesch\u00e4ft in h\u00f6chster Aufl\u00f6sung erfasst und gespeichert. Unsere intelligente Video\u00fcberwachung bietet die M\u00f6glichkeit der \u2039kaskadierten Anonymisierung\u203a. Dabei werden irrelevante Bereiche, Szenen und Personen von der Technik beispielsweise ganz ausgeblendet oder verpixelt\u00bb, sagte M\u00fcller.<\/p>\n<p>Entdeckt ein Algorithmus etwas Verd\u00e4chtiges, dann wird das Bild vom System scharf gestellt und ein Alarm wird an einen menschlichen Operator ausgesendet. \u00abDaf\u00fcr entwickeln wir Verfahren, die zum Beispiel t\u00e4tliche \u00dcbergriffe oder abgestellte und verwaiste Gegenst\u00e4nde erkennen sollen\u00bb, so M\u00fcller. Die Software kann Handlungsmuster identifizieren.<\/p>\n<p><strong>Videodaten werden nach bestimmter Zeit gel\u00f6scht <\/strong><\/p>\n<p>\u00abWenn alles verpixelt ist und die Kameratechnik erst dann f\u00fcr den Polizisten scharfstellt, wenn etwas passiert \u2013 zum Beispiel ein Faustschlag \u2013, dann ist das Schutz der Privatsph\u00e4re. Weil die verpixelten Daten nach einem gewissen Zeitpunkt endg\u00fcltig verschwinden sollen\u00bb, erkl\u00e4rte der baden-w\u00fcrttembergische Innenminister Strobl.<\/p>\n<p>Intelligente Videoauswerteverfahren k\u00f6nnen bei einer Ermittlung auch nachtr\u00e4glich unterst\u00fctzen, sofern in der Strafprozessordnung die rechtliche Erm\u00e4chtigungsgrundlage besteht. Zum Beispiel sind von einem T\u00e4ter manchmal sogenannte soft biometrische Merkmale wie K\u00f6rpergr\u00f6sse, Accessoires oder Haarfarbe bekannt.\u00a0\u00abDiese Merkmale k\u00f6nnen meistens ver\u00e4ndert werden und durch ihre geringe Unterscheidungsf\u00e4higkeit sind sie nicht zur Identifikation geeignet\u00bb, erkl\u00e4rte M\u00fcller.\u00a0Allerdings kann die automatisierte Suche nach soft biometrischen Merkmalen in Videodaten den Ermittlern nach einer Straftat helfen: \u00abIn vielen F\u00e4llen sitzen Polizeibeamte oft endlose Stunden vor dem Bildschirm und sichten unz\u00e4hlige Videos. Unsere Systeme erleichtern und verk\u00fcrzen diese m\u00fchsame Arbeit der Polizeibeamten\u00bb, so M\u00fcller.<\/p>\n<p>ivisX (Integrated Video Investigation Suite for Forensic Applications) bietet eine L\u00f6sung zur kriminologischen Videoauswertung, welche die Verarbeitung von Videomassendaten im Fall von grossen Menschenansammlungen unterst\u00fctzt und dabei eine Rekonstruktion von Straftaten erm\u00f6glicht.<\/p>\n<p><em>Text: Angelika Linos,<\/em><em> Fraunhofer-Institut f\u00fcr Optronik, Systemtechnik und Bildauswertung (IOSB),\u00a0 Presse- und \u00d6ffentlichkeitsarbeit<\/em><\/p>\n<p><em>\u00a0<\/em><em>Zum Thema Video\u00fcberwachung erscheint Anfang Juni 2018 eine Spezial-Ausgabe des <a href=\"https:\/\/news.save.ch\/sicherheitsforum\/\">SicherheitsForums<\/a><\/em><\/p>\n","protected":false},"excerpt":{"rendered":"<p>&nbsp; &nbsp; Das neue baden-w\u00fcrttembergische Polizeigesetz erlaubt Video\u00fcberwachung im pr\u00e4ventiv-polizeilichen Bereich in drei F\u00e4llen: an Kriminalit\u00e4tsschwerpunkten, bei \u00abgef\u00e4hrdeten Objekten\u00bb und bei \u00f6ffentlichen Veranstaltungen, falls dort terroristische Anschl\u00e4ge drohen. Dabei wird erstmalig auch der Einsatz intelligenter Systeme erm\u00f6glicht, die dem Menschen hinter dem Bildschirm die Arbeit stark erleichtern k\u00f6nnen. \u00abIch bin \u00fcberzeugt, dass die intelligente Video\u00fcberwachung [&hellip;]<\/p>\n","protected":false},"author":8,"featured_media":6355,"comment_status":"open","ping_status":"open","sticky":false,"template":"","format":"standard","meta":{"_acf_changed":false,"pgc_sgb_lightbox_settings":"","footnotes":""},"categories":[3312],"tags":[78],"class_list":["post-6354","post","type-post","status-publish","format-standard","has-post-thumbnail","hentry","category-sicherheit","tag-videoueberwachung"],"acf":[],"hkrextid":null,"publication":null,"issue":null,"workflow":null,"startPage":null,"spitzmarke":null,"_posts_by_tag_page_fields":{"widget_title":"","widget_tags":""},"_at_widget":"1","_yoast_wpseo_primary_category":"529","_yoast_wpseo_focuskw_text_input":"Video\u00fcberwachung","_yoast_wpseo_opengraph-image":null,"_yoast_wpseo_opengraph-description":null,"_yoast_wpseo_opengraph-title":null,"enclosure":null,"_yoast_wpseo_twitter-title":null,"_yoast_wpseo_twitter-description":null,"_yoast_wpseo_twitter-image":null,"_wp_old_slug":null,"_yoast_wpseo_title":null,"_yoast_wpseo_canonical":null,"yoast_head":"<!-- This site is optimized with the Yoast SEO plugin v27.5 - https:\/\/yoast.com\/product\/yoast-seo-wordpress\/ -->\n<title>Video\u00fcberwachung: Privatsph\u00e4re und Datenschutz gew\u00e4hrleistet - Save<\/title>\n<meta name=\"description\" content=\"Video\u00fcberwachung: Die Privatsph\u00e4re der B\u00fcrger und der Datenschutz k\u00f6nnen gew\u00e4hrleistet werden, wie eine neue Entwicklung des Fraunhofer IOSB zeigt.\" \/>\n<meta name=\"robots\" content=\"index, follow, max-snippet:-1, max-image-preview:large, max-video-preview:-1\" \/>\n<link rel=\"canonical\" href=\"https:\/\/news.save.ch\/de\/videoueberwachung-privatsphaere-und-datenschutz-gewaehrleistet\/\" \/>\n<meta property=\"og:locale\" content=\"de_DE\" \/>\n<meta property=\"og:type\" content=\"article\" \/>\n<meta property=\"og:title\" content=\"Video\u00fcberwachung: Privatsph\u00e4re und Datenschutz gew\u00e4hrleistet - Save\" \/>\n<meta property=\"og:description\" content=\"Video\u00fcberwachung: Die Privatsph\u00e4re der B\u00fcrger und der Datenschutz k\u00f6nnen gew\u00e4hrleistet werden, wie eine neue Entwicklung des Fraunhofer IOSB zeigt.\" \/>\n<meta property=\"og:url\" content=\"https:\/\/news.save.ch\/de\/videoueberwachung-privatsphaere-und-datenschutz-gewaehrleistet\/\" \/>\n<meta property=\"og:site_name\" content=\"Save\" \/>\n<meta property=\"article:published_time\" content=\"2018-05-17T13:18:17+00:00\" \/>\n<meta property=\"article:modified_time\" content=\"2023-03-14T07:59:21+00:00\" \/>\n<meta property=\"og:image\" content=\"https:\/\/news.save.ch\/wp-content\/uploads\/2018\/05\/CDU-ivisx.jpg\" \/>\n\t<meta property=\"og:image:width\" content=\"500\" \/>\n\t<meta property=\"og:image:height\" content=\"300\" \/>\n\t<meta property=\"og:image:type\" content=\"image\/jpeg\" \/>\n<meta name=\"author\" content=\"Roger Str\u00e4ssle\" \/>\n<meta name=\"twitter:card\" content=\"summary_large_image\" \/>\n<meta name=\"twitter:label1\" content=\"Geschrieben von\" \/>\n\t<meta name=\"twitter:data1\" content=\"Roger Str\u00e4ssle\" \/>\n\t<meta name=\"twitter:label2\" content=\"Gesch\u00e4tzte Lesezeit\" \/>\n\t<meta name=\"twitter:data2\" content=\"3\u00a0Minuten\" \/>\n<script type=\"application\/ld+json\" class=\"yoast-schema-graph\">{\"@context\":\"https:\\\/\\\/schema.org\",\"@graph\":[{\"@type\":\"Article\",\"@id\":\"https:\\\/\\\/news.save.ch\\\/videoueberwachung-privatsphaere-und-datenschutz-gewaehrleistet\\\/#article\",\"isPartOf\":{\"@id\":\"https:\\\/\\\/news.save.ch\\\/videoueberwachung-privatsphaere-und-datenschutz-gewaehrleistet\\\/\"},\"author\":{\"name\":\"Roger Str\u00e4ssle\",\"@id\":\"https:\\\/\\\/news.save.ch\\\/de\\\/#\\\/schema\\\/person\\\/d5022db048e0e2b9785c50e5b24da5aa\"},\"headline\":\"Video\u00fcberwachung: Privatsph\u00e4re und Datenschutz gew\u00e4hrleistet\",\"datePublished\":\"2018-05-17T13:18:17+00:00\",\"dateModified\":\"2023-03-14T07:59:21+00:00\",\"mainEntityOfPage\":{\"@id\":\"https:\\\/\\\/news.save.ch\\\/videoueberwachung-privatsphaere-und-datenschutz-gewaehrleistet\\\/\"},\"wordCount\":546,\"commentCount\":0,\"publisher\":{\"@id\":\"https:\\\/\\\/news.save.ch\\\/de\\\/#organization\"},\"image\":{\"@id\":\"https:\\\/\\\/news.save.ch\\\/videoueberwachung-privatsphaere-und-datenschutz-gewaehrleistet\\\/#primaryimage\"},\"thumbnailUrl\":\"https:\\\/\\\/news.save.ch\\\/wp-content\\\/uploads\\\/2018\\\/05\\\/CDU-ivisx.jpg\",\"keywords\":[\"Video\u00fcberwachung\"],\"articleSection\":[\"SICHERHEIT\"],\"inLanguage\":\"de\"},{\"@type\":\"WebPage\",\"@id\":\"https:\\\/\\\/news.save.ch\\\/videoueberwachung-privatsphaere-und-datenschutz-gewaehrleistet\\\/\",\"url\":\"https:\\\/\\\/news.save.ch\\\/videoueberwachung-privatsphaere-und-datenschutz-gewaehrleistet\\\/\",\"name\":\"Video\u00fcberwachung: Privatsph\u00e4re und Datenschutz gew\u00e4hrleistet - Save\",\"isPartOf\":{\"@id\":\"https:\\\/\\\/news.save.ch\\\/de\\\/#website\"},\"primaryImageOfPage\":{\"@id\":\"https:\\\/\\\/news.save.ch\\\/videoueberwachung-privatsphaere-und-datenschutz-gewaehrleistet\\\/#primaryimage\"},\"image\":{\"@id\":\"https:\\\/\\\/news.save.ch\\\/videoueberwachung-privatsphaere-und-datenschutz-gewaehrleistet\\\/#primaryimage\"},\"thumbnailUrl\":\"https:\\\/\\\/news.save.ch\\\/wp-content\\\/uploads\\\/2018\\\/05\\\/CDU-ivisx.jpg\",\"datePublished\":\"2018-05-17T13:18:17+00:00\",\"dateModified\":\"2023-03-14T07:59:21+00:00\",\"description\":\"Video\u00fcberwachung: Die Privatsph\u00e4re der B\u00fcrger und der Datenschutz k\u00f6nnen gew\u00e4hrleistet werden, wie eine neue Entwicklung des Fraunhofer IOSB zeigt.\",\"breadcrumb\":{\"@id\":\"https:\\\/\\\/news.save.ch\\\/videoueberwachung-privatsphaere-und-datenschutz-gewaehrleistet\\\/#breadcrumb\"},\"inLanguage\":\"de\",\"potentialAction\":[{\"@type\":\"ReadAction\",\"target\":[\"https:\\\/\\\/news.save.ch\\\/videoueberwachung-privatsphaere-und-datenschutz-gewaehrleistet\\\/\"]}]},{\"@type\":\"ImageObject\",\"inLanguage\":\"de\",\"@id\":\"https:\\\/\\\/news.save.ch\\\/videoueberwachung-privatsphaere-und-datenschutz-gewaehrleistet\\\/#primaryimage\",\"url\":\"https:\\\/\\\/news.save.ch\\\/wp-content\\\/uploads\\\/2018\\\/05\\\/CDU-ivisx.jpg\",\"contentUrl\":\"https:\\\/\\\/news.save.ch\\\/wp-content\\\/uploads\\\/2018\\\/05\\\/CDU-ivisx.jpg\",\"width\":500,\"height\":300,\"caption\":\"Fraunhofer IOSB in Karlsruhe: Innenminister Strobl (links) bekommt einen Einblick ins neuartige System. \u00a9 Fraunhofer IOSB\"},{\"@type\":\"BreadcrumbList\",\"@id\":\"https:\\\/\\\/news.save.ch\\\/videoueberwachung-privatsphaere-und-datenschutz-gewaehrleistet\\\/#breadcrumb\",\"itemListElement\":[{\"@type\":\"ListItem\",\"position\":1,\"name\":\"Home\",\"item\":\"https:\\\/\\\/news.save.ch\\\/de\\\/\"},{\"@type\":\"ListItem\",\"position\":2,\"name\":\"Video\u00fcberwachung: Privatsph\u00e4re und Datenschutz gew\u00e4hrleistet\"}]},{\"@type\":\"WebSite\",\"@id\":\"https:\\\/\\\/news.save.ch\\\/de\\\/#website\",\"url\":\"https:\\\/\\\/news.save.ch\\\/de\\\/\",\"name\":\"Save\",\"description\":\"Schweizer Fachzeitschrift f\u00fcr Sicherheit\",\"publisher\":{\"@id\":\"https:\\\/\\\/news.save.ch\\\/de\\\/#organization\"},\"potentialAction\":[{\"@type\":\"SearchAction\",\"target\":{\"@type\":\"EntryPoint\",\"urlTemplate\":\"https:\\\/\\\/news.save.ch\\\/de\\\/?s={search_term_string}\"},\"query-input\":{\"@type\":\"PropertyValueSpecification\",\"valueRequired\":true,\"valueName\":\"search_term_string\"}}],\"inLanguage\":\"de\"},{\"@type\":\"Organization\",\"@id\":\"https:\\\/\\\/news.save.ch\\\/de\\\/#organization\",\"name\":\"Sicherheitsforum\",\"url\":\"https:\\\/\\\/news.save.ch\\\/de\\\/\",\"logo\":{\"@type\":\"ImageObject\",\"inLanguage\":\"de\",\"@id\":\"https:\\\/\\\/news.save.ch\\\/de\\\/#\\\/schema\\\/logo\\\/image\\\/\",\"url\":\"https:\\\/\\\/news.save.ch\\\/wp-content\\\/uploads\\\/2022\\\/06\\\/Logo_SF_2012.png\",\"contentUrl\":\"https:\\\/\\\/news.save.ch\\\/wp-content\\\/uploads\\\/2022\\\/06\\\/Logo_SF_2012.png\",\"width\":1100,\"height\":91,\"caption\":\"Sicherheitsforum\"},\"image\":{\"@id\":\"https:\\\/\\\/news.save.ch\\\/de\\\/#\\\/schema\\\/logo\\\/image\\\/\"}},{\"@type\":\"Person\",\"@id\":\"https:\\\/\\\/news.save.ch\\\/de\\\/#\\\/schema\\\/person\\\/d5022db048e0e2b9785c50e5b24da5aa\",\"name\":\"Roger Str\u00e4ssle\",\"image\":{\"@type\":\"ImageObject\",\"inLanguage\":\"de\",\"@id\":\"https:\\\/\\\/secure.gravatar.com\\\/avatar\\\/862a5569d087de48e5856e32f45d719a03804c891d6deb8d4f71a660e79e4a47?s=96&d=mm&r=g\",\"url\":\"https:\\\/\\\/secure.gravatar.com\\\/avatar\\\/862a5569d087de48e5856e32f45d719a03804c891d6deb8d4f71a660e79e4a47?s=96&d=mm&r=g\",\"contentUrl\":\"https:\\\/\\\/secure.gravatar.com\\\/avatar\\\/862a5569d087de48e5856e32f45d719a03804c891d6deb8d4f71a660e79e4a47?s=96&d=mm&r=g\",\"caption\":\"Roger Str\u00e4ssle\"},\"url\":\"https:\\\/\\\/news.save.ch\\\/de\\\/author\\\/roger-straessle\\\/\"}]}<\/script>\n<!-- \/ Yoast SEO plugin. -->","yoast_head_json":{"title":"Video\u00fcberwachung: Privatsph\u00e4re und Datenschutz gew\u00e4hrleistet - Save","description":"Video\u00fcberwachung: Die Privatsph\u00e4re der B\u00fcrger und der Datenschutz k\u00f6nnen gew\u00e4hrleistet werden, wie eine neue Entwicklung des Fraunhofer IOSB zeigt.","robots":{"index":"index","follow":"follow","max-snippet":"max-snippet:-1","max-image-preview":"max-image-preview:large","max-video-preview":"max-video-preview:-1"},"canonical":"https:\/\/news.save.ch\/de\/videoueberwachung-privatsphaere-und-datenschutz-gewaehrleistet\/","og_locale":"de_DE","og_type":"article","og_title":"Video\u00fcberwachung: Privatsph\u00e4re und Datenschutz gew\u00e4hrleistet - Save","og_description":"Video\u00fcberwachung: Die Privatsph\u00e4re der B\u00fcrger und der Datenschutz k\u00f6nnen gew\u00e4hrleistet werden, wie eine neue Entwicklung des Fraunhofer IOSB zeigt.","og_url":"https:\/\/news.save.ch\/de\/videoueberwachung-privatsphaere-und-datenschutz-gewaehrleistet\/","og_site_name":"Save","article_published_time":"2018-05-17T13:18:17+00:00","article_modified_time":"2023-03-14T07:59:21+00:00","og_image":[{"width":500,"height":300,"url":"https:\/\/news.save.ch\/wp-content\/uploads\/2018\/05\/CDU-ivisx.jpg","type":"image\/jpeg"}],"author":"Roger Str\u00e4ssle","twitter_card":"summary_large_image","twitter_misc":{"Geschrieben von":"Roger Str\u00e4ssle","Gesch\u00e4tzte Lesezeit":"3\u00a0Minuten"},"schema":{"@context":"https:\/\/schema.org","@graph":[{"@type":"Article","@id":"https:\/\/news.save.ch\/videoueberwachung-privatsphaere-und-datenschutz-gewaehrleistet\/#article","isPartOf":{"@id":"https:\/\/news.save.ch\/videoueberwachung-privatsphaere-und-datenschutz-gewaehrleistet\/"},"author":{"name":"Roger Str\u00e4ssle","@id":"https:\/\/news.save.ch\/de\/#\/schema\/person\/d5022db048e0e2b9785c50e5b24da5aa"},"headline":"Video\u00fcberwachung: Privatsph\u00e4re und Datenschutz gew\u00e4hrleistet","datePublished":"2018-05-17T13:18:17+00:00","dateModified":"2023-03-14T07:59:21+00:00","mainEntityOfPage":{"@id":"https:\/\/news.save.ch\/videoueberwachung-privatsphaere-und-datenschutz-gewaehrleistet\/"},"wordCount":546,"commentCount":0,"publisher":{"@id":"https:\/\/news.save.ch\/de\/#organization"},"image":{"@id":"https:\/\/news.save.ch\/videoueberwachung-privatsphaere-und-datenschutz-gewaehrleistet\/#primaryimage"},"thumbnailUrl":"https:\/\/news.save.ch\/wp-content\/uploads\/2018\/05\/CDU-ivisx.jpg","keywords":["Video\u00fcberwachung"],"articleSection":["SICHERHEIT"],"inLanguage":"de"},{"@type":"WebPage","@id":"https:\/\/news.save.ch\/videoueberwachung-privatsphaere-und-datenschutz-gewaehrleistet\/","url":"https:\/\/news.save.ch\/videoueberwachung-privatsphaere-und-datenschutz-gewaehrleistet\/","name":"Video\u00fcberwachung: Privatsph\u00e4re und Datenschutz gew\u00e4hrleistet - Save","isPartOf":{"@id":"https:\/\/news.save.ch\/de\/#website"},"primaryImageOfPage":{"@id":"https:\/\/news.save.ch\/videoueberwachung-privatsphaere-und-datenschutz-gewaehrleistet\/#primaryimage"},"image":{"@id":"https:\/\/news.save.ch\/videoueberwachung-privatsphaere-und-datenschutz-gewaehrleistet\/#primaryimage"},"thumbnailUrl":"https:\/\/news.save.ch\/wp-content\/uploads\/2018\/05\/CDU-ivisx.jpg","datePublished":"2018-05-17T13:18:17+00:00","dateModified":"2023-03-14T07:59:21+00:00","description":"Video\u00fcberwachung: Die Privatsph\u00e4re der B\u00fcrger und der Datenschutz k\u00f6nnen gew\u00e4hrleistet werden, wie eine neue Entwicklung des Fraunhofer IOSB zeigt.","breadcrumb":{"@id":"https:\/\/news.save.ch\/videoueberwachung-privatsphaere-und-datenschutz-gewaehrleistet\/#breadcrumb"},"inLanguage":"de","potentialAction":[{"@type":"ReadAction","target":["https:\/\/news.save.ch\/videoueberwachung-privatsphaere-und-datenschutz-gewaehrleistet\/"]}]},{"@type":"ImageObject","inLanguage":"de","@id":"https:\/\/news.save.ch\/videoueberwachung-privatsphaere-und-datenschutz-gewaehrleistet\/#primaryimage","url":"https:\/\/news.save.ch\/wp-content\/uploads\/2018\/05\/CDU-ivisx.jpg","contentUrl":"https:\/\/news.save.ch\/wp-content\/uploads\/2018\/05\/CDU-ivisx.jpg","width":500,"height":300,"caption":"Fraunhofer IOSB in Karlsruhe: Innenminister Strobl (links) bekommt einen Einblick ins neuartige System. \u00a9 Fraunhofer IOSB"},{"@type":"BreadcrumbList","@id":"https:\/\/news.save.ch\/videoueberwachung-privatsphaere-und-datenschutz-gewaehrleistet\/#breadcrumb","itemListElement":[{"@type":"ListItem","position":1,"name":"Home","item":"https:\/\/news.save.ch\/de\/"},{"@type":"ListItem","position":2,"name":"Video\u00fcberwachung: Privatsph\u00e4re und Datenschutz gew\u00e4hrleistet"}]},{"@type":"WebSite","@id":"https:\/\/news.save.ch\/de\/#website","url":"https:\/\/news.save.ch\/de\/","name":"Save","description":"Schweizer Fachzeitschrift f\u00fcr Sicherheit","publisher":{"@id":"https:\/\/news.save.ch\/de\/#organization"},"potentialAction":[{"@type":"SearchAction","target":{"@type":"EntryPoint","urlTemplate":"https:\/\/news.save.ch\/de\/?s={search_term_string}"},"query-input":{"@type":"PropertyValueSpecification","valueRequired":true,"valueName":"search_term_string"}}],"inLanguage":"de"},{"@type":"Organization","@id":"https:\/\/news.save.ch\/de\/#organization","name":"Sicherheitsforum","url":"https:\/\/news.save.ch\/de\/","logo":{"@type":"ImageObject","inLanguage":"de","@id":"https:\/\/news.save.ch\/de\/#\/schema\/logo\/image\/","url":"https:\/\/news.save.ch\/wp-content\/uploads\/2022\/06\/Logo_SF_2012.png","contentUrl":"https:\/\/news.save.ch\/wp-content\/uploads\/2022\/06\/Logo_SF_2012.png","width":1100,"height":91,"caption":"Sicherheitsforum"},"image":{"@id":"https:\/\/news.save.ch\/de\/#\/schema\/logo\/image\/"}},{"@type":"Person","@id":"https:\/\/news.save.ch\/de\/#\/schema\/person\/d5022db048e0e2b9785c50e5b24da5aa","name":"Roger Str\u00e4ssle","image":{"@type":"ImageObject","inLanguage":"de","@id":"https:\/\/secure.gravatar.com\/avatar\/862a5569d087de48e5856e32f45d719a03804c891d6deb8d4f71a660e79e4a47?s=96&d=mm&r=g","url":"https:\/\/secure.gravatar.com\/avatar\/862a5569d087de48e5856e32f45d719a03804c891d6deb8d4f71a660e79e4a47?s=96&d=mm&r=g","contentUrl":"https:\/\/secure.gravatar.com\/avatar\/862a5569d087de48e5856e32f45d719a03804c891d6deb8d4f71a660e79e4a47?s=96&d=mm&r=g","caption":"Roger Str\u00e4ssle"},"url":"https:\/\/news.save.ch\/de\/author\/roger-straessle\/"}]}},"_links":{"self":[{"href":"https:\/\/news.save.ch\/de\/wp-json\/wp\/v2\/posts\/6354","targetHints":{"allow":["GET"]}}],"collection":[{"href":"https:\/\/news.save.ch\/de\/wp-json\/wp\/v2\/posts"}],"about":[{"href":"https:\/\/news.save.ch\/de\/wp-json\/wp\/v2\/types\/post"}],"author":[{"embeddable":true,"href":"https:\/\/news.save.ch\/de\/wp-json\/wp\/v2\/users\/8"}],"replies":[{"embeddable":true,"href":"https:\/\/news.save.ch\/de\/wp-json\/wp\/v2\/comments?post=6354"}],"version-history":[{"count":1,"href":"https:\/\/news.save.ch\/de\/wp-json\/wp\/v2\/posts\/6354\/revisions"}],"predecessor-version":[{"id":17928,"href":"https:\/\/news.save.ch\/de\/wp-json\/wp\/v2\/posts\/6354\/revisions\/17928"}],"wp:featuredmedia":[{"embeddable":true,"href":"https:\/\/news.save.ch\/de\/wp-json\/wp\/v2\/media\/6355"}],"wp:attachment":[{"href":"https:\/\/news.save.ch\/de\/wp-json\/wp\/v2\/media?parent=6354"}],"wp:term":[{"taxonomy":"category","embeddable":true,"href":"https:\/\/news.save.ch\/de\/wp-json\/wp\/v2\/categories?post=6354"},{"taxonomy":"post_tag","embeddable":true,"href":"https:\/\/news.save.ch\/de\/wp-json\/wp\/v2\/tags?post=6354"}],"curies":[{"name":"wp","href":"https:\/\/api.w.org\/{rel}","templated":true}]}}