{"id":6393,"date":"2018-05-16T14:23:34","date_gmt":"2018-05-16T12:23:34","guid":{"rendered":"https:\/\/news.save.ch\/?p=6393"},"modified":"2023-03-14T08:56:55","modified_gmt":"2023-03-14T07:56:55","slug":"weg-von-russland-kasperskys-datenzentrum-kommt-nach-zuerich","status":null,"type":"post","link":"https:\/\/news.save.ch\/de\/weg-von-russland-kasperskys-datenzentrum-kommt-nach-zuerich\/","title":{"rendered":"Weg von Russland \u2013 Kaspersky\u2018s Datenzentrum kommt nach Z\u00fcrich"},"content":{"rendered":"<figure id=\"attachment_6394\" aria-describedby=\"caption-attachment-6394\" style=\"width: 316px\" class=\"wp-caption alignleft\"><img loading=\"lazy\" decoding=\"async\" class=\"size-full wp-image-6394\" src=\"https:\/\/news.save.ch\/wp-content\/uploads\/2018\/05\/Eugene_Kaspersky.jpg\" alt=\"\" width=\"316\" height=\"474\" srcset=\"https:\/\/news.save.ch\/wp-content\/uploads\/2018\/05\/Eugene_Kaspersky.jpg 316w, https:\/\/news.save.ch\/wp-content\/uploads\/2018\/05\/Eugene_Kaspersky-200x300.jpg 200w\" sizes=\"auto, (max-width: 316px) 100vw, 316px\" \/><figcaption id=\"caption-attachment-6394\" class=\"wp-caption-text\">Transparenz sei ein grosses Bed\u00fcrfnis, weshalb man die Datenverarbeitung in die Schweiz verlege, sagt Eugene Kaspersky, CEO von Kaspersky Lab.<\/figcaption><\/figure>\n<p>Kaspersky Lab verlagert eine Reihe wichtiger Prozesse von Russland in die Schweiz, wie das Unternehmen mitgeteilt hat. Auch f\u00fcr mehr <a href=\"https:\/\/www.kaspersky.com\/about\/transparency\">Transparenz <\/a>will man sorgen &#8211; das neue Rechenzentrum soll dereinst von unabh\u00e4ngigen Kontrolleuren beaufsichtigt werden. Dies kommt wohl nicht von ungef\u00e4hr: Laut Medienberichten sah sich der IT-Sicherheitsanbieter im letzten Herbst mit US-Spionagevorw\u00fcrfen im Zusammenhang mit dem russischen Geheimdienst konfrontiert.<\/p>\n<p>Das Rechenzentrum in Z\u00fcrich soll bis Ende 2019 eingerichtet sein und alle Informationen von Nutzern in Europa, Nordamerika, Singapur, Australien, Japan und S\u00fcdkorea speichern und verarbeiten.<\/p>\n<p><strong>Verlagerung der Software-Integration<\/strong><\/p>\n<p>Auch die Finalisierung seiner Softwareproduktion wird nach Z\u00fcrich verlegt: Bis Ende 2018 will der Anbieter Kaspersky-Produkte und Signatur-Datenbanken zur Bedrohungserkennung (AV-Datenbanken) in der Schweiz erstellen und dort mit einer digitalen Signatur versehen, bevor sie an Endkunden auf der ganzen Welt verteilt werden. Die Verlagerung stelle sicher, dass jede neu zusammengestellte Software von einer unabh\u00e4ngigen Organisation verifiziert werden k\u00f6nne, betont das Unternehmen.<\/p>\n<p><strong>Erstes Transparenzzentrum<\/strong><\/p>\n<p>Der Quellcode der Produkte sowie seine Softwareupdates sollen in einem eigens eingerichteten Transparenzzentrum zur \u00dcberpr\u00fcfung durch interessierte und berechtigte Dritte zur Verf\u00fcgung stehen, wie Kaspersky wissen l\u00e4sst. Dieses sogenannte Transparenzzentrum, das ebenfalls in der Schweiz realisiert werde, er\u00f6ffne voraussichtlich noch in diesem Jahr.\u00a0<em> (rs\/pd)<\/em><\/p>\n","protected":false},"excerpt":{"rendered":"<p>Kaspersky Lab verlagert eine Reihe wichtiger Prozesse von Russland in die Schweiz, wie das Unternehmen mitgeteilt hat. Auch f\u00fcr mehr Transparenz will man sorgen &#8211; das neue Rechenzentrum soll dereinst von unabh\u00e4ngigen Kontrolleuren beaufsichtigt werden. Dies kommt wohl nicht von ungef\u00e4hr: Laut Medienberichten sah sich der IT-Sicherheitsanbieter im letzten Herbst mit US-Spionagevorw\u00fcrfen im Zusammenhang mit [&hellip;]<\/p>\n","protected":false},"author":8,"featured_media":6394,"comment_status":"open","ping_status":"open","sticky":false,"template":"","format":"standard","meta":{"_acf_changed":false,"pgc_sgb_lightbox_settings":"","footnotes":""},"categories":[3313],"tags":[118,62,63],"class_list":["post-6393","post","type-post","status-publish","format-standard","has-post-thumbnail","hentry","category-digitalisierung","tag-datenschutz","tag-ict-sicherheit","tag-it-security"],"acf":[],"hkrextid":null,"publication":null,"issue":null,"workflow":null,"startPage":null,"spitzmarke":null,"_posts_by_tag_page_fields":{"widget_title":"","widget_tags":""},"_at_widget":"1","_yoast_wpseo_primary_category":"2","_yoast_wpseo_focuskw_text_input":"Kaspersky","_yoast_wpseo_opengraph-image":null,"_yoast_wpseo_opengraph-description":null,"_yoast_wpseo_opengraph-title":null,"enclosure":null,"_yoast_wpseo_twitter-title":null,"_yoast_wpseo_twitter-description":null,"_yoast_wpseo_twitter-image":null,"_wp_old_slug":null,"_yoast_wpseo_title":null,"_yoast_wpseo_canonical":null,"yoast_head":"<!-- This site is optimized with the Yoast SEO plugin v27.5 - https:\/\/yoast.com\/product\/yoast-seo-wordpress\/ -->\n<title>Weg von Russland \u2013 Kaspersky\u2018s Datenzentrum kommt nach Z\u00fcrich - Save<\/title>\n<meta name=\"description\" content=\"Kaspersky Lab z\u00fcgelt seine Infrastruktur von Russland in die Schweiz: Ab Ende 2019 werden Daten europ\u00e4ischer Kunden in Z\u00fcrich gespeichert und verarbeitet.\" \/>\n<meta name=\"robots\" content=\"index, follow, max-snippet:-1, max-image-preview:large, max-video-preview:-1\" \/>\n<link rel=\"canonical\" href=\"https:\/\/news.save.ch\/de\/weg-von-russland-kasperskys-datenzentrum-kommt-nach-zuerich\/\" \/>\n<meta property=\"og:locale\" content=\"de_DE\" \/>\n<meta property=\"og:type\" content=\"article\" \/>\n<meta property=\"og:title\" content=\"Weg von Russland \u2013 Kaspersky\u2018s Datenzentrum kommt nach Z\u00fcrich - Save\" \/>\n<meta property=\"og:description\" content=\"Kaspersky Lab z\u00fcgelt seine Infrastruktur von Russland in die Schweiz: Ab Ende 2019 werden Daten europ\u00e4ischer Kunden in Z\u00fcrich gespeichert und verarbeitet.\" \/>\n<meta property=\"og:url\" content=\"https:\/\/news.save.ch\/de\/weg-von-russland-kasperskys-datenzentrum-kommt-nach-zuerich\/\" \/>\n<meta property=\"og:site_name\" content=\"Save\" \/>\n<meta property=\"article:published_time\" content=\"2018-05-16T12:23:34+00:00\" \/>\n<meta property=\"article:modified_time\" content=\"2023-03-14T07:56:55+00:00\" \/>\n<meta property=\"og:image\" content=\"https:\/\/news.save.ch\/wp-content\/uploads\/2018\/05\/Eugene_Kaspersky.jpg\" \/>\n\t<meta property=\"og:image:width\" content=\"316\" \/>\n\t<meta property=\"og:image:height\" content=\"474\" \/>\n\t<meta property=\"og:image:type\" content=\"image\/jpeg\" \/>\n<meta name=\"author\" content=\"Roger Str\u00e4ssle\" \/>\n<meta name=\"twitter:card\" content=\"summary_large_image\" \/>\n<meta name=\"twitter:label1\" content=\"Geschrieben von\" \/>\n\t<meta name=\"twitter:data1\" content=\"Roger Str\u00e4ssle\" \/>\n\t<meta name=\"twitter:label2\" content=\"Gesch\u00e4tzte Lesezeit\" \/>\n\t<meta name=\"twitter:data2\" content=\"1\u00a0Minute\" \/>\n<script type=\"application\/ld+json\" class=\"yoast-schema-graph\">{\"@context\":\"https:\\\/\\\/schema.org\",\"@graph\":[{\"@type\":\"Article\",\"@id\":\"https:\\\/\\\/news.save.ch\\\/weg-von-russland-kasperskys-datenzentrum-kommt-nach-zuerich\\\/#article\",\"isPartOf\":{\"@id\":\"https:\\\/\\\/news.save.ch\\\/weg-von-russland-kasperskys-datenzentrum-kommt-nach-zuerich\\\/\"},\"author\":{\"name\":\"Roger Str\u00e4ssle\",\"@id\":\"https:\\\/\\\/news.save.ch\\\/de\\\/#\\\/schema\\\/person\\\/d5022db048e0e2b9785c50e5b24da5aa\"},\"headline\":\"Weg von Russland \u2013 Kaspersky\u2018s Datenzentrum kommt nach Z\u00fcrich\",\"datePublished\":\"2018-05-16T12:23:34+00:00\",\"dateModified\":\"2023-03-14T07:56:55+00:00\",\"mainEntityOfPage\":{\"@id\":\"https:\\\/\\\/news.save.ch\\\/weg-von-russland-kasperskys-datenzentrum-kommt-nach-zuerich\\\/\"},\"wordCount\":245,\"commentCount\":0,\"publisher\":{\"@id\":\"https:\\\/\\\/news.save.ch\\\/de\\\/#organization\"},\"image\":{\"@id\":\"https:\\\/\\\/news.save.ch\\\/weg-von-russland-kasperskys-datenzentrum-kommt-nach-zuerich\\\/#primaryimage\"},\"thumbnailUrl\":\"https:\\\/\\\/news.save.ch\\\/wp-content\\\/uploads\\\/2018\\\/05\\\/Eugene_Kaspersky.jpg\",\"keywords\":[\"Datenschutz\",\"ICT-Sicherheit\",\"IT-SECURITY\"],\"articleSection\":[\"DIGITALISIERUNG\"],\"inLanguage\":\"de\"},{\"@type\":\"WebPage\",\"@id\":\"https:\\\/\\\/news.save.ch\\\/weg-von-russland-kasperskys-datenzentrum-kommt-nach-zuerich\\\/\",\"url\":\"https:\\\/\\\/news.save.ch\\\/weg-von-russland-kasperskys-datenzentrum-kommt-nach-zuerich\\\/\",\"name\":\"Weg von Russland \u2013 Kaspersky\u2018s Datenzentrum kommt nach Z\u00fcrich - Save\",\"isPartOf\":{\"@id\":\"https:\\\/\\\/news.save.ch\\\/de\\\/#website\"},\"primaryImageOfPage\":{\"@id\":\"https:\\\/\\\/news.save.ch\\\/weg-von-russland-kasperskys-datenzentrum-kommt-nach-zuerich\\\/#primaryimage\"},\"image\":{\"@id\":\"https:\\\/\\\/news.save.ch\\\/weg-von-russland-kasperskys-datenzentrum-kommt-nach-zuerich\\\/#primaryimage\"},\"thumbnailUrl\":\"https:\\\/\\\/news.save.ch\\\/wp-content\\\/uploads\\\/2018\\\/05\\\/Eugene_Kaspersky.jpg\",\"datePublished\":\"2018-05-16T12:23:34+00:00\",\"dateModified\":\"2023-03-14T07:56:55+00:00\",\"description\":\"Kaspersky Lab z\u00fcgelt seine Infrastruktur von Russland in die Schweiz: Ab Ende 2019 werden Daten europ\u00e4ischer Kunden in Z\u00fcrich gespeichert und verarbeitet.\",\"breadcrumb\":{\"@id\":\"https:\\\/\\\/news.save.ch\\\/weg-von-russland-kasperskys-datenzentrum-kommt-nach-zuerich\\\/#breadcrumb\"},\"inLanguage\":\"de\",\"potentialAction\":[{\"@type\":\"ReadAction\",\"target\":[\"https:\\\/\\\/news.save.ch\\\/weg-von-russland-kasperskys-datenzentrum-kommt-nach-zuerich\\\/\"]}]},{\"@type\":\"ImageObject\",\"inLanguage\":\"de\",\"@id\":\"https:\\\/\\\/news.save.ch\\\/weg-von-russland-kasperskys-datenzentrum-kommt-nach-zuerich\\\/#primaryimage\",\"url\":\"https:\\\/\\\/news.save.ch\\\/wp-content\\\/uploads\\\/2018\\\/05\\\/Eugene_Kaspersky.jpg\",\"contentUrl\":\"https:\\\/\\\/news.save.ch\\\/wp-content\\\/uploads\\\/2018\\\/05\\\/Eugene_Kaspersky.jpg\",\"width\":316,\"height\":474,\"caption\":\"Eugene Kaspersky, CEO von Kaspersky Lab: \u201eTransparenz ist ein solches Bed\u00fcrfnis, und deshalb haben wir uns entschieden, unsere Infrastruktur neu zu gestalten und unsere Datenverarbeitung in die Schweiz zu verlegen.\u201c\"},{\"@type\":\"BreadcrumbList\",\"@id\":\"https:\\\/\\\/news.save.ch\\\/weg-von-russland-kasperskys-datenzentrum-kommt-nach-zuerich\\\/#breadcrumb\",\"itemListElement\":[{\"@type\":\"ListItem\",\"position\":1,\"name\":\"Home\",\"item\":\"https:\\\/\\\/news.save.ch\\\/de\\\/\"},{\"@type\":\"ListItem\",\"position\":2,\"name\":\"Weg von Russland \u2013 Kaspersky\u2018s Datenzentrum kommt nach Z\u00fcrich\"}]},{\"@type\":\"WebSite\",\"@id\":\"https:\\\/\\\/news.save.ch\\\/de\\\/#website\",\"url\":\"https:\\\/\\\/news.save.ch\\\/de\\\/\",\"name\":\"Save\",\"description\":\"Schweizer Fachzeitschrift f\u00fcr Sicherheit\",\"publisher\":{\"@id\":\"https:\\\/\\\/news.save.ch\\\/de\\\/#organization\"},\"potentialAction\":[{\"@type\":\"SearchAction\",\"target\":{\"@type\":\"EntryPoint\",\"urlTemplate\":\"https:\\\/\\\/news.save.ch\\\/de\\\/?s={search_term_string}\"},\"query-input\":{\"@type\":\"PropertyValueSpecification\",\"valueRequired\":true,\"valueName\":\"search_term_string\"}}],\"inLanguage\":\"de\"},{\"@type\":\"Organization\",\"@id\":\"https:\\\/\\\/news.save.ch\\\/de\\\/#organization\",\"name\":\"Sicherheitsforum\",\"url\":\"https:\\\/\\\/news.save.ch\\\/de\\\/\",\"logo\":{\"@type\":\"ImageObject\",\"inLanguage\":\"de\",\"@id\":\"https:\\\/\\\/news.save.ch\\\/de\\\/#\\\/schema\\\/logo\\\/image\\\/\",\"url\":\"https:\\\/\\\/news.save.ch\\\/wp-content\\\/uploads\\\/2022\\\/06\\\/Logo_SF_2012.png\",\"contentUrl\":\"https:\\\/\\\/news.save.ch\\\/wp-content\\\/uploads\\\/2022\\\/06\\\/Logo_SF_2012.png\",\"width\":1100,\"height\":91,\"caption\":\"Sicherheitsforum\"},\"image\":{\"@id\":\"https:\\\/\\\/news.save.ch\\\/de\\\/#\\\/schema\\\/logo\\\/image\\\/\"}},{\"@type\":\"Person\",\"@id\":\"https:\\\/\\\/news.save.ch\\\/de\\\/#\\\/schema\\\/person\\\/d5022db048e0e2b9785c50e5b24da5aa\",\"name\":\"Roger Str\u00e4ssle\",\"image\":{\"@type\":\"ImageObject\",\"inLanguage\":\"de\",\"@id\":\"https:\\\/\\\/secure.gravatar.com\\\/avatar\\\/862a5569d087de48e5856e32f45d719a03804c891d6deb8d4f71a660e79e4a47?s=96&d=mm&r=g\",\"url\":\"https:\\\/\\\/secure.gravatar.com\\\/avatar\\\/862a5569d087de48e5856e32f45d719a03804c891d6deb8d4f71a660e79e4a47?s=96&d=mm&r=g\",\"contentUrl\":\"https:\\\/\\\/secure.gravatar.com\\\/avatar\\\/862a5569d087de48e5856e32f45d719a03804c891d6deb8d4f71a660e79e4a47?s=96&d=mm&r=g\",\"caption\":\"Roger Str\u00e4ssle\"},\"url\":\"https:\\\/\\\/news.save.ch\\\/de\\\/author\\\/roger-straessle\\\/\"}]}<\/script>\n<!-- \/ Yoast SEO plugin. -->","yoast_head_json":{"title":"Weg von Russland \u2013 Kaspersky\u2018s Datenzentrum kommt nach Z\u00fcrich - Save","description":"Kaspersky Lab z\u00fcgelt seine Infrastruktur von Russland in die Schweiz: Ab Ende 2019 werden Daten europ\u00e4ischer Kunden in Z\u00fcrich gespeichert und verarbeitet.","robots":{"index":"index","follow":"follow","max-snippet":"max-snippet:-1","max-image-preview":"max-image-preview:large","max-video-preview":"max-video-preview:-1"},"canonical":"https:\/\/news.save.ch\/de\/weg-von-russland-kasperskys-datenzentrum-kommt-nach-zuerich\/","og_locale":"de_DE","og_type":"article","og_title":"Weg von Russland \u2013 Kaspersky\u2018s Datenzentrum kommt nach Z\u00fcrich - Save","og_description":"Kaspersky Lab z\u00fcgelt seine Infrastruktur von Russland in die Schweiz: Ab Ende 2019 werden Daten europ\u00e4ischer Kunden in Z\u00fcrich gespeichert und verarbeitet.","og_url":"https:\/\/news.save.ch\/de\/weg-von-russland-kasperskys-datenzentrum-kommt-nach-zuerich\/","og_site_name":"Save","article_published_time":"2018-05-16T12:23:34+00:00","article_modified_time":"2023-03-14T07:56:55+00:00","og_image":[{"width":316,"height":474,"url":"https:\/\/news.save.ch\/wp-content\/uploads\/2018\/05\/Eugene_Kaspersky.jpg","type":"image\/jpeg"}],"author":"Roger Str\u00e4ssle","twitter_card":"summary_large_image","twitter_misc":{"Geschrieben von":"Roger Str\u00e4ssle","Gesch\u00e4tzte Lesezeit":"1\u00a0Minute"},"schema":{"@context":"https:\/\/schema.org","@graph":[{"@type":"Article","@id":"https:\/\/news.save.ch\/weg-von-russland-kasperskys-datenzentrum-kommt-nach-zuerich\/#article","isPartOf":{"@id":"https:\/\/news.save.ch\/weg-von-russland-kasperskys-datenzentrum-kommt-nach-zuerich\/"},"author":{"name":"Roger Str\u00e4ssle","@id":"https:\/\/news.save.ch\/de\/#\/schema\/person\/d5022db048e0e2b9785c50e5b24da5aa"},"headline":"Weg von Russland \u2013 Kaspersky\u2018s Datenzentrum kommt nach Z\u00fcrich","datePublished":"2018-05-16T12:23:34+00:00","dateModified":"2023-03-14T07:56:55+00:00","mainEntityOfPage":{"@id":"https:\/\/news.save.ch\/weg-von-russland-kasperskys-datenzentrum-kommt-nach-zuerich\/"},"wordCount":245,"commentCount":0,"publisher":{"@id":"https:\/\/news.save.ch\/de\/#organization"},"image":{"@id":"https:\/\/news.save.ch\/weg-von-russland-kasperskys-datenzentrum-kommt-nach-zuerich\/#primaryimage"},"thumbnailUrl":"https:\/\/news.save.ch\/wp-content\/uploads\/2018\/05\/Eugene_Kaspersky.jpg","keywords":["Datenschutz","ICT-Sicherheit","IT-SECURITY"],"articleSection":["DIGITALISIERUNG"],"inLanguage":"de"},{"@type":"WebPage","@id":"https:\/\/news.save.ch\/weg-von-russland-kasperskys-datenzentrum-kommt-nach-zuerich\/","url":"https:\/\/news.save.ch\/weg-von-russland-kasperskys-datenzentrum-kommt-nach-zuerich\/","name":"Weg von Russland \u2013 Kaspersky\u2018s Datenzentrum kommt nach Z\u00fcrich - Save","isPartOf":{"@id":"https:\/\/news.save.ch\/de\/#website"},"primaryImageOfPage":{"@id":"https:\/\/news.save.ch\/weg-von-russland-kasperskys-datenzentrum-kommt-nach-zuerich\/#primaryimage"},"image":{"@id":"https:\/\/news.save.ch\/weg-von-russland-kasperskys-datenzentrum-kommt-nach-zuerich\/#primaryimage"},"thumbnailUrl":"https:\/\/news.save.ch\/wp-content\/uploads\/2018\/05\/Eugene_Kaspersky.jpg","datePublished":"2018-05-16T12:23:34+00:00","dateModified":"2023-03-14T07:56:55+00:00","description":"Kaspersky Lab z\u00fcgelt seine Infrastruktur von Russland in die Schweiz: Ab Ende 2019 werden Daten europ\u00e4ischer Kunden in Z\u00fcrich gespeichert und verarbeitet.","breadcrumb":{"@id":"https:\/\/news.save.ch\/weg-von-russland-kasperskys-datenzentrum-kommt-nach-zuerich\/#breadcrumb"},"inLanguage":"de","potentialAction":[{"@type":"ReadAction","target":["https:\/\/news.save.ch\/weg-von-russland-kasperskys-datenzentrum-kommt-nach-zuerich\/"]}]},{"@type":"ImageObject","inLanguage":"de","@id":"https:\/\/news.save.ch\/weg-von-russland-kasperskys-datenzentrum-kommt-nach-zuerich\/#primaryimage","url":"https:\/\/news.save.ch\/wp-content\/uploads\/2018\/05\/Eugene_Kaspersky.jpg","contentUrl":"https:\/\/news.save.ch\/wp-content\/uploads\/2018\/05\/Eugene_Kaspersky.jpg","width":316,"height":474,"caption":"Eugene Kaspersky, CEO von Kaspersky Lab: \u201eTransparenz ist ein solches Bed\u00fcrfnis, und deshalb haben wir uns entschieden, unsere Infrastruktur neu zu gestalten und unsere Datenverarbeitung in die Schweiz zu verlegen.\u201c"},{"@type":"BreadcrumbList","@id":"https:\/\/news.save.ch\/weg-von-russland-kasperskys-datenzentrum-kommt-nach-zuerich\/#breadcrumb","itemListElement":[{"@type":"ListItem","position":1,"name":"Home","item":"https:\/\/news.save.ch\/de\/"},{"@type":"ListItem","position":2,"name":"Weg von Russland \u2013 Kaspersky\u2018s Datenzentrum kommt nach Z\u00fcrich"}]},{"@type":"WebSite","@id":"https:\/\/news.save.ch\/de\/#website","url":"https:\/\/news.save.ch\/de\/","name":"Save","description":"Schweizer Fachzeitschrift f\u00fcr Sicherheit","publisher":{"@id":"https:\/\/news.save.ch\/de\/#organization"},"potentialAction":[{"@type":"SearchAction","target":{"@type":"EntryPoint","urlTemplate":"https:\/\/news.save.ch\/de\/?s={search_term_string}"},"query-input":{"@type":"PropertyValueSpecification","valueRequired":true,"valueName":"search_term_string"}}],"inLanguage":"de"},{"@type":"Organization","@id":"https:\/\/news.save.ch\/de\/#organization","name":"Sicherheitsforum","url":"https:\/\/news.save.ch\/de\/","logo":{"@type":"ImageObject","inLanguage":"de","@id":"https:\/\/news.save.ch\/de\/#\/schema\/logo\/image\/","url":"https:\/\/news.save.ch\/wp-content\/uploads\/2022\/06\/Logo_SF_2012.png","contentUrl":"https:\/\/news.save.ch\/wp-content\/uploads\/2022\/06\/Logo_SF_2012.png","width":1100,"height":91,"caption":"Sicherheitsforum"},"image":{"@id":"https:\/\/news.save.ch\/de\/#\/schema\/logo\/image\/"}},{"@type":"Person","@id":"https:\/\/news.save.ch\/de\/#\/schema\/person\/d5022db048e0e2b9785c50e5b24da5aa","name":"Roger Str\u00e4ssle","image":{"@type":"ImageObject","inLanguage":"de","@id":"https:\/\/secure.gravatar.com\/avatar\/862a5569d087de48e5856e32f45d719a03804c891d6deb8d4f71a660e79e4a47?s=96&d=mm&r=g","url":"https:\/\/secure.gravatar.com\/avatar\/862a5569d087de48e5856e32f45d719a03804c891d6deb8d4f71a660e79e4a47?s=96&d=mm&r=g","contentUrl":"https:\/\/secure.gravatar.com\/avatar\/862a5569d087de48e5856e32f45d719a03804c891d6deb8d4f71a660e79e4a47?s=96&d=mm&r=g","caption":"Roger Str\u00e4ssle"},"url":"https:\/\/news.save.ch\/de\/author\/roger-straessle\/"}]}},"_links":{"self":[{"href":"https:\/\/news.save.ch\/de\/wp-json\/wp\/v2\/posts\/6393","targetHints":{"allow":["GET"]}}],"collection":[{"href":"https:\/\/news.save.ch\/de\/wp-json\/wp\/v2\/posts"}],"about":[{"href":"https:\/\/news.save.ch\/de\/wp-json\/wp\/v2\/types\/post"}],"author":[{"embeddable":true,"href":"https:\/\/news.save.ch\/de\/wp-json\/wp\/v2\/users\/8"}],"replies":[{"embeddable":true,"href":"https:\/\/news.save.ch\/de\/wp-json\/wp\/v2\/comments?post=6393"}],"version-history":[{"count":1,"href":"https:\/\/news.save.ch\/de\/wp-json\/wp\/v2\/posts\/6393\/revisions"}],"predecessor-version":[{"id":17450,"href":"https:\/\/news.save.ch\/de\/wp-json\/wp\/v2\/posts\/6393\/revisions\/17450"}],"wp:featuredmedia":[{"embeddable":true,"href":"https:\/\/news.save.ch\/de\/wp-json\/wp\/v2\/media\/6394"}],"wp:attachment":[{"href":"https:\/\/news.save.ch\/de\/wp-json\/wp\/v2\/media?parent=6393"}],"wp:term":[{"taxonomy":"category","embeddable":true,"href":"https:\/\/news.save.ch\/de\/wp-json\/wp\/v2\/categories?post=6393"},{"taxonomy":"post_tag","embeddable":true,"href":"https:\/\/news.save.ch\/de\/wp-json\/wp\/v2\/tags?post=6393"}],"curies":[{"name":"wp","href":"https:\/\/api.w.org\/{rel}","templated":true}]}}