{"id":640,"date":"2015-09-25T09:22:03","date_gmt":"2015-09-25T07:22:03","guid":{"rendered":"https:\/\/dev.sicherheitsforum.ch\/?p=640"},"modified":"2023-03-14T08:57:33","modified_gmt":"2023-03-14T07:57:33","slug":"neues-unternehmen-und-strategische-partnerschaft","status":null,"type":"post","link":"https:\/\/news.save.ch\/de\/neues-unternehmen-und-strategische-partnerschaft\/","title":{"rendered":"Neues Unternehmen und strategische Partnerschaft"},"content":{"rendered":"<p><img loading=\"lazy\" decoding=\"async\" class=\"alignnone wp-image-641 size-medium\" src=\"https:\/\/news.save.ch\/wp-content\/uploads\/2016\/12\/Neues-Unternehmen-und-strategische-Partnerschaft-it-security.jpg\" alt=\"neues-unternehmen-und-strategische-partnerschaft-it-security\" width=\"680\" height=\"494\" \/><\/p>\n<p>Guido Honegger von der <a href=\"https:\/\/www.tracker.com\" target=\"_blank\" data-cke-saved-href=\"https:\/\/www.tracker.com\" rel=\"noopener\">tracker.com<\/a> AG und Matthias Oswald von der <a href=\"https:\/\/www.iway.ch\" target=\"_blank\" data-cke-saved-href=\"https:\/\/www.iway.ch\" rel=\"noopener\">iWay<\/a> AG gr\u00fcnden ein neues Unternehmen mit dem Namen smartinfo AG. Gleichzeitig geht man eine strategische Partnerschaft mit der <a href=\"https:\/\/www.sec101.ch\" target=\"_blank\" data-cke-saved-href=\"https:\/\/www.sec101.ch\" rel=\"noopener\">SEC 1.01<\/a> AG ein, wie die Initianten schreiben. Die beiden Partner w\u00fcrden \u00fcber das neue Unternehmen und unter dem Brand &#8222;smartinfo&#8220; L\u00f6sungen im Umgang mit Big Data anbieten. Das Augenmerk liege dabei auf einer gewinnbringenden Nutzung von 100% der durch das Internet verf\u00fcgbaren Daten. Dem Nutzer st\u00fcnden dabei umfangreiche Quellen der Bundesverwaltung, News-Seiten, Nachrichtensendungen (Video und Audio) sowie Firmen- und Branchen-spezifische Informationen zur Nutzung zur Verf\u00fcgung.<\/p>\n<p>Smartinfo nutzt laut Angaben \u00fcber 400 Quellen \u00fcber sogenannte Konnektoren: Von Social Media \u00fcber E-Mail, Fileshares- und Sharepoint-Dateien, ODBC und mehr und unterst\u00fctze \u00fcber 1000 Dateiformate sowie 140 Sprachen. &#8222;Meaning Based Search&#8220; k\u00f6nne beispielsweise negative Berichterstattung in den sozialen Medien schon im Ansatz erkennen und helfe Unternehmen, Reputationssch\u00e4den zu verhindern. \u00dcber Mapped Security werde die Integrit\u00e4t und Sicherheit der Daten sichergestellt.<\/p>\n","protected":false},"excerpt":{"rendered":"<p>Guido Honegger von der tracker.com AG und Matthias Oswald von der iWay AG gr\u00fcnden ein neues Unternehmen mit dem Namen smartinfo AG. Gleichzeitig geht man eine strategische Partnerschaft mit der SEC 1.01 AG ein, wie die Initianten schreiben. Die beiden Partner w\u00fcrden \u00fcber das neue Unternehmen und unter dem Brand &#8222;smartinfo&#8220; L\u00f6sungen im Umgang mit [&hellip;]<\/p>\n","protected":false},"author":1,"featured_media":641,"comment_status":"open","ping_status":"open","sticky":false,"template":"","format":"standard","meta":{"_acf_changed":false,"pgc_sgb_lightbox_settings":"","footnotes":""},"categories":[3313],"tags":[63,65],"class_list":["post-640","post","type-post","status-publish","format-standard","has-post-thumbnail","hentry","category-digitalisierung","tag-it-security","tag-unternehmen"],"acf":[],"hkrextid":null,"publication":null,"issue":null,"workflow":null,"startPage":null,"spitzmarke":null,"_posts_by_tag_page_fields":{"widget_title":"","widget_tags":""},"_at_widget":"1","_yoast_wpseo_primary_category":"2","_yoast_wpseo_focuskw_text_input":"Unternehmen","_yoast_wpseo_opengraph-image":"https:\/\/news.save.ch\/wp-content\/uploads\/2016\/12\/Neues-Unternehmen-und-strategische-Partnerschaft-it-security.jpg","_yoast_wpseo_opengraph-description":"Das neu gegr\u00fcndete Unternehmen smartinfo AG geht eine strategische Partnerschaft mit SEC 1.01 AG ein und will L\u00f6sungen bieten, um grossen Datenmengen effizient zu managen. Selbst eine negative Berichterstattung in den sozialen Medien \u00fcber eine Firma will der Anbieter schon im Ansatz erkennen.","_yoast_wpseo_opengraph-title":"Neues Unternehmen und strategische Partnerschaft","enclosure":null,"_yoast_wpseo_twitter-title":null,"_yoast_wpseo_twitter-description":null,"_yoast_wpseo_twitter-image":null,"_wp_old_slug":null,"_yoast_wpseo_title":null,"_yoast_wpseo_canonical":null,"yoast_head":"<!-- This site is optimized with the Yoast SEO plugin v27.5 - https:\/\/yoast.com\/product\/yoast-seo-wordpress\/ -->\n<title>Neues Unternehmen und strategische Partnerschaft - Save<\/title>\n<meta name=\"description\" content=\"Das neu gegr\u00fcndete Unternehmen smartinfo AG geht eine strategische Partnerschaft mit SEC 1.01 AG ein.\" \/>\n<meta name=\"robots\" content=\"index, follow, max-snippet:-1, max-image-preview:large, max-video-preview:-1\" \/>\n<link rel=\"canonical\" href=\"https:\/\/news.save.ch\/de\/neues-unternehmen-und-strategische-partnerschaft\/\" \/>\n<meta property=\"og:locale\" content=\"de_DE\" \/>\n<meta property=\"og:type\" content=\"article\" \/>\n<meta property=\"og:title\" content=\"Neues Unternehmen und strategische Partnerschaft\" \/>\n<meta property=\"og:description\" content=\"Das neu gegr\u00fcndete Unternehmen smartinfo AG geht eine strategische Partnerschaft mit SEC 1.01 AG ein und will L\u00f6sungen bieten, um grossen Datenmengen effizient zu managen. Selbst eine negative Berichterstattung in den sozialen Medien \u00fcber eine Firma will der Anbieter schon im Ansatz erkennen.\" \/>\n<meta property=\"og:url\" content=\"https:\/\/news.save.ch\/de\/neues-unternehmen-und-strategische-partnerschaft\/\" \/>\n<meta property=\"og:site_name\" content=\"Save\" \/>\n<meta property=\"article:published_time\" content=\"2015-09-25T07:22:03+00:00\" \/>\n<meta property=\"article:modified_time\" content=\"2023-03-14T07:57:33+00:00\" \/>\n<meta property=\"og:image\" content=\"https:\/\/news.save.ch\/wp-content\/uploads\/2016\/12\/Neues-Unternehmen-und-strategische-Partnerschaft-it-security.jpg\" \/>\n<meta name=\"author\" content=\"admin\" \/>\n<meta name=\"twitter:card\" content=\"summary_large_image\" \/>\n<meta name=\"twitter:label1\" content=\"Geschrieben von\" \/>\n\t<meta name=\"twitter:data1\" content=\"admin\" \/>\n\t<meta name=\"twitter:label2\" content=\"Gesch\u00e4tzte Lesezeit\" \/>\n\t<meta name=\"twitter:data2\" content=\"1\u00a0Minute\" \/>\n<script type=\"application\/ld+json\" class=\"yoast-schema-graph\">{\"@context\":\"https:\\\/\\\/schema.org\",\"@graph\":[{\"@type\":\"Article\",\"@id\":\"https:\\\/\\\/news.save.ch\\\/neues-unternehmen-und-strategische-partnerschaft\\\/#article\",\"isPartOf\":{\"@id\":\"https:\\\/\\\/news.save.ch\\\/neues-unternehmen-und-strategische-partnerschaft\\\/\"},\"author\":{\"name\":\"admin\",\"@id\":\"https:\\\/\\\/news.save.ch\\\/de\\\/#\\\/schema\\\/person\\\/d49e199490bad7c70d64b9ab51142f2b\"},\"headline\":\"Neues Unternehmen und strategische Partnerschaft\",\"datePublished\":\"2015-09-25T07:22:03+00:00\",\"dateModified\":\"2023-03-14T07:57:33+00:00\",\"mainEntityOfPage\":{\"@id\":\"https:\\\/\\\/news.save.ch\\\/neues-unternehmen-und-strategische-partnerschaft\\\/\"},\"wordCount\":168,\"commentCount\":0,\"publisher\":{\"@id\":\"https:\\\/\\\/news.save.ch\\\/de\\\/#organization\"},\"image\":{\"@id\":\"https:\\\/\\\/news.save.ch\\\/neues-unternehmen-und-strategische-partnerschaft\\\/#primaryimage\"},\"thumbnailUrl\":\"https:\\\/\\\/news.save.ch\\\/wp-content\\\/uploads\\\/2016\\\/12\\\/Neues-Unternehmen-und-strategische-Partnerschaft-it-security-scaled.jpg\",\"keywords\":[\"IT-SECURITY\",\"Unternehmen\"],\"articleSection\":[\"DIGITALISIERUNG\"],\"inLanguage\":\"de\"},{\"@type\":\"WebPage\",\"@id\":\"https:\\\/\\\/news.save.ch\\\/neues-unternehmen-und-strategische-partnerschaft\\\/\",\"url\":\"https:\\\/\\\/news.save.ch\\\/neues-unternehmen-und-strategische-partnerschaft\\\/\",\"name\":\"Neues Unternehmen und strategische Partnerschaft - Save\",\"isPartOf\":{\"@id\":\"https:\\\/\\\/news.save.ch\\\/de\\\/#website\"},\"primaryImageOfPage\":{\"@id\":\"https:\\\/\\\/news.save.ch\\\/neues-unternehmen-und-strategische-partnerschaft\\\/#primaryimage\"},\"image\":{\"@id\":\"https:\\\/\\\/news.save.ch\\\/neues-unternehmen-und-strategische-partnerschaft\\\/#primaryimage\"},\"thumbnailUrl\":\"https:\\\/\\\/news.save.ch\\\/wp-content\\\/uploads\\\/2016\\\/12\\\/Neues-Unternehmen-und-strategische-Partnerschaft-it-security-scaled.jpg\",\"datePublished\":\"2015-09-25T07:22:03+00:00\",\"dateModified\":\"2023-03-14T07:57:33+00:00\",\"description\":\"Das neu gegr\u00fcndete Unternehmen smartinfo AG geht eine strategische Partnerschaft mit SEC 1.01 AG ein.\",\"breadcrumb\":{\"@id\":\"https:\\\/\\\/news.save.ch\\\/neues-unternehmen-und-strategische-partnerschaft\\\/#breadcrumb\"},\"inLanguage\":\"de\",\"potentialAction\":[{\"@type\":\"ReadAction\",\"target\":[\"https:\\\/\\\/news.save.ch\\\/neues-unternehmen-und-strategische-partnerschaft\\\/\"]}]},{\"@type\":\"ImageObject\",\"inLanguage\":\"de\",\"@id\":\"https:\\\/\\\/news.save.ch\\\/neues-unternehmen-und-strategische-partnerschaft\\\/#primaryimage\",\"url\":\"https:\\\/\\\/news.save.ch\\\/wp-content\\\/uploads\\\/2016\\\/12\\\/Neues-Unternehmen-und-strategische-Partnerschaft-it-security-scaled.jpg\",\"contentUrl\":\"https:\\\/\\\/news.save.ch\\\/wp-content\\\/uploads\\\/2016\\\/12\\\/Neues-Unternehmen-und-strategische-Partnerschaft-it-security-scaled.jpg\",\"width\":1400,\"height\":1016},{\"@type\":\"BreadcrumbList\",\"@id\":\"https:\\\/\\\/news.save.ch\\\/neues-unternehmen-und-strategische-partnerschaft\\\/#breadcrumb\",\"itemListElement\":[{\"@type\":\"ListItem\",\"position\":1,\"name\":\"Home\",\"item\":\"https:\\\/\\\/news.save.ch\\\/de\\\/\"},{\"@type\":\"ListItem\",\"position\":2,\"name\":\"Neues Unternehmen und strategische Partnerschaft\"}]},{\"@type\":\"WebSite\",\"@id\":\"https:\\\/\\\/news.save.ch\\\/de\\\/#website\",\"url\":\"https:\\\/\\\/news.save.ch\\\/de\\\/\",\"name\":\"Save\",\"description\":\"Schweizer Fachzeitschrift f\u00fcr Sicherheit\",\"publisher\":{\"@id\":\"https:\\\/\\\/news.save.ch\\\/de\\\/#organization\"},\"potentialAction\":[{\"@type\":\"SearchAction\",\"target\":{\"@type\":\"EntryPoint\",\"urlTemplate\":\"https:\\\/\\\/news.save.ch\\\/de\\\/?s={search_term_string}\"},\"query-input\":{\"@type\":\"PropertyValueSpecification\",\"valueRequired\":true,\"valueName\":\"search_term_string\"}}],\"inLanguage\":\"de\"},{\"@type\":\"Organization\",\"@id\":\"https:\\\/\\\/news.save.ch\\\/de\\\/#organization\",\"name\":\"Sicherheitsforum\",\"url\":\"https:\\\/\\\/news.save.ch\\\/de\\\/\",\"logo\":{\"@type\":\"ImageObject\",\"inLanguage\":\"de\",\"@id\":\"https:\\\/\\\/news.save.ch\\\/de\\\/#\\\/schema\\\/logo\\\/image\\\/\",\"url\":\"https:\\\/\\\/news.save.ch\\\/wp-content\\\/uploads\\\/2022\\\/06\\\/Logo_SF_2012.png\",\"contentUrl\":\"https:\\\/\\\/news.save.ch\\\/wp-content\\\/uploads\\\/2022\\\/06\\\/Logo_SF_2012.png\",\"width\":1100,\"height\":91,\"caption\":\"Sicherheitsforum\"},\"image\":{\"@id\":\"https:\\\/\\\/news.save.ch\\\/de\\\/#\\\/schema\\\/logo\\\/image\\\/\"}},{\"@type\":\"Person\",\"@id\":\"https:\\\/\\\/news.save.ch\\\/de\\\/#\\\/schema\\\/person\\\/d49e199490bad7c70d64b9ab51142f2b\",\"name\":\"admin\",\"image\":{\"@type\":\"ImageObject\",\"inLanguage\":\"de\",\"@id\":\"https:\\\/\\\/secure.gravatar.com\\\/avatar\\\/ae2f4d718e6c49043e314ce431e7e645d646302a24a5ef5a8bc8e3f5a032e319?s=96&d=mm&r=g\",\"url\":\"https:\\\/\\\/secure.gravatar.com\\\/avatar\\\/ae2f4d718e6c49043e314ce431e7e645d646302a24a5ef5a8bc8e3f5a032e319?s=96&d=mm&r=g\",\"contentUrl\":\"https:\\\/\\\/secure.gravatar.com\\\/avatar\\\/ae2f4d718e6c49043e314ce431e7e645d646302a24a5ef5a8bc8e3f5a032e319?s=96&d=mm&r=g\",\"caption\":\"admin\"},\"sameAs\":[\"https:\\\/\\\/develop.organisator.galledia.ch\"],\"url\":\"https:\\\/\\\/news.save.ch\\\/de\\\/author\\\/admin\\\/\"}]}<\/script>\n<!-- \/ Yoast SEO plugin. -->","yoast_head_json":{"title":"Neues Unternehmen und strategische Partnerschaft - Save","description":"Das neu gegr\u00fcndete Unternehmen smartinfo AG geht eine strategische Partnerschaft mit SEC 1.01 AG ein.","robots":{"index":"index","follow":"follow","max-snippet":"max-snippet:-1","max-image-preview":"max-image-preview:large","max-video-preview":"max-video-preview:-1"},"canonical":"https:\/\/news.save.ch\/de\/neues-unternehmen-und-strategische-partnerschaft\/","og_locale":"de_DE","og_type":"article","og_title":"Neues Unternehmen und strategische Partnerschaft","og_description":"Das neu gegr\u00fcndete Unternehmen smartinfo AG geht eine strategische Partnerschaft mit SEC 1.01 AG ein und will L\u00f6sungen bieten, um grossen Datenmengen effizient zu managen. Selbst eine negative Berichterstattung in den sozialen Medien \u00fcber eine Firma will der Anbieter schon im Ansatz erkennen.","og_url":"https:\/\/news.save.ch\/de\/neues-unternehmen-und-strategische-partnerschaft\/","og_site_name":"Save","article_published_time":"2015-09-25T07:22:03+00:00","article_modified_time":"2023-03-14T07:57:33+00:00","og_image":[{"url":"https:\/\/news.save.ch\/wp-content\/uploads\/2016\/12\/Neues-Unternehmen-und-strategische-Partnerschaft-it-security.jpg","type":"","width":"","height":""}],"author":"admin","twitter_card":"summary_large_image","twitter_misc":{"Geschrieben von":"admin","Gesch\u00e4tzte Lesezeit":"1\u00a0Minute"},"schema":{"@context":"https:\/\/schema.org","@graph":[{"@type":"Article","@id":"https:\/\/news.save.ch\/neues-unternehmen-und-strategische-partnerschaft\/#article","isPartOf":{"@id":"https:\/\/news.save.ch\/neues-unternehmen-und-strategische-partnerschaft\/"},"author":{"name":"admin","@id":"https:\/\/news.save.ch\/de\/#\/schema\/person\/d49e199490bad7c70d64b9ab51142f2b"},"headline":"Neues Unternehmen und strategische Partnerschaft","datePublished":"2015-09-25T07:22:03+00:00","dateModified":"2023-03-14T07:57:33+00:00","mainEntityOfPage":{"@id":"https:\/\/news.save.ch\/neues-unternehmen-und-strategische-partnerschaft\/"},"wordCount":168,"commentCount":0,"publisher":{"@id":"https:\/\/news.save.ch\/de\/#organization"},"image":{"@id":"https:\/\/news.save.ch\/neues-unternehmen-und-strategische-partnerschaft\/#primaryimage"},"thumbnailUrl":"https:\/\/news.save.ch\/wp-content\/uploads\/2016\/12\/Neues-Unternehmen-und-strategische-Partnerschaft-it-security-scaled.jpg","keywords":["IT-SECURITY","Unternehmen"],"articleSection":["DIGITALISIERUNG"],"inLanguage":"de"},{"@type":"WebPage","@id":"https:\/\/news.save.ch\/neues-unternehmen-und-strategische-partnerschaft\/","url":"https:\/\/news.save.ch\/neues-unternehmen-und-strategische-partnerschaft\/","name":"Neues Unternehmen und strategische Partnerschaft - Save","isPartOf":{"@id":"https:\/\/news.save.ch\/de\/#website"},"primaryImageOfPage":{"@id":"https:\/\/news.save.ch\/neues-unternehmen-und-strategische-partnerschaft\/#primaryimage"},"image":{"@id":"https:\/\/news.save.ch\/neues-unternehmen-und-strategische-partnerschaft\/#primaryimage"},"thumbnailUrl":"https:\/\/news.save.ch\/wp-content\/uploads\/2016\/12\/Neues-Unternehmen-und-strategische-Partnerschaft-it-security-scaled.jpg","datePublished":"2015-09-25T07:22:03+00:00","dateModified":"2023-03-14T07:57:33+00:00","description":"Das neu gegr\u00fcndete Unternehmen smartinfo AG geht eine strategische Partnerschaft mit SEC 1.01 AG ein.","breadcrumb":{"@id":"https:\/\/news.save.ch\/neues-unternehmen-und-strategische-partnerschaft\/#breadcrumb"},"inLanguage":"de","potentialAction":[{"@type":"ReadAction","target":["https:\/\/news.save.ch\/neues-unternehmen-und-strategische-partnerschaft\/"]}]},{"@type":"ImageObject","inLanguage":"de","@id":"https:\/\/news.save.ch\/neues-unternehmen-und-strategische-partnerschaft\/#primaryimage","url":"https:\/\/news.save.ch\/wp-content\/uploads\/2016\/12\/Neues-Unternehmen-und-strategische-Partnerschaft-it-security-scaled.jpg","contentUrl":"https:\/\/news.save.ch\/wp-content\/uploads\/2016\/12\/Neues-Unternehmen-und-strategische-Partnerschaft-it-security-scaled.jpg","width":1400,"height":1016},{"@type":"BreadcrumbList","@id":"https:\/\/news.save.ch\/neues-unternehmen-und-strategische-partnerschaft\/#breadcrumb","itemListElement":[{"@type":"ListItem","position":1,"name":"Home","item":"https:\/\/news.save.ch\/de\/"},{"@type":"ListItem","position":2,"name":"Neues Unternehmen und strategische Partnerschaft"}]},{"@type":"WebSite","@id":"https:\/\/news.save.ch\/de\/#website","url":"https:\/\/news.save.ch\/de\/","name":"Save","description":"Schweizer Fachzeitschrift f\u00fcr Sicherheit","publisher":{"@id":"https:\/\/news.save.ch\/de\/#organization"},"potentialAction":[{"@type":"SearchAction","target":{"@type":"EntryPoint","urlTemplate":"https:\/\/news.save.ch\/de\/?s={search_term_string}"},"query-input":{"@type":"PropertyValueSpecification","valueRequired":true,"valueName":"search_term_string"}}],"inLanguage":"de"},{"@type":"Organization","@id":"https:\/\/news.save.ch\/de\/#organization","name":"Sicherheitsforum","url":"https:\/\/news.save.ch\/de\/","logo":{"@type":"ImageObject","inLanguage":"de","@id":"https:\/\/news.save.ch\/de\/#\/schema\/logo\/image\/","url":"https:\/\/news.save.ch\/wp-content\/uploads\/2022\/06\/Logo_SF_2012.png","contentUrl":"https:\/\/news.save.ch\/wp-content\/uploads\/2022\/06\/Logo_SF_2012.png","width":1100,"height":91,"caption":"Sicherheitsforum"},"image":{"@id":"https:\/\/news.save.ch\/de\/#\/schema\/logo\/image\/"}},{"@type":"Person","@id":"https:\/\/news.save.ch\/de\/#\/schema\/person\/d49e199490bad7c70d64b9ab51142f2b","name":"admin","image":{"@type":"ImageObject","inLanguage":"de","@id":"https:\/\/secure.gravatar.com\/avatar\/ae2f4d718e6c49043e314ce431e7e645d646302a24a5ef5a8bc8e3f5a032e319?s=96&d=mm&r=g","url":"https:\/\/secure.gravatar.com\/avatar\/ae2f4d718e6c49043e314ce431e7e645d646302a24a5ef5a8bc8e3f5a032e319?s=96&d=mm&r=g","contentUrl":"https:\/\/secure.gravatar.com\/avatar\/ae2f4d718e6c49043e314ce431e7e645d646302a24a5ef5a8bc8e3f5a032e319?s=96&d=mm&r=g","caption":"admin"},"sameAs":["https:\/\/develop.organisator.galledia.ch"],"url":"https:\/\/news.save.ch\/de\/author\/admin\/"}]}},"_links":{"self":[{"href":"https:\/\/news.save.ch\/de\/wp-json\/wp\/v2\/posts\/640","targetHints":{"allow":["GET"]}}],"collection":[{"href":"https:\/\/news.save.ch\/de\/wp-json\/wp\/v2\/posts"}],"about":[{"href":"https:\/\/news.save.ch\/de\/wp-json\/wp\/v2\/types\/post"}],"author":[{"embeddable":true,"href":"https:\/\/news.save.ch\/de\/wp-json\/wp\/v2\/users\/1"}],"replies":[{"embeddable":true,"href":"https:\/\/news.save.ch\/de\/wp-json\/wp\/v2\/comments?post=640"}],"version-history":[{"count":1,"href":"https:\/\/news.save.ch\/de\/wp-json\/wp\/v2\/posts\/640\/revisions"}],"predecessor-version":[{"id":17728,"href":"https:\/\/news.save.ch\/de\/wp-json\/wp\/v2\/posts\/640\/revisions\/17728"}],"wp:featuredmedia":[{"embeddable":true,"href":"https:\/\/news.save.ch\/de\/wp-json\/wp\/v2\/media\/641"}],"wp:attachment":[{"href":"https:\/\/news.save.ch\/de\/wp-json\/wp\/v2\/media?parent=640"}],"wp:term":[{"taxonomy":"category","embeddable":true,"href":"https:\/\/news.save.ch\/de\/wp-json\/wp\/v2\/categories?post=640"},{"taxonomy":"post_tag","embeddable":true,"href":"https:\/\/news.save.ch\/de\/wp-json\/wp\/v2\/tags?post=640"}],"curies":[{"name":"wp","href":"https:\/\/api.w.org\/{rel}","templated":true}]}}