{"id":6476,"date":"2018-06-05T11:02:01","date_gmt":"2018-06-05T09:02:01","guid":{"rendered":"https:\/\/news.save.ch\/?p=6476"},"modified":"2018-06-05T11:02:01","modified_gmt":"2018-06-05T09:02:01","slug":"versorgungssicherheit-2025-gewaehrleistet","status":null,"type":"post","link":"https:\/\/news.save.ch\/de\/versorgungssicherheit-2025-gewaehrleistet\/","title":{"rendered":"Versorgungssicherheit 2025 gew\u00e4hrleistet"},"content":{"rendered":"<figure id=\"attachment_6477\" aria-describedby=\"caption-attachment-6477\" style=\"width: 680px\" class=\"wp-caption aligncenter\"><img loading=\"lazy\" decoding=\"async\" class=\"wp-image-6477 size-medium\" src=\"https:\/\/news.save.ch\/wp-content\/uploads\/2018\/06\/Depositphotos_33572491_m-2015.jpg\" alt=\"Versorgungssicherheit\" width=\"680\" height=\"454\" srcset=\"https:\/\/news.save.ch\/wp-content\/uploads\/2018\/06\/Depositphotos_33572491_m-2015.jpg 1000w, https:\/\/news.save.ch\/wp-content\/uploads\/2018\/06\/Depositphotos_33572491_m-2015-375x250.jpg 375w\" sizes=\"auto, (max-width: 680px) 100vw, 680px\" \/><figcaption id=\"caption-attachment-6477\" class=\"wp-caption-text\">\u00a9 depositphotos, Boarding<\/figcaption><\/figure>\n<p>&nbsp;<\/p>\n<p>Aufgrund der Resultate ihrer aktuellsten Studie zur Systemad\u00e4quanz 2025 \u2013 zur Versorgungsicherheit \u2013 kommt die ElCom zum Schluss, dass sie aktuell dem Bundesrat keine Massnahmen nach Artikel 9 des Stromversorgungsgesetzes vorschlagen muss. F\u00fcr ein wahrscheinliches Szenario f\u00fcr das Jahr 2025 sei die Versorgung in der Schweiz gew\u00e4hrleistet. Dies auch unter Ber\u00fccksichtigung von einzelnen Stressoren.<\/p>\n<p><strong>Vorbereitende und entlastende Massnahmen dienlich<\/strong><\/p>\n<p>Gem\u00e4ss den Berechnungen wird die Situation deutlich angespannter in Stressszenarien. Beispielsweise, wenn der franz\u00f6sische Kraftwerkspark nur eingeschr\u00e4nkt verf\u00fcgbar sei und zus\u00e4tzlich die beiden grossen AKW Leibstadt und G\u00f6sgen ausser Betrieb seien. Obwohl die Eintrittswahrscheinlichkeit f\u00fcr dieses Szenario gering ist, empfiehlt die ElCom vorbereitende Massnahmen f\u00fcr einen solchen Fall zu treffen. Insbesondere vor dem Hintergrund, dass ein Stressszenario kurzfristig eintreten k\u00f6nne. Eine solche vorbereitende Massnahme k\u00f6nnte beispielsweise eine strategische Reserve sein, wie die ElCom schreibt.<\/p>\n<p>Unter der Annahme, dass die Versorgungssicherheit im Winterhalbjahr in Zukunft auf zunehmenden Import abgest\u00fctzt werde, nehme die Wahrscheinlichkeit zu, dass Notmassnahmen zu ergreifen seien. Aus diesem Grund regt die ElCom an, dass auch in Zukunft im Winter ein substanzieller Teil der Energie in der Schweiz produziert wird.<\/p>\n<p>Neben dem Bericht zur Systemad\u00e4quanz 2025 pr\u00e4sentierte die ElCom an ihrer Jahresmedienkonferenz auch ihren T\u00e4tigkeitsbericht sowie den Versorgungssicherheitsbericht und den Bericht zur Versorgungsqualit\u00e4t. S\u00e4mtliche Berichte sind auf der Webseite der <a href=\"https:\/\/www.elcom.admin.ch\">ElCom<\/a>\u00a0einsehbar.<\/p>\n","protected":false},"excerpt":{"rendered":"<p>&nbsp; Aufgrund der Resultate ihrer aktuellsten Studie zur Systemad\u00e4quanz 2025 \u2013 zur Versorgungsicherheit \u2013 kommt die ElCom zum Schluss, dass sie aktuell dem Bundesrat keine Massnahmen nach Artikel 9 des Stromversorgungsgesetzes vorschlagen muss. F\u00fcr ein wahrscheinliches Szenario f\u00fcr das Jahr 2025 sei die Versorgung in der Schweiz gew\u00e4hrleistet. Dies auch unter Ber\u00fccksichtigung von einzelnen Stressoren. [&hellip;]<\/p>\n","protected":false},"author":8,"featured_media":6477,"comment_status":"open","ping_status":"open","sticky":false,"template":"","format":"standard","meta":{"_acf_changed":false,"pgc_sgb_lightbox_settings":"","footnotes":""},"categories":[1],"tags":[387,64],"class_list":["post-6476","post","type-post","status-publish","format-standard","has-post-thumbnail","hentry","category-allgemein","tag-stromversorgung","tag-studie"],"acf":[],"hkrextid":null,"publication":null,"issue":null,"workflow":null,"startPage":null,"spitzmarke":null,"_posts_by_tag_page_fields":{"widget_title":"","widget_tags":""},"_at_widget":"1","_yoast_wpseo_primary_category":"1","_yoast_wpseo_focuskw_text_input":"Versorgungssicherheit","_yoast_wpseo_opengraph-image":null,"_yoast_wpseo_opengraph-description":null,"_yoast_wpseo_opengraph-title":null,"enclosure":null,"_yoast_wpseo_twitter-title":null,"_yoast_wpseo_twitter-description":null,"_yoast_wpseo_twitter-image":null,"_wp_old_slug":null,"_yoast_wpseo_title":null,"_yoast_wpseo_canonical":null,"yoast_head":"<!-- This site is optimized with the Yoast SEO plugin v27.5 - https:\/\/yoast.com\/product\/yoast-seo-wordpress\/ -->\n<title>Versorgungssicherheit 2025 gew\u00e4hrleistet - Save<\/title>\n<meta name=\"description\" content=\"Die ElCom hat die neuesten Resultate ihrer Berechnungen zur Versorgungssicherheit 2025 pr\u00e4sentiert. Fazit: Derzeit sind keine Sofortmassnahmen n\u00f6tig.\" \/>\n<meta name=\"robots\" content=\"index, follow, max-snippet:-1, max-image-preview:large, max-video-preview:-1\" \/>\n<link rel=\"canonical\" href=\"https:\/\/news.save.ch\/de\/versorgungssicherheit-2025-gewaehrleistet\/\" \/>\n<meta property=\"og:locale\" content=\"de_DE\" \/>\n<meta property=\"og:type\" content=\"article\" \/>\n<meta property=\"og:title\" content=\"Versorgungssicherheit 2025 gew\u00e4hrleistet - Save\" \/>\n<meta property=\"og:description\" content=\"Die ElCom hat die neuesten Resultate ihrer Berechnungen zur Versorgungssicherheit 2025 pr\u00e4sentiert. Fazit: Derzeit sind keine Sofortmassnahmen n\u00f6tig.\" \/>\n<meta property=\"og:url\" content=\"https:\/\/news.save.ch\/de\/versorgungssicherheit-2025-gewaehrleistet\/\" \/>\n<meta property=\"og:site_name\" content=\"Save\" \/>\n<meta property=\"article:published_time\" content=\"2018-06-05T09:02:01+00:00\" \/>\n<meta property=\"og:image\" content=\"https:\/\/news.save.ch\/wp-content\/uploads\/2018\/06\/Depositphotos_33572491_m-2015.jpg\" \/>\n\t<meta property=\"og:image:width\" content=\"1000\" \/>\n\t<meta property=\"og:image:height\" content=\"667\" \/>\n\t<meta property=\"og:image:type\" content=\"image\/jpeg\" \/>\n<meta name=\"author\" content=\"Roger Str\u00e4ssle\" \/>\n<meta name=\"twitter:card\" content=\"summary_large_image\" \/>\n<meta name=\"twitter:label1\" content=\"Geschrieben von\" \/>\n\t<meta name=\"twitter:data1\" content=\"Roger Str\u00e4ssle\" \/>\n\t<meta name=\"twitter:label2\" content=\"Gesch\u00e4tzte Lesezeit\" \/>\n\t<meta name=\"twitter:data2\" content=\"1\u00a0Minute\" \/>\n<script type=\"application\/ld+json\" class=\"yoast-schema-graph\">{\"@context\":\"https:\\\/\\\/schema.org\",\"@graph\":[{\"@type\":\"Article\",\"@id\":\"https:\\\/\\\/news.save.ch\\\/versorgungssicherheit-2025-gewaehrleistet\\\/#article\",\"isPartOf\":{\"@id\":\"https:\\\/\\\/news.save.ch\\\/versorgungssicherheit-2025-gewaehrleistet\\\/\"},\"author\":{\"name\":\"Roger Str\u00e4ssle\",\"@id\":\"https:\\\/\\\/news.save.ch\\\/de\\\/#\\\/schema\\\/person\\\/d5022db048e0e2b9785c50e5b24da5aa\"},\"headline\":\"Versorgungssicherheit 2025 gew\u00e4hrleistet\",\"datePublished\":\"2018-06-05T09:02:01+00:00\",\"mainEntityOfPage\":{\"@id\":\"https:\\\/\\\/news.save.ch\\\/versorgungssicherheit-2025-gewaehrleistet\\\/\"},\"wordCount\":240,\"commentCount\":0,\"publisher\":{\"@id\":\"https:\\\/\\\/news.save.ch\\\/de\\\/#organization\"},\"image\":{\"@id\":\"https:\\\/\\\/news.save.ch\\\/versorgungssicherheit-2025-gewaehrleistet\\\/#primaryimage\"},\"thumbnailUrl\":\"https:\\\/\\\/news.save.ch\\\/wp-content\\\/uploads\\\/2018\\\/06\\\/Depositphotos_33572491_m-2015.jpg\",\"keywords\":[\"Stromversorgung\",\"Studie\"],\"articleSection\":[\"ALLGEMEIN\"],\"inLanguage\":\"de\"},{\"@type\":\"WebPage\",\"@id\":\"https:\\\/\\\/news.save.ch\\\/versorgungssicherheit-2025-gewaehrleistet\\\/\",\"url\":\"https:\\\/\\\/news.save.ch\\\/versorgungssicherheit-2025-gewaehrleistet\\\/\",\"name\":\"Versorgungssicherheit 2025 gew\u00e4hrleistet - Save\",\"isPartOf\":{\"@id\":\"https:\\\/\\\/news.save.ch\\\/de\\\/#website\"},\"primaryImageOfPage\":{\"@id\":\"https:\\\/\\\/news.save.ch\\\/versorgungssicherheit-2025-gewaehrleistet\\\/#primaryimage\"},\"image\":{\"@id\":\"https:\\\/\\\/news.save.ch\\\/versorgungssicherheit-2025-gewaehrleistet\\\/#primaryimage\"},\"thumbnailUrl\":\"https:\\\/\\\/news.save.ch\\\/wp-content\\\/uploads\\\/2018\\\/06\\\/Depositphotos_33572491_m-2015.jpg\",\"datePublished\":\"2018-06-05T09:02:01+00:00\",\"description\":\"Die ElCom hat die neuesten Resultate ihrer Berechnungen zur Versorgungssicherheit 2025 pr\u00e4sentiert. Fazit: Derzeit sind keine Sofortmassnahmen n\u00f6tig.\",\"breadcrumb\":{\"@id\":\"https:\\\/\\\/news.save.ch\\\/versorgungssicherheit-2025-gewaehrleistet\\\/#breadcrumb\"},\"inLanguage\":\"de\",\"potentialAction\":[{\"@type\":\"ReadAction\",\"target\":[\"https:\\\/\\\/news.save.ch\\\/versorgungssicherheit-2025-gewaehrleistet\\\/\"]}]},{\"@type\":\"ImageObject\",\"inLanguage\":\"de\",\"@id\":\"https:\\\/\\\/news.save.ch\\\/versorgungssicherheit-2025-gewaehrleistet\\\/#primaryimage\",\"url\":\"https:\\\/\\\/news.save.ch\\\/wp-content\\\/uploads\\\/2018\\\/06\\\/Depositphotos_33572491_m-2015.jpg\",\"contentUrl\":\"https:\\\/\\\/news.save.ch\\\/wp-content\\\/uploads\\\/2018\\\/06\\\/Depositphotos_33572491_m-2015.jpg\",\"width\":1000,\"height\":667,\"caption\":\"Power lines during sunset, electricity and energy topic\"},{\"@type\":\"BreadcrumbList\",\"@id\":\"https:\\\/\\\/news.save.ch\\\/versorgungssicherheit-2025-gewaehrleistet\\\/#breadcrumb\",\"itemListElement\":[{\"@type\":\"ListItem\",\"position\":1,\"name\":\"Home\",\"item\":\"https:\\\/\\\/news.save.ch\\\/de\\\/\"},{\"@type\":\"ListItem\",\"position\":2,\"name\":\"Versorgungssicherheit 2025 gew\u00e4hrleistet\"}]},{\"@type\":\"WebSite\",\"@id\":\"https:\\\/\\\/news.save.ch\\\/de\\\/#website\",\"url\":\"https:\\\/\\\/news.save.ch\\\/de\\\/\",\"name\":\"Save\",\"description\":\"Schweizer Fachzeitschrift f\u00fcr Sicherheit\",\"publisher\":{\"@id\":\"https:\\\/\\\/news.save.ch\\\/de\\\/#organization\"},\"potentialAction\":[{\"@type\":\"SearchAction\",\"target\":{\"@type\":\"EntryPoint\",\"urlTemplate\":\"https:\\\/\\\/news.save.ch\\\/de\\\/?s={search_term_string}\"},\"query-input\":{\"@type\":\"PropertyValueSpecification\",\"valueRequired\":true,\"valueName\":\"search_term_string\"}}],\"inLanguage\":\"de\"},{\"@type\":\"Organization\",\"@id\":\"https:\\\/\\\/news.save.ch\\\/de\\\/#organization\",\"name\":\"Sicherheitsforum\",\"url\":\"https:\\\/\\\/news.save.ch\\\/de\\\/\",\"logo\":{\"@type\":\"ImageObject\",\"inLanguage\":\"de\",\"@id\":\"https:\\\/\\\/news.save.ch\\\/de\\\/#\\\/schema\\\/logo\\\/image\\\/\",\"url\":\"https:\\\/\\\/news.save.ch\\\/wp-content\\\/uploads\\\/2022\\\/06\\\/Logo_SF_2012.png\",\"contentUrl\":\"https:\\\/\\\/news.save.ch\\\/wp-content\\\/uploads\\\/2022\\\/06\\\/Logo_SF_2012.png\",\"width\":1100,\"height\":91,\"caption\":\"Sicherheitsforum\"},\"image\":{\"@id\":\"https:\\\/\\\/news.save.ch\\\/de\\\/#\\\/schema\\\/logo\\\/image\\\/\"}},{\"@type\":\"Person\",\"@id\":\"https:\\\/\\\/news.save.ch\\\/de\\\/#\\\/schema\\\/person\\\/d5022db048e0e2b9785c50e5b24da5aa\",\"name\":\"Roger Str\u00e4ssle\",\"image\":{\"@type\":\"ImageObject\",\"inLanguage\":\"de\",\"@id\":\"https:\\\/\\\/secure.gravatar.com\\\/avatar\\\/862a5569d087de48e5856e32f45d719a03804c891d6deb8d4f71a660e79e4a47?s=96&d=mm&r=g\",\"url\":\"https:\\\/\\\/secure.gravatar.com\\\/avatar\\\/862a5569d087de48e5856e32f45d719a03804c891d6deb8d4f71a660e79e4a47?s=96&d=mm&r=g\",\"contentUrl\":\"https:\\\/\\\/secure.gravatar.com\\\/avatar\\\/862a5569d087de48e5856e32f45d719a03804c891d6deb8d4f71a660e79e4a47?s=96&d=mm&r=g\",\"caption\":\"Roger Str\u00e4ssle\"},\"url\":\"https:\\\/\\\/news.save.ch\\\/de\\\/author\\\/roger-straessle\\\/\"}]}<\/script>\n<!-- \/ Yoast SEO plugin. -->","yoast_head_json":{"title":"Versorgungssicherheit 2025 gew\u00e4hrleistet - Save","description":"Die ElCom hat die neuesten Resultate ihrer Berechnungen zur Versorgungssicherheit 2025 pr\u00e4sentiert. Fazit: Derzeit sind keine Sofortmassnahmen n\u00f6tig.","robots":{"index":"index","follow":"follow","max-snippet":"max-snippet:-1","max-image-preview":"max-image-preview:large","max-video-preview":"max-video-preview:-1"},"canonical":"https:\/\/news.save.ch\/de\/versorgungssicherheit-2025-gewaehrleistet\/","og_locale":"de_DE","og_type":"article","og_title":"Versorgungssicherheit 2025 gew\u00e4hrleistet - Save","og_description":"Die ElCom hat die neuesten Resultate ihrer Berechnungen zur Versorgungssicherheit 2025 pr\u00e4sentiert. Fazit: Derzeit sind keine Sofortmassnahmen n\u00f6tig.","og_url":"https:\/\/news.save.ch\/de\/versorgungssicherheit-2025-gewaehrleistet\/","og_site_name":"Save","article_published_time":"2018-06-05T09:02:01+00:00","og_image":[{"width":1000,"height":667,"url":"https:\/\/news.save.ch\/wp-content\/uploads\/2018\/06\/Depositphotos_33572491_m-2015.jpg","type":"image\/jpeg"}],"author":"Roger Str\u00e4ssle","twitter_card":"summary_large_image","twitter_misc":{"Geschrieben von":"Roger Str\u00e4ssle","Gesch\u00e4tzte Lesezeit":"1\u00a0Minute"},"schema":{"@context":"https:\/\/schema.org","@graph":[{"@type":"Article","@id":"https:\/\/news.save.ch\/versorgungssicherheit-2025-gewaehrleistet\/#article","isPartOf":{"@id":"https:\/\/news.save.ch\/versorgungssicherheit-2025-gewaehrleistet\/"},"author":{"name":"Roger Str\u00e4ssle","@id":"https:\/\/news.save.ch\/de\/#\/schema\/person\/d5022db048e0e2b9785c50e5b24da5aa"},"headline":"Versorgungssicherheit 2025 gew\u00e4hrleistet","datePublished":"2018-06-05T09:02:01+00:00","mainEntityOfPage":{"@id":"https:\/\/news.save.ch\/versorgungssicherheit-2025-gewaehrleistet\/"},"wordCount":240,"commentCount":0,"publisher":{"@id":"https:\/\/news.save.ch\/de\/#organization"},"image":{"@id":"https:\/\/news.save.ch\/versorgungssicherheit-2025-gewaehrleistet\/#primaryimage"},"thumbnailUrl":"https:\/\/news.save.ch\/wp-content\/uploads\/2018\/06\/Depositphotos_33572491_m-2015.jpg","keywords":["Stromversorgung","Studie"],"articleSection":["ALLGEMEIN"],"inLanguage":"de"},{"@type":"WebPage","@id":"https:\/\/news.save.ch\/versorgungssicherheit-2025-gewaehrleistet\/","url":"https:\/\/news.save.ch\/versorgungssicherheit-2025-gewaehrleistet\/","name":"Versorgungssicherheit 2025 gew\u00e4hrleistet - Save","isPartOf":{"@id":"https:\/\/news.save.ch\/de\/#website"},"primaryImageOfPage":{"@id":"https:\/\/news.save.ch\/versorgungssicherheit-2025-gewaehrleistet\/#primaryimage"},"image":{"@id":"https:\/\/news.save.ch\/versorgungssicherheit-2025-gewaehrleistet\/#primaryimage"},"thumbnailUrl":"https:\/\/news.save.ch\/wp-content\/uploads\/2018\/06\/Depositphotos_33572491_m-2015.jpg","datePublished":"2018-06-05T09:02:01+00:00","description":"Die ElCom hat die neuesten Resultate ihrer Berechnungen zur Versorgungssicherheit 2025 pr\u00e4sentiert. Fazit: Derzeit sind keine Sofortmassnahmen n\u00f6tig.","breadcrumb":{"@id":"https:\/\/news.save.ch\/versorgungssicherheit-2025-gewaehrleistet\/#breadcrumb"},"inLanguage":"de","potentialAction":[{"@type":"ReadAction","target":["https:\/\/news.save.ch\/versorgungssicherheit-2025-gewaehrleistet\/"]}]},{"@type":"ImageObject","inLanguage":"de","@id":"https:\/\/news.save.ch\/versorgungssicherheit-2025-gewaehrleistet\/#primaryimage","url":"https:\/\/news.save.ch\/wp-content\/uploads\/2018\/06\/Depositphotos_33572491_m-2015.jpg","contentUrl":"https:\/\/news.save.ch\/wp-content\/uploads\/2018\/06\/Depositphotos_33572491_m-2015.jpg","width":1000,"height":667,"caption":"Power lines during sunset, electricity and energy topic"},{"@type":"BreadcrumbList","@id":"https:\/\/news.save.ch\/versorgungssicherheit-2025-gewaehrleistet\/#breadcrumb","itemListElement":[{"@type":"ListItem","position":1,"name":"Home","item":"https:\/\/news.save.ch\/de\/"},{"@type":"ListItem","position":2,"name":"Versorgungssicherheit 2025 gew\u00e4hrleistet"}]},{"@type":"WebSite","@id":"https:\/\/news.save.ch\/de\/#website","url":"https:\/\/news.save.ch\/de\/","name":"Save","description":"Schweizer Fachzeitschrift f\u00fcr Sicherheit","publisher":{"@id":"https:\/\/news.save.ch\/de\/#organization"},"potentialAction":[{"@type":"SearchAction","target":{"@type":"EntryPoint","urlTemplate":"https:\/\/news.save.ch\/de\/?s={search_term_string}"},"query-input":{"@type":"PropertyValueSpecification","valueRequired":true,"valueName":"search_term_string"}}],"inLanguage":"de"},{"@type":"Organization","@id":"https:\/\/news.save.ch\/de\/#organization","name":"Sicherheitsforum","url":"https:\/\/news.save.ch\/de\/","logo":{"@type":"ImageObject","inLanguage":"de","@id":"https:\/\/news.save.ch\/de\/#\/schema\/logo\/image\/","url":"https:\/\/news.save.ch\/wp-content\/uploads\/2022\/06\/Logo_SF_2012.png","contentUrl":"https:\/\/news.save.ch\/wp-content\/uploads\/2022\/06\/Logo_SF_2012.png","width":1100,"height":91,"caption":"Sicherheitsforum"},"image":{"@id":"https:\/\/news.save.ch\/de\/#\/schema\/logo\/image\/"}},{"@type":"Person","@id":"https:\/\/news.save.ch\/de\/#\/schema\/person\/d5022db048e0e2b9785c50e5b24da5aa","name":"Roger Str\u00e4ssle","image":{"@type":"ImageObject","inLanguage":"de","@id":"https:\/\/secure.gravatar.com\/avatar\/862a5569d087de48e5856e32f45d719a03804c891d6deb8d4f71a660e79e4a47?s=96&d=mm&r=g","url":"https:\/\/secure.gravatar.com\/avatar\/862a5569d087de48e5856e32f45d719a03804c891d6deb8d4f71a660e79e4a47?s=96&d=mm&r=g","contentUrl":"https:\/\/secure.gravatar.com\/avatar\/862a5569d087de48e5856e32f45d719a03804c891d6deb8d4f71a660e79e4a47?s=96&d=mm&r=g","caption":"Roger Str\u00e4ssle"},"url":"https:\/\/news.save.ch\/de\/author\/roger-straessle\/"}]}},"_links":{"self":[{"href":"https:\/\/news.save.ch\/de\/wp-json\/wp\/v2\/posts\/6476","targetHints":{"allow":["GET"]}}],"collection":[{"href":"https:\/\/news.save.ch\/de\/wp-json\/wp\/v2\/posts"}],"about":[{"href":"https:\/\/news.save.ch\/de\/wp-json\/wp\/v2\/types\/post"}],"author":[{"embeddable":true,"href":"https:\/\/news.save.ch\/de\/wp-json\/wp\/v2\/users\/8"}],"replies":[{"embeddable":true,"href":"https:\/\/news.save.ch\/de\/wp-json\/wp\/v2\/comments?post=6476"}],"version-history":[{"count":0,"href":"https:\/\/news.save.ch\/de\/wp-json\/wp\/v2\/posts\/6476\/revisions"}],"wp:featuredmedia":[{"embeddable":true,"href":"https:\/\/news.save.ch\/de\/wp-json\/wp\/v2\/media\/6477"}],"wp:attachment":[{"href":"https:\/\/news.save.ch\/de\/wp-json\/wp\/v2\/media?parent=6476"}],"wp:term":[{"taxonomy":"category","embeddable":true,"href":"https:\/\/news.save.ch\/de\/wp-json\/wp\/v2\/categories?post=6476"},{"taxonomy":"post_tag","embeddable":true,"href":"https:\/\/news.save.ch\/de\/wp-json\/wp\/v2\/tags?post=6476"}],"curies":[{"name":"wp","href":"https:\/\/api.w.org\/{rel}","templated":true}]}}