{"id":6568,"date":"2018-07-04T16:04:22","date_gmt":"2018-07-04T14:04:22","guid":{"rendered":"https:\/\/news.save.ch\/?p=6568"},"modified":"2023-03-14T08:58:58","modified_gmt":"2023-03-14T07:58:58","slug":"luecke-im-hochwasserschutz-geschlossen","status":null,"type":"post","link":"https:\/\/news.save.ch\/de\/luecke-im-hochwasserschutz-geschlossen\/","title":{"rendered":"L\u00fccke im Hochwasserschutz geschlossen"},"content":{"rendered":"<figure id=\"attachment_6569\" aria-describedby=\"caption-attachment-6569\" style=\"width: 680px\" class=\"wp-caption aligncenter\"><img loading=\"lazy\" decoding=\"async\" class=\"size-medium wp-image-6569\" src=\"https:\/\/news.save.ch\/wp-content\/uploads\/2018\/07\/Fotolia_210793978_S.jpg\" alt=\"\" width=\"680\" height=\"510\" srcset=\"https:\/\/news.save.ch\/wp-content\/uploads\/2018\/07\/Fotolia_210793978_S.jpg 800w, https:\/\/news.save.ch\/wp-content\/uploads\/2018\/07\/Fotolia_210793978_S-375x281.jpg 375w\" sizes=\"auto, (max-width: 680px) 100vw, 680px\" \/><figcaption id=\"caption-attachment-6569\" class=\"wp-caption-text\">\u00a9 fotolia, animaflora<\/figcaption><\/figure>\n<p>&nbsp;<\/p>\n<p>In Bern haben das Bundesamt f\u00fcr Umwelt (Bafu), der Schweizerische Versicherungsverband (SVV) und die Vereinigung Kantonaler Geb\u00e4udeversicherungen (VKG) am 3. Juli 2018 gemeinsam die neue Gef\u00e4hrdungskarte zum Oberfl\u00e4chenabfluss vorgestellt. Hochwasser gibt es nicht nur, weil B\u00e4che, Fl\u00fcsse oder Seen \u00fcber die Ufer treten. Auch Regen, der nicht im Boden versickern kann und \u00fcber das offene Gel\u00e4nde abfliesst, kann zu \u00dcberschwemmungen f\u00fchren. Dieses Oberfl\u00e4chenwasser verursacht bis zu 50 Prozent der Hochwassersch\u00e4den und ist in den letzten Jahren vermehrt aufgetreten. Beispiele daf\u00fcr gab es in den vergangenen Monaten verschiedene, etwa in Lausanne im Juni 2018 oder in Zofingen im Juli 2017 (siehe Box). Mit dem w\u00e4rmeren Klima ist mit heftigeren und h\u00e4ufigeren Niederschl\u00e4gen und somit auch mit mehr Oberfl\u00e4chenabfluss zu rechnen. Die neue Karte helfe der Schweiz, sich an dieses Ph\u00e4nomene anzupassen.<\/p>\n<p><strong>Rund zwei Drittel der Geb\u00e4ude betroffen<\/strong><\/p>\n<p>Die landesweite Karte zeigt, welche Gebiete gef\u00e4hrdet sind und wie tief sie unter Wasser stehen k\u00f6nnen. F\u00fcr die Karte wurde f\u00fcr die ganze Fl\u00e4che der Schweiz ein Computermodell entwickelt. Wichtig f\u00fcr die Berechnung sind neben der Niederschlagsmenge, der Bodenbedeckung und -beschaffenheit sowie der Speicherkapazit\u00e4t des Bodens auch ein hochaufgel\u00f6stes digitales Gel\u00e4ndemodell. Die daraus resultierende Karte zeigt, wo Oberfl\u00e4chenwasser abfliesst, welche Fl\u00e4chen betroffen sind und wie hoch das Wasser stehen kann.<\/p>\n<p>Gem\u00e4ss Angaben sind rund zwei Drittel der Geb\u00e4ude in der Schweiz potenziell von Oberfl\u00e4chenabfluss betroffen. Die Karte dient Architekten, Bauherren, Planern, Beh\u00f6rden oder Interventionskr\u00e4ften bei der Planung von Schutzmassnahmen. An Geb\u00e4uden k\u00f6nnen relativ einfache Massnahmen das Wasser abhalten und so Sch\u00e4den vermeiden: Zum Beispiel, indem man Lichtsch\u00e4chte erh\u00f6ht oder bei Tiefgarageneinfahrten Sperren oder kleine Gel\u00e4ndekuppen anbringt.<\/p>\n<p>Die Gef\u00e4hrdungskarte Oberfl\u00e4chenabfluss deckt auch besiedelte Gebiet ab und kann darum der Landwirtschaft f\u00fcr Bodenschutzmassnahmen dienen. Der Kanton Luzern verwende die Karte seit zwei Jahren und ziehe eine positive Bilanz, heisst es in der bundesr\u00e4tlichen Mitteilung.<\/p>\n<p>Werde der Schutz vor Oberfl\u00e4chenabfluss bei einem Bauprojekt bereits in der Planungsphase ber\u00fccksichtigt, entst\u00fcnden keine oder nur geringe Mehrkosten, verspricht der Bund. Die Gef\u00e4hrdungskarte Oberfl\u00e4chenabfluss Schweiz steht nun allen Kantonen, Versicherungen, Bauherren und allen weiteren interessierten Kreisen online unter www.map.geo.admin.ch frei zur Verf\u00fcgung. Es wird darauf hingewiesen, dass die Gef\u00e4hrdungskarte keine Rechtsverbindlichkeit habe, sondern informativen Charakter und die bereits vorhandenen Gefahrenkarten der Kantone erg\u00e4nze. Die Schweiz sei eines der ersten L\u00e4nder, das eine Karte zum Oberfl\u00e4chenabfluss realisiert hat und nehme damit auf diesem Gebiet international eine f\u00fchrende Rolle ein.<\/p>\n<p><em>Weitere Informationen sind zu finden unter:\u00a0<a href=\"https:\/\/www.bafu.admin.ch\/oberflaechenabfluss\">www.bafu.admin.ch\/oberflaechenabfluss<\/a><\/em><\/p>\n<p><em>Ein \u00dcberblick \u00fcber konkrete Massnahmen zum Schutz von Geb\u00e4uden findet sich ferner unter:\u00a0<a href=\"https:\/\/www.schutz-vor-naturgefahren.ch\/wasser\">www.schutz-vor-naturgefahren.ch\/wasse<\/a><\/em>r<\/p>\n<p>&nbsp;<\/p>\n<p>&nbsp;<\/p>\n","protected":false},"excerpt":{"rendered":"<p>&nbsp; In Bern haben das Bundesamt f\u00fcr Umwelt (Bafu), der Schweizerische Versicherungsverband (SVV) und die Vereinigung Kantonaler Geb\u00e4udeversicherungen (VKG) am 3. Juli 2018 gemeinsam die neue Gef\u00e4hrdungskarte zum Oberfl\u00e4chenabfluss vorgestellt. Hochwasser gibt es nicht nur, weil B\u00e4che, Fl\u00fcsse oder Seen \u00fcber die Ufer treten. Auch Regen, der nicht im Boden versickern kann und \u00fcber das [&hellip;]<\/p>\n","protected":false},"author":8,"featured_media":6569,"comment_status":"open","ping_status":"open","sticky":false,"template":"","format":"standard","meta":{"_acf_changed":false,"pgc_sgb_lightbox_settings":"","footnotes":""},"categories":[3312],"tags":[170],"class_list":["post-6568","post","type-post","status-publish","format-standard","has-post-thumbnail","hentry","category-sicherheit","tag-naturgefahren"],"acf":[],"hkrextid":null,"publication":null,"issue":null,"workflow":null,"startPage":null,"spitzmarke":null,"_posts_by_tag_page_fields":{"widget_title":"","widget_tags":""},"_at_widget":"1","_yoast_wpseo_primary_category":"5","_yoast_wpseo_focuskw_text_input":"Oberfl\u00e4chenabfluss","_yoast_wpseo_opengraph-image":null,"_yoast_wpseo_opengraph-description":null,"_yoast_wpseo_opengraph-title":null,"enclosure":null,"_yoast_wpseo_twitter-title":null,"_yoast_wpseo_twitter-description":null,"_yoast_wpseo_twitter-image":null,"_wp_old_slug":null,"_yoast_wpseo_title":null,"_yoast_wpseo_canonical":null,"yoast_head":"<!-- This site is optimized with the Yoast SEO plugin v27.4 - https:\/\/yoast.com\/product\/yoast-seo-wordpress\/ -->\n<title>L\u00fccke im Hochwasserschutz geschlossen - Save<\/title>\n<meta name=\"description\" content=\"Die Schweiz verf\u00fcgt neu \u00fcber eine Karte zum Oberfl\u00e4chenabfluss und damit \u00fcber ein zus\u00e4tzliches wichtiges Instrument f\u00fcr die Hochwasserpr\u00e4vention.\" \/>\n<meta name=\"robots\" content=\"index, follow, max-snippet:-1, max-image-preview:large, max-video-preview:-1\" \/>\n<link rel=\"canonical\" href=\"https:\/\/news.save.ch\/de\/luecke-im-hochwasserschutz-geschlossen\/\" \/>\n<meta property=\"og:locale\" content=\"de_DE\" \/>\n<meta property=\"og:type\" content=\"article\" \/>\n<meta property=\"og:title\" content=\"L\u00fccke im Hochwasserschutz geschlossen - Save\" \/>\n<meta property=\"og:description\" content=\"Die Schweiz verf\u00fcgt neu \u00fcber eine Karte zum Oberfl\u00e4chenabfluss und damit \u00fcber ein zus\u00e4tzliches wichtiges Instrument f\u00fcr die Hochwasserpr\u00e4vention.\" \/>\n<meta property=\"og:url\" content=\"https:\/\/news.save.ch\/de\/luecke-im-hochwasserschutz-geschlossen\/\" \/>\n<meta property=\"og:site_name\" content=\"Save\" \/>\n<meta property=\"article:published_time\" content=\"2018-07-04T14:04:22+00:00\" \/>\n<meta property=\"article:modified_time\" content=\"2023-03-14T07:58:58+00:00\" \/>\n<meta property=\"og:image\" content=\"https:\/\/news.save.ch\/wp-content\/uploads\/2018\/07\/Fotolia_210793978_S.jpg\" \/>\n\t<meta property=\"og:image:width\" content=\"800\" \/>\n\t<meta property=\"og:image:height\" content=\"600\" \/>\n\t<meta property=\"og:image:type\" content=\"image\/jpeg\" \/>\n<meta name=\"author\" content=\"Roger Str\u00e4ssle\" \/>\n<meta name=\"twitter:card\" content=\"summary_large_image\" \/>\n<meta name=\"twitter:label1\" content=\"Geschrieben von\" \/>\n\t<meta name=\"twitter:data1\" content=\"Roger Str\u00e4ssle\" \/>\n\t<meta name=\"twitter:label2\" content=\"Gesch\u00e4tzte Lesezeit\" \/>\n\t<meta name=\"twitter:data2\" content=\"2\u00a0Minuten\" \/>\n<script type=\"application\/ld+json\" class=\"yoast-schema-graph\">{\"@context\":\"https:\\\/\\\/schema.org\",\"@graph\":[{\"@type\":\"Article\",\"@id\":\"https:\\\/\\\/news.save.ch\\\/luecke-im-hochwasserschutz-geschlossen\\\/#article\",\"isPartOf\":{\"@id\":\"https:\\\/\\\/news.save.ch\\\/luecke-im-hochwasserschutz-geschlossen\\\/\"},\"author\":{\"name\":\"Roger Str\u00e4ssle\",\"@id\":\"https:\\\/\\\/news.save.ch\\\/de\\\/#\\\/schema\\\/person\\\/d5022db048e0e2b9785c50e5b24da5aa\"},\"headline\":\"L\u00fccke im Hochwasserschutz geschlossen\",\"datePublished\":\"2018-07-04T14:04:22+00:00\",\"dateModified\":\"2023-03-14T07:58:58+00:00\",\"mainEntityOfPage\":{\"@id\":\"https:\\\/\\\/news.save.ch\\\/luecke-im-hochwasserschutz-geschlossen\\\/\"},\"wordCount\":487,\"commentCount\":0,\"publisher\":{\"@id\":\"https:\\\/\\\/news.save.ch\\\/de\\\/#organization\"},\"image\":{\"@id\":\"https:\\\/\\\/news.save.ch\\\/luecke-im-hochwasserschutz-geschlossen\\\/#primaryimage\"},\"thumbnailUrl\":\"https:\\\/\\\/news.save.ch\\\/wp-content\\\/uploads\\\/2018\\\/07\\\/Fotolia_210793978_S.jpg\",\"keywords\":[\"Naturgefahren\"],\"articleSection\":[\"SICHERHEIT\"],\"inLanguage\":\"de\"},{\"@type\":\"WebPage\",\"@id\":\"https:\\\/\\\/news.save.ch\\\/luecke-im-hochwasserschutz-geschlossen\\\/\",\"url\":\"https:\\\/\\\/news.save.ch\\\/luecke-im-hochwasserschutz-geschlossen\\\/\",\"name\":\"L\u00fccke im Hochwasserschutz geschlossen - Save\",\"isPartOf\":{\"@id\":\"https:\\\/\\\/news.save.ch\\\/de\\\/#website\"},\"primaryImageOfPage\":{\"@id\":\"https:\\\/\\\/news.save.ch\\\/luecke-im-hochwasserschutz-geschlossen\\\/#primaryimage\"},\"image\":{\"@id\":\"https:\\\/\\\/news.save.ch\\\/luecke-im-hochwasserschutz-geschlossen\\\/#primaryimage\"},\"thumbnailUrl\":\"https:\\\/\\\/news.save.ch\\\/wp-content\\\/uploads\\\/2018\\\/07\\\/Fotolia_210793978_S.jpg\",\"datePublished\":\"2018-07-04T14:04:22+00:00\",\"dateModified\":\"2023-03-14T07:58:58+00:00\",\"description\":\"Die Schweiz verf\u00fcgt neu \u00fcber eine Karte zum Oberfl\u00e4chenabfluss und damit \u00fcber ein zus\u00e4tzliches wichtiges Instrument f\u00fcr die Hochwasserpr\u00e4vention.\",\"breadcrumb\":{\"@id\":\"https:\\\/\\\/news.save.ch\\\/luecke-im-hochwasserschutz-geschlossen\\\/#breadcrumb\"},\"inLanguage\":\"de\",\"potentialAction\":[{\"@type\":\"ReadAction\",\"target\":[\"https:\\\/\\\/news.save.ch\\\/luecke-im-hochwasserschutz-geschlossen\\\/\"]}]},{\"@type\":\"ImageObject\",\"inLanguage\":\"de\",\"@id\":\"https:\\\/\\\/news.save.ch\\\/luecke-im-hochwasserschutz-geschlossen\\\/#primaryimage\",\"url\":\"https:\\\/\\\/news.save.ch\\\/wp-content\\\/uploads\\\/2018\\\/07\\\/Fotolia_210793978_S.jpg\",\"contentUrl\":\"https:\\\/\\\/news.save.ch\\\/wp-content\\\/uploads\\\/2018\\\/07\\\/Fotolia_210793978_S.jpg\",\"width\":800,\"height\":600,\"caption\":\"\u00a9 fotolia, animaflora\"},{\"@type\":\"BreadcrumbList\",\"@id\":\"https:\\\/\\\/news.save.ch\\\/luecke-im-hochwasserschutz-geschlossen\\\/#breadcrumb\",\"itemListElement\":[{\"@type\":\"ListItem\",\"position\":1,\"name\":\"Home\",\"item\":\"https:\\\/\\\/news.save.ch\\\/de\\\/\"},{\"@type\":\"ListItem\",\"position\":2,\"name\":\"L\u00fccke im Hochwasserschutz geschlossen\"}]},{\"@type\":\"WebSite\",\"@id\":\"https:\\\/\\\/news.save.ch\\\/de\\\/#website\",\"url\":\"https:\\\/\\\/news.save.ch\\\/de\\\/\",\"name\":\"Save\",\"description\":\"Schweizer Fachzeitschrift f\u00fcr Sicherheit\",\"publisher\":{\"@id\":\"https:\\\/\\\/news.save.ch\\\/de\\\/#organization\"},\"potentialAction\":[{\"@type\":\"SearchAction\",\"target\":{\"@type\":\"EntryPoint\",\"urlTemplate\":\"https:\\\/\\\/news.save.ch\\\/de\\\/?s={search_term_string}\"},\"query-input\":{\"@type\":\"PropertyValueSpecification\",\"valueRequired\":true,\"valueName\":\"search_term_string\"}}],\"inLanguage\":\"de\"},{\"@type\":\"Organization\",\"@id\":\"https:\\\/\\\/news.save.ch\\\/de\\\/#organization\",\"name\":\"Sicherheitsforum\",\"url\":\"https:\\\/\\\/news.save.ch\\\/de\\\/\",\"logo\":{\"@type\":\"ImageObject\",\"inLanguage\":\"de\",\"@id\":\"https:\\\/\\\/news.save.ch\\\/de\\\/#\\\/schema\\\/logo\\\/image\\\/\",\"url\":\"https:\\\/\\\/news.save.ch\\\/wp-content\\\/uploads\\\/2022\\\/06\\\/Logo_SF_2012.png\",\"contentUrl\":\"https:\\\/\\\/news.save.ch\\\/wp-content\\\/uploads\\\/2022\\\/06\\\/Logo_SF_2012.png\",\"width\":1100,\"height\":91,\"caption\":\"Sicherheitsforum\"},\"image\":{\"@id\":\"https:\\\/\\\/news.save.ch\\\/de\\\/#\\\/schema\\\/logo\\\/image\\\/\"}},{\"@type\":\"Person\",\"@id\":\"https:\\\/\\\/news.save.ch\\\/de\\\/#\\\/schema\\\/person\\\/d5022db048e0e2b9785c50e5b24da5aa\",\"name\":\"Roger Str\u00e4ssle\",\"image\":{\"@type\":\"ImageObject\",\"inLanguage\":\"de\",\"@id\":\"https:\\\/\\\/secure.gravatar.com\\\/avatar\\\/862a5569d087de48e5856e32f45d719a03804c891d6deb8d4f71a660e79e4a47?s=96&d=mm&r=g\",\"url\":\"https:\\\/\\\/secure.gravatar.com\\\/avatar\\\/862a5569d087de48e5856e32f45d719a03804c891d6deb8d4f71a660e79e4a47?s=96&d=mm&r=g\",\"contentUrl\":\"https:\\\/\\\/secure.gravatar.com\\\/avatar\\\/862a5569d087de48e5856e32f45d719a03804c891d6deb8d4f71a660e79e4a47?s=96&d=mm&r=g\",\"caption\":\"Roger Str\u00e4ssle\"},\"url\":\"https:\\\/\\\/news.save.ch\\\/de\\\/author\\\/roger-straessle\\\/\"}]}<\/script>\n<!-- \/ Yoast SEO plugin. -->","yoast_head_json":{"title":"L\u00fccke im Hochwasserschutz geschlossen - Save","description":"Die Schweiz verf\u00fcgt neu \u00fcber eine Karte zum Oberfl\u00e4chenabfluss und damit \u00fcber ein zus\u00e4tzliches wichtiges Instrument f\u00fcr die Hochwasserpr\u00e4vention.","robots":{"index":"index","follow":"follow","max-snippet":"max-snippet:-1","max-image-preview":"max-image-preview:large","max-video-preview":"max-video-preview:-1"},"canonical":"https:\/\/news.save.ch\/de\/luecke-im-hochwasserschutz-geschlossen\/","og_locale":"de_DE","og_type":"article","og_title":"L\u00fccke im Hochwasserschutz geschlossen - Save","og_description":"Die Schweiz verf\u00fcgt neu \u00fcber eine Karte zum Oberfl\u00e4chenabfluss und damit \u00fcber ein zus\u00e4tzliches wichtiges Instrument f\u00fcr die Hochwasserpr\u00e4vention.","og_url":"https:\/\/news.save.ch\/de\/luecke-im-hochwasserschutz-geschlossen\/","og_site_name":"Save","article_published_time":"2018-07-04T14:04:22+00:00","article_modified_time":"2023-03-14T07:58:58+00:00","og_image":[{"width":800,"height":600,"url":"https:\/\/news.save.ch\/wp-content\/uploads\/2018\/07\/Fotolia_210793978_S.jpg","type":"image\/jpeg"}],"author":"Roger Str\u00e4ssle","twitter_card":"summary_large_image","twitter_misc":{"Geschrieben von":"Roger Str\u00e4ssle","Gesch\u00e4tzte Lesezeit":"2\u00a0Minuten"},"schema":{"@context":"https:\/\/schema.org","@graph":[{"@type":"Article","@id":"https:\/\/news.save.ch\/luecke-im-hochwasserschutz-geschlossen\/#article","isPartOf":{"@id":"https:\/\/news.save.ch\/luecke-im-hochwasserschutz-geschlossen\/"},"author":{"name":"Roger Str\u00e4ssle","@id":"https:\/\/news.save.ch\/de\/#\/schema\/person\/d5022db048e0e2b9785c50e5b24da5aa"},"headline":"L\u00fccke im Hochwasserschutz geschlossen","datePublished":"2018-07-04T14:04:22+00:00","dateModified":"2023-03-14T07:58:58+00:00","mainEntityOfPage":{"@id":"https:\/\/news.save.ch\/luecke-im-hochwasserschutz-geschlossen\/"},"wordCount":487,"commentCount":0,"publisher":{"@id":"https:\/\/news.save.ch\/de\/#organization"},"image":{"@id":"https:\/\/news.save.ch\/luecke-im-hochwasserschutz-geschlossen\/#primaryimage"},"thumbnailUrl":"https:\/\/news.save.ch\/wp-content\/uploads\/2018\/07\/Fotolia_210793978_S.jpg","keywords":["Naturgefahren"],"articleSection":["SICHERHEIT"],"inLanguage":"de"},{"@type":"WebPage","@id":"https:\/\/news.save.ch\/luecke-im-hochwasserschutz-geschlossen\/","url":"https:\/\/news.save.ch\/luecke-im-hochwasserschutz-geschlossen\/","name":"L\u00fccke im Hochwasserschutz geschlossen - Save","isPartOf":{"@id":"https:\/\/news.save.ch\/de\/#website"},"primaryImageOfPage":{"@id":"https:\/\/news.save.ch\/luecke-im-hochwasserschutz-geschlossen\/#primaryimage"},"image":{"@id":"https:\/\/news.save.ch\/luecke-im-hochwasserschutz-geschlossen\/#primaryimage"},"thumbnailUrl":"https:\/\/news.save.ch\/wp-content\/uploads\/2018\/07\/Fotolia_210793978_S.jpg","datePublished":"2018-07-04T14:04:22+00:00","dateModified":"2023-03-14T07:58:58+00:00","description":"Die Schweiz verf\u00fcgt neu \u00fcber eine Karte zum Oberfl\u00e4chenabfluss und damit \u00fcber ein zus\u00e4tzliches wichtiges Instrument f\u00fcr die Hochwasserpr\u00e4vention.","breadcrumb":{"@id":"https:\/\/news.save.ch\/luecke-im-hochwasserschutz-geschlossen\/#breadcrumb"},"inLanguage":"de","potentialAction":[{"@type":"ReadAction","target":["https:\/\/news.save.ch\/luecke-im-hochwasserschutz-geschlossen\/"]}]},{"@type":"ImageObject","inLanguage":"de","@id":"https:\/\/news.save.ch\/luecke-im-hochwasserschutz-geschlossen\/#primaryimage","url":"https:\/\/news.save.ch\/wp-content\/uploads\/2018\/07\/Fotolia_210793978_S.jpg","contentUrl":"https:\/\/news.save.ch\/wp-content\/uploads\/2018\/07\/Fotolia_210793978_S.jpg","width":800,"height":600,"caption":"\u00a9 fotolia, animaflora"},{"@type":"BreadcrumbList","@id":"https:\/\/news.save.ch\/luecke-im-hochwasserschutz-geschlossen\/#breadcrumb","itemListElement":[{"@type":"ListItem","position":1,"name":"Home","item":"https:\/\/news.save.ch\/de\/"},{"@type":"ListItem","position":2,"name":"L\u00fccke im Hochwasserschutz geschlossen"}]},{"@type":"WebSite","@id":"https:\/\/news.save.ch\/de\/#website","url":"https:\/\/news.save.ch\/de\/","name":"Save","description":"Schweizer Fachzeitschrift f\u00fcr Sicherheit","publisher":{"@id":"https:\/\/news.save.ch\/de\/#organization"},"potentialAction":[{"@type":"SearchAction","target":{"@type":"EntryPoint","urlTemplate":"https:\/\/news.save.ch\/de\/?s={search_term_string}"},"query-input":{"@type":"PropertyValueSpecification","valueRequired":true,"valueName":"search_term_string"}}],"inLanguage":"de"},{"@type":"Organization","@id":"https:\/\/news.save.ch\/de\/#organization","name":"Sicherheitsforum","url":"https:\/\/news.save.ch\/de\/","logo":{"@type":"ImageObject","inLanguage":"de","@id":"https:\/\/news.save.ch\/de\/#\/schema\/logo\/image\/","url":"https:\/\/news.save.ch\/wp-content\/uploads\/2022\/06\/Logo_SF_2012.png","contentUrl":"https:\/\/news.save.ch\/wp-content\/uploads\/2022\/06\/Logo_SF_2012.png","width":1100,"height":91,"caption":"Sicherheitsforum"},"image":{"@id":"https:\/\/news.save.ch\/de\/#\/schema\/logo\/image\/"}},{"@type":"Person","@id":"https:\/\/news.save.ch\/de\/#\/schema\/person\/d5022db048e0e2b9785c50e5b24da5aa","name":"Roger Str\u00e4ssle","image":{"@type":"ImageObject","inLanguage":"de","@id":"https:\/\/secure.gravatar.com\/avatar\/862a5569d087de48e5856e32f45d719a03804c891d6deb8d4f71a660e79e4a47?s=96&d=mm&r=g","url":"https:\/\/secure.gravatar.com\/avatar\/862a5569d087de48e5856e32f45d719a03804c891d6deb8d4f71a660e79e4a47?s=96&d=mm&r=g","contentUrl":"https:\/\/secure.gravatar.com\/avatar\/862a5569d087de48e5856e32f45d719a03804c891d6deb8d4f71a660e79e4a47?s=96&d=mm&r=g","caption":"Roger Str\u00e4ssle"},"url":"https:\/\/news.save.ch\/de\/author\/roger-straessle\/"}]}},"_links":{"self":[{"href":"https:\/\/news.save.ch\/de\/wp-json\/wp\/v2\/posts\/6568","targetHints":{"allow":["GET"]}}],"collection":[{"href":"https:\/\/news.save.ch\/de\/wp-json\/wp\/v2\/posts"}],"about":[{"href":"https:\/\/news.save.ch\/de\/wp-json\/wp\/v2\/types\/post"}],"author":[{"embeddable":true,"href":"https:\/\/news.save.ch\/de\/wp-json\/wp\/v2\/users\/8"}],"replies":[{"embeddable":true,"href":"https:\/\/news.save.ch\/de\/wp-json\/wp\/v2\/comments?post=6568"}],"version-history":[{"count":1,"href":"https:\/\/news.save.ch\/de\/wp-json\/wp\/v2\/posts\/6568\/revisions"}],"predecessor-version":[{"id":17863,"href":"https:\/\/news.save.ch\/de\/wp-json\/wp\/v2\/posts\/6568\/revisions\/17863"}],"wp:featuredmedia":[{"embeddable":true,"href":"https:\/\/news.save.ch\/de\/wp-json\/wp\/v2\/media\/6569"}],"wp:attachment":[{"href":"https:\/\/news.save.ch\/de\/wp-json\/wp\/v2\/media?parent=6568"}],"wp:term":[{"taxonomy":"category","embeddable":true,"href":"https:\/\/news.save.ch\/de\/wp-json\/wp\/v2\/categories?post=6568"},{"taxonomy":"post_tag","embeddable":true,"href":"https:\/\/news.save.ch\/de\/wp-json\/wp\/v2\/tags?post=6568"}],"curies":[{"name":"wp","href":"https:\/\/api.w.org\/{rel}","templated":true}]}}