{"id":6587,"date":"2018-07-09T16:50:19","date_gmt":"2018-07-09T14:50:19","guid":{"rendered":"https:\/\/news.save.ch\/?p=6587"},"modified":"2023-03-14T08:56:53","modified_gmt":"2023-03-14T07:56:53","slug":"unterschaetztes-risiko-insider-angriff","status":null,"type":"post","link":"https:\/\/news.save.ch\/de\/unterschaetztes-risiko-insider-angriff\/","title":{"rendered":"Untersch\u00e4tztes Risiko: Insider-Angriff"},"content":{"rendered":"<figure id=\"attachment_6588\" aria-describedby=\"caption-attachment-6588\" style=\"width: 680px\" class=\"wp-caption aligncenter\"><img loading=\"lazy\" decoding=\"async\" class=\"wp-image-6588 size-medium\" src=\"https:\/\/news.save.ch\/wp-content\/uploads\/2018\/07\/Depositphotos_putilich.jpg\" alt=\"Insiderbedrohung\" width=\"680\" height=\"477\" srcset=\"https:\/\/news.save.ch\/wp-content\/uploads\/2018\/07\/Depositphotos_putilich.jpg 1000w, https:\/\/news.save.ch\/wp-content\/uploads\/2018\/07\/Depositphotos_putilich-375x263.jpg 375w\" sizes=\"auto, (max-width: 680px) 100vw, 680px\" \/><figcaption id=\"caption-attachment-6588\" class=\"wp-caption-text\">\u00a9 depositphotos, putilich<\/figcaption><\/figure>\n<p>&nbsp;<\/p>\n<p><span style=\"font-family: 'Arial','sans-serif';\">Insider \u2013 seien es unachtsame Angestellte oder b\u00f6swillige Mitarbeiter, die aus finanziellen oder pers\u00f6nlichen Motiven Daten stehlen oder gar l\u00f6schen \u2013 sind ein enormes Risiko f\u00fcr die Datensicherheit in Unternehmen. Oft haben Angestellte, externe Auftragnehmer und andere Dritte legitimen Zugriff auf sensible Daten, um effektiv und flexibel arbeiten zu k\u00f6nnen. Dies stellt eine Herausforderung f\u00fcr Sicherheitsteams dar, denn es ist wesentlich schwieriger, Bedrohungen zu erkennen, wenn der betreffende Akteur g\u00fcltigen Zugriff auf Unternehmensdaten hat. Mit entsprechenden Richtlinien und Technologien kann die Gefahr eines internen Datenverlustes oder -diebstahls jedoch erheblich reduziert werden.<\/span><\/p>\n<p><strong>Sensibilisierung unvorsichtiger Mitarbeiter<\/strong><\/p>\n<p>Die Sensibilisierung und Schulung der eigenen Mitarbeiter ist f\u00fcr Unternehmen eine der wirksamsten Abwehrmassnahmen gegen Insider-Bedrohungen. Dies liegt daran, dass die meisten unbeabsichtigten Datenverst\u00f6sse auf Handlungen eines unachtsamen Mitarbeiters zur\u00fcckzuf\u00fchren sind. Durch regelm\u00e4ssige Schulungen zum Thema Datensicherheit wird Mitarbeitern beigebracht, korrekt mit sensiblen Unternehmensdaten umzugehen. Zudem sollten alle Angestellten \u00fcber neue Datenrichtlinien oder Technologien informiert werden, bevor diese implementiert werden.<\/p>\n<p><strong>Datenzentrierter Security-Ansatz <\/strong><\/p>\n<p><span style=\"font-family: 'Arial','sans-serif';\">Dies sch\u00fctzt sensible Daten allerdings nicht vor Mitarbeitern, die ihre Zugriffsrechte nutzen, um vors\u00e4tzlich das Falsche zu tun. Das Risiko der missbr\u00e4uchlichen Datennutzung oder des Diebstahls durch Insider-Bedrohungen kann jedoch mit geeigneten Technologien einged\u00e4mmt werden. Diese Technologien sollten datenzentriert sein: Das bedeutet, sie geben Sicherheitsteams einen \u00dcberblick, auf welche Unternehmensdaten wie, wann und von wem zugegriffen wird. Dadurch k\u00f6nnen Sicherheitsverantwortliche ungew\u00f6hnliche Aktivit\u00e4ten rasch erkennen. Zudem sollten diese Technologien automatisch verhindern, dass ein unbefugter Mitarbeiter sensible Daten kopiert, \u00fcbertr\u00e4gt oder l\u00f6scht. Solch ein datenzentrierter Sicherheitsansatz sorgt dar\u00fcber hinaus daf\u00fcr, dass unachtsame Angestellte sensible Daten nicht versehentlich verschieben oder versenden.<\/span><\/p>\n<p><strong>UEBA-Tools \u00fcberwachen Nutzerverhalten<\/strong><\/p>\n<p>User and Entity Behavior Analysis (UEBA) ist ein Cybersecurity-Prozess zur Verfolgung verd\u00e4chtiger oder b\u00f6sartiger Verhaltensweisen. UEBA-Tools \u00fcberwachen das Nutzerverhalten von Mitarbeitenden und externen Auftragnehmern mit Zugriff auf Anwendungen, Konten und Servern, die sensible Daten speichern. Dabei nutzen UEBA-Tools fortschrittliche Machine-Learning-Algorithmen in Kombination mit statistischen Auswertungsmethoden, um potenzielle Insiderbedrohungen zu ermitteln. Hierzu wird ein Standard-Verhaltensprofil des jeweiligen Nutzers erstellt, mit Informationen wie Ort und Ger\u00e4ten, von denen sich ein User in der Regel anmeldet, auf welche Dateien und Server er normalerweise zugreift, wie oft und zu welcher Zeit, welche Zugriffsrechte er aktuell hat und vieles mehr.<\/p>\n<p>Wenn ein Benutzer t\u00e4glich eine bestimmte Datenmenge von einem bestimmten Ger\u00e4t herunterl\u00e4dt und w\u00f6chentlich auf eine bestimmte Anzahl von Servern zugreift, stellt das Analyse-Tool fest, dass der Account pl\u00f6tzlich Gigabytes an Daten von einem fremden Standort herunterl\u00e4dt oder auf neue Server zugreift. Somit wird das Tool Alarm schlagen.<\/p>\n<p>Ferner sch\u00fctzt UEBA auch vor Bedrohungen von aussen: F\u00fcr Cyberkriminelle mag es beispielsweise mithilfe von Phishing-Angriffen relativ simpel sein, Anmeldeinformationen wie Benutzername und Passwort eines Mitarbeiters abzugreifen, doch es wird schwierig werden, das Standardverhalten des jeweiligen Benutzers im Netzwerk nachzuahmen.<br \/>\n<em>Von Christoph M. Kumpa, Director DACH &amp; EE bei <a href=\"https:\/\/digitalguardian.com\/\">Digital Guardian<\/a><\/em><\/p>\n<p><em>Mehr zum Thema Insiderbedrohung <a href=\"https:\/\/news.save.ch\/sicherheit-und-kontrollen-im-laendervergleich\/\">hier<\/a><\/em><\/p>\n<p>&nbsp;<\/p>\n<p>&nbsp;<\/p>\n","protected":false},"excerpt":{"rendered":"<p>&nbsp; Insider \u2013 seien es unachtsame Angestellte oder b\u00f6swillige Mitarbeiter, die aus finanziellen oder pers\u00f6nlichen Motiven Daten stehlen oder gar l\u00f6schen \u2013 sind ein enormes Risiko f\u00fcr die Datensicherheit in Unternehmen. Oft haben Angestellte, externe Auftragnehmer und andere Dritte legitimen Zugriff auf sensible Daten, um effektiv und flexibel arbeiten zu k\u00f6nnen. Dies stellt eine Herausforderung [&hellip;]<\/p>\n","protected":false},"author":8,"featured_media":6588,"comment_status":"open","ping_status":"open","sticky":false,"template":"","format":"standard","meta":{"_acf_changed":false,"pgc_sgb_lightbox_settings":"","footnotes":""},"categories":[3313],"tags":[96,62,63],"class_list":["post-6587","post","type-post","status-publish","format-standard","has-post-thumbnail","hentry","category-digitalisierung","tag-cyber-crime","tag-ict-sicherheit","tag-it-security"],"acf":[],"hkrextid":null,"publication":null,"issue":null,"workflow":null,"startPage":null,"spitzmarke":null,"_posts_by_tag_page_fields":{"widget_title":"","widget_tags":""},"_at_widget":"1","_yoast_wpseo_primary_category":"2","_yoast_wpseo_focuskw_text_input":"UEBA","_yoast_wpseo_opengraph-image":null,"_yoast_wpseo_opengraph-description":null,"_yoast_wpseo_opengraph-title":null,"enclosure":null,"_yoast_wpseo_twitter-title":null,"_yoast_wpseo_twitter-description":null,"_yoast_wpseo_twitter-image":null,"_wp_old_slug":null,"_yoast_wpseo_title":null,"_yoast_wpseo_canonical":null,"yoast_head":"<!-- This site is optimized with the Yoast SEO plugin v27.5 - https:\/\/yoast.com\/product\/yoast-seo-wordpress\/ -->\n<title>Untersch\u00e4tztes Risiko: Insider-Angriff - Save<\/title>\n<meta name=\"description\" content=\"Untersch\u00e4tzt wird oft eine Gefahr, die bereits im Firmengeb\u00e4ude sitzt: Die Insider-Bedrohung.\" \/>\n<meta name=\"robots\" content=\"index, follow, max-snippet:-1, max-image-preview:large, max-video-preview:-1\" \/>\n<link rel=\"canonical\" href=\"https:\/\/news.save.ch\/de\/unterschaetztes-risiko-insider-angriff\/\" \/>\n<meta property=\"og:locale\" content=\"de_DE\" \/>\n<meta property=\"og:type\" content=\"article\" \/>\n<meta property=\"og:title\" content=\"Untersch\u00e4tztes Risiko: Insider-Angriff - Save\" \/>\n<meta property=\"og:description\" content=\"Untersch\u00e4tzt wird oft eine Gefahr, die bereits im Firmengeb\u00e4ude sitzt: Die Insider-Bedrohung.\" \/>\n<meta property=\"og:url\" content=\"https:\/\/news.save.ch\/de\/unterschaetztes-risiko-insider-angriff\/\" \/>\n<meta property=\"og:site_name\" content=\"Save\" \/>\n<meta property=\"article:published_time\" content=\"2018-07-09T14:50:19+00:00\" \/>\n<meta property=\"article:modified_time\" content=\"2023-03-14T07:56:53+00:00\" \/>\n<meta property=\"og:image\" content=\"https:\/\/news.save.ch\/wp-content\/uploads\/2018\/07\/Depositphotos_putilich.jpg\" \/>\n\t<meta property=\"og:image:width\" content=\"1000\" \/>\n\t<meta property=\"og:image:height\" content=\"702\" \/>\n\t<meta property=\"og:image:type\" content=\"image\/jpeg\" \/>\n<meta name=\"author\" content=\"Roger Str\u00e4ssle\" \/>\n<meta name=\"twitter:card\" content=\"summary_large_image\" \/>\n<meta name=\"twitter:label1\" content=\"Geschrieben von\" \/>\n\t<meta name=\"twitter:data1\" content=\"Roger Str\u00e4ssle\" \/>\n\t<meta name=\"twitter:label2\" content=\"Gesch\u00e4tzte Lesezeit\" \/>\n\t<meta name=\"twitter:data2\" content=\"3\u00a0Minuten\" \/>\n<script type=\"application\/ld+json\" class=\"yoast-schema-graph\">{\"@context\":\"https:\\\/\\\/schema.org\",\"@graph\":[{\"@type\":\"Article\",\"@id\":\"https:\\\/\\\/news.save.ch\\\/unterschaetztes-risiko-insider-angriff\\\/#article\",\"isPartOf\":{\"@id\":\"https:\\\/\\\/news.save.ch\\\/unterschaetztes-risiko-insider-angriff\\\/\"},\"author\":{\"name\":\"Roger Str\u00e4ssle\",\"@id\":\"https:\\\/\\\/news.save.ch\\\/de\\\/#\\\/schema\\\/person\\\/d5022db048e0e2b9785c50e5b24da5aa\"},\"headline\":\"Untersch\u00e4tztes Risiko: Insider-Angriff\",\"datePublished\":\"2018-07-09T14:50:19+00:00\",\"dateModified\":\"2023-03-14T07:56:53+00:00\",\"mainEntityOfPage\":{\"@id\":\"https:\\\/\\\/news.save.ch\\\/unterschaetztes-risiko-insider-angriff\\\/\"},\"wordCount\":504,\"commentCount\":0,\"publisher\":{\"@id\":\"https:\\\/\\\/news.save.ch\\\/de\\\/#organization\"},\"image\":{\"@id\":\"https:\\\/\\\/news.save.ch\\\/unterschaetztes-risiko-insider-angriff\\\/#primaryimage\"},\"thumbnailUrl\":\"https:\\\/\\\/news.save.ch\\\/wp-content\\\/uploads\\\/2018\\\/07\\\/Depositphotos_putilich.jpg\",\"keywords\":[\"Cyber-Crime\",\"ICT-Sicherheit\",\"IT-SECURITY\"],\"articleSection\":[\"DIGITALISIERUNG\"],\"inLanguage\":\"de\"},{\"@type\":\"WebPage\",\"@id\":\"https:\\\/\\\/news.save.ch\\\/unterschaetztes-risiko-insider-angriff\\\/\",\"url\":\"https:\\\/\\\/news.save.ch\\\/unterschaetztes-risiko-insider-angriff\\\/\",\"name\":\"Untersch\u00e4tztes Risiko: Insider-Angriff - Save\",\"isPartOf\":{\"@id\":\"https:\\\/\\\/news.save.ch\\\/de\\\/#website\"},\"primaryImageOfPage\":{\"@id\":\"https:\\\/\\\/news.save.ch\\\/unterschaetztes-risiko-insider-angriff\\\/#primaryimage\"},\"image\":{\"@id\":\"https:\\\/\\\/news.save.ch\\\/unterschaetztes-risiko-insider-angriff\\\/#primaryimage\"},\"thumbnailUrl\":\"https:\\\/\\\/news.save.ch\\\/wp-content\\\/uploads\\\/2018\\\/07\\\/Depositphotos_putilich.jpg\",\"datePublished\":\"2018-07-09T14:50:19+00:00\",\"dateModified\":\"2023-03-14T07:56:53+00:00\",\"description\":\"Untersch\u00e4tzt wird oft eine Gefahr, die bereits im Firmengeb\u00e4ude sitzt: Die Insider-Bedrohung.\",\"breadcrumb\":{\"@id\":\"https:\\\/\\\/news.save.ch\\\/unterschaetztes-risiko-insider-angriff\\\/#breadcrumb\"},\"inLanguage\":\"de\",\"potentialAction\":[{\"@type\":\"ReadAction\",\"target\":[\"https:\\\/\\\/news.save.ch\\\/unterschaetztes-risiko-insider-angriff\\\/\"]}]},{\"@type\":\"ImageObject\",\"inLanguage\":\"de\",\"@id\":\"https:\\\/\\\/news.save.ch\\\/unterschaetztes-risiko-insider-angriff\\\/#primaryimage\",\"url\":\"https:\\\/\\\/news.save.ch\\\/wp-content\\\/uploads\\\/2018\\\/07\\\/Depositphotos_putilich.jpg\",\"contentUrl\":\"https:\\\/\\\/news.save.ch\\\/wp-content\\\/uploads\\\/2018\\\/07\\\/Depositphotos_putilich.jpg\",\"width\":1000,\"height\":702,\"caption\":\"\u00a9 depositphotos, putilich\"},{\"@type\":\"BreadcrumbList\",\"@id\":\"https:\\\/\\\/news.save.ch\\\/unterschaetztes-risiko-insider-angriff\\\/#breadcrumb\",\"itemListElement\":[{\"@type\":\"ListItem\",\"position\":1,\"name\":\"Home\",\"item\":\"https:\\\/\\\/news.save.ch\\\/de\\\/\"},{\"@type\":\"ListItem\",\"position\":2,\"name\":\"Untersch\u00e4tztes Risiko: Insider-Angriff\"}]},{\"@type\":\"WebSite\",\"@id\":\"https:\\\/\\\/news.save.ch\\\/de\\\/#website\",\"url\":\"https:\\\/\\\/news.save.ch\\\/de\\\/\",\"name\":\"Save\",\"description\":\"Schweizer Fachzeitschrift f\u00fcr Sicherheit\",\"publisher\":{\"@id\":\"https:\\\/\\\/news.save.ch\\\/de\\\/#organization\"},\"potentialAction\":[{\"@type\":\"SearchAction\",\"target\":{\"@type\":\"EntryPoint\",\"urlTemplate\":\"https:\\\/\\\/news.save.ch\\\/de\\\/?s={search_term_string}\"},\"query-input\":{\"@type\":\"PropertyValueSpecification\",\"valueRequired\":true,\"valueName\":\"search_term_string\"}}],\"inLanguage\":\"de\"},{\"@type\":\"Organization\",\"@id\":\"https:\\\/\\\/news.save.ch\\\/de\\\/#organization\",\"name\":\"Sicherheitsforum\",\"url\":\"https:\\\/\\\/news.save.ch\\\/de\\\/\",\"logo\":{\"@type\":\"ImageObject\",\"inLanguage\":\"de\",\"@id\":\"https:\\\/\\\/news.save.ch\\\/de\\\/#\\\/schema\\\/logo\\\/image\\\/\",\"url\":\"https:\\\/\\\/news.save.ch\\\/wp-content\\\/uploads\\\/2022\\\/06\\\/Logo_SF_2012.png\",\"contentUrl\":\"https:\\\/\\\/news.save.ch\\\/wp-content\\\/uploads\\\/2022\\\/06\\\/Logo_SF_2012.png\",\"width\":1100,\"height\":91,\"caption\":\"Sicherheitsforum\"},\"image\":{\"@id\":\"https:\\\/\\\/news.save.ch\\\/de\\\/#\\\/schema\\\/logo\\\/image\\\/\"}},{\"@type\":\"Person\",\"@id\":\"https:\\\/\\\/news.save.ch\\\/de\\\/#\\\/schema\\\/person\\\/d5022db048e0e2b9785c50e5b24da5aa\",\"name\":\"Roger Str\u00e4ssle\",\"image\":{\"@type\":\"ImageObject\",\"inLanguage\":\"de\",\"@id\":\"https:\\\/\\\/secure.gravatar.com\\\/avatar\\\/862a5569d087de48e5856e32f45d719a03804c891d6deb8d4f71a660e79e4a47?s=96&d=mm&r=g\",\"url\":\"https:\\\/\\\/secure.gravatar.com\\\/avatar\\\/862a5569d087de48e5856e32f45d719a03804c891d6deb8d4f71a660e79e4a47?s=96&d=mm&r=g\",\"contentUrl\":\"https:\\\/\\\/secure.gravatar.com\\\/avatar\\\/862a5569d087de48e5856e32f45d719a03804c891d6deb8d4f71a660e79e4a47?s=96&d=mm&r=g\",\"caption\":\"Roger Str\u00e4ssle\"},\"url\":\"https:\\\/\\\/news.save.ch\\\/de\\\/author\\\/roger-straessle\\\/\"}]}<\/script>\n<!-- \/ Yoast SEO plugin. -->","yoast_head_json":{"title":"Untersch\u00e4tztes Risiko: Insider-Angriff - Save","description":"Untersch\u00e4tzt wird oft eine Gefahr, die bereits im Firmengeb\u00e4ude sitzt: Die Insider-Bedrohung.","robots":{"index":"index","follow":"follow","max-snippet":"max-snippet:-1","max-image-preview":"max-image-preview:large","max-video-preview":"max-video-preview:-1"},"canonical":"https:\/\/news.save.ch\/de\/unterschaetztes-risiko-insider-angriff\/","og_locale":"de_DE","og_type":"article","og_title":"Untersch\u00e4tztes Risiko: Insider-Angriff - Save","og_description":"Untersch\u00e4tzt wird oft eine Gefahr, die bereits im Firmengeb\u00e4ude sitzt: Die Insider-Bedrohung.","og_url":"https:\/\/news.save.ch\/de\/unterschaetztes-risiko-insider-angriff\/","og_site_name":"Save","article_published_time":"2018-07-09T14:50:19+00:00","article_modified_time":"2023-03-14T07:56:53+00:00","og_image":[{"width":1000,"height":702,"url":"https:\/\/news.save.ch\/wp-content\/uploads\/2018\/07\/Depositphotos_putilich.jpg","type":"image\/jpeg"}],"author":"Roger Str\u00e4ssle","twitter_card":"summary_large_image","twitter_misc":{"Geschrieben von":"Roger Str\u00e4ssle","Gesch\u00e4tzte Lesezeit":"3\u00a0Minuten"},"schema":{"@context":"https:\/\/schema.org","@graph":[{"@type":"Article","@id":"https:\/\/news.save.ch\/unterschaetztes-risiko-insider-angriff\/#article","isPartOf":{"@id":"https:\/\/news.save.ch\/unterschaetztes-risiko-insider-angriff\/"},"author":{"name":"Roger Str\u00e4ssle","@id":"https:\/\/news.save.ch\/de\/#\/schema\/person\/d5022db048e0e2b9785c50e5b24da5aa"},"headline":"Untersch\u00e4tztes Risiko: Insider-Angriff","datePublished":"2018-07-09T14:50:19+00:00","dateModified":"2023-03-14T07:56:53+00:00","mainEntityOfPage":{"@id":"https:\/\/news.save.ch\/unterschaetztes-risiko-insider-angriff\/"},"wordCount":504,"commentCount":0,"publisher":{"@id":"https:\/\/news.save.ch\/de\/#organization"},"image":{"@id":"https:\/\/news.save.ch\/unterschaetztes-risiko-insider-angriff\/#primaryimage"},"thumbnailUrl":"https:\/\/news.save.ch\/wp-content\/uploads\/2018\/07\/Depositphotos_putilich.jpg","keywords":["Cyber-Crime","ICT-Sicherheit","IT-SECURITY"],"articleSection":["DIGITALISIERUNG"],"inLanguage":"de"},{"@type":"WebPage","@id":"https:\/\/news.save.ch\/unterschaetztes-risiko-insider-angriff\/","url":"https:\/\/news.save.ch\/unterschaetztes-risiko-insider-angriff\/","name":"Untersch\u00e4tztes Risiko: Insider-Angriff - Save","isPartOf":{"@id":"https:\/\/news.save.ch\/de\/#website"},"primaryImageOfPage":{"@id":"https:\/\/news.save.ch\/unterschaetztes-risiko-insider-angriff\/#primaryimage"},"image":{"@id":"https:\/\/news.save.ch\/unterschaetztes-risiko-insider-angriff\/#primaryimage"},"thumbnailUrl":"https:\/\/news.save.ch\/wp-content\/uploads\/2018\/07\/Depositphotos_putilich.jpg","datePublished":"2018-07-09T14:50:19+00:00","dateModified":"2023-03-14T07:56:53+00:00","description":"Untersch\u00e4tzt wird oft eine Gefahr, die bereits im Firmengeb\u00e4ude sitzt: Die Insider-Bedrohung.","breadcrumb":{"@id":"https:\/\/news.save.ch\/unterschaetztes-risiko-insider-angriff\/#breadcrumb"},"inLanguage":"de","potentialAction":[{"@type":"ReadAction","target":["https:\/\/news.save.ch\/unterschaetztes-risiko-insider-angriff\/"]}]},{"@type":"ImageObject","inLanguage":"de","@id":"https:\/\/news.save.ch\/unterschaetztes-risiko-insider-angriff\/#primaryimage","url":"https:\/\/news.save.ch\/wp-content\/uploads\/2018\/07\/Depositphotos_putilich.jpg","contentUrl":"https:\/\/news.save.ch\/wp-content\/uploads\/2018\/07\/Depositphotos_putilich.jpg","width":1000,"height":702,"caption":"\u00a9 depositphotos, putilich"},{"@type":"BreadcrumbList","@id":"https:\/\/news.save.ch\/unterschaetztes-risiko-insider-angriff\/#breadcrumb","itemListElement":[{"@type":"ListItem","position":1,"name":"Home","item":"https:\/\/news.save.ch\/de\/"},{"@type":"ListItem","position":2,"name":"Untersch\u00e4tztes Risiko: Insider-Angriff"}]},{"@type":"WebSite","@id":"https:\/\/news.save.ch\/de\/#website","url":"https:\/\/news.save.ch\/de\/","name":"Save","description":"Schweizer Fachzeitschrift f\u00fcr Sicherheit","publisher":{"@id":"https:\/\/news.save.ch\/de\/#organization"},"potentialAction":[{"@type":"SearchAction","target":{"@type":"EntryPoint","urlTemplate":"https:\/\/news.save.ch\/de\/?s={search_term_string}"},"query-input":{"@type":"PropertyValueSpecification","valueRequired":true,"valueName":"search_term_string"}}],"inLanguage":"de"},{"@type":"Organization","@id":"https:\/\/news.save.ch\/de\/#organization","name":"Sicherheitsforum","url":"https:\/\/news.save.ch\/de\/","logo":{"@type":"ImageObject","inLanguage":"de","@id":"https:\/\/news.save.ch\/de\/#\/schema\/logo\/image\/","url":"https:\/\/news.save.ch\/wp-content\/uploads\/2022\/06\/Logo_SF_2012.png","contentUrl":"https:\/\/news.save.ch\/wp-content\/uploads\/2022\/06\/Logo_SF_2012.png","width":1100,"height":91,"caption":"Sicherheitsforum"},"image":{"@id":"https:\/\/news.save.ch\/de\/#\/schema\/logo\/image\/"}},{"@type":"Person","@id":"https:\/\/news.save.ch\/de\/#\/schema\/person\/d5022db048e0e2b9785c50e5b24da5aa","name":"Roger Str\u00e4ssle","image":{"@type":"ImageObject","inLanguage":"de","@id":"https:\/\/secure.gravatar.com\/avatar\/862a5569d087de48e5856e32f45d719a03804c891d6deb8d4f71a660e79e4a47?s=96&d=mm&r=g","url":"https:\/\/secure.gravatar.com\/avatar\/862a5569d087de48e5856e32f45d719a03804c891d6deb8d4f71a660e79e4a47?s=96&d=mm&r=g","contentUrl":"https:\/\/secure.gravatar.com\/avatar\/862a5569d087de48e5856e32f45d719a03804c891d6deb8d4f71a660e79e4a47?s=96&d=mm&r=g","caption":"Roger Str\u00e4ssle"},"url":"https:\/\/news.save.ch\/de\/author\/roger-straessle\/"}]}},"_links":{"self":[{"href":"https:\/\/news.save.ch\/de\/wp-json\/wp\/v2\/posts\/6587","targetHints":{"allow":["GET"]}}],"collection":[{"href":"https:\/\/news.save.ch\/de\/wp-json\/wp\/v2\/posts"}],"about":[{"href":"https:\/\/news.save.ch\/de\/wp-json\/wp\/v2\/types\/post"}],"author":[{"embeddable":true,"href":"https:\/\/news.save.ch\/de\/wp-json\/wp\/v2\/users\/8"}],"replies":[{"embeddable":true,"href":"https:\/\/news.save.ch\/de\/wp-json\/wp\/v2\/comments?post=6587"}],"version-history":[{"count":1,"href":"https:\/\/news.save.ch\/de\/wp-json\/wp\/v2\/posts\/6587\/revisions"}],"predecessor-version":[{"id":17440,"href":"https:\/\/news.save.ch\/de\/wp-json\/wp\/v2\/posts\/6587\/revisions\/17440"}],"wp:featuredmedia":[{"embeddable":true,"href":"https:\/\/news.save.ch\/de\/wp-json\/wp\/v2\/media\/6588"}],"wp:attachment":[{"href":"https:\/\/news.save.ch\/de\/wp-json\/wp\/v2\/media?parent=6587"}],"wp:term":[{"taxonomy":"category","embeddable":true,"href":"https:\/\/news.save.ch\/de\/wp-json\/wp\/v2\/categories?post=6587"},{"taxonomy":"post_tag","embeddable":true,"href":"https:\/\/news.save.ch\/de\/wp-json\/wp\/v2\/tags?post=6587"}],"curies":[{"name":"wp","href":"https:\/\/api.w.org\/{rel}","templated":true}]}}