{"id":6595,"date":"2018-07-11T08:01:35","date_gmt":"2018-07-11T06:01:35","guid":{"rendered":"https:\/\/news.save.ch\/?p=6595"},"modified":"2023-03-14T08:59:21","modified_gmt":"2023-03-14T07:59:21","slug":"eotec-ag-martin-haenggi-folgt-auf-stefan-schroeder","status":null,"type":"post","link":"https:\/\/news.save.ch\/de\/eotec-ag-martin-haenggi-folgt-auf-stefan-schroeder\/","title":{"rendered":"Eotec: H\u00e4nggi folgt auf Schr\u00f6der"},"content":{"rendered":"<figure id=\"attachment_6596\" aria-describedby=\"caption-attachment-6596\" style=\"width: 680px\" class=\"wp-caption aligncenter\"><img loading=\"lazy\" decoding=\"async\" class=\"wp-image-6596 size-medium\" src=\"https:\/\/news.save.ch\/wp-content\/uploads\/2018\/07\/Medienmitteilung_Eotec_100718_Stefan_Schroeder_links_Martin_Haenggi_rechts.jpg\" alt=\"\" width=\"680\" height=\"453\" \/><figcaption id=\"caption-attachment-6596\" class=\"wp-caption-text\">Stefan Schr\u00f6der (links) \u00fcbergibt Zepter an Martin H\u00e4nggi.<\/figcaption><\/figure>\n<p>Der langj\u00e4hrige CEO Stefan Schr\u00f6der (58) hat das Zepter per 1. Juli 2018 an seinen Nachfolger Martin H\u00e4nggi (37) \u00fcbergeben. H\u00e4nggi, seit rund eineinhalb Jahren <a href=\"https:\/\/news.save.ch\/eotec-stefan-schroeder-uebergibt-steuer-an-martin-haenggi\/\">operativer Chef<\/a> der <a href=\"https:\/\/www.eotec.ch\">Eotec<\/a>, ist zugleich auch neuer Inhaber und Verwaltungsratspr\u00e4sident des KMU mit seinen 37 Mitarbeitenden. Schr\u00f6der hat sein Aktienpaket bewusst nicht an irgendeinen Investoren verkauft, sondern an H\u00e4nggi, der 2002 als junger Techniker bei Eotec eingetreten war, wie das Unternehmen schreibt. Schr\u00f6der trete auf eigenen Wunsch in den vorzeitigen Ruhestand, werde jedoch dem Unternehmen bis auf Weiteres als Verwaltungsrat zur Verf\u00fcgung stehen.<\/p>\n<p>Auch unter dem neuen CEO stehe der Mensch im Mittelpunkt \u2013 das sei und bleibe ein zentraler Bestandteil der Unternehmensphilosophie, versicherte der neue Inhaber Martin H\u00e4nggi an einer Informationsveranstaltung vor den Mitarbeitenden. Das gegenseitige Vertrauen, gepaart mit Teamgeist und einer entsprechenden Wertsch\u00e4tzung, seien weitere Grundwerte des neuen Eotec-Chefs.<\/p>\n<p>&nbsp;<\/p>\n","protected":false},"excerpt":{"rendered":"<p>Der langj\u00e4hrige CEO Stefan Schr\u00f6der (58) hat das Zepter per 1. Juli 2018 an seinen Nachfolger Martin H\u00e4nggi (37) \u00fcbergeben. H\u00e4nggi, seit rund eineinhalb Jahren operativer Chef der Eotec, ist zugleich auch neuer Inhaber und Verwaltungsratspr\u00e4sident des KMU mit seinen 37 Mitarbeitenden. Schr\u00f6der hat sein Aktienpaket bewusst nicht an irgendeinen Investoren verkauft, sondern an H\u00e4nggi, [&hellip;]<\/p>\n","protected":false},"author":8,"featured_media":6599,"comment_status":"open","ping_status":"open","sticky":false,"template":"","format":"standard","meta":{"_acf_changed":false,"pgc_sgb_lightbox_settings":"","footnotes":""},"categories":[3312],"tags":[65,78],"class_list":["post-6595","post","type-post","status-publish","format-standard","has-post-thumbnail","hentry","category-sicherheit","tag-unternehmen","tag-videoueberwachung"],"acf":[],"hkrextid":null,"publication":null,"issue":null,"workflow":null,"startPage":null,"spitzmarke":null,"_posts_by_tag_page_fields":{"widget_title":"","widget_tags":""},"_at_widget":"1","_yoast_wpseo_primary_category":"529","_yoast_wpseo_focuskw_text_input":"Eotec","_yoast_wpseo_opengraph-image":null,"_yoast_wpseo_opengraph-description":null,"_yoast_wpseo_opengraph-title":null,"enclosure":null,"_yoast_wpseo_twitter-title":null,"_yoast_wpseo_twitter-description":null,"_yoast_wpseo_twitter-image":null,"_wp_old_slug":null,"_yoast_wpseo_title":null,"_yoast_wpseo_canonical":null,"yoast_head":"<!-- This site is optimized with the Yoast SEO plugin v27.5 - https:\/\/yoast.com\/product\/yoast-seo-wordpress\/ -->\n<title>Eotec: H\u00e4nggi folgt auf Schr\u00f6der - Save<\/title>\n<meta name=\"description\" content=\"Das traditionsreiche Muttenzer Unternehmen Eotec AG hat den Besitzer gewechselt und steht unter neuer F\u00fchrung. Neuer Chef ist Martin H\u00e4nggi.\" \/>\n<meta name=\"robots\" content=\"index, follow, max-snippet:-1, max-image-preview:large, max-video-preview:-1\" \/>\n<link rel=\"canonical\" href=\"https:\/\/news.save.ch\/de\/eotec-ag-martin-haenggi-folgt-auf-stefan-schroeder\/\" \/>\n<meta property=\"og:locale\" content=\"de_DE\" \/>\n<meta property=\"og:type\" content=\"article\" \/>\n<meta property=\"og:title\" content=\"Eotec: H\u00e4nggi folgt auf Schr\u00f6der - Save\" \/>\n<meta property=\"og:description\" content=\"Das traditionsreiche Muttenzer Unternehmen Eotec AG hat den Besitzer gewechselt und steht unter neuer F\u00fchrung. Neuer Chef ist Martin H\u00e4nggi.\" \/>\n<meta property=\"og:url\" content=\"https:\/\/news.save.ch\/de\/eotec-ag-martin-haenggi-folgt-auf-stefan-schroeder\/\" \/>\n<meta property=\"og:site_name\" content=\"Save\" \/>\n<meta property=\"article:published_time\" content=\"2018-07-11T06:01:35+00:00\" \/>\n<meta property=\"article:modified_time\" content=\"2023-03-14T07:59:21+00:00\" \/>\n<meta property=\"og:image\" content=\"https:\/\/news.save.ch\/wp-content\/uploads\/2018\/07\/Haenggi_Martin-01a-scaled-1-scaled.jpg\" \/>\n\t<meta property=\"og:image:width\" content=\"1400\" \/>\n\t<meta property=\"og:image:height\" content=\"1400\" \/>\n\t<meta property=\"og:image:type\" content=\"image\/jpeg\" \/>\n<meta name=\"author\" content=\"Roger Str\u00e4ssle\" \/>\n<meta name=\"twitter:card\" content=\"summary_large_image\" \/>\n<meta name=\"twitter:label1\" content=\"Geschrieben von\" \/>\n\t<meta name=\"twitter:data1\" content=\"Roger Str\u00e4ssle\" \/>\n\t<meta name=\"twitter:label2\" content=\"Gesch\u00e4tzte Lesezeit\" \/>\n\t<meta name=\"twitter:data2\" content=\"1\u00a0Minute\" \/>\n<script type=\"application\/ld+json\" class=\"yoast-schema-graph\">{\"@context\":\"https:\\\/\\\/schema.org\",\"@graph\":[{\"@type\":\"Article\",\"@id\":\"https:\\\/\\\/news.save.ch\\\/eotec-ag-martin-haenggi-folgt-auf-stefan-schroeder\\\/#article\",\"isPartOf\":{\"@id\":\"https:\\\/\\\/news.save.ch\\\/eotec-ag-martin-haenggi-folgt-auf-stefan-schroeder\\\/\"},\"author\":{\"name\":\"Roger Str\u00e4ssle\",\"@id\":\"https:\\\/\\\/news.save.ch\\\/de\\\/#\\\/schema\\\/person\\\/d5022db048e0e2b9785c50e5b24da5aa\"},\"headline\":\"Eotec: H\u00e4nggi folgt auf Schr\u00f6der\",\"datePublished\":\"2018-07-11T06:01:35+00:00\",\"dateModified\":\"2023-03-14T07:59:21+00:00\",\"mainEntityOfPage\":{\"@id\":\"https:\\\/\\\/news.save.ch\\\/eotec-ag-martin-haenggi-folgt-auf-stefan-schroeder\\\/\"},\"wordCount\":166,\"commentCount\":0,\"publisher\":{\"@id\":\"https:\\\/\\\/news.save.ch\\\/de\\\/#organization\"},\"image\":{\"@id\":\"https:\\\/\\\/news.save.ch\\\/eotec-ag-martin-haenggi-folgt-auf-stefan-schroeder\\\/#primaryimage\"},\"thumbnailUrl\":\"https:\\\/\\\/news.save.ch\\\/wp-content\\\/uploads\\\/2018\\\/07\\\/Haenggi_Martin-01a-scaled-1-scaled.jpg\",\"keywords\":[\"Unternehmen\",\"Video\u00fcberwachung\"],\"articleSection\":[\"SICHERHEIT\"],\"inLanguage\":\"de\"},{\"@type\":\"WebPage\",\"@id\":\"https:\\\/\\\/news.save.ch\\\/eotec-ag-martin-haenggi-folgt-auf-stefan-schroeder\\\/\",\"url\":\"https:\\\/\\\/news.save.ch\\\/eotec-ag-martin-haenggi-folgt-auf-stefan-schroeder\\\/\",\"name\":\"Eotec: H\u00e4nggi folgt auf Schr\u00f6der - Save\",\"isPartOf\":{\"@id\":\"https:\\\/\\\/news.save.ch\\\/de\\\/#website\"},\"primaryImageOfPage\":{\"@id\":\"https:\\\/\\\/news.save.ch\\\/eotec-ag-martin-haenggi-folgt-auf-stefan-schroeder\\\/#primaryimage\"},\"image\":{\"@id\":\"https:\\\/\\\/news.save.ch\\\/eotec-ag-martin-haenggi-folgt-auf-stefan-schroeder\\\/#primaryimage\"},\"thumbnailUrl\":\"https:\\\/\\\/news.save.ch\\\/wp-content\\\/uploads\\\/2018\\\/07\\\/Haenggi_Martin-01a-scaled-1-scaled.jpg\",\"datePublished\":\"2018-07-11T06:01:35+00:00\",\"dateModified\":\"2023-03-14T07:59:21+00:00\",\"description\":\"Das traditionsreiche Muttenzer Unternehmen Eotec AG hat den Besitzer gewechselt und steht unter neuer F\u00fchrung. Neuer Chef ist Martin H\u00e4nggi.\",\"breadcrumb\":{\"@id\":\"https:\\\/\\\/news.save.ch\\\/eotec-ag-martin-haenggi-folgt-auf-stefan-schroeder\\\/#breadcrumb\"},\"inLanguage\":\"de\",\"potentialAction\":[{\"@type\":\"ReadAction\",\"target\":[\"https:\\\/\\\/news.save.ch\\\/eotec-ag-martin-haenggi-folgt-auf-stefan-schroeder\\\/\"]}]},{\"@type\":\"ImageObject\",\"inLanguage\":\"de\",\"@id\":\"https:\\\/\\\/news.save.ch\\\/eotec-ag-martin-haenggi-folgt-auf-stefan-schroeder\\\/#primaryimage\",\"url\":\"https:\\\/\\\/news.save.ch\\\/wp-content\\\/uploads\\\/2018\\\/07\\\/Haenggi_Martin-01a-scaled-1-scaled.jpg\",\"contentUrl\":\"https:\\\/\\\/news.save.ch\\\/wp-content\\\/uploads\\\/2018\\\/07\\\/Haenggi_Martin-01a-scaled-1-scaled.jpg\",\"width\":1400,\"height\":1400},{\"@type\":\"BreadcrumbList\",\"@id\":\"https:\\\/\\\/news.save.ch\\\/eotec-ag-martin-haenggi-folgt-auf-stefan-schroeder\\\/#breadcrumb\",\"itemListElement\":[{\"@type\":\"ListItem\",\"position\":1,\"name\":\"Home\",\"item\":\"https:\\\/\\\/news.save.ch\\\/de\\\/\"},{\"@type\":\"ListItem\",\"position\":2,\"name\":\"Eotec: H\u00e4nggi folgt auf Schr\u00f6der\"}]},{\"@type\":\"WebSite\",\"@id\":\"https:\\\/\\\/news.save.ch\\\/de\\\/#website\",\"url\":\"https:\\\/\\\/news.save.ch\\\/de\\\/\",\"name\":\"Save\",\"description\":\"Schweizer Fachzeitschrift f\u00fcr Sicherheit\",\"publisher\":{\"@id\":\"https:\\\/\\\/news.save.ch\\\/de\\\/#organization\"},\"potentialAction\":[{\"@type\":\"SearchAction\",\"target\":{\"@type\":\"EntryPoint\",\"urlTemplate\":\"https:\\\/\\\/news.save.ch\\\/de\\\/?s={search_term_string}\"},\"query-input\":{\"@type\":\"PropertyValueSpecification\",\"valueRequired\":true,\"valueName\":\"search_term_string\"}}],\"inLanguage\":\"de\"},{\"@type\":\"Organization\",\"@id\":\"https:\\\/\\\/news.save.ch\\\/de\\\/#organization\",\"name\":\"Sicherheitsforum\",\"url\":\"https:\\\/\\\/news.save.ch\\\/de\\\/\",\"logo\":{\"@type\":\"ImageObject\",\"inLanguage\":\"de\",\"@id\":\"https:\\\/\\\/news.save.ch\\\/de\\\/#\\\/schema\\\/logo\\\/image\\\/\",\"url\":\"https:\\\/\\\/news.save.ch\\\/wp-content\\\/uploads\\\/2022\\\/06\\\/Logo_SF_2012.png\",\"contentUrl\":\"https:\\\/\\\/news.save.ch\\\/wp-content\\\/uploads\\\/2022\\\/06\\\/Logo_SF_2012.png\",\"width\":1100,\"height\":91,\"caption\":\"Sicherheitsforum\"},\"image\":{\"@id\":\"https:\\\/\\\/news.save.ch\\\/de\\\/#\\\/schema\\\/logo\\\/image\\\/\"}},{\"@type\":\"Person\",\"@id\":\"https:\\\/\\\/news.save.ch\\\/de\\\/#\\\/schema\\\/person\\\/d5022db048e0e2b9785c50e5b24da5aa\",\"name\":\"Roger Str\u00e4ssle\",\"image\":{\"@type\":\"ImageObject\",\"inLanguage\":\"de\",\"@id\":\"https:\\\/\\\/secure.gravatar.com\\\/avatar\\\/862a5569d087de48e5856e32f45d719a03804c891d6deb8d4f71a660e79e4a47?s=96&d=mm&r=g\",\"url\":\"https:\\\/\\\/secure.gravatar.com\\\/avatar\\\/862a5569d087de48e5856e32f45d719a03804c891d6deb8d4f71a660e79e4a47?s=96&d=mm&r=g\",\"contentUrl\":\"https:\\\/\\\/secure.gravatar.com\\\/avatar\\\/862a5569d087de48e5856e32f45d719a03804c891d6deb8d4f71a660e79e4a47?s=96&d=mm&r=g\",\"caption\":\"Roger Str\u00e4ssle\"},\"url\":\"https:\\\/\\\/news.save.ch\\\/de\\\/author\\\/roger-straessle\\\/\"}]}<\/script>\n<!-- \/ Yoast SEO plugin. -->","yoast_head_json":{"title":"Eotec: H\u00e4nggi folgt auf Schr\u00f6der - Save","description":"Das traditionsreiche Muttenzer Unternehmen Eotec AG hat den Besitzer gewechselt und steht unter neuer F\u00fchrung. Neuer Chef ist Martin H\u00e4nggi.","robots":{"index":"index","follow":"follow","max-snippet":"max-snippet:-1","max-image-preview":"max-image-preview:large","max-video-preview":"max-video-preview:-1"},"canonical":"https:\/\/news.save.ch\/de\/eotec-ag-martin-haenggi-folgt-auf-stefan-schroeder\/","og_locale":"de_DE","og_type":"article","og_title":"Eotec: H\u00e4nggi folgt auf Schr\u00f6der - Save","og_description":"Das traditionsreiche Muttenzer Unternehmen Eotec AG hat den Besitzer gewechselt und steht unter neuer F\u00fchrung. Neuer Chef ist Martin H\u00e4nggi.","og_url":"https:\/\/news.save.ch\/de\/eotec-ag-martin-haenggi-folgt-auf-stefan-schroeder\/","og_site_name":"Save","article_published_time":"2018-07-11T06:01:35+00:00","article_modified_time":"2023-03-14T07:59:21+00:00","og_image":[{"width":1400,"height":1400,"url":"https:\/\/news.save.ch\/wp-content\/uploads\/2018\/07\/Haenggi_Martin-01a-scaled-1-scaled.jpg","type":"image\/jpeg"}],"author":"Roger Str\u00e4ssle","twitter_card":"summary_large_image","twitter_misc":{"Geschrieben von":"Roger Str\u00e4ssle","Gesch\u00e4tzte Lesezeit":"1\u00a0Minute"},"schema":{"@context":"https:\/\/schema.org","@graph":[{"@type":"Article","@id":"https:\/\/news.save.ch\/eotec-ag-martin-haenggi-folgt-auf-stefan-schroeder\/#article","isPartOf":{"@id":"https:\/\/news.save.ch\/eotec-ag-martin-haenggi-folgt-auf-stefan-schroeder\/"},"author":{"name":"Roger Str\u00e4ssle","@id":"https:\/\/news.save.ch\/de\/#\/schema\/person\/d5022db048e0e2b9785c50e5b24da5aa"},"headline":"Eotec: H\u00e4nggi folgt auf Schr\u00f6der","datePublished":"2018-07-11T06:01:35+00:00","dateModified":"2023-03-14T07:59:21+00:00","mainEntityOfPage":{"@id":"https:\/\/news.save.ch\/eotec-ag-martin-haenggi-folgt-auf-stefan-schroeder\/"},"wordCount":166,"commentCount":0,"publisher":{"@id":"https:\/\/news.save.ch\/de\/#organization"},"image":{"@id":"https:\/\/news.save.ch\/eotec-ag-martin-haenggi-folgt-auf-stefan-schroeder\/#primaryimage"},"thumbnailUrl":"https:\/\/news.save.ch\/wp-content\/uploads\/2018\/07\/Haenggi_Martin-01a-scaled-1-scaled.jpg","keywords":["Unternehmen","Video\u00fcberwachung"],"articleSection":["SICHERHEIT"],"inLanguage":"de"},{"@type":"WebPage","@id":"https:\/\/news.save.ch\/eotec-ag-martin-haenggi-folgt-auf-stefan-schroeder\/","url":"https:\/\/news.save.ch\/eotec-ag-martin-haenggi-folgt-auf-stefan-schroeder\/","name":"Eotec: H\u00e4nggi folgt auf Schr\u00f6der - Save","isPartOf":{"@id":"https:\/\/news.save.ch\/de\/#website"},"primaryImageOfPage":{"@id":"https:\/\/news.save.ch\/eotec-ag-martin-haenggi-folgt-auf-stefan-schroeder\/#primaryimage"},"image":{"@id":"https:\/\/news.save.ch\/eotec-ag-martin-haenggi-folgt-auf-stefan-schroeder\/#primaryimage"},"thumbnailUrl":"https:\/\/news.save.ch\/wp-content\/uploads\/2018\/07\/Haenggi_Martin-01a-scaled-1-scaled.jpg","datePublished":"2018-07-11T06:01:35+00:00","dateModified":"2023-03-14T07:59:21+00:00","description":"Das traditionsreiche Muttenzer Unternehmen Eotec AG hat den Besitzer gewechselt und steht unter neuer F\u00fchrung. Neuer Chef ist Martin H\u00e4nggi.","breadcrumb":{"@id":"https:\/\/news.save.ch\/eotec-ag-martin-haenggi-folgt-auf-stefan-schroeder\/#breadcrumb"},"inLanguage":"de","potentialAction":[{"@type":"ReadAction","target":["https:\/\/news.save.ch\/eotec-ag-martin-haenggi-folgt-auf-stefan-schroeder\/"]}]},{"@type":"ImageObject","inLanguage":"de","@id":"https:\/\/news.save.ch\/eotec-ag-martin-haenggi-folgt-auf-stefan-schroeder\/#primaryimage","url":"https:\/\/news.save.ch\/wp-content\/uploads\/2018\/07\/Haenggi_Martin-01a-scaled-1-scaled.jpg","contentUrl":"https:\/\/news.save.ch\/wp-content\/uploads\/2018\/07\/Haenggi_Martin-01a-scaled-1-scaled.jpg","width":1400,"height":1400},{"@type":"BreadcrumbList","@id":"https:\/\/news.save.ch\/eotec-ag-martin-haenggi-folgt-auf-stefan-schroeder\/#breadcrumb","itemListElement":[{"@type":"ListItem","position":1,"name":"Home","item":"https:\/\/news.save.ch\/de\/"},{"@type":"ListItem","position":2,"name":"Eotec: H\u00e4nggi folgt auf Schr\u00f6der"}]},{"@type":"WebSite","@id":"https:\/\/news.save.ch\/de\/#website","url":"https:\/\/news.save.ch\/de\/","name":"Save","description":"Schweizer Fachzeitschrift f\u00fcr Sicherheit","publisher":{"@id":"https:\/\/news.save.ch\/de\/#organization"},"potentialAction":[{"@type":"SearchAction","target":{"@type":"EntryPoint","urlTemplate":"https:\/\/news.save.ch\/de\/?s={search_term_string}"},"query-input":{"@type":"PropertyValueSpecification","valueRequired":true,"valueName":"search_term_string"}}],"inLanguage":"de"},{"@type":"Organization","@id":"https:\/\/news.save.ch\/de\/#organization","name":"Sicherheitsforum","url":"https:\/\/news.save.ch\/de\/","logo":{"@type":"ImageObject","inLanguage":"de","@id":"https:\/\/news.save.ch\/de\/#\/schema\/logo\/image\/","url":"https:\/\/news.save.ch\/wp-content\/uploads\/2022\/06\/Logo_SF_2012.png","contentUrl":"https:\/\/news.save.ch\/wp-content\/uploads\/2022\/06\/Logo_SF_2012.png","width":1100,"height":91,"caption":"Sicherheitsforum"},"image":{"@id":"https:\/\/news.save.ch\/de\/#\/schema\/logo\/image\/"}},{"@type":"Person","@id":"https:\/\/news.save.ch\/de\/#\/schema\/person\/d5022db048e0e2b9785c50e5b24da5aa","name":"Roger Str\u00e4ssle","image":{"@type":"ImageObject","inLanguage":"de","@id":"https:\/\/secure.gravatar.com\/avatar\/862a5569d087de48e5856e32f45d719a03804c891d6deb8d4f71a660e79e4a47?s=96&d=mm&r=g","url":"https:\/\/secure.gravatar.com\/avatar\/862a5569d087de48e5856e32f45d719a03804c891d6deb8d4f71a660e79e4a47?s=96&d=mm&r=g","contentUrl":"https:\/\/secure.gravatar.com\/avatar\/862a5569d087de48e5856e32f45d719a03804c891d6deb8d4f71a660e79e4a47?s=96&d=mm&r=g","caption":"Roger Str\u00e4ssle"},"url":"https:\/\/news.save.ch\/de\/author\/roger-straessle\/"}]}},"_links":{"self":[{"href":"https:\/\/news.save.ch\/de\/wp-json\/wp\/v2\/posts\/6595","targetHints":{"allow":["GET"]}}],"collection":[{"href":"https:\/\/news.save.ch\/de\/wp-json\/wp\/v2\/posts"}],"about":[{"href":"https:\/\/news.save.ch\/de\/wp-json\/wp\/v2\/types\/post"}],"author":[{"embeddable":true,"href":"https:\/\/news.save.ch\/de\/wp-json\/wp\/v2\/users\/8"}],"replies":[{"embeddable":true,"href":"https:\/\/news.save.ch\/de\/wp-json\/wp\/v2\/comments?post=6595"}],"version-history":[{"count":1,"href":"https:\/\/news.save.ch\/de\/wp-json\/wp\/v2\/posts\/6595\/revisions"}],"predecessor-version":[{"id":17926,"href":"https:\/\/news.save.ch\/de\/wp-json\/wp\/v2\/posts\/6595\/revisions\/17926"}],"wp:featuredmedia":[{"embeddable":true,"href":"https:\/\/news.save.ch\/de\/wp-json\/wp\/v2\/media\/6599"}],"wp:attachment":[{"href":"https:\/\/news.save.ch\/de\/wp-json\/wp\/v2\/media?parent=6595"}],"wp:term":[{"taxonomy":"category","embeddable":true,"href":"https:\/\/news.save.ch\/de\/wp-json\/wp\/v2\/categories?post=6595"},{"taxonomy":"post_tag","embeddable":true,"href":"https:\/\/news.save.ch\/de\/wp-json\/wp\/v2\/tags?post=6595"}],"curies":[{"name":"wp","href":"https:\/\/api.w.org\/{rel}","templated":true}]}}