{"id":6672,"date":"2018-08-02T09:36:42","date_gmt":"2018-08-02T07:36:42","guid":{"rendered":"https:\/\/news.save.ch\/?p=6672"},"modified":"2018-08-02T09:36:42","modified_gmt":"2018-08-02T07:36:42","slug":"perimeterschutz-ist-auch-it-sicherheit","status":null,"type":"post","link":"https:\/\/news.save.ch\/de\/perimeterschutz-ist-auch-it-sicherheit\/","title":{"rendered":"Perimeterschutz ist auch IT-Sicherheit"},"content":{"rendered":"<figure id=\"attachment_6673\" aria-describedby=\"caption-attachment-6673\" style=\"width: 680px\" class=\"wp-caption aligncenter\"><img loading=\"lazy\" decoding=\"async\" class=\"wp-image-6673 size-medium\" src=\"https:\/\/news.save.ch\/wp-content\/uploads\/2018\/07\/Depositphotos_172185538_m-2015.jpg\" alt=\"Perimeterschutz\" width=\"680\" height=\"454\" srcset=\"https:\/\/news.save.ch\/wp-content\/uploads\/2018\/07\/Depositphotos_172185538_m-2015.jpg 1000w, https:\/\/news.save.ch\/wp-content\/uploads\/2018\/07\/Depositphotos_172185538_m-2015-375x250.jpg 375w\" sizes=\"auto, (max-width: 680px) 100vw, 680px\" \/><figcaption id=\"caption-attachment-6673\" class=\"wp-caption-text\">Bild: depositphotos, Scharfsinn<\/figcaption><\/figure>\n<p>In einem ganzheitlichen Sicherheitskonzept stellt der Schutz des Freigel\u00e4ndes die erste Sicherungslinie dar. Die Perimetersicherung erfasst potenzielle Straft\u00e4ter schon beim Versuch, das Gel\u00e4nde zu betreten. Diese fr\u00fchzeitige Detektion bietet einen deutlichen Zeitvorteil f\u00fcr Interventionsmassnahmen.<\/p>\n<p><strong>IT-Komponenten nicht vergessen<\/strong><\/p>\n<p>Im modernen Industriebetrieb oder einer \u00f6ffentlichen Infrastrukturanlage sind heutzutage Komponenten wie Switche, Router und weitere Netzwerkkomponenten auch im Aussenbereich verbaut. Deshalb spiele die IT-Sicherheit somit auch bei der Freigel\u00e4nde\u00fcberwachung eine wichtige Rolle, schreibt der BHE Bundesverband Sicherheitstechnik. Gem\u00e4ss dem Verband sollten nebst neben sicheren Prozessen und Strukturen immer auch dem \u201eDefence-in-Depth\u201c-Ansatz gen\u00fcge getan werden und die einzelnen Systeme geh\u00e4rtet sein. Beim Defence-in-Depth-Ansatz geht es um den koordinierten Einsatz mehrerer Sicherheitsmassnahmen, um Datenbest\u00e4nde zu sch\u00fctzen.<\/p>\n<p><strong>BHE-Symposium<\/strong><\/p>\n<p>Der BHE-Fachausschuss Perimeter besch\u00e4ftigt sich seit seiner Gr\u00fcndung mit allen Thematiken rund um die Aussenabsicherung. In diesem Jahr soll besonders die IT-Sicherheit in den Vordergrund r\u00fccken und auf einem Fachsymposium die Frage nach der Verkn\u00fcpfung von Perimetersicherung und Cyber-Security gestellt werden. Welche Massnahmen sollten aufgrund der aktuellen Bedrohungssituation kurz-, mittel- und langfristig getroffen werden? Wie kann das \u201eRestrisiko\u201c abgesch\u00e4tzt und bewertet werden?<\/p>\n<p>Das \u201e<a href=\"https:\/\/www.bhe.de\/perimeter-symposium\">Fach- und Anwendersymposium Perimetersicherung &#8211; Insiderwissen<\/a>\u201c am 28. August 2018 in Bremerhaven stellt daher die Frage nach der Verkn\u00fcpfung von Perimetersicherung und Cyber-Security. Die BHE-Veranstaltung erm\u00f6gliche einen Austausch \u00fcber Langzeiterfahrungen und biete gleichzeitig einen interessanten Ausblick in die Zukunft, schreiben die Veranstalter. Am Anlass wird unter anderem die neue Norm f\u00fcr Perimetersicherung vorgestellt.<\/p>\n<p>Das BHE-Symposium richtet sich an folgende Zielgruppen: Sicherheitsverantwortliche in Unternehmen und technisches Fachpersonal, Vertreter von Kripo-Beratungsstellen, Planer- und Ingenieurb\u00fcros, Versicherer, Entscheider in Baubeh\u00f6rden.<\/p>\n<p>&nbsp;<\/p>\n<p>&nbsp;<\/p>\n<p>&nbsp;<\/p>\n","protected":false},"excerpt":{"rendered":"<p>In einem ganzheitlichen Sicherheitskonzept stellt der Schutz des Freigel\u00e4ndes die erste Sicherungslinie dar. Die Perimetersicherung erfasst potenzielle Straft\u00e4ter schon beim Versuch, das Gel\u00e4nde zu betreten. Diese fr\u00fchzeitige Detektion bietet einen deutlichen Zeitvorteil f\u00fcr Interventionsmassnahmen. IT-Komponenten nicht vergessen Im modernen Industriebetrieb oder einer \u00f6ffentlichen Infrastrukturanlage sind heutzutage Komponenten wie Switche, Router und weitere Netzwerkkomponenten auch im [&hellip;]<\/p>\n","protected":false},"author":8,"featured_media":6673,"comment_status":"open","ping_status":"open","sticky":false,"template":"","format":"standard","meta":{"_acf_changed":false,"pgc_sgb_lightbox_settings":"","footnotes":""},"categories":[1],"tags":[270,158],"class_list":["post-6672","post","type-post","status-publish","format-standard","has-post-thumbnail","hentry","category-allgemein","tag-perimeterschutz","tag-zutrittskontrolle"],"acf":[],"hkrextid":null,"publication":null,"issue":null,"workflow":null,"startPage":null,"spitzmarke":null,"_posts_by_tag_page_fields":{"widget_title":"","widget_tags":""},"_at_widget":"1","_yoast_wpseo_primary_category":"1","_yoast_wpseo_focuskw_text_input":"Perimeterschutz","_yoast_wpseo_opengraph-image":null,"_yoast_wpseo_opengraph-description":null,"_yoast_wpseo_opengraph-title":null,"enclosure":null,"_yoast_wpseo_twitter-title":null,"_yoast_wpseo_twitter-description":null,"_yoast_wpseo_twitter-image":null,"_wp_old_slug":null,"_yoast_wpseo_title":null,"_yoast_wpseo_canonical":null,"yoast_head":"<!-- This site is optimized with the Yoast SEO plugin v27.4 - https:\/\/yoast.com\/product\/yoast-seo-wordpress\/ -->\n<title>Perimeterschutz ist auch IT-Sicherheit - Save<\/title>\n<meta name=\"description\" content=\"Die Perimetersicherung muss auch die im Aussenbereich verbauten Netzwerkkomponenten ausreichend sch\u00fctzen. Der BHE veranstaltet dazu ein Symposium.\" \/>\n<meta name=\"robots\" content=\"index, follow, max-snippet:-1, max-image-preview:large, max-video-preview:-1\" \/>\n<link rel=\"canonical\" href=\"https:\/\/news.save.ch\/de\/perimeterschutz-ist-auch-it-sicherheit\/\" \/>\n<meta property=\"og:locale\" content=\"de_DE\" \/>\n<meta property=\"og:type\" content=\"article\" \/>\n<meta property=\"og:title\" content=\"Perimeterschutz ist auch IT-Sicherheit - Save\" \/>\n<meta property=\"og:description\" content=\"Die Perimetersicherung muss auch die im Aussenbereich verbauten Netzwerkkomponenten ausreichend sch\u00fctzen. Der BHE veranstaltet dazu ein Symposium.\" \/>\n<meta property=\"og:url\" content=\"https:\/\/news.save.ch\/de\/perimeterschutz-ist-auch-it-sicherheit\/\" \/>\n<meta property=\"og:site_name\" content=\"Save\" \/>\n<meta property=\"article:published_time\" content=\"2018-08-02T07:36:42+00:00\" \/>\n<meta property=\"og:image\" content=\"https:\/\/news.save.ch\/wp-content\/uploads\/2018\/07\/Depositphotos_172185538_m-2015.jpg\" \/>\n\t<meta property=\"og:image:width\" content=\"1000\" \/>\n\t<meta property=\"og:image:height\" content=\"667\" \/>\n\t<meta property=\"og:image:type\" content=\"image\/jpeg\" \/>\n<meta name=\"author\" content=\"Roger Str\u00e4ssle\" \/>\n<meta name=\"twitter:card\" content=\"summary_large_image\" \/>\n<meta name=\"twitter:label1\" content=\"Geschrieben von\" \/>\n\t<meta name=\"twitter:data1\" content=\"Roger Str\u00e4ssle\" \/>\n\t<meta name=\"twitter:label2\" content=\"Gesch\u00e4tzte Lesezeit\" \/>\n\t<meta name=\"twitter:data2\" content=\"1\u00a0Minute\" \/>\n<script type=\"application\/ld+json\" class=\"yoast-schema-graph\">{\"@context\":\"https:\\\/\\\/schema.org\",\"@graph\":[{\"@type\":\"Article\",\"@id\":\"https:\\\/\\\/news.save.ch\\\/perimeterschutz-ist-auch-it-sicherheit\\\/#article\",\"isPartOf\":{\"@id\":\"https:\\\/\\\/news.save.ch\\\/perimeterschutz-ist-auch-it-sicherheit\\\/\"},\"author\":{\"name\":\"Roger Str\u00e4ssle\",\"@id\":\"https:\\\/\\\/news.save.ch\\\/de\\\/#\\\/schema\\\/person\\\/d5022db048e0e2b9785c50e5b24da5aa\"},\"headline\":\"Perimeterschutz ist auch IT-Sicherheit\",\"datePublished\":\"2018-08-02T07:36:42+00:00\",\"mainEntityOfPage\":{\"@id\":\"https:\\\/\\\/news.save.ch\\\/perimeterschutz-ist-auch-it-sicherheit\\\/\"},\"wordCount\":289,\"commentCount\":0,\"publisher\":{\"@id\":\"https:\\\/\\\/news.save.ch\\\/de\\\/#organization\"},\"image\":{\"@id\":\"https:\\\/\\\/news.save.ch\\\/perimeterschutz-ist-auch-it-sicherheit\\\/#primaryimage\"},\"thumbnailUrl\":\"https:\\\/\\\/news.save.ch\\\/wp-content\\\/uploads\\\/2018\\\/07\\\/Depositphotos_172185538_m-2015.jpg\",\"keywords\":[\"Perimeterschutz\",\"Zutrittskontrolle\"],\"articleSection\":[\"ALLGEMEIN\"],\"inLanguage\":\"de\"},{\"@type\":\"WebPage\",\"@id\":\"https:\\\/\\\/news.save.ch\\\/perimeterschutz-ist-auch-it-sicherheit\\\/\",\"url\":\"https:\\\/\\\/news.save.ch\\\/perimeterschutz-ist-auch-it-sicherheit\\\/\",\"name\":\"Perimeterschutz ist auch IT-Sicherheit - Save\",\"isPartOf\":{\"@id\":\"https:\\\/\\\/news.save.ch\\\/de\\\/#website\"},\"primaryImageOfPage\":{\"@id\":\"https:\\\/\\\/news.save.ch\\\/perimeterschutz-ist-auch-it-sicherheit\\\/#primaryimage\"},\"image\":{\"@id\":\"https:\\\/\\\/news.save.ch\\\/perimeterschutz-ist-auch-it-sicherheit\\\/#primaryimage\"},\"thumbnailUrl\":\"https:\\\/\\\/news.save.ch\\\/wp-content\\\/uploads\\\/2018\\\/07\\\/Depositphotos_172185538_m-2015.jpg\",\"datePublished\":\"2018-08-02T07:36:42+00:00\",\"description\":\"Die Perimetersicherung muss auch die im Aussenbereich verbauten Netzwerkkomponenten ausreichend sch\u00fctzen. Der BHE veranstaltet dazu ein Symposium.\",\"breadcrumb\":{\"@id\":\"https:\\\/\\\/news.save.ch\\\/perimeterschutz-ist-auch-it-sicherheit\\\/#breadcrumb\"},\"inLanguage\":\"de\",\"potentialAction\":[{\"@type\":\"ReadAction\",\"target\":[\"https:\\\/\\\/news.save.ch\\\/perimeterschutz-ist-auch-it-sicherheit\\\/\"]}]},{\"@type\":\"ImageObject\",\"inLanguage\":\"de\",\"@id\":\"https:\\\/\\\/news.save.ch\\\/perimeterschutz-ist-auch-it-sicherheit\\\/#primaryimage\",\"url\":\"https:\\\/\\\/news.save.ch\\\/wp-content\\\/uploads\\\/2018\\\/07\\\/Depositphotos_172185538_m-2015.jpg\",\"contentUrl\":\"https:\\\/\\\/news.save.ch\\\/wp-content\\\/uploads\\\/2018\\\/07\\\/Depositphotos_172185538_m-2015.jpg\",\"width\":1000,\"height\":667,\"caption\":\"Bild: depositphotos, Scharfsinn\"},{\"@type\":\"BreadcrumbList\",\"@id\":\"https:\\\/\\\/news.save.ch\\\/perimeterschutz-ist-auch-it-sicherheit\\\/#breadcrumb\",\"itemListElement\":[{\"@type\":\"ListItem\",\"position\":1,\"name\":\"Home\",\"item\":\"https:\\\/\\\/news.save.ch\\\/de\\\/\"},{\"@type\":\"ListItem\",\"position\":2,\"name\":\"Perimeterschutz ist auch IT-Sicherheit\"}]},{\"@type\":\"WebSite\",\"@id\":\"https:\\\/\\\/news.save.ch\\\/de\\\/#website\",\"url\":\"https:\\\/\\\/news.save.ch\\\/de\\\/\",\"name\":\"Save\",\"description\":\"Schweizer Fachzeitschrift f\u00fcr Sicherheit\",\"publisher\":{\"@id\":\"https:\\\/\\\/news.save.ch\\\/de\\\/#organization\"},\"potentialAction\":[{\"@type\":\"SearchAction\",\"target\":{\"@type\":\"EntryPoint\",\"urlTemplate\":\"https:\\\/\\\/news.save.ch\\\/de\\\/?s={search_term_string}\"},\"query-input\":{\"@type\":\"PropertyValueSpecification\",\"valueRequired\":true,\"valueName\":\"search_term_string\"}}],\"inLanguage\":\"de\"},{\"@type\":\"Organization\",\"@id\":\"https:\\\/\\\/news.save.ch\\\/de\\\/#organization\",\"name\":\"Sicherheitsforum\",\"url\":\"https:\\\/\\\/news.save.ch\\\/de\\\/\",\"logo\":{\"@type\":\"ImageObject\",\"inLanguage\":\"de\",\"@id\":\"https:\\\/\\\/news.save.ch\\\/de\\\/#\\\/schema\\\/logo\\\/image\\\/\",\"url\":\"https:\\\/\\\/news.save.ch\\\/wp-content\\\/uploads\\\/2022\\\/06\\\/Logo_SF_2012.png\",\"contentUrl\":\"https:\\\/\\\/news.save.ch\\\/wp-content\\\/uploads\\\/2022\\\/06\\\/Logo_SF_2012.png\",\"width\":1100,\"height\":91,\"caption\":\"Sicherheitsforum\"},\"image\":{\"@id\":\"https:\\\/\\\/news.save.ch\\\/de\\\/#\\\/schema\\\/logo\\\/image\\\/\"}},{\"@type\":\"Person\",\"@id\":\"https:\\\/\\\/news.save.ch\\\/de\\\/#\\\/schema\\\/person\\\/d5022db048e0e2b9785c50e5b24da5aa\",\"name\":\"Roger Str\u00e4ssle\",\"image\":{\"@type\":\"ImageObject\",\"inLanguage\":\"de\",\"@id\":\"https:\\\/\\\/secure.gravatar.com\\\/avatar\\\/862a5569d087de48e5856e32f45d719a03804c891d6deb8d4f71a660e79e4a47?s=96&d=mm&r=g\",\"url\":\"https:\\\/\\\/secure.gravatar.com\\\/avatar\\\/862a5569d087de48e5856e32f45d719a03804c891d6deb8d4f71a660e79e4a47?s=96&d=mm&r=g\",\"contentUrl\":\"https:\\\/\\\/secure.gravatar.com\\\/avatar\\\/862a5569d087de48e5856e32f45d719a03804c891d6deb8d4f71a660e79e4a47?s=96&d=mm&r=g\",\"caption\":\"Roger Str\u00e4ssle\"},\"url\":\"https:\\\/\\\/news.save.ch\\\/de\\\/author\\\/roger-straessle\\\/\"}]}<\/script>\n<!-- \/ Yoast SEO plugin. -->","yoast_head_json":{"title":"Perimeterschutz ist auch IT-Sicherheit - Save","description":"Die Perimetersicherung muss auch die im Aussenbereich verbauten Netzwerkkomponenten ausreichend sch\u00fctzen. Der BHE veranstaltet dazu ein Symposium.","robots":{"index":"index","follow":"follow","max-snippet":"max-snippet:-1","max-image-preview":"max-image-preview:large","max-video-preview":"max-video-preview:-1"},"canonical":"https:\/\/news.save.ch\/de\/perimeterschutz-ist-auch-it-sicherheit\/","og_locale":"de_DE","og_type":"article","og_title":"Perimeterschutz ist auch IT-Sicherheit - Save","og_description":"Die Perimetersicherung muss auch die im Aussenbereich verbauten Netzwerkkomponenten ausreichend sch\u00fctzen. Der BHE veranstaltet dazu ein Symposium.","og_url":"https:\/\/news.save.ch\/de\/perimeterschutz-ist-auch-it-sicherheit\/","og_site_name":"Save","article_published_time":"2018-08-02T07:36:42+00:00","og_image":[{"width":1000,"height":667,"url":"https:\/\/news.save.ch\/wp-content\/uploads\/2018\/07\/Depositphotos_172185538_m-2015.jpg","type":"image\/jpeg"}],"author":"Roger Str\u00e4ssle","twitter_card":"summary_large_image","twitter_misc":{"Geschrieben von":"Roger Str\u00e4ssle","Gesch\u00e4tzte Lesezeit":"1\u00a0Minute"},"schema":{"@context":"https:\/\/schema.org","@graph":[{"@type":"Article","@id":"https:\/\/news.save.ch\/perimeterschutz-ist-auch-it-sicherheit\/#article","isPartOf":{"@id":"https:\/\/news.save.ch\/perimeterschutz-ist-auch-it-sicherheit\/"},"author":{"name":"Roger Str\u00e4ssle","@id":"https:\/\/news.save.ch\/de\/#\/schema\/person\/d5022db048e0e2b9785c50e5b24da5aa"},"headline":"Perimeterschutz ist auch IT-Sicherheit","datePublished":"2018-08-02T07:36:42+00:00","mainEntityOfPage":{"@id":"https:\/\/news.save.ch\/perimeterschutz-ist-auch-it-sicherheit\/"},"wordCount":289,"commentCount":0,"publisher":{"@id":"https:\/\/news.save.ch\/de\/#organization"},"image":{"@id":"https:\/\/news.save.ch\/perimeterschutz-ist-auch-it-sicherheit\/#primaryimage"},"thumbnailUrl":"https:\/\/news.save.ch\/wp-content\/uploads\/2018\/07\/Depositphotos_172185538_m-2015.jpg","keywords":["Perimeterschutz","Zutrittskontrolle"],"articleSection":["ALLGEMEIN"],"inLanguage":"de"},{"@type":"WebPage","@id":"https:\/\/news.save.ch\/perimeterschutz-ist-auch-it-sicherheit\/","url":"https:\/\/news.save.ch\/perimeterschutz-ist-auch-it-sicherheit\/","name":"Perimeterschutz ist auch IT-Sicherheit - Save","isPartOf":{"@id":"https:\/\/news.save.ch\/de\/#website"},"primaryImageOfPage":{"@id":"https:\/\/news.save.ch\/perimeterschutz-ist-auch-it-sicherheit\/#primaryimage"},"image":{"@id":"https:\/\/news.save.ch\/perimeterschutz-ist-auch-it-sicherheit\/#primaryimage"},"thumbnailUrl":"https:\/\/news.save.ch\/wp-content\/uploads\/2018\/07\/Depositphotos_172185538_m-2015.jpg","datePublished":"2018-08-02T07:36:42+00:00","description":"Die Perimetersicherung muss auch die im Aussenbereich verbauten Netzwerkkomponenten ausreichend sch\u00fctzen. Der BHE veranstaltet dazu ein Symposium.","breadcrumb":{"@id":"https:\/\/news.save.ch\/perimeterschutz-ist-auch-it-sicherheit\/#breadcrumb"},"inLanguage":"de","potentialAction":[{"@type":"ReadAction","target":["https:\/\/news.save.ch\/perimeterschutz-ist-auch-it-sicherheit\/"]}]},{"@type":"ImageObject","inLanguage":"de","@id":"https:\/\/news.save.ch\/perimeterschutz-ist-auch-it-sicherheit\/#primaryimage","url":"https:\/\/news.save.ch\/wp-content\/uploads\/2018\/07\/Depositphotos_172185538_m-2015.jpg","contentUrl":"https:\/\/news.save.ch\/wp-content\/uploads\/2018\/07\/Depositphotos_172185538_m-2015.jpg","width":1000,"height":667,"caption":"Bild: depositphotos, Scharfsinn"},{"@type":"BreadcrumbList","@id":"https:\/\/news.save.ch\/perimeterschutz-ist-auch-it-sicherheit\/#breadcrumb","itemListElement":[{"@type":"ListItem","position":1,"name":"Home","item":"https:\/\/news.save.ch\/de\/"},{"@type":"ListItem","position":2,"name":"Perimeterschutz ist auch IT-Sicherheit"}]},{"@type":"WebSite","@id":"https:\/\/news.save.ch\/de\/#website","url":"https:\/\/news.save.ch\/de\/","name":"Save","description":"Schweizer Fachzeitschrift f\u00fcr Sicherheit","publisher":{"@id":"https:\/\/news.save.ch\/de\/#organization"},"potentialAction":[{"@type":"SearchAction","target":{"@type":"EntryPoint","urlTemplate":"https:\/\/news.save.ch\/de\/?s={search_term_string}"},"query-input":{"@type":"PropertyValueSpecification","valueRequired":true,"valueName":"search_term_string"}}],"inLanguage":"de"},{"@type":"Organization","@id":"https:\/\/news.save.ch\/de\/#organization","name":"Sicherheitsforum","url":"https:\/\/news.save.ch\/de\/","logo":{"@type":"ImageObject","inLanguage":"de","@id":"https:\/\/news.save.ch\/de\/#\/schema\/logo\/image\/","url":"https:\/\/news.save.ch\/wp-content\/uploads\/2022\/06\/Logo_SF_2012.png","contentUrl":"https:\/\/news.save.ch\/wp-content\/uploads\/2022\/06\/Logo_SF_2012.png","width":1100,"height":91,"caption":"Sicherheitsforum"},"image":{"@id":"https:\/\/news.save.ch\/de\/#\/schema\/logo\/image\/"}},{"@type":"Person","@id":"https:\/\/news.save.ch\/de\/#\/schema\/person\/d5022db048e0e2b9785c50e5b24da5aa","name":"Roger Str\u00e4ssle","image":{"@type":"ImageObject","inLanguage":"de","@id":"https:\/\/secure.gravatar.com\/avatar\/862a5569d087de48e5856e32f45d719a03804c891d6deb8d4f71a660e79e4a47?s=96&d=mm&r=g","url":"https:\/\/secure.gravatar.com\/avatar\/862a5569d087de48e5856e32f45d719a03804c891d6deb8d4f71a660e79e4a47?s=96&d=mm&r=g","contentUrl":"https:\/\/secure.gravatar.com\/avatar\/862a5569d087de48e5856e32f45d719a03804c891d6deb8d4f71a660e79e4a47?s=96&d=mm&r=g","caption":"Roger Str\u00e4ssle"},"url":"https:\/\/news.save.ch\/de\/author\/roger-straessle\/"}]}},"_links":{"self":[{"href":"https:\/\/news.save.ch\/de\/wp-json\/wp\/v2\/posts\/6672","targetHints":{"allow":["GET"]}}],"collection":[{"href":"https:\/\/news.save.ch\/de\/wp-json\/wp\/v2\/posts"}],"about":[{"href":"https:\/\/news.save.ch\/de\/wp-json\/wp\/v2\/types\/post"}],"author":[{"embeddable":true,"href":"https:\/\/news.save.ch\/de\/wp-json\/wp\/v2\/users\/8"}],"replies":[{"embeddable":true,"href":"https:\/\/news.save.ch\/de\/wp-json\/wp\/v2\/comments?post=6672"}],"version-history":[{"count":0,"href":"https:\/\/news.save.ch\/de\/wp-json\/wp\/v2\/posts\/6672\/revisions"}],"wp:featuredmedia":[{"embeddable":true,"href":"https:\/\/news.save.ch\/de\/wp-json\/wp\/v2\/media\/6673"}],"wp:attachment":[{"href":"https:\/\/news.save.ch\/de\/wp-json\/wp\/v2\/media?parent=6672"}],"wp:term":[{"taxonomy":"category","embeddable":true,"href":"https:\/\/news.save.ch\/de\/wp-json\/wp\/v2\/categories?post=6672"},{"taxonomy":"post_tag","embeddable":true,"href":"https:\/\/news.save.ch\/de\/wp-json\/wp\/v2\/tags?post=6672"}],"curies":[{"name":"wp","href":"https:\/\/api.w.org\/{rel}","templated":true}]}}