{"id":6736,"date":"2021-02-05T09:53:46","date_gmt":"2021-02-05T08:53:46","guid":{"rendered":"https:\/\/news.save.ch\/?p=6736"},"modified":"2023-08-09T04:19:39","modified_gmt":"2023-08-09T02:19:39","slug":"sharing-von-e-trottinets-trotz-corona-nicht-ausgebremst","status":null,"type":"post","link":"https:\/\/news.save.ch\/de\/sharing-von-e-trottinets-trotz-corona-nicht-ausgebremst\/","title":{"rendered":"Sharing von E-Trottinets trotz Corona nicht ausgebremst"},"content":{"rendered":"<figure id=\"attachment_16415\" aria-describedby=\"caption-attachment-16415\" style=\"width: 680px\" class=\"wp-caption alignnone\"><img loading=\"lazy\" decoding=\"async\" class=\"wp-image-16415 size-medium\" src=\"https:\/\/news.save.ch\/wp-content\/uploads\/2021\/02\/E-Scooter-680x500.jpg\" alt=\"E-Trottinett\" width=\"680\" height=\"500\" srcset=\"https:\/\/news.save.ch\/wp-content\/uploads\/2021\/02\/E-Scooter-680x500.jpg 680w, https:\/\/news.save.ch\/wp-content\/uploads\/2021\/02\/E-Scooter-768x565.jpg 768w, https:\/\/news.save.ch\/wp-content\/uploads\/2021\/02\/E-Scooter-16x12.jpg 16w, https:\/\/news.save.ch\/wp-content\/uploads\/2021\/02\/E-Scooter-375x276.jpg 375w, https:\/\/news.save.ch\/wp-content\/uploads\/2021\/02\/E-Scooter-476x350.jpg 476w, https:\/\/news.save.ch\/wp-content\/uploads\/2021\/02\/E-Scooter.jpg 960w\" sizes=\"auto, (max-width: 680px) 100vw, 680px\" \/><figcaption id=\"caption-attachment-16415\" class=\"wp-caption-text\">Pixabay<\/figcaption><\/figure>\n<p>Der europ\u00e4ische Markt f\u00fcr E-Trottinett-Sharing ist auch im Krisenjahr 2020 gewachsen \u2013 allerdings nicht mehr so stark wie im Jahr zuvor. Damals hatte sich die Anzahl der E-Trottinetts innerhalb eines Jahres insgesamt mehr als verzehnfacht. Dies zeigt eine Vergleichsstudie, die j\u00e4hrlich von ZHAW-Studierenden des Studiengangs Verkehrssysteme durchgef\u00fchrt wird. Der Bikesharing-Markt hingegen wurde im vergangenen Jahr etwas kleiner. In Z\u00fcrich und Wien gibt es inzwischen fast drei Mal so viele E-Trottinetts wie Velos zum Ausleihen. In allen anderen St\u00e4dten haben aber die Bikes noch die Oberhand.<\/p>\n<h2>Gr\u00f6sste E-Trottinett-Dichte in Z\u00fcrich<\/h2>\n<p>Im Jahr 2019 wurden vor allem Berlin, Kopenhagen und Z\u00fcrich mit E-Trottinetts geflutet. Dieser Boom hat im Jahr 2020 nun auch Barcelona und Paris erreicht. W\u00e4hrend sich die Flottengr\u00f6ssen in Berlin und Kopenhagen seit 2019 kaum ver\u00e4ndert haben, erkennt man in Z\u00fcrich ein weiteres Wachstum im Vergleich zum Vorjahr. Mit inzwischen fast 4000 E-Trottinetts und somit \u00fcber acht Fahrzeugen pro 1000 Einwohner ist das Sharing-Angebot hier viermal dichter als in den anderen untersuchten St\u00e4dten. Doch wann hat das Wachstum ein Ende?<\/p>\n<p>\u00abDie stagnierenden Zahlen in Berlin und Kopenhagen k\u00f6nnten die ersten Vorboten einer Markts\u00e4ttigung sein\u00bb, sagt Verkehrssysteme-Student Christof Kraft, der die ZHAW-Studie geleitet hat. \u00abEs bleibt zu beobachten, ob in Zukunft auch in anderen St\u00e4dten eine Stabilisierung der Zahlen eintritt oder ob teilweise sogar ein R\u00fcckgang aufgrund von gesetzlichen Einschr\u00e4nkungen erfolgt.\u00bb<\/p>\n<h2>Immer mehr Regeln f\u00fcr E-Trottinetts<\/h2>\n<p>Viele St\u00e4dte in Europa haben bereits Massnahmen ergriffen, um die Angebote im E-Trottinett-Sharing zu regulieren. So sind in Z\u00fcrich h\u00f6chstens 800 Fahrzeuge pro Anbieter erlaubt. In Wien gibt es, neben einer Beschr\u00e4nkung auf maximal 1500 Fahrzeuge pro Anbieter, seit Mitte 2020 eine polizeiliche Verordnung mit zus\u00e4tzlichen Regelungen und Versch\u00e4rfungen. In Paris wurde im Sommer 2020 ein Bewerbungsverfahren durchgef\u00fchrt, bei welchem sich 16 Anbieter um die Zulassung in der Stadt bem\u00fchten. Schlussendlich wurden drei Anbieter ausgew\u00e4hlt. Diese d\u00fcrfen in den n\u00e4chsten zwei Jahren mit jeweils maximal 5000 Fahrzeugen in Paris operieren. Auch London wird 2021 ein solches Auswahlverfahren durchf\u00fchren.<\/p>\n<h2>Roller-Sharing in Bedr\u00e4ngnis<\/h2>\n<p>Im Bikesharing-Markt herrscht ein grosser Konkurrenzkampf unter den Anbietern. Dies belegen die zahlreichen Marktaustritte und \u00dcbernahmen von verschiedenen Betreibern. Die Gesamtzahl Sharing-Velos ist um knapp 15 Prozent eingebrochen. Auch die Flottengr\u00f6ssen im Roller-Sharing sind in vielen St\u00e4dten leicht r\u00fcckl\u00e4ufig.<\/p>\n<p>\u00abDie Abnahme des Roller-Angebots l\u00e4sst sich einerseits durch die steigende Attraktivit\u00e4t des E-Trottinett-Sharings begr\u00fcnden\u00bb, sagt Christof Kraft. \u00abAndererseits decken die hinzugekommenen E-Bikes diejenigen Bed\u00fcrfnisse ab, auf die das Roller-Sharing urspr\u00fcnglich abzielte.\u00bb Die Roller sind zudem teurer in der Anschaffung und im Unterhalt. Die Studierenden erwarten, dass dieses Sharing-Angebot in den n\u00e4chsten Jahren eine immer kleinere Rolle einnehmen wird.<\/p>\n<p><em>Quelle: ZHAW<\/em><\/p>\n","protected":false},"excerpt":{"rendered":"<p>Der europ\u00e4ische Markt f\u00fcr E-Trottinett-Sharing ist auch im Krisenjahr 2020 gewachsen \u2013 allerdings nicht mehr so stark wie im Jahr zuvor. Damals hatte sich die Anzahl der E-Trottinetts innerhalb eines Jahres insgesamt mehr als verzehnfacht. Dies zeigt eine Vergleichsstudie, die j\u00e4hrlich von ZHAW-Studierenden des Studiengangs Verkehrssysteme durchgef\u00fchrt wird. Der Bikesharing-Markt hingegen wurde im vergangenen Jahr [&hellip;]<\/p>\n","protected":false},"author":9,"featured_media":16415,"comment_status":"closed","ping_status":"closed","sticky":false,"template":"","format":"standard","meta":{"_acf_changed":false,"pgc_sgb_lightbox_settings":"","footnotes":""},"categories":[1,3314],"tags":[5781,968,981,1940,5783,5782],"class_list":["post-6736","post","type-post","status-publish","format-standard","has-post-thumbnail","hentry","category-allgemein","category-health-safety","tag-bikesharing","tag-e-bikes","tag-e-trottinett","tag-e-trottinette","tag-flottengroessen","tag-zhaw-studie"],"acf":[],"hkrextid":null,"publication":null,"issue":null,"workflow":null,"startPage":null,"spitzmarke":null,"_posts_by_tag_page_fields":{"widget_title":"","widget_tags":""},"_at_widget":"1","_yoast_wpseo_primary_category":"1","_yoast_wpseo_focuskw_text_input":null,"_yoast_wpseo_opengraph-image":null,"_yoast_wpseo_opengraph-description":null,"_yoast_wpseo_opengraph-title":null,"enclosure":null,"_yoast_wpseo_twitter-title":null,"_yoast_wpseo_twitter-description":null,"_yoast_wpseo_twitter-image":null,"_wp_old_slug":null,"_yoast_wpseo_title":null,"_yoast_wpseo_canonical":null,"yoast_head":"<!-- This site is optimized with the Yoast SEO plugin v27.4 - https:\/\/yoast.com\/product\/yoast-seo-wordpress\/ -->\n<title>Sharing von E-Trottinets trotz Corona nicht ausgebremst - Save<\/title>\n<meta name=\"description\" content=\"Sharing von E-Trottinetts, Velos &amp; Co. ist in den Grossst\u00e4dten Europas weiterhin fest im Markt verankert. Dies zeigt eine Untersuchung von ZHAW-Studierenden in sieben europ\u00e4ischen St\u00e4dten.\" \/>\n<meta name=\"robots\" content=\"index, follow, max-snippet:-1, max-image-preview:large, max-video-preview:-1\" \/>\n<link rel=\"canonical\" href=\"https:\/\/news.save.ch\/de\/sharing-von-e-trottinets-trotz-corona-nicht-ausgebremst\/\" \/>\n<meta property=\"og:locale\" content=\"de_DE\" \/>\n<meta property=\"og:type\" content=\"article\" \/>\n<meta property=\"og:title\" content=\"Sharing von E-Trottinets trotz Corona nicht ausgebremst - Save\" \/>\n<meta property=\"og:description\" content=\"Sharing von E-Trottinetts, Velos &amp; Co. ist in den Grossst\u00e4dten Europas weiterhin fest im Markt verankert. Dies zeigt eine Untersuchung von ZHAW-Studierenden in sieben europ\u00e4ischen St\u00e4dten.\" \/>\n<meta property=\"og:url\" content=\"https:\/\/news.save.ch\/de\/sharing-von-e-trottinets-trotz-corona-nicht-ausgebremst\/\" \/>\n<meta property=\"og:site_name\" content=\"Save\" \/>\n<meta property=\"article:published_time\" content=\"2021-02-05T08:53:46+00:00\" \/>\n<meta property=\"article:modified_time\" content=\"2023-08-09T02:19:39+00:00\" \/>\n<meta property=\"og:image\" content=\"https:\/\/news.save.ch\/wp-content\/uploads\/2021\/02\/E-Scooter.jpg\" \/>\n\t<meta property=\"og:image:width\" content=\"960\" \/>\n\t<meta property=\"og:image:height\" content=\"706\" \/>\n\t<meta property=\"og:image:type\" content=\"image\/jpeg\" \/>\n<meta name=\"author\" content=\"Simon Gr\u00f6flin\" \/>\n<meta name=\"twitter:card\" content=\"summary_large_image\" \/>\n<meta name=\"twitter:label1\" content=\"Geschrieben von\" \/>\n\t<meta name=\"twitter:data1\" content=\"Simon Gr\u00f6flin\" \/>\n\t<meta name=\"twitter:label2\" content=\"Gesch\u00e4tzte Lesezeit\" \/>\n\t<meta name=\"twitter:data2\" content=\"3\u00a0Minuten\" \/>\n<script type=\"application\/ld+json\" class=\"yoast-schema-graph\">{\"@context\":\"https:\\\/\\\/schema.org\",\"@graph\":[{\"@type\":\"Article\",\"@id\":\"https:\\\/\\\/news.save.ch\\\/sharing-von-e-trottinets-trotz-corona-nicht-ausgebremst\\\/#article\",\"isPartOf\":{\"@id\":\"https:\\\/\\\/news.save.ch\\\/sharing-von-e-trottinets-trotz-corona-nicht-ausgebremst\\\/\"},\"author\":{\"name\":\"Simon Gr\u00f6flin\",\"@id\":\"https:\\\/\\\/news.save.ch\\\/de\\\/#\\\/schema\\\/person\\\/ad4ef21102fd6125312409ac57d5296d\"},\"headline\":\"Sharing von E-Trottinets trotz Corona nicht ausgebremst\",\"datePublished\":\"2021-02-05T08:53:46+00:00\",\"dateModified\":\"2023-08-09T02:19:39+00:00\",\"mainEntityOfPage\":{\"@id\":\"https:\\\/\\\/news.save.ch\\\/sharing-von-e-trottinets-trotz-corona-nicht-ausgebremst\\\/\"},\"wordCount\":468,\"publisher\":{\"@id\":\"https:\\\/\\\/news.save.ch\\\/de\\\/#organization\"},\"image\":{\"@id\":\"https:\\\/\\\/news.save.ch\\\/sharing-von-e-trottinets-trotz-corona-nicht-ausgebremst\\\/#primaryimage\"},\"thumbnailUrl\":\"https:\\\/\\\/news.save.ch\\\/wp-content\\\/uploads\\\/2021\\\/02\\\/E-Scooter.jpg\",\"keywords\":[\"Bikesharing\",\"E-Bikes\",\"E-Trottinett\",\"E-Trottinette\",\"Flottengr\u00f6ssen\",\"ZHAW-Studie\"],\"articleSection\":[\"ALLGEMEIN\",\"HEALTH &amp; SAFETY\"],\"inLanguage\":\"de\"},{\"@type\":\"WebPage\",\"@id\":\"https:\\\/\\\/news.save.ch\\\/sharing-von-e-trottinets-trotz-corona-nicht-ausgebremst\\\/\",\"url\":\"https:\\\/\\\/news.save.ch\\\/sharing-von-e-trottinets-trotz-corona-nicht-ausgebremst\\\/\",\"name\":\"Sharing von E-Trottinets trotz Corona nicht ausgebremst - Save\",\"isPartOf\":{\"@id\":\"https:\\\/\\\/news.save.ch\\\/de\\\/#website\"},\"primaryImageOfPage\":{\"@id\":\"https:\\\/\\\/news.save.ch\\\/sharing-von-e-trottinets-trotz-corona-nicht-ausgebremst\\\/#primaryimage\"},\"image\":{\"@id\":\"https:\\\/\\\/news.save.ch\\\/sharing-von-e-trottinets-trotz-corona-nicht-ausgebremst\\\/#primaryimage\"},\"thumbnailUrl\":\"https:\\\/\\\/news.save.ch\\\/wp-content\\\/uploads\\\/2021\\\/02\\\/E-Scooter.jpg\",\"datePublished\":\"2021-02-05T08:53:46+00:00\",\"dateModified\":\"2023-08-09T02:19:39+00:00\",\"description\":\"Sharing von E-Trottinetts, Velos & Co. ist in den Grossst\u00e4dten Europas weiterhin fest im Markt verankert. Dies zeigt eine Untersuchung von ZHAW-Studierenden in sieben europ\u00e4ischen St\u00e4dten.\",\"breadcrumb\":{\"@id\":\"https:\\\/\\\/news.save.ch\\\/sharing-von-e-trottinets-trotz-corona-nicht-ausgebremst\\\/#breadcrumb\"},\"inLanguage\":\"de\",\"potentialAction\":[{\"@type\":\"ReadAction\",\"target\":[\"https:\\\/\\\/news.save.ch\\\/sharing-von-e-trottinets-trotz-corona-nicht-ausgebremst\\\/\"]}]},{\"@type\":\"ImageObject\",\"inLanguage\":\"de\",\"@id\":\"https:\\\/\\\/news.save.ch\\\/sharing-von-e-trottinets-trotz-corona-nicht-ausgebremst\\\/#primaryimage\",\"url\":\"https:\\\/\\\/news.save.ch\\\/wp-content\\\/uploads\\\/2021\\\/02\\\/E-Scooter.jpg\",\"contentUrl\":\"https:\\\/\\\/news.save.ch\\\/wp-content\\\/uploads\\\/2021\\\/02\\\/E-Scooter.jpg\",\"width\":960,\"height\":706,\"caption\":\"Pixabay\"},{\"@type\":\"BreadcrumbList\",\"@id\":\"https:\\\/\\\/news.save.ch\\\/sharing-von-e-trottinets-trotz-corona-nicht-ausgebremst\\\/#breadcrumb\",\"itemListElement\":[{\"@type\":\"ListItem\",\"position\":1,\"name\":\"Home\",\"item\":\"https:\\\/\\\/news.save.ch\\\/de\\\/\"},{\"@type\":\"ListItem\",\"position\":2,\"name\":\"Sharing von E-Trottinets trotz Corona nicht ausgebremst\"}]},{\"@type\":\"WebSite\",\"@id\":\"https:\\\/\\\/news.save.ch\\\/de\\\/#website\",\"url\":\"https:\\\/\\\/news.save.ch\\\/de\\\/\",\"name\":\"Save\",\"description\":\"Schweizer Fachzeitschrift f\u00fcr Sicherheit\",\"publisher\":{\"@id\":\"https:\\\/\\\/news.save.ch\\\/de\\\/#organization\"},\"potentialAction\":[{\"@type\":\"SearchAction\",\"target\":{\"@type\":\"EntryPoint\",\"urlTemplate\":\"https:\\\/\\\/news.save.ch\\\/de\\\/?s={search_term_string}\"},\"query-input\":{\"@type\":\"PropertyValueSpecification\",\"valueRequired\":true,\"valueName\":\"search_term_string\"}}],\"inLanguage\":\"de\"},{\"@type\":\"Organization\",\"@id\":\"https:\\\/\\\/news.save.ch\\\/de\\\/#organization\",\"name\":\"Sicherheitsforum\",\"url\":\"https:\\\/\\\/news.save.ch\\\/de\\\/\",\"logo\":{\"@type\":\"ImageObject\",\"inLanguage\":\"de\",\"@id\":\"https:\\\/\\\/news.save.ch\\\/de\\\/#\\\/schema\\\/logo\\\/image\\\/\",\"url\":\"https:\\\/\\\/news.save.ch\\\/wp-content\\\/uploads\\\/2022\\\/06\\\/Logo_SF_2012.png\",\"contentUrl\":\"https:\\\/\\\/news.save.ch\\\/wp-content\\\/uploads\\\/2022\\\/06\\\/Logo_SF_2012.png\",\"width\":1100,\"height\":91,\"caption\":\"Sicherheitsforum\"},\"image\":{\"@id\":\"https:\\\/\\\/news.save.ch\\\/de\\\/#\\\/schema\\\/logo\\\/image\\\/\"}},{\"@type\":\"Person\",\"@id\":\"https:\\\/\\\/news.save.ch\\\/de\\\/#\\\/schema\\\/person\\\/ad4ef21102fd6125312409ac57d5296d\",\"name\":\"Simon Gr\u00f6flin\",\"image\":{\"@type\":\"ImageObject\",\"inLanguage\":\"de\",\"@id\":\"https:\\\/\\\/secure.gravatar.com\\\/avatar\\\/6ddceb80eb734354635539e0ea5140bb7c41e42de7c45c9a2ab9921b5d5c9a83?s=96&d=mm&r=g\",\"url\":\"https:\\\/\\\/secure.gravatar.com\\\/avatar\\\/6ddceb80eb734354635539e0ea5140bb7c41e42de7c45c9a2ab9921b5d5c9a83?s=96&d=mm&r=g\",\"contentUrl\":\"https:\\\/\\\/secure.gravatar.com\\\/avatar\\\/6ddceb80eb734354635539e0ea5140bb7c41e42de7c45c9a2ab9921b5d5c9a83?s=96&d=mm&r=g\",\"caption\":\"Simon Gr\u00f6flin\"},\"url\":\"https:\\\/\\\/news.save.ch\\\/de\\\/author\\\/simon-groeflin\\\/\"}]}<\/script>\n<!-- \/ Yoast SEO plugin. -->","yoast_head_json":{"title":"Sharing von E-Trottinets trotz Corona nicht ausgebremst - Save","description":"Sharing von E-Trottinetts, Velos & Co. ist in den Grossst\u00e4dten Europas weiterhin fest im Markt verankert. Dies zeigt eine Untersuchung von ZHAW-Studierenden in sieben europ\u00e4ischen St\u00e4dten.","robots":{"index":"index","follow":"follow","max-snippet":"max-snippet:-1","max-image-preview":"max-image-preview:large","max-video-preview":"max-video-preview:-1"},"canonical":"https:\/\/news.save.ch\/de\/sharing-von-e-trottinets-trotz-corona-nicht-ausgebremst\/","og_locale":"de_DE","og_type":"article","og_title":"Sharing von E-Trottinets trotz Corona nicht ausgebremst - Save","og_description":"Sharing von E-Trottinetts, Velos & Co. ist in den Grossst\u00e4dten Europas weiterhin fest im Markt verankert. Dies zeigt eine Untersuchung von ZHAW-Studierenden in sieben europ\u00e4ischen St\u00e4dten.","og_url":"https:\/\/news.save.ch\/de\/sharing-von-e-trottinets-trotz-corona-nicht-ausgebremst\/","og_site_name":"Save","article_published_time":"2021-02-05T08:53:46+00:00","article_modified_time":"2023-08-09T02:19:39+00:00","og_image":[{"width":960,"height":706,"url":"https:\/\/news.save.ch\/wp-content\/uploads\/2021\/02\/E-Scooter.jpg","type":"image\/jpeg"}],"author":"Simon Gr\u00f6flin","twitter_card":"summary_large_image","twitter_misc":{"Geschrieben von":"Simon Gr\u00f6flin","Gesch\u00e4tzte Lesezeit":"3\u00a0Minuten"},"schema":{"@context":"https:\/\/schema.org","@graph":[{"@type":"Article","@id":"https:\/\/news.save.ch\/sharing-von-e-trottinets-trotz-corona-nicht-ausgebremst\/#article","isPartOf":{"@id":"https:\/\/news.save.ch\/sharing-von-e-trottinets-trotz-corona-nicht-ausgebremst\/"},"author":{"name":"Simon Gr\u00f6flin","@id":"https:\/\/news.save.ch\/de\/#\/schema\/person\/ad4ef21102fd6125312409ac57d5296d"},"headline":"Sharing von E-Trottinets trotz Corona nicht ausgebremst","datePublished":"2021-02-05T08:53:46+00:00","dateModified":"2023-08-09T02:19:39+00:00","mainEntityOfPage":{"@id":"https:\/\/news.save.ch\/sharing-von-e-trottinets-trotz-corona-nicht-ausgebremst\/"},"wordCount":468,"publisher":{"@id":"https:\/\/news.save.ch\/de\/#organization"},"image":{"@id":"https:\/\/news.save.ch\/sharing-von-e-trottinets-trotz-corona-nicht-ausgebremst\/#primaryimage"},"thumbnailUrl":"https:\/\/news.save.ch\/wp-content\/uploads\/2021\/02\/E-Scooter.jpg","keywords":["Bikesharing","E-Bikes","E-Trottinett","E-Trottinette","Flottengr\u00f6ssen","ZHAW-Studie"],"articleSection":["ALLGEMEIN","HEALTH &amp; SAFETY"],"inLanguage":"de"},{"@type":"WebPage","@id":"https:\/\/news.save.ch\/sharing-von-e-trottinets-trotz-corona-nicht-ausgebremst\/","url":"https:\/\/news.save.ch\/sharing-von-e-trottinets-trotz-corona-nicht-ausgebremst\/","name":"Sharing von E-Trottinets trotz Corona nicht ausgebremst - Save","isPartOf":{"@id":"https:\/\/news.save.ch\/de\/#website"},"primaryImageOfPage":{"@id":"https:\/\/news.save.ch\/sharing-von-e-trottinets-trotz-corona-nicht-ausgebremst\/#primaryimage"},"image":{"@id":"https:\/\/news.save.ch\/sharing-von-e-trottinets-trotz-corona-nicht-ausgebremst\/#primaryimage"},"thumbnailUrl":"https:\/\/news.save.ch\/wp-content\/uploads\/2021\/02\/E-Scooter.jpg","datePublished":"2021-02-05T08:53:46+00:00","dateModified":"2023-08-09T02:19:39+00:00","description":"Sharing von E-Trottinetts, Velos & Co. ist in den Grossst\u00e4dten Europas weiterhin fest im Markt verankert. Dies zeigt eine Untersuchung von ZHAW-Studierenden in sieben europ\u00e4ischen St\u00e4dten.","breadcrumb":{"@id":"https:\/\/news.save.ch\/sharing-von-e-trottinets-trotz-corona-nicht-ausgebremst\/#breadcrumb"},"inLanguage":"de","potentialAction":[{"@type":"ReadAction","target":["https:\/\/news.save.ch\/sharing-von-e-trottinets-trotz-corona-nicht-ausgebremst\/"]}]},{"@type":"ImageObject","inLanguage":"de","@id":"https:\/\/news.save.ch\/sharing-von-e-trottinets-trotz-corona-nicht-ausgebremst\/#primaryimage","url":"https:\/\/news.save.ch\/wp-content\/uploads\/2021\/02\/E-Scooter.jpg","contentUrl":"https:\/\/news.save.ch\/wp-content\/uploads\/2021\/02\/E-Scooter.jpg","width":960,"height":706,"caption":"Pixabay"},{"@type":"BreadcrumbList","@id":"https:\/\/news.save.ch\/sharing-von-e-trottinets-trotz-corona-nicht-ausgebremst\/#breadcrumb","itemListElement":[{"@type":"ListItem","position":1,"name":"Home","item":"https:\/\/news.save.ch\/de\/"},{"@type":"ListItem","position":2,"name":"Sharing von E-Trottinets trotz Corona nicht ausgebremst"}]},{"@type":"WebSite","@id":"https:\/\/news.save.ch\/de\/#website","url":"https:\/\/news.save.ch\/de\/","name":"Save","description":"Schweizer Fachzeitschrift f\u00fcr Sicherheit","publisher":{"@id":"https:\/\/news.save.ch\/de\/#organization"},"potentialAction":[{"@type":"SearchAction","target":{"@type":"EntryPoint","urlTemplate":"https:\/\/news.save.ch\/de\/?s={search_term_string}"},"query-input":{"@type":"PropertyValueSpecification","valueRequired":true,"valueName":"search_term_string"}}],"inLanguage":"de"},{"@type":"Organization","@id":"https:\/\/news.save.ch\/de\/#organization","name":"Sicherheitsforum","url":"https:\/\/news.save.ch\/de\/","logo":{"@type":"ImageObject","inLanguage":"de","@id":"https:\/\/news.save.ch\/de\/#\/schema\/logo\/image\/","url":"https:\/\/news.save.ch\/wp-content\/uploads\/2022\/06\/Logo_SF_2012.png","contentUrl":"https:\/\/news.save.ch\/wp-content\/uploads\/2022\/06\/Logo_SF_2012.png","width":1100,"height":91,"caption":"Sicherheitsforum"},"image":{"@id":"https:\/\/news.save.ch\/de\/#\/schema\/logo\/image\/"}},{"@type":"Person","@id":"https:\/\/news.save.ch\/de\/#\/schema\/person\/ad4ef21102fd6125312409ac57d5296d","name":"Simon Gr\u00f6flin","image":{"@type":"ImageObject","inLanguage":"de","@id":"https:\/\/secure.gravatar.com\/avatar\/6ddceb80eb734354635539e0ea5140bb7c41e42de7c45c9a2ab9921b5d5c9a83?s=96&d=mm&r=g","url":"https:\/\/secure.gravatar.com\/avatar\/6ddceb80eb734354635539e0ea5140bb7c41e42de7c45c9a2ab9921b5d5c9a83?s=96&d=mm&r=g","contentUrl":"https:\/\/secure.gravatar.com\/avatar\/6ddceb80eb734354635539e0ea5140bb7c41e42de7c45c9a2ab9921b5d5c9a83?s=96&d=mm&r=g","caption":"Simon Gr\u00f6flin"},"url":"https:\/\/news.save.ch\/de\/author\/simon-groeflin\/"}]}},"_links":{"self":[{"href":"https:\/\/news.save.ch\/de\/wp-json\/wp\/v2\/posts\/6736","targetHints":{"allow":["GET"]}}],"collection":[{"href":"https:\/\/news.save.ch\/de\/wp-json\/wp\/v2\/posts"}],"about":[{"href":"https:\/\/news.save.ch\/de\/wp-json\/wp\/v2\/types\/post"}],"author":[{"embeddable":true,"href":"https:\/\/news.save.ch\/de\/wp-json\/wp\/v2\/users\/9"}],"replies":[{"embeddable":true,"href":"https:\/\/news.save.ch\/de\/wp-json\/wp\/v2\/comments?post=6736"}],"version-history":[{"count":4,"href":"https:\/\/news.save.ch\/de\/wp-json\/wp\/v2\/posts\/6736\/revisions"}],"predecessor-version":[{"id":21689,"href":"https:\/\/news.save.ch\/de\/wp-json\/wp\/v2\/posts\/6736\/revisions\/21689"}],"wp:featuredmedia":[{"embeddable":true,"href":"https:\/\/news.save.ch\/de\/wp-json\/wp\/v2\/media\/16415"}],"wp:attachment":[{"href":"https:\/\/news.save.ch\/de\/wp-json\/wp\/v2\/media?parent=6736"}],"wp:term":[{"taxonomy":"category","embeddable":true,"href":"https:\/\/news.save.ch\/de\/wp-json\/wp\/v2\/categories?post=6736"},{"taxonomy":"post_tag","embeddable":true,"href":"https:\/\/news.save.ch\/de\/wp-json\/wp\/v2\/tags?post=6736"}],"curies":[{"name":"wp","href":"https:\/\/api.w.org\/{rel}","templated":true}]}}