{"id":6812,"date":"2018-08-27T14:25:08","date_gmt":"2018-08-27T12:25:08","guid":{"rendered":"https:\/\/news.save.ch\/?p=6812"},"modified":"2018-08-27T14:25:08","modified_gmt":"2018-08-27T12:25:08","slug":"wichtige-infrastrukturen-ikt-minimalstandard-liegt-vor","status":null,"type":"post","link":"https:\/\/news.save.ch\/de\/wichtige-infrastrukturen-ikt-minimalstandard-liegt-vor\/","title":{"rendered":"Landesversorgung: IKT-Minimalstandard liegt vor"},"content":{"rendered":"<figure id=\"attachment_6823\" aria-describedby=\"caption-attachment-6823\" style=\"width: 680px\" class=\"wp-caption aligncenter\"><img loading=\"lazy\" decoding=\"async\" class=\"size-medium wp-image-6823\" src=\"https:\/\/news.save.ch\/wp-content\/uploads\/2018\/08\/Depositphotos_158880586_m-2015.jpg\" alt=\"\" width=\"680\" height=\"537\" srcset=\"https:\/\/news.save.ch\/wp-content\/uploads\/2018\/08\/Depositphotos_158880586_m-2015.jpg 1000w, https:\/\/news.save.ch\/wp-content\/uploads\/2018\/08\/Depositphotos_158880586_m-2015-375x296.jpg 375w\" sizes=\"auto, (max-width: 680px) 100vw, 680px\" \/><figcaption id=\"caption-attachment-6823\" class=\"wp-caption-text\">\u00a9 depositphotos, yelantsevv<\/figcaption><\/figure>\n<p>In lebenswichtigen Branchen hat das Bundesamt f\u00fcr wirtschaftliche Landesversorgung<strong> (<\/strong>BWL) Verwundbarkeitsanalysen zu Cyberrisiken durchgef\u00fchrt. So wurde etwa die Stromversorgung, die Trinkwasser- und Lebensmittelversorgung oder auch der Strassen- und Schienenverkehr entsprechend analysiert. Auf Basis der Ergebnisse entwickelte das BWL einen Minimalstandard zur St\u00e4rkung der Resilienz der Informations- und Kommunikationstechnik (IKT). Der Standard richtet sich insbesondere an die Betreiber von kritischen Infrastrukturen in der Schweiz. Er sei aber f\u00fcr jedes Unternehmen anwendbar, schreibt das BWL.<\/p>\n<p><strong>106 konkrete Handlungsanweisungen<\/strong><\/p>\n<p>Der \u00abMinimalstandard zur St\u00e4rkung der IKT-Resilienz\u00bb umfasst die Funktionen \u00abIdentifizieren\u00bb, \u00abSch\u00fctzen\u00bb, \u00abDetektieren\u00bb, \u00abReagieren\u00bb und \u00abWiederherstellen\u00bb und bietet Anwendern 106 konkrete Handlungsanweisungen zur Verbesserung ihrer IKT-Resilienz gegen\u00fcber Cyberrisiken. Die vorgeschlagenen Massnahmen sind organisatorischer oder technischer Natur. Dazu geh\u00f6ren Vorgaben zur Erstellung eines vollst\u00e4ndigen Inventars f\u00fcr Hard- und Software, Schulung und Training f\u00fcr Mitarbeitende, Vorgaben zum Datenschutz, zur Fr\u00fcherkennung von Bedrohungen und so weiter.<\/p>\n<p>Der IKT-Minimalstandard basiert laut BWL auf dem international anerkannten NIST-Framework und ist kompatibel mit weiteren Cybersecurity-Standards. Zusammen mit verschiedenen Wirtschaftsverb\u00e4nden wurde der Minimalstandard f\u00fcr einzelne Branchen bereits weiter spezifiziert, wie es ferner heisst. So sei in Zusammenarbeit mit dem Verband Schweizerischer Elektrizit\u00e4tsunternehmen (VSE) bereits ein Standard f\u00fcr die Strombranche entstanden.<\/p>\n<p><strong>Der IKT-Minimalstandard im \u00dcberblick<br \/>\n<\/strong><br \/>\nDer Standard gliedert sich in drei Teile:<\/p>\n<p>1.\u00a0\u00a0\u00a0 Grundlagen: Dieser Teil dient als Nachschlagewerk und vermittelt Informationen zur IKT-Resilienz.<\/p>\n<p>2.\u00a0\u00a0\u00a0 Framework: Es bietet den Anwendern, gegliedert nach den f\u00fcnf Themenbereichen \u00abIdentifizieren\u00bb, \u00abSch\u00fctzen\u00bb, \u00abDetektieren\u00bb, \u00abReagieren\u00bb und \u00abWiederherstellen\u00bb ein B\u00fcndel konkreter Handlungsanweisungen.<\/p>\n<p>3.\u00a0\u00a0\u00a0 Bewertungstool: Mit diesem k\u00f6nnen Unternehmen den Grad ihrer IKT-Resilienz<\/p>\n<p>&nbsp;<\/p>\n<p><em>Download des IKT-Minimalstandards sowie des Assessment-Tools unter <a href=\"https:\/\/www.bwl.admin.ch\/bwl\/de\/home\/themen\/ikt\/ikt_minimalstandard.html\">www.bwl.admin.ch\/bwl\/de\/home\/themen\/ikt\/ikt_minimalstandard.html<\/a><\/em><\/p>\n<p>&nbsp;<\/p>\n<p>&nbsp;<\/p>\n","protected":false},"excerpt":{"rendered":"<p>In lebenswichtigen Branchen hat das Bundesamt f\u00fcr wirtschaftliche Landesversorgung (BWL) Verwundbarkeitsanalysen zu Cyberrisiken durchgef\u00fchrt. So wurde etwa die Stromversorgung, die Trinkwasser- und Lebensmittelversorgung oder auch der Strassen- und Schienenverkehr entsprechend analysiert. Auf Basis der Ergebnisse entwickelte das BWL einen Minimalstandard zur St\u00e4rkung der Resilienz der Informations- und Kommunikationstechnik (IKT). Der Standard richtet sich insbesondere an [&hellip;]<\/p>\n","protected":false},"author":8,"featured_media":6823,"comment_status":"open","ping_status":"open","sticky":false,"template":"","format":"standard","meta":{"_acf_changed":false,"pgc_sgb_lightbox_settings":"","footnotes":""},"categories":[1],"tags":[96,62,353,393],"class_list":["post-6812","post","type-post","status-publish","format-standard","has-post-thumbnail","hentry","category-allgemein","tag-cyber-crime","tag-ict-sicherheit","tag-infrastruktursicherheit","tag-landesversorgung"],"acf":[],"hkrextid":null,"publication":null,"issue":null,"workflow":null,"startPage":null,"spitzmarke":null,"_posts_by_tag_page_fields":{"widget_title":"","widget_tags":""},"_at_widget":"1","_yoast_wpseo_primary_category":"1","_yoast_wpseo_focuskw_text_input":"IKT-Minimalstandard","_yoast_wpseo_opengraph-image":null,"_yoast_wpseo_opengraph-description":null,"_yoast_wpseo_opengraph-title":null,"enclosure":null,"_yoast_wpseo_twitter-title":null,"_yoast_wpseo_twitter-description":null,"_yoast_wpseo_twitter-image":null,"_wp_old_slug":null,"_yoast_wpseo_title":null,"_yoast_wpseo_canonical":null,"yoast_head":"<!-- This site is optimized with the Yoast SEO plugin v27.4 - https:\/\/yoast.com\/product\/yoast-seo-wordpress\/ -->\n<title>Landesversorgung: IKT-Minimalstandard liegt vor - Save<\/title>\n<meta name=\"description\" content=\"Zum Schutz gegen die Versorgung mit lebenswichtigen G\u00fctern und Dienstleistungen hat das zust\u00e4ndige Bundesamt einen IKT-Minimalstandard erarbeitet.\" \/>\n<meta name=\"robots\" content=\"index, follow, max-snippet:-1, max-image-preview:large, max-video-preview:-1\" \/>\n<link rel=\"canonical\" href=\"https:\/\/news.save.ch\/de\/wichtige-infrastrukturen-ikt-minimalstandard-liegt-vor\/\" \/>\n<meta property=\"og:locale\" content=\"de_DE\" \/>\n<meta property=\"og:type\" content=\"article\" \/>\n<meta property=\"og:title\" content=\"Landesversorgung: IKT-Minimalstandard liegt vor - Save\" \/>\n<meta property=\"og:description\" content=\"Zum Schutz gegen die Versorgung mit lebenswichtigen G\u00fctern und Dienstleistungen hat das zust\u00e4ndige Bundesamt einen IKT-Minimalstandard erarbeitet.\" \/>\n<meta property=\"og:url\" content=\"https:\/\/news.save.ch\/de\/wichtige-infrastrukturen-ikt-minimalstandard-liegt-vor\/\" \/>\n<meta property=\"og:site_name\" content=\"Save\" \/>\n<meta property=\"article:published_time\" content=\"2018-08-27T12:25:08+00:00\" \/>\n<meta property=\"og:image\" content=\"https:\/\/news.save.ch\/wp-content\/uploads\/2018\/08\/Depositphotos_158880586_m-2015.jpg\" \/>\n\t<meta property=\"og:image:width\" content=\"1000\" \/>\n\t<meta property=\"og:image:height\" content=\"789\" \/>\n\t<meta property=\"og:image:type\" content=\"image\/jpeg\" \/>\n<meta name=\"author\" content=\"Roger Str\u00e4ssle\" \/>\n<meta name=\"twitter:card\" content=\"summary_large_image\" \/>\n<meta name=\"twitter:label1\" content=\"Geschrieben von\" \/>\n\t<meta name=\"twitter:data1\" content=\"Roger Str\u00e4ssle\" \/>\n\t<meta name=\"twitter:label2\" content=\"Gesch\u00e4tzte Lesezeit\" \/>\n\t<meta name=\"twitter:data2\" content=\"1\u00a0Minute\" \/>\n<script type=\"application\/ld+json\" class=\"yoast-schema-graph\">{\"@context\":\"https:\\\/\\\/schema.org\",\"@graph\":[{\"@type\":\"Article\",\"@id\":\"https:\\\/\\\/news.save.ch\\\/wichtige-infrastrukturen-ikt-minimalstandard-liegt-vor\\\/#article\",\"isPartOf\":{\"@id\":\"https:\\\/\\\/news.save.ch\\\/wichtige-infrastrukturen-ikt-minimalstandard-liegt-vor\\\/\"},\"author\":{\"name\":\"Roger Str\u00e4ssle\",\"@id\":\"https:\\\/\\\/news.save.ch\\\/de\\\/#\\\/schema\\\/person\\\/d5022db048e0e2b9785c50e5b24da5aa\"},\"headline\":\"Landesversorgung: IKT-Minimalstandard liegt vor\",\"datePublished\":\"2018-08-27T12:25:08+00:00\",\"mainEntityOfPage\":{\"@id\":\"https:\\\/\\\/news.save.ch\\\/wichtige-infrastrukturen-ikt-minimalstandard-liegt-vor\\\/\"},\"wordCount\":292,\"commentCount\":0,\"publisher\":{\"@id\":\"https:\\\/\\\/news.save.ch\\\/de\\\/#organization\"},\"image\":{\"@id\":\"https:\\\/\\\/news.save.ch\\\/wichtige-infrastrukturen-ikt-minimalstandard-liegt-vor\\\/#primaryimage\"},\"thumbnailUrl\":\"https:\\\/\\\/news.save.ch\\\/wp-content\\\/uploads\\\/2018\\\/08\\\/Depositphotos_158880586_m-2015.jpg\",\"keywords\":[\"Cyber-Crime\",\"ICT-Sicherheit\",\"Infrastruktursicherheit\",\"Landesversorgung\"],\"articleSection\":[\"ALLGEMEIN\"],\"inLanguage\":\"de\"},{\"@type\":\"WebPage\",\"@id\":\"https:\\\/\\\/news.save.ch\\\/wichtige-infrastrukturen-ikt-minimalstandard-liegt-vor\\\/\",\"url\":\"https:\\\/\\\/news.save.ch\\\/wichtige-infrastrukturen-ikt-minimalstandard-liegt-vor\\\/\",\"name\":\"Landesversorgung: IKT-Minimalstandard liegt vor - Save\",\"isPartOf\":{\"@id\":\"https:\\\/\\\/news.save.ch\\\/de\\\/#website\"},\"primaryImageOfPage\":{\"@id\":\"https:\\\/\\\/news.save.ch\\\/wichtige-infrastrukturen-ikt-minimalstandard-liegt-vor\\\/#primaryimage\"},\"image\":{\"@id\":\"https:\\\/\\\/news.save.ch\\\/wichtige-infrastrukturen-ikt-minimalstandard-liegt-vor\\\/#primaryimage\"},\"thumbnailUrl\":\"https:\\\/\\\/news.save.ch\\\/wp-content\\\/uploads\\\/2018\\\/08\\\/Depositphotos_158880586_m-2015.jpg\",\"datePublished\":\"2018-08-27T12:25:08+00:00\",\"description\":\"Zum Schutz gegen die Versorgung mit lebenswichtigen G\u00fctern und Dienstleistungen hat das zust\u00e4ndige Bundesamt einen IKT-Minimalstandard erarbeitet.\",\"breadcrumb\":{\"@id\":\"https:\\\/\\\/news.save.ch\\\/wichtige-infrastrukturen-ikt-minimalstandard-liegt-vor\\\/#breadcrumb\"},\"inLanguage\":\"de\",\"potentialAction\":[{\"@type\":\"ReadAction\",\"target\":[\"https:\\\/\\\/news.save.ch\\\/wichtige-infrastrukturen-ikt-minimalstandard-liegt-vor\\\/\"]}]},{\"@type\":\"ImageObject\",\"inLanguage\":\"de\",\"@id\":\"https:\\\/\\\/news.save.ch\\\/wichtige-infrastrukturen-ikt-minimalstandard-liegt-vor\\\/#primaryimage\",\"url\":\"https:\\\/\\\/news.save.ch\\\/wp-content\\\/uploads\\\/2018\\\/08\\\/Depositphotos_158880586_m-2015.jpg\",\"contentUrl\":\"https:\\\/\\\/news.save.ch\\\/wp-content\\\/uploads\\\/2018\\\/08\\\/Depositphotos_158880586_m-2015.jpg\",\"width\":1000,\"height\":789,\"caption\":\"\u00a9 depositphotos, yelantsevv\"},{\"@type\":\"BreadcrumbList\",\"@id\":\"https:\\\/\\\/news.save.ch\\\/wichtige-infrastrukturen-ikt-minimalstandard-liegt-vor\\\/#breadcrumb\",\"itemListElement\":[{\"@type\":\"ListItem\",\"position\":1,\"name\":\"Home\",\"item\":\"https:\\\/\\\/news.save.ch\\\/de\\\/\"},{\"@type\":\"ListItem\",\"position\":2,\"name\":\"Landesversorgung: IKT-Minimalstandard liegt vor\"}]},{\"@type\":\"WebSite\",\"@id\":\"https:\\\/\\\/news.save.ch\\\/de\\\/#website\",\"url\":\"https:\\\/\\\/news.save.ch\\\/de\\\/\",\"name\":\"Save\",\"description\":\"Schweizer Fachzeitschrift f\u00fcr Sicherheit\",\"publisher\":{\"@id\":\"https:\\\/\\\/news.save.ch\\\/de\\\/#organization\"},\"potentialAction\":[{\"@type\":\"SearchAction\",\"target\":{\"@type\":\"EntryPoint\",\"urlTemplate\":\"https:\\\/\\\/news.save.ch\\\/de\\\/?s={search_term_string}\"},\"query-input\":{\"@type\":\"PropertyValueSpecification\",\"valueRequired\":true,\"valueName\":\"search_term_string\"}}],\"inLanguage\":\"de\"},{\"@type\":\"Organization\",\"@id\":\"https:\\\/\\\/news.save.ch\\\/de\\\/#organization\",\"name\":\"Sicherheitsforum\",\"url\":\"https:\\\/\\\/news.save.ch\\\/de\\\/\",\"logo\":{\"@type\":\"ImageObject\",\"inLanguage\":\"de\",\"@id\":\"https:\\\/\\\/news.save.ch\\\/de\\\/#\\\/schema\\\/logo\\\/image\\\/\",\"url\":\"https:\\\/\\\/news.save.ch\\\/wp-content\\\/uploads\\\/2022\\\/06\\\/Logo_SF_2012.png\",\"contentUrl\":\"https:\\\/\\\/news.save.ch\\\/wp-content\\\/uploads\\\/2022\\\/06\\\/Logo_SF_2012.png\",\"width\":1100,\"height\":91,\"caption\":\"Sicherheitsforum\"},\"image\":{\"@id\":\"https:\\\/\\\/news.save.ch\\\/de\\\/#\\\/schema\\\/logo\\\/image\\\/\"}},{\"@type\":\"Person\",\"@id\":\"https:\\\/\\\/news.save.ch\\\/de\\\/#\\\/schema\\\/person\\\/d5022db048e0e2b9785c50e5b24da5aa\",\"name\":\"Roger Str\u00e4ssle\",\"image\":{\"@type\":\"ImageObject\",\"inLanguage\":\"de\",\"@id\":\"https:\\\/\\\/secure.gravatar.com\\\/avatar\\\/862a5569d087de48e5856e32f45d719a03804c891d6deb8d4f71a660e79e4a47?s=96&d=mm&r=g\",\"url\":\"https:\\\/\\\/secure.gravatar.com\\\/avatar\\\/862a5569d087de48e5856e32f45d719a03804c891d6deb8d4f71a660e79e4a47?s=96&d=mm&r=g\",\"contentUrl\":\"https:\\\/\\\/secure.gravatar.com\\\/avatar\\\/862a5569d087de48e5856e32f45d719a03804c891d6deb8d4f71a660e79e4a47?s=96&d=mm&r=g\",\"caption\":\"Roger Str\u00e4ssle\"},\"url\":\"https:\\\/\\\/news.save.ch\\\/de\\\/author\\\/roger-straessle\\\/\"}]}<\/script>\n<!-- \/ Yoast SEO plugin. -->","yoast_head_json":{"title":"Landesversorgung: IKT-Minimalstandard liegt vor - Save","description":"Zum Schutz gegen die Versorgung mit lebenswichtigen G\u00fctern und Dienstleistungen hat das zust\u00e4ndige Bundesamt einen IKT-Minimalstandard erarbeitet.","robots":{"index":"index","follow":"follow","max-snippet":"max-snippet:-1","max-image-preview":"max-image-preview:large","max-video-preview":"max-video-preview:-1"},"canonical":"https:\/\/news.save.ch\/de\/wichtige-infrastrukturen-ikt-minimalstandard-liegt-vor\/","og_locale":"de_DE","og_type":"article","og_title":"Landesversorgung: IKT-Minimalstandard liegt vor - Save","og_description":"Zum Schutz gegen die Versorgung mit lebenswichtigen G\u00fctern und Dienstleistungen hat das zust\u00e4ndige Bundesamt einen IKT-Minimalstandard erarbeitet.","og_url":"https:\/\/news.save.ch\/de\/wichtige-infrastrukturen-ikt-minimalstandard-liegt-vor\/","og_site_name":"Save","article_published_time":"2018-08-27T12:25:08+00:00","og_image":[{"width":1000,"height":789,"url":"https:\/\/news.save.ch\/wp-content\/uploads\/2018\/08\/Depositphotos_158880586_m-2015.jpg","type":"image\/jpeg"}],"author":"Roger Str\u00e4ssle","twitter_card":"summary_large_image","twitter_misc":{"Geschrieben von":"Roger Str\u00e4ssle","Gesch\u00e4tzte Lesezeit":"1\u00a0Minute"},"schema":{"@context":"https:\/\/schema.org","@graph":[{"@type":"Article","@id":"https:\/\/news.save.ch\/wichtige-infrastrukturen-ikt-minimalstandard-liegt-vor\/#article","isPartOf":{"@id":"https:\/\/news.save.ch\/wichtige-infrastrukturen-ikt-minimalstandard-liegt-vor\/"},"author":{"name":"Roger Str\u00e4ssle","@id":"https:\/\/news.save.ch\/de\/#\/schema\/person\/d5022db048e0e2b9785c50e5b24da5aa"},"headline":"Landesversorgung: IKT-Minimalstandard liegt vor","datePublished":"2018-08-27T12:25:08+00:00","mainEntityOfPage":{"@id":"https:\/\/news.save.ch\/wichtige-infrastrukturen-ikt-minimalstandard-liegt-vor\/"},"wordCount":292,"commentCount":0,"publisher":{"@id":"https:\/\/news.save.ch\/de\/#organization"},"image":{"@id":"https:\/\/news.save.ch\/wichtige-infrastrukturen-ikt-minimalstandard-liegt-vor\/#primaryimage"},"thumbnailUrl":"https:\/\/news.save.ch\/wp-content\/uploads\/2018\/08\/Depositphotos_158880586_m-2015.jpg","keywords":["Cyber-Crime","ICT-Sicherheit","Infrastruktursicherheit","Landesversorgung"],"articleSection":["ALLGEMEIN"],"inLanguage":"de"},{"@type":"WebPage","@id":"https:\/\/news.save.ch\/wichtige-infrastrukturen-ikt-minimalstandard-liegt-vor\/","url":"https:\/\/news.save.ch\/wichtige-infrastrukturen-ikt-minimalstandard-liegt-vor\/","name":"Landesversorgung: IKT-Minimalstandard liegt vor - Save","isPartOf":{"@id":"https:\/\/news.save.ch\/de\/#website"},"primaryImageOfPage":{"@id":"https:\/\/news.save.ch\/wichtige-infrastrukturen-ikt-minimalstandard-liegt-vor\/#primaryimage"},"image":{"@id":"https:\/\/news.save.ch\/wichtige-infrastrukturen-ikt-minimalstandard-liegt-vor\/#primaryimage"},"thumbnailUrl":"https:\/\/news.save.ch\/wp-content\/uploads\/2018\/08\/Depositphotos_158880586_m-2015.jpg","datePublished":"2018-08-27T12:25:08+00:00","description":"Zum Schutz gegen die Versorgung mit lebenswichtigen G\u00fctern und Dienstleistungen hat das zust\u00e4ndige Bundesamt einen IKT-Minimalstandard erarbeitet.","breadcrumb":{"@id":"https:\/\/news.save.ch\/wichtige-infrastrukturen-ikt-minimalstandard-liegt-vor\/#breadcrumb"},"inLanguage":"de","potentialAction":[{"@type":"ReadAction","target":["https:\/\/news.save.ch\/wichtige-infrastrukturen-ikt-minimalstandard-liegt-vor\/"]}]},{"@type":"ImageObject","inLanguage":"de","@id":"https:\/\/news.save.ch\/wichtige-infrastrukturen-ikt-minimalstandard-liegt-vor\/#primaryimage","url":"https:\/\/news.save.ch\/wp-content\/uploads\/2018\/08\/Depositphotos_158880586_m-2015.jpg","contentUrl":"https:\/\/news.save.ch\/wp-content\/uploads\/2018\/08\/Depositphotos_158880586_m-2015.jpg","width":1000,"height":789,"caption":"\u00a9 depositphotos, yelantsevv"},{"@type":"BreadcrumbList","@id":"https:\/\/news.save.ch\/wichtige-infrastrukturen-ikt-minimalstandard-liegt-vor\/#breadcrumb","itemListElement":[{"@type":"ListItem","position":1,"name":"Home","item":"https:\/\/news.save.ch\/de\/"},{"@type":"ListItem","position":2,"name":"Landesversorgung: IKT-Minimalstandard liegt vor"}]},{"@type":"WebSite","@id":"https:\/\/news.save.ch\/de\/#website","url":"https:\/\/news.save.ch\/de\/","name":"Save","description":"Schweizer Fachzeitschrift f\u00fcr Sicherheit","publisher":{"@id":"https:\/\/news.save.ch\/de\/#organization"},"potentialAction":[{"@type":"SearchAction","target":{"@type":"EntryPoint","urlTemplate":"https:\/\/news.save.ch\/de\/?s={search_term_string}"},"query-input":{"@type":"PropertyValueSpecification","valueRequired":true,"valueName":"search_term_string"}}],"inLanguage":"de"},{"@type":"Organization","@id":"https:\/\/news.save.ch\/de\/#organization","name":"Sicherheitsforum","url":"https:\/\/news.save.ch\/de\/","logo":{"@type":"ImageObject","inLanguage":"de","@id":"https:\/\/news.save.ch\/de\/#\/schema\/logo\/image\/","url":"https:\/\/news.save.ch\/wp-content\/uploads\/2022\/06\/Logo_SF_2012.png","contentUrl":"https:\/\/news.save.ch\/wp-content\/uploads\/2022\/06\/Logo_SF_2012.png","width":1100,"height":91,"caption":"Sicherheitsforum"},"image":{"@id":"https:\/\/news.save.ch\/de\/#\/schema\/logo\/image\/"}},{"@type":"Person","@id":"https:\/\/news.save.ch\/de\/#\/schema\/person\/d5022db048e0e2b9785c50e5b24da5aa","name":"Roger Str\u00e4ssle","image":{"@type":"ImageObject","inLanguage":"de","@id":"https:\/\/secure.gravatar.com\/avatar\/862a5569d087de48e5856e32f45d719a03804c891d6deb8d4f71a660e79e4a47?s=96&d=mm&r=g","url":"https:\/\/secure.gravatar.com\/avatar\/862a5569d087de48e5856e32f45d719a03804c891d6deb8d4f71a660e79e4a47?s=96&d=mm&r=g","contentUrl":"https:\/\/secure.gravatar.com\/avatar\/862a5569d087de48e5856e32f45d719a03804c891d6deb8d4f71a660e79e4a47?s=96&d=mm&r=g","caption":"Roger Str\u00e4ssle"},"url":"https:\/\/news.save.ch\/de\/author\/roger-straessle\/"}]}},"_links":{"self":[{"href":"https:\/\/news.save.ch\/de\/wp-json\/wp\/v2\/posts\/6812","targetHints":{"allow":["GET"]}}],"collection":[{"href":"https:\/\/news.save.ch\/de\/wp-json\/wp\/v2\/posts"}],"about":[{"href":"https:\/\/news.save.ch\/de\/wp-json\/wp\/v2\/types\/post"}],"author":[{"embeddable":true,"href":"https:\/\/news.save.ch\/de\/wp-json\/wp\/v2\/users\/8"}],"replies":[{"embeddable":true,"href":"https:\/\/news.save.ch\/de\/wp-json\/wp\/v2\/comments?post=6812"}],"version-history":[{"count":0,"href":"https:\/\/news.save.ch\/de\/wp-json\/wp\/v2\/posts\/6812\/revisions"}],"wp:featuredmedia":[{"embeddable":true,"href":"https:\/\/news.save.ch\/de\/wp-json\/wp\/v2\/media\/6823"}],"wp:attachment":[{"href":"https:\/\/news.save.ch\/de\/wp-json\/wp\/v2\/media?parent=6812"}],"wp:term":[{"taxonomy":"category","embeddable":true,"href":"https:\/\/news.save.ch\/de\/wp-json\/wp\/v2\/categories?post=6812"},{"taxonomy":"post_tag","embeddable":true,"href":"https:\/\/news.save.ch\/de\/wp-json\/wp\/v2\/tags?post=6812"}],"curies":[{"name":"wp","href":"https:\/\/api.w.org\/{rel}","templated":true}]}}