{"id":6938,"date":"2018-09-20T12:58:47","date_gmt":"2018-09-20T10:58:47","guid":{"rendered":"https:\/\/news.save.ch\/?p=6938"},"modified":"2018-09-20T12:58:47","modified_gmt":"2018-09-20T10:58:47","slug":"sicherheitsmarkt-erwartet-deutliches-umsatzwachstum","status":null,"type":"post","link":"https:\/\/news.save.ch\/de\/sicherheitsmarkt-erwartet-deutliches-umsatzwachstum\/","title":{"rendered":"Sicherheitsmarkt erwartet Umsatzwachstum"},"content":{"rendered":"<p><img loading=\"lazy\" decoding=\"async\" class=\"aligncenter wp-image-6939 size-medium\" src=\"https:\/\/news.save.ch\/wp-content\/uploads\/2018\/09\/BHE.gif\" alt=\"BHE, Sicherheitsmarkt, Sicherungstechnik \" width=\"680\" height=\"383\" \/><\/p>\n<p>Die Anbieter elektronischer Sicherungstechnik werden sich auch im Jahr 2018 \u00fcber ein deutliches Umsatz-Plus freuen k\u00f6nnen. Laut aktueller Markterhebung erwartet der <a href=\"https:\/\/www.bhe.de\">BHE<\/a> Bundesverband Sicherheitstechnik f\u00fcr das laufende Jahr ein Wachstum von 5%.<\/p>\n<p><strong>Erneut Rekordwert?<\/strong><\/p>\n<p>Nachdem schon in den beiden vergangenen Jahren eine Steigerung von \u00fcber 12% verzeichnet werden konnte, w\u00e4re mit fast 4,4 Milliarden Euro ein neuerlicher Rekordwert erreicht, wie der BHE schreibt. Gem\u00e4ss einer Sch\u00e4tzung entfallen besonders hohe Zuw\u00e4chse auf die Zutrittssteuerung (+ 6,7%) und die Video\u00fcberwachungstechnik (+ 6%). \u201eNicht zuletzt aufgrund ihrer vielf\u00e4ltigen Einsatzm\u00f6glichkeiten im privaten, industriellen sowie \u00f6ffentlichen Bereich und aufgrund ihrer pr\u00e4ventiven Wirkung w\u00e4chst das Interesse an professioneller Videotechnik und Zutrittssteuerung\u201c, so der BHE-Vorstandsvorsitzende Norbert Schaaf.<\/p>\n<p>Ein betr\u00e4chtlicher Anstieg werde ausserdem f\u00fcr die Brandmeldetechnik (+ 5,3%), die Einbruchmeldetechnik (+ 4%) sowie die Rauch- und W\u00e4rmeabzugsanlagen und sonstigen Systeme (Fluchtt\u00fcrsysteme, Rufanlagen u.\u00c4.) (+ 4%) prognostiziert. Auch f\u00fcr die Sprachalarmsysteme (+ 1,9%) erwarte man ein solides Wachstum, heisst es abschliessend.<\/p>\n","protected":false},"excerpt":{"rendered":"<p>Die Anbieter elektronischer Sicherungstechnik werden sich auch im Jahr 2018 \u00fcber ein deutliches Umsatz-Plus freuen k\u00f6nnen. Laut aktueller Markterhebung erwartet der BHE Bundesverband Sicherheitstechnik f\u00fcr das laufende Jahr ein Wachstum von 5%. Erneut Rekordwert? Nachdem schon in den beiden vergangenen Jahren eine Steigerung von \u00fcber 12% verzeichnet werden konnte, w\u00e4re mit fast 4,4 Milliarden Euro [&hellip;]<\/p>\n","protected":false},"author":8,"featured_media":6939,"comment_status":"open","ping_status":"open","sticky":false,"template":"","format":"standard","meta":{"_acf_changed":false,"pgc_sgb_lightbox_settings":"","footnotes":""},"categories":[1],"tags":[151,156,78,158],"class_list":["post-6938","post","type-post","status-publish","format-standard","has-post-thumbnail","hentry","category-allgemein","tag-alarmierung","tag-brandschutz","tag-videoueberwachung","tag-zutrittskontrolle"],"acf":[],"hkrextid":null,"publication":null,"issue":null,"workflow":null,"startPage":null,"spitzmarke":null,"_posts_by_tag_page_fields":{"widget_title":"","widget_tags":""},"_at_widget":"1","_yoast_wpseo_primary_category":"1","_yoast_wpseo_focuskw_text_input":"BHE","_yoast_wpseo_opengraph-image":null,"_yoast_wpseo_opengraph-description":null,"_yoast_wpseo_opengraph-title":null,"enclosure":null,"_yoast_wpseo_twitter-title":null,"_yoast_wpseo_twitter-description":null,"_yoast_wpseo_twitter-image":null,"_wp_old_slug":null,"_yoast_wpseo_title":null,"_yoast_wpseo_canonical":null,"yoast_head":"<!-- This site is optimized with the Yoast SEO plugin v27.5 - https:\/\/yoast.com\/product\/yoast-seo-wordpress\/ -->\n<title>Sicherheitsmarkt erwartet Umsatzwachstum - Save<\/title>\n<meta name=\"robots\" content=\"index, follow, max-snippet:-1, max-image-preview:large, max-video-preview:-1\" \/>\n<link rel=\"canonical\" href=\"https:\/\/news.save.ch\/de\/sicherheitsmarkt-erwartet-deutliches-umsatzwachstum\/\" \/>\n<meta property=\"og:locale\" content=\"de_DE\" \/>\n<meta property=\"og:type\" content=\"article\" \/>\n<meta property=\"og:title\" content=\"Sicherheitsmarkt erwartet Umsatzwachstum - Save\" \/>\n<meta property=\"og:description\" content=\"Die Anbieter elektronischer Sicherungstechnik werden sich auch im Jahr 2018 \u00fcber ein deutliches Umsatz-Plus freuen k\u00f6nnen. Laut aktueller Markterhebung erwartet der BHE Bundesverband Sicherheitstechnik f\u00fcr das laufende Jahr ein Wachstum von 5%. Erneut Rekordwert? Nachdem schon in den beiden vergangenen Jahren eine Steigerung von \u00fcber 12% verzeichnet werden konnte, w\u00e4re mit fast 4,4 Milliarden Euro [&hellip;]\" \/>\n<meta property=\"og:url\" content=\"https:\/\/news.save.ch\/de\/sicherheitsmarkt-erwartet-deutliches-umsatzwachstum\/\" \/>\n<meta property=\"og:site_name\" content=\"Save\" \/>\n<meta property=\"article:published_time\" content=\"2018-09-20T10:58:47+00:00\" \/>\n<meta property=\"og:image\" content=\"https:\/\/news.save.ch\/wp-content\/uploads\/2018\/09\/BHE-scaled.gif\" \/>\n\t<meta property=\"og:image:width\" content=\"1400\" \/>\n\t<meta property=\"og:image:height\" content=\"788\" \/>\n\t<meta property=\"og:image:type\" content=\"image\/gif\" \/>\n<meta name=\"author\" content=\"Roger Str\u00e4ssle\" \/>\n<meta name=\"twitter:card\" content=\"summary_large_image\" \/>\n<meta name=\"twitter:label1\" content=\"Geschrieben von\" \/>\n\t<meta name=\"twitter:data1\" content=\"Roger Str\u00e4ssle\" \/>\n\t<meta name=\"twitter:label2\" content=\"Gesch\u00e4tzte Lesezeit\" \/>\n\t<meta name=\"twitter:data2\" content=\"1\u00a0Minute\" \/>\n<script type=\"application\/ld+json\" class=\"yoast-schema-graph\">{\"@context\":\"https:\\\/\\\/schema.org\",\"@graph\":[{\"@type\":\"Article\",\"@id\":\"https:\\\/\\\/news.save.ch\\\/sicherheitsmarkt-erwartet-deutliches-umsatzwachstum\\\/#article\",\"isPartOf\":{\"@id\":\"https:\\\/\\\/news.save.ch\\\/sicherheitsmarkt-erwartet-deutliches-umsatzwachstum\\\/\"},\"author\":{\"name\":\"Roger Str\u00e4ssle\",\"@id\":\"https:\\\/\\\/news.save.ch\\\/de\\\/#\\\/schema\\\/person\\\/d5022db048e0e2b9785c50e5b24da5aa\"},\"headline\":\"Sicherheitsmarkt erwartet Umsatzwachstum\",\"datePublished\":\"2018-09-20T10:58:47+00:00\",\"mainEntityOfPage\":{\"@id\":\"https:\\\/\\\/news.save.ch\\\/sicherheitsmarkt-erwartet-deutliches-umsatzwachstum\\\/\"},\"wordCount\":155,\"commentCount\":0,\"publisher\":{\"@id\":\"https:\\\/\\\/news.save.ch\\\/de\\\/#organization\"},\"image\":{\"@id\":\"https:\\\/\\\/news.save.ch\\\/sicherheitsmarkt-erwartet-deutliches-umsatzwachstum\\\/#primaryimage\"},\"thumbnailUrl\":\"https:\\\/\\\/news.save.ch\\\/wp-content\\\/uploads\\\/2018\\\/09\\\/BHE-scaled.gif\",\"keywords\":[\"Alarmierung\",\"Brandschutz\",\"Video\u00fcberwachung\",\"Zutrittskontrolle\"],\"articleSection\":[\"ALLGEMEIN\"],\"inLanguage\":\"de\"},{\"@type\":\"WebPage\",\"@id\":\"https:\\\/\\\/news.save.ch\\\/sicherheitsmarkt-erwartet-deutliches-umsatzwachstum\\\/\",\"url\":\"https:\\\/\\\/news.save.ch\\\/sicherheitsmarkt-erwartet-deutliches-umsatzwachstum\\\/\",\"name\":\"Sicherheitsmarkt erwartet Umsatzwachstum - Save\",\"isPartOf\":{\"@id\":\"https:\\\/\\\/news.save.ch\\\/de\\\/#website\"},\"primaryImageOfPage\":{\"@id\":\"https:\\\/\\\/news.save.ch\\\/sicherheitsmarkt-erwartet-deutliches-umsatzwachstum\\\/#primaryimage\"},\"image\":{\"@id\":\"https:\\\/\\\/news.save.ch\\\/sicherheitsmarkt-erwartet-deutliches-umsatzwachstum\\\/#primaryimage\"},\"thumbnailUrl\":\"https:\\\/\\\/news.save.ch\\\/wp-content\\\/uploads\\\/2018\\\/09\\\/BHE-scaled.gif\",\"datePublished\":\"2018-09-20T10:58:47+00:00\",\"breadcrumb\":{\"@id\":\"https:\\\/\\\/news.save.ch\\\/sicherheitsmarkt-erwartet-deutliches-umsatzwachstum\\\/#breadcrumb\"},\"inLanguage\":\"de\",\"potentialAction\":[{\"@type\":\"ReadAction\",\"target\":[\"https:\\\/\\\/news.save.ch\\\/sicherheitsmarkt-erwartet-deutliches-umsatzwachstum\\\/\"]}]},{\"@type\":\"ImageObject\",\"inLanguage\":\"de\",\"@id\":\"https:\\\/\\\/news.save.ch\\\/sicherheitsmarkt-erwartet-deutliches-umsatzwachstum\\\/#primaryimage\",\"url\":\"https:\\\/\\\/news.save.ch\\\/wp-content\\\/uploads\\\/2018\\\/09\\\/BHE-scaled.gif\",\"contentUrl\":\"https:\\\/\\\/news.save.ch\\\/wp-content\\\/uploads\\\/2018\\\/09\\\/BHE-scaled.gif\",\"width\":1400,\"height\":788},{\"@type\":\"BreadcrumbList\",\"@id\":\"https:\\\/\\\/news.save.ch\\\/sicherheitsmarkt-erwartet-deutliches-umsatzwachstum\\\/#breadcrumb\",\"itemListElement\":[{\"@type\":\"ListItem\",\"position\":1,\"name\":\"Home\",\"item\":\"https:\\\/\\\/news.save.ch\\\/de\\\/\"},{\"@type\":\"ListItem\",\"position\":2,\"name\":\"Sicherheitsmarkt erwartet Umsatzwachstum\"}]},{\"@type\":\"WebSite\",\"@id\":\"https:\\\/\\\/news.save.ch\\\/de\\\/#website\",\"url\":\"https:\\\/\\\/news.save.ch\\\/de\\\/\",\"name\":\"Save\",\"description\":\"Schweizer Fachzeitschrift f\u00fcr Sicherheit\",\"publisher\":{\"@id\":\"https:\\\/\\\/news.save.ch\\\/de\\\/#organization\"},\"potentialAction\":[{\"@type\":\"SearchAction\",\"target\":{\"@type\":\"EntryPoint\",\"urlTemplate\":\"https:\\\/\\\/news.save.ch\\\/de\\\/?s={search_term_string}\"},\"query-input\":{\"@type\":\"PropertyValueSpecification\",\"valueRequired\":true,\"valueName\":\"search_term_string\"}}],\"inLanguage\":\"de\"},{\"@type\":\"Organization\",\"@id\":\"https:\\\/\\\/news.save.ch\\\/de\\\/#organization\",\"name\":\"Sicherheitsforum\",\"url\":\"https:\\\/\\\/news.save.ch\\\/de\\\/\",\"logo\":{\"@type\":\"ImageObject\",\"inLanguage\":\"de\",\"@id\":\"https:\\\/\\\/news.save.ch\\\/de\\\/#\\\/schema\\\/logo\\\/image\\\/\",\"url\":\"https:\\\/\\\/news.save.ch\\\/wp-content\\\/uploads\\\/2022\\\/06\\\/Logo_SF_2012.png\",\"contentUrl\":\"https:\\\/\\\/news.save.ch\\\/wp-content\\\/uploads\\\/2022\\\/06\\\/Logo_SF_2012.png\",\"width\":1100,\"height\":91,\"caption\":\"Sicherheitsforum\"},\"image\":{\"@id\":\"https:\\\/\\\/news.save.ch\\\/de\\\/#\\\/schema\\\/logo\\\/image\\\/\"}},{\"@type\":\"Person\",\"@id\":\"https:\\\/\\\/news.save.ch\\\/de\\\/#\\\/schema\\\/person\\\/d5022db048e0e2b9785c50e5b24da5aa\",\"name\":\"Roger Str\u00e4ssle\",\"image\":{\"@type\":\"ImageObject\",\"inLanguage\":\"de\",\"@id\":\"https:\\\/\\\/secure.gravatar.com\\\/avatar\\\/862a5569d087de48e5856e32f45d719a03804c891d6deb8d4f71a660e79e4a47?s=96&d=mm&r=g\",\"url\":\"https:\\\/\\\/secure.gravatar.com\\\/avatar\\\/862a5569d087de48e5856e32f45d719a03804c891d6deb8d4f71a660e79e4a47?s=96&d=mm&r=g\",\"contentUrl\":\"https:\\\/\\\/secure.gravatar.com\\\/avatar\\\/862a5569d087de48e5856e32f45d719a03804c891d6deb8d4f71a660e79e4a47?s=96&d=mm&r=g\",\"caption\":\"Roger Str\u00e4ssle\"},\"url\":\"https:\\\/\\\/news.save.ch\\\/de\\\/author\\\/roger-straessle\\\/\"}]}<\/script>\n<!-- \/ Yoast SEO plugin. -->","yoast_head_json":{"title":"Sicherheitsmarkt erwartet Umsatzwachstum - Save","robots":{"index":"index","follow":"follow","max-snippet":"max-snippet:-1","max-image-preview":"max-image-preview:large","max-video-preview":"max-video-preview:-1"},"canonical":"https:\/\/news.save.ch\/de\/sicherheitsmarkt-erwartet-deutliches-umsatzwachstum\/","og_locale":"de_DE","og_type":"article","og_title":"Sicherheitsmarkt erwartet Umsatzwachstum - Save","og_description":"Die Anbieter elektronischer Sicherungstechnik werden sich auch im Jahr 2018 \u00fcber ein deutliches Umsatz-Plus freuen k\u00f6nnen. Laut aktueller Markterhebung erwartet der BHE Bundesverband Sicherheitstechnik f\u00fcr das laufende Jahr ein Wachstum von 5%. Erneut Rekordwert? Nachdem schon in den beiden vergangenen Jahren eine Steigerung von \u00fcber 12% verzeichnet werden konnte, w\u00e4re mit fast 4,4 Milliarden Euro [&hellip;]","og_url":"https:\/\/news.save.ch\/de\/sicherheitsmarkt-erwartet-deutliches-umsatzwachstum\/","og_site_name":"Save","article_published_time":"2018-09-20T10:58:47+00:00","og_image":[{"width":1400,"height":788,"url":"https:\/\/news.save.ch\/wp-content\/uploads\/2018\/09\/BHE-scaled.gif","type":"image\/gif"}],"author":"Roger Str\u00e4ssle","twitter_card":"summary_large_image","twitter_misc":{"Geschrieben von":"Roger Str\u00e4ssle","Gesch\u00e4tzte Lesezeit":"1\u00a0Minute"},"schema":{"@context":"https:\/\/schema.org","@graph":[{"@type":"Article","@id":"https:\/\/news.save.ch\/sicherheitsmarkt-erwartet-deutliches-umsatzwachstum\/#article","isPartOf":{"@id":"https:\/\/news.save.ch\/sicherheitsmarkt-erwartet-deutliches-umsatzwachstum\/"},"author":{"name":"Roger Str\u00e4ssle","@id":"https:\/\/news.save.ch\/de\/#\/schema\/person\/d5022db048e0e2b9785c50e5b24da5aa"},"headline":"Sicherheitsmarkt erwartet Umsatzwachstum","datePublished":"2018-09-20T10:58:47+00:00","mainEntityOfPage":{"@id":"https:\/\/news.save.ch\/sicherheitsmarkt-erwartet-deutliches-umsatzwachstum\/"},"wordCount":155,"commentCount":0,"publisher":{"@id":"https:\/\/news.save.ch\/de\/#organization"},"image":{"@id":"https:\/\/news.save.ch\/sicherheitsmarkt-erwartet-deutliches-umsatzwachstum\/#primaryimage"},"thumbnailUrl":"https:\/\/news.save.ch\/wp-content\/uploads\/2018\/09\/BHE-scaled.gif","keywords":["Alarmierung","Brandschutz","Video\u00fcberwachung","Zutrittskontrolle"],"articleSection":["ALLGEMEIN"],"inLanguage":"de"},{"@type":"WebPage","@id":"https:\/\/news.save.ch\/sicherheitsmarkt-erwartet-deutliches-umsatzwachstum\/","url":"https:\/\/news.save.ch\/sicherheitsmarkt-erwartet-deutliches-umsatzwachstum\/","name":"Sicherheitsmarkt erwartet Umsatzwachstum - Save","isPartOf":{"@id":"https:\/\/news.save.ch\/de\/#website"},"primaryImageOfPage":{"@id":"https:\/\/news.save.ch\/sicherheitsmarkt-erwartet-deutliches-umsatzwachstum\/#primaryimage"},"image":{"@id":"https:\/\/news.save.ch\/sicherheitsmarkt-erwartet-deutliches-umsatzwachstum\/#primaryimage"},"thumbnailUrl":"https:\/\/news.save.ch\/wp-content\/uploads\/2018\/09\/BHE-scaled.gif","datePublished":"2018-09-20T10:58:47+00:00","breadcrumb":{"@id":"https:\/\/news.save.ch\/sicherheitsmarkt-erwartet-deutliches-umsatzwachstum\/#breadcrumb"},"inLanguage":"de","potentialAction":[{"@type":"ReadAction","target":["https:\/\/news.save.ch\/sicherheitsmarkt-erwartet-deutliches-umsatzwachstum\/"]}]},{"@type":"ImageObject","inLanguage":"de","@id":"https:\/\/news.save.ch\/sicherheitsmarkt-erwartet-deutliches-umsatzwachstum\/#primaryimage","url":"https:\/\/news.save.ch\/wp-content\/uploads\/2018\/09\/BHE-scaled.gif","contentUrl":"https:\/\/news.save.ch\/wp-content\/uploads\/2018\/09\/BHE-scaled.gif","width":1400,"height":788},{"@type":"BreadcrumbList","@id":"https:\/\/news.save.ch\/sicherheitsmarkt-erwartet-deutliches-umsatzwachstum\/#breadcrumb","itemListElement":[{"@type":"ListItem","position":1,"name":"Home","item":"https:\/\/news.save.ch\/de\/"},{"@type":"ListItem","position":2,"name":"Sicherheitsmarkt erwartet Umsatzwachstum"}]},{"@type":"WebSite","@id":"https:\/\/news.save.ch\/de\/#website","url":"https:\/\/news.save.ch\/de\/","name":"Save","description":"Schweizer Fachzeitschrift f\u00fcr Sicherheit","publisher":{"@id":"https:\/\/news.save.ch\/de\/#organization"},"potentialAction":[{"@type":"SearchAction","target":{"@type":"EntryPoint","urlTemplate":"https:\/\/news.save.ch\/de\/?s={search_term_string}"},"query-input":{"@type":"PropertyValueSpecification","valueRequired":true,"valueName":"search_term_string"}}],"inLanguage":"de"},{"@type":"Organization","@id":"https:\/\/news.save.ch\/de\/#organization","name":"Sicherheitsforum","url":"https:\/\/news.save.ch\/de\/","logo":{"@type":"ImageObject","inLanguage":"de","@id":"https:\/\/news.save.ch\/de\/#\/schema\/logo\/image\/","url":"https:\/\/news.save.ch\/wp-content\/uploads\/2022\/06\/Logo_SF_2012.png","contentUrl":"https:\/\/news.save.ch\/wp-content\/uploads\/2022\/06\/Logo_SF_2012.png","width":1100,"height":91,"caption":"Sicherheitsforum"},"image":{"@id":"https:\/\/news.save.ch\/de\/#\/schema\/logo\/image\/"}},{"@type":"Person","@id":"https:\/\/news.save.ch\/de\/#\/schema\/person\/d5022db048e0e2b9785c50e5b24da5aa","name":"Roger Str\u00e4ssle","image":{"@type":"ImageObject","inLanguage":"de","@id":"https:\/\/secure.gravatar.com\/avatar\/862a5569d087de48e5856e32f45d719a03804c891d6deb8d4f71a660e79e4a47?s=96&d=mm&r=g","url":"https:\/\/secure.gravatar.com\/avatar\/862a5569d087de48e5856e32f45d719a03804c891d6deb8d4f71a660e79e4a47?s=96&d=mm&r=g","contentUrl":"https:\/\/secure.gravatar.com\/avatar\/862a5569d087de48e5856e32f45d719a03804c891d6deb8d4f71a660e79e4a47?s=96&d=mm&r=g","caption":"Roger Str\u00e4ssle"},"url":"https:\/\/news.save.ch\/de\/author\/roger-straessle\/"}]}},"_links":{"self":[{"href":"https:\/\/news.save.ch\/de\/wp-json\/wp\/v2\/posts\/6938","targetHints":{"allow":["GET"]}}],"collection":[{"href":"https:\/\/news.save.ch\/de\/wp-json\/wp\/v2\/posts"}],"about":[{"href":"https:\/\/news.save.ch\/de\/wp-json\/wp\/v2\/types\/post"}],"author":[{"embeddable":true,"href":"https:\/\/news.save.ch\/de\/wp-json\/wp\/v2\/users\/8"}],"replies":[{"embeddable":true,"href":"https:\/\/news.save.ch\/de\/wp-json\/wp\/v2\/comments?post=6938"}],"version-history":[{"count":0,"href":"https:\/\/news.save.ch\/de\/wp-json\/wp\/v2\/posts\/6938\/revisions"}],"wp:featuredmedia":[{"embeddable":true,"href":"https:\/\/news.save.ch\/de\/wp-json\/wp\/v2\/media\/6939"}],"wp:attachment":[{"href":"https:\/\/news.save.ch\/de\/wp-json\/wp\/v2\/media?parent=6938"}],"wp:term":[{"taxonomy":"category","embeddable":true,"href":"https:\/\/news.save.ch\/de\/wp-json\/wp\/v2\/categories?post=6938"},{"taxonomy":"post_tag","embeddable":true,"href":"https:\/\/news.save.ch\/de\/wp-json\/wp\/v2\/tags?post=6938"}],"curies":[{"name":"wp","href":"https:\/\/api.w.org\/{rel}","templated":true}]}}