{"id":6965,"date":"2021-03-24T09:10:48","date_gmt":"2021-03-24T08:10:48","guid":{"rendered":"https:\/\/news.save.ch\/?p=6965"},"modified":"2023-07-21T04:10:59","modified_gmt":"2023-07-21T02:10:59","slug":"datenleck-bei-impfplattform-datenschuetzer-eroeffnet-verfahren-2","status":null,"type":"post","link":"https:\/\/news.save.ch\/de\/datenleck-bei-impfplattform-datenschuetzer-eroeffnet-verfahren-2\/","title":{"rendered":"Datenleck bei Impfplattform: Datensch\u00fctzer er\u00f6ffnet Verfahren"},"content":{"rendered":"<figure id=\"attachment_6967\" aria-describedby=\"caption-attachment-6967\" style=\"width: 680px\" class=\"wp-caption alignnone\"><img loading=\"lazy\" decoding=\"async\" class=\"wp-image-6967 size-medium\" src=\"http:\/\/develop.safety-plus.ch\/wp-content\/uploads\/2021\/03\/impfungen_abort.jpg\" alt=\"Datenschutz\" width=\"680\" height=\"261\" \/><figcaption id=\"caption-attachment-6967\" class=\"wp-caption-text\">Die Betreiber der Plattform \u00abmeineimpfungen\u00bb wurden vom Datenschutzbeauftragten aufgefordert, ihr Portal vorl\u00e4ufig vom Netz zu nehmen. Die Datenschutzverletzungen scheinen f\u00fcr den EDOEB \u00abplausibel\u00bb. (Bild: Screenshot)<\/figcaption><\/figure>\n<p>Der Eidg. Datenschutz- und \u00d6ffentlichkeitsbeauftragte (ED\u00d6B) hat ein formelles Verfahren gegen die Betreiberin der Plattform www.meineimpfungen.ch er\u00f6ffnet. Zuvor hatte das Onlinemagazin \u00abRepublik\u00bb m\u00f6gliche Datenschutzverletzungen der Plattform aufgedeckt und Anzeige erstattet. Nachdem der Datenschutzbeauftragte am 21.03.2021 durch das Online-Magazin \u00fcber dessen Abkl\u00e4rungen betreffend m\u00f6glichen Datenschutzverletzungen der Impfplattform www.meineimpfungen.ch in Kenntnis gesetzt worden ist, hat er die vom Medium erhobenen Vorw\u00fcrfe und die ihm zug\u00e4nglichen Informationen summarisch gepr\u00fcft. Nach R\u00fccksprache mit dem Nationalen Zentrum f\u00fcr Cybersicherheit (NCSC) ist er zum Schluss gekommen, dass die angezeigten Verletzungen plausibel sind.<\/p>\n<h2>Besonders sch\u00fctzenswerte Personendaten betroffen<\/h2>\n<p>Am 22.03.2021 hat der ED\u00d6B gegen die Stiftung meineimpfungen mit Sitz in G\u00fcmligen, Bern, eine Abkl\u00e4rung des Sachverhalts nach Art. 29 des Datenschutzgesetzes des Bundes (DSG) eingeleitet und er\u00f6ffnet. Zudem hat er darauf hingewirkt, die als mangelhaft angezeigten Bearbeitungen unverz\u00fcglich einzustellen. Die Datenbearbeitung der Impfplattform ist geeignet, die Pers\u00f6nlichkeitsrechte einer grossen Zahl von Personen zu verletzen, zumal es sich in diesem Fall um besonders sch\u00fctzenswerte Personendaten betreffend die Gesundheit handelt.<\/p>\n<p>Die Verantwortlichen der Stiftung sind nun aufgefordert, gegen\u00fcber dem Beauftragten sehr rasch zu den erhobenen Vorw\u00fcrfen und der Anzeige durch die \u00abRepublik\u00bb Stellung zu nehmen. Ausserdem erwartet der Beauftragte Angaben \u00fcber allf\u00e4llige Datenverluste.<\/p>\n<p><em>Quelle: Eidgen\u00f6ssischer Datenschutz- und \u00d6ffentlichkeitsbeauftragte\u00a0<\/em><\/p>\n<p>&nbsp;<\/p>\n","protected":false},"excerpt":{"rendered":"<p>Der Eidg. Datenschutz- und \u00d6ffentlichkeitsbeauftragte (ED\u00d6B) hat ein formelles Verfahren gegen die Betreiberin der Plattform www.meineimpfungen.ch er\u00f6ffnet. Zuvor hatte das Onlinemagazin \u00abRepublik\u00bb m\u00f6gliche Datenschutzverletzungen der Plattform aufgedeckt und Anzeige erstattet. Nachdem der Datenschutzbeauftragte am 21.03.2021 durch das Online-Magazin \u00fcber dessen Abkl\u00e4rungen betreffend m\u00f6glichen Datenschutzverletzungen der Impfplattform www.meineimpfungen.ch in Kenntnis gesetzt worden ist, hat er die [&hellip;]<\/p>\n","protected":false},"author":9,"featured_media":16422,"comment_status":"closed","ping_status":"closed","sticky":false,"template":"","format":"standard","meta":{"_acf_changed":false,"pgc_sgb_lightbox_settings":"","footnotes":""},"categories":[1],"tags":[118,3810,4478,1044,5651],"class_list":["post-6965","post","type-post","status-publish","format-standard","has-post-thumbnail","hentry","category-allgemein","tag-datenschutz","tag-datenschutzverletzungen","tag-meineimpfungen-ch","tag-ncsc","tag-republik"],"acf":[],"hkrextid":null,"publication":null,"issue":null,"workflow":null,"startPage":null,"spitzmarke":null,"_posts_by_tag_page_fields":{"widget_title":"","widget_tags":""},"_at_widget":"1","_yoast_wpseo_primary_category":"1","_yoast_wpseo_focuskw_text_input":null,"_yoast_wpseo_opengraph-image":null,"_yoast_wpseo_opengraph-description":null,"_yoast_wpseo_opengraph-title":null,"enclosure":null,"_yoast_wpseo_twitter-title":null,"_yoast_wpseo_twitter-description":null,"_yoast_wpseo_twitter-image":null,"_wp_old_slug":null,"_yoast_wpseo_title":null,"_yoast_wpseo_canonical":null,"yoast_head":"<!-- This site is optimized with the Yoast SEO plugin v27.5 - https:\/\/yoast.com\/product\/yoast-seo-wordpress\/ -->\n<title>Datenleck bei Impfplattform: Datensch\u00fctzer er\u00f6ffnet Verfahren - Save<\/title>\n<meta name=\"description\" content=\"Der Eidg. Datenschutz- und \u00d6ffentlichkeitsbeauftragte hat auf eine Anzeige eines Online-Magazins ein formelles Verfahren gegen die Betreiber der Plattform www.meineimpfungen.ch er\u00f6ffnet. Er erachtet die geltend gemachten Datenschutzverletzungen als plausibel und hat die Stiftung aufgefordert, die Plattform bis auf Weiteres vom Netz zu nehmen.\" \/>\n<meta name=\"robots\" content=\"index, follow, max-snippet:-1, max-image-preview:large, max-video-preview:-1\" \/>\n<link rel=\"canonical\" href=\"https:\/\/news.save.ch\/de\/datenleck-bei-impfplattform-datenschuetzer-eroeffnet-verfahren-2\/\" \/>\n<meta property=\"og:locale\" content=\"de_DE\" \/>\n<meta property=\"og:type\" content=\"article\" \/>\n<meta property=\"og:title\" content=\"Datenleck bei Impfplattform: Datensch\u00fctzer er\u00f6ffnet Verfahren - Save\" \/>\n<meta property=\"og:description\" content=\"Der Eidg. Datenschutz- und \u00d6ffentlichkeitsbeauftragte hat auf eine Anzeige eines Online-Magazins ein formelles Verfahren gegen die Betreiber der Plattform www.meineimpfungen.ch er\u00f6ffnet. Er erachtet die geltend gemachten Datenschutzverletzungen als plausibel und hat die Stiftung aufgefordert, die Plattform bis auf Weiteres vom Netz zu nehmen.\" \/>\n<meta property=\"og:url\" content=\"https:\/\/news.save.ch\/de\/datenleck-bei-impfplattform-datenschuetzer-eroeffnet-verfahren-2\/\" \/>\n<meta property=\"og:site_name\" content=\"Save\" \/>\n<meta property=\"article:published_time\" content=\"2021-03-24T08:10:48+00:00\" \/>\n<meta property=\"article:modified_time\" content=\"2023-07-21T02:10:59+00:00\" \/>\n<meta property=\"og:image\" content=\"https:\/\/news.save.ch\/wp-content\/uploads\/2021\/03\/meineimpfungen_datenschutz-1.jpg\" \/>\n\t<meta property=\"og:image:width\" content=\"695\" \/>\n\t<meta property=\"og:image:height\" content=\"395\" \/>\n\t<meta property=\"og:image:type\" content=\"image\/jpeg\" \/>\n<meta name=\"author\" content=\"Simon Gr\u00f6flin\" \/>\n<meta name=\"twitter:card\" content=\"summary_large_image\" \/>\n<meta name=\"twitter:label1\" content=\"Geschrieben von\" \/>\n\t<meta name=\"twitter:data1\" content=\"Simon Gr\u00f6flin\" \/>\n\t<meta name=\"twitter:label2\" content=\"Gesch\u00e4tzte Lesezeit\" \/>\n\t<meta name=\"twitter:data2\" content=\"2\u00a0Minuten\" \/>\n<script type=\"application\/ld+json\" class=\"yoast-schema-graph\">{\"@context\":\"https:\\\/\\\/schema.org\",\"@graph\":[{\"@type\":\"Article\",\"@id\":\"https:\\\/\\\/news.save.ch\\\/datenleck-bei-impfplattform-datenschuetzer-eroeffnet-verfahren-2\\\/#article\",\"isPartOf\":{\"@id\":\"https:\\\/\\\/news.save.ch\\\/datenleck-bei-impfplattform-datenschuetzer-eroeffnet-verfahren-2\\\/\"},\"author\":{\"name\":\"Simon Gr\u00f6flin\",\"@id\":\"https:\\\/\\\/news.save.ch\\\/de\\\/#\\\/schema\\\/person\\\/ad4ef21102fd6125312409ac57d5296d\"},\"headline\":\"Datenleck bei Impfplattform: Datensch\u00fctzer er\u00f6ffnet Verfahren\",\"datePublished\":\"2021-03-24T08:10:48+00:00\",\"dateModified\":\"2023-07-21T02:10:59+00:00\",\"mainEntityOfPage\":{\"@id\":\"https:\\\/\\\/news.save.ch\\\/datenleck-bei-impfplattform-datenschuetzer-eroeffnet-verfahren-2\\\/\"},\"wordCount\":264,\"publisher\":{\"@id\":\"https:\\\/\\\/news.save.ch\\\/de\\\/#organization\"},\"image\":{\"@id\":\"https:\\\/\\\/news.save.ch\\\/datenleck-bei-impfplattform-datenschuetzer-eroeffnet-verfahren-2\\\/#primaryimage\"},\"thumbnailUrl\":\"https:\\\/\\\/news.save.ch\\\/wp-content\\\/uploads\\\/2021\\\/03\\\/meineimpfungen_datenschutz-1.jpg\",\"keywords\":[\"Datenschutz\",\"Datenschutzverletzungen\",\"meineimpfungen.ch\",\"NCSC\",\"Republik\"],\"articleSection\":[\"ALLGEMEIN\"],\"inLanguage\":\"de\"},{\"@type\":\"WebPage\",\"@id\":\"https:\\\/\\\/news.save.ch\\\/datenleck-bei-impfplattform-datenschuetzer-eroeffnet-verfahren-2\\\/\",\"url\":\"https:\\\/\\\/news.save.ch\\\/datenleck-bei-impfplattform-datenschuetzer-eroeffnet-verfahren-2\\\/\",\"name\":\"Datenleck bei Impfplattform: Datensch\u00fctzer er\u00f6ffnet Verfahren - Save\",\"isPartOf\":{\"@id\":\"https:\\\/\\\/news.save.ch\\\/de\\\/#website\"},\"primaryImageOfPage\":{\"@id\":\"https:\\\/\\\/news.save.ch\\\/datenleck-bei-impfplattform-datenschuetzer-eroeffnet-verfahren-2\\\/#primaryimage\"},\"image\":{\"@id\":\"https:\\\/\\\/news.save.ch\\\/datenleck-bei-impfplattform-datenschuetzer-eroeffnet-verfahren-2\\\/#primaryimage\"},\"thumbnailUrl\":\"https:\\\/\\\/news.save.ch\\\/wp-content\\\/uploads\\\/2021\\\/03\\\/meineimpfungen_datenschutz-1.jpg\",\"datePublished\":\"2021-03-24T08:10:48+00:00\",\"dateModified\":\"2023-07-21T02:10:59+00:00\",\"description\":\"Der Eidg. Datenschutz- und \u00d6ffentlichkeitsbeauftragte hat auf eine Anzeige eines Online-Magazins ein formelles Verfahren gegen die Betreiber der Plattform www.meineimpfungen.ch er\u00f6ffnet. Er erachtet die geltend gemachten Datenschutzverletzungen als plausibel und hat die Stiftung aufgefordert, die Plattform bis auf Weiteres vom Netz zu nehmen.\",\"breadcrumb\":{\"@id\":\"https:\\\/\\\/news.save.ch\\\/datenleck-bei-impfplattform-datenschuetzer-eroeffnet-verfahren-2\\\/#breadcrumb\"},\"inLanguage\":\"de\",\"potentialAction\":[{\"@type\":\"ReadAction\",\"target\":[\"https:\\\/\\\/news.save.ch\\\/datenleck-bei-impfplattform-datenschuetzer-eroeffnet-verfahren-2\\\/\"]}]},{\"@type\":\"ImageObject\",\"inLanguage\":\"de\",\"@id\":\"https:\\\/\\\/news.save.ch\\\/datenleck-bei-impfplattform-datenschuetzer-eroeffnet-verfahren-2\\\/#primaryimage\",\"url\":\"https:\\\/\\\/news.save.ch\\\/wp-content\\\/uploads\\\/2021\\\/03\\\/meineimpfungen_datenschutz-1.jpg\",\"contentUrl\":\"https:\\\/\\\/news.save.ch\\\/wp-content\\\/uploads\\\/2021\\\/03\\\/meineimpfungen_datenschutz-1.jpg\",\"width\":695,\"height\":395},{\"@type\":\"BreadcrumbList\",\"@id\":\"https:\\\/\\\/news.save.ch\\\/datenleck-bei-impfplattform-datenschuetzer-eroeffnet-verfahren-2\\\/#breadcrumb\",\"itemListElement\":[{\"@type\":\"ListItem\",\"position\":1,\"name\":\"Home\",\"item\":\"https:\\\/\\\/news.save.ch\\\/de\\\/\"},{\"@type\":\"ListItem\",\"position\":2,\"name\":\"Datenleck bei Impfplattform: Datensch\u00fctzer er\u00f6ffnet Verfahren\"}]},{\"@type\":\"WebSite\",\"@id\":\"https:\\\/\\\/news.save.ch\\\/de\\\/#website\",\"url\":\"https:\\\/\\\/news.save.ch\\\/de\\\/\",\"name\":\"Save\",\"description\":\"Schweizer Fachzeitschrift f\u00fcr Sicherheit\",\"publisher\":{\"@id\":\"https:\\\/\\\/news.save.ch\\\/de\\\/#organization\"},\"potentialAction\":[{\"@type\":\"SearchAction\",\"target\":{\"@type\":\"EntryPoint\",\"urlTemplate\":\"https:\\\/\\\/news.save.ch\\\/de\\\/?s={search_term_string}\"},\"query-input\":{\"@type\":\"PropertyValueSpecification\",\"valueRequired\":true,\"valueName\":\"search_term_string\"}}],\"inLanguage\":\"de\"},{\"@type\":\"Organization\",\"@id\":\"https:\\\/\\\/news.save.ch\\\/de\\\/#organization\",\"name\":\"Sicherheitsforum\",\"url\":\"https:\\\/\\\/news.save.ch\\\/de\\\/\",\"logo\":{\"@type\":\"ImageObject\",\"inLanguage\":\"de\",\"@id\":\"https:\\\/\\\/news.save.ch\\\/de\\\/#\\\/schema\\\/logo\\\/image\\\/\",\"url\":\"https:\\\/\\\/news.save.ch\\\/wp-content\\\/uploads\\\/2022\\\/06\\\/Logo_SF_2012.png\",\"contentUrl\":\"https:\\\/\\\/news.save.ch\\\/wp-content\\\/uploads\\\/2022\\\/06\\\/Logo_SF_2012.png\",\"width\":1100,\"height\":91,\"caption\":\"Sicherheitsforum\"},\"image\":{\"@id\":\"https:\\\/\\\/news.save.ch\\\/de\\\/#\\\/schema\\\/logo\\\/image\\\/\"}},{\"@type\":\"Person\",\"@id\":\"https:\\\/\\\/news.save.ch\\\/de\\\/#\\\/schema\\\/person\\\/ad4ef21102fd6125312409ac57d5296d\",\"name\":\"Simon Gr\u00f6flin\",\"image\":{\"@type\":\"ImageObject\",\"inLanguage\":\"de\",\"@id\":\"https:\\\/\\\/secure.gravatar.com\\\/avatar\\\/6ddceb80eb734354635539e0ea5140bb7c41e42de7c45c9a2ab9921b5d5c9a83?s=96&d=mm&r=g\",\"url\":\"https:\\\/\\\/secure.gravatar.com\\\/avatar\\\/6ddceb80eb734354635539e0ea5140bb7c41e42de7c45c9a2ab9921b5d5c9a83?s=96&d=mm&r=g\",\"contentUrl\":\"https:\\\/\\\/secure.gravatar.com\\\/avatar\\\/6ddceb80eb734354635539e0ea5140bb7c41e42de7c45c9a2ab9921b5d5c9a83?s=96&d=mm&r=g\",\"caption\":\"Simon Gr\u00f6flin\"},\"url\":\"https:\\\/\\\/news.save.ch\\\/de\\\/author\\\/simon-groeflin\\\/\"}]}<\/script>\n<!-- \/ Yoast SEO plugin. -->","yoast_head_json":{"title":"Datenleck bei Impfplattform: Datensch\u00fctzer er\u00f6ffnet Verfahren - Save","description":"Der Eidg. Datenschutz- und \u00d6ffentlichkeitsbeauftragte hat auf eine Anzeige eines Online-Magazins ein formelles Verfahren gegen die Betreiber der Plattform www.meineimpfungen.ch er\u00f6ffnet. Er erachtet die geltend gemachten Datenschutzverletzungen als plausibel und hat die Stiftung aufgefordert, die Plattform bis auf Weiteres vom Netz zu nehmen.","robots":{"index":"index","follow":"follow","max-snippet":"max-snippet:-1","max-image-preview":"max-image-preview:large","max-video-preview":"max-video-preview:-1"},"canonical":"https:\/\/news.save.ch\/de\/datenleck-bei-impfplattform-datenschuetzer-eroeffnet-verfahren-2\/","og_locale":"de_DE","og_type":"article","og_title":"Datenleck bei Impfplattform: Datensch\u00fctzer er\u00f6ffnet Verfahren - Save","og_description":"Der Eidg. Datenschutz- und \u00d6ffentlichkeitsbeauftragte hat auf eine Anzeige eines Online-Magazins ein formelles Verfahren gegen die Betreiber der Plattform www.meineimpfungen.ch er\u00f6ffnet. Er erachtet die geltend gemachten Datenschutzverletzungen als plausibel und hat die Stiftung aufgefordert, die Plattform bis auf Weiteres vom Netz zu nehmen.","og_url":"https:\/\/news.save.ch\/de\/datenleck-bei-impfplattform-datenschuetzer-eroeffnet-verfahren-2\/","og_site_name":"Save","article_published_time":"2021-03-24T08:10:48+00:00","article_modified_time":"2023-07-21T02:10:59+00:00","og_image":[{"width":695,"height":395,"url":"https:\/\/news.save.ch\/wp-content\/uploads\/2021\/03\/meineimpfungen_datenschutz-1.jpg","type":"image\/jpeg"}],"author":"Simon Gr\u00f6flin","twitter_card":"summary_large_image","twitter_misc":{"Geschrieben von":"Simon Gr\u00f6flin","Gesch\u00e4tzte Lesezeit":"2\u00a0Minuten"},"schema":{"@context":"https:\/\/schema.org","@graph":[{"@type":"Article","@id":"https:\/\/news.save.ch\/datenleck-bei-impfplattform-datenschuetzer-eroeffnet-verfahren-2\/#article","isPartOf":{"@id":"https:\/\/news.save.ch\/datenleck-bei-impfplattform-datenschuetzer-eroeffnet-verfahren-2\/"},"author":{"name":"Simon Gr\u00f6flin","@id":"https:\/\/news.save.ch\/de\/#\/schema\/person\/ad4ef21102fd6125312409ac57d5296d"},"headline":"Datenleck bei Impfplattform: Datensch\u00fctzer er\u00f6ffnet Verfahren","datePublished":"2021-03-24T08:10:48+00:00","dateModified":"2023-07-21T02:10:59+00:00","mainEntityOfPage":{"@id":"https:\/\/news.save.ch\/datenleck-bei-impfplattform-datenschuetzer-eroeffnet-verfahren-2\/"},"wordCount":264,"publisher":{"@id":"https:\/\/news.save.ch\/de\/#organization"},"image":{"@id":"https:\/\/news.save.ch\/datenleck-bei-impfplattform-datenschuetzer-eroeffnet-verfahren-2\/#primaryimage"},"thumbnailUrl":"https:\/\/news.save.ch\/wp-content\/uploads\/2021\/03\/meineimpfungen_datenschutz-1.jpg","keywords":["Datenschutz","Datenschutzverletzungen","meineimpfungen.ch","NCSC","Republik"],"articleSection":["ALLGEMEIN"],"inLanguage":"de"},{"@type":"WebPage","@id":"https:\/\/news.save.ch\/datenleck-bei-impfplattform-datenschuetzer-eroeffnet-verfahren-2\/","url":"https:\/\/news.save.ch\/datenleck-bei-impfplattform-datenschuetzer-eroeffnet-verfahren-2\/","name":"Datenleck bei Impfplattform: Datensch\u00fctzer er\u00f6ffnet Verfahren - Save","isPartOf":{"@id":"https:\/\/news.save.ch\/de\/#website"},"primaryImageOfPage":{"@id":"https:\/\/news.save.ch\/datenleck-bei-impfplattform-datenschuetzer-eroeffnet-verfahren-2\/#primaryimage"},"image":{"@id":"https:\/\/news.save.ch\/datenleck-bei-impfplattform-datenschuetzer-eroeffnet-verfahren-2\/#primaryimage"},"thumbnailUrl":"https:\/\/news.save.ch\/wp-content\/uploads\/2021\/03\/meineimpfungen_datenschutz-1.jpg","datePublished":"2021-03-24T08:10:48+00:00","dateModified":"2023-07-21T02:10:59+00:00","description":"Der Eidg. Datenschutz- und \u00d6ffentlichkeitsbeauftragte hat auf eine Anzeige eines Online-Magazins ein formelles Verfahren gegen die Betreiber der Plattform www.meineimpfungen.ch er\u00f6ffnet. Er erachtet die geltend gemachten Datenschutzverletzungen als plausibel und hat die Stiftung aufgefordert, die Plattform bis auf Weiteres vom Netz zu nehmen.","breadcrumb":{"@id":"https:\/\/news.save.ch\/datenleck-bei-impfplattform-datenschuetzer-eroeffnet-verfahren-2\/#breadcrumb"},"inLanguage":"de","potentialAction":[{"@type":"ReadAction","target":["https:\/\/news.save.ch\/datenleck-bei-impfplattform-datenschuetzer-eroeffnet-verfahren-2\/"]}]},{"@type":"ImageObject","inLanguage":"de","@id":"https:\/\/news.save.ch\/datenleck-bei-impfplattform-datenschuetzer-eroeffnet-verfahren-2\/#primaryimage","url":"https:\/\/news.save.ch\/wp-content\/uploads\/2021\/03\/meineimpfungen_datenschutz-1.jpg","contentUrl":"https:\/\/news.save.ch\/wp-content\/uploads\/2021\/03\/meineimpfungen_datenschutz-1.jpg","width":695,"height":395},{"@type":"BreadcrumbList","@id":"https:\/\/news.save.ch\/datenleck-bei-impfplattform-datenschuetzer-eroeffnet-verfahren-2\/#breadcrumb","itemListElement":[{"@type":"ListItem","position":1,"name":"Home","item":"https:\/\/news.save.ch\/de\/"},{"@type":"ListItem","position":2,"name":"Datenleck bei Impfplattform: Datensch\u00fctzer er\u00f6ffnet Verfahren"}]},{"@type":"WebSite","@id":"https:\/\/news.save.ch\/de\/#website","url":"https:\/\/news.save.ch\/de\/","name":"Save","description":"Schweizer Fachzeitschrift f\u00fcr Sicherheit","publisher":{"@id":"https:\/\/news.save.ch\/de\/#organization"},"potentialAction":[{"@type":"SearchAction","target":{"@type":"EntryPoint","urlTemplate":"https:\/\/news.save.ch\/de\/?s={search_term_string}"},"query-input":{"@type":"PropertyValueSpecification","valueRequired":true,"valueName":"search_term_string"}}],"inLanguage":"de"},{"@type":"Organization","@id":"https:\/\/news.save.ch\/de\/#organization","name":"Sicherheitsforum","url":"https:\/\/news.save.ch\/de\/","logo":{"@type":"ImageObject","inLanguage":"de","@id":"https:\/\/news.save.ch\/de\/#\/schema\/logo\/image\/","url":"https:\/\/news.save.ch\/wp-content\/uploads\/2022\/06\/Logo_SF_2012.png","contentUrl":"https:\/\/news.save.ch\/wp-content\/uploads\/2022\/06\/Logo_SF_2012.png","width":1100,"height":91,"caption":"Sicherheitsforum"},"image":{"@id":"https:\/\/news.save.ch\/de\/#\/schema\/logo\/image\/"}},{"@type":"Person","@id":"https:\/\/news.save.ch\/de\/#\/schema\/person\/ad4ef21102fd6125312409ac57d5296d","name":"Simon Gr\u00f6flin","image":{"@type":"ImageObject","inLanguage":"de","@id":"https:\/\/secure.gravatar.com\/avatar\/6ddceb80eb734354635539e0ea5140bb7c41e42de7c45c9a2ab9921b5d5c9a83?s=96&d=mm&r=g","url":"https:\/\/secure.gravatar.com\/avatar\/6ddceb80eb734354635539e0ea5140bb7c41e42de7c45c9a2ab9921b5d5c9a83?s=96&d=mm&r=g","contentUrl":"https:\/\/secure.gravatar.com\/avatar\/6ddceb80eb734354635539e0ea5140bb7c41e42de7c45c9a2ab9921b5d5c9a83?s=96&d=mm&r=g","caption":"Simon Gr\u00f6flin"},"url":"https:\/\/news.save.ch\/de\/author\/simon-groeflin\/"}]}},"_links":{"self":[{"href":"https:\/\/news.save.ch\/de\/wp-json\/wp\/v2\/posts\/6965","targetHints":{"allow":["GET"]}}],"collection":[{"href":"https:\/\/news.save.ch\/de\/wp-json\/wp\/v2\/posts"}],"about":[{"href":"https:\/\/news.save.ch\/de\/wp-json\/wp\/v2\/types\/post"}],"author":[{"embeddable":true,"href":"https:\/\/news.save.ch\/de\/wp-json\/wp\/v2\/users\/9"}],"replies":[{"embeddable":true,"href":"https:\/\/news.save.ch\/de\/wp-json\/wp\/v2\/comments?post=6965"}],"version-history":[{"count":2,"href":"https:\/\/news.save.ch\/de\/wp-json\/wp\/v2\/posts\/6965\/revisions"}],"predecessor-version":[{"id":21144,"href":"https:\/\/news.save.ch\/de\/wp-json\/wp\/v2\/posts\/6965\/revisions\/21144"}],"wp:featuredmedia":[{"embeddable":true,"href":"https:\/\/news.save.ch\/de\/wp-json\/wp\/v2\/media\/16422"}],"wp:attachment":[{"href":"https:\/\/news.save.ch\/de\/wp-json\/wp\/v2\/media?parent=6965"}],"wp:term":[{"taxonomy":"category","embeddable":true,"href":"https:\/\/news.save.ch\/de\/wp-json\/wp\/v2\/categories?post=6965"},{"taxonomy":"post_tag","embeddable":true,"href":"https:\/\/news.save.ch\/de\/wp-json\/wp\/v2\/tags?post=6965"}],"curies":[{"name":"wp","href":"https:\/\/api.w.org\/{rel}","templated":true}]}}