{"id":7093,"date":"2018-10-22T10:49:36","date_gmt":"2018-10-22T08:49:36","guid":{"rendered":"https:\/\/news.save.ch\/?p=7093"},"modified":"2018-10-22T10:49:36","modified_gmt":"2018-10-22T08:49:36","slug":"alertswiss-neue-wege-zur-alarmierung-und-information-der-bevoelkerung","status":null,"type":"post","link":"https:\/\/news.save.ch\/de\/alertswiss-neue-wege-zur-alarmierung-und-information-der-bevoelkerung\/","title":{"rendered":"Alertswiss: neue Wege zur Alarmierung und Information"},"content":{"rendered":"<figure id=\"attachment_7094\" aria-describedby=\"caption-attachment-7094\" style=\"width: 680px\" class=\"wp-caption aligncenter\"><img loading=\"lazy\" decoding=\"async\" class=\"size-medium wp-image-7094\" src=\"https:\/\/news.save.ch\/wp-content\/uploads\/2018\/10\/DSC_7834.jpg\" alt=\"\" width=\"680\" height=\"450\" \/><figcaption id=\"caption-attachment-7094\" class=\"wp-caption-text\">Foto: R. Str\u00e4ssle<\/figcaption><\/figure>\n<p>Ein Erdbeben, Erdrutsche und andere Naturkatastrophen, ein Brand in einer Chemieanlage, ein schweres Zugsungl\u00fcck, ein Terroranschlag, allenfalls sogar mit einer &#8222;Dirty Bomb&#8220;: Katastrophen k\u00f6nnen sich jederzeit und ohne Vorank\u00fcndigung ereignen. Eine wesentliche Aufgabe bei der Bew\u00e4ltigung ist in jedem Fall die rasche und zielgenaue Alarmierung sowie die sachgerechte Information der Bev\u00f6lkerung, insbesondere die Kommunikation von Verhaltensanweisungen.<\/p>\n<h2>Zus\u00e4tzliche Alarmierungskan\u00e4le erf\u00fcllen neue Bed\u00fcrfnisse<\/h2>\n<p>Die Schweiz verf\u00fcgt bisher \u00fcber ein fl\u00e4chendeckendes Alarmierungssystem mit Sirenen und anschliessender Information \u00fcber die verbreitungspflichtigen Radios, wie das Bundesamt f\u00fcr Bev\u00f6lkerungsschutz (<a href=\"https:\/\/www.babs.admin.ch\/\">Babs<\/a>) schreibt. Das heutige System zur Alarmierung und Information der Bev\u00f6lkerung funktioniere gut und sicher. Allerdings erf\u00fclle es die heutigen Bed\u00fcrfnisse nicht mehr vollst\u00e4ndig (vgl. auch Meldung vom <a href=\"https:\/\/news.save.ch\/die-warn-drehscheibe-baut-aus\/\">August 2017<\/a>): Ein grosser Teil der Bev\u00f6lkerung nutze im Alltag vor allem mobile Kommunikationsmittel. \u00dcber das Internet k\u00f6nnen Informationen immer schneller verbreitet werden. Ein Teil der Bev\u00f6lkerung weiss nicht mehr, was bei einem Sirenenalarm zu tun ist, wie das Babs betont. Menschen mit einer H\u00f6rbehinderung seien zudem vom bisherigen System mit akustischen Medien ausgeschlossen. Sie h\u00e4tten Anspruch auf ein Alarmierungs- und Informationssystem, das auch f\u00fcr sie direkt zug\u00e4nglich sei.<\/p>\n<h2>Alertswiss: der direkte Draht<\/h2>\n<p>Bei Katastrophen und in Notlagen k\u00f6nnen die Beh\u00f6rden die Bev\u00f6lkerung neu auch \u00fcber digitale Kan\u00e4le alarmieren und informieren. Sie nutzen daf\u00fcr die vom Bundesamt f\u00fcr Bev\u00f6lkerungsschutz seit 2015 betriebenen <a href=\"https:\/\/www.alert.swiss\/de\/home.html\">Alertswiss<\/a>-Kommunikationskan\u00e4le: Alarmmeldungen werden als Push-Meldung \u00fcber die Alertswiss-App auf Smartphones sowie als Online-Publikation auf der Alertswiss-Website verbreitet.<\/p>\n<p>Die Publikation von Alarmmeldungen auf diesen neuen Kan\u00e4len erfolgt laut Babs gleichzeitig mit der Ausl\u00f6sung des Sirenenalarms. Die Alertswiss-Kan\u00e4le w\u00fcrden zudem das Instrumentarium und die M\u00f6glichkeiten der Beh\u00f6rden im Bereich der Ereigniskommunikation erweitern: Nach einer Alarmierung k\u00f6nnen sie zu dem akuten Ereignis \u00fcber die gleichen Kan\u00e4le weiter informieren. Zudem k\u00f6nnen sie auch Warnungen und weitere Informationen verbreiten, ohne gleichzeitige einen Sirenenalarm auszul\u00f6sen.<\/p>\n<h2>Zusammenarbeit von Bund und Kantonen als Schl\u00fcsselfaktor<\/h2>\n<p>Die Weiterentwicklung des Alarmierungs- und Informationssystems mit den neuen Alertswiss-Kan\u00e4len ist eine einheitliche L\u00f6sung: Beteiligt sind s\u00e4mtliche Kantone und das F\u00fcrstentum Liechtenstein. Die enge Zusammenarbeit zwischen Bund und Kantonen bei der Entwicklung und beim k\u00fcnftigen Betrieb des Systems sei der Schl\u00fcssel f\u00fcr den erfolgreichen Einsatz, heisst es beim Babs. Bei den meisten Ereignissen l\u00e4ge die Zust\u00e4ndigkeit f\u00fcr die Alarmierung und Information der Bev\u00f6lkerung auf kantonaler bzw. lokaler Ebene. Konkret erfolge die Ausl\u00f6sung eines Alarms und die entsprechende Information der Bev\u00f6lkerung in der Regel in einer Einsatzzentrale der Kantonspolizei. Auf Bundesebene k\u00f6nne die Nationale Alarmzentrale (NAZ) im Bundesamt f\u00fcr Bev\u00f6lkerungsschutz Alarmmeldungen und weitere Informationen verbreiten.<\/p>\n<p>Gem\u00e4ss Babs ist der gesamte Prozess zur Alarmierung und Information der Bev\u00f6lkerung in einem integralen System zusammengef\u00fchrt. Technisch seien die neuen Alertswiss-Kan\u00e4le an das seit 2012 bestehende, hochsichere Sirenenalarmierungssystem<a href=\"https:\/\/www.newsd.admin.ch\/newsd\/message\/attachments\/54064.pdf\"> Polyalert<\/a> angeschlossen. Die Eingabe der Informationen erfolge somit an einem einzigen Terminal und alle Ausgabekan\u00e4le basierten auf der gleichen Eingabe. Damit k\u00f6nne im Ereignisfall wertvolle Zeit gewonnen werden.<\/p>\n<p><em>Die Alertswiss-App gibt es kostenlos f\u00fcr Android- und f\u00fcr iOS-Systeme. Sie ist downloadbar im Google Play Store und im App Store von Apple.<\/em><\/p>\n<p>&nbsp;<\/p>\n","protected":false},"excerpt":{"rendered":"<p>Ein Erdbeben, Erdrutsche und andere Naturkatastrophen, ein Brand in einer Chemieanlage, ein schweres Zugsungl\u00fcck, ein Terroranschlag, allenfalls sogar mit einer &#8222;Dirty Bomb&#8220;: Katastrophen k\u00f6nnen sich jederzeit und ohne Vorank\u00fcndigung ereignen. Eine wesentliche Aufgabe bei der Bew\u00e4ltigung ist in jedem Fall die rasche und zielgenaue Alarmierung sowie die sachgerechte Information der Bev\u00f6lkerung, insbesondere die Kommunikation von [&hellip;]<\/p>\n","protected":false},"author":8,"featured_media":7094,"comment_status":"open","ping_status":"open","sticky":false,"template":"","format":"standard","meta":{"_acf_changed":false,"pgc_sgb_lightbox_settings":"","footnotes":""},"categories":[1],"tags":[151],"class_list":["post-7093","post","type-post","status-publish","format-standard","has-post-thumbnail","hentry","category-allgemein","tag-alarmierung"],"acf":[],"hkrextid":null,"publication":null,"issue":null,"workflow":null,"startPage":null,"spitzmarke":null,"_posts_by_tag_page_fields":{"widget_title":"","widget_tags":""},"_at_widget":"1","_yoast_wpseo_primary_category":"1","_yoast_wpseo_focuskw_text_input":"Alertswiss","_yoast_wpseo_opengraph-image":null,"_yoast_wpseo_opengraph-description":null,"_yoast_wpseo_opengraph-title":null,"enclosure":null,"_yoast_wpseo_twitter-title":null,"_yoast_wpseo_twitter-description":null,"_yoast_wpseo_twitter-image":null,"_wp_old_slug":null,"_yoast_wpseo_title":null,"_yoast_wpseo_canonical":null,"yoast_head":"<!-- This site is optimized with the Yoast SEO plugin v27.5 - https:\/\/yoast.com\/product\/yoast-seo-wordpress\/ -->\n<title>Alertswiss: neue Wege zur Alarmierung und Information - Save<\/title>\n<meta name=\"description\" content=\"Das Bundesamt f\u00fcr Bev\u00f6lkerungsschutz lanciert neue Kan\u00e4le zur Alarmierung und Information der Bev\u00f6lkerung bei Katastrophen und in Notlagen.\" \/>\n<meta name=\"robots\" content=\"index, follow, max-snippet:-1, max-image-preview:large, max-video-preview:-1\" \/>\n<link rel=\"canonical\" href=\"https:\/\/news.save.ch\/de\/alertswiss-neue-wege-zur-alarmierung-und-information-der-bevoelkerung\/\" \/>\n<meta property=\"og:locale\" content=\"de_DE\" \/>\n<meta property=\"og:type\" content=\"article\" \/>\n<meta property=\"og:title\" content=\"Alertswiss: neue Wege zur Alarmierung und Information - Save\" \/>\n<meta property=\"og:description\" content=\"Das Bundesamt f\u00fcr Bev\u00f6lkerungsschutz lanciert neue Kan\u00e4le zur Alarmierung und Information der Bev\u00f6lkerung bei Katastrophen und in Notlagen.\" \/>\n<meta property=\"og:url\" content=\"https:\/\/news.save.ch\/de\/alertswiss-neue-wege-zur-alarmierung-und-information-der-bevoelkerung\/\" \/>\n<meta property=\"og:site_name\" content=\"Save\" \/>\n<meta property=\"article:published_time\" content=\"2018-10-22T08:49:36+00:00\" \/>\n<meta name=\"author\" content=\"Roger Str\u00e4ssle\" \/>\n<meta name=\"twitter:card\" content=\"summary_large_image\" \/>\n<meta name=\"twitter:label1\" content=\"Geschrieben von\" \/>\n\t<meta name=\"twitter:data1\" content=\"Roger Str\u00e4ssle\" \/>\n\t<meta name=\"twitter:label2\" content=\"Gesch\u00e4tzte Lesezeit\" \/>\n\t<meta name=\"twitter:data2\" content=\"3\u00a0Minuten\" \/>\n<script type=\"application\/ld+json\" class=\"yoast-schema-graph\">{\"@context\":\"https:\\\/\\\/schema.org\",\"@graph\":[{\"@type\":\"Article\",\"@id\":\"https:\\\/\\\/news.save.ch\\\/alertswiss-neue-wege-zur-alarmierung-und-information-der-bevoelkerung\\\/#article\",\"isPartOf\":{\"@id\":\"https:\\\/\\\/news.save.ch\\\/alertswiss-neue-wege-zur-alarmierung-und-information-der-bevoelkerung\\\/\"},\"author\":{\"name\":\"Roger Str\u00e4ssle\",\"@id\":\"https:\\\/\\\/news.save.ch\\\/de\\\/#\\\/schema\\\/person\\\/d5022db048e0e2b9785c50e5b24da5aa\"},\"headline\":\"Alertswiss: neue Wege zur Alarmierung und Information\",\"datePublished\":\"2018-10-22T08:49:36+00:00\",\"mainEntityOfPage\":{\"@id\":\"https:\\\/\\\/news.save.ch\\\/alertswiss-neue-wege-zur-alarmierung-und-information-der-bevoelkerung\\\/\"},\"wordCount\":566,\"commentCount\":0,\"publisher\":{\"@id\":\"https:\\\/\\\/news.save.ch\\\/de\\\/#organization\"},\"image\":{\"@id\":\"https:\\\/\\\/news.save.ch\\\/alertswiss-neue-wege-zur-alarmierung-und-information-der-bevoelkerung\\\/#primaryimage\"},\"thumbnailUrl\":\"\",\"keywords\":[\"Alarmierung\"],\"articleSection\":[\"ALLGEMEIN\"],\"inLanguage\":\"de\"},{\"@type\":\"WebPage\",\"@id\":\"https:\\\/\\\/news.save.ch\\\/alertswiss-neue-wege-zur-alarmierung-und-information-der-bevoelkerung\\\/\",\"url\":\"https:\\\/\\\/news.save.ch\\\/alertswiss-neue-wege-zur-alarmierung-und-information-der-bevoelkerung\\\/\",\"name\":\"Alertswiss: neue Wege zur Alarmierung und Information - Save\",\"isPartOf\":{\"@id\":\"https:\\\/\\\/news.save.ch\\\/de\\\/#website\"},\"primaryImageOfPage\":{\"@id\":\"https:\\\/\\\/news.save.ch\\\/alertswiss-neue-wege-zur-alarmierung-und-information-der-bevoelkerung\\\/#primaryimage\"},\"image\":{\"@id\":\"https:\\\/\\\/news.save.ch\\\/alertswiss-neue-wege-zur-alarmierung-und-information-der-bevoelkerung\\\/#primaryimage\"},\"thumbnailUrl\":\"\",\"datePublished\":\"2018-10-22T08:49:36+00:00\",\"description\":\"Das Bundesamt f\u00fcr Bev\u00f6lkerungsschutz lanciert neue Kan\u00e4le zur Alarmierung und Information der Bev\u00f6lkerung bei Katastrophen und in Notlagen.\",\"breadcrumb\":{\"@id\":\"https:\\\/\\\/news.save.ch\\\/alertswiss-neue-wege-zur-alarmierung-und-information-der-bevoelkerung\\\/#breadcrumb\"},\"inLanguage\":\"de\",\"potentialAction\":[{\"@type\":\"ReadAction\",\"target\":[\"https:\\\/\\\/news.save.ch\\\/alertswiss-neue-wege-zur-alarmierung-und-information-der-bevoelkerung\\\/\"]}]},{\"@type\":\"ImageObject\",\"inLanguage\":\"de\",\"@id\":\"https:\\\/\\\/news.save.ch\\\/alertswiss-neue-wege-zur-alarmierung-und-information-der-bevoelkerung\\\/#primaryimage\",\"url\":\"\",\"contentUrl\":\"\"},{\"@type\":\"BreadcrumbList\",\"@id\":\"https:\\\/\\\/news.save.ch\\\/alertswiss-neue-wege-zur-alarmierung-und-information-der-bevoelkerung\\\/#breadcrumb\",\"itemListElement\":[{\"@type\":\"ListItem\",\"position\":1,\"name\":\"Home\",\"item\":\"https:\\\/\\\/news.save.ch\\\/de\\\/\"},{\"@type\":\"ListItem\",\"position\":2,\"name\":\"Alertswiss: neue Wege zur Alarmierung und Information\"}]},{\"@type\":\"WebSite\",\"@id\":\"https:\\\/\\\/news.save.ch\\\/de\\\/#website\",\"url\":\"https:\\\/\\\/news.save.ch\\\/de\\\/\",\"name\":\"Save\",\"description\":\"Schweizer Fachzeitschrift f\u00fcr Sicherheit\",\"publisher\":{\"@id\":\"https:\\\/\\\/news.save.ch\\\/de\\\/#organization\"},\"potentialAction\":[{\"@type\":\"SearchAction\",\"target\":{\"@type\":\"EntryPoint\",\"urlTemplate\":\"https:\\\/\\\/news.save.ch\\\/de\\\/?s={search_term_string}\"},\"query-input\":{\"@type\":\"PropertyValueSpecification\",\"valueRequired\":true,\"valueName\":\"search_term_string\"}}],\"inLanguage\":\"de\"},{\"@type\":\"Organization\",\"@id\":\"https:\\\/\\\/news.save.ch\\\/de\\\/#organization\",\"name\":\"Sicherheitsforum\",\"url\":\"https:\\\/\\\/news.save.ch\\\/de\\\/\",\"logo\":{\"@type\":\"ImageObject\",\"inLanguage\":\"de\",\"@id\":\"https:\\\/\\\/news.save.ch\\\/de\\\/#\\\/schema\\\/logo\\\/image\\\/\",\"url\":\"https:\\\/\\\/news.save.ch\\\/wp-content\\\/uploads\\\/2022\\\/06\\\/Logo_SF_2012.png\",\"contentUrl\":\"https:\\\/\\\/news.save.ch\\\/wp-content\\\/uploads\\\/2022\\\/06\\\/Logo_SF_2012.png\",\"width\":1100,\"height\":91,\"caption\":\"Sicherheitsforum\"},\"image\":{\"@id\":\"https:\\\/\\\/news.save.ch\\\/de\\\/#\\\/schema\\\/logo\\\/image\\\/\"}},{\"@type\":\"Person\",\"@id\":\"https:\\\/\\\/news.save.ch\\\/de\\\/#\\\/schema\\\/person\\\/d5022db048e0e2b9785c50e5b24da5aa\",\"name\":\"Roger Str\u00e4ssle\",\"image\":{\"@type\":\"ImageObject\",\"inLanguage\":\"de\",\"@id\":\"https:\\\/\\\/secure.gravatar.com\\\/avatar\\\/862a5569d087de48e5856e32f45d719a03804c891d6deb8d4f71a660e79e4a47?s=96&d=mm&r=g\",\"url\":\"https:\\\/\\\/secure.gravatar.com\\\/avatar\\\/862a5569d087de48e5856e32f45d719a03804c891d6deb8d4f71a660e79e4a47?s=96&d=mm&r=g\",\"contentUrl\":\"https:\\\/\\\/secure.gravatar.com\\\/avatar\\\/862a5569d087de48e5856e32f45d719a03804c891d6deb8d4f71a660e79e4a47?s=96&d=mm&r=g\",\"caption\":\"Roger Str\u00e4ssle\"},\"url\":\"https:\\\/\\\/news.save.ch\\\/de\\\/author\\\/roger-straessle\\\/\"}]}<\/script>\n<!-- \/ Yoast SEO plugin. -->","yoast_head_json":{"title":"Alertswiss: neue Wege zur Alarmierung und Information - Save","description":"Das Bundesamt f\u00fcr Bev\u00f6lkerungsschutz lanciert neue Kan\u00e4le zur Alarmierung und Information der Bev\u00f6lkerung bei Katastrophen und in Notlagen.","robots":{"index":"index","follow":"follow","max-snippet":"max-snippet:-1","max-image-preview":"max-image-preview:large","max-video-preview":"max-video-preview:-1"},"canonical":"https:\/\/news.save.ch\/de\/alertswiss-neue-wege-zur-alarmierung-und-information-der-bevoelkerung\/","og_locale":"de_DE","og_type":"article","og_title":"Alertswiss: neue Wege zur Alarmierung und Information - Save","og_description":"Das Bundesamt f\u00fcr Bev\u00f6lkerungsschutz lanciert neue Kan\u00e4le zur Alarmierung und Information der Bev\u00f6lkerung bei Katastrophen und in Notlagen.","og_url":"https:\/\/news.save.ch\/de\/alertswiss-neue-wege-zur-alarmierung-und-information-der-bevoelkerung\/","og_site_name":"Save","article_published_time":"2018-10-22T08:49:36+00:00","author":"Roger Str\u00e4ssle","twitter_card":"summary_large_image","twitter_misc":{"Geschrieben von":"Roger Str\u00e4ssle","Gesch\u00e4tzte Lesezeit":"3\u00a0Minuten"},"schema":{"@context":"https:\/\/schema.org","@graph":[{"@type":"Article","@id":"https:\/\/news.save.ch\/alertswiss-neue-wege-zur-alarmierung-und-information-der-bevoelkerung\/#article","isPartOf":{"@id":"https:\/\/news.save.ch\/alertswiss-neue-wege-zur-alarmierung-und-information-der-bevoelkerung\/"},"author":{"name":"Roger Str\u00e4ssle","@id":"https:\/\/news.save.ch\/de\/#\/schema\/person\/d5022db048e0e2b9785c50e5b24da5aa"},"headline":"Alertswiss: neue Wege zur Alarmierung und Information","datePublished":"2018-10-22T08:49:36+00:00","mainEntityOfPage":{"@id":"https:\/\/news.save.ch\/alertswiss-neue-wege-zur-alarmierung-und-information-der-bevoelkerung\/"},"wordCount":566,"commentCount":0,"publisher":{"@id":"https:\/\/news.save.ch\/de\/#organization"},"image":{"@id":"https:\/\/news.save.ch\/alertswiss-neue-wege-zur-alarmierung-und-information-der-bevoelkerung\/#primaryimage"},"thumbnailUrl":"","keywords":["Alarmierung"],"articleSection":["ALLGEMEIN"],"inLanguage":"de"},{"@type":"WebPage","@id":"https:\/\/news.save.ch\/alertswiss-neue-wege-zur-alarmierung-und-information-der-bevoelkerung\/","url":"https:\/\/news.save.ch\/alertswiss-neue-wege-zur-alarmierung-und-information-der-bevoelkerung\/","name":"Alertswiss: neue Wege zur Alarmierung und Information - Save","isPartOf":{"@id":"https:\/\/news.save.ch\/de\/#website"},"primaryImageOfPage":{"@id":"https:\/\/news.save.ch\/alertswiss-neue-wege-zur-alarmierung-und-information-der-bevoelkerung\/#primaryimage"},"image":{"@id":"https:\/\/news.save.ch\/alertswiss-neue-wege-zur-alarmierung-und-information-der-bevoelkerung\/#primaryimage"},"thumbnailUrl":"","datePublished":"2018-10-22T08:49:36+00:00","description":"Das Bundesamt f\u00fcr Bev\u00f6lkerungsschutz lanciert neue Kan\u00e4le zur Alarmierung und Information der Bev\u00f6lkerung bei Katastrophen und in Notlagen.","breadcrumb":{"@id":"https:\/\/news.save.ch\/alertswiss-neue-wege-zur-alarmierung-und-information-der-bevoelkerung\/#breadcrumb"},"inLanguage":"de","potentialAction":[{"@type":"ReadAction","target":["https:\/\/news.save.ch\/alertswiss-neue-wege-zur-alarmierung-und-information-der-bevoelkerung\/"]}]},{"@type":"ImageObject","inLanguage":"de","@id":"https:\/\/news.save.ch\/alertswiss-neue-wege-zur-alarmierung-und-information-der-bevoelkerung\/#primaryimage","url":"","contentUrl":""},{"@type":"BreadcrumbList","@id":"https:\/\/news.save.ch\/alertswiss-neue-wege-zur-alarmierung-und-information-der-bevoelkerung\/#breadcrumb","itemListElement":[{"@type":"ListItem","position":1,"name":"Home","item":"https:\/\/news.save.ch\/de\/"},{"@type":"ListItem","position":2,"name":"Alertswiss: neue Wege zur Alarmierung und Information"}]},{"@type":"WebSite","@id":"https:\/\/news.save.ch\/de\/#website","url":"https:\/\/news.save.ch\/de\/","name":"Save","description":"Schweizer Fachzeitschrift f\u00fcr Sicherheit","publisher":{"@id":"https:\/\/news.save.ch\/de\/#organization"},"potentialAction":[{"@type":"SearchAction","target":{"@type":"EntryPoint","urlTemplate":"https:\/\/news.save.ch\/de\/?s={search_term_string}"},"query-input":{"@type":"PropertyValueSpecification","valueRequired":true,"valueName":"search_term_string"}}],"inLanguage":"de"},{"@type":"Organization","@id":"https:\/\/news.save.ch\/de\/#organization","name":"Sicherheitsforum","url":"https:\/\/news.save.ch\/de\/","logo":{"@type":"ImageObject","inLanguage":"de","@id":"https:\/\/news.save.ch\/de\/#\/schema\/logo\/image\/","url":"https:\/\/news.save.ch\/wp-content\/uploads\/2022\/06\/Logo_SF_2012.png","contentUrl":"https:\/\/news.save.ch\/wp-content\/uploads\/2022\/06\/Logo_SF_2012.png","width":1100,"height":91,"caption":"Sicherheitsforum"},"image":{"@id":"https:\/\/news.save.ch\/de\/#\/schema\/logo\/image\/"}},{"@type":"Person","@id":"https:\/\/news.save.ch\/de\/#\/schema\/person\/d5022db048e0e2b9785c50e5b24da5aa","name":"Roger Str\u00e4ssle","image":{"@type":"ImageObject","inLanguage":"de","@id":"https:\/\/secure.gravatar.com\/avatar\/862a5569d087de48e5856e32f45d719a03804c891d6deb8d4f71a660e79e4a47?s=96&d=mm&r=g","url":"https:\/\/secure.gravatar.com\/avatar\/862a5569d087de48e5856e32f45d719a03804c891d6deb8d4f71a660e79e4a47?s=96&d=mm&r=g","contentUrl":"https:\/\/secure.gravatar.com\/avatar\/862a5569d087de48e5856e32f45d719a03804c891d6deb8d4f71a660e79e4a47?s=96&d=mm&r=g","caption":"Roger Str\u00e4ssle"},"url":"https:\/\/news.save.ch\/de\/author\/roger-straessle\/"}]}},"_links":{"self":[{"href":"https:\/\/news.save.ch\/de\/wp-json\/wp\/v2\/posts\/7093","targetHints":{"allow":["GET"]}}],"collection":[{"href":"https:\/\/news.save.ch\/de\/wp-json\/wp\/v2\/posts"}],"about":[{"href":"https:\/\/news.save.ch\/de\/wp-json\/wp\/v2\/types\/post"}],"author":[{"embeddable":true,"href":"https:\/\/news.save.ch\/de\/wp-json\/wp\/v2\/users\/8"}],"replies":[{"embeddable":true,"href":"https:\/\/news.save.ch\/de\/wp-json\/wp\/v2\/comments?post=7093"}],"version-history":[{"count":0,"href":"https:\/\/news.save.ch\/de\/wp-json\/wp\/v2\/posts\/7093\/revisions"}],"wp:featuredmedia":[{"embeddable":true,"href":"https:\/\/news.save.ch\/de\/wp-json\/"}],"wp:attachment":[{"href":"https:\/\/news.save.ch\/de\/wp-json\/wp\/v2\/media?parent=7093"}],"wp:term":[{"taxonomy":"category","embeddable":true,"href":"https:\/\/news.save.ch\/de\/wp-json\/wp\/v2\/categories?post=7093"},{"taxonomy":"post_tag","embeddable":true,"href":"https:\/\/news.save.ch\/de\/wp-json\/wp\/v2\/tags?post=7093"}],"curies":[{"name":"wp","href":"https:\/\/api.w.org\/{rel}","templated":true}]}}