{"id":7304,"date":"2018-12-05T14:05:15","date_gmt":"2018-12-05T13:05:15","guid":{"rendered":"https:\/\/news.save.ch\/?p=7304"},"modified":"2018-12-05T14:05:15","modified_gmt":"2018-12-05T13:05:15","slug":"nach-bim-gebaut-der-neu-eingeweihte-campus-in-zug","status":null,"type":"post","link":"https:\/\/news.save.ch\/de\/nach-bim-gebaut-der-neu-eingeweihte-campus-in-zug\/","title":{"rendered":"Mit BIM gebaut \u2013 der eingeweihte Campus in Zug"},"content":{"rendered":"<figure id=\"attachment_7305\" aria-describedby=\"caption-attachment-7305\" style=\"width: 680px\" class=\"wp-caption aligncenter\"><img loading=\"lazy\" decoding=\"async\" class=\"size-medium wp-image-7305\" src=\"https:\/\/news.save.ch\/wp-content\/uploads\/2018\/12\/Campus-Zug-scaled-1.jpg\" alt=\"\" width=\"680\" height=\"510\" \/><figcaption id=\"caption-attachment-7305\" class=\"wp-caption-text\">\u00a9 Siemens<\/figcaption><\/figure>\n<p>&nbsp;<\/p>\n<p>&#8222;<a href=\"https:\/\/www.siemens.com\/global\/de\/home\/produkte\/gebaeude.html\">Siemens<\/a> ist heute einer der gr\u00f6ssten Arbeitgeber in der Schweiz. Wir besch\u00e4ftigen hier fast 6\u2018000 Kolleginnen und Kollegen, darunter rund 300 Auszubildende&#8220;, sagte Joe Kaeser, Vorsitzender des Vorstands der Siemens AG. &#8222;Die Geb\u00e4udetechnik mit Sitz in Zug wird wie kaum eine andere Industrie von der industriellen Automatisierung und Digitalisierung profitieren. Im n\u00e4chsten Jahr wird die Geb\u00e4udetechnik als Kernelement in die neue Operating Company Smart Infrastructure (SI) eingehen. Deren weltweites Headquarter wird dann auch hier in Zug sein.&#8220;<\/p>\n<p><strong>Ein smartes Geb\u00e4ude ist flexibel <\/strong><\/p>\n<p>Zug ist seit 1998 Standort von Siemens Building Technologies (BT). Siemens \u00fcbernahm damals die industriellen Aktivit\u00e4ten der schweizerischen Elektrowatt AG. &#8222;Mit unseren Investitionen in Forschung und Entwicklung nutzen wir die Chancen der Digitalisierung, uns konsequent zur Smart Building Company weiter zu entwickeln.&#8220;, sagte Matthias Rebellius, CEO Siemens Building Technologies. &#8222;Wir bieten das komplette Sortiment von Geb\u00e4udetechnologien f\u00fcr Brandmelde-, Sicherheits- und Automatisierungsl\u00f6sungen an, um Nachhaltigkeit, Gesamtbetriebskosten und die Benutzererfahrung in Geb\u00e4uden zu optimieren. Smarte Geb\u00e4ude basieren auf der umfassenden Analyse und Nutzung digitaler Geb\u00e4udedaten.&#8220; Den neuen Campus nannte Rebellius eine Referenz f\u00fcr die Chancen der Digitalisierung in der Geb\u00e4udetechnik, f\u00fcr Energieeffizienz und f\u00fcr zukunftsorientiertes Arbeiten. &#8222;Ein smartes Geb\u00e4ude ist flexibel, es lernt aus bisherigen Interaktionen, es passt sich den Anforderungen der Geb\u00e4udenutzer st\u00e4ndig an und tr\u00e4gt damit aktiv zu deren Erfolg bei.&#8220;<\/p>\n<figure id=\"attachment_7340\" aria-describedby=\"caption-attachment-7340\" style=\"width: 327px\" class=\"wp-caption alignleft\"><img loading=\"lazy\" decoding=\"async\" class=\" wp-image-7340\" src=\"https:\/\/news.save.ch\/wp-content\/uploads\/2018\/12\/Methode-Bim-1-scaled-1.jpg\" alt=\"\" width=\"327\" height=\"279\" \/><figcaption id=\"caption-attachment-7340\" class=\"wp-caption-text\">Wer mit dem iPad durch das neue Geb\u00e4ude l\u00e4uft, dem zeigt es an, wo sich z.B. welche Leitungen im Geb\u00e4ude befinden. \u00a9 Siemens<\/figcaption><\/figure>\n<p><strong>Nach BIM realisiert<\/strong><\/p>\n<p>Die Bauzeit f\u00fcr B\u00fcro- und Produktionsgeb\u00e4ude lief von Mai 2016 bis Juli 2018. Wer wie die Siemens viel und gerne von Building Information Modeling (BIM) spricht, von dem wird erwartet, dass er mit gutem Beispiel vorangeht. Der neue Campus Zug ist denn auch eines der ersten Neubauprojekte, bei dem BIM-Methode in der Planung und Realisierung zum Einsatz kam. Der Digitale Zwilling, ein 3D-Modell des Geb\u00e4udes, angereichert mit technischen Informationen, die f\u00fcr den sp\u00e4teren Betrieb relevant seien, sei Grundlage f\u00fcr eine effiziente, kostenoptimierte und vorausschauende Bewirtschaftung eines Geb\u00e4udes, betont das Unternehmen.<\/p>\n<p>Der Campuskomplex ist selbstverst\u00e4ndlich mit Geb\u00e4udeautomation, Sicherheits- und Brandschutztechnik aus der eigenen Produktion ausgestattet. Besonderer Wert habe man auf die Nachhaltigkeit und Energieeffizienz der Geb\u00e4ude gelegt, betonte Christoph Leitgeb, General Manager New Siemens Campus. Das B\u00fcrogeb\u00e4ude erf\u00fcllt laut ihm h\u00f6chste Anspr\u00fcche nach dem <a href=\"https:\/\/de.wikipedia.org\/wiki\/Leadership_in_Energy_and_Environmental_Design\">LEED<\/a>-Standard und erhielt eine Platin-Zertifizierung, das Fertigungsgeb\u00e4ude erf\u00fcllt die Kriterien f\u00fcr die Gold-Zertifizierung nach dem LEED-Standard. Ein solches Geb\u00e4ude ist umweltfreundlich, wie die nachfolgenden Punkte zeigen: Ein integriertes Geb\u00e4udeautomationssystem mit Energieoptimierung steuert den Energieverbrauch und alle Gewerke der Geb\u00e4udetechnik. Energieeffiziente W\u00e4rmepumpen nutzen Wasser aus dem Zugersee als W\u00e4rmequelle bzw. zur K\u00fchlung. Fossile Brennstoffe werden von den Geb\u00e4uden des Campus nicht zur Energieerzeugung ben\u00f6tigt. Die Anlagen f\u00fcr Heizung, L\u00fcftung und Klima sind mit W\u00e4rme- und K\u00e4lter\u00fcckgewinnungssystemen ausgestattet. Selbst die Luftdruckanlagen in der Produktion sind mit einem Energier\u00fcckgewinnungssystem f\u00fcr die Warmwasseraufbereitung ausger\u00fcstet. Die Dachfl\u00e4chen sind begr\u00fcnt, im B\u00fcrogeb\u00e4ude werden rund 1\u2018500 Kubikmeter Regenwasser genutzt. Im Fr\u00fchjahr 2019 geht auf dem Dach des Produktionsgeb\u00e4udes ein Photovoltaikanlage in Betrieb.<\/p>\n<p>Das B\u00fcrogeb\u00e4ude mit einer Grundfl\u00e4che von 56 x 56 Metern bietet auf sieben Stockwerken Platz f\u00fcr 1\u2018000 Mitarbeiter. Es hat eine Bruttogeschossfl\u00e4che von 32\u2018000 m2, davon 18\u2018400 m2 B\u00fcrofl\u00e4chen und 11\u2018000 m2 in der zweigeschossigen Tiefgarage mit 250 Pl\u00e4tzen. Die Geb\u00e4udeh\u00f6he betr\u00e4gt 25 Meter.<\/p>\n<p><strong>Herstellung der Brandschutz und Sicherheitsprodukte<\/strong><\/p>\n<p>Das dreigeschossige Produktionsgeb\u00e4ude mit einer Grundfl\u00e4che von 125 x 50 Metern hat zwei Fertigungsgeschosse. Hier werden u.a. die Siemens-Angebote des Bereichs Brandschutz und Sicherheit im 3-Schicht-Betrieb hergestellt. Zum Beispiel produziert das Unternehmen an diesem Standort j\u00e4hrlich 2,4 Mio. Rauchmelder.<\/p>\n<p>Das zweite Obergeschoss des 16 Meter hohen Bauwerks beinhaltet neben 120 B\u00fcroarbeitspl\u00e4tzen weitere Fl\u00e4chen f\u00fcr Berufsausbildung und Labors. Anlieferung, Stickstofftanks und Abfallbeh\u00e4lter sind im Geb\u00e4ude integriert, um die Ger\u00e4uschbelastung f\u00fcr angrenzende Wohnbebauung zu minimieren und ein architektonisch ansprechendes Erscheinungsbild zu schaffen.<\/p>\n<p>Zum Campus geh\u00f6rt ausserdem ein bestehendes B\u00fcro- und Produktionsgeb\u00e4ude, das im Jahr 2021 modernisiert wird und dann ab Ende 2022 die rund 450 Angestellten in Forschung und Entwicklung von BT beherbergen wird. Das bisherige B\u00fcrogeb\u00e4ude von Siemens \u00fcbernimmt die Stadt Zug.<\/p>\n<p><strong>Internationaler Hauptsitz <\/strong><\/p>\n<p>Der Siemens Campus Zug ist internationaler Hauptsitz der Siemens-Division Building Technologies. Die BT-Division ist Entwickler und Anbieter von Produkten, Systeml\u00f6sungen und Services in den Bereichen Geb\u00e4udeautomation, Energieeffizienz, Brandschutz und Sicherheit; sie versteht sich auch als Vorreiterin bei der Digitalisierung von Geb\u00e4uden.<\/p>\n<p>Laut Angaben hatte Building Technologies 2018 rund 29\u2018000 Mitarbeiter an mehr als 400 Standorten weltweit im Einsatz und erwirtschaftete einen Umsatz von 6,6 Milliarden Euro. BT ist seit der \u00dcbernahme der industriellen Aktivit\u00e4ten von Elektrowatt 1998 in Zug ans\u00e4ssig. In Zug arbeiten heute f\u00fcr BT 1\u2018700 Mitarbeiter, wie Siemens ferner schreibt.\u00a0 \u00a0 <em>(Pressemeldung \/ rs)<\/em><\/p>\n<figure id=\"attachment_7342\" aria-describedby=\"caption-attachment-7342\" style=\"width: 680px\" class=\"wp-caption alignleft\"><img loading=\"lazy\" decoding=\"async\" class=\"size-medium wp-image-7342\" src=\"https:\/\/news.save.ch\/wp-content\/uploads\/2018\/12\/03-Production-facility-3-scaled-1.jpg\" alt=\"\" width=\"680\" height=\"453\" \/><figcaption id=\"caption-attachment-7342\" class=\"wp-caption-text\">Blick in das neue Fabrikationsgeb\u00e4ude. \u00a9 Siemens<\/figcaption><\/figure>\n<p>&nbsp;<\/p>\n","protected":false},"excerpt":{"rendered":"<p>&nbsp; &#8222;Siemens ist heute einer der gr\u00f6ssten Arbeitgeber in der Schweiz. Wir besch\u00e4ftigen hier fast 6\u2018000 Kolleginnen und Kollegen, darunter rund 300 Auszubildende&#8220;, sagte Joe Kaeser, Vorsitzender des Vorstands der Siemens AG. &#8222;Die Geb\u00e4udetechnik mit Sitz in Zug wird wie kaum eine andere Industrie von der industriellen Automatisierung und Digitalisierung profitieren. Im n\u00e4chsten Jahr wird [&hellip;]<\/p>\n","protected":false},"author":8,"featured_media":7305,"comment_status":"open","ping_status":"open","sticky":false,"template":"","format":"standard","meta":{"_acf_changed":false,"pgc_sgb_lightbox_settings":"","footnotes":""},"categories":[1],"tags":[354,65],"class_list":["post-7304","post","type-post","status-publish","format-standard","has-post-thumbnail","hentry","category-allgemein","tag-bauforum","tag-unternehmen"],"acf":[],"hkrextid":null,"publication":null,"issue":null,"workflow":null,"startPage":null,"spitzmarke":null,"_posts_by_tag_page_fields":{"widget_title":"","widget_tags":""},"_at_widget":"1","_yoast_wpseo_primary_category":"1","_yoast_wpseo_focuskw_text_input":"Siemens","_yoast_wpseo_opengraph-image":null,"_yoast_wpseo_opengraph-description":null,"_yoast_wpseo_opengraph-title":null,"enclosure":null,"_yoast_wpseo_twitter-title":null,"_yoast_wpseo_twitter-description":null,"_yoast_wpseo_twitter-image":null,"_wp_old_slug":null,"_yoast_wpseo_title":null,"_yoast_wpseo_canonical":null,"yoast_head":"<!-- This site is optimized with the Yoast SEO plugin v27.4 - https:\/\/yoast.com\/product\/yoast-seo-wordpress\/ -->\n<title>Mit BIM gebaut \u2013 der eingeweihte Campus in Zug - Save<\/title>\n<meta name=\"description\" content=\"Die Siemens AG hat ihren Campus in Zug eingeweiht. Er besteht aus einem neuen B\u00fcrogeb\u00e4ude und einem neu erstellten Produktionsgeb\u00e4ude.\" \/>\n<meta name=\"robots\" content=\"index, follow, max-snippet:-1, max-image-preview:large, max-video-preview:-1\" \/>\n<link rel=\"canonical\" href=\"https:\/\/news.save.ch\/de\/nach-bim-gebaut-der-neu-eingeweihte-campus-in-zug\/\" \/>\n<meta property=\"og:locale\" content=\"de_DE\" \/>\n<meta property=\"og:type\" content=\"article\" \/>\n<meta property=\"og:title\" content=\"Mit BIM gebaut \u2013 der eingeweihte Campus in Zug - Save\" \/>\n<meta property=\"og:description\" content=\"Die Siemens AG hat ihren Campus in Zug eingeweiht. Er besteht aus einem neuen B\u00fcrogeb\u00e4ude und einem neu erstellten Produktionsgeb\u00e4ude.\" \/>\n<meta property=\"og:url\" content=\"https:\/\/news.save.ch\/de\/nach-bim-gebaut-der-neu-eingeweihte-campus-in-zug\/\" \/>\n<meta property=\"og:site_name\" content=\"Save\" \/>\n<meta property=\"article:published_time\" content=\"2018-12-05T13:05:15+00:00\" \/>\n<meta property=\"og:image\" content=\"https:\/\/news.save.ch\/wp-content\/uploads\/2018\/12\/Campus-Zug-scaled-1-scaled.jpg\" \/>\n\t<meta property=\"og:image:width\" content=\"1400\" \/>\n\t<meta property=\"og:image:height\" content=\"1050\" \/>\n\t<meta property=\"og:image:type\" content=\"image\/jpeg\" \/>\n<meta name=\"author\" content=\"Roger Str\u00e4ssle\" \/>\n<meta name=\"twitter:card\" content=\"summary_large_image\" \/>\n<meta name=\"twitter:label1\" content=\"Geschrieben von\" \/>\n\t<meta name=\"twitter:data1\" content=\"Roger Str\u00e4ssle\" \/>\n\t<meta name=\"twitter:label2\" content=\"Gesch\u00e4tzte Lesezeit\" \/>\n\t<meta name=\"twitter:data2\" content=\"4\u00a0Minuten\" \/>\n<script type=\"application\/ld+json\" class=\"yoast-schema-graph\">{\"@context\":\"https:\\\/\\\/schema.org\",\"@graph\":[{\"@type\":\"Article\",\"@id\":\"https:\\\/\\\/news.save.ch\\\/nach-bim-gebaut-der-neu-eingeweihte-campus-in-zug\\\/#article\",\"isPartOf\":{\"@id\":\"https:\\\/\\\/news.save.ch\\\/nach-bim-gebaut-der-neu-eingeweihte-campus-in-zug\\\/\"},\"author\":{\"name\":\"Roger Str\u00e4ssle\",\"@id\":\"https:\\\/\\\/news.save.ch\\\/de\\\/#\\\/schema\\\/person\\\/d5022db048e0e2b9785c50e5b24da5aa\"},\"headline\":\"Mit BIM gebaut \u2013 der eingeweihte Campus in Zug\",\"datePublished\":\"2018-12-05T13:05:15+00:00\",\"mainEntityOfPage\":{\"@id\":\"https:\\\/\\\/news.save.ch\\\/nach-bim-gebaut-der-neu-eingeweihte-campus-in-zug\\\/\"},\"wordCount\":862,\"commentCount\":0,\"publisher\":{\"@id\":\"https:\\\/\\\/news.save.ch\\\/de\\\/#organization\"},\"image\":{\"@id\":\"https:\\\/\\\/news.save.ch\\\/nach-bim-gebaut-der-neu-eingeweihte-campus-in-zug\\\/#primaryimage\"},\"thumbnailUrl\":\"https:\\\/\\\/news.save.ch\\\/wp-content\\\/uploads\\\/2018\\\/12\\\/Campus-Zug-scaled-1-scaled.jpg\",\"keywords\":[\"Bauforum\",\"Unternehmen\"],\"articleSection\":[\"ALLGEMEIN\"],\"inLanguage\":\"de\"},{\"@type\":\"WebPage\",\"@id\":\"https:\\\/\\\/news.save.ch\\\/nach-bim-gebaut-der-neu-eingeweihte-campus-in-zug\\\/\",\"url\":\"https:\\\/\\\/news.save.ch\\\/nach-bim-gebaut-der-neu-eingeweihte-campus-in-zug\\\/\",\"name\":\"Mit BIM gebaut \u2013 der eingeweihte Campus in Zug - Save\",\"isPartOf\":{\"@id\":\"https:\\\/\\\/news.save.ch\\\/de\\\/#website\"},\"primaryImageOfPage\":{\"@id\":\"https:\\\/\\\/news.save.ch\\\/nach-bim-gebaut-der-neu-eingeweihte-campus-in-zug\\\/#primaryimage\"},\"image\":{\"@id\":\"https:\\\/\\\/news.save.ch\\\/nach-bim-gebaut-der-neu-eingeweihte-campus-in-zug\\\/#primaryimage\"},\"thumbnailUrl\":\"https:\\\/\\\/news.save.ch\\\/wp-content\\\/uploads\\\/2018\\\/12\\\/Campus-Zug-scaled-1-scaled.jpg\",\"datePublished\":\"2018-12-05T13:05:15+00:00\",\"description\":\"Die Siemens AG hat ihren Campus in Zug eingeweiht. Er besteht aus einem neuen B\u00fcrogeb\u00e4ude und einem neu erstellten Produktionsgeb\u00e4ude.\",\"breadcrumb\":{\"@id\":\"https:\\\/\\\/news.save.ch\\\/nach-bim-gebaut-der-neu-eingeweihte-campus-in-zug\\\/#breadcrumb\"},\"inLanguage\":\"de\",\"potentialAction\":[{\"@type\":\"ReadAction\",\"target\":[\"https:\\\/\\\/news.save.ch\\\/nach-bim-gebaut-der-neu-eingeweihte-campus-in-zug\\\/\"]}]},{\"@type\":\"ImageObject\",\"inLanguage\":\"de\",\"@id\":\"https:\\\/\\\/news.save.ch\\\/nach-bim-gebaut-der-neu-eingeweihte-campus-in-zug\\\/#primaryimage\",\"url\":\"https:\\\/\\\/news.save.ch\\\/wp-content\\\/uploads\\\/2018\\\/12\\\/Campus-Zug-scaled-1-scaled.jpg\",\"contentUrl\":\"https:\\\/\\\/news.save.ch\\\/wp-content\\\/uploads\\\/2018\\\/12\\\/Campus-Zug-scaled-1-scaled.jpg\",\"width\":1400,\"height\":1050,\"caption\":\"\u00a9 Siemens\"},{\"@type\":\"BreadcrumbList\",\"@id\":\"https:\\\/\\\/news.save.ch\\\/nach-bim-gebaut-der-neu-eingeweihte-campus-in-zug\\\/#breadcrumb\",\"itemListElement\":[{\"@type\":\"ListItem\",\"position\":1,\"name\":\"Home\",\"item\":\"https:\\\/\\\/news.save.ch\\\/de\\\/\"},{\"@type\":\"ListItem\",\"position\":2,\"name\":\"Mit BIM gebaut \u2013 der eingeweihte Campus in Zug\"}]},{\"@type\":\"WebSite\",\"@id\":\"https:\\\/\\\/news.save.ch\\\/de\\\/#website\",\"url\":\"https:\\\/\\\/news.save.ch\\\/de\\\/\",\"name\":\"Save\",\"description\":\"Schweizer Fachzeitschrift f\u00fcr Sicherheit\",\"publisher\":{\"@id\":\"https:\\\/\\\/news.save.ch\\\/de\\\/#organization\"},\"potentialAction\":[{\"@type\":\"SearchAction\",\"target\":{\"@type\":\"EntryPoint\",\"urlTemplate\":\"https:\\\/\\\/news.save.ch\\\/de\\\/?s={search_term_string}\"},\"query-input\":{\"@type\":\"PropertyValueSpecification\",\"valueRequired\":true,\"valueName\":\"search_term_string\"}}],\"inLanguage\":\"de\"},{\"@type\":\"Organization\",\"@id\":\"https:\\\/\\\/news.save.ch\\\/de\\\/#organization\",\"name\":\"Sicherheitsforum\",\"url\":\"https:\\\/\\\/news.save.ch\\\/de\\\/\",\"logo\":{\"@type\":\"ImageObject\",\"inLanguage\":\"de\",\"@id\":\"https:\\\/\\\/news.save.ch\\\/de\\\/#\\\/schema\\\/logo\\\/image\\\/\",\"url\":\"https:\\\/\\\/news.save.ch\\\/wp-content\\\/uploads\\\/2022\\\/06\\\/Logo_SF_2012.png\",\"contentUrl\":\"https:\\\/\\\/news.save.ch\\\/wp-content\\\/uploads\\\/2022\\\/06\\\/Logo_SF_2012.png\",\"width\":1100,\"height\":91,\"caption\":\"Sicherheitsforum\"},\"image\":{\"@id\":\"https:\\\/\\\/news.save.ch\\\/de\\\/#\\\/schema\\\/logo\\\/image\\\/\"}},{\"@type\":\"Person\",\"@id\":\"https:\\\/\\\/news.save.ch\\\/de\\\/#\\\/schema\\\/person\\\/d5022db048e0e2b9785c50e5b24da5aa\",\"name\":\"Roger Str\u00e4ssle\",\"image\":{\"@type\":\"ImageObject\",\"inLanguage\":\"de\",\"@id\":\"https:\\\/\\\/secure.gravatar.com\\\/avatar\\\/862a5569d087de48e5856e32f45d719a03804c891d6deb8d4f71a660e79e4a47?s=96&d=mm&r=g\",\"url\":\"https:\\\/\\\/secure.gravatar.com\\\/avatar\\\/862a5569d087de48e5856e32f45d719a03804c891d6deb8d4f71a660e79e4a47?s=96&d=mm&r=g\",\"contentUrl\":\"https:\\\/\\\/secure.gravatar.com\\\/avatar\\\/862a5569d087de48e5856e32f45d719a03804c891d6deb8d4f71a660e79e4a47?s=96&d=mm&r=g\",\"caption\":\"Roger Str\u00e4ssle\"},\"url\":\"https:\\\/\\\/news.save.ch\\\/de\\\/author\\\/roger-straessle\\\/\"}]}<\/script>\n<!-- \/ Yoast SEO plugin. -->","yoast_head_json":{"title":"Mit BIM gebaut \u2013 der eingeweihte Campus in Zug - Save","description":"Die Siemens AG hat ihren Campus in Zug eingeweiht. Er besteht aus einem neuen B\u00fcrogeb\u00e4ude und einem neu erstellten Produktionsgeb\u00e4ude.","robots":{"index":"index","follow":"follow","max-snippet":"max-snippet:-1","max-image-preview":"max-image-preview:large","max-video-preview":"max-video-preview:-1"},"canonical":"https:\/\/news.save.ch\/de\/nach-bim-gebaut-der-neu-eingeweihte-campus-in-zug\/","og_locale":"de_DE","og_type":"article","og_title":"Mit BIM gebaut \u2013 der eingeweihte Campus in Zug - Save","og_description":"Die Siemens AG hat ihren Campus in Zug eingeweiht. Er besteht aus einem neuen B\u00fcrogeb\u00e4ude und einem neu erstellten Produktionsgeb\u00e4ude.","og_url":"https:\/\/news.save.ch\/de\/nach-bim-gebaut-der-neu-eingeweihte-campus-in-zug\/","og_site_name":"Save","article_published_time":"2018-12-05T13:05:15+00:00","og_image":[{"width":1400,"height":1050,"url":"https:\/\/news.save.ch\/wp-content\/uploads\/2018\/12\/Campus-Zug-scaled-1-scaled.jpg","type":"image\/jpeg"}],"author":"Roger Str\u00e4ssle","twitter_card":"summary_large_image","twitter_misc":{"Geschrieben von":"Roger Str\u00e4ssle","Gesch\u00e4tzte Lesezeit":"4\u00a0Minuten"},"schema":{"@context":"https:\/\/schema.org","@graph":[{"@type":"Article","@id":"https:\/\/news.save.ch\/nach-bim-gebaut-der-neu-eingeweihte-campus-in-zug\/#article","isPartOf":{"@id":"https:\/\/news.save.ch\/nach-bim-gebaut-der-neu-eingeweihte-campus-in-zug\/"},"author":{"name":"Roger Str\u00e4ssle","@id":"https:\/\/news.save.ch\/de\/#\/schema\/person\/d5022db048e0e2b9785c50e5b24da5aa"},"headline":"Mit BIM gebaut \u2013 der eingeweihte Campus in Zug","datePublished":"2018-12-05T13:05:15+00:00","mainEntityOfPage":{"@id":"https:\/\/news.save.ch\/nach-bim-gebaut-der-neu-eingeweihte-campus-in-zug\/"},"wordCount":862,"commentCount":0,"publisher":{"@id":"https:\/\/news.save.ch\/de\/#organization"},"image":{"@id":"https:\/\/news.save.ch\/nach-bim-gebaut-der-neu-eingeweihte-campus-in-zug\/#primaryimage"},"thumbnailUrl":"https:\/\/news.save.ch\/wp-content\/uploads\/2018\/12\/Campus-Zug-scaled-1-scaled.jpg","keywords":["Bauforum","Unternehmen"],"articleSection":["ALLGEMEIN"],"inLanguage":"de"},{"@type":"WebPage","@id":"https:\/\/news.save.ch\/nach-bim-gebaut-der-neu-eingeweihte-campus-in-zug\/","url":"https:\/\/news.save.ch\/nach-bim-gebaut-der-neu-eingeweihte-campus-in-zug\/","name":"Mit BIM gebaut \u2013 der eingeweihte Campus in Zug - Save","isPartOf":{"@id":"https:\/\/news.save.ch\/de\/#website"},"primaryImageOfPage":{"@id":"https:\/\/news.save.ch\/nach-bim-gebaut-der-neu-eingeweihte-campus-in-zug\/#primaryimage"},"image":{"@id":"https:\/\/news.save.ch\/nach-bim-gebaut-der-neu-eingeweihte-campus-in-zug\/#primaryimage"},"thumbnailUrl":"https:\/\/news.save.ch\/wp-content\/uploads\/2018\/12\/Campus-Zug-scaled-1-scaled.jpg","datePublished":"2018-12-05T13:05:15+00:00","description":"Die Siemens AG hat ihren Campus in Zug eingeweiht. Er besteht aus einem neuen B\u00fcrogeb\u00e4ude und einem neu erstellten Produktionsgeb\u00e4ude.","breadcrumb":{"@id":"https:\/\/news.save.ch\/nach-bim-gebaut-der-neu-eingeweihte-campus-in-zug\/#breadcrumb"},"inLanguage":"de","potentialAction":[{"@type":"ReadAction","target":["https:\/\/news.save.ch\/nach-bim-gebaut-der-neu-eingeweihte-campus-in-zug\/"]}]},{"@type":"ImageObject","inLanguage":"de","@id":"https:\/\/news.save.ch\/nach-bim-gebaut-der-neu-eingeweihte-campus-in-zug\/#primaryimage","url":"https:\/\/news.save.ch\/wp-content\/uploads\/2018\/12\/Campus-Zug-scaled-1-scaled.jpg","contentUrl":"https:\/\/news.save.ch\/wp-content\/uploads\/2018\/12\/Campus-Zug-scaled-1-scaled.jpg","width":1400,"height":1050,"caption":"\u00a9 Siemens"},{"@type":"BreadcrumbList","@id":"https:\/\/news.save.ch\/nach-bim-gebaut-der-neu-eingeweihte-campus-in-zug\/#breadcrumb","itemListElement":[{"@type":"ListItem","position":1,"name":"Home","item":"https:\/\/news.save.ch\/de\/"},{"@type":"ListItem","position":2,"name":"Mit BIM gebaut \u2013 der eingeweihte Campus in Zug"}]},{"@type":"WebSite","@id":"https:\/\/news.save.ch\/de\/#website","url":"https:\/\/news.save.ch\/de\/","name":"Save","description":"Schweizer Fachzeitschrift f\u00fcr Sicherheit","publisher":{"@id":"https:\/\/news.save.ch\/de\/#organization"},"potentialAction":[{"@type":"SearchAction","target":{"@type":"EntryPoint","urlTemplate":"https:\/\/news.save.ch\/de\/?s={search_term_string}"},"query-input":{"@type":"PropertyValueSpecification","valueRequired":true,"valueName":"search_term_string"}}],"inLanguage":"de"},{"@type":"Organization","@id":"https:\/\/news.save.ch\/de\/#organization","name":"Sicherheitsforum","url":"https:\/\/news.save.ch\/de\/","logo":{"@type":"ImageObject","inLanguage":"de","@id":"https:\/\/news.save.ch\/de\/#\/schema\/logo\/image\/","url":"https:\/\/news.save.ch\/wp-content\/uploads\/2022\/06\/Logo_SF_2012.png","contentUrl":"https:\/\/news.save.ch\/wp-content\/uploads\/2022\/06\/Logo_SF_2012.png","width":1100,"height":91,"caption":"Sicherheitsforum"},"image":{"@id":"https:\/\/news.save.ch\/de\/#\/schema\/logo\/image\/"}},{"@type":"Person","@id":"https:\/\/news.save.ch\/de\/#\/schema\/person\/d5022db048e0e2b9785c50e5b24da5aa","name":"Roger Str\u00e4ssle","image":{"@type":"ImageObject","inLanguage":"de","@id":"https:\/\/secure.gravatar.com\/avatar\/862a5569d087de48e5856e32f45d719a03804c891d6deb8d4f71a660e79e4a47?s=96&d=mm&r=g","url":"https:\/\/secure.gravatar.com\/avatar\/862a5569d087de48e5856e32f45d719a03804c891d6deb8d4f71a660e79e4a47?s=96&d=mm&r=g","contentUrl":"https:\/\/secure.gravatar.com\/avatar\/862a5569d087de48e5856e32f45d719a03804c891d6deb8d4f71a660e79e4a47?s=96&d=mm&r=g","caption":"Roger Str\u00e4ssle"},"url":"https:\/\/news.save.ch\/de\/author\/roger-straessle\/"}]}},"_links":{"self":[{"href":"https:\/\/news.save.ch\/de\/wp-json\/wp\/v2\/posts\/7304","targetHints":{"allow":["GET"]}}],"collection":[{"href":"https:\/\/news.save.ch\/de\/wp-json\/wp\/v2\/posts"}],"about":[{"href":"https:\/\/news.save.ch\/de\/wp-json\/wp\/v2\/types\/post"}],"author":[{"embeddable":true,"href":"https:\/\/news.save.ch\/de\/wp-json\/wp\/v2\/users\/8"}],"replies":[{"embeddable":true,"href":"https:\/\/news.save.ch\/de\/wp-json\/wp\/v2\/comments?post=7304"}],"version-history":[{"count":0,"href":"https:\/\/news.save.ch\/de\/wp-json\/wp\/v2\/posts\/7304\/revisions"}],"wp:featuredmedia":[{"embeddable":true,"href":"https:\/\/news.save.ch\/de\/wp-json\/wp\/v2\/media\/7305"}],"wp:attachment":[{"href":"https:\/\/news.save.ch\/de\/wp-json\/wp\/v2\/media?parent=7304"}],"wp:term":[{"taxonomy":"category","embeddable":true,"href":"https:\/\/news.save.ch\/de\/wp-json\/wp\/v2\/categories?post=7304"},{"taxonomy":"post_tag","embeddable":true,"href":"https:\/\/news.save.ch\/de\/wp-json\/wp\/v2\/tags?post=7304"}],"curies":[{"name":"wp","href":"https:\/\/api.w.org\/{rel}","templated":true}]}}