{"id":7401,"date":"2018-12-14T12:04:10","date_gmt":"2018-12-14T11:04:10","guid":{"rendered":"https:\/\/news.save.ch\/?p=7401"},"modified":"2023-03-14T08:58:57","modified_gmt":"2023-03-14T07:58:57","slug":"bundesrat-genehmigt-groesstes-hochwasserschutzprojekt","status":null,"type":"post","link":"https:\/\/news.save.ch\/de\/bundesrat-genehmigt-groesstes-hochwasserschutzprojekt\/","title":{"rendered":"Bundesrat genehmigt gr\u00f6sstes Hochwasserschutzprojekt"},"content":{"rendered":"<figure id=\"attachment_7402\" aria-describedby=\"caption-attachment-7402\" style=\"width: 680px\" class=\"wp-caption aligncenter\"><img loading=\"lazy\" decoding=\"async\" class=\"wp-image-7402 size-medium\" src=\"https:\/\/news.save.ch\/wp-content\/uploads\/2018\/12\/Depositphotos_155186492_xl-2015-scaled-1.jpg\" alt=\"Hochwasserschutz\" width=\"680\" height=\"453\" \/><figcaption id=\"caption-attachment-7402\" class=\"wp-caption-text\">depositphotos, erix2005<\/figcaption><\/figure>\n<p>Die 3. Rhonekorrektion (R3) ist mit einer L\u00e4nge von 162 Kilometern das gr\u00f6sste Projekt f\u00fcr den Hochwasserschutz der Schweiz. Sie soll f\u00fcr die rund 100&#8217;000 Menschen, die im Talboden gr\u00f6sstenteils auf Walliser und daneben auch auf Waadtl\u00e4nder Kantonsgebiet leben, mehr Sicherheit bringen. Zudem soll das Bauwerk Sachwerte von 10 Milliarden Franken vor Hochwasser sch\u00fctzen. Die bestehenden Schutzbauten an der Rhone sind teilweise schon sehr alt. Hochwasserereignisse mit \u00dcberschwemmungen und grossen Sch\u00e4den haben zudem in den vergangenen Jahrzehnten die Grenzen des bestehenden Systems aufgezeigt. Deshalb wurde R3 in Angriff genommen. F\u00fcr die Realisierung der ersten Etappe der R3 mit besonders dringlichen Massnahmen und die Planung der weiteren Massnahmen hatte die Bundesversammlung 2009 einen Rahmenkredit von 169 Mio. Fr. bewilligt. Nach dreimaliger Verl\u00e4ngerung l\u00e4uft dieser Kredit 2019 aus.<\/p>\n<p><strong>Parlament muss \u00fcber Gesamtkredit entscheiden<\/strong><\/p>\n<p>F\u00fcr die zweite Umsetzungsetappe von 2020 bis 2039 ist nun ein Gesamtkredit erforderlich. Mit diesem stellt der Bund sicher, dass gen\u00fcgend Mittel f\u00fcr das Projekt in der Bundeskasse reserviert sind. In seiner <a href=\"https:\/\/www.newsd.admin.ch\/newsd\/message\/attachments\/55079.pdf\">Botschaft<\/a> beantragt der Bundesrat dem Parlament einen Gesamtkredit von 1022 Mio. Franken. Diese Bundessubventionen gem\u00e4ss Wasserbaugesetz w\u00fcrden rund 62 Prozent der Gesamtkosten abdecken. Neben dem Bundesamt f\u00fcr Umwelt (Hochwasserschutz) beteiligt sich auch das Bundesamt f\u00fcr Strassen mit 2 Prozent (Schutz von Nationalstrassen) an den Kosten f\u00fcr die 3. Rhonekorrektion. Den Rest der Kosten tragen die Kantone.<\/p>\n<p>Der Gesamtkredit f\u00fcr die R3 besteht aus insgesamt sieben individuellen Verpflichtungskrediten: vier Verpflichtungskredite f\u00fcr die verschiedenen priorit\u00e4ren Massnahmen und drei Verpflichtungskredite, die zeitlich verteilt werden und f\u00fcr die Finanzierung von kleineren Sicherungsmassnahmen der D\u00e4mme und allgemeine Leistungen wie \u00fcbergeordnete Studien eingesetzt werden. Die Freigabe der individuellen Verpflichtungskredite wird an den Bundesrat delegiert. Die Zusicherung der Bundesmittel an die Kantone wird f\u00fcr konkrete und von den Kantonen genehmigte Projekte gesprochen. Die Auszahlung der Bundessubvention erfolgt erst nach Abschluss der Arbeiten.<\/p>\n<p><strong>Ein Generationenprojekt<\/strong><\/p>\n<p>Die zweite Etappe des Hochwasserschutzprojektes im Rhonetal wird auf 20 Jahre geplant. Im Schnitt ergeben sich j\u00e4hrliche Bundeskosten von 51 Mio. Fr. Je nach Baufortschritt k\u00f6nnen diese variieren. Insgesamt sch\u00e4tzen die Kantone Wallis und Waadt als Bauherren die Kosten f\u00fcr die 3. Rhonekorrektion auf 3,6 Mrd. Fr. Die Bauzeit wird bis etwa Mitte dieses Jahrhunderts dauern.<\/p>\n<p><em>Quelle: Bundesrat<\/em><\/p>\n","protected":false},"excerpt":{"rendered":"<p>Die 3. Rhonekorrektion (R3) ist mit einer L\u00e4nge von 162 Kilometern das gr\u00f6sste Projekt f\u00fcr den Hochwasserschutz der Schweiz. Sie soll f\u00fcr die rund 100&#8217;000 Menschen, die im Talboden gr\u00f6sstenteils auf Walliser und daneben auch auf Waadtl\u00e4nder Kantonsgebiet leben, mehr Sicherheit bringen. Zudem soll das Bauwerk Sachwerte von 10 Milliarden Franken vor Hochwasser sch\u00fctzen. Die [&hellip;]<\/p>\n","protected":false},"author":8,"featured_media":7402,"comment_status":"open","ping_status":"open","sticky":false,"template":"","format":"standard","meta":{"_acf_changed":false,"pgc_sgb_lightbox_settings":"","footnotes":""},"categories":[3312],"tags":[213,438],"class_list":["post-7401","post","type-post","status-publish","format-standard","has-post-thumbnail","hentry","category-sicherheit","tag-hochwassergefahr","tag-rhonekorrektur"],"acf":[],"hkrextid":null,"publication":null,"issue":null,"workflow":null,"startPage":null,"spitzmarke":null,"_posts_by_tag_page_fields":{"widget_title":"","widget_tags":""},"_at_widget":"1","_yoast_wpseo_primary_category":"5","_yoast_wpseo_focuskw_text_input":"Hochwasserschutz","_yoast_wpseo_opengraph-image":null,"_yoast_wpseo_opengraph-description":null,"_yoast_wpseo_opengraph-title":null,"enclosure":null,"_yoast_wpseo_twitter-title":null,"_yoast_wpseo_twitter-description":null,"_yoast_wpseo_twitter-image":null,"_wp_old_slug":null,"_yoast_wpseo_title":"Bundesrat genehmigt gr\u00f6sstes Projekt f\u00fcr den Hochwasserschutz","_yoast_wpseo_canonical":null,"yoast_head":"<!-- This site is optimized with the Yoast SEO plugin v27.5 - https:\/\/yoast.com\/product\/yoast-seo-wordpress\/ -->\n<title>Bundesrat genehmigt gr\u00f6sstes Projekt f\u00fcr den Hochwasserschutz<\/title>\n<meta name=\"description\" content=\"Hochwasserschutz - Der Bundesrat hat f\u00fcr die 3. Rhonekorrektur einen Gesamtkredit von 1022 Millionen Franken genehmigt.\" \/>\n<meta name=\"robots\" content=\"index, follow, max-snippet:-1, max-image-preview:large, max-video-preview:-1\" \/>\n<link rel=\"canonical\" href=\"https:\/\/news.save.ch\/de\/bundesrat-genehmigt-groesstes-hochwasserschutzprojekt\/\" \/>\n<meta property=\"og:locale\" content=\"de_DE\" \/>\n<meta property=\"og:type\" content=\"article\" \/>\n<meta property=\"og:title\" content=\"Bundesrat genehmigt gr\u00f6sstes Projekt f\u00fcr den Hochwasserschutz\" \/>\n<meta property=\"og:description\" content=\"Hochwasserschutz - Der Bundesrat hat f\u00fcr die 3. Rhonekorrektur einen Gesamtkredit von 1022 Millionen Franken genehmigt.\" \/>\n<meta property=\"og:url\" content=\"https:\/\/news.save.ch\/de\/bundesrat-genehmigt-groesstes-hochwasserschutzprojekt\/\" \/>\n<meta property=\"og:site_name\" content=\"Save\" \/>\n<meta property=\"article:published_time\" content=\"2018-12-14T11:04:10+00:00\" \/>\n<meta property=\"article:modified_time\" content=\"2023-03-14T07:58:57+00:00\" \/>\n<meta property=\"og:image\" content=\"https:\/\/news.save.ch\/wp-content\/uploads\/2018\/12\/Depositphotos_155186492_xl-2015-scaled-1-scaled.jpg\" \/>\n\t<meta property=\"og:image:width\" content=\"1400\" \/>\n\t<meta property=\"og:image:height\" content=\"934\" \/>\n\t<meta property=\"og:image:type\" content=\"image\/jpeg\" \/>\n<meta name=\"author\" content=\"Roger Str\u00e4ssle\" \/>\n<meta name=\"twitter:card\" content=\"summary_large_image\" \/>\n<meta name=\"twitter:label1\" content=\"Geschrieben von\" \/>\n\t<meta name=\"twitter:data1\" content=\"Roger Str\u00e4ssle\" \/>\n\t<meta name=\"twitter:label2\" content=\"Gesch\u00e4tzte Lesezeit\" \/>\n\t<meta name=\"twitter:data2\" content=\"2\u00a0Minuten\" \/>\n<script type=\"application\/ld+json\" class=\"yoast-schema-graph\">{\"@context\":\"https:\\\/\\\/schema.org\",\"@graph\":[{\"@type\":\"Article\",\"@id\":\"https:\\\/\\\/news.save.ch\\\/bundesrat-genehmigt-groesstes-hochwasserschutzprojekt\\\/#article\",\"isPartOf\":{\"@id\":\"https:\\\/\\\/news.save.ch\\\/bundesrat-genehmigt-groesstes-hochwasserschutzprojekt\\\/\"},\"author\":{\"name\":\"Roger Str\u00e4ssle\",\"@id\":\"https:\\\/\\\/news.save.ch\\\/de\\\/#\\\/schema\\\/person\\\/d5022db048e0e2b9785c50e5b24da5aa\"},\"headline\":\"Bundesrat genehmigt gr\u00f6sstes Hochwasserschutzprojekt\",\"datePublished\":\"2018-12-14T11:04:10+00:00\",\"dateModified\":\"2023-03-14T07:58:57+00:00\",\"mainEntityOfPage\":{\"@id\":\"https:\\\/\\\/news.save.ch\\\/bundesrat-genehmigt-groesstes-hochwasserschutzprojekt\\\/\"},\"wordCount\":384,\"commentCount\":0,\"publisher\":{\"@id\":\"https:\\\/\\\/news.save.ch\\\/de\\\/#organization\"},\"image\":{\"@id\":\"https:\\\/\\\/news.save.ch\\\/bundesrat-genehmigt-groesstes-hochwasserschutzprojekt\\\/#primaryimage\"},\"thumbnailUrl\":\"https:\\\/\\\/news.save.ch\\\/wp-content\\\/uploads\\\/2018\\\/12\\\/Depositphotos_155186492_xl-2015-scaled-1-scaled.jpg\",\"keywords\":[\"Hochwassergefahr\",\"Rhonekorrektur\"],\"articleSection\":[\"SICHERHEIT\"],\"inLanguage\":\"de\"},{\"@type\":\"WebPage\",\"@id\":\"https:\\\/\\\/news.save.ch\\\/bundesrat-genehmigt-groesstes-hochwasserschutzprojekt\\\/\",\"url\":\"https:\\\/\\\/news.save.ch\\\/bundesrat-genehmigt-groesstes-hochwasserschutzprojekt\\\/\",\"name\":\"Bundesrat genehmigt gr\u00f6sstes Projekt f\u00fcr den Hochwasserschutz\",\"isPartOf\":{\"@id\":\"https:\\\/\\\/news.save.ch\\\/de\\\/#website\"},\"primaryImageOfPage\":{\"@id\":\"https:\\\/\\\/news.save.ch\\\/bundesrat-genehmigt-groesstes-hochwasserschutzprojekt\\\/#primaryimage\"},\"image\":{\"@id\":\"https:\\\/\\\/news.save.ch\\\/bundesrat-genehmigt-groesstes-hochwasserschutzprojekt\\\/#primaryimage\"},\"thumbnailUrl\":\"https:\\\/\\\/news.save.ch\\\/wp-content\\\/uploads\\\/2018\\\/12\\\/Depositphotos_155186492_xl-2015-scaled-1-scaled.jpg\",\"datePublished\":\"2018-12-14T11:04:10+00:00\",\"dateModified\":\"2023-03-14T07:58:57+00:00\",\"description\":\"Hochwasserschutz - Der Bundesrat hat f\u00fcr die 3. Rhonekorrektur einen Gesamtkredit von 1022 Millionen Franken genehmigt.\",\"breadcrumb\":{\"@id\":\"https:\\\/\\\/news.save.ch\\\/bundesrat-genehmigt-groesstes-hochwasserschutzprojekt\\\/#breadcrumb\"},\"inLanguage\":\"de\",\"potentialAction\":[{\"@type\":\"ReadAction\",\"target\":[\"https:\\\/\\\/news.save.ch\\\/bundesrat-genehmigt-groesstes-hochwasserschutzprojekt\\\/\"]}]},{\"@type\":\"ImageObject\",\"inLanguage\":\"de\",\"@id\":\"https:\\\/\\\/news.save.ch\\\/bundesrat-genehmigt-groesstes-hochwasserschutzprojekt\\\/#primaryimage\",\"url\":\"https:\\\/\\\/news.save.ch\\\/wp-content\\\/uploads\\\/2018\\\/12\\\/Depositphotos_155186492_xl-2015-scaled-1-scaled.jpg\",\"contentUrl\":\"https:\\\/\\\/news.save.ch\\\/wp-content\\\/uploads\\\/2018\\\/12\\\/Depositphotos_155186492_xl-2015-scaled-1-scaled.jpg\",\"width\":1400,\"height\":934,\"caption\":\"depositphotos, erix2005\"},{\"@type\":\"BreadcrumbList\",\"@id\":\"https:\\\/\\\/news.save.ch\\\/bundesrat-genehmigt-groesstes-hochwasserschutzprojekt\\\/#breadcrumb\",\"itemListElement\":[{\"@type\":\"ListItem\",\"position\":1,\"name\":\"Home\",\"item\":\"https:\\\/\\\/news.save.ch\\\/de\\\/\"},{\"@type\":\"ListItem\",\"position\":2,\"name\":\"Bundesrat genehmigt gr\u00f6sstes Hochwasserschutzprojekt\"}]},{\"@type\":\"WebSite\",\"@id\":\"https:\\\/\\\/news.save.ch\\\/de\\\/#website\",\"url\":\"https:\\\/\\\/news.save.ch\\\/de\\\/\",\"name\":\"Save\",\"description\":\"Schweizer Fachzeitschrift f\u00fcr Sicherheit\",\"publisher\":{\"@id\":\"https:\\\/\\\/news.save.ch\\\/de\\\/#organization\"},\"potentialAction\":[{\"@type\":\"SearchAction\",\"target\":{\"@type\":\"EntryPoint\",\"urlTemplate\":\"https:\\\/\\\/news.save.ch\\\/de\\\/?s={search_term_string}\"},\"query-input\":{\"@type\":\"PropertyValueSpecification\",\"valueRequired\":true,\"valueName\":\"search_term_string\"}}],\"inLanguage\":\"de\"},{\"@type\":\"Organization\",\"@id\":\"https:\\\/\\\/news.save.ch\\\/de\\\/#organization\",\"name\":\"Sicherheitsforum\",\"url\":\"https:\\\/\\\/news.save.ch\\\/de\\\/\",\"logo\":{\"@type\":\"ImageObject\",\"inLanguage\":\"de\",\"@id\":\"https:\\\/\\\/news.save.ch\\\/de\\\/#\\\/schema\\\/logo\\\/image\\\/\",\"url\":\"https:\\\/\\\/news.save.ch\\\/wp-content\\\/uploads\\\/2022\\\/06\\\/Logo_SF_2012.png\",\"contentUrl\":\"https:\\\/\\\/news.save.ch\\\/wp-content\\\/uploads\\\/2022\\\/06\\\/Logo_SF_2012.png\",\"width\":1100,\"height\":91,\"caption\":\"Sicherheitsforum\"},\"image\":{\"@id\":\"https:\\\/\\\/news.save.ch\\\/de\\\/#\\\/schema\\\/logo\\\/image\\\/\"}},{\"@type\":\"Person\",\"@id\":\"https:\\\/\\\/news.save.ch\\\/de\\\/#\\\/schema\\\/person\\\/d5022db048e0e2b9785c50e5b24da5aa\",\"name\":\"Roger Str\u00e4ssle\",\"image\":{\"@type\":\"ImageObject\",\"inLanguage\":\"de\",\"@id\":\"https:\\\/\\\/secure.gravatar.com\\\/avatar\\\/862a5569d087de48e5856e32f45d719a03804c891d6deb8d4f71a660e79e4a47?s=96&d=mm&r=g\",\"url\":\"https:\\\/\\\/secure.gravatar.com\\\/avatar\\\/862a5569d087de48e5856e32f45d719a03804c891d6deb8d4f71a660e79e4a47?s=96&d=mm&r=g\",\"contentUrl\":\"https:\\\/\\\/secure.gravatar.com\\\/avatar\\\/862a5569d087de48e5856e32f45d719a03804c891d6deb8d4f71a660e79e4a47?s=96&d=mm&r=g\",\"caption\":\"Roger Str\u00e4ssle\"},\"url\":\"https:\\\/\\\/news.save.ch\\\/de\\\/author\\\/roger-straessle\\\/\"}]}<\/script>\n<!-- \/ Yoast SEO plugin. -->","yoast_head_json":{"title":"Bundesrat genehmigt gr\u00f6sstes Projekt f\u00fcr den Hochwasserschutz","description":"Hochwasserschutz - Der Bundesrat hat f\u00fcr die 3. Rhonekorrektur einen Gesamtkredit von 1022 Millionen Franken genehmigt.","robots":{"index":"index","follow":"follow","max-snippet":"max-snippet:-1","max-image-preview":"max-image-preview:large","max-video-preview":"max-video-preview:-1"},"canonical":"https:\/\/news.save.ch\/de\/bundesrat-genehmigt-groesstes-hochwasserschutzprojekt\/","og_locale":"de_DE","og_type":"article","og_title":"Bundesrat genehmigt gr\u00f6sstes Projekt f\u00fcr den Hochwasserschutz","og_description":"Hochwasserschutz - Der Bundesrat hat f\u00fcr die 3. Rhonekorrektur einen Gesamtkredit von 1022 Millionen Franken genehmigt.","og_url":"https:\/\/news.save.ch\/de\/bundesrat-genehmigt-groesstes-hochwasserschutzprojekt\/","og_site_name":"Save","article_published_time":"2018-12-14T11:04:10+00:00","article_modified_time":"2023-03-14T07:58:57+00:00","og_image":[{"width":1400,"height":934,"url":"https:\/\/news.save.ch\/wp-content\/uploads\/2018\/12\/Depositphotos_155186492_xl-2015-scaled-1-scaled.jpg","type":"image\/jpeg"}],"author":"Roger Str\u00e4ssle","twitter_card":"summary_large_image","twitter_misc":{"Geschrieben von":"Roger Str\u00e4ssle","Gesch\u00e4tzte Lesezeit":"2\u00a0Minuten"},"schema":{"@context":"https:\/\/schema.org","@graph":[{"@type":"Article","@id":"https:\/\/news.save.ch\/bundesrat-genehmigt-groesstes-hochwasserschutzprojekt\/#article","isPartOf":{"@id":"https:\/\/news.save.ch\/bundesrat-genehmigt-groesstes-hochwasserschutzprojekt\/"},"author":{"name":"Roger Str\u00e4ssle","@id":"https:\/\/news.save.ch\/de\/#\/schema\/person\/d5022db048e0e2b9785c50e5b24da5aa"},"headline":"Bundesrat genehmigt gr\u00f6sstes Hochwasserschutzprojekt","datePublished":"2018-12-14T11:04:10+00:00","dateModified":"2023-03-14T07:58:57+00:00","mainEntityOfPage":{"@id":"https:\/\/news.save.ch\/bundesrat-genehmigt-groesstes-hochwasserschutzprojekt\/"},"wordCount":384,"commentCount":0,"publisher":{"@id":"https:\/\/news.save.ch\/de\/#organization"},"image":{"@id":"https:\/\/news.save.ch\/bundesrat-genehmigt-groesstes-hochwasserschutzprojekt\/#primaryimage"},"thumbnailUrl":"https:\/\/news.save.ch\/wp-content\/uploads\/2018\/12\/Depositphotos_155186492_xl-2015-scaled-1-scaled.jpg","keywords":["Hochwassergefahr","Rhonekorrektur"],"articleSection":["SICHERHEIT"],"inLanguage":"de"},{"@type":"WebPage","@id":"https:\/\/news.save.ch\/bundesrat-genehmigt-groesstes-hochwasserschutzprojekt\/","url":"https:\/\/news.save.ch\/bundesrat-genehmigt-groesstes-hochwasserschutzprojekt\/","name":"Bundesrat genehmigt gr\u00f6sstes Projekt f\u00fcr den Hochwasserschutz","isPartOf":{"@id":"https:\/\/news.save.ch\/de\/#website"},"primaryImageOfPage":{"@id":"https:\/\/news.save.ch\/bundesrat-genehmigt-groesstes-hochwasserschutzprojekt\/#primaryimage"},"image":{"@id":"https:\/\/news.save.ch\/bundesrat-genehmigt-groesstes-hochwasserschutzprojekt\/#primaryimage"},"thumbnailUrl":"https:\/\/news.save.ch\/wp-content\/uploads\/2018\/12\/Depositphotos_155186492_xl-2015-scaled-1-scaled.jpg","datePublished":"2018-12-14T11:04:10+00:00","dateModified":"2023-03-14T07:58:57+00:00","description":"Hochwasserschutz - Der Bundesrat hat f\u00fcr die 3. Rhonekorrektur einen Gesamtkredit von 1022 Millionen Franken genehmigt.","breadcrumb":{"@id":"https:\/\/news.save.ch\/bundesrat-genehmigt-groesstes-hochwasserschutzprojekt\/#breadcrumb"},"inLanguage":"de","potentialAction":[{"@type":"ReadAction","target":["https:\/\/news.save.ch\/bundesrat-genehmigt-groesstes-hochwasserschutzprojekt\/"]}]},{"@type":"ImageObject","inLanguage":"de","@id":"https:\/\/news.save.ch\/bundesrat-genehmigt-groesstes-hochwasserschutzprojekt\/#primaryimage","url":"https:\/\/news.save.ch\/wp-content\/uploads\/2018\/12\/Depositphotos_155186492_xl-2015-scaled-1-scaled.jpg","contentUrl":"https:\/\/news.save.ch\/wp-content\/uploads\/2018\/12\/Depositphotos_155186492_xl-2015-scaled-1-scaled.jpg","width":1400,"height":934,"caption":"depositphotos, erix2005"},{"@type":"BreadcrumbList","@id":"https:\/\/news.save.ch\/bundesrat-genehmigt-groesstes-hochwasserschutzprojekt\/#breadcrumb","itemListElement":[{"@type":"ListItem","position":1,"name":"Home","item":"https:\/\/news.save.ch\/de\/"},{"@type":"ListItem","position":2,"name":"Bundesrat genehmigt gr\u00f6sstes Hochwasserschutzprojekt"}]},{"@type":"WebSite","@id":"https:\/\/news.save.ch\/de\/#website","url":"https:\/\/news.save.ch\/de\/","name":"Save","description":"Schweizer Fachzeitschrift f\u00fcr Sicherheit","publisher":{"@id":"https:\/\/news.save.ch\/de\/#organization"},"potentialAction":[{"@type":"SearchAction","target":{"@type":"EntryPoint","urlTemplate":"https:\/\/news.save.ch\/de\/?s={search_term_string}"},"query-input":{"@type":"PropertyValueSpecification","valueRequired":true,"valueName":"search_term_string"}}],"inLanguage":"de"},{"@type":"Organization","@id":"https:\/\/news.save.ch\/de\/#organization","name":"Sicherheitsforum","url":"https:\/\/news.save.ch\/de\/","logo":{"@type":"ImageObject","inLanguage":"de","@id":"https:\/\/news.save.ch\/de\/#\/schema\/logo\/image\/","url":"https:\/\/news.save.ch\/wp-content\/uploads\/2022\/06\/Logo_SF_2012.png","contentUrl":"https:\/\/news.save.ch\/wp-content\/uploads\/2022\/06\/Logo_SF_2012.png","width":1100,"height":91,"caption":"Sicherheitsforum"},"image":{"@id":"https:\/\/news.save.ch\/de\/#\/schema\/logo\/image\/"}},{"@type":"Person","@id":"https:\/\/news.save.ch\/de\/#\/schema\/person\/d5022db048e0e2b9785c50e5b24da5aa","name":"Roger Str\u00e4ssle","image":{"@type":"ImageObject","inLanguage":"de","@id":"https:\/\/secure.gravatar.com\/avatar\/862a5569d087de48e5856e32f45d719a03804c891d6deb8d4f71a660e79e4a47?s=96&d=mm&r=g","url":"https:\/\/secure.gravatar.com\/avatar\/862a5569d087de48e5856e32f45d719a03804c891d6deb8d4f71a660e79e4a47?s=96&d=mm&r=g","contentUrl":"https:\/\/secure.gravatar.com\/avatar\/862a5569d087de48e5856e32f45d719a03804c891d6deb8d4f71a660e79e4a47?s=96&d=mm&r=g","caption":"Roger Str\u00e4ssle"},"url":"https:\/\/news.save.ch\/de\/author\/roger-straessle\/"}]}},"_links":{"self":[{"href":"https:\/\/news.save.ch\/de\/wp-json\/wp\/v2\/posts\/7401","targetHints":{"allow":["GET"]}}],"collection":[{"href":"https:\/\/news.save.ch\/de\/wp-json\/wp\/v2\/posts"}],"about":[{"href":"https:\/\/news.save.ch\/de\/wp-json\/wp\/v2\/types\/post"}],"author":[{"embeddable":true,"href":"https:\/\/news.save.ch\/de\/wp-json\/wp\/v2\/users\/8"}],"replies":[{"embeddable":true,"href":"https:\/\/news.save.ch\/de\/wp-json\/wp\/v2\/comments?post=7401"}],"version-history":[{"count":1,"href":"https:\/\/news.save.ch\/de\/wp-json\/wp\/v2\/posts\/7401\/revisions"}],"predecessor-version":[{"id":17859,"href":"https:\/\/news.save.ch\/de\/wp-json\/wp\/v2\/posts\/7401\/revisions\/17859"}],"wp:featuredmedia":[{"embeddable":true,"href":"https:\/\/news.save.ch\/de\/wp-json\/wp\/v2\/media\/7402"}],"wp:attachment":[{"href":"https:\/\/news.save.ch\/de\/wp-json\/wp\/v2\/media?parent=7401"}],"wp:term":[{"taxonomy":"category","embeddable":true,"href":"https:\/\/news.save.ch\/de\/wp-json\/wp\/v2\/categories?post=7401"},{"taxonomy":"post_tag","embeddable":true,"href":"https:\/\/news.save.ch\/de\/wp-json\/wp\/v2\/tags?post=7401"}],"curies":[{"name":"wp","href":"https:\/\/api.w.org\/{rel}","templated":true}]}}