{"id":7438,"date":"2019-01-01T16:02:01","date_gmt":"2019-01-01T15:02:01","guid":{"rendered":"https:\/\/news.save.ch\/?p=7438"},"modified":"2023-03-14T09:00:00","modified_gmt":"2023-03-14T08:00:00","slug":"tuermanagement-im-fokus","status":null,"type":"post","link":"https:\/\/news.save.ch\/de\/tuermanagement-im-fokus\/","title":{"rendered":"T\u00fcrmanagement im Fokus"},"content":{"rendered":"<figure id=\"attachment_7439\" aria-describedby=\"caption-attachment-7439\" style=\"width: 680px\" class=\"wp-caption aligncenter\"><img loading=\"lazy\" decoding=\"async\" class=\"size-medium wp-image-7439\" src=\"https:\/\/news.save.ch\/wp-content\/uploads\/2018\/12\/Depositphotos_217067804_m-2015.jpg\" alt=\"\" width=\"680\" height=\"545\" srcset=\"https:\/\/news.save.ch\/wp-content\/uploads\/2018\/12\/Depositphotos_217067804_m-2015.jpg 1000w, https:\/\/news.save.ch\/wp-content\/uploads\/2018\/12\/Depositphotos_217067804_m-2015-375x300.jpg 375w\" sizes=\"auto, (max-width: 680px) 100vw, 680px\" \/><figcaption id=\"caption-attachment-7439\" class=\"wp-caption-text\">\u00a9 depositphotos, Rawpixel<\/figcaption><\/figure>\n<p>&nbsp;<\/p>\n<p>Das eher unspektakul\u00e4re Bauteil \u00abT\u00fcre\u00bb muss vielen Eigenschaften und Funktionen gen\u00fcgen: bauphysikalischen Anforderungen, Widerstand, Zutritt- und Austrittskontrolle, Fluchtweg, Selbstverriegelung, Intervention usw. Zudem ist die Vielfalt an Auflagen gross \u2013 weit \u00fcber 100 Gesetze, Normen und Richtlinien stehen in Zusammenhang mit der T\u00fcre. Wer blickt da noch durch? Was l\u00e4uft in der t\u00e4glichen Praxis? Wie ist der Umgang mit den zahlreichen Schnittstellen? Welche L\u00f6sungen bestehen?<\/p>\n<p><strong>Hoher Praxisbezug<\/strong><\/p>\n<p>Fragen \u00fcber Fragen, die am 21. M\u00e4rz 2019 an der <a href=\"https:\/\/save.ch\/vipress\/wp-content\/uploads\/2018\/12\/Flyer_T%C3%BCrmanagement_V4_Web.pdf\">Save-Fachtagung<\/a>\u00a0\u00abT\u00fcren und T\u00fcrmanagement: ein ewiges Problem?\u00bb in Z\u00fcrich er\u00f6rtert werden. Die von Fachverb\u00e4nden konzipierte Tagung hat einen hohen Bezug zur Praxis: Ein Neubau f\u00fcr den Hauptsitz einer Versicherung im Raum Z\u00fcrich wird beispielsweise zum Anschauungsobjekt bez\u00fcglich T\u00fcrmanagement in der Planungsphase. Die Architektin, der Sicherheits- und T\u00fcrfachplaner sowie der Elektroplaner geben konkrete Einblicke in das Projekt und den Umgang mit der komplexen Thematik rund um die T\u00fcre. Die Herangehensweise und L\u00f6sungsans\u00e4tze sind bestimmt hilfreich f\u00fcr weitere Projekte.<\/p>\n<p>Welche T\u00fcrkomponenten d\u00fcrfen wann und wie eingebaut werden? Auskunft erteilt ein Vorstandsmitglied des Verbands Schweizerischer T\u00fcrenbranche (<a href=\"https:\/\/news.save.ch\/die-ersten-tuerplaner-sind-zertifiziert\/\">VST<\/a>). Wie steht es um T\u00fcren in Fluchtwegen? Ist die digitale T\u00fcrfachplanung die nachhaltige L\u00f6sung und gleichzeitig das Fundament f\u00fcr das Facility Management? Mit diesen beiden Kernfragen besch\u00e4ftigen sich zwei renommierte Sicherheits- und T\u00fcrfachplaner in ihren Referaten. Wie geht der Schreiner mit schwer nachr\u00fcstbaren Elementen in Geb\u00e4uden um? Antworten darauf liefert der Schreinermeister gerade selber. In einem Schlussreferat, gehalten von einem erfahrenen T\u00fcrfachplaner, dreht sich alles um die Instandhaltung von T\u00fcren und Tore.<\/p>\n<p><em>Die Tagung wird von den Fachverb\u00e4nden <a href=\"https:\/\/www.sicher-ses.ch\/de\/\">SES<\/a> und <a href=\"https:\/\/www.sgas.ch\/\">SGAS<\/a> als Fortbildung anerkannt.<\/em><\/p>\n","protected":false},"excerpt":{"rendered":"<p>&nbsp; Das eher unspektakul\u00e4re Bauteil \u00abT\u00fcre\u00bb muss vielen Eigenschaften und Funktionen gen\u00fcgen: bauphysikalischen Anforderungen, Widerstand, Zutritt- und Austrittskontrolle, Fluchtweg, Selbstverriegelung, Intervention usw. Zudem ist die Vielfalt an Auflagen gross \u2013 weit \u00fcber 100 Gesetze, Normen und Richtlinien stehen in Zusammenhang mit der T\u00fcre. Wer blickt da noch durch? Was l\u00e4uft in der t\u00e4glichen Praxis? Wie [&hellip;]<\/p>\n","protected":false},"author":8,"featured_media":7439,"comment_status":"open","ping_status":"open","sticky":false,"template":"","format":"standard","meta":{"_acf_changed":false,"pgc_sgb_lightbox_settings":"","footnotes":""},"categories":[3312],"tags":[441,160,425,158,91],"class_list":["post-7438","post","type-post","status-publish","format-standard","has-post-thumbnail","hentry","category-sicherheit","tag-tuermanagement","tag-veranstaltungen","tag-vst","tag-zutrittskontrolle","tag-zutrittsysteme"],"acf":[],"hkrextid":null,"publication":null,"issue":null,"workflow":null,"startPage":null,"spitzmarke":null,"_posts_by_tag_page_fields":{"widget_title":"","widget_tags":""},"_at_widget":"1","_yoast_wpseo_primary_category":"3303","_yoast_wpseo_focuskw_text_input":"T\u00fcrmanagement","_yoast_wpseo_opengraph-image":null,"_yoast_wpseo_opengraph-description":null,"_yoast_wpseo_opengraph-title":null,"enclosure":null,"_yoast_wpseo_twitter-title":null,"_yoast_wpseo_twitter-description":null,"_yoast_wpseo_twitter-image":null,"_wp_old_slug":null,"_yoast_wpseo_title":null,"_yoast_wpseo_canonical":null,"yoast_head":"<!-- This site is optimized with the Yoast SEO plugin v27.4 - https:\/\/yoast.com\/product\/yoast-seo-wordpress\/ -->\n<title>T\u00fcrmanagement im Fokus - Save<\/title>\n<meta name=\"robots\" content=\"index, follow, max-snippet:-1, max-image-preview:large, max-video-preview:-1\" \/>\n<link rel=\"canonical\" href=\"https:\/\/news.save.ch\/de\/tuermanagement-im-fokus\/\" \/>\n<meta property=\"og:locale\" content=\"de_DE\" \/>\n<meta property=\"og:type\" content=\"article\" \/>\n<meta property=\"og:title\" content=\"T\u00fcrmanagement im Fokus - Save\" \/>\n<meta property=\"og:description\" content=\"&nbsp; Das eher unspektakul\u00e4re Bauteil \u00abT\u00fcre\u00bb muss vielen Eigenschaften und Funktionen gen\u00fcgen: bauphysikalischen Anforderungen, Widerstand, Zutritt- und Austrittskontrolle, Fluchtweg, Selbstverriegelung, Intervention usw. Zudem ist die Vielfalt an Auflagen gross \u2013 weit \u00fcber 100 Gesetze, Normen und Richtlinien stehen in Zusammenhang mit der T\u00fcre. Wer blickt da noch durch? Was l\u00e4uft in der t\u00e4glichen Praxis? Wie [&hellip;]\" \/>\n<meta property=\"og:url\" content=\"https:\/\/news.save.ch\/de\/tuermanagement-im-fokus\/\" \/>\n<meta property=\"og:site_name\" content=\"Save\" \/>\n<meta property=\"article:published_time\" content=\"2019-01-01T15:02:01+00:00\" \/>\n<meta property=\"article:modified_time\" content=\"2023-03-14T08:00:00+00:00\" \/>\n<meta property=\"og:image\" content=\"https:\/\/news.save.ch\/wp-content\/uploads\/2018\/12\/Depositphotos_217067804_m-2015.jpg\" \/>\n\t<meta property=\"og:image:width\" content=\"1000\" \/>\n\t<meta property=\"og:image:height\" content=\"802\" \/>\n\t<meta property=\"og:image:type\" content=\"image\/jpeg\" \/>\n<meta name=\"author\" content=\"Roger Str\u00e4ssle\" \/>\n<meta name=\"twitter:card\" content=\"summary_large_image\" \/>\n<meta name=\"twitter:label1\" content=\"Geschrieben von\" \/>\n\t<meta name=\"twitter:data1\" content=\"Roger Str\u00e4ssle\" \/>\n\t<meta name=\"twitter:label2\" content=\"Gesch\u00e4tzte Lesezeit\" \/>\n\t<meta name=\"twitter:data2\" content=\"1\u00a0Minute\" \/>\n<script type=\"application\/ld+json\" class=\"yoast-schema-graph\">{\"@context\":\"https:\\\/\\\/schema.org\",\"@graph\":[{\"@type\":\"Article\",\"@id\":\"https:\\\/\\\/news.save.ch\\\/tuermanagement-im-fokus\\\/#article\",\"isPartOf\":{\"@id\":\"https:\\\/\\\/news.save.ch\\\/tuermanagement-im-fokus\\\/\"},\"author\":{\"name\":\"Roger Str\u00e4ssle\",\"@id\":\"https:\\\/\\\/news.save.ch\\\/de\\\/#\\\/schema\\\/person\\\/d5022db048e0e2b9785c50e5b24da5aa\"},\"headline\":\"T\u00fcrmanagement im Fokus\",\"datePublished\":\"2019-01-01T15:02:01+00:00\",\"dateModified\":\"2023-03-14T08:00:00+00:00\",\"mainEntityOfPage\":{\"@id\":\"https:\\\/\\\/news.save.ch\\\/tuermanagement-im-fokus\\\/\"},\"wordCount\":300,\"commentCount\":0,\"publisher\":{\"@id\":\"https:\\\/\\\/news.save.ch\\\/de\\\/#organization\"},\"image\":{\"@id\":\"https:\\\/\\\/news.save.ch\\\/tuermanagement-im-fokus\\\/#primaryimage\"},\"thumbnailUrl\":\"https:\\\/\\\/news.save.ch\\\/wp-content\\\/uploads\\\/2018\\\/12\\\/Depositphotos_217067804_m-2015.jpg\",\"keywords\":[\"T\u00fcrmanagement\",\"Veranstaltungen\",\"VST\",\"Zutrittskontrolle\",\"Zutrittsysteme\"],\"articleSection\":[\"SICHERHEIT\"],\"inLanguage\":\"de\"},{\"@type\":\"WebPage\",\"@id\":\"https:\\\/\\\/news.save.ch\\\/tuermanagement-im-fokus\\\/\",\"url\":\"https:\\\/\\\/news.save.ch\\\/tuermanagement-im-fokus\\\/\",\"name\":\"T\u00fcrmanagement im Fokus - Save\",\"isPartOf\":{\"@id\":\"https:\\\/\\\/news.save.ch\\\/de\\\/#website\"},\"primaryImageOfPage\":{\"@id\":\"https:\\\/\\\/news.save.ch\\\/tuermanagement-im-fokus\\\/#primaryimage\"},\"image\":{\"@id\":\"https:\\\/\\\/news.save.ch\\\/tuermanagement-im-fokus\\\/#primaryimage\"},\"thumbnailUrl\":\"https:\\\/\\\/news.save.ch\\\/wp-content\\\/uploads\\\/2018\\\/12\\\/Depositphotos_217067804_m-2015.jpg\",\"datePublished\":\"2019-01-01T15:02:01+00:00\",\"dateModified\":\"2023-03-14T08:00:00+00:00\",\"breadcrumb\":{\"@id\":\"https:\\\/\\\/news.save.ch\\\/tuermanagement-im-fokus\\\/#breadcrumb\"},\"inLanguage\":\"de\",\"potentialAction\":[{\"@type\":\"ReadAction\",\"target\":[\"https:\\\/\\\/news.save.ch\\\/tuermanagement-im-fokus\\\/\"]}]},{\"@type\":\"ImageObject\",\"inLanguage\":\"de\",\"@id\":\"https:\\\/\\\/news.save.ch\\\/tuermanagement-im-fokus\\\/#primaryimage\",\"url\":\"https:\\\/\\\/news.save.ch\\\/wp-content\\\/uploads\\\/2018\\\/12\\\/Depositphotos_217067804_m-2015.jpg\",\"contentUrl\":\"https:\\\/\\\/news.save.ch\\\/wp-content\\\/uploads\\\/2018\\\/12\\\/Depositphotos_217067804_m-2015.jpg\",\"width\":1000,\"height\":802,\"caption\":\"\u00a9 depositphotos, Rawpixel\"},{\"@type\":\"BreadcrumbList\",\"@id\":\"https:\\\/\\\/news.save.ch\\\/tuermanagement-im-fokus\\\/#breadcrumb\",\"itemListElement\":[{\"@type\":\"ListItem\",\"position\":1,\"name\":\"Home\",\"item\":\"https:\\\/\\\/news.save.ch\\\/de\\\/\"},{\"@type\":\"ListItem\",\"position\":2,\"name\":\"T\u00fcrmanagement im Fokus\"}]},{\"@type\":\"WebSite\",\"@id\":\"https:\\\/\\\/news.save.ch\\\/de\\\/#website\",\"url\":\"https:\\\/\\\/news.save.ch\\\/de\\\/\",\"name\":\"Save\",\"description\":\"Schweizer Fachzeitschrift f\u00fcr Sicherheit\",\"publisher\":{\"@id\":\"https:\\\/\\\/news.save.ch\\\/de\\\/#organization\"},\"potentialAction\":[{\"@type\":\"SearchAction\",\"target\":{\"@type\":\"EntryPoint\",\"urlTemplate\":\"https:\\\/\\\/news.save.ch\\\/de\\\/?s={search_term_string}\"},\"query-input\":{\"@type\":\"PropertyValueSpecification\",\"valueRequired\":true,\"valueName\":\"search_term_string\"}}],\"inLanguage\":\"de\"},{\"@type\":\"Organization\",\"@id\":\"https:\\\/\\\/news.save.ch\\\/de\\\/#organization\",\"name\":\"Sicherheitsforum\",\"url\":\"https:\\\/\\\/news.save.ch\\\/de\\\/\",\"logo\":{\"@type\":\"ImageObject\",\"inLanguage\":\"de\",\"@id\":\"https:\\\/\\\/news.save.ch\\\/de\\\/#\\\/schema\\\/logo\\\/image\\\/\",\"url\":\"https:\\\/\\\/news.save.ch\\\/wp-content\\\/uploads\\\/2022\\\/06\\\/Logo_SF_2012.png\",\"contentUrl\":\"https:\\\/\\\/news.save.ch\\\/wp-content\\\/uploads\\\/2022\\\/06\\\/Logo_SF_2012.png\",\"width\":1100,\"height\":91,\"caption\":\"Sicherheitsforum\"},\"image\":{\"@id\":\"https:\\\/\\\/news.save.ch\\\/de\\\/#\\\/schema\\\/logo\\\/image\\\/\"}},{\"@type\":\"Person\",\"@id\":\"https:\\\/\\\/news.save.ch\\\/de\\\/#\\\/schema\\\/person\\\/d5022db048e0e2b9785c50e5b24da5aa\",\"name\":\"Roger Str\u00e4ssle\",\"image\":{\"@type\":\"ImageObject\",\"inLanguage\":\"de\",\"@id\":\"https:\\\/\\\/secure.gravatar.com\\\/avatar\\\/862a5569d087de48e5856e32f45d719a03804c891d6deb8d4f71a660e79e4a47?s=96&d=mm&r=g\",\"url\":\"https:\\\/\\\/secure.gravatar.com\\\/avatar\\\/862a5569d087de48e5856e32f45d719a03804c891d6deb8d4f71a660e79e4a47?s=96&d=mm&r=g\",\"contentUrl\":\"https:\\\/\\\/secure.gravatar.com\\\/avatar\\\/862a5569d087de48e5856e32f45d719a03804c891d6deb8d4f71a660e79e4a47?s=96&d=mm&r=g\",\"caption\":\"Roger Str\u00e4ssle\"},\"url\":\"https:\\\/\\\/news.save.ch\\\/de\\\/author\\\/roger-straessle\\\/\"}]}<\/script>\n<!-- \/ Yoast SEO plugin. -->","yoast_head_json":{"title":"T\u00fcrmanagement im Fokus - Save","robots":{"index":"index","follow":"follow","max-snippet":"max-snippet:-1","max-image-preview":"max-image-preview:large","max-video-preview":"max-video-preview:-1"},"canonical":"https:\/\/news.save.ch\/de\/tuermanagement-im-fokus\/","og_locale":"de_DE","og_type":"article","og_title":"T\u00fcrmanagement im Fokus - Save","og_description":"&nbsp; Das eher unspektakul\u00e4re Bauteil \u00abT\u00fcre\u00bb muss vielen Eigenschaften und Funktionen gen\u00fcgen: bauphysikalischen Anforderungen, Widerstand, Zutritt- und Austrittskontrolle, Fluchtweg, Selbstverriegelung, Intervention usw. Zudem ist die Vielfalt an Auflagen gross \u2013 weit \u00fcber 100 Gesetze, Normen und Richtlinien stehen in Zusammenhang mit der T\u00fcre. Wer blickt da noch durch? Was l\u00e4uft in der t\u00e4glichen Praxis? Wie [&hellip;]","og_url":"https:\/\/news.save.ch\/de\/tuermanagement-im-fokus\/","og_site_name":"Save","article_published_time":"2019-01-01T15:02:01+00:00","article_modified_time":"2023-03-14T08:00:00+00:00","og_image":[{"width":1000,"height":802,"url":"https:\/\/news.save.ch\/wp-content\/uploads\/2018\/12\/Depositphotos_217067804_m-2015.jpg","type":"image\/jpeg"}],"author":"Roger Str\u00e4ssle","twitter_card":"summary_large_image","twitter_misc":{"Geschrieben von":"Roger Str\u00e4ssle","Gesch\u00e4tzte Lesezeit":"1\u00a0Minute"},"schema":{"@context":"https:\/\/schema.org","@graph":[{"@type":"Article","@id":"https:\/\/news.save.ch\/tuermanagement-im-fokus\/#article","isPartOf":{"@id":"https:\/\/news.save.ch\/tuermanagement-im-fokus\/"},"author":{"name":"Roger Str\u00e4ssle","@id":"https:\/\/news.save.ch\/de\/#\/schema\/person\/d5022db048e0e2b9785c50e5b24da5aa"},"headline":"T\u00fcrmanagement im Fokus","datePublished":"2019-01-01T15:02:01+00:00","dateModified":"2023-03-14T08:00:00+00:00","mainEntityOfPage":{"@id":"https:\/\/news.save.ch\/tuermanagement-im-fokus\/"},"wordCount":300,"commentCount":0,"publisher":{"@id":"https:\/\/news.save.ch\/de\/#organization"},"image":{"@id":"https:\/\/news.save.ch\/tuermanagement-im-fokus\/#primaryimage"},"thumbnailUrl":"https:\/\/news.save.ch\/wp-content\/uploads\/2018\/12\/Depositphotos_217067804_m-2015.jpg","keywords":["T\u00fcrmanagement","Veranstaltungen","VST","Zutrittskontrolle","Zutrittsysteme"],"articleSection":["SICHERHEIT"],"inLanguage":"de"},{"@type":"WebPage","@id":"https:\/\/news.save.ch\/tuermanagement-im-fokus\/","url":"https:\/\/news.save.ch\/tuermanagement-im-fokus\/","name":"T\u00fcrmanagement im Fokus - Save","isPartOf":{"@id":"https:\/\/news.save.ch\/de\/#website"},"primaryImageOfPage":{"@id":"https:\/\/news.save.ch\/tuermanagement-im-fokus\/#primaryimage"},"image":{"@id":"https:\/\/news.save.ch\/tuermanagement-im-fokus\/#primaryimage"},"thumbnailUrl":"https:\/\/news.save.ch\/wp-content\/uploads\/2018\/12\/Depositphotos_217067804_m-2015.jpg","datePublished":"2019-01-01T15:02:01+00:00","dateModified":"2023-03-14T08:00:00+00:00","breadcrumb":{"@id":"https:\/\/news.save.ch\/tuermanagement-im-fokus\/#breadcrumb"},"inLanguage":"de","potentialAction":[{"@type":"ReadAction","target":["https:\/\/news.save.ch\/tuermanagement-im-fokus\/"]}]},{"@type":"ImageObject","inLanguage":"de","@id":"https:\/\/news.save.ch\/tuermanagement-im-fokus\/#primaryimage","url":"https:\/\/news.save.ch\/wp-content\/uploads\/2018\/12\/Depositphotos_217067804_m-2015.jpg","contentUrl":"https:\/\/news.save.ch\/wp-content\/uploads\/2018\/12\/Depositphotos_217067804_m-2015.jpg","width":1000,"height":802,"caption":"\u00a9 depositphotos, Rawpixel"},{"@type":"BreadcrumbList","@id":"https:\/\/news.save.ch\/tuermanagement-im-fokus\/#breadcrumb","itemListElement":[{"@type":"ListItem","position":1,"name":"Home","item":"https:\/\/news.save.ch\/de\/"},{"@type":"ListItem","position":2,"name":"T\u00fcrmanagement im Fokus"}]},{"@type":"WebSite","@id":"https:\/\/news.save.ch\/de\/#website","url":"https:\/\/news.save.ch\/de\/","name":"Save","description":"Schweizer Fachzeitschrift f\u00fcr Sicherheit","publisher":{"@id":"https:\/\/news.save.ch\/de\/#organization"},"potentialAction":[{"@type":"SearchAction","target":{"@type":"EntryPoint","urlTemplate":"https:\/\/news.save.ch\/de\/?s={search_term_string}"},"query-input":{"@type":"PropertyValueSpecification","valueRequired":true,"valueName":"search_term_string"}}],"inLanguage":"de"},{"@type":"Organization","@id":"https:\/\/news.save.ch\/de\/#organization","name":"Sicherheitsforum","url":"https:\/\/news.save.ch\/de\/","logo":{"@type":"ImageObject","inLanguage":"de","@id":"https:\/\/news.save.ch\/de\/#\/schema\/logo\/image\/","url":"https:\/\/news.save.ch\/wp-content\/uploads\/2022\/06\/Logo_SF_2012.png","contentUrl":"https:\/\/news.save.ch\/wp-content\/uploads\/2022\/06\/Logo_SF_2012.png","width":1100,"height":91,"caption":"Sicherheitsforum"},"image":{"@id":"https:\/\/news.save.ch\/de\/#\/schema\/logo\/image\/"}},{"@type":"Person","@id":"https:\/\/news.save.ch\/de\/#\/schema\/person\/d5022db048e0e2b9785c50e5b24da5aa","name":"Roger Str\u00e4ssle","image":{"@type":"ImageObject","inLanguage":"de","@id":"https:\/\/secure.gravatar.com\/avatar\/862a5569d087de48e5856e32f45d719a03804c891d6deb8d4f71a660e79e4a47?s=96&d=mm&r=g","url":"https:\/\/secure.gravatar.com\/avatar\/862a5569d087de48e5856e32f45d719a03804c891d6deb8d4f71a660e79e4a47?s=96&d=mm&r=g","contentUrl":"https:\/\/secure.gravatar.com\/avatar\/862a5569d087de48e5856e32f45d719a03804c891d6deb8d4f71a660e79e4a47?s=96&d=mm&r=g","caption":"Roger Str\u00e4ssle"},"url":"https:\/\/news.save.ch\/de\/author\/roger-straessle\/"}]}},"_links":{"self":[{"href":"https:\/\/news.save.ch\/de\/wp-json\/wp\/v2\/posts\/7438","targetHints":{"allow":["GET"]}}],"collection":[{"href":"https:\/\/news.save.ch\/de\/wp-json\/wp\/v2\/posts"}],"about":[{"href":"https:\/\/news.save.ch\/de\/wp-json\/wp\/v2\/types\/post"}],"author":[{"embeddable":true,"href":"https:\/\/news.save.ch\/de\/wp-json\/wp\/v2\/users\/8"}],"replies":[{"embeddable":true,"href":"https:\/\/news.save.ch\/de\/wp-json\/wp\/v2\/comments?post=7438"}],"version-history":[{"count":1,"href":"https:\/\/news.save.ch\/de\/wp-json\/wp\/v2\/posts\/7438\/revisions"}],"predecessor-version":[{"id":17986,"href":"https:\/\/news.save.ch\/de\/wp-json\/wp\/v2\/posts\/7438\/revisions\/17986"}],"wp:featuredmedia":[{"embeddable":true,"href":"https:\/\/news.save.ch\/de\/wp-json\/wp\/v2\/media\/7439"}],"wp:attachment":[{"href":"https:\/\/news.save.ch\/de\/wp-json\/wp\/v2\/media?parent=7438"}],"wp:term":[{"taxonomy":"category","embeddable":true,"href":"https:\/\/news.save.ch\/de\/wp-json\/wp\/v2\/categories?post=7438"},{"taxonomy":"post_tag","embeddable":true,"href":"https:\/\/news.save.ch\/de\/wp-json\/wp\/v2\/tags?post=7438"}],"curies":[{"name":"wp","href":"https:\/\/api.w.org\/{rel}","templated":true}]}}