{"id":7474,"date":"2019-01-11T09:56:44","date_gmt":"2019-01-11T08:56:44","guid":{"rendered":"https:\/\/news.save.ch\/?p=7474"},"modified":"2023-03-14T08:56:50","modified_gmt":"2023-03-14T07:56:50","slug":"sechs-trends-beim-sicheren-mobilen-arbeiten","status":null,"type":"post","link":"https:\/\/news.save.ch\/de\/sechs-trends-beim-sicheren-mobilen-arbeiten\/","title":{"rendered":"Sechs Trends beim sicheren mobilen Arbeiten"},"content":{"rendered":"<figure id=\"attachment_7475\" aria-describedby=\"caption-attachment-7475\" style=\"width: 500px\" class=\"wp-caption aligncenter\"><img loading=\"lazy\" decoding=\"async\" class=\"wp-image-7475 size-full\" src=\"https:\/\/news.save.ch\/wp-content\/uploads\/2019\/01\/Depositphotos_220813898_s-2015.jpg\" alt=\"Endger\u00e4te, Devices, mobiles Arbeiten\" width=\"500\" height=\"272\" srcset=\"https:\/\/news.save.ch\/wp-content\/uploads\/2019\/01\/Depositphotos_220813898_s-2015.jpg 500w, https:\/\/news.save.ch\/wp-content\/uploads\/2019\/01\/Depositphotos_220813898_s-2015-375x204.jpg 375w\" sizes=\"auto, (max-width: 500px) 100vw, 500px\" \/><figcaption id=\"caption-attachment-7475\" class=\"wp-caption-text\">\u00a9 depositphotos, sdecoret<\/figcaption><\/figure>\n<p>Ungen\u00fcgend gesch\u00fctzte mobile Endger\u00e4te erweisen sich schnell als Einfallstor f\u00fcr Cyber-Angriffe aller Art. Daher haben Unternehmen im Jahr 2018 \u2013 nicht zuletzt aufgrund der hohen Anforderungen der Datenschutz-Grundverordnung (DSGVO) \u2013 ihre Anstrengungen zur Verbesserung der Sicherheitslage verst\u00e4rkt. Eine der grossen Herausforderungen bleibt aber, mit gezielten Massnahmen sowohl die Sicherheit als auch die Benutzerfreundlichkeit und damit die Effizienz des mobilen Arbeitens weiter zu steigern (vgl. auch Artikel &#8222;<a href=\"https:\/\/news.save.ch\/fuenf-massnahmen-gegen-die-mobile-schatten-it\/\">mobile Schatten-IT<\/a>&#8222;).<\/p>\n<p>Virtual Solution erl\u00e4utert die wichtigen Trends rund um einen sicheren und benutzerfreundlichen Unternehmenseinsatz von Smartphones und Tablets:<\/p>\n<ol>\n<li><strong>Business-Apps m\u00fcssen bei Benutzerfreundlichkeit und Sicherheit zulegen. <\/strong><\/li>\n<\/ol>\n<p>Unternehmens-Apps m\u00fcssen genauso einfach zu bedienen sein wie ihre privaten Pendants und die Sicherheitsvorgaben d\u00fcrfen die Mitarbeitenden nicht einschr\u00e4nken. Seit die DSGVO in Kraft ist, hat Sicherheit eindeutig Vorrang. K\u00fcnftig wird aber die Benutzerfreundlichkeit wieder wichtiger, jedoch ohne die Sicherheit zu gef\u00e4hrden. Unternehmenskritische Daten m\u00fcssen wirksam vor Manipulation und Verlust gesch\u00fctzt werden. Die gleichzeitige Ber\u00fccksichtigung beider Aspekte wird zur grossen Herausforderung f\u00fcr App-Entwickler und die IT-Sicherheitsverantwortlichen in den Unternehmen. Firmen m\u00fcssen aber bei der Auswahl von L\u00f6sungen darauf achten, dass Sicherheit und Usability gleichermassen gegeben sind.<\/p>\n<ol start=\"2\">\n<li><strong> Der Datenschutz r\u00fcckt st\u00e4rker in den Vordergrund.<\/strong><\/li>\n<\/ol>\n<p>Lange Zeit galt das Thema Datenschutz in den Unternehmen \u201eals von aussen aufgezwungen\u201c. Im Verlauf der Diskussion um die DSGVO und sp\u00e4testens seit deren Inkrafttreten hat sich ein schrittweiser Wandel vollzogen. Viele haben die Chance erkannt, ihre Sicherheitsprozesse zum Schutz pers\u00f6nlicher Daten im Rechenzentrum und auf mobilen Endger\u00e4ten gesetzeskonform und vor allem effizienter zu gestalten. Auch das Bewusstsein der Menschen hat sich ver\u00e4ndert. Sie denken h\u00e4ufiger \u00fcber die Verwendung ihrer eigenen Daten nach, aber auch dar\u00fcber, wie sie mit Daten von Kunden oder Kollegen umgehen.<\/p>\n<ol start=\"3\">\n<li><strong> Fachbereiche beeinflussen immer st\u00e4rker die Beschaffung von Apps.<\/strong><\/li>\n<\/ol>\n<p>Generell sind heute die Fachabteilungen bei der Neuanschaffung von Software weit st\u00e4rker involviert als fr\u00fcher \u2013 egal, ob Individual- oder Standardsoftware. W\u00e4hrend bei dieser Art von Applikationen die Funktionalit\u00e4t im Vordergrund steht, ist bei Apps f\u00fcr mobile Endger\u00e4te die Benutzerfreundlichkeit ein zentrales Auswahlkriterium. Dazu kommt, dass auch die Power User aus den Fachbereichen oft bei ihren Vorgesetzen und der IT-Abteilung mit eigenen W\u00fcnschen bez\u00fcglich neuer Funktionen und Apps f\u00fcr Smartphones und Tablets vorstellig werden. Das Entscheider- und Einkaufsgremium bei der Software-Auswahl erweitert sich und neue Kriterien werden wichtig. Darauf m\u00fcssen sich nicht nur die Unternehmen einstellen, sondern auch die Anbieter von Anwendungen.<\/p>\n<ol start=\"4\">\n<li><strong> Biometrische Authentifizierung gewinnt weiter an Bedeutung.<\/strong><\/li>\n<\/ol>\n<p>Da Mitarbeiter mit ihrem Smartphone auf immer mehr Apps und Unternehmensanwendungen zugreifen \u2013 sei es webbasiert oder in der Cloud \u2013 werden Login und Authentifizierung immer wichtiger. Die IT-Abteilung muss sicherstellen, dass nur autorisierte Nutzer zugreifen k\u00f6nnen. Das traditionelle Passwort hat nach Expertenansicht dabei aber ausgedient, da es zu fehleranf\u00e4llig ist. Alternative biometrische Verfahren wie Fingerabdruck, Gesichtserkennung oder Iris-Scan werden an Bedeutung gewinnen. \u00dcber dieses Thema m\u00fcssen sich nicht nur die Firmen Gedanken machen, sondern auch die Entwickler von Apps und Anwendungen.<\/p>\n<ol start=\"5\">\n<li><strong> Das beruflich genutzte Smartphone wird zum Statussymbol.<\/strong><\/li>\n<\/ol>\n<p>Das neueste Smartphone ist fast wichtiger geworden als der schicke Dienstwagen, das ehemals wichtigste Statussymbol in der Berufswelt. Kein Wunder, dass Mitarbeiter vielerorts wegen \u201ealtmodischer\u201c Ger\u00e4te oder restriktiver Device-Strategien frustriert sind. K\u00f6nnen Mitarbeiter ihre eigenen hochwertigen Ger\u00e4te mitbringen, f\u00f6rdert dies die Akzeptanz einer Sicherheitsl\u00f6sung und die Mitarbeiterzufriedenheit. Voraussetzung ist allerdings, dass auf den Ger\u00e4ten eine Container-L\u00f6sung zum Einsatz kommt, die eine strikte Trennung von beruflichen und privaten Apps und Daten gew\u00e4hrleistet.<\/p>\n<ol start=\"6\">\n<li><strong> \u201eAlways on\u201c ist out.<\/strong><\/li>\n<\/ol>\n<p>Zeit f\u00fcr private Dinge ist wichtig, daher ist auch \u201eHandy-Fasten\u201c \u2013 zumindest zu bestimmten Zeiten \u2013 ein Thema. Manche Unternehmen handhaben das restriktiv. Bei VW erhalten beispielsweise Tarifbesch\u00e4ftigte teilweise zwischen 18 Uhr und 6 Uhr und am Wochenende keine dienstlichen E-Mails und k\u00f6nnen auch keine versenden. Andere Unternehmen gehen weniger strikt vor und bieten den Mitarbeitenden mehr Freiheiten. Sie k\u00f6nnen dann selbst entscheiden, ob sie am Wochenende oder morgens in der U-Bahn E-Mails checken und beantworten wollen oder nicht. Der Trend, die Eigenverantwortlichkeit der Mitarbeiter zu st\u00e4rken, wird sich in n\u00e4chster Zeit weiter durchsetzen.<\/p>\n<p>\u201eDie Aufrechterhaltung und in vielen F\u00e4llen der weitere Ausbau der IT-Sicherheit mobiler Endger\u00e4te sind vor dem Hintergrund der Trends beim sicheren mobilen Arbeiten permanente Aufgaben. Hier m\u00fcssen Unternehmen in n\u00e4chster Zeit verst\u00e4rkt t\u00e4tig werden, eine Reihe von Faktoren koordinieren und in der jeweils passenden Kombination zum Einsatz bringen\u201c, erl\u00e4utert G\u00fcnter Junk, CEO der Virtual Solution AG in M\u00fcnchen. \u201eF\u00fcr eine hohe Sicherheit und den erforderlichen Datenschutz sind technische und organisatorische Massnahmen unabdingbar. Aber auch die Mitarbeiter m\u00fcssen davon \u00fcberzeugt sein und ihren Teil beitragen.\u201c<\/p>\n<p><em>Quelle: <a href=\"https:\/\/www.virtual-solution.com\">Virtual Solution<\/a><\/em><\/p>\n","protected":false},"excerpt":{"rendered":"<p>Ungen\u00fcgend gesch\u00fctzte mobile Endger\u00e4te erweisen sich schnell als Einfallstor f\u00fcr Cyber-Angriffe aller Art. Daher haben Unternehmen im Jahr 2018 \u2013 nicht zuletzt aufgrund der hohen Anforderungen der Datenschutz-Grundverordnung (DSGVO) \u2013 ihre Anstrengungen zur Verbesserung der Sicherheitslage verst\u00e4rkt. Eine der grossen Herausforderungen bleibt aber, mit gezielten Massnahmen sowohl die Sicherheit als auch die Benutzerfreundlichkeit und damit [&hellip;]<\/p>\n","protected":false},"author":8,"featured_media":7475,"comment_status":"open","ping_status":"open","sticky":false,"template":"","format":"standard","meta":{"_acf_changed":false,"pgc_sgb_lightbox_settings":"","footnotes":""},"categories":[3313],"tags":[442,118,158],"class_list":["post-7474","post","type-post","status-publish","format-standard","has-post-thumbnail","hentry","category-digitalisierung","tag-apps","tag-datenschutz","tag-zutrittskontrolle"],"acf":[],"hkrextid":null,"publication":null,"issue":null,"workflow":null,"startPage":null,"spitzmarke":null,"_posts_by_tag_page_fields":{"widget_title":"","widget_tags":""},"_at_widget":"1","_yoast_wpseo_primary_category":"2","_yoast_wpseo_focuskw_text_input":"Endger\u00e4te","_yoast_wpseo_opengraph-image":null,"_yoast_wpseo_opengraph-description":null,"_yoast_wpseo_opengraph-title":null,"enclosure":null,"_yoast_wpseo_twitter-title":null,"_yoast_wpseo_twitter-description":null,"_yoast_wpseo_twitter-image":null,"_wp_old_slug":null,"_yoast_wpseo_title":null,"_yoast_wpseo_canonical":null,"yoast_head":"<!-- This site is optimized with the Yoast SEO plugin v27.4 - https:\/\/yoast.com\/product\/yoast-seo-wordpress\/ -->\n<title>Sechs Trends beim sicheren mobilen Arbeiten - Save<\/title>\n<meta name=\"description\" content=\"Sechs Trends: Erl\u00e4utert werden wichtige Punkte rund um einen sicheren und benutzerfreundlichen Unternehmenseinsatz von Smartphones und Tablets\" \/>\n<meta name=\"robots\" content=\"index, follow, max-snippet:-1, max-image-preview:large, max-video-preview:-1\" \/>\n<link rel=\"canonical\" href=\"https:\/\/news.save.ch\/de\/sechs-trends-beim-sicheren-mobilen-arbeiten\/\" \/>\n<meta property=\"og:locale\" content=\"de_DE\" \/>\n<meta property=\"og:type\" content=\"article\" \/>\n<meta property=\"og:title\" content=\"Sechs Trends beim sicheren mobilen Arbeiten - Save\" \/>\n<meta property=\"og:description\" content=\"Sechs Trends: Erl\u00e4utert werden wichtige Punkte rund um einen sicheren und benutzerfreundlichen Unternehmenseinsatz von Smartphones und Tablets\" \/>\n<meta property=\"og:url\" content=\"https:\/\/news.save.ch\/de\/sechs-trends-beim-sicheren-mobilen-arbeiten\/\" \/>\n<meta property=\"og:site_name\" content=\"Save\" \/>\n<meta property=\"article:published_time\" content=\"2019-01-11T08:56:44+00:00\" \/>\n<meta property=\"article:modified_time\" content=\"2023-03-14T07:56:50+00:00\" \/>\n<meta property=\"og:image\" content=\"https:\/\/news.save.ch\/wp-content\/uploads\/2019\/01\/Depositphotos_220813898_s-2015.jpg\" \/>\n\t<meta property=\"og:image:width\" content=\"500\" \/>\n\t<meta property=\"og:image:height\" content=\"272\" \/>\n\t<meta property=\"og:image:type\" content=\"image\/jpeg\" \/>\n<meta name=\"author\" content=\"Roger Str\u00e4ssle\" \/>\n<meta name=\"twitter:card\" content=\"summary_large_image\" \/>\n<meta name=\"twitter:label1\" content=\"Geschrieben von\" \/>\n\t<meta name=\"twitter:data1\" content=\"Roger Str\u00e4ssle\" \/>\n\t<meta name=\"twitter:label2\" content=\"Gesch\u00e4tzte Lesezeit\" \/>\n\t<meta name=\"twitter:data2\" content=\"4\u00a0Minuten\" \/>\n<script type=\"application\/ld+json\" class=\"yoast-schema-graph\">{\"@context\":\"https:\\\/\\\/schema.org\",\"@graph\":[{\"@type\":\"Article\",\"@id\":\"https:\\\/\\\/news.save.ch\\\/sechs-trends-beim-sicheren-mobilen-arbeiten\\\/#article\",\"isPartOf\":{\"@id\":\"https:\\\/\\\/news.save.ch\\\/sechs-trends-beim-sicheren-mobilen-arbeiten\\\/\"},\"author\":{\"name\":\"Roger Str\u00e4ssle\",\"@id\":\"https:\\\/\\\/news.save.ch\\\/de\\\/#\\\/schema\\\/person\\\/d5022db048e0e2b9785c50e5b24da5aa\"},\"headline\":\"Sechs Trends beim sicheren mobilen Arbeiten\",\"datePublished\":\"2019-01-11T08:56:44+00:00\",\"dateModified\":\"2023-03-14T07:56:50+00:00\",\"mainEntityOfPage\":{\"@id\":\"https:\\\/\\\/news.save.ch\\\/sechs-trends-beim-sicheren-mobilen-arbeiten\\\/\"},\"wordCount\":801,\"commentCount\":0,\"publisher\":{\"@id\":\"https:\\\/\\\/news.save.ch\\\/de\\\/#organization\"},\"image\":{\"@id\":\"https:\\\/\\\/news.save.ch\\\/sechs-trends-beim-sicheren-mobilen-arbeiten\\\/#primaryimage\"},\"thumbnailUrl\":\"https:\\\/\\\/news.save.ch\\\/wp-content\\\/uploads\\\/2019\\\/01\\\/Depositphotos_220813898_s-2015.jpg\",\"keywords\":[\"Apps\",\"Datenschutz\",\"Zutrittskontrolle\"],\"articleSection\":[\"DIGITALISIERUNG\"],\"inLanguage\":\"de\"},{\"@type\":\"WebPage\",\"@id\":\"https:\\\/\\\/news.save.ch\\\/sechs-trends-beim-sicheren-mobilen-arbeiten\\\/\",\"url\":\"https:\\\/\\\/news.save.ch\\\/sechs-trends-beim-sicheren-mobilen-arbeiten\\\/\",\"name\":\"Sechs Trends beim sicheren mobilen Arbeiten - Save\",\"isPartOf\":{\"@id\":\"https:\\\/\\\/news.save.ch\\\/de\\\/#website\"},\"primaryImageOfPage\":{\"@id\":\"https:\\\/\\\/news.save.ch\\\/sechs-trends-beim-sicheren-mobilen-arbeiten\\\/#primaryimage\"},\"image\":{\"@id\":\"https:\\\/\\\/news.save.ch\\\/sechs-trends-beim-sicheren-mobilen-arbeiten\\\/#primaryimage\"},\"thumbnailUrl\":\"https:\\\/\\\/news.save.ch\\\/wp-content\\\/uploads\\\/2019\\\/01\\\/Depositphotos_220813898_s-2015.jpg\",\"datePublished\":\"2019-01-11T08:56:44+00:00\",\"dateModified\":\"2023-03-14T07:56:50+00:00\",\"description\":\"Sechs Trends: Erl\u00e4utert werden wichtige Punkte rund um einen sicheren und benutzerfreundlichen Unternehmenseinsatz von Smartphones und Tablets\",\"breadcrumb\":{\"@id\":\"https:\\\/\\\/news.save.ch\\\/sechs-trends-beim-sicheren-mobilen-arbeiten\\\/#breadcrumb\"},\"inLanguage\":\"de\",\"potentialAction\":[{\"@type\":\"ReadAction\",\"target\":[\"https:\\\/\\\/news.save.ch\\\/sechs-trends-beim-sicheren-mobilen-arbeiten\\\/\"]}]},{\"@type\":\"ImageObject\",\"inLanguage\":\"de\",\"@id\":\"https:\\\/\\\/news.save.ch\\\/sechs-trends-beim-sicheren-mobilen-arbeiten\\\/#primaryimage\",\"url\":\"https:\\\/\\\/news.save.ch\\\/wp-content\\\/uploads\\\/2019\\\/01\\\/Depositphotos_220813898_s-2015.jpg\",\"contentUrl\":\"https:\\\/\\\/news.save.ch\\\/wp-content\\\/uploads\\\/2019\\\/01\\\/Depositphotos_220813898_s-2015.jpg\",\"width\":500,\"height\":272,\"caption\":\"\u00a9 depositphotos, sdecoret\"},{\"@type\":\"BreadcrumbList\",\"@id\":\"https:\\\/\\\/news.save.ch\\\/sechs-trends-beim-sicheren-mobilen-arbeiten\\\/#breadcrumb\",\"itemListElement\":[{\"@type\":\"ListItem\",\"position\":1,\"name\":\"Home\",\"item\":\"https:\\\/\\\/news.save.ch\\\/de\\\/\"},{\"@type\":\"ListItem\",\"position\":2,\"name\":\"Sechs Trends beim sicheren mobilen Arbeiten\"}]},{\"@type\":\"WebSite\",\"@id\":\"https:\\\/\\\/news.save.ch\\\/de\\\/#website\",\"url\":\"https:\\\/\\\/news.save.ch\\\/de\\\/\",\"name\":\"Save\",\"description\":\"Schweizer Fachzeitschrift f\u00fcr Sicherheit\",\"publisher\":{\"@id\":\"https:\\\/\\\/news.save.ch\\\/de\\\/#organization\"},\"potentialAction\":[{\"@type\":\"SearchAction\",\"target\":{\"@type\":\"EntryPoint\",\"urlTemplate\":\"https:\\\/\\\/news.save.ch\\\/de\\\/?s={search_term_string}\"},\"query-input\":{\"@type\":\"PropertyValueSpecification\",\"valueRequired\":true,\"valueName\":\"search_term_string\"}}],\"inLanguage\":\"de\"},{\"@type\":\"Organization\",\"@id\":\"https:\\\/\\\/news.save.ch\\\/de\\\/#organization\",\"name\":\"Sicherheitsforum\",\"url\":\"https:\\\/\\\/news.save.ch\\\/de\\\/\",\"logo\":{\"@type\":\"ImageObject\",\"inLanguage\":\"de\",\"@id\":\"https:\\\/\\\/news.save.ch\\\/de\\\/#\\\/schema\\\/logo\\\/image\\\/\",\"url\":\"https:\\\/\\\/news.save.ch\\\/wp-content\\\/uploads\\\/2022\\\/06\\\/Logo_SF_2012.png\",\"contentUrl\":\"https:\\\/\\\/news.save.ch\\\/wp-content\\\/uploads\\\/2022\\\/06\\\/Logo_SF_2012.png\",\"width\":1100,\"height\":91,\"caption\":\"Sicherheitsforum\"},\"image\":{\"@id\":\"https:\\\/\\\/news.save.ch\\\/de\\\/#\\\/schema\\\/logo\\\/image\\\/\"}},{\"@type\":\"Person\",\"@id\":\"https:\\\/\\\/news.save.ch\\\/de\\\/#\\\/schema\\\/person\\\/d5022db048e0e2b9785c50e5b24da5aa\",\"name\":\"Roger Str\u00e4ssle\",\"image\":{\"@type\":\"ImageObject\",\"inLanguage\":\"de\",\"@id\":\"https:\\\/\\\/secure.gravatar.com\\\/avatar\\\/862a5569d087de48e5856e32f45d719a03804c891d6deb8d4f71a660e79e4a47?s=96&d=mm&r=g\",\"url\":\"https:\\\/\\\/secure.gravatar.com\\\/avatar\\\/862a5569d087de48e5856e32f45d719a03804c891d6deb8d4f71a660e79e4a47?s=96&d=mm&r=g\",\"contentUrl\":\"https:\\\/\\\/secure.gravatar.com\\\/avatar\\\/862a5569d087de48e5856e32f45d719a03804c891d6deb8d4f71a660e79e4a47?s=96&d=mm&r=g\",\"caption\":\"Roger Str\u00e4ssle\"},\"url\":\"https:\\\/\\\/news.save.ch\\\/de\\\/author\\\/roger-straessle\\\/\"}]}<\/script>\n<!-- \/ Yoast SEO plugin. -->","yoast_head_json":{"title":"Sechs Trends beim sicheren mobilen Arbeiten - Save","description":"Sechs Trends: Erl\u00e4utert werden wichtige Punkte rund um einen sicheren und benutzerfreundlichen Unternehmenseinsatz von Smartphones und Tablets","robots":{"index":"index","follow":"follow","max-snippet":"max-snippet:-1","max-image-preview":"max-image-preview:large","max-video-preview":"max-video-preview:-1"},"canonical":"https:\/\/news.save.ch\/de\/sechs-trends-beim-sicheren-mobilen-arbeiten\/","og_locale":"de_DE","og_type":"article","og_title":"Sechs Trends beim sicheren mobilen Arbeiten - Save","og_description":"Sechs Trends: Erl\u00e4utert werden wichtige Punkte rund um einen sicheren und benutzerfreundlichen Unternehmenseinsatz von Smartphones und Tablets","og_url":"https:\/\/news.save.ch\/de\/sechs-trends-beim-sicheren-mobilen-arbeiten\/","og_site_name":"Save","article_published_time":"2019-01-11T08:56:44+00:00","article_modified_time":"2023-03-14T07:56:50+00:00","og_image":[{"url":"https:\/\/news.save.ch\/wp-content\/uploads\/2019\/01\/Depositphotos_220813898_s-2015.jpg","width":500,"height":272,"type":"image\/jpeg"}],"author":"Roger Str\u00e4ssle","twitter_card":"summary_large_image","twitter_misc":{"Geschrieben von":"Roger Str\u00e4ssle","Gesch\u00e4tzte Lesezeit":"4\u00a0Minuten"},"schema":{"@context":"https:\/\/schema.org","@graph":[{"@type":"Article","@id":"https:\/\/news.save.ch\/sechs-trends-beim-sicheren-mobilen-arbeiten\/#article","isPartOf":{"@id":"https:\/\/news.save.ch\/sechs-trends-beim-sicheren-mobilen-arbeiten\/"},"author":{"name":"Roger Str\u00e4ssle","@id":"https:\/\/news.save.ch\/de\/#\/schema\/person\/d5022db048e0e2b9785c50e5b24da5aa"},"headline":"Sechs Trends beim sicheren mobilen Arbeiten","datePublished":"2019-01-11T08:56:44+00:00","dateModified":"2023-03-14T07:56:50+00:00","mainEntityOfPage":{"@id":"https:\/\/news.save.ch\/sechs-trends-beim-sicheren-mobilen-arbeiten\/"},"wordCount":801,"commentCount":0,"publisher":{"@id":"https:\/\/news.save.ch\/de\/#organization"},"image":{"@id":"https:\/\/news.save.ch\/sechs-trends-beim-sicheren-mobilen-arbeiten\/#primaryimage"},"thumbnailUrl":"https:\/\/news.save.ch\/wp-content\/uploads\/2019\/01\/Depositphotos_220813898_s-2015.jpg","keywords":["Apps","Datenschutz","Zutrittskontrolle"],"articleSection":["DIGITALISIERUNG"],"inLanguage":"de"},{"@type":"WebPage","@id":"https:\/\/news.save.ch\/sechs-trends-beim-sicheren-mobilen-arbeiten\/","url":"https:\/\/news.save.ch\/sechs-trends-beim-sicheren-mobilen-arbeiten\/","name":"Sechs Trends beim sicheren mobilen Arbeiten - Save","isPartOf":{"@id":"https:\/\/news.save.ch\/de\/#website"},"primaryImageOfPage":{"@id":"https:\/\/news.save.ch\/sechs-trends-beim-sicheren-mobilen-arbeiten\/#primaryimage"},"image":{"@id":"https:\/\/news.save.ch\/sechs-trends-beim-sicheren-mobilen-arbeiten\/#primaryimage"},"thumbnailUrl":"https:\/\/news.save.ch\/wp-content\/uploads\/2019\/01\/Depositphotos_220813898_s-2015.jpg","datePublished":"2019-01-11T08:56:44+00:00","dateModified":"2023-03-14T07:56:50+00:00","description":"Sechs Trends: Erl\u00e4utert werden wichtige Punkte rund um einen sicheren und benutzerfreundlichen Unternehmenseinsatz von Smartphones und Tablets","breadcrumb":{"@id":"https:\/\/news.save.ch\/sechs-trends-beim-sicheren-mobilen-arbeiten\/#breadcrumb"},"inLanguage":"de","potentialAction":[{"@type":"ReadAction","target":["https:\/\/news.save.ch\/sechs-trends-beim-sicheren-mobilen-arbeiten\/"]}]},{"@type":"ImageObject","inLanguage":"de","@id":"https:\/\/news.save.ch\/sechs-trends-beim-sicheren-mobilen-arbeiten\/#primaryimage","url":"https:\/\/news.save.ch\/wp-content\/uploads\/2019\/01\/Depositphotos_220813898_s-2015.jpg","contentUrl":"https:\/\/news.save.ch\/wp-content\/uploads\/2019\/01\/Depositphotos_220813898_s-2015.jpg","width":500,"height":272,"caption":"\u00a9 depositphotos, sdecoret"},{"@type":"BreadcrumbList","@id":"https:\/\/news.save.ch\/sechs-trends-beim-sicheren-mobilen-arbeiten\/#breadcrumb","itemListElement":[{"@type":"ListItem","position":1,"name":"Home","item":"https:\/\/news.save.ch\/de\/"},{"@type":"ListItem","position":2,"name":"Sechs Trends beim sicheren mobilen Arbeiten"}]},{"@type":"WebSite","@id":"https:\/\/news.save.ch\/de\/#website","url":"https:\/\/news.save.ch\/de\/","name":"Save","description":"Schweizer Fachzeitschrift f\u00fcr Sicherheit","publisher":{"@id":"https:\/\/news.save.ch\/de\/#organization"},"potentialAction":[{"@type":"SearchAction","target":{"@type":"EntryPoint","urlTemplate":"https:\/\/news.save.ch\/de\/?s={search_term_string}"},"query-input":{"@type":"PropertyValueSpecification","valueRequired":true,"valueName":"search_term_string"}}],"inLanguage":"de"},{"@type":"Organization","@id":"https:\/\/news.save.ch\/de\/#organization","name":"Sicherheitsforum","url":"https:\/\/news.save.ch\/de\/","logo":{"@type":"ImageObject","inLanguage":"de","@id":"https:\/\/news.save.ch\/de\/#\/schema\/logo\/image\/","url":"https:\/\/news.save.ch\/wp-content\/uploads\/2022\/06\/Logo_SF_2012.png","contentUrl":"https:\/\/news.save.ch\/wp-content\/uploads\/2022\/06\/Logo_SF_2012.png","width":1100,"height":91,"caption":"Sicherheitsforum"},"image":{"@id":"https:\/\/news.save.ch\/de\/#\/schema\/logo\/image\/"}},{"@type":"Person","@id":"https:\/\/news.save.ch\/de\/#\/schema\/person\/d5022db048e0e2b9785c50e5b24da5aa","name":"Roger Str\u00e4ssle","image":{"@type":"ImageObject","inLanguage":"de","@id":"https:\/\/secure.gravatar.com\/avatar\/862a5569d087de48e5856e32f45d719a03804c891d6deb8d4f71a660e79e4a47?s=96&d=mm&r=g","url":"https:\/\/secure.gravatar.com\/avatar\/862a5569d087de48e5856e32f45d719a03804c891d6deb8d4f71a660e79e4a47?s=96&d=mm&r=g","contentUrl":"https:\/\/secure.gravatar.com\/avatar\/862a5569d087de48e5856e32f45d719a03804c891d6deb8d4f71a660e79e4a47?s=96&d=mm&r=g","caption":"Roger Str\u00e4ssle"},"url":"https:\/\/news.save.ch\/de\/author\/roger-straessle\/"}]}},"_links":{"self":[{"href":"https:\/\/news.save.ch\/de\/wp-json\/wp\/v2\/posts\/7474","targetHints":{"allow":["GET"]}}],"collection":[{"href":"https:\/\/news.save.ch\/de\/wp-json\/wp\/v2\/posts"}],"about":[{"href":"https:\/\/news.save.ch\/de\/wp-json\/wp\/v2\/types\/post"}],"author":[{"embeddable":true,"href":"https:\/\/news.save.ch\/de\/wp-json\/wp\/v2\/users\/8"}],"replies":[{"embeddable":true,"href":"https:\/\/news.save.ch\/de\/wp-json\/wp\/v2\/comments?post=7474"}],"version-history":[{"count":1,"href":"https:\/\/news.save.ch\/de\/wp-json\/wp\/v2\/posts\/7474\/revisions"}],"predecessor-version":[{"id":17415,"href":"https:\/\/news.save.ch\/de\/wp-json\/wp\/v2\/posts\/7474\/revisions\/17415"}],"wp:featuredmedia":[{"embeddable":true,"href":"https:\/\/news.save.ch\/de\/wp-json\/wp\/v2\/media\/7475"}],"wp:attachment":[{"href":"https:\/\/news.save.ch\/de\/wp-json\/wp\/v2\/media?parent=7474"}],"wp:term":[{"taxonomy":"category","embeddable":true,"href":"https:\/\/news.save.ch\/de\/wp-json\/wp\/v2\/categories?post=7474"},{"taxonomy":"post_tag","embeddable":true,"href":"https:\/\/news.save.ch\/de\/wp-json\/wp\/v2\/tags?post=7474"}],"curies":[{"name":"wp","href":"https:\/\/api.w.org\/{rel}","templated":true}]}}