{"id":7488,"date":"2019-01-15T10:07:24","date_gmt":"2019-01-15T09:07:24","guid":{"rendered":"https:\/\/news.save.ch\/?p=7488"},"modified":"2019-01-15T10:07:24","modified_gmt":"2019-01-15T09:07:24","slug":"sichere-vernetzung-von-gebaeudesysteme-vorantreiben","status":null,"type":"post","link":"https:\/\/news.save.ch\/de\/sichere-vernetzung-von-gebaeudesysteme-vorantreiben\/","title":{"rendered":"Geb\u00e4udesysteme: sichere Vernetzung vorantreiben"},"content":{"rendered":"<figure id=\"attachment_7489\" aria-describedby=\"caption-attachment-7489\" style=\"width: 500px\" class=\"wp-caption aligncenter\"><img loading=\"lazy\" decoding=\"async\" class=\"wp-image-7489 size-full\" src=\"https:\/\/news.save.ch\/wp-content\/uploads\/2019\/01\/Depositphotos_126450158_s-2015.jpg\" alt=\"Geb\u00e4udesysteme, Geb\u00e4udetechnik\" width=\"500\" height=\"333\" srcset=\"https:\/\/news.save.ch\/wp-content\/uploads\/2019\/01\/Depositphotos_126450158_s-2015.jpg 500w, https:\/\/news.save.ch\/wp-content\/uploads\/2019\/01\/Depositphotos_126450158_s-2015-375x250.jpg 375w\" sizes=\"auto, (max-width: 500px) 100vw, 500px\" \/><figcaption id=\"caption-attachment-7489\" class=\"wp-caption-text\">\u00a9 depositphotos, aa-w<\/figcaption><\/figure>\n<p>\u00abAngriff der Killer-K\u00fchlschr\u00e4nke\u00bb, \u00abMeine Zahnb\u00fcrste hackte das Pentagon\u00bb, \u00abForscher warnen vor intelligenten Lampen\u00bb \u2013 das sind ein paar Schlagzeilen zu den h\u00e4ufigen Sicherheitsl\u00fccken in Smart Buildings. Dass \u00absmart\u00bb definitiv nicht automatisch \u00absicher\u00bb bedeutet, ist mittlerweile weit \u00fcber die Branche hinaus bekannt. Im Gegenteil, die Vernetzung schafft immer neue, teils sogar bisher v\u00f6llig unbekannte Risiken, wie der auf Unternehmenssicherheit spezialisierte VdS schreibt.<\/p>\n<p><strong>Anerkennungsverfahren entwickelt<\/strong><\/p>\n<p>Wie jeder Techniker weiss, bedeutet mehr Vernetzung immer auch eine Erh\u00f6hung der St\u00f6r- und Ausfallrisiken. Der VdS nehme sich dieser kritischen Fragen an und habe deshalb das Anerkennungsverfahren VdS 3838 zur \u00abFachkraft f\u00fcr Smart Building Safety &amp; Security\u00bb entwickelt. Anhand nachgewiesener Praxiskenntnisse in Installations- wie Informationstechnik w\u00fcrden diese Experten ihr besonderes K\u00f6nnen im ganzheitlich sicheren Vernetzen von Geb\u00e4udesystemen belegen.<\/p>\n<p>\u00abDie VdS-anerkannten Fachkr\u00e4fte bringen das technisch M\u00f6gliche mit dem unter Sicherheitsaspekten Vertretbaren in Einklang\u00bb, betont Sebastian Brose, Leiter des VdS-Produktmanagements im Gesch\u00e4ftsbereich Produkte und Unternehmen. \u00abWir hoffen, so einen wichtigen Beitrag zum Schliessen der noch zu grossen und zahlreichen Sicherheitsl\u00fccken dieses Zukunftsfeldes zu leisten \u2013 auf dass die smarten Geb\u00e4ude auch wirklich smart gesch\u00fctzt werden.\u00bb<\/p>\n<p><em>Infos: <a href=\"https:\/\/vds.de\/\">www.vds.de<\/a><\/em><\/p>\n<p>&nbsp;<\/p>\n","protected":false},"excerpt":{"rendered":"<p>\u00abAngriff der Killer-K\u00fchlschr\u00e4nke\u00bb, \u00abMeine Zahnb\u00fcrste hackte das Pentagon\u00bb, \u00abForscher warnen vor intelligenten Lampen\u00bb \u2013 das sind ein paar Schlagzeilen zu den h\u00e4ufigen Sicherheitsl\u00fccken in Smart Buildings. Dass \u00absmart\u00bb definitiv nicht automatisch \u00absicher\u00bb bedeutet, ist mittlerweile weit \u00fcber die Branche hinaus bekannt. Im Gegenteil, die Vernetzung schafft immer neue, teils sogar bisher v\u00f6llig unbekannte Risiken, wie [&hellip;]<\/p>\n","protected":false},"author":8,"featured_media":7489,"comment_status":"open","ping_status":"open","sticky":false,"template":"","format":"standard","meta":{"_acf_changed":false,"pgc_sgb_lightbox_settings":"","footnotes":""},"categories":[1],"tags":[109,136,444],"class_list":["post-7488","post","type-post","status-publish","format-standard","has-post-thumbnail","hentry","category-allgemein","tag-aus-und-weiterbildung","tag-gebaeudesicherheit","tag-gebaeudetechnik"],"acf":[],"hkrextid":null,"publication":null,"issue":null,"workflow":null,"startPage":null,"spitzmarke":null,"_posts_by_tag_page_fields":{"widget_title":"","widget_tags":""},"_at_widget":"1","_yoast_wpseo_primary_category":"1","_yoast_wpseo_focuskw_text_input":"Geb\u00e4udesysteme","_yoast_wpseo_opengraph-image":null,"_yoast_wpseo_opengraph-description":null,"_yoast_wpseo_opengraph-title":null,"enclosure":null,"_yoast_wpseo_twitter-title":null,"_yoast_wpseo_twitter-description":null,"_yoast_wpseo_twitter-image":null,"_wp_old_slug":null,"_yoast_wpseo_title":null,"_yoast_wpseo_canonical":null,"yoast_head":"<!-- This site is optimized with the Yoast SEO plugin v27.4 - https:\/\/yoast.com\/product\/yoast-seo-wordpress\/ -->\n<title>Geb\u00e4udesysteme: sichere Vernetzung vorantreiben - Save<\/title>\n<meta name=\"description\" content=\"Die Geb\u00e4udevernetzung birgt auch Sicherheitsl\u00fccken. Aus diesem Grund hat der VdS ein Anerkennungsverfahren f\u00fcr Smart-Building-Fachkr\u00e4fte erarbeitet.\" \/>\n<meta name=\"robots\" content=\"index, follow, max-snippet:-1, max-image-preview:large, max-video-preview:-1\" \/>\n<link rel=\"canonical\" href=\"https:\/\/news.save.ch\/de\/sichere-vernetzung-von-gebaeudesysteme-vorantreiben\/\" \/>\n<meta property=\"og:locale\" content=\"de_DE\" \/>\n<meta property=\"og:type\" content=\"article\" \/>\n<meta property=\"og:title\" content=\"Geb\u00e4udesysteme: sichere Vernetzung vorantreiben - Save\" \/>\n<meta property=\"og:description\" content=\"Die Geb\u00e4udevernetzung birgt auch Sicherheitsl\u00fccken. Aus diesem Grund hat der VdS ein Anerkennungsverfahren f\u00fcr Smart-Building-Fachkr\u00e4fte erarbeitet.\" \/>\n<meta property=\"og:url\" content=\"https:\/\/news.save.ch\/de\/sichere-vernetzung-von-gebaeudesysteme-vorantreiben\/\" \/>\n<meta property=\"og:site_name\" content=\"Save\" \/>\n<meta property=\"article:published_time\" content=\"2019-01-15T09:07:24+00:00\" \/>\n<meta property=\"og:image\" content=\"https:\/\/news.save.ch\/wp-content\/uploads\/2019\/01\/Depositphotos_126450158_s-2015.jpg\" \/>\n\t<meta property=\"og:image:width\" content=\"500\" \/>\n\t<meta property=\"og:image:height\" content=\"333\" \/>\n\t<meta property=\"og:image:type\" content=\"image\/jpeg\" \/>\n<meta name=\"author\" content=\"Roger Str\u00e4ssle\" \/>\n<meta name=\"twitter:card\" content=\"summary_large_image\" \/>\n<meta name=\"twitter:label1\" content=\"Geschrieben von\" \/>\n\t<meta name=\"twitter:data1\" content=\"Roger Str\u00e4ssle\" \/>\n\t<meta name=\"twitter:label2\" content=\"Gesch\u00e4tzte Lesezeit\" \/>\n\t<meta name=\"twitter:data2\" content=\"1\u00a0Minute\" \/>\n<script type=\"application\/ld+json\" class=\"yoast-schema-graph\">{\"@context\":\"https:\\\/\\\/schema.org\",\"@graph\":[{\"@type\":\"Article\",\"@id\":\"https:\\\/\\\/news.save.ch\\\/sichere-vernetzung-von-gebaeudesysteme-vorantreiben\\\/#article\",\"isPartOf\":{\"@id\":\"https:\\\/\\\/news.save.ch\\\/sichere-vernetzung-von-gebaeudesysteme-vorantreiben\\\/\"},\"author\":{\"name\":\"Roger Str\u00e4ssle\",\"@id\":\"https:\\\/\\\/news.save.ch\\\/de\\\/#\\\/schema\\\/person\\\/d5022db048e0e2b9785c50e5b24da5aa\"},\"headline\":\"Geb\u00e4udesysteme: sichere Vernetzung vorantreiben\",\"datePublished\":\"2019-01-15T09:07:24+00:00\",\"mainEntityOfPage\":{\"@id\":\"https:\\\/\\\/news.save.ch\\\/sichere-vernetzung-von-gebaeudesysteme-vorantreiben\\\/\"},\"wordCount\":211,\"commentCount\":0,\"publisher\":{\"@id\":\"https:\\\/\\\/news.save.ch\\\/de\\\/#organization\"},\"image\":{\"@id\":\"https:\\\/\\\/news.save.ch\\\/sichere-vernetzung-von-gebaeudesysteme-vorantreiben\\\/#primaryimage\"},\"thumbnailUrl\":\"https:\\\/\\\/news.save.ch\\\/wp-content\\\/uploads\\\/2019\\\/01\\\/Depositphotos_126450158_s-2015.jpg\",\"keywords\":[\"Aus- und Weiterbildung\",\"Geb\u00e4udesicherheit\",\"Geb\u00e4udetechnik\"],\"articleSection\":[\"ALLGEMEIN\"],\"inLanguage\":\"de\"},{\"@type\":\"WebPage\",\"@id\":\"https:\\\/\\\/news.save.ch\\\/sichere-vernetzung-von-gebaeudesysteme-vorantreiben\\\/\",\"url\":\"https:\\\/\\\/news.save.ch\\\/sichere-vernetzung-von-gebaeudesysteme-vorantreiben\\\/\",\"name\":\"Geb\u00e4udesysteme: sichere Vernetzung vorantreiben - Save\",\"isPartOf\":{\"@id\":\"https:\\\/\\\/news.save.ch\\\/de\\\/#website\"},\"primaryImageOfPage\":{\"@id\":\"https:\\\/\\\/news.save.ch\\\/sichere-vernetzung-von-gebaeudesysteme-vorantreiben\\\/#primaryimage\"},\"image\":{\"@id\":\"https:\\\/\\\/news.save.ch\\\/sichere-vernetzung-von-gebaeudesysteme-vorantreiben\\\/#primaryimage\"},\"thumbnailUrl\":\"https:\\\/\\\/news.save.ch\\\/wp-content\\\/uploads\\\/2019\\\/01\\\/Depositphotos_126450158_s-2015.jpg\",\"datePublished\":\"2019-01-15T09:07:24+00:00\",\"description\":\"Die Geb\u00e4udevernetzung birgt auch Sicherheitsl\u00fccken. Aus diesem Grund hat der VdS ein Anerkennungsverfahren f\u00fcr Smart-Building-Fachkr\u00e4fte erarbeitet.\",\"breadcrumb\":{\"@id\":\"https:\\\/\\\/news.save.ch\\\/sichere-vernetzung-von-gebaeudesysteme-vorantreiben\\\/#breadcrumb\"},\"inLanguage\":\"de\",\"potentialAction\":[{\"@type\":\"ReadAction\",\"target\":[\"https:\\\/\\\/news.save.ch\\\/sichere-vernetzung-von-gebaeudesysteme-vorantreiben\\\/\"]}]},{\"@type\":\"ImageObject\",\"inLanguage\":\"de\",\"@id\":\"https:\\\/\\\/news.save.ch\\\/sichere-vernetzung-von-gebaeudesysteme-vorantreiben\\\/#primaryimage\",\"url\":\"https:\\\/\\\/news.save.ch\\\/wp-content\\\/uploads\\\/2019\\\/01\\\/Depositphotos_126450158_s-2015.jpg\",\"contentUrl\":\"https:\\\/\\\/news.save.ch\\\/wp-content\\\/uploads\\\/2019\\\/01\\\/Depositphotos_126450158_s-2015.jpg\",\"width\":500,\"height\":333,\"caption\":\"\u00a9 depositphotos, aa-w\"},{\"@type\":\"BreadcrumbList\",\"@id\":\"https:\\\/\\\/news.save.ch\\\/sichere-vernetzung-von-gebaeudesysteme-vorantreiben\\\/#breadcrumb\",\"itemListElement\":[{\"@type\":\"ListItem\",\"position\":1,\"name\":\"Home\",\"item\":\"https:\\\/\\\/news.save.ch\\\/de\\\/\"},{\"@type\":\"ListItem\",\"position\":2,\"name\":\"Geb\u00e4udesysteme: sichere Vernetzung vorantreiben\"}]},{\"@type\":\"WebSite\",\"@id\":\"https:\\\/\\\/news.save.ch\\\/de\\\/#website\",\"url\":\"https:\\\/\\\/news.save.ch\\\/de\\\/\",\"name\":\"Save\",\"description\":\"Schweizer Fachzeitschrift f\u00fcr Sicherheit\",\"publisher\":{\"@id\":\"https:\\\/\\\/news.save.ch\\\/de\\\/#organization\"},\"potentialAction\":[{\"@type\":\"SearchAction\",\"target\":{\"@type\":\"EntryPoint\",\"urlTemplate\":\"https:\\\/\\\/news.save.ch\\\/de\\\/?s={search_term_string}\"},\"query-input\":{\"@type\":\"PropertyValueSpecification\",\"valueRequired\":true,\"valueName\":\"search_term_string\"}}],\"inLanguage\":\"de\"},{\"@type\":\"Organization\",\"@id\":\"https:\\\/\\\/news.save.ch\\\/de\\\/#organization\",\"name\":\"Sicherheitsforum\",\"url\":\"https:\\\/\\\/news.save.ch\\\/de\\\/\",\"logo\":{\"@type\":\"ImageObject\",\"inLanguage\":\"de\",\"@id\":\"https:\\\/\\\/news.save.ch\\\/de\\\/#\\\/schema\\\/logo\\\/image\\\/\",\"url\":\"https:\\\/\\\/news.save.ch\\\/wp-content\\\/uploads\\\/2022\\\/06\\\/Logo_SF_2012.png\",\"contentUrl\":\"https:\\\/\\\/news.save.ch\\\/wp-content\\\/uploads\\\/2022\\\/06\\\/Logo_SF_2012.png\",\"width\":1100,\"height\":91,\"caption\":\"Sicherheitsforum\"},\"image\":{\"@id\":\"https:\\\/\\\/news.save.ch\\\/de\\\/#\\\/schema\\\/logo\\\/image\\\/\"}},{\"@type\":\"Person\",\"@id\":\"https:\\\/\\\/news.save.ch\\\/de\\\/#\\\/schema\\\/person\\\/d5022db048e0e2b9785c50e5b24da5aa\",\"name\":\"Roger Str\u00e4ssle\",\"image\":{\"@type\":\"ImageObject\",\"inLanguage\":\"de\",\"@id\":\"https:\\\/\\\/secure.gravatar.com\\\/avatar\\\/862a5569d087de48e5856e32f45d719a03804c891d6deb8d4f71a660e79e4a47?s=96&d=mm&r=g\",\"url\":\"https:\\\/\\\/secure.gravatar.com\\\/avatar\\\/862a5569d087de48e5856e32f45d719a03804c891d6deb8d4f71a660e79e4a47?s=96&d=mm&r=g\",\"contentUrl\":\"https:\\\/\\\/secure.gravatar.com\\\/avatar\\\/862a5569d087de48e5856e32f45d719a03804c891d6deb8d4f71a660e79e4a47?s=96&d=mm&r=g\",\"caption\":\"Roger Str\u00e4ssle\"},\"url\":\"https:\\\/\\\/news.save.ch\\\/de\\\/author\\\/roger-straessle\\\/\"}]}<\/script>\n<!-- \/ Yoast SEO plugin. -->","yoast_head_json":{"title":"Geb\u00e4udesysteme: sichere Vernetzung vorantreiben - Save","description":"Die Geb\u00e4udevernetzung birgt auch Sicherheitsl\u00fccken. Aus diesem Grund hat der VdS ein Anerkennungsverfahren f\u00fcr Smart-Building-Fachkr\u00e4fte erarbeitet.","robots":{"index":"index","follow":"follow","max-snippet":"max-snippet:-1","max-image-preview":"max-image-preview:large","max-video-preview":"max-video-preview:-1"},"canonical":"https:\/\/news.save.ch\/de\/sichere-vernetzung-von-gebaeudesysteme-vorantreiben\/","og_locale":"de_DE","og_type":"article","og_title":"Geb\u00e4udesysteme: sichere Vernetzung vorantreiben - Save","og_description":"Die Geb\u00e4udevernetzung birgt auch Sicherheitsl\u00fccken. Aus diesem Grund hat der VdS ein Anerkennungsverfahren f\u00fcr Smart-Building-Fachkr\u00e4fte erarbeitet.","og_url":"https:\/\/news.save.ch\/de\/sichere-vernetzung-von-gebaeudesysteme-vorantreiben\/","og_site_name":"Save","article_published_time":"2019-01-15T09:07:24+00:00","og_image":[{"width":500,"height":333,"url":"https:\/\/news.save.ch\/wp-content\/uploads\/2019\/01\/Depositphotos_126450158_s-2015.jpg","type":"image\/jpeg"}],"author":"Roger Str\u00e4ssle","twitter_card":"summary_large_image","twitter_misc":{"Geschrieben von":"Roger Str\u00e4ssle","Gesch\u00e4tzte Lesezeit":"1\u00a0Minute"},"schema":{"@context":"https:\/\/schema.org","@graph":[{"@type":"Article","@id":"https:\/\/news.save.ch\/sichere-vernetzung-von-gebaeudesysteme-vorantreiben\/#article","isPartOf":{"@id":"https:\/\/news.save.ch\/sichere-vernetzung-von-gebaeudesysteme-vorantreiben\/"},"author":{"name":"Roger Str\u00e4ssle","@id":"https:\/\/news.save.ch\/de\/#\/schema\/person\/d5022db048e0e2b9785c50e5b24da5aa"},"headline":"Geb\u00e4udesysteme: sichere Vernetzung vorantreiben","datePublished":"2019-01-15T09:07:24+00:00","mainEntityOfPage":{"@id":"https:\/\/news.save.ch\/sichere-vernetzung-von-gebaeudesysteme-vorantreiben\/"},"wordCount":211,"commentCount":0,"publisher":{"@id":"https:\/\/news.save.ch\/de\/#organization"},"image":{"@id":"https:\/\/news.save.ch\/sichere-vernetzung-von-gebaeudesysteme-vorantreiben\/#primaryimage"},"thumbnailUrl":"https:\/\/news.save.ch\/wp-content\/uploads\/2019\/01\/Depositphotos_126450158_s-2015.jpg","keywords":["Aus- und Weiterbildung","Geb\u00e4udesicherheit","Geb\u00e4udetechnik"],"articleSection":["ALLGEMEIN"],"inLanguage":"de"},{"@type":"WebPage","@id":"https:\/\/news.save.ch\/sichere-vernetzung-von-gebaeudesysteme-vorantreiben\/","url":"https:\/\/news.save.ch\/sichere-vernetzung-von-gebaeudesysteme-vorantreiben\/","name":"Geb\u00e4udesysteme: sichere Vernetzung vorantreiben - Save","isPartOf":{"@id":"https:\/\/news.save.ch\/de\/#website"},"primaryImageOfPage":{"@id":"https:\/\/news.save.ch\/sichere-vernetzung-von-gebaeudesysteme-vorantreiben\/#primaryimage"},"image":{"@id":"https:\/\/news.save.ch\/sichere-vernetzung-von-gebaeudesysteme-vorantreiben\/#primaryimage"},"thumbnailUrl":"https:\/\/news.save.ch\/wp-content\/uploads\/2019\/01\/Depositphotos_126450158_s-2015.jpg","datePublished":"2019-01-15T09:07:24+00:00","description":"Die Geb\u00e4udevernetzung birgt auch Sicherheitsl\u00fccken. Aus diesem Grund hat der VdS ein Anerkennungsverfahren f\u00fcr Smart-Building-Fachkr\u00e4fte erarbeitet.","breadcrumb":{"@id":"https:\/\/news.save.ch\/sichere-vernetzung-von-gebaeudesysteme-vorantreiben\/#breadcrumb"},"inLanguage":"de","potentialAction":[{"@type":"ReadAction","target":["https:\/\/news.save.ch\/sichere-vernetzung-von-gebaeudesysteme-vorantreiben\/"]}]},{"@type":"ImageObject","inLanguage":"de","@id":"https:\/\/news.save.ch\/sichere-vernetzung-von-gebaeudesysteme-vorantreiben\/#primaryimage","url":"https:\/\/news.save.ch\/wp-content\/uploads\/2019\/01\/Depositphotos_126450158_s-2015.jpg","contentUrl":"https:\/\/news.save.ch\/wp-content\/uploads\/2019\/01\/Depositphotos_126450158_s-2015.jpg","width":500,"height":333,"caption":"\u00a9 depositphotos, aa-w"},{"@type":"BreadcrumbList","@id":"https:\/\/news.save.ch\/sichere-vernetzung-von-gebaeudesysteme-vorantreiben\/#breadcrumb","itemListElement":[{"@type":"ListItem","position":1,"name":"Home","item":"https:\/\/news.save.ch\/de\/"},{"@type":"ListItem","position":2,"name":"Geb\u00e4udesysteme: sichere Vernetzung vorantreiben"}]},{"@type":"WebSite","@id":"https:\/\/news.save.ch\/de\/#website","url":"https:\/\/news.save.ch\/de\/","name":"Save","description":"Schweizer Fachzeitschrift f\u00fcr Sicherheit","publisher":{"@id":"https:\/\/news.save.ch\/de\/#organization"},"potentialAction":[{"@type":"SearchAction","target":{"@type":"EntryPoint","urlTemplate":"https:\/\/news.save.ch\/de\/?s={search_term_string}"},"query-input":{"@type":"PropertyValueSpecification","valueRequired":true,"valueName":"search_term_string"}}],"inLanguage":"de"},{"@type":"Organization","@id":"https:\/\/news.save.ch\/de\/#organization","name":"Sicherheitsforum","url":"https:\/\/news.save.ch\/de\/","logo":{"@type":"ImageObject","inLanguage":"de","@id":"https:\/\/news.save.ch\/de\/#\/schema\/logo\/image\/","url":"https:\/\/news.save.ch\/wp-content\/uploads\/2022\/06\/Logo_SF_2012.png","contentUrl":"https:\/\/news.save.ch\/wp-content\/uploads\/2022\/06\/Logo_SF_2012.png","width":1100,"height":91,"caption":"Sicherheitsforum"},"image":{"@id":"https:\/\/news.save.ch\/de\/#\/schema\/logo\/image\/"}},{"@type":"Person","@id":"https:\/\/news.save.ch\/de\/#\/schema\/person\/d5022db048e0e2b9785c50e5b24da5aa","name":"Roger Str\u00e4ssle","image":{"@type":"ImageObject","inLanguage":"de","@id":"https:\/\/secure.gravatar.com\/avatar\/862a5569d087de48e5856e32f45d719a03804c891d6deb8d4f71a660e79e4a47?s=96&d=mm&r=g","url":"https:\/\/secure.gravatar.com\/avatar\/862a5569d087de48e5856e32f45d719a03804c891d6deb8d4f71a660e79e4a47?s=96&d=mm&r=g","contentUrl":"https:\/\/secure.gravatar.com\/avatar\/862a5569d087de48e5856e32f45d719a03804c891d6deb8d4f71a660e79e4a47?s=96&d=mm&r=g","caption":"Roger Str\u00e4ssle"},"url":"https:\/\/news.save.ch\/de\/author\/roger-straessle\/"}]}},"_links":{"self":[{"href":"https:\/\/news.save.ch\/de\/wp-json\/wp\/v2\/posts\/7488","targetHints":{"allow":["GET"]}}],"collection":[{"href":"https:\/\/news.save.ch\/de\/wp-json\/wp\/v2\/posts"}],"about":[{"href":"https:\/\/news.save.ch\/de\/wp-json\/wp\/v2\/types\/post"}],"author":[{"embeddable":true,"href":"https:\/\/news.save.ch\/de\/wp-json\/wp\/v2\/users\/8"}],"replies":[{"embeddable":true,"href":"https:\/\/news.save.ch\/de\/wp-json\/wp\/v2\/comments?post=7488"}],"version-history":[{"count":0,"href":"https:\/\/news.save.ch\/de\/wp-json\/wp\/v2\/posts\/7488\/revisions"}],"wp:featuredmedia":[{"embeddable":true,"href":"https:\/\/news.save.ch\/de\/wp-json\/wp\/v2\/media\/7489"}],"wp:attachment":[{"href":"https:\/\/news.save.ch\/de\/wp-json\/wp\/v2\/media?parent=7488"}],"wp:term":[{"taxonomy":"category","embeddable":true,"href":"https:\/\/news.save.ch\/de\/wp-json\/wp\/v2\/categories?post=7488"},{"taxonomy":"post_tag","embeddable":true,"href":"https:\/\/news.save.ch\/de\/wp-json\/wp\/v2\/tags?post=7488"}],"curies":[{"name":"wp","href":"https:\/\/api.w.org\/{rel}","templated":true}]}}