{"id":7513,"date":"2019-01-24T16:11:37","date_gmt":"2019-01-24T15:11:37","guid":{"rendered":"https:\/\/news.save.ch\/?p=7513"},"modified":"2019-01-24T16:11:37","modified_gmt":"2019-01-24T15:11:37","slug":"ausgezeichnete-brandschutzprodukte-2","status":null,"type":"post","link":"https:\/\/news.save.ch\/de\/ausgezeichnete-brandschutzprodukte-2\/","title":{"rendered":"Ausgezeichnete Brandschutzprodukte"},"content":{"rendered":"<figure id=\"attachment_7514\" aria-describedby=\"caption-attachment-7514\" style=\"width: 269px\" class=\"wp-caption alignleft\"><img loading=\"lazy\" decoding=\"async\" class=\" wp-image-7514\" src=\"https:\/\/news.save.ch\/wp-content\/uploads\/2019\/01\/Brandschutz.gif\" alt=\"\" width=\"269\" height=\"200\" srcset=\"https:\/\/news.save.ch\/wp-content\/uploads\/2019\/01\/Brandschutz.gif 422w, https:\/\/news.save.ch\/wp-content\/uploads\/2019\/01\/Brandschutz-375x279.gif 375w\" sizes=\"auto, (max-width: 269px) 100vw, 269px\" \/><figcaption id=\"caption-attachment-7514\" class=\"wp-caption-text\">\u00a9 FeuerTrutz Network<\/figcaption><\/figure>\n<p>Zum neunten Mal pr\u00e4miert <a href=\"https:\/\/www.feuertrutz.de\/brandschutz-des-jahres-2019-produkte\/150\/65878\/\">FeuerTrutz Network<\/a> die beliebtesten Produkte im Brandschutz mit der Auszeichnung &#8222;Produkt des Jahres&#8220;. Die Bestplatzierten und Gewinner wurden zu gleichen Teilen aus der Bewertung einer Fachjury und dem Ergebnis aus einer Online-Abstimmung unter Kunden von FeuerTrutz Network ermittelt.<\/p>\n<h2>Anlagentechnischer Brandschutz<\/h2>\n<p>Das Brandschutzprodukt des Jahres in der Kategorie \u201eAnlagentechnischer Brandschutz\u201c ist die \u201eSmokeTab\u201c-Brandmeldeanlage der Alarmtab GmbH. Gem\u00e4ss Herstellerangaben handelt es sich um die erste vollst\u00e4ndig digital arbeitende Anlage mit individueller Grundrissansicht. Auf dem Display der Zentrale k\u00f6nnen eigene Grundrissansichten \u00fcber mehrere Etagen angelegt und Rauchmelder mit individueller Beschreibung angezeigt werden. Bei Alarm wird im Display angezeigt, in welcher Etage und in welchem Raum Alarm ausgel\u00f6st wurde. Zus\u00e4tzlich kann eine Benachrichtigung mit diesen Informationen per Anruf, E-Mail und SMS erfolgen. Optional stehen Klartext-Alarmlautsprecher mit individuellen Verhaltensanweisungen und Sirenenton zur Verf\u00fcgung.<\/p>\n<p>\u00dcber die integrierte Smart-Home-Steuerung k\u00f6nnen Feuerschutzt\u00fcren, Sirenen, Rauchabzugsanlagen usw. automatisch oder per Internet gesteuert werden. Der Nutzer kann \u00fcber Smartphone und PC jederzeit auf seine Anlage zwecks Kontrolle und Steuerung zugreifen. Die LTE-Funknetzverbindung sichert parallel zur Wlan-Anbindung die Kommunikation mit der Aussenwelt ab. Das System ist aber auch lokal ohne Anbindung ans Internet voll funktionsf\u00e4hig.<\/p>\n<p><em>Platzierungen auf der Shortlist erreichten gem\u00e4ss Jury zudem: Daitem Funk-Brandwarnanlage Beka von der Atral-Secal GmbH, Genius Port von der Hekatron Vertriebs GmbH<\/em><\/p>\n<h2>Baulicher Brandschutz<\/h2>\n<p>Jury und Leser k\u00fcrten im baulichen Brandschutz den Pyroment-EK, E-Kanal f\u00fcr den Funktionserhalt elektrischer Leitungen E30\u2013E90 von der G+H Isolierung GmbH zum Produkt des Jahres. Der Kanal ist nach DIN 4102-12 gepr\u00fcft, das abP P-MPA-E-18-008 bescheinigt die Funktionserhaltsklassen E30\u2013E90.<\/p>\n<p><em>Systemaufbau:<\/em> Der Blechkanal aussen erlaubt laut Hersteller eine einfache und schnelle Montage, bietet dauerhaften Schutz gegen mechanische Einfl\u00fcsse sowie im Aussenbereich gegen Regen, Frost und UV-Strahlung. Brandschutzgewebe und -platten werden lediglich lose eingelegt bzw. eingestellt, ohne Verkleben, Klammern oder Verschrauben. Leitungen k\u00f6nnen direkt auf die Brandschutzplatten gelegt, der Kanal kann ohne Unterbrechung durch die Wand gef\u00fchrt werden.<\/p>\n<p><em>Platzierungen auf der Shortlist erreichten zudem:<\/em> <em>Knauf MP 75 L Fire von der Knauf Gips KG, Kombischott ZZ-Steine 200 BDS-N von der Zapp-Zimmermann GmbH<\/em><\/p>\n<h2>Organisatorischer Brandschutz<\/h2>\n<p>Das Themis, Version v5, von Grid-IT GmbH ist der Sieger in der Rubrik organisatorischer Brandschutz. Es handelt sich um eine Software f\u00fcr effiziente, planbasierte Datenerfassung und l\u00fcckenlose Dokumentation. Mit der Software auf dem Tablet-PC werden gem\u00e4ss Herstellerangaben schon bei der Begehung unbegrenzt Gegenst\u00e4nde und Bauteile mit den hinterlegten Kontrollen und festgestellten M\u00e4ngeln dokumentiert. Fotos und Sprachaufzeichnungen werden automatisch verkn\u00fcpft, frei definierbare Textbausteine bieten die M\u00f6glichkeit, per Knopfdruck eigene Formulierungen zu \u00fcbernehmen. Die L\u00f6sung integriert das nach der Erfassung erforderliche Prozessmanagement und bindet Systeme wie SAP, Kyberna oder andere einfache Schnittstellen an. Aufgaben k\u00f6nnen per E-Mail verteilt werden, die Erledigt-Meldung kann per E-Mail direkt aus dem System zur\u00fcckgesendet werden, bei Bedarf mit Foto. Der Themis-Projektmanager hilft, die \u00dcbersicht \u00fcber eine Vielzahl von Projekten zu behalten. Neue Vorlagen auf alle Projekte anwenden, Auswertungen und Statistiken \u00fcber die ausgew\u00e4hlten Projekte erstellen oder zusammenfassende Berichte ausgeben \u2013 das sind nur einige Funktionen des Projektmanagers. Begehungen, die mit einem mobilen Ger\u00e4t dokumentiert wurden, k\u00f6nnen per Knopfdruck exportiert und in das Hauptprojekt eingespielt werden. Umgekehrt k\u00f6nnen ausgew\u00e4hlte Kontrollen aus dem Hauptprojekt mit wenigen Klicks exportiert und an die mobilen Ger\u00e4te zur Bearbeitung geschickt werden.<\/p>\n<p>Die Software kombiniert laut Hersteller auf diese Weise die Vorteile der Onlinesysteme mit der Sicherheit, dass die Daten der Anwender nie ihre Hand verlassen und auf fremden Servern gespeichert werden.<\/p>\n<p><em>Eine Platzierung auf der Shortlist in dieser Kategorie erreichte zudem Kevox Stock von Kevox.<\/em><\/p>\n<p><em>Quelle: Feuertrutz<\/em><\/p>\n<p><em><a href=\"https:\/\/news.save.ch\/ausgezeichnete-brandschutzprodukte\/\">Hier geht es zu den Siegern des Jahres 2018.<\/a><\/em><\/p>\n","protected":false},"excerpt":{"rendered":"<p>Zum neunten Mal pr\u00e4miert FeuerTrutz Network die beliebtesten Produkte im Brandschutz mit der Auszeichnung &#8222;Produkt des Jahres&#8220;. Die Bestplatzierten und Gewinner wurden zu gleichen Teilen aus der Bewertung einer Fachjury und dem Ergebnis aus einer Online-Abstimmung unter Kunden von FeuerTrutz Network ermittelt. Anlagentechnischer Brandschutz Das Brandschutzprodukt des Jahres in der Kategorie \u201eAnlagentechnischer Brandschutz\u201c ist die [&hellip;]<\/p>\n","protected":false},"author":8,"featured_media":7514,"comment_status":"open","ping_status":"open","sticky":false,"template":"","format":"standard","meta":{"_acf_changed":false,"pgc_sgb_lightbox_settings":"","footnotes":""},"categories":[67],"tags":[156,65],"class_list":["post-7513","post","type-post","status-publish","format-standard","has-post-thumbnail","hentry","category-brandschutz","tag-brandschutz","tag-unternehmen"],"acf":[],"hkrextid":null,"publication":null,"issue":null,"workflow":null,"startPage":null,"spitzmarke":null,"_posts_by_tag_page_fields":{"widget_title":"","widget_tags":""},"_at_widget":"1","_yoast_wpseo_primary_category":"4","_yoast_wpseo_focuskw_text_input":"Brandschutzprodukte","_yoast_wpseo_opengraph-image":null,"_yoast_wpseo_opengraph-description":null,"_yoast_wpseo_opengraph-title":null,"enclosure":null,"_yoast_wpseo_twitter-title":null,"_yoast_wpseo_twitter-description":null,"_yoast_wpseo_twitter-image":null,"_wp_old_slug":null,"_yoast_wpseo_title":null,"_yoast_wpseo_canonical":null,"yoast_head":"<!-- This site is optimized with the Yoast SEO plugin v27.5 - https:\/\/yoast.com\/product\/yoast-seo-wordpress\/ -->\n<title>Ausgezeichnete Brandschutzprodukte - Save<\/title>\n<meta name=\"description\" content=\"Die Sieger der Brandschutz-Auszeichnung &quot;Produkt des Jahres 2019&quot; von FeuerTrutz stehen fest. Pr\u00e4miert wurde in drei Kategorien.\" \/>\n<meta name=\"robots\" content=\"index, follow, max-snippet:-1, max-image-preview:large, max-video-preview:-1\" \/>\n<link rel=\"canonical\" href=\"https:\/\/news.save.ch\/de\/ausgezeichnete-brandschutzprodukte-2\/\" \/>\n<meta property=\"og:locale\" content=\"de_DE\" \/>\n<meta property=\"og:type\" content=\"article\" \/>\n<meta property=\"og:title\" content=\"Ausgezeichnete Brandschutzprodukte - Save\" \/>\n<meta property=\"og:description\" content=\"Die Sieger der Brandschutz-Auszeichnung &quot;Produkt des Jahres 2019&quot; von FeuerTrutz stehen fest. Pr\u00e4miert wurde in drei Kategorien.\" \/>\n<meta property=\"og:url\" content=\"https:\/\/news.save.ch\/de\/ausgezeichnete-brandschutzprodukte-2\/\" \/>\n<meta property=\"og:site_name\" content=\"Save\" \/>\n<meta property=\"article:published_time\" content=\"2019-01-24T15:11:37+00:00\" \/>\n<meta property=\"og:image\" content=\"https:\/\/news.save.ch\/wp-content\/uploads\/2019\/01\/Brandschutz.gif\" \/>\n\t<meta property=\"og:image:width\" content=\"422\" \/>\n\t<meta property=\"og:image:height\" content=\"314\" \/>\n\t<meta property=\"og:image:type\" content=\"image\/gif\" \/>\n<meta name=\"author\" content=\"Roger Str\u00e4ssle\" \/>\n<meta name=\"twitter:card\" content=\"summary_large_image\" \/>\n<meta name=\"twitter:label1\" content=\"Geschrieben von\" \/>\n\t<meta name=\"twitter:data1\" content=\"Roger Str\u00e4ssle\" \/>\n\t<meta name=\"twitter:label2\" content=\"Gesch\u00e4tzte Lesezeit\" \/>\n\t<meta name=\"twitter:data2\" content=\"3\u00a0Minuten\" \/>\n<script type=\"application\/ld+json\" class=\"yoast-schema-graph\">{\"@context\":\"https:\\\/\\\/schema.org\",\"@graph\":[{\"@type\":\"Article\",\"@id\":\"https:\\\/\\\/news.save.ch\\\/ausgezeichnete-brandschutzprodukte-2\\\/#article\",\"isPartOf\":{\"@id\":\"https:\\\/\\\/news.save.ch\\\/ausgezeichnete-brandschutzprodukte-2\\\/\"},\"author\":{\"name\":\"Roger Str\u00e4ssle\",\"@id\":\"https:\\\/\\\/news.save.ch\\\/de\\\/#\\\/schema\\\/person\\\/d5022db048e0e2b9785c50e5b24da5aa\"},\"headline\":\"Ausgezeichnete Brandschutzprodukte\",\"datePublished\":\"2019-01-24T15:11:37+00:00\",\"mainEntityOfPage\":{\"@id\":\"https:\\\/\\\/news.save.ch\\\/ausgezeichnete-brandschutzprodukte-2\\\/\"},\"wordCount\":621,\"commentCount\":0,\"publisher\":{\"@id\":\"https:\\\/\\\/news.save.ch\\\/de\\\/#organization\"},\"image\":{\"@id\":\"https:\\\/\\\/news.save.ch\\\/ausgezeichnete-brandschutzprodukte-2\\\/#primaryimage\"},\"thumbnailUrl\":\"https:\\\/\\\/news.save.ch\\\/wp-content\\\/uploads\\\/2019\\\/01\\\/Brandschutz.gif\",\"keywords\":[\"Brandschutz\",\"Unternehmen\"],\"articleSection\":[\"BRANDSCHUTZ\"],\"inLanguage\":\"de\"},{\"@type\":\"WebPage\",\"@id\":\"https:\\\/\\\/news.save.ch\\\/ausgezeichnete-brandschutzprodukte-2\\\/\",\"url\":\"https:\\\/\\\/news.save.ch\\\/ausgezeichnete-brandschutzprodukte-2\\\/\",\"name\":\"Ausgezeichnete Brandschutzprodukte - Save\",\"isPartOf\":{\"@id\":\"https:\\\/\\\/news.save.ch\\\/de\\\/#website\"},\"primaryImageOfPage\":{\"@id\":\"https:\\\/\\\/news.save.ch\\\/ausgezeichnete-brandschutzprodukte-2\\\/#primaryimage\"},\"image\":{\"@id\":\"https:\\\/\\\/news.save.ch\\\/ausgezeichnete-brandschutzprodukte-2\\\/#primaryimage\"},\"thumbnailUrl\":\"https:\\\/\\\/news.save.ch\\\/wp-content\\\/uploads\\\/2019\\\/01\\\/Brandschutz.gif\",\"datePublished\":\"2019-01-24T15:11:37+00:00\",\"description\":\"Die Sieger der Brandschutz-Auszeichnung \\\"Produkt des Jahres 2019\\\" von FeuerTrutz stehen fest. Pr\u00e4miert wurde in drei Kategorien.\",\"breadcrumb\":{\"@id\":\"https:\\\/\\\/news.save.ch\\\/ausgezeichnete-brandschutzprodukte-2\\\/#breadcrumb\"},\"inLanguage\":\"de\",\"potentialAction\":[{\"@type\":\"ReadAction\",\"target\":[\"https:\\\/\\\/news.save.ch\\\/ausgezeichnete-brandschutzprodukte-2\\\/\"]}]},{\"@type\":\"ImageObject\",\"inLanguage\":\"de\",\"@id\":\"https:\\\/\\\/news.save.ch\\\/ausgezeichnete-brandschutzprodukte-2\\\/#primaryimage\",\"url\":\"https:\\\/\\\/news.save.ch\\\/wp-content\\\/uploads\\\/2019\\\/01\\\/Brandschutz.gif\",\"contentUrl\":\"https:\\\/\\\/news.save.ch\\\/wp-content\\\/uploads\\\/2019\\\/01\\\/Brandschutz.gif\",\"width\":422,\"height\":314,\"caption\":\"\u00a9 FeuerTrutz Network\"},{\"@type\":\"BreadcrumbList\",\"@id\":\"https:\\\/\\\/news.save.ch\\\/ausgezeichnete-brandschutzprodukte-2\\\/#breadcrumb\",\"itemListElement\":[{\"@type\":\"ListItem\",\"position\":1,\"name\":\"Home\",\"item\":\"https:\\\/\\\/news.save.ch\\\/de\\\/\"},{\"@type\":\"ListItem\",\"position\":2,\"name\":\"Ausgezeichnete Brandschutzprodukte\"}]},{\"@type\":\"WebSite\",\"@id\":\"https:\\\/\\\/news.save.ch\\\/de\\\/#website\",\"url\":\"https:\\\/\\\/news.save.ch\\\/de\\\/\",\"name\":\"Save\",\"description\":\"Schweizer Fachzeitschrift f\u00fcr Sicherheit\",\"publisher\":{\"@id\":\"https:\\\/\\\/news.save.ch\\\/de\\\/#organization\"},\"potentialAction\":[{\"@type\":\"SearchAction\",\"target\":{\"@type\":\"EntryPoint\",\"urlTemplate\":\"https:\\\/\\\/news.save.ch\\\/de\\\/?s={search_term_string}\"},\"query-input\":{\"@type\":\"PropertyValueSpecification\",\"valueRequired\":true,\"valueName\":\"search_term_string\"}}],\"inLanguage\":\"de\"},{\"@type\":\"Organization\",\"@id\":\"https:\\\/\\\/news.save.ch\\\/de\\\/#organization\",\"name\":\"Sicherheitsforum\",\"url\":\"https:\\\/\\\/news.save.ch\\\/de\\\/\",\"logo\":{\"@type\":\"ImageObject\",\"inLanguage\":\"de\",\"@id\":\"https:\\\/\\\/news.save.ch\\\/de\\\/#\\\/schema\\\/logo\\\/image\\\/\",\"url\":\"https:\\\/\\\/news.save.ch\\\/wp-content\\\/uploads\\\/2022\\\/06\\\/Logo_SF_2012.png\",\"contentUrl\":\"https:\\\/\\\/news.save.ch\\\/wp-content\\\/uploads\\\/2022\\\/06\\\/Logo_SF_2012.png\",\"width\":1100,\"height\":91,\"caption\":\"Sicherheitsforum\"},\"image\":{\"@id\":\"https:\\\/\\\/news.save.ch\\\/de\\\/#\\\/schema\\\/logo\\\/image\\\/\"}},{\"@type\":\"Person\",\"@id\":\"https:\\\/\\\/news.save.ch\\\/de\\\/#\\\/schema\\\/person\\\/d5022db048e0e2b9785c50e5b24da5aa\",\"name\":\"Roger Str\u00e4ssle\",\"image\":{\"@type\":\"ImageObject\",\"inLanguage\":\"de\",\"@id\":\"https:\\\/\\\/secure.gravatar.com\\\/avatar\\\/862a5569d087de48e5856e32f45d719a03804c891d6deb8d4f71a660e79e4a47?s=96&d=mm&r=g\",\"url\":\"https:\\\/\\\/secure.gravatar.com\\\/avatar\\\/862a5569d087de48e5856e32f45d719a03804c891d6deb8d4f71a660e79e4a47?s=96&d=mm&r=g\",\"contentUrl\":\"https:\\\/\\\/secure.gravatar.com\\\/avatar\\\/862a5569d087de48e5856e32f45d719a03804c891d6deb8d4f71a660e79e4a47?s=96&d=mm&r=g\",\"caption\":\"Roger Str\u00e4ssle\"},\"url\":\"https:\\\/\\\/news.save.ch\\\/de\\\/author\\\/roger-straessle\\\/\"}]}<\/script>\n<!-- \/ Yoast SEO plugin. -->","yoast_head_json":{"title":"Ausgezeichnete Brandschutzprodukte - Save","description":"Die Sieger der Brandschutz-Auszeichnung \"Produkt des Jahres 2019\" von FeuerTrutz stehen fest. Pr\u00e4miert wurde in drei Kategorien.","robots":{"index":"index","follow":"follow","max-snippet":"max-snippet:-1","max-image-preview":"max-image-preview:large","max-video-preview":"max-video-preview:-1"},"canonical":"https:\/\/news.save.ch\/de\/ausgezeichnete-brandschutzprodukte-2\/","og_locale":"de_DE","og_type":"article","og_title":"Ausgezeichnete Brandschutzprodukte - Save","og_description":"Die Sieger der Brandschutz-Auszeichnung \"Produkt des Jahres 2019\" von FeuerTrutz stehen fest. Pr\u00e4miert wurde in drei Kategorien.","og_url":"https:\/\/news.save.ch\/de\/ausgezeichnete-brandschutzprodukte-2\/","og_site_name":"Save","article_published_time":"2019-01-24T15:11:37+00:00","og_image":[{"width":422,"height":314,"url":"https:\/\/news.save.ch\/wp-content\/uploads\/2019\/01\/Brandschutz.gif","type":"image\/gif"}],"author":"Roger Str\u00e4ssle","twitter_card":"summary_large_image","twitter_misc":{"Geschrieben von":"Roger Str\u00e4ssle","Gesch\u00e4tzte Lesezeit":"3\u00a0Minuten"},"schema":{"@context":"https:\/\/schema.org","@graph":[{"@type":"Article","@id":"https:\/\/news.save.ch\/ausgezeichnete-brandschutzprodukte-2\/#article","isPartOf":{"@id":"https:\/\/news.save.ch\/ausgezeichnete-brandschutzprodukte-2\/"},"author":{"name":"Roger Str\u00e4ssle","@id":"https:\/\/news.save.ch\/de\/#\/schema\/person\/d5022db048e0e2b9785c50e5b24da5aa"},"headline":"Ausgezeichnete Brandschutzprodukte","datePublished":"2019-01-24T15:11:37+00:00","mainEntityOfPage":{"@id":"https:\/\/news.save.ch\/ausgezeichnete-brandschutzprodukte-2\/"},"wordCount":621,"commentCount":0,"publisher":{"@id":"https:\/\/news.save.ch\/de\/#organization"},"image":{"@id":"https:\/\/news.save.ch\/ausgezeichnete-brandschutzprodukte-2\/#primaryimage"},"thumbnailUrl":"https:\/\/news.save.ch\/wp-content\/uploads\/2019\/01\/Brandschutz.gif","keywords":["Brandschutz","Unternehmen"],"articleSection":["BRANDSCHUTZ"],"inLanguage":"de"},{"@type":"WebPage","@id":"https:\/\/news.save.ch\/ausgezeichnete-brandschutzprodukte-2\/","url":"https:\/\/news.save.ch\/ausgezeichnete-brandschutzprodukte-2\/","name":"Ausgezeichnete Brandschutzprodukte - Save","isPartOf":{"@id":"https:\/\/news.save.ch\/de\/#website"},"primaryImageOfPage":{"@id":"https:\/\/news.save.ch\/ausgezeichnete-brandschutzprodukte-2\/#primaryimage"},"image":{"@id":"https:\/\/news.save.ch\/ausgezeichnete-brandschutzprodukte-2\/#primaryimage"},"thumbnailUrl":"https:\/\/news.save.ch\/wp-content\/uploads\/2019\/01\/Brandschutz.gif","datePublished":"2019-01-24T15:11:37+00:00","description":"Die Sieger der Brandschutz-Auszeichnung \"Produkt des Jahres 2019\" von FeuerTrutz stehen fest. Pr\u00e4miert wurde in drei Kategorien.","breadcrumb":{"@id":"https:\/\/news.save.ch\/ausgezeichnete-brandschutzprodukte-2\/#breadcrumb"},"inLanguage":"de","potentialAction":[{"@type":"ReadAction","target":["https:\/\/news.save.ch\/ausgezeichnete-brandschutzprodukte-2\/"]}]},{"@type":"ImageObject","inLanguage":"de","@id":"https:\/\/news.save.ch\/ausgezeichnete-brandschutzprodukte-2\/#primaryimage","url":"https:\/\/news.save.ch\/wp-content\/uploads\/2019\/01\/Brandschutz.gif","contentUrl":"https:\/\/news.save.ch\/wp-content\/uploads\/2019\/01\/Brandschutz.gif","width":422,"height":314,"caption":"\u00a9 FeuerTrutz Network"},{"@type":"BreadcrumbList","@id":"https:\/\/news.save.ch\/ausgezeichnete-brandschutzprodukte-2\/#breadcrumb","itemListElement":[{"@type":"ListItem","position":1,"name":"Home","item":"https:\/\/news.save.ch\/de\/"},{"@type":"ListItem","position":2,"name":"Ausgezeichnete Brandschutzprodukte"}]},{"@type":"WebSite","@id":"https:\/\/news.save.ch\/de\/#website","url":"https:\/\/news.save.ch\/de\/","name":"Save","description":"Schweizer Fachzeitschrift f\u00fcr Sicherheit","publisher":{"@id":"https:\/\/news.save.ch\/de\/#organization"},"potentialAction":[{"@type":"SearchAction","target":{"@type":"EntryPoint","urlTemplate":"https:\/\/news.save.ch\/de\/?s={search_term_string}"},"query-input":{"@type":"PropertyValueSpecification","valueRequired":true,"valueName":"search_term_string"}}],"inLanguage":"de"},{"@type":"Organization","@id":"https:\/\/news.save.ch\/de\/#organization","name":"Sicherheitsforum","url":"https:\/\/news.save.ch\/de\/","logo":{"@type":"ImageObject","inLanguage":"de","@id":"https:\/\/news.save.ch\/de\/#\/schema\/logo\/image\/","url":"https:\/\/news.save.ch\/wp-content\/uploads\/2022\/06\/Logo_SF_2012.png","contentUrl":"https:\/\/news.save.ch\/wp-content\/uploads\/2022\/06\/Logo_SF_2012.png","width":1100,"height":91,"caption":"Sicherheitsforum"},"image":{"@id":"https:\/\/news.save.ch\/de\/#\/schema\/logo\/image\/"}},{"@type":"Person","@id":"https:\/\/news.save.ch\/de\/#\/schema\/person\/d5022db048e0e2b9785c50e5b24da5aa","name":"Roger Str\u00e4ssle","image":{"@type":"ImageObject","inLanguage":"de","@id":"https:\/\/secure.gravatar.com\/avatar\/862a5569d087de48e5856e32f45d719a03804c891d6deb8d4f71a660e79e4a47?s=96&d=mm&r=g","url":"https:\/\/secure.gravatar.com\/avatar\/862a5569d087de48e5856e32f45d719a03804c891d6deb8d4f71a660e79e4a47?s=96&d=mm&r=g","contentUrl":"https:\/\/secure.gravatar.com\/avatar\/862a5569d087de48e5856e32f45d719a03804c891d6deb8d4f71a660e79e4a47?s=96&d=mm&r=g","caption":"Roger Str\u00e4ssle"},"url":"https:\/\/news.save.ch\/de\/author\/roger-straessle\/"}]}},"_links":{"self":[{"href":"https:\/\/news.save.ch\/de\/wp-json\/wp\/v2\/posts\/7513","targetHints":{"allow":["GET"]}}],"collection":[{"href":"https:\/\/news.save.ch\/de\/wp-json\/wp\/v2\/posts"}],"about":[{"href":"https:\/\/news.save.ch\/de\/wp-json\/wp\/v2\/types\/post"}],"author":[{"embeddable":true,"href":"https:\/\/news.save.ch\/de\/wp-json\/wp\/v2\/users\/8"}],"replies":[{"embeddable":true,"href":"https:\/\/news.save.ch\/de\/wp-json\/wp\/v2\/comments?post=7513"}],"version-history":[{"count":0,"href":"https:\/\/news.save.ch\/de\/wp-json\/wp\/v2\/posts\/7513\/revisions"}],"wp:featuredmedia":[{"embeddable":true,"href":"https:\/\/news.save.ch\/de\/wp-json\/wp\/v2\/media\/7514"}],"wp:attachment":[{"href":"https:\/\/news.save.ch\/de\/wp-json\/wp\/v2\/media?parent=7513"}],"wp:term":[{"taxonomy":"category","embeddable":true,"href":"https:\/\/news.save.ch\/de\/wp-json\/wp\/v2\/categories?post=7513"},{"taxonomy":"post_tag","embeddable":true,"href":"https:\/\/news.save.ch\/de\/wp-json\/wp\/v2\/tags?post=7513"}],"curies":[{"name":"wp","href":"https:\/\/api.w.org\/{rel}","templated":true}]}}