{"id":7518,"date":"2019-01-25T14:04:17","date_gmt":"2019-01-25T13:04:17","guid":{"rendered":"https:\/\/news.save.ch\/?p=7518"},"modified":"2019-01-25T14:04:17","modified_gmt":"2019-01-25T13:04:17","slug":"dieses-diplom-kann-meiner-karriere-nur-foerderlich-sein","status":null,"type":"post","link":"https:\/\/news.save.ch\/de\/dieses-diplom-kann-meiner-karriere-nur-foerderlich-sein\/","title":{"rendered":"\u00abDieses Diplom f\u00f6rdert meine Karriere\u00bb"},"content":{"rendered":"<figure id=\"attachment_7519\" aria-describedby=\"caption-attachment-7519\" style=\"width: 680px\" class=\"wp-caption aligncenter\"><img loading=\"lazy\" decoding=\"async\" class=\"size-medium wp-image-7519\" src=\"https:\/\/news.save.ch\/wp-content\/uploads\/2019\/01\/SES-Projektleiter-1-scaled-1.jpg\" alt=\"\" width=\"680\" height=\"475\" \/><figcaption id=\"caption-attachment-7519\" class=\"wp-caption-text\">Die erfolgreichen Absolventen der Weiterbildung HSES17 zusammen mit SES-Pr\u00e4sident Peter Nebiker (5. von links) und Beat Amstutz (ganz rechts) von der Fachschule STFW. Foto: R. Str\u00e4ssle<\/figcaption><\/figure>\n<p>&nbsp;<\/p>\n<p>\u00abIch bin bereits Projektleiter, was mir noch fehlt, war das \u2018Papier\u2019 dazu\u00bb, sagt Heiko Kuttruff (38), der sich \u00fcber seine bestandene Pr\u00fcfung \u00ab<a href=\"https:\/\/www.sicher-ses.ch\/de\/ausbildung\">Projektleiter\/in\u00a0Sicherheitssysteme<\/a>\u00bb freut. Ja, es mache bei den Kunden einen professionelleren Eindruck, wenn man ein solches Diplom vorweisen k\u00f6nne, sagt der frischgebackene Absolvent, der im Bereich Alarm- und Videotechnik t\u00e4tig ist.<\/p>\n<p>Auch Reto Schlegel ist stolz, dass er diesen berufsbegleitenden Lehrgang, den der Verband Schweizerischer Errichter von Sicherheitsanlagen (SES) in Kooperation mit der Technischen Fachschule Winterthur (STFW) anbietet, erfolgreich hinter sich hat. Es sei eine gute Ausbildung, meint Schlegel. Er hat einst eine \u00abStifti\u00bb als Elektriker gemacht und ist \u00fcberzeugt, dass dieses Diplom seiner beruflichen Karriere nur f\u00f6rderlich sein kann. Was er an der STFW vermittelt bekommen habe, sei sehr praxisnah, so der 32-J\u00e4hrige, der heute f\u00fcr eine Sicherheitstechnikfirma mit Spezialgebiet Brandschutz t\u00e4tig ist.<\/p>\n<p><strong>Grossartige Leistung<\/strong><\/p>\n<p>SES-Pr\u00e4sident Peter Nebiker und Stephan Walti von der SES-Bildungskommission sowie Beat Amstutz, Leiter der Geb\u00e4udetechnik an der Fachschule STFW, konnten am 24. Januar im Hotel Storchen in Z\u00fcrich 13 jungen Berufsleuten den eidgen\u00f6ssischen Fachausweis \u00abProjektleiter f\u00fcr Sicherheitssysteme\u00bb in die Hand dr\u00fccken. Peter Nebiker gratulierte den HSES17-Projektleitern f\u00fcr die grossartige Leistung und dankte den anwesenden Freundinnen der Absolventen f\u00fcr ihre Geduld, denn die Ausbildung strapaziere die Freizeit arg. Die solide und berufsbegleitende Weiterbildung verlange eben auch, dass man(n) am Feierabend und Wochenende einige Stunden investiere. Nebiker forderte die erfolgreichen Examenskandidaten auf, sich \u2013 gerade in einer schnelllebigen Zeit \u00ad\u2013 in ihrem Berufsalltag Zeit zu nehmen, um den Blick f\u00fcrs Ganze zu behalten. Das sei als Projektleiter wichtig.<\/p>\n<p><strong>13 Diplome feierlich \u00fcberreicht<\/strong><\/p>\n<p>Die SES-Projektleiterausbildung verleiht wahlweise das n\u00f6tige R\u00fcstzeug in den Fachrichtungen \u00abSecurity\u00bb oder \u00abFire\u00bb. Der nebenberufliche Lehrgang aller Module dauert mindestens 18 Monate. Wer durchh\u00e4lt, dem winkt nach bestandener Pr\u00fcfung ein eidgen\u00f6ssischer Fachausweis. Diesen haben 2019 folgende Absolventen erhalten (in alphabetischer Reihenfolge): Rafael Aerne, Adrian B\u00f6sch, Stefan Broder, Reto Dellenbach, Fabian Haist, Andreas J\u00e4ger, Heiko Kuttruff, Stefan Nydegger, Hans-Jakob Rickli, Reto Schlegel, Rafael Schmid, Gabriel Senn und Tobias Widmer.<\/p>\n<p>&nbsp;<\/p>\n<p>&nbsp;<\/p>\n","protected":false},"excerpt":{"rendered":"<p>&nbsp; \u00abIch bin bereits Projektleiter, was mir noch fehlt, war das \u2018Papier\u2019 dazu\u00bb, sagt Heiko Kuttruff (38), der sich \u00fcber seine bestandene Pr\u00fcfung \u00abProjektleiter\/in\u00a0Sicherheitssysteme\u00bb freut. Ja, es mache bei den Kunden einen professionelleren Eindruck, wenn man ein solches Diplom vorweisen k\u00f6nne, sagt der frischgebackene Absolvent, der im Bereich Alarm- und Videotechnik t\u00e4tig ist. Auch Reto [&hellip;]<\/p>\n","protected":false},"author":8,"featured_media":7519,"comment_status":"open","ping_status":"open","sticky":false,"template":"","format":"standard","meta":{"_acf_changed":false,"pgc_sgb_lightbox_settings":"","footnotes":""},"categories":[1],"tags":[449,450],"class_list":["post-7518","post","type-post","status-publish","format-standard","has-post-thumbnail","hentry","category-allgemein","tag-projektleiter-sicherheitssysteme","tag-ses"],"acf":[],"hkrextid":null,"publication":null,"issue":null,"workflow":null,"startPage":null,"spitzmarke":null,"_posts_by_tag_page_fields":{"widget_title":"","widget_tags":""},"_at_widget":"1","_yoast_wpseo_primary_category":"1","_yoast_wpseo_focuskw_text_input":"SES","_yoast_wpseo_opengraph-image":null,"_yoast_wpseo_opengraph-description":null,"_yoast_wpseo_opengraph-title":null,"enclosure":null,"_yoast_wpseo_twitter-title":null,"_yoast_wpseo_twitter-description":null,"_yoast_wpseo_twitter-image":null,"_wp_old_slug":null,"_yoast_wpseo_title":null,"_yoast_wpseo_canonical":null,"yoast_head":"<!-- This site is optimized with the Yoast SEO plugin v27.5 - https:\/\/yoast.com\/product\/yoast-seo-wordpress\/ -->\n<title>\u00abDieses Diplom f\u00f6rdert meine Karriere\u00bb - Save<\/title>\n<meta name=\"description\" content=\"Der SES-Verband konnte erneut 13 Absolventen den eidgen\u00f6ssisch anerkannten Fachausweis \u00abProjektleiter f\u00fcr Sicherheitssysteme\u00bb \u00fcberreichen.\" \/>\n<meta name=\"robots\" content=\"index, follow, max-snippet:-1, max-image-preview:large, max-video-preview:-1\" \/>\n<link rel=\"canonical\" href=\"https:\/\/news.save.ch\/de\/dieses-diplom-kann-meiner-karriere-nur-foerderlich-sein\/\" \/>\n<meta property=\"og:locale\" content=\"de_DE\" \/>\n<meta property=\"og:type\" content=\"article\" \/>\n<meta property=\"og:title\" content=\"\u00abDieses Diplom f\u00f6rdert meine Karriere\u00bb - Save\" \/>\n<meta property=\"og:description\" content=\"Der SES-Verband konnte erneut 13 Absolventen den eidgen\u00f6ssisch anerkannten Fachausweis \u00abProjektleiter f\u00fcr Sicherheitssysteme\u00bb \u00fcberreichen.\" \/>\n<meta property=\"og:url\" content=\"https:\/\/news.save.ch\/de\/dieses-diplom-kann-meiner-karriere-nur-foerderlich-sein\/\" \/>\n<meta property=\"og:site_name\" content=\"Save\" \/>\n<meta property=\"article:published_time\" content=\"2019-01-25T13:04:17+00:00\" \/>\n<meta property=\"og:image\" content=\"https:\/\/news.save.ch\/wp-content\/uploads\/2019\/01\/SES-Projektleiter-1-scaled-1-scaled.jpg\" \/>\n\t<meta property=\"og:image:width\" content=\"1400\" \/>\n\t<meta property=\"og:image:height\" content=\"978\" \/>\n\t<meta property=\"og:image:type\" content=\"image\/jpeg\" \/>\n<meta name=\"author\" content=\"Roger Str\u00e4ssle\" \/>\n<meta name=\"twitter:card\" content=\"summary_large_image\" \/>\n<meta name=\"twitter:label1\" content=\"Geschrieben von\" \/>\n\t<meta name=\"twitter:data1\" content=\"Roger Str\u00e4ssle\" \/>\n\t<meta name=\"twitter:label2\" content=\"Gesch\u00e4tzte Lesezeit\" \/>\n\t<meta name=\"twitter:data2\" content=\"2\u00a0Minuten\" \/>\n<script type=\"application\/ld+json\" class=\"yoast-schema-graph\">{\"@context\":\"https:\\\/\\\/schema.org\",\"@graph\":[{\"@type\":\"Article\",\"@id\":\"https:\\\/\\\/news.save.ch\\\/dieses-diplom-kann-meiner-karriere-nur-foerderlich-sein\\\/#article\",\"isPartOf\":{\"@id\":\"https:\\\/\\\/news.save.ch\\\/dieses-diplom-kann-meiner-karriere-nur-foerderlich-sein\\\/\"},\"author\":{\"name\":\"Roger Str\u00e4ssle\",\"@id\":\"https:\\\/\\\/news.save.ch\\\/de\\\/#\\\/schema\\\/person\\\/d5022db048e0e2b9785c50e5b24da5aa\"},\"headline\":\"\u00abDieses Diplom f\u00f6rdert meine Karriere\u00bb\",\"datePublished\":\"2019-01-25T13:04:17+00:00\",\"mainEntityOfPage\":{\"@id\":\"https:\\\/\\\/news.save.ch\\\/dieses-diplom-kann-meiner-karriere-nur-foerderlich-sein\\\/\"},\"wordCount\":387,\"commentCount\":0,\"publisher\":{\"@id\":\"https:\\\/\\\/news.save.ch\\\/de\\\/#organization\"},\"image\":{\"@id\":\"https:\\\/\\\/news.save.ch\\\/dieses-diplom-kann-meiner-karriere-nur-foerderlich-sein\\\/#primaryimage\"},\"thumbnailUrl\":\"https:\\\/\\\/news.save.ch\\\/wp-content\\\/uploads\\\/2019\\\/01\\\/SES-Projektleiter-1-scaled-1-scaled.jpg\",\"keywords\":[\"Projektleiter Sicherheitssysteme\",\"SES\"],\"articleSection\":[\"ALLGEMEIN\"],\"inLanguage\":\"de\"},{\"@type\":\"WebPage\",\"@id\":\"https:\\\/\\\/news.save.ch\\\/dieses-diplom-kann-meiner-karriere-nur-foerderlich-sein\\\/\",\"url\":\"https:\\\/\\\/news.save.ch\\\/dieses-diplom-kann-meiner-karriere-nur-foerderlich-sein\\\/\",\"name\":\"\u00abDieses Diplom f\u00f6rdert meine Karriere\u00bb - Save\",\"isPartOf\":{\"@id\":\"https:\\\/\\\/news.save.ch\\\/de\\\/#website\"},\"primaryImageOfPage\":{\"@id\":\"https:\\\/\\\/news.save.ch\\\/dieses-diplom-kann-meiner-karriere-nur-foerderlich-sein\\\/#primaryimage\"},\"image\":{\"@id\":\"https:\\\/\\\/news.save.ch\\\/dieses-diplom-kann-meiner-karriere-nur-foerderlich-sein\\\/#primaryimage\"},\"thumbnailUrl\":\"https:\\\/\\\/news.save.ch\\\/wp-content\\\/uploads\\\/2019\\\/01\\\/SES-Projektleiter-1-scaled-1-scaled.jpg\",\"datePublished\":\"2019-01-25T13:04:17+00:00\",\"description\":\"Der SES-Verband konnte erneut 13 Absolventen den eidgen\u00f6ssisch anerkannten Fachausweis \u00abProjektleiter f\u00fcr Sicherheitssysteme\u00bb \u00fcberreichen.\",\"breadcrumb\":{\"@id\":\"https:\\\/\\\/news.save.ch\\\/dieses-diplom-kann-meiner-karriere-nur-foerderlich-sein\\\/#breadcrumb\"},\"inLanguage\":\"de\",\"potentialAction\":[{\"@type\":\"ReadAction\",\"target\":[\"https:\\\/\\\/news.save.ch\\\/dieses-diplom-kann-meiner-karriere-nur-foerderlich-sein\\\/\"]}]},{\"@type\":\"ImageObject\",\"inLanguage\":\"de\",\"@id\":\"https:\\\/\\\/news.save.ch\\\/dieses-diplom-kann-meiner-karriere-nur-foerderlich-sein\\\/#primaryimage\",\"url\":\"https:\\\/\\\/news.save.ch\\\/wp-content\\\/uploads\\\/2019\\\/01\\\/SES-Projektleiter-1-scaled-1-scaled.jpg\",\"contentUrl\":\"https:\\\/\\\/news.save.ch\\\/wp-content\\\/uploads\\\/2019\\\/01\\\/SES-Projektleiter-1-scaled-1-scaled.jpg\",\"width\":1400,\"height\":978,\"caption\":\"Foto: R. Str\u00e4ssle\"},{\"@type\":\"BreadcrumbList\",\"@id\":\"https:\\\/\\\/news.save.ch\\\/dieses-diplom-kann-meiner-karriere-nur-foerderlich-sein\\\/#breadcrumb\",\"itemListElement\":[{\"@type\":\"ListItem\",\"position\":1,\"name\":\"Home\",\"item\":\"https:\\\/\\\/news.save.ch\\\/de\\\/\"},{\"@type\":\"ListItem\",\"position\":2,\"name\":\"\u00abDieses Diplom f\u00f6rdert meine Karriere\u00bb\"}]},{\"@type\":\"WebSite\",\"@id\":\"https:\\\/\\\/news.save.ch\\\/de\\\/#website\",\"url\":\"https:\\\/\\\/news.save.ch\\\/de\\\/\",\"name\":\"Save\",\"description\":\"Schweizer Fachzeitschrift f\u00fcr Sicherheit\",\"publisher\":{\"@id\":\"https:\\\/\\\/news.save.ch\\\/de\\\/#organization\"},\"potentialAction\":[{\"@type\":\"SearchAction\",\"target\":{\"@type\":\"EntryPoint\",\"urlTemplate\":\"https:\\\/\\\/news.save.ch\\\/de\\\/?s={search_term_string}\"},\"query-input\":{\"@type\":\"PropertyValueSpecification\",\"valueRequired\":true,\"valueName\":\"search_term_string\"}}],\"inLanguage\":\"de\"},{\"@type\":\"Organization\",\"@id\":\"https:\\\/\\\/news.save.ch\\\/de\\\/#organization\",\"name\":\"Sicherheitsforum\",\"url\":\"https:\\\/\\\/news.save.ch\\\/de\\\/\",\"logo\":{\"@type\":\"ImageObject\",\"inLanguage\":\"de\",\"@id\":\"https:\\\/\\\/news.save.ch\\\/de\\\/#\\\/schema\\\/logo\\\/image\\\/\",\"url\":\"https:\\\/\\\/news.save.ch\\\/wp-content\\\/uploads\\\/2022\\\/06\\\/Logo_SF_2012.png\",\"contentUrl\":\"https:\\\/\\\/news.save.ch\\\/wp-content\\\/uploads\\\/2022\\\/06\\\/Logo_SF_2012.png\",\"width\":1100,\"height\":91,\"caption\":\"Sicherheitsforum\"},\"image\":{\"@id\":\"https:\\\/\\\/news.save.ch\\\/de\\\/#\\\/schema\\\/logo\\\/image\\\/\"}},{\"@type\":\"Person\",\"@id\":\"https:\\\/\\\/news.save.ch\\\/de\\\/#\\\/schema\\\/person\\\/d5022db048e0e2b9785c50e5b24da5aa\",\"name\":\"Roger Str\u00e4ssle\",\"image\":{\"@type\":\"ImageObject\",\"inLanguage\":\"de\",\"@id\":\"https:\\\/\\\/secure.gravatar.com\\\/avatar\\\/862a5569d087de48e5856e32f45d719a03804c891d6deb8d4f71a660e79e4a47?s=96&d=mm&r=g\",\"url\":\"https:\\\/\\\/secure.gravatar.com\\\/avatar\\\/862a5569d087de48e5856e32f45d719a03804c891d6deb8d4f71a660e79e4a47?s=96&d=mm&r=g\",\"contentUrl\":\"https:\\\/\\\/secure.gravatar.com\\\/avatar\\\/862a5569d087de48e5856e32f45d719a03804c891d6deb8d4f71a660e79e4a47?s=96&d=mm&r=g\",\"caption\":\"Roger Str\u00e4ssle\"},\"url\":\"https:\\\/\\\/news.save.ch\\\/de\\\/author\\\/roger-straessle\\\/\"}]}<\/script>\n<!-- \/ Yoast SEO plugin. -->","yoast_head_json":{"title":"\u00abDieses Diplom f\u00f6rdert meine Karriere\u00bb - Save","description":"Der SES-Verband konnte erneut 13 Absolventen den eidgen\u00f6ssisch anerkannten Fachausweis \u00abProjektleiter f\u00fcr Sicherheitssysteme\u00bb \u00fcberreichen.","robots":{"index":"index","follow":"follow","max-snippet":"max-snippet:-1","max-image-preview":"max-image-preview:large","max-video-preview":"max-video-preview:-1"},"canonical":"https:\/\/news.save.ch\/de\/dieses-diplom-kann-meiner-karriere-nur-foerderlich-sein\/","og_locale":"de_DE","og_type":"article","og_title":"\u00abDieses Diplom f\u00f6rdert meine Karriere\u00bb - Save","og_description":"Der SES-Verband konnte erneut 13 Absolventen den eidgen\u00f6ssisch anerkannten Fachausweis \u00abProjektleiter f\u00fcr Sicherheitssysteme\u00bb \u00fcberreichen.","og_url":"https:\/\/news.save.ch\/de\/dieses-diplom-kann-meiner-karriere-nur-foerderlich-sein\/","og_site_name":"Save","article_published_time":"2019-01-25T13:04:17+00:00","og_image":[{"width":1400,"height":978,"url":"https:\/\/news.save.ch\/wp-content\/uploads\/2019\/01\/SES-Projektleiter-1-scaled-1-scaled.jpg","type":"image\/jpeg"}],"author":"Roger Str\u00e4ssle","twitter_card":"summary_large_image","twitter_misc":{"Geschrieben von":"Roger Str\u00e4ssle","Gesch\u00e4tzte Lesezeit":"2\u00a0Minuten"},"schema":{"@context":"https:\/\/schema.org","@graph":[{"@type":"Article","@id":"https:\/\/news.save.ch\/dieses-diplom-kann-meiner-karriere-nur-foerderlich-sein\/#article","isPartOf":{"@id":"https:\/\/news.save.ch\/dieses-diplom-kann-meiner-karriere-nur-foerderlich-sein\/"},"author":{"name":"Roger Str\u00e4ssle","@id":"https:\/\/news.save.ch\/de\/#\/schema\/person\/d5022db048e0e2b9785c50e5b24da5aa"},"headline":"\u00abDieses Diplom f\u00f6rdert meine Karriere\u00bb","datePublished":"2019-01-25T13:04:17+00:00","mainEntityOfPage":{"@id":"https:\/\/news.save.ch\/dieses-diplom-kann-meiner-karriere-nur-foerderlich-sein\/"},"wordCount":387,"commentCount":0,"publisher":{"@id":"https:\/\/news.save.ch\/de\/#organization"},"image":{"@id":"https:\/\/news.save.ch\/dieses-diplom-kann-meiner-karriere-nur-foerderlich-sein\/#primaryimage"},"thumbnailUrl":"https:\/\/news.save.ch\/wp-content\/uploads\/2019\/01\/SES-Projektleiter-1-scaled-1-scaled.jpg","keywords":["Projektleiter Sicherheitssysteme","SES"],"articleSection":["ALLGEMEIN"],"inLanguage":"de"},{"@type":"WebPage","@id":"https:\/\/news.save.ch\/dieses-diplom-kann-meiner-karriere-nur-foerderlich-sein\/","url":"https:\/\/news.save.ch\/dieses-diplom-kann-meiner-karriere-nur-foerderlich-sein\/","name":"\u00abDieses Diplom f\u00f6rdert meine Karriere\u00bb - Save","isPartOf":{"@id":"https:\/\/news.save.ch\/de\/#website"},"primaryImageOfPage":{"@id":"https:\/\/news.save.ch\/dieses-diplom-kann-meiner-karriere-nur-foerderlich-sein\/#primaryimage"},"image":{"@id":"https:\/\/news.save.ch\/dieses-diplom-kann-meiner-karriere-nur-foerderlich-sein\/#primaryimage"},"thumbnailUrl":"https:\/\/news.save.ch\/wp-content\/uploads\/2019\/01\/SES-Projektleiter-1-scaled-1-scaled.jpg","datePublished":"2019-01-25T13:04:17+00:00","description":"Der SES-Verband konnte erneut 13 Absolventen den eidgen\u00f6ssisch anerkannten Fachausweis \u00abProjektleiter f\u00fcr Sicherheitssysteme\u00bb \u00fcberreichen.","breadcrumb":{"@id":"https:\/\/news.save.ch\/dieses-diplom-kann-meiner-karriere-nur-foerderlich-sein\/#breadcrumb"},"inLanguage":"de","potentialAction":[{"@type":"ReadAction","target":["https:\/\/news.save.ch\/dieses-diplom-kann-meiner-karriere-nur-foerderlich-sein\/"]}]},{"@type":"ImageObject","inLanguage":"de","@id":"https:\/\/news.save.ch\/dieses-diplom-kann-meiner-karriere-nur-foerderlich-sein\/#primaryimage","url":"https:\/\/news.save.ch\/wp-content\/uploads\/2019\/01\/SES-Projektleiter-1-scaled-1-scaled.jpg","contentUrl":"https:\/\/news.save.ch\/wp-content\/uploads\/2019\/01\/SES-Projektleiter-1-scaled-1-scaled.jpg","width":1400,"height":978,"caption":"Foto: R. Str\u00e4ssle"},{"@type":"BreadcrumbList","@id":"https:\/\/news.save.ch\/dieses-diplom-kann-meiner-karriere-nur-foerderlich-sein\/#breadcrumb","itemListElement":[{"@type":"ListItem","position":1,"name":"Home","item":"https:\/\/news.save.ch\/de\/"},{"@type":"ListItem","position":2,"name":"\u00abDieses Diplom f\u00f6rdert meine Karriere\u00bb"}]},{"@type":"WebSite","@id":"https:\/\/news.save.ch\/de\/#website","url":"https:\/\/news.save.ch\/de\/","name":"Save","description":"Schweizer Fachzeitschrift f\u00fcr Sicherheit","publisher":{"@id":"https:\/\/news.save.ch\/de\/#organization"},"potentialAction":[{"@type":"SearchAction","target":{"@type":"EntryPoint","urlTemplate":"https:\/\/news.save.ch\/de\/?s={search_term_string}"},"query-input":{"@type":"PropertyValueSpecification","valueRequired":true,"valueName":"search_term_string"}}],"inLanguage":"de"},{"@type":"Organization","@id":"https:\/\/news.save.ch\/de\/#organization","name":"Sicherheitsforum","url":"https:\/\/news.save.ch\/de\/","logo":{"@type":"ImageObject","inLanguage":"de","@id":"https:\/\/news.save.ch\/de\/#\/schema\/logo\/image\/","url":"https:\/\/news.save.ch\/wp-content\/uploads\/2022\/06\/Logo_SF_2012.png","contentUrl":"https:\/\/news.save.ch\/wp-content\/uploads\/2022\/06\/Logo_SF_2012.png","width":1100,"height":91,"caption":"Sicherheitsforum"},"image":{"@id":"https:\/\/news.save.ch\/de\/#\/schema\/logo\/image\/"}},{"@type":"Person","@id":"https:\/\/news.save.ch\/de\/#\/schema\/person\/d5022db048e0e2b9785c50e5b24da5aa","name":"Roger Str\u00e4ssle","image":{"@type":"ImageObject","inLanguage":"de","@id":"https:\/\/secure.gravatar.com\/avatar\/862a5569d087de48e5856e32f45d719a03804c891d6deb8d4f71a660e79e4a47?s=96&d=mm&r=g","url":"https:\/\/secure.gravatar.com\/avatar\/862a5569d087de48e5856e32f45d719a03804c891d6deb8d4f71a660e79e4a47?s=96&d=mm&r=g","contentUrl":"https:\/\/secure.gravatar.com\/avatar\/862a5569d087de48e5856e32f45d719a03804c891d6deb8d4f71a660e79e4a47?s=96&d=mm&r=g","caption":"Roger Str\u00e4ssle"},"url":"https:\/\/news.save.ch\/de\/author\/roger-straessle\/"}]}},"_links":{"self":[{"href":"https:\/\/news.save.ch\/de\/wp-json\/wp\/v2\/posts\/7518","targetHints":{"allow":["GET"]}}],"collection":[{"href":"https:\/\/news.save.ch\/de\/wp-json\/wp\/v2\/posts"}],"about":[{"href":"https:\/\/news.save.ch\/de\/wp-json\/wp\/v2\/types\/post"}],"author":[{"embeddable":true,"href":"https:\/\/news.save.ch\/de\/wp-json\/wp\/v2\/users\/8"}],"replies":[{"embeddable":true,"href":"https:\/\/news.save.ch\/de\/wp-json\/wp\/v2\/comments?post=7518"}],"version-history":[{"count":0,"href":"https:\/\/news.save.ch\/de\/wp-json\/wp\/v2\/posts\/7518\/revisions"}],"wp:featuredmedia":[{"embeddable":true,"href":"https:\/\/news.save.ch\/de\/wp-json\/wp\/v2\/media\/7519"}],"wp:attachment":[{"href":"https:\/\/news.save.ch\/de\/wp-json\/wp\/v2\/media?parent=7518"}],"wp:term":[{"taxonomy":"category","embeddable":true,"href":"https:\/\/news.save.ch\/de\/wp-json\/wp\/v2\/categories?post=7518"},{"taxonomy":"post_tag","embeddable":true,"href":"https:\/\/news.save.ch\/de\/wp-json\/wp\/v2\/tags?post=7518"}],"curies":[{"name":"wp","href":"https:\/\/api.w.org\/{rel}","templated":true}]}}