{"id":7608,"date":"2019-02-15T09:03:17","date_gmt":"2019-02-15T08:03:17","guid":{"rendered":"https:\/\/news.save.ch\/?p=7608"},"modified":"2019-02-15T09:03:17","modified_gmt":"2019-02-15T08:03:17","slug":"logistik-inspiration-fuer-die-zukunft","status":null,"type":"post","link":"https:\/\/news.save.ch\/de\/logistik-inspiration-fuer-die-zukunft\/","title":{"rendered":"Logistik \u2013 Inspiration f\u00fcr die Zukunft"},"content":{"rendered":"<figure id=\"attachment_7609\" aria-describedby=\"caption-attachment-7609\" style=\"width: 680px\" class=\"wp-caption aligncenter\"><img loading=\"lazy\" decoding=\"async\" class=\"wp-image-7609 size-medium\" src=\"https:\/\/news.save.ch\/wp-content\/uploads\/2019\/02\/Logistik_Depositphotos_9167790_m-2015.jpg\" alt=\"Logistik\" width=\"680\" height=\"453\" srcset=\"https:\/\/news.save.ch\/wp-content\/uploads\/2019\/02\/Logistik_Depositphotos_9167790_m-2015.jpg 999w, https:\/\/news.save.ch\/wp-content\/uploads\/2019\/02\/Logistik_Depositphotos_9167790_m-2015-375x250.jpg 375w\" sizes=\"auto, (max-width: 680px) 100vw, 680px\" \/><figcaption id=\"caption-attachment-7609\" class=\"wp-caption-text\">\u00a9 depositphotos, kalinovsky<\/figcaption><\/figure>\n<p>Die <a href=\"https:\/\/www.logistics-distribution.ch\">Fachveranstaltung<\/a> f\u00fcr Intralogistik, Distribution, Transport und E-Logistik zeigt, was den Schweizer Logistikmarkt bewegt. Im Fokus steht diesmal das Thema \u00abautomation@logistics\u00bb. Es zieht sich als roter Faden durch die Veranstaltung und zeigt, wie die Digitalisierung die Logistikbranche revolutionieren wird.<\/p>\n<p><strong>Highlights der Fachveranstaltung<\/strong><\/p>\n<ul>\n<li><em>GS1 Networking-Zone<\/em>: Sie ist das Herzst\u00fcck der Logistics &amp; Distribution. Hier trifft sich die Community zu Fachvortr\u00e4gen, Diskussionsrunden und zum Networking.<\/li>\n<li><em>Logistics Solution Stage:<\/em> Hier pr\u00e4sentieren Aussteller alternierend ihre Produkte. Fachbesucher k\u00f6nnen sich \u00fcber bestimmte L\u00f6sungen informieren und Fragen direkt an die Experten richten.<\/li>\n<li><em>Transport- und Speditionssektor im Fokus:<\/em> Ob via Strasse, Schiene, Wasser oder Luft \u2013 wer auf der Suche nach Transport- und Speditionsdienstleistungen ist, wird im Transport-Pavillon f\u00fcndig. Diverse Firmen stellen dort ihre spezifischen Angebote vor.<\/li>\n<li><em>Spotlight on Products:<\/em> Hier findet der Besucher relevante Innovationen.<\/li>\n<li><em>Starthilfe f\u00fcr Start-ups und KMU:<\/em> Mit dem TIP-Gemeinschaftsstand f\u00f6rdern und unterst\u00fctzen der Messeveranstalter Easyfairs und der Verein Netzwerklogistik (VNL) den Marktauftritt von Start-ups und KMU in der Logistikbranche. F\u00fcr das innovativste Produkt verleiht der VNL an der Messe ein Preisgeld von 2000 Franken.<\/li>\n<\/ul>\n<p>&nbsp;<\/p>\n<p>&nbsp;<\/p>\n","protected":false},"excerpt":{"rendered":"<p>Die Fachveranstaltung f\u00fcr Intralogistik, Distribution, Transport und E-Logistik zeigt, was den Schweizer Logistikmarkt bewegt. Im Fokus steht diesmal das Thema \u00abautomation@logistics\u00bb. Es zieht sich als roter Faden durch die Veranstaltung und zeigt, wie die Digitalisierung die Logistikbranche revolutionieren wird. Highlights der Fachveranstaltung GS1 Networking-Zone: Sie ist das Herzst\u00fcck der Logistics &amp; Distribution. Hier trifft sich [&hellip;]<\/p>\n","protected":false},"author":8,"featured_media":7609,"comment_status":"open","ping_status":"open","sticky":false,"template":"","format":"standard","meta":{"_acf_changed":false,"pgc_sgb_lightbox_settings":"","footnotes":""},"categories":[1],"tags":[455,160],"class_list":["post-7608","post","type-post","status-publish","format-standard","has-post-thumbnail","hentry","category-allgemein","tag-logistik","tag-veranstaltungen"],"acf":[],"hkrextid":null,"publication":null,"issue":null,"workflow":null,"startPage":null,"spitzmarke":null,"_posts_by_tag_page_fields":{"widget_title":"","widget_tags":""},"_at_widget":"1","_yoast_wpseo_primary_category":"1","_yoast_wpseo_focuskw_text_input":"Logistik","_yoast_wpseo_opengraph-image":null,"_yoast_wpseo_opengraph-description":null,"_yoast_wpseo_opengraph-title":null,"enclosure":null,"_yoast_wpseo_twitter-title":null,"_yoast_wpseo_twitter-description":null,"_yoast_wpseo_twitter-image":null,"_wp_old_slug":null,"_yoast_wpseo_title":null,"_yoast_wpseo_canonical":null,"yoast_head":"<!-- This site is optimized with the Yoast SEO plugin v27.5 - https:\/\/yoast.com\/product\/yoast-seo-wordpress\/ -->\n<title>Logistik \u2013 Inspiration f\u00fcr die Zukunft - Save<\/title>\n<meta name=\"description\" content=\"Am 10. und 11. April 2019 findet die vierte Ausgabe der Logistics &amp; Distribution in der Messe Z\u00fcrich statt.\" \/>\n<meta name=\"robots\" content=\"index, follow, max-snippet:-1, max-image-preview:large, max-video-preview:-1\" \/>\n<link rel=\"canonical\" href=\"https:\/\/news.save.ch\/de\/logistik-inspiration-fuer-die-zukunft\/\" \/>\n<meta property=\"og:locale\" content=\"de_DE\" \/>\n<meta property=\"og:type\" content=\"article\" \/>\n<meta property=\"og:title\" content=\"Logistik \u2013 Inspiration f\u00fcr die Zukunft - Save\" \/>\n<meta property=\"og:description\" content=\"Am 10. und 11. April 2019 findet die vierte Ausgabe der Logistics &amp; Distribution in der Messe Z\u00fcrich statt.\" \/>\n<meta property=\"og:url\" content=\"https:\/\/news.save.ch\/de\/logistik-inspiration-fuer-die-zukunft\/\" \/>\n<meta property=\"og:site_name\" content=\"Save\" \/>\n<meta property=\"article:published_time\" content=\"2019-02-15T08:03:17+00:00\" \/>\n<meta property=\"og:image\" content=\"https:\/\/news.save.ch\/wp-content\/uploads\/2019\/02\/Logistik_Depositphotos_9167790_m-2015.jpg\" \/>\n\t<meta property=\"og:image:width\" content=\"999\" \/>\n\t<meta property=\"og:image:height\" content=\"665\" \/>\n\t<meta property=\"og:image:type\" content=\"image\/jpeg\" \/>\n<meta name=\"author\" content=\"Roger Str\u00e4ssle\" \/>\n<meta name=\"twitter:card\" content=\"summary_large_image\" \/>\n<meta name=\"twitter:label1\" content=\"Geschrieben von\" \/>\n\t<meta name=\"twitter:data1\" content=\"Roger Str\u00e4ssle\" \/>\n\t<meta name=\"twitter:label2\" content=\"Gesch\u00e4tzte Lesezeit\" \/>\n\t<meta name=\"twitter:data2\" content=\"1\u00a0Minute\" \/>\n<script type=\"application\/ld+json\" class=\"yoast-schema-graph\">{\"@context\":\"https:\\\/\\\/schema.org\",\"@graph\":[{\"@type\":\"Article\",\"@id\":\"https:\\\/\\\/news.save.ch\\\/logistik-inspiration-fuer-die-zukunft\\\/#article\",\"isPartOf\":{\"@id\":\"https:\\\/\\\/news.save.ch\\\/logistik-inspiration-fuer-die-zukunft\\\/\"},\"author\":{\"name\":\"Roger Str\u00e4ssle\",\"@id\":\"https:\\\/\\\/news.save.ch\\\/de\\\/#\\\/schema\\\/person\\\/d5022db048e0e2b9785c50e5b24da5aa\"},\"headline\":\"Logistik \u2013 Inspiration f\u00fcr die Zukunft\",\"datePublished\":\"2019-02-15T08:03:17+00:00\",\"mainEntityOfPage\":{\"@id\":\"https:\\\/\\\/news.save.ch\\\/logistik-inspiration-fuer-die-zukunft\\\/\"},\"wordCount\":199,\"commentCount\":0,\"publisher\":{\"@id\":\"https:\\\/\\\/news.save.ch\\\/de\\\/#organization\"},\"image\":{\"@id\":\"https:\\\/\\\/news.save.ch\\\/logistik-inspiration-fuer-die-zukunft\\\/#primaryimage\"},\"thumbnailUrl\":\"https:\\\/\\\/news.save.ch\\\/wp-content\\\/uploads\\\/2019\\\/02\\\/Logistik_Depositphotos_9167790_m-2015.jpg\",\"keywords\":[\"Logistik\",\"Veranstaltungen\"],\"articleSection\":[\"ALLGEMEIN\"],\"inLanguage\":\"de\"},{\"@type\":\"WebPage\",\"@id\":\"https:\\\/\\\/news.save.ch\\\/logistik-inspiration-fuer-die-zukunft\\\/\",\"url\":\"https:\\\/\\\/news.save.ch\\\/logistik-inspiration-fuer-die-zukunft\\\/\",\"name\":\"Logistik \u2013 Inspiration f\u00fcr die Zukunft - Save\",\"isPartOf\":{\"@id\":\"https:\\\/\\\/news.save.ch\\\/de\\\/#website\"},\"primaryImageOfPage\":{\"@id\":\"https:\\\/\\\/news.save.ch\\\/logistik-inspiration-fuer-die-zukunft\\\/#primaryimage\"},\"image\":{\"@id\":\"https:\\\/\\\/news.save.ch\\\/logistik-inspiration-fuer-die-zukunft\\\/#primaryimage\"},\"thumbnailUrl\":\"https:\\\/\\\/news.save.ch\\\/wp-content\\\/uploads\\\/2019\\\/02\\\/Logistik_Depositphotos_9167790_m-2015.jpg\",\"datePublished\":\"2019-02-15T08:03:17+00:00\",\"description\":\"Am 10. und 11. April 2019 findet die vierte Ausgabe der Logistics & Distribution in der Messe Z\u00fcrich statt.\",\"breadcrumb\":{\"@id\":\"https:\\\/\\\/news.save.ch\\\/logistik-inspiration-fuer-die-zukunft\\\/#breadcrumb\"},\"inLanguage\":\"de\",\"potentialAction\":[{\"@type\":\"ReadAction\",\"target\":[\"https:\\\/\\\/news.save.ch\\\/logistik-inspiration-fuer-die-zukunft\\\/\"]}]},{\"@type\":\"ImageObject\",\"inLanguage\":\"de\",\"@id\":\"https:\\\/\\\/news.save.ch\\\/logistik-inspiration-fuer-die-zukunft\\\/#primaryimage\",\"url\":\"https:\\\/\\\/news.save.ch\\\/wp-content\\\/uploads\\\/2019\\\/02\\\/Logistik_Depositphotos_9167790_m-2015.jpg\",\"contentUrl\":\"https:\\\/\\\/news.save.ch\\\/wp-content\\\/uploads\\\/2019\\\/02\\\/Logistik_Depositphotos_9167790_m-2015.jpg\",\"width\":999,\"height\":665,\"caption\":\"\u00a9 depositphotos, kalinovsky\"},{\"@type\":\"BreadcrumbList\",\"@id\":\"https:\\\/\\\/news.save.ch\\\/logistik-inspiration-fuer-die-zukunft\\\/#breadcrumb\",\"itemListElement\":[{\"@type\":\"ListItem\",\"position\":1,\"name\":\"Home\",\"item\":\"https:\\\/\\\/news.save.ch\\\/de\\\/\"},{\"@type\":\"ListItem\",\"position\":2,\"name\":\"Logistik \u2013 Inspiration f\u00fcr die Zukunft\"}]},{\"@type\":\"WebSite\",\"@id\":\"https:\\\/\\\/news.save.ch\\\/de\\\/#website\",\"url\":\"https:\\\/\\\/news.save.ch\\\/de\\\/\",\"name\":\"Save\",\"description\":\"Schweizer Fachzeitschrift f\u00fcr Sicherheit\",\"publisher\":{\"@id\":\"https:\\\/\\\/news.save.ch\\\/de\\\/#organization\"},\"potentialAction\":[{\"@type\":\"SearchAction\",\"target\":{\"@type\":\"EntryPoint\",\"urlTemplate\":\"https:\\\/\\\/news.save.ch\\\/de\\\/?s={search_term_string}\"},\"query-input\":{\"@type\":\"PropertyValueSpecification\",\"valueRequired\":true,\"valueName\":\"search_term_string\"}}],\"inLanguage\":\"de\"},{\"@type\":\"Organization\",\"@id\":\"https:\\\/\\\/news.save.ch\\\/de\\\/#organization\",\"name\":\"Sicherheitsforum\",\"url\":\"https:\\\/\\\/news.save.ch\\\/de\\\/\",\"logo\":{\"@type\":\"ImageObject\",\"inLanguage\":\"de\",\"@id\":\"https:\\\/\\\/news.save.ch\\\/de\\\/#\\\/schema\\\/logo\\\/image\\\/\",\"url\":\"https:\\\/\\\/news.save.ch\\\/wp-content\\\/uploads\\\/2022\\\/06\\\/Logo_SF_2012.png\",\"contentUrl\":\"https:\\\/\\\/news.save.ch\\\/wp-content\\\/uploads\\\/2022\\\/06\\\/Logo_SF_2012.png\",\"width\":1100,\"height\":91,\"caption\":\"Sicherheitsforum\"},\"image\":{\"@id\":\"https:\\\/\\\/news.save.ch\\\/de\\\/#\\\/schema\\\/logo\\\/image\\\/\"}},{\"@type\":\"Person\",\"@id\":\"https:\\\/\\\/news.save.ch\\\/de\\\/#\\\/schema\\\/person\\\/d5022db048e0e2b9785c50e5b24da5aa\",\"name\":\"Roger Str\u00e4ssle\",\"image\":{\"@type\":\"ImageObject\",\"inLanguage\":\"de\",\"@id\":\"https:\\\/\\\/secure.gravatar.com\\\/avatar\\\/862a5569d087de48e5856e32f45d719a03804c891d6deb8d4f71a660e79e4a47?s=96&d=mm&r=g\",\"url\":\"https:\\\/\\\/secure.gravatar.com\\\/avatar\\\/862a5569d087de48e5856e32f45d719a03804c891d6deb8d4f71a660e79e4a47?s=96&d=mm&r=g\",\"contentUrl\":\"https:\\\/\\\/secure.gravatar.com\\\/avatar\\\/862a5569d087de48e5856e32f45d719a03804c891d6deb8d4f71a660e79e4a47?s=96&d=mm&r=g\",\"caption\":\"Roger Str\u00e4ssle\"},\"url\":\"https:\\\/\\\/news.save.ch\\\/de\\\/author\\\/roger-straessle\\\/\"}]}<\/script>\n<!-- \/ Yoast SEO plugin. -->","yoast_head_json":{"title":"Logistik \u2013 Inspiration f\u00fcr die Zukunft - Save","description":"Am 10. und 11. April 2019 findet die vierte Ausgabe der Logistics & Distribution in der Messe Z\u00fcrich statt.","robots":{"index":"index","follow":"follow","max-snippet":"max-snippet:-1","max-image-preview":"max-image-preview:large","max-video-preview":"max-video-preview:-1"},"canonical":"https:\/\/news.save.ch\/de\/logistik-inspiration-fuer-die-zukunft\/","og_locale":"de_DE","og_type":"article","og_title":"Logistik \u2013 Inspiration f\u00fcr die Zukunft - Save","og_description":"Am 10. und 11. April 2019 findet die vierte Ausgabe der Logistics & Distribution in der Messe Z\u00fcrich statt.","og_url":"https:\/\/news.save.ch\/de\/logistik-inspiration-fuer-die-zukunft\/","og_site_name":"Save","article_published_time":"2019-02-15T08:03:17+00:00","og_image":[{"width":999,"height":665,"url":"https:\/\/news.save.ch\/wp-content\/uploads\/2019\/02\/Logistik_Depositphotos_9167790_m-2015.jpg","type":"image\/jpeg"}],"author":"Roger Str\u00e4ssle","twitter_card":"summary_large_image","twitter_misc":{"Geschrieben von":"Roger Str\u00e4ssle","Gesch\u00e4tzte Lesezeit":"1\u00a0Minute"},"schema":{"@context":"https:\/\/schema.org","@graph":[{"@type":"Article","@id":"https:\/\/news.save.ch\/logistik-inspiration-fuer-die-zukunft\/#article","isPartOf":{"@id":"https:\/\/news.save.ch\/logistik-inspiration-fuer-die-zukunft\/"},"author":{"name":"Roger Str\u00e4ssle","@id":"https:\/\/news.save.ch\/de\/#\/schema\/person\/d5022db048e0e2b9785c50e5b24da5aa"},"headline":"Logistik \u2013 Inspiration f\u00fcr die Zukunft","datePublished":"2019-02-15T08:03:17+00:00","mainEntityOfPage":{"@id":"https:\/\/news.save.ch\/logistik-inspiration-fuer-die-zukunft\/"},"wordCount":199,"commentCount":0,"publisher":{"@id":"https:\/\/news.save.ch\/de\/#organization"},"image":{"@id":"https:\/\/news.save.ch\/logistik-inspiration-fuer-die-zukunft\/#primaryimage"},"thumbnailUrl":"https:\/\/news.save.ch\/wp-content\/uploads\/2019\/02\/Logistik_Depositphotos_9167790_m-2015.jpg","keywords":["Logistik","Veranstaltungen"],"articleSection":["ALLGEMEIN"],"inLanguage":"de"},{"@type":"WebPage","@id":"https:\/\/news.save.ch\/logistik-inspiration-fuer-die-zukunft\/","url":"https:\/\/news.save.ch\/logistik-inspiration-fuer-die-zukunft\/","name":"Logistik \u2013 Inspiration f\u00fcr die Zukunft - Save","isPartOf":{"@id":"https:\/\/news.save.ch\/de\/#website"},"primaryImageOfPage":{"@id":"https:\/\/news.save.ch\/logistik-inspiration-fuer-die-zukunft\/#primaryimage"},"image":{"@id":"https:\/\/news.save.ch\/logistik-inspiration-fuer-die-zukunft\/#primaryimage"},"thumbnailUrl":"https:\/\/news.save.ch\/wp-content\/uploads\/2019\/02\/Logistik_Depositphotos_9167790_m-2015.jpg","datePublished":"2019-02-15T08:03:17+00:00","description":"Am 10. und 11. April 2019 findet die vierte Ausgabe der Logistics & Distribution in der Messe Z\u00fcrich statt.","breadcrumb":{"@id":"https:\/\/news.save.ch\/logistik-inspiration-fuer-die-zukunft\/#breadcrumb"},"inLanguage":"de","potentialAction":[{"@type":"ReadAction","target":["https:\/\/news.save.ch\/logistik-inspiration-fuer-die-zukunft\/"]}]},{"@type":"ImageObject","inLanguage":"de","@id":"https:\/\/news.save.ch\/logistik-inspiration-fuer-die-zukunft\/#primaryimage","url":"https:\/\/news.save.ch\/wp-content\/uploads\/2019\/02\/Logistik_Depositphotos_9167790_m-2015.jpg","contentUrl":"https:\/\/news.save.ch\/wp-content\/uploads\/2019\/02\/Logistik_Depositphotos_9167790_m-2015.jpg","width":999,"height":665,"caption":"\u00a9 depositphotos, kalinovsky"},{"@type":"BreadcrumbList","@id":"https:\/\/news.save.ch\/logistik-inspiration-fuer-die-zukunft\/#breadcrumb","itemListElement":[{"@type":"ListItem","position":1,"name":"Home","item":"https:\/\/news.save.ch\/de\/"},{"@type":"ListItem","position":2,"name":"Logistik \u2013 Inspiration f\u00fcr die Zukunft"}]},{"@type":"WebSite","@id":"https:\/\/news.save.ch\/de\/#website","url":"https:\/\/news.save.ch\/de\/","name":"Save","description":"Schweizer Fachzeitschrift f\u00fcr Sicherheit","publisher":{"@id":"https:\/\/news.save.ch\/de\/#organization"},"potentialAction":[{"@type":"SearchAction","target":{"@type":"EntryPoint","urlTemplate":"https:\/\/news.save.ch\/de\/?s={search_term_string}"},"query-input":{"@type":"PropertyValueSpecification","valueRequired":true,"valueName":"search_term_string"}}],"inLanguage":"de"},{"@type":"Organization","@id":"https:\/\/news.save.ch\/de\/#organization","name":"Sicherheitsforum","url":"https:\/\/news.save.ch\/de\/","logo":{"@type":"ImageObject","inLanguage":"de","@id":"https:\/\/news.save.ch\/de\/#\/schema\/logo\/image\/","url":"https:\/\/news.save.ch\/wp-content\/uploads\/2022\/06\/Logo_SF_2012.png","contentUrl":"https:\/\/news.save.ch\/wp-content\/uploads\/2022\/06\/Logo_SF_2012.png","width":1100,"height":91,"caption":"Sicherheitsforum"},"image":{"@id":"https:\/\/news.save.ch\/de\/#\/schema\/logo\/image\/"}},{"@type":"Person","@id":"https:\/\/news.save.ch\/de\/#\/schema\/person\/d5022db048e0e2b9785c50e5b24da5aa","name":"Roger Str\u00e4ssle","image":{"@type":"ImageObject","inLanguage":"de","@id":"https:\/\/secure.gravatar.com\/avatar\/862a5569d087de48e5856e32f45d719a03804c891d6deb8d4f71a660e79e4a47?s=96&d=mm&r=g","url":"https:\/\/secure.gravatar.com\/avatar\/862a5569d087de48e5856e32f45d719a03804c891d6deb8d4f71a660e79e4a47?s=96&d=mm&r=g","contentUrl":"https:\/\/secure.gravatar.com\/avatar\/862a5569d087de48e5856e32f45d719a03804c891d6deb8d4f71a660e79e4a47?s=96&d=mm&r=g","caption":"Roger Str\u00e4ssle"},"url":"https:\/\/news.save.ch\/de\/author\/roger-straessle\/"}]}},"_links":{"self":[{"href":"https:\/\/news.save.ch\/de\/wp-json\/wp\/v2\/posts\/7608","targetHints":{"allow":["GET"]}}],"collection":[{"href":"https:\/\/news.save.ch\/de\/wp-json\/wp\/v2\/posts"}],"about":[{"href":"https:\/\/news.save.ch\/de\/wp-json\/wp\/v2\/types\/post"}],"author":[{"embeddable":true,"href":"https:\/\/news.save.ch\/de\/wp-json\/wp\/v2\/users\/8"}],"replies":[{"embeddable":true,"href":"https:\/\/news.save.ch\/de\/wp-json\/wp\/v2\/comments?post=7608"}],"version-history":[{"count":0,"href":"https:\/\/news.save.ch\/de\/wp-json\/wp\/v2\/posts\/7608\/revisions"}],"wp:featuredmedia":[{"embeddable":true,"href":"https:\/\/news.save.ch\/de\/wp-json\/wp\/v2\/media\/7609"}],"wp:attachment":[{"href":"https:\/\/news.save.ch\/de\/wp-json\/wp\/v2\/media?parent=7608"}],"wp:term":[{"taxonomy":"category","embeddable":true,"href":"https:\/\/news.save.ch\/de\/wp-json\/wp\/v2\/categories?post=7608"},{"taxonomy":"post_tag","embeddable":true,"href":"https:\/\/news.save.ch\/de\/wp-json\/wp\/v2\/tags?post=7608"}],"curies":[{"name":"wp","href":"https:\/\/api.w.org\/{rel}","templated":true}]}}