{"id":7633,"date":"2019-02-18T13:05:19","date_gmt":"2019-02-18T12:05:19","guid":{"rendered":"https:\/\/news.save.ch\/?p=7633"},"modified":"2019-02-18T13:05:19","modified_gmt":"2019-02-18T12:05:19","slug":"matthias-rebellius-wird-neuer-ceo-bei-siemens-schweiz","status":null,"type":"post","link":"https:\/\/news.save.ch\/de\/matthias-rebellius-wird-neuer-ceo-bei-siemens-schweiz\/","title":{"rendered":"Matthias Rebellius wird neuer CEO von Siemens Schweiz"},"content":{"rendered":"<figure id=\"attachment_7634\" aria-describedby=\"caption-attachment-7634\" style=\"width: 344px\" class=\"wp-caption alignleft\"><img loading=\"lazy\" decoding=\"async\" class=\"wp-image-7634 \" src=\"https:\/\/news.save.ch\/wp-content\/uploads\/2019\/02\/1505.jpg\" alt=\"Matthias Rebellius\" width=\"344\" height=\"419\" \/><figcaption id=\"caption-attachment-7634\" class=\"wp-caption-text\">\u00a9 Siemens<\/figcaption><\/figure>\n<p>Matthias Rebellius ist nebst CEO der Regionalgesellschaft Siemens Schweiz gleichzeitig auch Chief Operating Officer (COO) von Smart Infrastructure (SI), der neuen Operating Company des Unternehmens. Ab April 2019 werden vom globalen SI-Headquarter in Zug die weltweit 70 000 Mitarbeitenden gef\u00fchrt, die in den Bereichen Geb\u00e4udetechnik und Energieverteilung t\u00e4tig sind, wie das Unternehmen mitteilt.<\/p>\n<p><strong>Vier Jahre Divison Building Technologies geleitet<\/strong><\/p>\n<p>\u00abSiemens ist bereits seit 125 Jahren in der Schweiz aktiv\u00bb, sagt Matthias Rebellius. \u00abDank unseres breiten Portfolios und unserem Know-how bei der Digitalisierung werden wir hier auch in den kommenden Jahrzehnten eine pr\u00e4gende Rolle spielen. Zudem ist die Tatsache, dass wir die weltweiten Gesch\u00e4fte von Smart Infrastructure von Zug aus f\u00fchren, nat\u00fcrlich sehr positiv f\u00fcr unser Land.\u00bb<\/p>\n<p>Rebellius leitete in den vergangenen vier Jahren die global t\u00e4tige Siemens-Division Building Technologies (BT). Unter seiner F\u00fchrung haben sich die Geb\u00e4udetechnik-Aktivit\u00e4ten zu einem der wichtigsten Ergebnistr\u00e4ger der Siemens AG entwickelt, wie es heisst. Der gelernte Diplom-Ingenieur arbeitete schon vorher fast zehn Jahre in der Schweiz. Anschliessend war Rebellius von 2012 bis 2015 in den USA t\u00e4tig und f\u00fcr die BT-Gesch\u00e4fte in der gesamten Region Amerika verantwortlich.<\/p>\n<p><em>Quelle: Siemens<\/em><\/p>\n","protected":false},"excerpt":{"rendered":"<p>Matthias Rebellius ist nebst CEO der Regionalgesellschaft Siemens Schweiz gleichzeitig auch Chief Operating Officer (COO) von Smart Infrastructure (SI), der neuen Operating Company des Unternehmens. Ab April 2019 werden vom globalen SI-Headquarter in Zug die weltweit 70 000 Mitarbeitenden gef\u00fchrt, die in den Bereichen Geb\u00e4udetechnik und Energieverteilung t\u00e4tig sind, wie das Unternehmen mitteilt. Vier Jahre [&hellip;]<\/p>\n","protected":false},"author":8,"featured_media":7634,"comment_status":"open","ping_status":"open","sticky":false,"template":"","format":"standard","meta":{"_acf_changed":false,"pgc_sgb_lightbox_settings":"","footnotes":""},"categories":[1],"tags":[65],"class_list":["post-7633","post","type-post","status-publish","format-standard","has-post-thumbnail","hentry","category-allgemein","tag-unternehmen"],"acf":[],"hkrextid":null,"publication":null,"issue":null,"workflow":null,"startPage":null,"spitzmarke":null,"_posts_by_tag_page_fields":{"widget_title":"","widget_tags":""},"_at_widget":"1","_yoast_wpseo_primary_category":"1","_yoast_wpseo_focuskw_text_input":"Matthias Rebellius","_yoast_wpseo_opengraph-image":null,"_yoast_wpseo_opengraph-description":null,"_yoast_wpseo_opengraph-title":null,"enclosure":null,"_yoast_wpseo_twitter-title":null,"_yoast_wpseo_twitter-description":null,"_yoast_wpseo_twitter-image":null,"_wp_old_slug":null,"_yoast_wpseo_title":null,"_yoast_wpseo_canonical":null,"yoast_head":"<!-- This site is optimized with the Yoast SEO plugin v27.5 - https:\/\/yoast.com\/product\/yoast-seo-wordpress\/ -->\n<title>Matthias Rebellius wird neuer CEO von Siemens Schweiz - Save<\/title>\n<meta name=\"description\" content=\"Der Vorstand der Siemens AG hat Matthias Rebellius (54) zum neuen CEO der Siemens Schweiz ernannt. Er tritt die Nachfolge von Siegfried Gerlach an.\" \/>\n<meta name=\"robots\" content=\"index, follow, max-snippet:-1, max-image-preview:large, max-video-preview:-1\" \/>\n<link rel=\"canonical\" href=\"https:\/\/news.save.ch\/de\/matthias-rebellius-wird-neuer-ceo-bei-siemens-schweiz\/\" \/>\n<meta property=\"og:locale\" content=\"de_DE\" \/>\n<meta property=\"og:type\" content=\"article\" \/>\n<meta property=\"og:title\" content=\"Matthias Rebellius wird neuer CEO von Siemens Schweiz - Save\" \/>\n<meta property=\"og:description\" content=\"Der Vorstand der Siemens AG hat Matthias Rebellius (54) zum neuen CEO der Siemens Schweiz ernannt. Er tritt die Nachfolge von Siegfried Gerlach an.\" \/>\n<meta property=\"og:url\" content=\"https:\/\/news.save.ch\/de\/matthias-rebellius-wird-neuer-ceo-bei-siemens-schweiz\/\" \/>\n<meta property=\"og:site_name\" content=\"Save\" \/>\n<meta property=\"article:published_time\" content=\"2019-02-18T12:05:19+00:00\" \/>\n<meta property=\"og:image\" content=\"https:\/\/news.save.ch\/wp-content\/uploads\/2019\/02\/1505-scaled.jpg\" \/>\n\t<meta property=\"og:image:width\" content=\"1148\" \/>\n\t<meta property=\"og:image:height\" content=\"1400\" \/>\n\t<meta property=\"og:image:type\" content=\"image\/jpeg\" \/>\n<meta name=\"author\" content=\"Roger Str\u00e4ssle\" \/>\n<meta name=\"twitter:card\" content=\"summary_large_image\" \/>\n<meta name=\"twitter:label1\" content=\"Geschrieben von\" \/>\n\t<meta name=\"twitter:data1\" content=\"Roger Str\u00e4ssle\" \/>\n\t<meta name=\"twitter:label2\" content=\"Gesch\u00e4tzte Lesezeit\" \/>\n\t<meta name=\"twitter:data2\" content=\"1\u00a0Minute\" \/>\n<script type=\"application\/ld+json\" class=\"yoast-schema-graph\">{\"@context\":\"https:\\\/\\\/schema.org\",\"@graph\":[{\"@type\":\"Article\",\"@id\":\"https:\\\/\\\/news.save.ch\\\/matthias-rebellius-wird-neuer-ceo-bei-siemens-schweiz\\\/#article\",\"isPartOf\":{\"@id\":\"https:\\\/\\\/news.save.ch\\\/matthias-rebellius-wird-neuer-ceo-bei-siemens-schweiz\\\/\"},\"author\":{\"name\":\"Roger Str\u00e4ssle\",\"@id\":\"https:\\\/\\\/news.save.ch\\\/de\\\/#\\\/schema\\\/person\\\/d5022db048e0e2b9785c50e5b24da5aa\"},\"headline\":\"Matthias Rebellius wird neuer CEO von Siemens Schweiz\",\"datePublished\":\"2019-02-18T12:05:19+00:00\",\"mainEntityOfPage\":{\"@id\":\"https:\\\/\\\/news.save.ch\\\/matthias-rebellius-wird-neuer-ceo-bei-siemens-schweiz\\\/\"},\"wordCount\":210,\"commentCount\":0,\"publisher\":{\"@id\":\"https:\\\/\\\/news.save.ch\\\/de\\\/#organization\"},\"image\":{\"@id\":\"https:\\\/\\\/news.save.ch\\\/matthias-rebellius-wird-neuer-ceo-bei-siemens-schweiz\\\/#primaryimage\"},\"thumbnailUrl\":\"https:\\\/\\\/news.save.ch\\\/wp-content\\\/uploads\\\/2019\\\/02\\\/1505-scaled.jpg\",\"keywords\":[\"Unternehmen\"],\"articleSection\":[\"ALLGEMEIN\"],\"inLanguage\":\"de\"},{\"@type\":\"WebPage\",\"@id\":\"https:\\\/\\\/news.save.ch\\\/matthias-rebellius-wird-neuer-ceo-bei-siemens-schweiz\\\/\",\"url\":\"https:\\\/\\\/news.save.ch\\\/matthias-rebellius-wird-neuer-ceo-bei-siemens-schweiz\\\/\",\"name\":\"Matthias Rebellius wird neuer CEO von Siemens Schweiz - Save\",\"isPartOf\":{\"@id\":\"https:\\\/\\\/news.save.ch\\\/de\\\/#website\"},\"primaryImageOfPage\":{\"@id\":\"https:\\\/\\\/news.save.ch\\\/matthias-rebellius-wird-neuer-ceo-bei-siemens-schweiz\\\/#primaryimage\"},\"image\":{\"@id\":\"https:\\\/\\\/news.save.ch\\\/matthias-rebellius-wird-neuer-ceo-bei-siemens-schweiz\\\/#primaryimage\"},\"thumbnailUrl\":\"https:\\\/\\\/news.save.ch\\\/wp-content\\\/uploads\\\/2019\\\/02\\\/1505-scaled.jpg\",\"datePublished\":\"2019-02-18T12:05:19+00:00\",\"description\":\"Der Vorstand der Siemens AG hat Matthias Rebellius (54) zum neuen CEO der Siemens Schweiz ernannt. Er tritt die Nachfolge von Siegfried Gerlach an.\",\"breadcrumb\":{\"@id\":\"https:\\\/\\\/news.save.ch\\\/matthias-rebellius-wird-neuer-ceo-bei-siemens-schweiz\\\/#breadcrumb\"},\"inLanguage\":\"de\",\"potentialAction\":[{\"@type\":\"ReadAction\",\"target\":[\"https:\\\/\\\/news.save.ch\\\/matthias-rebellius-wird-neuer-ceo-bei-siemens-schweiz\\\/\"]}]},{\"@type\":\"ImageObject\",\"inLanguage\":\"de\",\"@id\":\"https:\\\/\\\/news.save.ch\\\/matthias-rebellius-wird-neuer-ceo-bei-siemens-schweiz\\\/#primaryimage\",\"url\":\"https:\\\/\\\/news.save.ch\\\/wp-content\\\/uploads\\\/2019\\\/02\\\/1505-scaled.jpg\",\"contentUrl\":\"https:\\\/\\\/news.save.ch\\\/wp-content\\\/uploads\\\/2019\\\/02\\\/1505-scaled.jpg\",\"width\":1148,\"height\":1400,\"caption\":\"\u00a9 Siemens\"},{\"@type\":\"BreadcrumbList\",\"@id\":\"https:\\\/\\\/news.save.ch\\\/matthias-rebellius-wird-neuer-ceo-bei-siemens-schweiz\\\/#breadcrumb\",\"itemListElement\":[{\"@type\":\"ListItem\",\"position\":1,\"name\":\"Home\",\"item\":\"https:\\\/\\\/news.save.ch\\\/de\\\/\"},{\"@type\":\"ListItem\",\"position\":2,\"name\":\"Matthias Rebellius wird neuer CEO von Siemens Schweiz\"}]},{\"@type\":\"WebSite\",\"@id\":\"https:\\\/\\\/news.save.ch\\\/de\\\/#website\",\"url\":\"https:\\\/\\\/news.save.ch\\\/de\\\/\",\"name\":\"Save\",\"description\":\"Schweizer Fachzeitschrift f\u00fcr Sicherheit\",\"publisher\":{\"@id\":\"https:\\\/\\\/news.save.ch\\\/de\\\/#organization\"},\"potentialAction\":[{\"@type\":\"SearchAction\",\"target\":{\"@type\":\"EntryPoint\",\"urlTemplate\":\"https:\\\/\\\/news.save.ch\\\/de\\\/?s={search_term_string}\"},\"query-input\":{\"@type\":\"PropertyValueSpecification\",\"valueRequired\":true,\"valueName\":\"search_term_string\"}}],\"inLanguage\":\"de\"},{\"@type\":\"Organization\",\"@id\":\"https:\\\/\\\/news.save.ch\\\/de\\\/#organization\",\"name\":\"Sicherheitsforum\",\"url\":\"https:\\\/\\\/news.save.ch\\\/de\\\/\",\"logo\":{\"@type\":\"ImageObject\",\"inLanguage\":\"de\",\"@id\":\"https:\\\/\\\/news.save.ch\\\/de\\\/#\\\/schema\\\/logo\\\/image\\\/\",\"url\":\"https:\\\/\\\/news.save.ch\\\/wp-content\\\/uploads\\\/2022\\\/06\\\/Logo_SF_2012.png\",\"contentUrl\":\"https:\\\/\\\/news.save.ch\\\/wp-content\\\/uploads\\\/2022\\\/06\\\/Logo_SF_2012.png\",\"width\":1100,\"height\":91,\"caption\":\"Sicherheitsforum\"},\"image\":{\"@id\":\"https:\\\/\\\/news.save.ch\\\/de\\\/#\\\/schema\\\/logo\\\/image\\\/\"}},{\"@type\":\"Person\",\"@id\":\"https:\\\/\\\/news.save.ch\\\/de\\\/#\\\/schema\\\/person\\\/d5022db048e0e2b9785c50e5b24da5aa\",\"name\":\"Roger Str\u00e4ssle\",\"image\":{\"@type\":\"ImageObject\",\"inLanguage\":\"de\",\"@id\":\"https:\\\/\\\/secure.gravatar.com\\\/avatar\\\/862a5569d087de48e5856e32f45d719a03804c891d6deb8d4f71a660e79e4a47?s=96&d=mm&r=g\",\"url\":\"https:\\\/\\\/secure.gravatar.com\\\/avatar\\\/862a5569d087de48e5856e32f45d719a03804c891d6deb8d4f71a660e79e4a47?s=96&d=mm&r=g\",\"contentUrl\":\"https:\\\/\\\/secure.gravatar.com\\\/avatar\\\/862a5569d087de48e5856e32f45d719a03804c891d6deb8d4f71a660e79e4a47?s=96&d=mm&r=g\",\"caption\":\"Roger Str\u00e4ssle\"},\"url\":\"https:\\\/\\\/news.save.ch\\\/de\\\/author\\\/roger-straessle\\\/\"}]}<\/script>\n<!-- \/ Yoast SEO plugin. -->","yoast_head_json":{"title":"Matthias Rebellius wird neuer CEO von Siemens Schweiz - Save","description":"Der Vorstand der Siemens AG hat Matthias Rebellius (54) zum neuen CEO der Siemens Schweiz ernannt. Er tritt die Nachfolge von Siegfried Gerlach an.","robots":{"index":"index","follow":"follow","max-snippet":"max-snippet:-1","max-image-preview":"max-image-preview:large","max-video-preview":"max-video-preview:-1"},"canonical":"https:\/\/news.save.ch\/de\/matthias-rebellius-wird-neuer-ceo-bei-siemens-schweiz\/","og_locale":"de_DE","og_type":"article","og_title":"Matthias Rebellius wird neuer CEO von Siemens Schweiz - Save","og_description":"Der Vorstand der Siemens AG hat Matthias Rebellius (54) zum neuen CEO der Siemens Schweiz ernannt. Er tritt die Nachfolge von Siegfried Gerlach an.","og_url":"https:\/\/news.save.ch\/de\/matthias-rebellius-wird-neuer-ceo-bei-siemens-schweiz\/","og_site_name":"Save","article_published_time":"2019-02-18T12:05:19+00:00","og_image":[{"width":1148,"height":1400,"url":"https:\/\/news.save.ch\/wp-content\/uploads\/2019\/02\/1505-scaled.jpg","type":"image\/jpeg"}],"author":"Roger Str\u00e4ssle","twitter_card":"summary_large_image","twitter_misc":{"Geschrieben von":"Roger Str\u00e4ssle","Gesch\u00e4tzte Lesezeit":"1\u00a0Minute"},"schema":{"@context":"https:\/\/schema.org","@graph":[{"@type":"Article","@id":"https:\/\/news.save.ch\/matthias-rebellius-wird-neuer-ceo-bei-siemens-schweiz\/#article","isPartOf":{"@id":"https:\/\/news.save.ch\/matthias-rebellius-wird-neuer-ceo-bei-siemens-schweiz\/"},"author":{"name":"Roger Str\u00e4ssle","@id":"https:\/\/news.save.ch\/de\/#\/schema\/person\/d5022db048e0e2b9785c50e5b24da5aa"},"headline":"Matthias Rebellius wird neuer CEO von Siemens Schweiz","datePublished":"2019-02-18T12:05:19+00:00","mainEntityOfPage":{"@id":"https:\/\/news.save.ch\/matthias-rebellius-wird-neuer-ceo-bei-siemens-schweiz\/"},"wordCount":210,"commentCount":0,"publisher":{"@id":"https:\/\/news.save.ch\/de\/#organization"},"image":{"@id":"https:\/\/news.save.ch\/matthias-rebellius-wird-neuer-ceo-bei-siemens-schweiz\/#primaryimage"},"thumbnailUrl":"https:\/\/news.save.ch\/wp-content\/uploads\/2019\/02\/1505-scaled.jpg","keywords":["Unternehmen"],"articleSection":["ALLGEMEIN"],"inLanguage":"de"},{"@type":"WebPage","@id":"https:\/\/news.save.ch\/matthias-rebellius-wird-neuer-ceo-bei-siemens-schweiz\/","url":"https:\/\/news.save.ch\/matthias-rebellius-wird-neuer-ceo-bei-siemens-schweiz\/","name":"Matthias Rebellius wird neuer CEO von Siemens Schweiz - Save","isPartOf":{"@id":"https:\/\/news.save.ch\/de\/#website"},"primaryImageOfPage":{"@id":"https:\/\/news.save.ch\/matthias-rebellius-wird-neuer-ceo-bei-siemens-schweiz\/#primaryimage"},"image":{"@id":"https:\/\/news.save.ch\/matthias-rebellius-wird-neuer-ceo-bei-siemens-schweiz\/#primaryimage"},"thumbnailUrl":"https:\/\/news.save.ch\/wp-content\/uploads\/2019\/02\/1505-scaled.jpg","datePublished":"2019-02-18T12:05:19+00:00","description":"Der Vorstand der Siemens AG hat Matthias Rebellius (54) zum neuen CEO der Siemens Schweiz ernannt. Er tritt die Nachfolge von Siegfried Gerlach an.","breadcrumb":{"@id":"https:\/\/news.save.ch\/matthias-rebellius-wird-neuer-ceo-bei-siemens-schweiz\/#breadcrumb"},"inLanguage":"de","potentialAction":[{"@type":"ReadAction","target":["https:\/\/news.save.ch\/matthias-rebellius-wird-neuer-ceo-bei-siemens-schweiz\/"]}]},{"@type":"ImageObject","inLanguage":"de","@id":"https:\/\/news.save.ch\/matthias-rebellius-wird-neuer-ceo-bei-siemens-schweiz\/#primaryimage","url":"https:\/\/news.save.ch\/wp-content\/uploads\/2019\/02\/1505-scaled.jpg","contentUrl":"https:\/\/news.save.ch\/wp-content\/uploads\/2019\/02\/1505-scaled.jpg","width":1148,"height":1400,"caption":"\u00a9 Siemens"},{"@type":"BreadcrumbList","@id":"https:\/\/news.save.ch\/matthias-rebellius-wird-neuer-ceo-bei-siemens-schweiz\/#breadcrumb","itemListElement":[{"@type":"ListItem","position":1,"name":"Home","item":"https:\/\/news.save.ch\/de\/"},{"@type":"ListItem","position":2,"name":"Matthias Rebellius wird neuer CEO von Siemens Schweiz"}]},{"@type":"WebSite","@id":"https:\/\/news.save.ch\/de\/#website","url":"https:\/\/news.save.ch\/de\/","name":"Save","description":"Schweizer Fachzeitschrift f\u00fcr Sicherheit","publisher":{"@id":"https:\/\/news.save.ch\/de\/#organization"},"potentialAction":[{"@type":"SearchAction","target":{"@type":"EntryPoint","urlTemplate":"https:\/\/news.save.ch\/de\/?s={search_term_string}"},"query-input":{"@type":"PropertyValueSpecification","valueRequired":true,"valueName":"search_term_string"}}],"inLanguage":"de"},{"@type":"Organization","@id":"https:\/\/news.save.ch\/de\/#organization","name":"Sicherheitsforum","url":"https:\/\/news.save.ch\/de\/","logo":{"@type":"ImageObject","inLanguage":"de","@id":"https:\/\/news.save.ch\/de\/#\/schema\/logo\/image\/","url":"https:\/\/news.save.ch\/wp-content\/uploads\/2022\/06\/Logo_SF_2012.png","contentUrl":"https:\/\/news.save.ch\/wp-content\/uploads\/2022\/06\/Logo_SF_2012.png","width":1100,"height":91,"caption":"Sicherheitsforum"},"image":{"@id":"https:\/\/news.save.ch\/de\/#\/schema\/logo\/image\/"}},{"@type":"Person","@id":"https:\/\/news.save.ch\/de\/#\/schema\/person\/d5022db048e0e2b9785c50e5b24da5aa","name":"Roger Str\u00e4ssle","image":{"@type":"ImageObject","inLanguage":"de","@id":"https:\/\/secure.gravatar.com\/avatar\/862a5569d087de48e5856e32f45d719a03804c891d6deb8d4f71a660e79e4a47?s=96&d=mm&r=g","url":"https:\/\/secure.gravatar.com\/avatar\/862a5569d087de48e5856e32f45d719a03804c891d6deb8d4f71a660e79e4a47?s=96&d=mm&r=g","contentUrl":"https:\/\/secure.gravatar.com\/avatar\/862a5569d087de48e5856e32f45d719a03804c891d6deb8d4f71a660e79e4a47?s=96&d=mm&r=g","caption":"Roger Str\u00e4ssle"},"url":"https:\/\/news.save.ch\/de\/author\/roger-straessle\/"}]}},"_links":{"self":[{"href":"https:\/\/news.save.ch\/de\/wp-json\/wp\/v2\/posts\/7633","targetHints":{"allow":["GET"]}}],"collection":[{"href":"https:\/\/news.save.ch\/de\/wp-json\/wp\/v2\/posts"}],"about":[{"href":"https:\/\/news.save.ch\/de\/wp-json\/wp\/v2\/types\/post"}],"author":[{"embeddable":true,"href":"https:\/\/news.save.ch\/de\/wp-json\/wp\/v2\/users\/8"}],"replies":[{"embeddable":true,"href":"https:\/\/news.save.ch\/de\/wp-json\/wp\/v2\/comments?post=7633"}],"version-history":[{"count":0,"href":"https:\/\/news.save.ch\/de\/wp-json\/wp\/v2\/posts\/7633\/revisions"}],"wp:featuredmedia":[{"embeddable":true,"href":"https:\/\/news.save.ch\/de\/wp-json\/wp\/v2\/media\/7634"}],"wp:attachment":[{"href":"https:\/\/news.save.ch\/de\/wp-json\/wp\/v2\/media?parent=7633"}],"wp:term":[{"taxonomy":"category","embeddable":true,"href":"https:\/\/news.save.ch\/de\/wp-json\/wp\/v2\/categories?post=7633"},{"taxonomy":"post_tag","embeddable":true,"href":"https:\/\/news.save.ch\/de\/wp-json\/wp\/v2\/tags?post=7633"}],"curies":[{"name":"wp","href":"https:\/\/api.w.org\/{rel}","templated":true}]}}